{"id":1000,"date":"2022-05-09T09:10:06","date_gmt":"2022-05-09T12:10:06","guid":{"rendered":"https:\/\/desenvolvimento.bravo.st\/univatesblog\/?p=1000"},"modified":"2023-12-20T14:05:06","modified_gmt":"2023-12-20T17:05:06","slug":"o-que-um-analista-de-dados-faz","status":"publish","type":"post","link":"https:\/\/www.univates.br\/blog\/o-que-um-analista-de-dados-faz\/","title":{"rendered":"O que um analista de dados faz?"},"content":{"rendered":"\n<p>N\u00e3o \u00e9 novidade que cada vez t\u00eam sido gerados mais&nbsp;<strong>dados<\/strong>, seja pelo celular que voc\u00ea usa, pelas transa\u00e7\u00f5es eletr\u00f4nicas que a&nbsp;<strong>empresa<\/strong>&nbsp;na qual voc\u00ea trabalha faz ou pelo computador que a sua m\u00e3e acessa as redes sociais.&nbsp;O que \u00e9 novidade \u00e9 a&nbsp;<strong>carreira de analista de dados<\/strong>, uma das \u00e1reas que mais tem crescido em&nbsp;<strong>oportunidades profissionais<\/strong>&nbsp;e pode ser uma \u00f3tima&nbsp;<strong>oportunidade<\/strong>&nbsp;para voc\u00ea.<\/p>\n\n\n\n<p>Isso porque as&nbsp;<strong>empresas<\/strong>&nbsp;precisam de&nbsp;<strong>profissionais<\/strong>&nbsp;que, al\u00e9m de reunirem informa\u00e7\u00f5es, tenham a&nbsp;<strong>capacidade de interpretar<\/strong>&nbsp;o que elas apontam. Conforme Augusto Fleck, CTO da&nbsp;<em>BIMachine<\/em>, as&nbsp;<strong>carreiras de analista e cientista de dados<\/strong>&nbsp;n\u00e3o s\u00e3o&nbsp;<strong>profiss\u00f5es<\/strong>&nbsp;novas, mas ganharam evid\u00eancia nos \u00faltimos anos com a necessidade de as&nbsp;<strong>empresas<\/strong>&nbsp;darem um salto de&nbsp;<strong>profissionaliza\u00e7\u00e3o<\/strong>&nbsp;bastante grande.<\/p>\n\n\n\n<p>\u201cNeg\u00f3cios eram geridos pelo\u00a0<em>feeling<\/em>\u00a0(percep\u00e7\u00e3o) dos gestores e pela experi\u00eancia de\u00a0<strong>mercado<\/strong>. Como a mudan\u00e7a de\u00a0<strong>mercado<\/strong>\u00a0era mais lenta eles tinham um outro contexto e essa capacidade, por\u00e9m o tempo de mudan\u00e7a foi encurtando, ent\u00e3o o que \u00e9 tend\u00eancia de\u00a0<strong>mercado<\/strong>\u00a0muda muito r\u00e1pido e o\u00a0<em>feeling<\/em>\u00a0n\u00e3o acompanha mais. Al\u00e9m disso, a concorr\u00eancia aumentou de forma mundial e eu\u00a0<strong>preciso otimizar minha produ\u00e7\u00e3o<\/strong>,\u00a0<strong>preciso entender onde t\u00e1 meu custo<\/strong>,\u00a0<strong>minha venda<\/strong>\u2026 A gest\u00e3o por\u00a0<em>feeling<\/em>\u00a0n\u00e3o consegue mais acompanhar as mudan\u00e7as que ocorrem no\u00a0<strong>mercado<\/strong>. Precisamos ter a\u00a0<strong>capacidade de entender nossos neg\u00f3cios<\/strong>\u00a0baseados nos\u00a0<strong>dados<\/strong>\u00a0que eles geram, e assim\u00a0<strong>projetar estrat\u00e9gias<\/strong>\u00a0baseadas neles\u201d, explica.<\/p>\n\n\n\n<figure class=\"wp-block-image size-full\"><img loading=\"lazy\" decoding=\"async\" width=\"730\" height=\"437\" src=\"https:\/\/desenvolvimento.bravo.st\/univatesblog\/wp-content\/uploads\/2022\/05\/1557750340.7842_300_300-1.jpg\" alt=\"\" class=\"wp-image-2067\" srcset=\"https:\/\/www.univates.br\/blog\/wp-content\/uploads\/2022\/05\/1557750340.7842_300_300-1.jpg 730w, https:\/\/www.univates.br\/blog\/wp-content\/uploads\/2022\/05\/1557750340.7842_300_300-1-600x359.jpg 600w, https:\/\/www.univates.br\/blog\/wp-content\/uploads\/2022\/05\/1557750340.7842_300_300-1-150x90.jpg 150w\" sizes=\"auto, (max-width: 730px) 100vw, 730px\" \/><figcaption>Foto: Divulga\u00e7\u00e3o<\/figcaption><\/figure>\n\n\n\n<p>Assim, a&nbsp;<strong>tomada de decis\u00f5es<\/strong>&nbsp;se torna mais assertiva, pois ela \u00e9 embasada em&nbsp;<strong>dados<\/strong>&nbsp;e n\u00e3o na intui\u00e7\u00e3o. Por exemplo, se uma&nbsp;<strong>empresa<\/strong>&nbsp;quer lan\u00e7ar um servi\u00e7o novo, mas n\u00e3o sabe em qual dia da semana h\u00e1 mais procura por esse servi\u00e7o, os&nbsp;<strong>dados<\/strong>&nbsp;podem ser aliados nessa&nbsp;<strong>decis\u00e3o<\/strong>. Fleck acrescenta que \u00e9 poss\u00edvel dizer que todos os segmentos usam&nbsp;<strong>dados<\/strong>: a ind\u00fastria, o setor de varejo e o de servi\u00e7os. \u201cEscrit\u00f3rios de advocacia analisam&nbsp;<strong>dados<\/strong>&nbsp;processuais, por exemplo. Na ind\u00fastria o uso de&nbsp;<strong>dados<\/strong>&nbsp;\u00e9 mais evidente, porque o&nbsp;<strong>mercado<\/strong>&nbsp;\u00e9 muito competitivo e tem muitos processos, mas n\u00e3o d\u00e1 pra se dizer que existe um segmento que n\u00e3o precise se utilizar dessas informa\u00e7\u00f5es\u201d, afirma.<\/p>\n\n\n\n<p>Fleck tamb\u00e9m entende que hoje qualquer pessoa que tenha um neg\u00f3cio precisa entender a necessidade de&nbsp;<strong>decis\u00f5es baseadas em&nbsp;dados<\/strong>.<\/p>\n\n\n\n<blockquote class=\"wp-block-quote is-layout-flow wp-block-quote-is-layout-flow\"><p>&#8220;Tamb\u00e9m \u00e9 muito importante ter em mente que o volume de dados aumentou de forma exponencial e uma pessoa s\u00f3 consegue entender esses dados com pessoas e ferramentas treinadas para isso&#8221; (Augusto Fleck, CTO da BIMachine).<\/p><\/blockquote>\n\n\n\n<div class=\"wp-block-media-text alignwide is-stacked-on-mobile\"><figure class=\"wp-block-media-text__media\"><img loading=\"lazy\" decoding=\"async\" width=\"291\" height=\"194\" src=\"https:\/\/desenvolvimento.bravo.st\/univatesblog\/wp-content\/uploads\/2022\/05\/1557750341.4461_300_300.jpg\" alt=\"\" class=\"wp-image-1001 size-full\" srcset=\"https:\/\/www.univates.br\/blog\/wp-content\/uploads\/2022\/05\/1557750341.4461_300_300.jpg 291w, https:\/\/www.univates.br\/blog\/wp-content\/uploads\/2022\/05\/1557750341.4461_300_300-150x100.jpg 150w\" sizes=\"auto, (max-width: 291px) 100vw, 291px\" \/><\/figure><div class=\"wp-block-media-text__content\">\n<p>O\u00a0<strong>analista de sistemas<\/strong>\u00a0Rafael de Oliveira acrescenta ainda que uma organiza\u00e7\u00e3o que se valha da\u00a0<strong>an\u00e1lise de dados<\/strong>\u00a0tem\u00a0<strong>vantagem competitiva<\/strong>\u00a0sobre seus concorrentes, j\u00e1 que permite a\u00a0<strong>tomada de decis\u00f5es<\/strong>\u00a0mais certeiras. \u00c9 a\u00ed que entra o\u00a0<strong>analista<\/strong>\u00a0<strong>e o<\/strong>\u00a0<strong>cientista de dados<\/strong>!<\/p>\n\n\n\n<p><em>(Foto: Nicol\u00e9 Mor\u00e1s)<\/em><\/p>\n<\/div><\/div>\n\n\n\n<p>As&nbsp;<strong>vagas<\/strong>&nbsp;de&nbsp;<strong>analista de dados<\/strong>&nbsp;podem ser ocupadas por pessoas com as mais diversas forma\u00e7\u00f5es, por\u00e9m existe uma afinidade nata de&nbsp;<strong>profissionais<\/strong>&nbsp;da \u00e1rea de&nbsp;<strong>Tecnologia da Informa\u00e7\u00e3o (TI)<\/strong>, j\u00e1 que para trabalhar com um grande volume de&nbsp;<strong>dados<\/strong>&nbsp;\u00e9 interessante saber&nbsp;<strong>linguagem de programa\u00e7\u00e3o<\/strong>&nbsp;ou&nbsp;<strong>fun\u00e7\u00f5es avan\u00e7adas de Excel<\/strong>. \u00c9 com a&nbsp;<strong>programa\u00e7\u00e3o<\/strong>&nbsp;que um monte de&nbsp;<strong>dados<\/strong>&nbsp;desordenados podem ser reunidos segundo algum crit\u00e9rio l\u00f3gico &#8211; o que faz com que eles fa\u00e7am sentido. Fleck explica que a \u00e1rea de&nbsp;<strong>cientista de dados<\/strong>&nbsp;vem crescendo muito e h\u00e1&nbsp;<strong>vagas<\/strong>&nbsp;para a&nbsp;<strong>contrata\u00e7\u00e3o de especialistas<\/strong>. \u201c\u00c9 uma&nbsp;<strong>profiss\u00e3o<\/strong>&nbsp;bastante afunilada ainda ao&nbsp;<strong>profissional<\/strong>&nbsp;que \u00e9 das \u00e1reas de&nbsp;<strong>estat\u00edstica<\/strong>&nbsp;e de&nbsp;<strong>TI<\/strong>, que vai fazer trabalho mais avan\u00e7ado de minera\u00e7\u00e3o, pesquisa e&nbsp;<strong>estat\u00edstica<\/strong>\u201d, explica.<a href=\"https:\/\/materiais.univates.br\/e-book-saiba-qual-profissao-e-a-sua-cara\" target=\"_blank\" rel=\"noreferrer noopener\"><\/a><\/p>\n\n\n\n<p>Algumas&nbsp;<strong>linguagens de programa\u00e7\u00e3o<\/strong>, como a&nbsp;<em>Python<\/em>&nbsp;e R, s\u00e3o mais simples. Dessa forma, mesmo quem nunca pensou em&nbsp;<strong>programar<\/strong>&nbsp;pode aprender. Por isso, a&nbsp;<strong>carreira de analista de dados<\/strong>&nbsp;tamb\u00e9m se aproxima de algumas&nbsp;<strong>profiss\u00f5es<\/strong>&nbsp;da \u00e1rea da gest\u00e3o, como&nbsp;<strong>An\u00e1lise de Sistemas<\/strong>&nbsp;&#8211; uma \u00e1rea de forma\u00e7\u00e3o vinculada \u00e0 Administra\u00e7\u00e3o. Quem optar por esse curso ser\u00e1 um&nbsp;<strong>profissional<\/strong>&nbsp;que se caracteriza por administrar as organiza\u00e7\u00f5es utilizando a&nbsp;<strong>informa\u00e7\u00e3o como recurso estrat\u00e9gico<\/strong>&nbsp;na obten\u00e7\u00e3o de&nbsp;<strong>vantagem competitiva<\/strong>&nbsp;para a sua organiza\u00e7\u00e3o, com o apoio de&nbsp;<strong>tecnologias de informa\u00e7\u00e3o e de comunica\u00e7\u00e3o<\/strong>.<\/p>\n\n\n\n<h2 class=\"wp-block-heading\">No mercado<\/h2>\n\n\n\n<p>Diplomado pela&nbsp;<strong>Univates<\/strong>, Rafael de Oliveira \u00e9&nbsp;<strong>analista de comunica\u00e7\u00e3o e&nbsp;<em>marketing<\/em><\/strong>&nbsp;e sua atividade est\u00e1 diretamente relacionada com a&nbsp;<strong>an\u00e1lise de dados<\/strong>, aqui mesmo na&nbsp;<strong>Univates<\/strong>. Para ele, a&nbsp;<strong>an\u00e1lise da dados<\/strong>&nbsp;se estende para muitas \u00e1reas, mas a de&nbsp;<strong><em>marketing<\/em><\/strong>&nbsp;\u00e9 uma das que mais precisa de&nbsp;<strong>an\u00e1lise<\/strong>&nbsp;<strong>e tratamento de dados<\/strong>&nbsp;que possam gerar informa\u00e7\u00f5es de extrema import\u00e2ncia para embasar&nbsp;<strong>decis\u00f5es<\/strong>&nbsp;mais assertivas.&nbsp;\u201cA gente&nbsp;<strong>analisa<\/strong>&nbsp;tudo o que possa contribuir para&nbsp;<strong>definir a nossa estrat\u00e9gia de&nbsp;<em>marketing<\/em><\/strong>\u201d, resume.<\/p>\n\n\n\n<p>Oliveira acredita que sua&nbsp;<strong>contrata\u00e7\u00e3o<\/strong>&nbsp;se deu em fun\u00e7\u00e3o do seu&nbsp;<strong>perfil<\/strong>&nbsp;e da sua forma\u00e7\u00e3o.<\/p>\n\n\n\n<blockquote class=\"wp-block-quote is-layout-flow wp-block-quote-is-layout-flow\"><p>&#8220;Tenho um perfil de quem analisa as coisas, um senso mais cr\u00edtico para tentar buscar a ideia principal. Al\u00e9m disso, minha gradua\u00e7\u00e3o em Administra\u00e7\u00e3o com linha de forma\u00e7\u00e3o em An\u00e1lise de Sistemas me habilita para as duas \u00e1reas&#8221; (Rafael de Oliveira, analista de dados da Univates).<\/p><\/blockquote>\n\n\n\n<p>Ele tamb\u00e9m destaca a import\u00e2ncia da experi\u00eancia que teve durante sua&nbsp;<strong>trajet\u00f3ria profissional<\/strong>&nbsp;para ser&nbsp;<strong>contratado<\/strong>&nbsp;para a&nbsp;<strong>an\u00e1lise de dados<\/strong>. \u201dTive uma experi\u00eancia anterior em que realizava a&nbsp;<strong>an\u00e1lise de dados<\/strong>&nbsp;e do neg\u00f3cio do cliente para criar pain\u00e9is com as informa\u00e7\u00f5es estrat\u00e9gicas. Para isso eu precisava entender o neg\u00f3cio, entender como a&nbsp;<strong>empresa<\/strong>&nbsp;tratava a informa\u00e7\u00e3o e come\u00e7ar a gerar vis\u00f5es que eles n\u00e3o tinham anteriormente. Ent\u00e3o, com isso, a gente acaba criando uma base de conhecimento muito grande que auxilia no desempenho da fun\u00e7\u00e3o\u201d, acredita Oliveira.<\/p>\n\n\n\n<h2 class=\"wp-block-heading\">Para quem quer come\u00e7ar&#8230;<a rel=\"noreferrer noopener\" href=\"https:\/\/materiais.univates.br\/com-que-curso-eu-vou-modalidade\" target=\"_blank\"><\/a><\/h2>\n\n\n\n<figure class=\"wp-block-image size-full\"><img loading=\"lazy\" decoding=\"async\" width=\"729\" height=\"480\" src=\"https:\/\/desenvolvimento.bravo.st\/univatesblog\/wp-content\/uploads\/2022\/05\/1557750339.2463_300_300.jpg\" alt=\"\" class=\"wp-image-2069\" srcset=\"https:\/\/www.univates.br\/blog\/wp-content\/uploads\/2022\/05\/1557750339.2463_300_300.jpg 729w, https:\/\/www.univates.br\/blog\/wp-content\/uploads\/2022\/05\/1557750339.2463_300_300-600x395.jpg 600w, https:\/\/www.univates.br\/blog\/wp-content\/uploads\/2022\/05\/1557750339.2463_300_300-150x99.jpg 150w\" sizes=\"auto, (max-width: 729px) 100vw, 729px\" \/><figcaption>Foto: Divulga\u00e7\u00e3o<\/figcaption><\/figure>\n\n\n\n<div class=\"bloco-gutenberg\">\n\n    <a href=\"https:\/\/materiais.univates.br\/com-que-curso-eu-vou-modalidade\" target=\"_blank\" class=\"guten-material\" style=\"background-color: #6b00e8; \">\n                    <img decoding=\"async\" src=\"https:\/\/www.univates.br\/blog\/wp-content\/uploads\/2022\/05\/Design-sem-nome-3.png\" loading=\"lazy\">\n                <div class=\"texto\">\n                            <span>Descubra seu perfil profissional e qual curso \u00e9 perfeito pra voc\u00ea<\/span>\n                            <strong>Baixar e-book<\/strong>\n                    <\/div>\n    <\/a>\n    <\/div>\n\n\n<p>Oliveira tem algumas&nbsp;<strong>dicas<\/strong>&nbsp;para quem est\u00e1 pensando em seguir essa&nbsp;<strong>carreira<\/strong>. Confira:<\/p>\n\n\n\n<ul class=\"wp-block-list\"><li>tenha boa&nbsp;<strong>base<\/strong>&nbsp;sobre&nbsp;<strong>modelos de neg\u00f3cios<\/strong>,&nbsp;<strong>tipos e perfis de organiza\u00e7\u00f5es<\/strong>;<\/li><li>seja&nbsp;<strong>curioso<\/strong>&nbsp;&#8211; tente descobrir se h\u00e1 mais alguma coisa por tr\u00e1s daquela informa\u00e7\u00e3o, ou se ela combinada a uma outra pode trazer&nbsp;<strong>dados<\/strong>&nbsp;novos;<\/li><li>seja&nbsp;<strong>cr\u00edtico<\/strong>&nbsp;&#8211; desconfie do que os&nbsp;<strong>dados<\/strong>&nbsp;mostram num primeiro momento, analise, teste, pesquise;<\/li><li>exercite seu&nbsp;<strong>perfil anal\u00edtico<\/strong>;<\/li><li>busque&nbsp;<strong>qualifica\u00e7\u00e3o<\/strong>&nbsp;sempre, afinal a tecnologia evolui muito r\u00e1pido e a informa\u00e7\u00e3o se atualiza mais r\u00e1pido ainda.<\/li><\/ul>\n","protected":false},"excerpt":{"rendered":"<p>N\u00e3o \u00e9 novidade que cada vez t\u00eam sido gerados mais&nbsp;dados, seja pelo celular que voc\u00ea usa, pelas transa\u00e7\u00f5es eletr\u00f4nicas que a&nbsp;empresa&nbsp;na qual voc\u00ea trabalha faz ou pelo computador que a sua m\u00e3e acessa as redes sociais.&nbsp;O que \u00e9 novidade \u00e9\u2026<\/p>\n","protected":false},"author":2,"featured_media":0,"comment_status":"open","ping_status":"open","sticky":false,"template":"","format":"standard","meta":{"_acf_changed":false,"footnotes":""},"categories":[33],"class_list":["post-1000","post","type-post","status-publish","format-standard","hentry","category-carreira","autor-nicole-moras","curso-ciencia-de-dados","area-tecnologias"],"acf":[],"yoast_head":"<!-- This site is optimized with the Yoast SEO plugin v27.3 - https:\/\/yoast.com\/product\/yoast-seo-wordpress\/ -->\n<title>O que um analista de dados faz? - Univates Blog<\/title>\n<meta name=\"robots\" content=\"index, follow, max-snippet:-1, max-image-preview:large, max-video-preview:-1\" \/>\n<link rel=\"canonical\" href=\"https:\/\/www.univates.br\/blog\/o-que-um-analista-de-dados-faz\/\" \/>\n<meta property=\"og:locale\" content=\"pt_BR\" \/>\n<meta property=\"og:type\" content=\"article\" \/>\n<meta property=\"og:title\" content=\"O que um analista de dados faz? - Univates Blog\" \/>\n<meta property=\"og:description\" content=\"N\u00e3o \u00e9 novidade que cada vez t\u00eam sido gerados mais&nbsp;dados, seja pelo celular que voc\u00ea usa, pelas transa\u00e7\u00f5es eletr\u00f4nicas que a&nbsp;empresa&nbsp;na qual voc\u00ea trabalha faz ou pelo computador que a sua m\u00e3e acessa as redes sociais.&nbsp;O que \u00e9 novidade \u00e9\u2026\" \/>\n<meta property=\"og:url\" content=\"https:\/\/www.univates.br\/blog\/o-que-um-analista-de-dados-faz\/\" \/>\n<meta property=\"og:site_name\" content=\"Univates Blog\" \/>\n<meta property=\"article:published_time\" content=\"2022-05-09T12:10:06+00:00\" \/>\n<meta property=\"article:modified_time\" content=\"2023-12-20T17:05:06+00:00\" \/>\n<meta property=\"og:image\" content=\"https:\/\/desenvolvimento.bravo.st\/univatesblog\/wp-content\/uploads\/2022\/05\/1557750340.7842_300_300-1.jpg\" \/>\n<meta name=\"author\" content=\"Marketing Univates\" \/>\n<meta name=\"twitter:card\" content=\"summary_large_image\" \/>\n<meta name=\"twitter:label1\" content=\"Escrito por\" \/>\n\t<meta name=\"twitter:data1\" content=\"Marketing Univates\" \/>\n\t<meta name=\"twitter:label2\" content=\"Est. tempo de leitura\" \/>\n\t<meta name=\"twitter:data2\" content=\"6 minutos\" \/>\n<script type=\"application\/ld+json\" class=\"yoast-schema-graph\">{\"@context\":\"https:\\\/\\\/schema.org\",\"@graph\":[{\"@type\":\"Article\",\"@id\":\"https:\\\/\\\/www.univates.br\\\/blog\\\/o-que-um-analista-de-dados-faz\\\/#article\",\"isPartOf\":{\"@id\":\"https:\\\/\\\/www.univates.br\\\/blog\\\/o-que-um-analista-de-dados-faz\\\/\"},\"author\":{\"name\":\"Marketing Univates\",\"@id\":\"https:\\\/\\\/www.univates.br\\\/blog\\\/#\\\/schema\\\/person\\\/15c63917440cc5e70160c247b309af2f\"},\"headline\":\"O que um analista de dados faz?\",\"datePublished\":\"2022-05-09T12:10:06+00:00\",\"dateModified\":\"2023-12-20T17:05:06+00:00\",\"mainEntityOfPage\":{\"@id\":\"https:\\\/\\\/www.univates.br\\\/blog\\\/o-que-um-analista-de-dados-faz\\\/\"},\"wordCount\":1266,\"commentCount\":0,\"image\":{\"@id\":\"https:\\\/\\\/www.univates.br\\\/blog\\\/o-que-um-analista-de-dados-faz\\\/#primaryimage\"},\"thumbnailUrl\":\"https:\\\/\\\/desenvolvimento.bravo.st\\\/univatesblog\\\/wp-content\\\/uploads\\\/2022\\\/05\\\/1557750340.7842_300_300-1.jpg\",\"articleSection\":[\"Carreira\"],\"inLanguage\":\"pt-BR\",\"potentialAction\":[{\"@type\":\"CommentAction\",\"name\":\"Comment\",\"target\":[\"https:\\\/\\\/www.univates.br\\\/blog\\\/o-que-um-analista-de-dados-faz\\\/#respond\"]}]},{\"@type\":\"WebPage\",\"@id\":\"https:\\\/\\\/www.univates.br\\\/blog\\\/o-que-um-analista-de-dados-faz\\\/\",\"url\":\"https:\\\/\\\/www.univates.br\\\/blog\\\/o-que-um-analista-de-dados-faz\\\/\",\"name\":\"O que um analista de dados faz? - Univates Blog\",\"isPartOf\":{\"@id\":\"https:\\\/\\\/www.univates.br\\\/blog\\\/#website\"},\"primaryImageOfPage\":{\"@id\":\"https:\\\/\\\/www.univates.br\\\/blog\\\/o-que-um-analista-de-dados-faz\\\/#primaryimage\"},\"image\":{\"@id\":\"https:\\\/\\\/www.univates.br\\\/blog\\\/o-que-um-analista-de-dados-faz\\\/#primaryimage\"},\"thumbnailUrl\":\"https:\\\/\\\/desenvolvimento.bravo.st\\\/univatesblog\\\/wp-content\\\/uploads\\\/2022\\\/05\\\/1557750340.7842_300_300-1.jpg\",\"datePublished\":\"2022-05-09T12:10:06+00:00\",\"dateModified\":\"2023-12-20T17:05:06+00:00\",\"author\":{\"@id\":\"https:\\\/\\\/www.univates.br\\\/blog\\\/#\\\/schema\\\/person\\\/15c63917440cc5e70160c247b309af2f\"},\"breadcrumb\":{\"@id\":\"https:\\\/\\\/www.univates.br\\\/blog\\\/o-que-um-analista-de-dados-faz\\\/#breadcrumb\"},\"inLanguage\":\"pt-BR\",\"potentialAction\":[{\"@type\":\"ReadAction\",\"target\":[\"https:\\\/\\\/www.univates.br\\\/blog\\\/o-que-um-analista-de-dados-faz\\\/\"]}]},{\"@type\":\"ImageObject\",\"inLanguage\":\"pt-BR\",\"@id\":\"https:\\\/\\\/www.univates.br\\\/blog\\\/o-que-um-analista-de-dados-faz\\\/#primaryimage\",\"url\":\"https:\\\/\\\/desenvolvimento.bravo.st\\\/univatesblog\\\/wp-content\\\/uploads\\\/2022\\\/05\\\/1557750340.7842_300_300-1.jpg\",\"contentUrl\":\"https:\\\/\\\/desenvolvimento.bravo.st\\\/univatesblog\\\/wp-content\\\/uploads\\\/2022\\\/05\\\/1557750340.7842_300_300-1.jpg\"},{\"@type\":\"BreadcrumbList\",\"@id\":\"https:\\\/\\\/www.univates.br\\\/blog\\\/o-que-um-analista-de-dados-faz\\\/#breadcrumb\",\"itemListElement\":[{\"@type\":\"ListItem\",\"position\":1,\"name\":\"Home\",\"item\":\"https:\\\/\\\/www.univates.br\\\/blog\\\/\"},{\"@type\":\"ListItem\",\"position\":2,\"name\":\"O que um analista de dados faz?\"}]},{\"@type\":\"WebSite\",\"@id\":\"https:\\\/\\\/www.univates.br\\\/blog\\\/#website\",\"url\":\"https:\\\/\\\/www.univates.br\\\/blog\\\/\",\"name\":\"Univates Blog\",\"description\":\"\",\"potentialAction\":[{\"@type\":\"SearchAction\",\"target\":{\"@type\":\"EntryPoint\",\"urlTemplate\":\"https:\\\/\\\/www.univates.br\\\/blog\\\/?s={search_term_string}\"},\"query-input\":{\"@type\":\"PropertyValueSpecification\",\"valueRequired\":true,\"valueName\":\"search_term_string\"}}],\"inLanguage\":\"pt-BR\"},{\"@type\":\"Person\",\"@id\":\"https:\\\/\\\/www.univates.br\\\/blog\\\/#\\\/schema\\\/person\\\/15c63917440cc5e70160c247b309af2f\",\"name\":\"Marketing Univates\",\"image\":{\"@type\":\"ImageObject\",\"inLanguage\":\"pt-BR\",\"@id\":\"https:\\\/\\\/secure.gravatar.com\\\/avatar\\\/511f9e77a6a3d0cddd9074f69a722364bc7f787e73d4a0da1f727ba62704eda4?s=96&d=mm&r=g\",\"url\":\"https:\\\/\\\/secure.gravatar.com\\\/avatar\\\/511f9e77a6a3d0cddd9074f69a722364bc7f787e73d4a0da1f727ba62704eda4?s=96&d=mm&r=g\",\"contentUrl\":\"https:\\\/\\\/secure.gravatar.com\\\/avatar\\\/511f9e77a6a3d0cddd9074f69a722364bc7f787e73d4a0da1f727ba62704eda4?s=96&d=mm&r=g\",\"caption\":\"Marketing Univates\"},\"sameAs\":[\"http:\\\/\\\/univates.br\"],\"url\":\"https:\\\/\\\/www.univates.br\\\/blog\\\/author\\\/marketing\\\/\"}]}<\/script>\n<!-- \/ Yoast SEO plugin. -->","yoast_head_json":{"title":"O que um analista de dados faz? - Univates Blog","robots":{"index":"index","follow":"follow","max-snippet":"max-snippet:-1","max-image-preview":"max-image-preview:large","max-video-preview":"max-video-preview:-1"},"canonical":"https:\/\/www.univates.br\/blog\/o-que-um-analista-de-dados-faz\/","og_locale":"pt_BR","og_type":"article","og_title":"O que um analista de dados faz? - Univates Blog","og_description":"N\u00e3o \u00e9 novidade que cada vez t\u00eam sido gerados mais&nbsp;dados, seja pelo celular que voc\u00ea usa, pelas transa\u00e7\u00f5es eletr\u00f4nicas que a&nbsp;empresa&nbsp;na qual voc\u00ea trabalha faz ou pelo computador que a sua m\u00e3e acessa as redes sociais.&nbsp;O que \u00e9 novidade \u00e9\u2026","og_url":"https:\/\/www.univates.br\/blog\/o-que-um-analista-de-dados-faz\/","og_site_name":"Univates Blog","article_published_time":"2022-05-09T12:10:06+00:00","article_modified_time":"2023-12-20T17:05:06+00:00","og_image":[{"url":"https:\/\/desenvolvimento.bravo.st\/univatesblog\/wp-content\/uploads\/2022\/05\/1557750340.7842_300_300-1.jpg","type":"","width":"","height":""}],"author":"Marketing Univates","twitter_card":"summary_large_image","twitter_misc":{"Escrito por":"Marketing Univates","Est. tempo de leitura":"6 minutos"},"schema":{"@context":"https:\/\/schema.org","@graph":[{"@type":"Article","@id":"https:\/\/www.univates.br\/blog\/o-que-um-analista-de-dados-faz\/#article","isPartOf":{"@id":"https:\/\/www.univates.br\/blog\/o-que-um-analista-de-dados-faz\/"},"author":{"name":"Marketing Univates","@id":"https:\/\/www.univates.br\/blog\/#\/schema\/person\/15c63917440cc5e70160c247b309af2f"},"headline":"O que um analista de dados faz?","datePublished":"2022-05-09T12:10:06+00:00","dateModified":"2023-12-20T17:05:06+00:00","mainEntityOfPage":{"@id":"https:\/\/www.univates.br\/blog\/o-que-um-analista-de-dados-faz\/"},"wordCount":1266,"commentCount":0,"image":{"@id":"https:\/\/www.univates.br\/blog\/o-que-um-analista-de-dados-faz\/#primaryimage"},"thumbnailUrl":"https:\/\/desenvolvimento.bravo.st\/univatesblog\/wp-content\/uploads\/2022\/05\/1557750340.7842_300_300-1.jpg","articleSection":["Carreira"],"inLanguage":"pt-BR","potentialAction":[{"@type":"CommentAction","name":"Comment","target":["https:\/\/www.univates.br\/blog\/o-que-um-analista-de-dados-faz\/#respond"]}]},{"@type":"WebPage","@id":"https:\/\/www.univates.br\/blog\/o-que-um-analista-de-dados-faz\/","url":"https:\/\/www.univates.br\/blog\/o-que-um-analista-de-dados-faz\/","name":"O que um analista de dados faz? - Univates Blog","isPartOf":{"@id":"https:\/\/www.univates.br\/blog\/#website"},"primaryImageOfPage":{"@id":"https:\/\/www.univates.br\/blog\/o-que-um-analista-de-dados-faz\/#primaryimage"},"image":{"@id":"https:\/\/www.univates.br\/blog\/o-que-um-analista-de-dados-faz\/#primaryimage"},"thumbnailUrl":"https:\/\/desenvolvimento.bravo.st\/univatesblog\/wp-content\/uploads\/2022\/05\/1557750340.7842_300_300-1.jpg","datePublished":"2022-05-09T12:10:06+00:00","dateModified":"2023-12-20T17:05:06+00:00","author":{"@id":"https:\/\/www.univates.br\/blog\/#\/schema\/person\/15c63917440cc5e70160c247b309af2f"},"breadcrumb":{"@id":"https:\/\/www.univates.br\/blog\/o-que-um-analista-de-dados-faz\/#breadcrumb"},"inLanguage":"pt-BR","potentialAction":[{"@type":"ReadAction","target":["https:\/\/www.univates.br\/blog\/o-que-um-analista-de-dados-faz\/"]}]},{"@type":"ImageObject","inLanguage":"pt-BR","@id":"https:\/\/www.univates.br\/blog\/o-que-um-analista-de-dados-faz\/#primaryimage","url":"https:\/\/desenvolvimento.bravo.st\/univatesblog\/wp-content\/uploads\/2022\/05\/1557750340.7842_300_300-1.jpg","contentUrl":"https:\/\/desenvolvimento.bravo.st\/univatesblog\/wp-content\/uploads\/2022\/05\/1557750340.7842_300_300-1.jpg"},{"@type":"BreadcrumbList","@id":"https:\/\/www.univates.br\/blog\/o-que-um-analista-de-dados-faz\/#breadcrumb","itemListElement":[{"@type":"ListItem","position":1,"name":"Home","item":"https:\/\/www.univates.br\/blog\/"},{"@type":"ListItem","position":2,"name":"O que um analista de dados faz?"}]},{"@type":"WebSite","@id":"https:\/\/www.univates.br\/blog\/#website","url":"https:\/\/www.univates.br\/blog\/","name":"Univates Blog","description":"","potentialAction":[{"@type":"SearchAction","target":{"@type":"EntryPoint","urlTemplate":"https:\/\/www.univates.br\/blog\/?s={search_term_string}"},"query-input":{"@type":"PropertyValueSpecification","valueRequired":true,"valueName":"search_term_string"}}],"inLanguage":"pt-BR"},{"@type":"Person","@id":"https:\/\/www.univates.br\/blog\/#\/schema\/person\/15c63917440cc5e70160c247b309af2f","name":"Marketing Univates","image":{"@type":"ImageObject","inLanguage":"pt-BR","@id":"https:\/\/secure.gravatar.com\/avatar\/511f9e77a6a3d0cddd9074f69a722364bc7f787e73d4a0da1f727ba62704eda4?s=96&d=mm&r=g","url":"https:\/\/secure.gravatar.com\/avatar\/511f9e77a6a3d0cddd9074f69a722364bc7f787e73d4a0da1f727ba62704eda4?s=96&d=mm&r=g","contentUrl":"https:\/\/secure.gravatar.com\/avatar\/511f9e77a6a3d0cddd9074f69a722364bc7f787e73d4a0da1f727ba62704eda4?s=96&d=mm&r=g","caption":"Marketing Univates"},"sameAs":["http:\/\/univates.br"],"url":"https:\/\/www.univates.br\/blog\/author\/marketing\/"}]}},"_links":{"self":[{"href":"https:\/\/www.univates.br\/blog\/wp-json\/wp\/v2\/posts\/1000","targetHints":{"allow":["GET"]}}],"collection":[{"href":"https:\/\/www.univates.br\/blog\/wp-json\/wp\/v2\/posts"}],"about":[{"href":"https:\/\/www.univates.br\/blog\/wp-json\/wp\/v2\/types\/post"}],"author":[{"embeddable":true,"href":"https:\/\/www.univates.br\/blog\/wp-json\/wp\/v2\/users\/2"}],"replies":[{"embeddable":true,"href":"https:\/\/www.univates.br\/blog\/wp-json\/wp\/v2\/comments?post=1000"}],"version-history":[{"count":7,"href":"https:\/\/www.univates.br\/blog\/wp-json\/wp\/v2\/posts\/1000\/revisions"}],"predecessor-version":[{"id":4770,"href":"https:\/\/www.univates.br\/blog\/wp-json\/wp\/v2\/posts\/1000\/revisions\/4770"}],"wp:attachment":[{"href":"https:\/\/www.univates.br\/blog\/wp-json\/wp\/v2\/media?parent=1000"}],"wp:term":[{"taxonomy":"category","embeddable":true,"href":"https:\/\/www.univates.br\/blog\/wp-json\/wp\/v2\/categories?post=1000"}],"curies":[{"name":"wp","href":"https:\/\/api.w.org\/{rel}","templated":true}]}}