{"id":1004,"date":"2022-05-09T09:18:13","date_gmt":"2022-05-09T12:18:13","guid":{"rendered":"https:\/\/desenvolvimento.bravo.st\/univatesblog\/?p=1004"},"modified":"2023-12-19T13:31:49","modified_gmt":"2023-12-19T16:31:49","slug":"plataforma-de-carreira-passo-a-passo","status":"publish","type":"post","link":"https:\/\/www.univates.br\/blog\/plataforma-de-carreira-passo-a-passo\/","title":{"rendered":"Plataforma de Carreira passo a passo"},"content":{"rendered":"\n<div class=\"wp-block-media-text alignwide is-stacked-on-mobile\"><figure class=\"wp-block-media-text__media\"><img loading=\"lazy\" decoding=\"async\" width=\"291\" height=\"194\" src=\"https:\/\/desenvolvimento.bravo.st\/univatesblog\/wp-content\/uploads\/2022\/05\/1556202197.699.jpg\" alt=\"\" class=\"wp-image-1005 size-full\" srcset=\"https:\/\/www.univates.br\/blog\/wp-content\/uploads\/2022\/05\/1556202197.699.jpg 291w, https:\/\/www.univates.br\/blog\/wp-content\/uploads\/2022\/05\/1556202197.699-150x100.jpg 150w\" sizes=\"auto, (max-width: 291px) 100vw, 291px\" \/><\/figure><div class=\"wp-block-media-text__content\">\n<p>A&nbsp;<strong>media\u00e7\u00e3o<\/strong>&nbsp;entre os&nbsp;<strong>estudantes da Univates<\/strong>&nbsp;e as&nbsp;<strong>vagas de emprego<\/strong>&nbsp;dispon\u00edveis no&nbsp;<strong>mercado<\/strong>&nbsp;ocorre por meio da&nbsp;<strong>Plataforma de Carreira<\/strong>, que substituiu o Balc\u00e3o de Empregos da&nbsp;<strong>Institui\u00e7\u00e3o<\/strong>. Por conta disso, \u00e9 normal que voc\u00ea tenha&nbsp;<strong>d\u00favidas sobre como cadastrar seu curr\u00edculo<\/strong>&nbsp;<strong>e as funcionalidades da nova plataforma<\/strong>. Para que voc\u00ea aproveite ao m\u00e1ximo esse novo recurso, a&nbsp;<strong>Univates<\/strong>&nbsp;preparou esta leitura que&nbsp;<strong>explica passo a passo o funcionamento do sistema<\/strong>.<\/p>\n\n\n\n<p><em>(Foto: Nat\u00e1lia Bottoni)<\/em><\/p>\n<\/div><\/div>\n\n\n\n<h2 class=\"wp-block-heading\">Mas o que \u00e9 a Plataforma de Carreira?<\/h2>\n\n\n\n<p>Antes de saber&nbsp;<strong>como funciona<\/strong>, \u00e9 essencial ter conhecimento sobre&nbsp;<strong>o<\/strong>&nbsp;<strong>que \u00e9 a Plataforma de Carreira<\/strong>. Desenvolvida por uma empresa norte-americana especializada em solu\u00e7\u00f5es para&nbsp;<strong>empregabilidade<\/strong>, com atua\u00e7\u00e3o em institui\u00e7\u00f5es conceituadas como a Universidade de&nbsp;<em>Harvard<\/em>, a&nbsp;<strong>ferramenta<\/strong>&nbsp;concentra um&nbsp;<strong>banco de vagas<\/strong>&nbsp;e oferece aos usu\u00e1rios melhor perspectiva das suas a\u00e7\u00f5es profissionais. O estudante tem&nbsp;<strong>acesso aos perfis completos das empresas<\/strong>&nbsp;e pode&nbsp;<strong>fazer a sua candidatura<\/strong>&nbsp;de forma&nbsp;<em>on-line<\/em>. Voc\u00ea pode conferir as&nbsp;<strong>oportunidades da regi\u00e3o<\/strong>&nbsp;a qualquer hora e em qualquer lugar. Tamb\u00e9m h\u00e1&nbsp;<strong>orienta\u00e7\u00e3o de carreira<\/strong>,&nbsp;<strong>elabora\u00e7\u00e3o de curr\u00edculo<\/strong>&nbsp;e&nbsp;<strong>prepara\u00e7\u00e3o para entrevistas<\/strong>.<\/p>\n\n\n\n<p>A&nbsp;<strong>ferramenta<\/strong>&nbsp;tamb\u00e9m permite um&nbsp;<strong>relacionamento mais pr\u00f3ximo entre aluno e empresa<\/strong>. Voc\u00ea pode visualizar mais&nbsp;<strong>vagas<\/strong>&nbsp;de forma simult\u00e2nea e&nbsp;<strong>atualizar seu perfil com mais detalhes<\/strong>, podendo enviar o&nbsp;<strong>curr\u00edculo<\/strong>&nbsp;\u00e0s&nbsp;<strong>empresas<\/strong>&nbsp;de seu interesse. Quanto mais interagir com o ambiente, mais a&nbsp;<strong>plataforma<\/strong>&nbsp;o direciona para informa\u00e7\u00f5es que t\u00eam rela\u00e7\u00e3o com suas&nbsp;<strong>prefer\u00eancias profissionais<\/strong>, assim, ela se torna \u201cpersonalizada\u201d para seus interesses.<\/p>\n\n\n\n<p>O acesso \u00e0&nbsp;<strong>ferramenta<\/strong>&nbsp;\u00e9 permitido a todos os alunos dos&nbsp;<strong>cursos t\u00e9cnicos<\/strong>, de&nbsp;<strong>gradua\u00e7\u00e3o presencial<\/strong>&nbsp;e de&nbsp;<strong>Educa\u00e7\u00e3o a Dist\u00e2ncia (EAD)<\/strong>, de&nbsp;<strong>p\u00f3s-gradua\u00e7\u00e3o<\/strong>&nbsp;e aos&nbsp;<strong>diplomados<\/strong>&nbsp;da&nbsp;<strong>Univates<\/strong>. A mudan\u00e7a foi implantada para que a&nbsp;<strong>Institui\u00e7\u00e3o<\/strong>&nbsp;tenha papel mais ativo no&nbsp;<strong>apoio profissional aos estudantes<\/strong>, n\u00e3o somente na&nbsp;<strong>divulga\u00e7\u00e3o de<\/strong>&nbsp;<strong>vagas<\/strong>.<\/p>\n\n\n\n<h2 class=\"wp-block-heading\">Passo a passo<\/h2>\n\n\n\n<div class=\"wp-block-media-text alignwide is-stacked-on-mobile\"><figure class=\"wp-block-media-text__media\"><img loading=\"lazy\" decoding=\"async\" width=\"290\" height=\"138\" src=\"https:\/\/desenvolvimento.bravo.st\/univatesblog\/wp-content\/uploads\/2022\/05\/1556202795.3595_300_300.jpg\" alt=\"\" class=\"wp-image-1006 size-full\" srcset=\"https:\/\/www.univates.br\/blog\/wp-content\/uploads\/2022\/05\/1556202795.3595_300_300.jpg 290w, https:\/\/www.univates.br\/blog\/wp-content\/uploads\/2022\/05\/1556202795.3595_300_300-150x71.jpg 150w\" sizes=\"auto, (max-width: 290px) 100vw, 290px\" \/><\/figure><div class=\"wp-block-media-text__content\">\n<p>O&nbsp;<strong>acesso<\/strong>&nbsp;\u00e0&nbsp;<strong>Plataforma de Carreira<\/strong>&nbsp;pode ser realizado de&nbsp;<strong>duas formas<\/strong>. Se for pelo&nbsp;<a href=\"https:\/\/www.univates.br\/universounivates\/\">Universo Univates<\/a>, na aba \u201c<strong>Carreira<\/strong>\u201d, n\u00e3o \u00e9 necess\u00e1rio fazer&nbsp;<em>login<\/em>&nbsp;novamente na&nbsp;<strong>ferramenta<\/strong>, pois ele \u00e9 autom\u00e1tico.<\/p>\n\n\n\n<p><em>(Foto: Divulga\u00e7\u00e3o)<\/em><\/p>\n<\/div><\/div>\n\n\n\n<p>Pelo&nbsp;<em>site<\/em>&nbsp;da&nbsp;<strong>Univates<\/strong>, em \u201cServi\u00e7os\u201d, \u201cAlunos\u201d e, em seguida, \u201c<strong>Central de Carreiras<\/strong>\u201d, \u00e9 necess\u00e1rio preencher o nome de usu\u00e1rio (in\u00edcio do&nbsp;<em>e-mail<\/em>&nbsp;do @universo.univates.br) e a senha que \u00e9 usada para acessar os servi\u00e7os da&nbsp;<strong>Institui\u00e7\u00e3o<\/strong>.<\/p>\n\n\n\n<p>Do lado esquerdo, a&nbsp;<strong>ferramenta<\/strong>&nbsp;apresenta v\u00e1rios \u00edcones. O primeiro, In\u00edcio, est\u00e1 relacionado com a tela inicial e exp\u00f5e as informa\u00e7\u00f5es b\u00e1sicas do&nbsp;<strong>perfil<\/strong>&nbsp;do aluno. Os&nbsp;<em>banners<\/em>&nbsp;no cabe\u00e7alho cont\u00eam informa\u00e7\u00f5es institucionais referentes \u00e0&nbsp;<strong>carreira<\/strong>. Os demais assuntos da p\u00e1gina se modificam \u00e0 medida que o estudante preenche o seu&nbsp;<strong>perfil<\/strong>.<\/p>\n\n\n\n<div class=\"bloco-gutenberg\">\n\n    <a href=\"https:\/\/materiais.univates.br\/com-que-curso-eu-vou-modalidade\" target=\"_blank\" class=\"guten-material\" style=\"background-color: #6b00e8; \">\n                    <img decoding=\"async\" src=\"https:\/\/www.univates.br\/blog\/wp-content\/uploads\/2022\/05\/Design-sem-nome-3.png\" loading=\"lazy\">\n                <div class=\"texto\">\n                            <span>Descubra seu perfil profissional e qual curso \u00e9 perfeito pra voc\u00ea<\/span>\n                            <strong>Baixar e-book<\/strong>\n                    <\/div>\n    <\/a>\n    <\/div>\n\n\n<div class=\"wp-block-media-text alignwide is-stacked-on-mobile\"><figure class=\"wp-block-media-text__media\"><img loading=\"lazy\" decoding=\"async\" width=\"291\" height=\"156\" src=\"https:\/\/desenvolvimento.bravo.st\/univatesblog\/wp-content\/uploads\/2022\/05\/1556203646.2564_300_300.jpg\" alt=\"\" class=\"wp-image-1007 size-full\" srcset=\"https:\/\/www.univates.br\/blog\/wp-content\/uploads\/2022\/05\/1556203646.2564_300_300.jpg 291w, https:\/\/www.univates.br\/blog\/wp-content\/uploads\/2022\/05\/1556203646.2564_300_300-150x80.jpg 150w\" sizes=\"auto, (max-width: 291px) 100vw, 291px\" \/><\/figure><div class=\"wp-block-media-text__content\">\n<p>O link&nbsp;<strong>Oportunidades<\/strong>&nbsp;tem duas fun\u00e7\u00f5es: Pesquisar e Minhas&nbsp;<strong>Candidaturas<\/strong>. No primeiro \u00e9 poss\u00edvel visualizar as&nbsp;<strong>oportunidades<\/strong>&nbsp;<strong>divulgadas pelas<\/strong>&nbsp;<strong>empresas<\/strong>, e o outro mostra para quais&nbsp;<strong>vagas<\/strong>&nbsp;o discente se candidatou.&nbsp;<\/p>\n<\/div><\/div>\n\n\n\n<div class=\"wp-block-media-text alignwide is-stacked-on-mobile\"><figure class=\"wp-block-media-text__media\"><img loading=\"lazy\" decoding=\"async\" width=\"291\" height=\"158\" src=\"https:\/\/desenvolvimento.bravo.st\/univatesblog\/wp-content\/uploads\/2022\/05\/1556203646.2977_300_300.jpg\" alt=\"\" class=\"wp-image-1008 size-full\" srcset=\"https:\/\/www.univates.br\/blog\/wp-content\/uploads\/2022\/05\/1556203646.2977_300_300.jpg 291w, https:\/\/www.univates.br\/blog\/wp-content\/uploads\/2022\/05\/1556203646.2977_300_300-150x81.jpg 150w\" sizes=\"auto, (max-width: 291px) 100vw, 291px\" \/><\/figure><div class=\"wp-block-media-text__content\">\n<p>O&nbsp;<strong>Perfil<\/strong>&nbsp;\u00e9 um \u201c<strong>curr\u00edculo profissional resumido<\/strong>\u201d, que o estudante pode publicar de forma opcional, sendo um&nbsp;<strong>facilitador<\/strong>&nbsp;para as&nbsp;<strong>empresas<\/strong>&nbsp;visualizarem as suas informa\u00e7\u00f5es pessoais. Nele \u00e9 poss\u00edvel anexar uma foto de&nbsp;<strong>perfil<\/strong>, que deve estar nos mesmos padr\u00f5es daquela utilizada no&nbsp;<strong>curr\u00edculo<\/strong>. A foto de capa deve ter rela\u00e7\u00e3o com o conte\u00fado. A&nbsp;<strong>dica<\/strong>&nbsp;\u00e9 colocar uma imagem que representa a&nbsp;<strong>\u00e1rea de atua\u00e7\u00e3o<\/strong>&nbsp;do acad\u00eamico. Na declara\u00e7\u00e3o pessoal, a sugest\u00e3o \u00e9 escrever um par\u00e1grafo sobre as&nbsp;<strong>experi\u00eancias profissionais<\/strong>&nbsp;e de que forma o estudante pode contribuir com futuros empregadores.<\/p>\n<\/div><\/div>\n\n\n\n<p>A parte de educa\u00e7\u00e3o \u00e9 preenchida automaticamente por meio dos dados do sistema acad\u00eamico, ent\u00e3o as informa\u00e7\u00f5es registradas ali n\u00e3o s\u00e3o edit\u00e1veis. Caso haja inconformidade, a recomenda\u00e7\u00e3o \u00e9 entrar em contato com a&nbsp;<strong>Central de Carreiras<\/strong>&nbsp;da&nbsp;<strong>Univates<\/strong>. Em experi\u00eancias, deve-se escrever sobre&nbsp;<strong>viv\u00eancias profissionais<\/strong>, podendo ser o mesmo texto utilizado no&nbsp;<strong>curr\u00edculo<\/strong>, pois a&nbsp;<strong>empresa<\/strong>&nbsp;pode optar por visualizar s\u00f3 o&nbsp;<strong>perfil<\/strong>&nbsp;em vez do&nbsp;<strong>curr\u00edculo<\/strong>. Imagens e informa\u00e7\u00f5es sobre projetos executados durante e depois da&nbsp;<strong>gradua\u00e7\u00e3o<\/strong>&nbsp;podem ser acrescentadas em projetos. Nas&nbsp;<strong>habilidades e compet\u00eancias<\/strong>, o objetivo \u00e9 listar programas, ferramentas e recursos dominados pelo aluno.&nbsp;<\/p>\n\n\n\n<p>\u00c0 direita da tela, \u00e9 poss\u00edvel acrescentar um&nbsp;<em>e-mail<\/em>&nbsp;para contato (orienta-se que seja utilizado o da&nbsp;<strong>Univates<\/strong>, para garantir o recebimento), o&nbsp;<strong>perfil<\/strong>&nbsp;do&nbsp;<em>Facebook<\/em>&nbsp;e do&nbsp;<em>LinkedIn<\/em>&nbsp;(ambos opcionais). Tamb\u00e9m pode-se anexar um&nbsp;<strong>curr\u00edculo<\/strong>&nbsp;<em>on-line<\/em>, um&nbsp;<em>site<\/em>&nbsp;ou&nbsp;<em>blog<\/em>. No espa\u00e7o final dessa p\u00e1gina, h\u00e1 informa\u00e7\u00f5es sobre a quantidade de visualiza\u00e7\u00f5es do&nbsp;<strong>perfil<\/strong>.<\/p>\n\n\n\n<div class=\"wp-block-media-text alignwide is-stacked-on-mobile\"><figure class=\"wp-block-media-text__media\"><img loading=\"lazy\" decoding=\"async\" width=\"291\" height=\"157\" src=\"https:\/\/desenvolvimento.bravo.st\/univatesblog\/wp-content\/uploads\/2022\/05\/1556203646.3407_300_300.jpg\" alt=\"\" class=\"wp-image-1009 size-full\" srcset=\"https:\/\/www.univates.br\/blog\/wp-content\/uploads\/2022\/05\/1556203646.3407_300_300.jpg 291w, https:\/\/www.univates.br\/blog\/wp-content\/uploads\/2022\/05\/1556203646.3407_300_300-150x81.jpg 150w\" sizes=\"auto, (max-width: 291px) 100vw, 291px\" \/><\/figure><div class=\"wp-block-media-text__content\">\n<p>A aba Documentos indica o reposit\u00f3rio de documentos do estudante. O&nbsp;<em>link<\/em>&nbsp;Meus Documentos permite fazer&nbsp;<em>upload<\/em>&nbsp;de arquivos do computador, como&nbsp;<strong>curr\u00edculo<\/strong>,&nbsp;<strong>carta de apresenta\u00e7\u00e3o<\/strong>,&nbsp;<strong>portf\u00f3lio<\/strong>&nbsp;etc. (todos em formato PDF), n\u00e3o havendo limite de arquivos. No&nbsp;<strong>Banco de Curr\u00edculos<\/strong>, opta-se por fazer parte do&nbsp;<strong>banco de curr\u00edculos<\/strong>&nbsp;de alguma&nbsp;<strong>empresa<\/strong>.<\/p>\n<\/div><\/div>\n\n\n\n<p>Se o banco fizer refer\u00eancia a uma&nbsp;<strong>vaga<\/strong>&nbsp;em espec\u00edfico, sugere-se que o&nbsp;<strong>curr\u00edculo<\/strong>&nbsp;compreenda os requisitos. J\u00e1 o&nbsp;<strong>Criador de Curr\u00edculo<\/strong>&nbsp;permite criar um&nbsp;<strong>curr\u00edculo<\/strong>&nbsp;ou&nbsp;<strong>carta de apresenta\u00e7\u00e3o<\/strong>&nbsp;a partir de modelos pr\u00e9-definidos. O aluno pode cadastrar quantos&nbsp;<strong>curr\u00edculos<\/strong>&nbsp;quiser, a partir de diferentes modelos. Para a&nbsp;<strong>empresa<\/strong>&nbsp;\u00e9 enviado o mais adequado ao&nbsp;<strong>perfil<\/strong>&nbsp;procurado. O&nbsp;<strong>Portf\u00f3lio<\/strong>&nbsp;compreende a inser\u00e7\u00e3o de informa\u00e7\u00f5es sobre o&nbsp;<strong>portf\u00f3lio<\/strong>&nbsp;<strong>de produ\u00e7\u00f5es<\/strong>&nbsp;e \u00e9 utilizado usualmente nas \u00e1reas de arquitetura e comunica\u00e7\u00e3o. Ele deve ser p\u00fablico (essa op\u00e7\u00e3o deve ser assinalada no topo da p\u00e1gina).<\/p>\n\n\n\n<div class=\"wp-block-media-text alignwide is-stacked-on-mobile\"><figure class=\"wp-block-media-text__media\"><img loading=\"lazy\" decoding=\"async\" width=\"291\" height=\"155\" src=\"https:\/\/desenvolvimento.bravo.st\/univatesblog\/wp-content\/uploads\/2022\/05\/1556203646.3837_300_300.jpg\" alt=\"\" class=\"wp-image-1010 size-full\" srcset=\"https:\/\/www.univates.br\/blog\/wp-content\/uploads\/2022\/05\/1556203646.3837_300_300.jpg 291w, https:\/\/www.univates.br\/blog\/wp-content\/uploads\/2022\/05\/1556203646.3837_300_300-150x80.jpg 150w\" sizes=\"auto, (max-width: 291px) 100vw, 291px\" \/><\/figure><div class=\"wp-block-media-text__content\">\n<p>Em Eventos, encontram-se informa\u00e7\u00f5es sobre eventos relacionados \u00e0&nbsp;<strong>carreira<\/strong>&nbsp;e&nbsp;<strong>empregabilidade<\/strong>.<\/p>\n<\/div><\/div>\n\n\n\n<div class=\"wp-block-media-text alignwide is-stacked-on-mobile\"><figure class=\"wp-block-media-text__media\"><img loading=\"lazy\" decoding=\"async\" width=\"290\" height=\"156\" src=\"https:\/\/desenvolvimento.bravo.st\/univatesblog\/wp-content\/uploads\/2022\/05\/1556203646.4222_300_300.jpg\" alt=\"\" class=\"wp-image-1011 size-full\" srcset=\"https:\/\/www.univates.br\/blog\/wp-content\/uploads\/2022\/05\/1556203646.4222_300_300.jpg 290w, https:\/\/www.univates.br\/blog\/wp-content\/uploads\/2022\/05\/1556203646.4222_300_300-150x81.jpg 150w\" sizes=\"auto, (max-width: 290px) 100vw, 290px\" \/><\/figure><div class=\"wp-block-media-text__content\">\n<p>J\u00e1 em Empregadores, no&nbsp;<em>link<\/em>&nbsp;Todos, apresenta-se uma lista com todos os empregadores cadastrados na&nbsp;<strong>Plataforma de Carreira<\/strong>. \u00c9 poss\u00edvel marcar com estrela os preferidos. Com isso, o estudante passa a&nbsp;<strong>\u201cseguir\u201d a empresa<\/strong>&nbsp;e recebe com destaque as&nbsp;<strong>vagas divulgadas<\/strong>&nbsp;por ela.&nbsp;<\/p>\n<\/div><\/div>\n\n\n\n<div class=\"bloco-gutenberg\">\n\n    <a href=\"https:\/\/materiais.univates.br\/saiba-qual-profissao-e-a-sua-cara\" target=\"_blank\" class=\"guten-material\" style=\"background-color: #ff5d4a; color: #0a0a0a;\">\n                    <img decoding=\"async\" src=\"https:\/\/www.univates.br\/blog\/wp-content\/uploads\/2022\/05\/Design-sem-nome-4.png\" loading=\"lazy\">\n                <div class=\"texto\">\n                            <span>Saiba qual profiss\u00e3o \u00e9 a sua cara<\/span>\n                            <strong>Baixar e-book<\/strong>\n                    <\/div>\n    <\/a>\n    <\/div>\n\n\n<div class=\"wp-block-media-text alignwide is-stacked-on-mobile\"><figure class=\"wp-block-media-text__media\"><img loading=\"lazy\" decoding=\"async\" width=\"291\" height=\"158\" src=\"https:\/\/desenvolvimento.bravo.st\/univatesblog\/wp-content\/uploads\/2022\/05\/1556203646.4621_300_300.jpg\" alt=\"\" class=\"wp-image-1012 size-full\" srcset=\"https:\/\/www.univates.br\/blog\/wp-content\/uploads\/2022\/05\/1556203646.4621_300_300.jpg 291w, https:\/\/www.univates.br\/blog\/wp-content\/uploads\/2022\/05\/1556203646.4621_300_300-150x81.jpg 150w\" sizes=\"auto, (max-width: 291px) 100vw, 291px\" \/><\/figure><div class=\"wp-block-media-text__content\">\n<p>O espa\u00e7o em que s\u00e3o disponibilizadas pesquisas com \u00eanfase em&nbsp;<strong>carreiras<\/strong>&nbsp;\u00e9 a aba Pesquisas.<\/p>\n<\/div><\/div>\n\n\n\n<div class=\"wp-block-media-text alignwide is-stacked-on-mobile\"><figure class=\"wp-block-media-text__media\"><img loading=\"lazy\" decoding=\"async\" width=\"291\" height=\"157\" src=\"https:\/\/desenvolvimento.bravo.st\/univatesblog\/wp-content\/uploads\/2022\/05\/1556203646.5031_300_300.jpg\" alt=\"\" class=\"wp-image-1013 size-full\" srcset=\"https:\/\/www.univates.br\/blog\/wp-content\/uploads\/2022\/05\/1556203646.5031_300_300.jpg 291w, https:\/\/www.univates.br\/blog\/wp-content\/uploads\/2022\/05\/1556203646.5031_300_300-150x81.jpg 150w\" sizes=\"auto, (max-width: 291px) 100vw, 291px\" \/><\/figure><div class=\"wp-block-media-text__content\">\n<p>O&nbsp;<em>link<\/em>&nbsp;Recursos, em Biblioteca de Documentos, mostra os documentos anexados pelo acad\u00eamico, como&nbsp;<strong>curr\u00edculo<\/strong>,&nbsp;<strong>carta de recomenda\u00e7\u00e3o<\/strong>&nbsp;e outros.&nbsp;<\/p>\n<\/div><\/div>\n\n\n\n<div class=\"wp-block-media-text alignwide is-stacked-on-mobile\"><figure class=\"wp-block-media-text__media\"><img loading=\"lazy\" decoding=\"async\" width=\"291\" height=\"156\" src=\"https:\/\/desenvolvimento.bravo.st\/univatesblog\/wp-content\/uploads\/2022\/05\/1556203646.5435_300_300.jpg\" alt=\"\" class=\"wp-image-1014 size-full\" srcset=\"https:\/\/www.univates.br\/blog\/wp-content\/uploads\/2022\/05\/1556203646.5435_300_300.jpg 291w, https:\/\/www.univates.br\/blog\/wp-content\/uploads\/2022\/05\/1556203646.5435_300_300-150x80.jpg 150w\" sizes=\"auto, (max-width: 291px) 100vw, 291px\" \/><\/figure><div class=\"wp-block-media-text__content\">\n<p>Na aba Minha Conta, em&nbsp;<strong>Perfil<\/strong>&nbsp;Pessoal, \u00e9 poss\u00edvel fazer edi\u00e7\u00f5es no&nbsp;<strong>perfil<\/strong>, apesar de boa parte dos dados n\u00e3o serem edit\u00e1veis, por estarem vinculados ao sistema acad\u00eamico. Para fazer altera\u00e7\u00f5es, \u00e9 preciso entrar em contato com o Atendimento&nbsp;<strong>Univates<\/strong>.&nbsp;A Privacidade sugere a mudan\u00e7a de op\u00e7\u00f5es de privacidade, como o recebimento ou n\u00e3o de&nbsp;<em>e-mail<\/em>&nbsp;e mensagens SMS de notifica\u00e7\u00e3o das&nbsp;<strong>vagas<\/strong>.<\/p>\n<\/div><\/div>\n\n\n\n<p>Al\u00e9m disso, \u00e9 importante destacar que as notifica\u00e7\u00f5es e alertas de novas&nbsp;<strong>oportunidades<\/strong>&nbsp;est\u00e3o dispon\u00edveis por meio do&nbsp;<strong>aplicativo gratuito<\/strong>&nbsp;da&nbsp;<strong>Plataforma de Carreira<\/strong>&nbsp;para dispositivos m\u00f3veis, o&nbsp;<em>Symplicity<\/em>. A&nbsp;<strong>ferramenta<\/strong>&nbsp;tamb\u00e9m est\u00e1 vinculada ao&nbsp;<em><a href=\"https:\/\/br.linkedin.com\/\">LinkedIn<\/a><\/em>, ent\u00e3o os alunos podem ter acesso a outras&nbsp;<strong>vagas<\/strong>&nbsp;por esse meio.&nbsp;<\/p>\n\n\n\n<p>Mais informa\u00e7\u00f5es podem ser obtidas pelo&nbsp;<em>e-mail<\/em>&nbsp;<a href=\"mailto:carreiras@univates.br\">carreiras@univates.br<\/a>&nbsp;ou pelo telefone (51) 3714-7000, ramais 5464, 5410 ou 5107.<\/p>\n","protected":false},"excerpt":{"rendered":"<p>A&nbsp;media\u00e7\u00e3o&nbsp;entre os&nbsp;estudantes da Univates&nbsp;e as&nbsp;vagas de emprego&nbsp;dispon\u00edveis no&nbsp;mercado&nbsp;ocorre por meio da&nbsp;Plataforma de Carreira, que substituiu o Balc\u00e3o de Empregos da&nbsp;Institui\u00e7\u00e3o. Por conta disso, \u00e9 normal que voc\u00ea tenha&nbsp;d\u00favidas sobre como cadastrar seu curr\u00edculo&nbsp;e as funcionalidades da nova plataforma. Para que\u2026<\/p>\n","protected":false},"author":2,"featured_media":0,"comment_status":"open","ping_status":"open","sticky":false,"template":"","format":"standard","meta":{"_acf_changed":false,"footnotes":""},"categories":[7],"class_list":["post-1004","post","type-post","status-publish","format-standard","hentry","category-univates","autor-natalia-bottoni"],"acf":[],"yoast_head":"<!-- This site is optimized with the Yoast SEO plugin v27.3 - https:\/\/yoast.com\/product\/yoast-seo-wordpress\/ -->\n<title>Plataforma de Carreira passo a passo - Univates Blog<\/title>\n<meta name=\"robots\" content=\"index, follow, max-snippet:-1, max-image-preview:large, max-video-preview:-1\" \/>\n<link rel=\"canonical\" href=\"https:\/\/www.univates.br\/blog\/plataforma-de-carreira-passo-a-passo\/\" \/>\n<meta property=\"og:locale\" content=\"pt_BR\" \/>\n<meta property=\"og:type\" content=\"article\" \/>\n<meta property=\"og:title\" content=\"Plataforma de Carreira passo a passo - Univates Blog\" \/>\n<meta property=\"og:description\" content=\"A&nbsp;media\u00e7\u00e3o&nbsp;entre os&nbsp;estudantes da Univates&nbsp;e as&nbsp;vagas de emprego&nbsp;dispon\u00edveis no&nbsp;mercado&nbsp;ocorre por meio da&nbsp;Plataforma de Carreira, que substituiu o Balc\u00e3o de Empregos da&nbsp;Institui\u00e7\u00e3o. Por conta disso, \u00e9 normal que voc\u00ea tenha&nbsp;d\u00favidas sobre como cadastrar seu curr\u00edculo&nbsp;e as funcionalidades da nova plataforma. Para que\u2026\" \/>\n<meta property=\"og:url\" content=\"https:\/\/www.univates.br\/blog\/plataforma-de-carreira-passo-a-passo\/\" \/>\n<meta property=\"og:site_name\" content=\"Univates Blog\" \/>\n<meta property=\"article:published_time\" content=\"2022-05-09T12:18:13+00:00\" \/>\n<meta property=\"article:modified_time\" content=\"2023-12-19T16:31:49+00:00\" \/>\n<meta property=\"og:image\" content=\"https:\/\/desenvolvimento.bravo.st\/univatesblog\/wp-content\/uploads\/2022\/05\/1556202197.699.jpg\" \/>\n<meta name=\"author\" content=\"Marketing Univates\" \/>\n<meta name=\"twitter:card\" content=\"summary_large_image\" \/>\n<meta name=\"twitter:label1\" content=\"Escrito por\" \/>\n\t<meta name=\"twitter:data1\" content=\"Marketing Univates\" \/>\n\t<meta name=\"twitter:label2\" content=\"Est. tempo de leitura\" \/>\n\t<meta name=\"twitter:data2\" content=\"8 minutos\" \/>\n<script type=\"application\/ld+json\" class=\"yoast-schema-graph\">{\"@context\":\"https:\\\/\\\/schema.org\",\"@graph\":[{\"@type\":\"Article\",\"@id\":\"https:\\\/\\\/www.univates.br\\\/blog\\\/plataforma-de-carreira-passo-a-passo\\\/#article\",\"isPartOf\":{\"@id\":\"https:\\\/\\\/www.univates.br\\\/blog\\\/plataforma-de-carreira-passo-a-passo\\\/\"},\"author\":{\"name\":\"Marketing Univates\",\"@id\":\"https:\\\/\\\/www.univates.br\\\/blog\\\/#\\\/schema\\\/person\\\/15c63917440cc5e70160c247b309af2f\"},\"headline\":\"Plataforma de Carreira passo a passo\",\"datePublished\":\"2022-05-09T12:18:13+00:00\",\"dateModified\":\"2023-12-19T16:31:49+00:00\",\"mainEntityOfPage\":{\"@id\":\"https:\\\/\\\/www.univates.br\\\/blog\\\/plataforma-de-carreira-passo-a-passo\\\/\"},\"wordCount\":1395,\"commentCount\":0,\"image\":{\"@id\":\"https:\\\/\\\/www.univates.br\\\/blog\\\/plataforma-de-carreira-passo-a-passo\\\/#primaryimage\"},\"thumbnailUrl\":\"https:\\\/\\\/desenvolvimento.bravo.st\\\/univatesblog\\\/wp-content\\\/uploads\\\/2022\\\/05\\\/1556202197.699.jpg\",\"articleSection\":[\"Univates\"],\"inLanguage\":\"pt-BR\",\"potentialAction\":[{\"@type\":\"CommentAction\",\"name\":\"Comment\",\"target\":[\"https:\\\/\\\/www.univates.br\\\/blog\\\/plataforma-de-carreira-passo-a-passo\\\/#respond\"]}]},{\"@type\":\"WebPage\",\"@id\":\"https:\\\/\\\/www.univates.br\\\/blog\\\/plataforma-de-carreira-passo-a-passo\\\/\",\"url\":\"https:\\\/\\\/www.univates.br\\\/blog\\\/plataforma-de-carreira-passo-a-passo\\\/\",\"name\":\"Plataforma de Carreira passo a passo - Univates Blog\",\"isPartOf\":{\"@id\":\"https:\\\/\\\/www.univates.br\\\/blog\\\/#website\"},\"primaryImageOfPage\":{\"@id\":\"https:\\\/\\\/www.univates.br\\\/blog\\\/plataforma-de-carreira-passo-a-passo\\\/#primaryimage\"},\"image\":{\"@id\":\"https:\\\/\\\/www.univates.br\\\/blog\\\/plataforma-de-carreira-passo-a-passo\\\/#primaryimage\"},\"thumbnailUrl\":\"https:\\\/\\\/desenvolvimento.bravo.st\\\/univatesblog\\\/wp-content\\\/uploads\\\/2022\\\/05\\\/1556202197.699.jpg\",\"datePublished\":\"2022-05-09T12:18:13+00:00\",\"dateModified\":\"2023-12-19T16:31:49+00:00\",\"author\":{\"@id\":\"https:\\\/\\\/www.univates.br\\\/blog\\\/#\\\/schema\\\/person\\\/15c63917440cc5e70160c247b309af2f\"},\"breadcrumb\":{\"@id\":\"https:\\\/\\\/www.univates.br\\\/blog\\\/plataforma-de-carreira-passo-a-passo\\\/#breadcrumb\"},\"inLanguage\":\"pt-BR\",\"potentialAction\":[{\"@type\":\"ReadAction\",\"target\":[\"https:\\\/\\\/www.univates.br\\\/blog\\\/plataforma-de-carreira-passo-a-passo\\\/\"]}]},{\"@type\":\"ImageObject\",\"inLanguage\":\"pt-BR\",\"@id\":\"https:\\\/\\\/www.univates.br\\\/blog\\\/plataforma-de-carreira-passo-a-passo\\\/#primaryimage\",\"url\":\"https:\\\/\\\/desenvolvimento.bravo.st\\\/univatesblog\\\/wp-content\\\/uploads\\\/2022\\\/05\\\/1556202197.699.jpg\",\"contentUrl\":\"https:\\\/\\\/desenvolvimento.bravo.st\\\/univatesblog\\\/wp-content\\\/uploads\\\/2022\\\/05\\\/1556202197.699.jpg\"},{\"@type\":\"BreadcrumbList\",\"@id\":\"https:\\\/\\\/www.univates.br\\\/blog\\\/plataforma-de-carreira-passo-a-passo\\\/#breadcrumb\",\"itemListElement\":[{\"@type\":\"ListItem\",\"position\":1,\"name\":\"Home\",\"item\":\"https:\\\/\\\/www.univates.br\\\/blog\\\/\"},{\"@type\":\"ListItem\",\"position\":2,\"name\":\"Plataforma de Carreira passo a passo\"}]},{\"@type\":\"WebSite\",\"@id\":\"https:\\\/\\\/www.univates.br\\\/blog\\\/#website\",\"url\":\"https:\\\/\\\/www.univates.br\\\/blog\\\/\",\"name\":\"Univates Blog\",\"description\":\"\",\"potentialAction\":[{\"@type\":\"SearchAction\",\"target\":{\"@type\":\"EntryPoint\",\"urlTemplate\":\"https:\\\/\\\/www.univates.br\\\/blog\\\/?s={search_term_string}\"},\"query-input\":{\"@type\":\"PropertyValueSpecification\",\"valueRequired\":true,\"valueName\":\"search_term_string\"}}],\"inLanguage\":\"pt-BR\"},{\"@type\":\"Person\",\"@id\":\"https:\\\/\\\/www.univates.br\\\/blog\\\/#\\\/schema\\\/person\\\/15c63917440cc5e70160c247b309af2f\",\"name\":\"Marketing Univates\",\"image\":{\"@type\":\"ImageObject\",\"inLanguage\":\"pt-BR\",\"@id\":\"https:\\\/\\\/secure.gravatar.com\\\/avatar\\\/511f9e77a6a3d0cddd9074f69a722364bc7f787e73d4a0da1f727ba62704eda4?s=96&d=mm&r=g\",\"url\":\"https:\\\/\\\/secure.gravatar.com\\\/avatar\\\/511f9e77a6a3d0cddd9074f69a722364bc7f787e73d4a0da1f727ba62704eda4?s=96&d=mm&r=g\",\"contentUrl\":\"https:\\\/\\\/secure.gravatar.com\\\/avatar\\\/511f9e77a6a3d0cddd9074f69a722364bc7f787e73d4a0da1f727ba62704eda4?s=96&d=mm&r=g\",\"caption\":\"Marketing Univates\"},\"sameAs\":[\"http:\\\/\\\/univates.br\"],\"url\":\"https:\\\/\\\/www.univates.br\\\/blog\\\/author\\\/marketing\\\/\"}]}<\/script>\n<!-- \/ Yoast SEO plugin. -->","yoast_head_json":{"title":"Plataforma de Carreira passo a passo - Univates Blog","robots":{"index":"index","follow":"follow","max-snippet":"max-snippet:-1","max-image-preview":"max-image-preview:large","max-video-preview":"max-video-preview:-1"},"canonical":"https:\/\/www.univates.br\/blog\/plataforma-de-carreira-passo-a-passo\/","og_locale":"pt_BR","og_type":"article","og_title":"Plataforma de Carreira passo a passo - Univates Blog","og_description":"A&nbsp;media\u00e7\u00e3o&nbsp;entre os&nbsp;estudantes da Univates&nbsp;e as&nbsp;vagas de emprego&nbsp;dispon\u00edveis no&nbsp;mercado&nbsp;ocorre por meio da&nbsp;Plataforma de Carreira, que substituiu o Balc\u00e3o de Empregos da&nbsp;Institui\u00e7\u00e3o. Por conta disso, \u00e9 normal que voc\u00ea tenha&nbsp;d\u00favidas sobre como cadastrar seu curr\u00edculo&nbsp;e as funcionalidades da nova plataforma. Para que\u2026","og_url":"https:\/\/www.univates.br\/blog\/plataforma-de-carreira-passo-a-passo\/","og_site_name":"Univates Blog","article_published_time":"2022-05-09T12:18:13+00:00","article_modified_time":"2023-12-19T16:31:49+00:00","og_image":[{"url":"https:\/\/desenvolvimento.bravo.st\/univatesblog\/wp-content\/uploads\/2022\/05\/1556202197.699.jpg","type":"","width":"","height":""}],"author":"Marketing Univates","twitter_card":"summary_large_image","twitter_misc":{"Escrito por":"Marketing Univates","Est. tempo de leitura":"8 minutos"},"schema":{"@context":"https:\/\/schema.org","@graph":[{"@type":"Article","@id":"https:\/\/www.univates.br\/blog\/plataforma-de-carreira-passo-a-passo\/#article","isPartOf":{"@id":"https:\/\/www.univates.br\/blog\/plataforma-de-carreira-passo-a-passo\/"},"author":{"name":"Marketing Univates","@id":"https:\/\/www.univates.br\/blog\/#\/schema\/person\/15c63917440cc5e70160c247b309af2f"},"headline":"Plataforma de Carreira passo a passo","datePublished":"2022-05-09T12:18:13+00:00","dateModified":"2023-12-19T16:31:49+00:00","mainEntityOfPage":{"@id":"https:\/\/www.univates.br\/blog\/plataforma-de-carreira-passo-a-passo\/"},"wordCount":1395,"commentCount":0,"image":{"@id":"https:\/\/www.univates.br\/blog\/plataforma-de-carreira-passo-a-passo\/#primaryimage"},"thumbnailUrl":"https:\/\/desenvolvimento.bravo.st\/univatesblog\/wp-content\/uploads\/2022\/05\/1556202197.699.jpg","articleSection":["Univates"],"inLanguage":"pt-BR","potentialAction":[{"@type":"CommentAction","name":"Comment","target":["https:\/\/www.univates.br\/blog\/plataforma-de-carreira-passo-a-passo\/#respond"]}]},{"@type":"WebPage","@id":"https:\/\/www.univates.br\/blog\/plataforma-de-carreira-passo-a-passo\/","url":"https:\/\/www.univates.br\/blog\/plataforma-de-carreira-passo-a-passo\/","name":"Plataforma de Carreira passo a passo - Univates Blog","isPartOf":{"@id":"https:\/\/www.univates.br\/blog\/#website"},"primaryImageOfPage":{"@id":"https:\/\/www.univates.br\/blog\/plataforma-de-carreira-passo-a-passo\/#primaryimage"},"image":{"@id":"https:\/\/www.univates.br\/blog\/plataforma-de-carreira-passo-a-passo\/#primaryimage"},"thumbnailUrl":"https:\/\/desenvolvimento.bravo.st\/univatesblog\/wp-content\/uploads\/2022\/05\/1556202197.699.jpg","datePublished":"2022-05-09T12:18:13+00:00","dateModified":"2023-12-19T16:31:49+00:00","author":{"@id":"https:\/\/www.univates.br\/blog\/#\/schema\/person\/15c63917440cc5e70160c247b309af2f"},"breadcrumb":{"@id":"https:\/\/www.univates.br\/blog\/plataforma-de-carreira-passo-a-passo\/#breadcrumb"},"inLanguage":"pt-BR","potentialAction":[{"@type":"ReadAction","target":["https:\/\/www.univates.br\/blog\/plataforma-de-carreira-passo-a-passo\/"]}]},{"@type":"ImageObject","inLanguage":"pt-BR","@id":"https:\/\/www.univates.br\/blog\/plataforma-de-carreira-passo-a-passo\/#primaryimage","url":"https:\/\/desenvolvimento.bravo.st\/univatesblog\/wp-content\/uploads\/2022\/05\/1556202197.699.jpg","contentUrl":"https:\/\/desenvolvimento.bravo.st\/univatesblog\/wp-content\/uploads\/2022\/05\/1556202197.699.jpg"},{"@type":"BreadcrumbList","@id":"https:\/\/www.univates.br\/blog\/plataforma-de-carreira-passo-a-passo\/#breadcrumb","itemListElement":[{"@type":"ListItem","position":1,"name":"Home","item":"https:\/\/www.univates.br\/blog\/"},{"@type":"ListItem","position":2,"name":"Plataforma de Carreira passo a passo"}]},{"@type":"WebSite","@id":"https:\/\/www.univates.br\/blog\/#website","url":"https:\/\/www.univates.br\/blog\/","name":"Univates Blog","description":"","potentialAction":[{"@type":"SearchAction","target":{"@type":"EntryPoint","urlTemplate":"https:\/\/www.univates.br\/blog\/?s={search_term_string}"},"query-input":{"@type":"PropertyValueSpecification","valueRequired":true,"valueName":"search_term_string"}}],"inLanguage":"pt-BR"},{"@type":"Person","@id":"https:\/\/www.univates.br\/blog\/#\/schema\/person\/15c63917440cc5e70160c247b309af2f","name":"Marketing Univates","image":{"@type":"ImageObject","inLanguage":"pt-BR","@id":"https:\/\/secure.gravatar.com\/avatar\/511f9e77a6a3d0cddd9074f69a722364bc7f787e73d4a0da1f727ba62704eda4?s=96&d=mm&r=g","url":"https:\/\/secure.gravatar.com\/avatar\/511f9e77a6a3d0cddd9074f69a722364bc7f787e73d4a0da1f727ba62704eda4?s=96&d=mm&r=g","contentUrl":"https:\/\/secure.gravatar.com\/avatar\/511f9e77a6a3d0cddd9074f69a722364bc7f787e73d4a0da1f727ba62704eda4?s=96&d=mm&r=g","caption":"Marketing Univates"},"sameAs":["http:\/\/univates.br"],"url":"https:\/\/www.univates.br\/blog\/author\/marketing\/"}]}},"_links":{"self":[{"href":"https:\/\/www.univates.br\/blog\/wp-json\/wp\/v2\/posts\/1004","targetHints":{"allow":["GET"]}}],"collection":[{"href":"https:\/\/www.univates.br\/blog\/wp-json\/wp\/v2\/posts"}],"about":[{"href":"https:\/\/www.univates.br\/blog\/wp-json\/wp\/v2\/types\/post"}],"author":[{"embeddable":true,"href":"https:\/\/www.univates.br\/blog\/wp-json\/wp\/v2\/users\/2"}],"replies":[{"embeddable":true,"href":"https:\/\/www.univates.br\/blog\/wp-json\/wp\/v2\/comments?post=1004"}],"version-history":[{"count":6,"href":"https:\/\/www.univates.br\/blog\/wp-json\/wp\/v2\/posts\/1004\/revisions"}],"predecessor-version":[{"id":2655,"href":"https:\/\/www.univates.br\/blog\/wp-json\/wp\/v2\/posts\/1004\/revisions\/2655"}],"wp:attachment":[{"href":"https:\/\/www.univates.br\/blog\/wp-json\/wp\/v2\/media?parent=1004"}],"wp:term":[{"taxonomy":"category","embeddable":true,"href":"https:\/\/www.univates.br\/blog\/wp-json\/wp\/v2\/categories?post=1004"}],"curies":[{"name":"wp","href":"https:\/\/api.w.org\/{rel}","templated":true}]}}