{"id":1017,"date":"2022-05-09T09:22:54","date_gmt":"2022-05-09T12:22:54","guid":{"rendered":"https:\/\/desenvolvimento.bravo.st\/univatesblog\/?p=1017"},"modified":"2023-12-20T10:06:27","modified_gmt":"2023-12-20T13:06:27","slug":"profissionais-da-historia-encontram-diferenciais-no-ppgad-da-nossa-universidade","status":"publish","type":"post","link":"https:\/\/www.univates.br\/blog\/profissionais-da-historia-encontram-diferenciais-no-ppgad-da-nossa-universidade\/","title":{"rendered":"Profissionais da Hist\u00f3ria encontram diferenciais no PPGAD da nossa Universidade"},"content":{"rendered":"\n<p>Desde 2006, o&nbsp;<a href=\"https:\/\/www.univates.br\/ppgad\">Programa de P\u00f3s-Gradua\u00e7\u00e3o em Ambiente e Desenvolvimento<\/a>&nbsp;(<strong>PPGAD<\/strong>) da&nbsp;<strong>Univates<\/strong>&nbsp;<strong>capacita<\/strong>&nbsp;<strong>pessoas<\/strong>&nbsp;graduadas em diferentes \u00e1reas de atua\u00e7\u00e3o para&nbsp;<strong>avaliar<\/strong>,&nbsp;<strong>diagnosticar<\/strong>&nbsp;e&nbsp;<strong>propor solu\u00e7\u00f5es<\/strong>&nbsp;para&nbsp;<strong>problemas ambientais<\/strong>. No decorrer dos \u00faltimos 13 anos, muitos profissionais passaram pelo&nbsp;<strong>Programa de P\u00f3s-Gradua\u00e7\u00e3o&nbsp;<em>Stricto Sensu<\/em><\/strong>&nbsp;da&nbsp;<strong>Universidade<\/strong>, principalmente os&nbsp;<strong>formados em Hist\u00f3ria<\/strong>.<\/p>\n\n\n\n<p>Conforme a coordenadora do&nbsp;<strong>programa<\/strong>, Dra. Neli Teresinha Galarce Machado, o&nbsp;<strong>PPGAD<\/strong>&nbsp;trata a&nbsp;<strong>quest\u00e3o ambiental<\/strong>&nbsp;de forma&nbsp;<strong>interdisciplinar<\/strong>&nbsp;e considera o&nbsp;<strong>homem como parte integrante dos ecossistemas<\/strong>. O&nbsp;<strong>programa<\/strong>&nbsp;possui&nbsp;<strong>tr\u00eas linhas de pesquisa<\/strong>&nbsp;que avaliam a&nbsp;<strong>intera\u00e7\u00e3o homem-ambiente<\/strong>:&nbsp;<strong>Tecnologia e Ambiente<\/strong>,&nbsp;<strong>Espa\u00e7o e Problemas Socioambientais<\/strong>&nbsp;e&nbsp;<strong>Ecologia<\/strong>.<\/p>\n\n\n\n<h2 class=\"wp-block-heading\">Mas qual a rela\u00e7\u00e3o com a \u00e1rea de hist\u00f3ria?<\/h2>\n\n\n\n<p>Neli assegura que um&nbsp;<strong>historiador<\/strong>&nbsp;pode seguir diversas&nbsp;<strong>linhas de pesquisa<\/strong>&nbsp;no&nbsp;<strong>programa<\/strong>.<\/p>\n\n\n\n<blockquote class=\"wp-block-quote is-layout-flow wp-block-quote-is-layout-flow\"><p>&#8220;Pode pesquisar para avaliar e analisar os efeitos socioambientais partindo da rela\u00e7\u00e3o complexa e integrada do ambiente numa vis\u00e3o social da utiliza\u00e7\u00e3o do conhecimento. Pode ainda, por exemplo, buscar an\u00e1lises nas rela\u00e7\u00f5es e conex\u00f5es ambientais de sociedades antigas no espa\u00e7o e tempo hist\u00f3rico, a partir de abordagens como a hist\u00f3ria ambiental&#8221; (Neli Galarce, coordenadora do PPGAD)<\/p><\/blockquote>\n\n\n\n<p>No&nbsp;<strong>programa<\/strong>&nbsp;s\u00e3o abordados&nbsp;<strong>aspectos b\u00e1sicos das ci\u00eancias ambientais<\/strong>&nbsp;que, conforme a professora, t\u00eam estreita&nbsp;<strong>rela\u00e7\u00e3o com a \u00e1rea de hist\u00f3ria<\/strong>: a&nbsp;<strong>intera\u00e7\u00e3o homem e natureza<\/strong>, a&nbsp;<strong>ocupa\u00e7\u00e3o do ambiente<\/strong>, os&nbsp;<strong>modelos de desenvolvimento<\/strong>, o&nbsp;<strong>planejamento do espa\u00e7o<\/strong>, a&nbsp;<strong>constru\u00e7\u00e3o dos saberes<\/strong>&nbsp;e a&nbsp;<strong>educa\u00e7\u00e3o para a sustentabilidade<\/strong>. Para ela, a&nbsp;<strong>linha de pesquisa<\/strong>&nbsp;<strong>Espa\u00e7o e Problemas Socioambientais<\/strong>&nbsp;\u00e9 a mais relevante para o&nbsp;<strong>historiador<\/strong>, pois&nbsp;<strong>estuda as intera\u00e7\u00f5es entre a sociedade e a natureza<\/strong>, abordando, entre outros assuntos,&nbsp;<strong>pol\u00edticas p\u00fablicas<\/strong>,&nbsp;<strong>hist\u00f3ria da sa\u00fade e ambiente<\/strong>,&nbsp;<strong>pr\u00e1ticas culturais<\/strong>&nbsp;e&nbsp;<strong>conceitos de cidadania em perspectivas sociopol\u00edticas<\/strong>.<\/p>\n\n\n\n<div class=\"bloco-gutenberg\">\n\n    <a href=\"https:\/\/materiais.univates.br\/com-que-curso-eu-vou-modalidade\" target=\"_blank\" class=\"guten-material\" style=\"background-color: #6b00e8; \">\n                    <img decoding=\"async\" src=\"https:\/\/www.univates.br\/blog\/wp-content\/uploads\/2022\/05\/Design-sem-nome-3.png\" loading=\"lazy\">\n                <div class=\"texto\">\n                            <span>Descubra seu perfil profissional e qual curso \u00e9 perfeito pra voc\u00ea<\/span>\n                            <strong>Baixar e-book<\/strong>\n                    <\/div>\n    <\/a>\n    <\/div>\n\n\n<h2 class=\"wp-block-heading\">Desenvolvendo prospectivas sobre o fazer e o ser historiador<\/h2>\n\n\n\n<div class=\"wp-block-media-text alignwide is-stacked-on-mobile\"><figure class=\"wp-block-media-text__media\"><img loading=\"lazy\" decoding=\"async\" width=\"291\" height=\"194\" src=\"https:\/\/desenvolvimento.bravo.st\/univatesblog\/wp-content\/uploads\/2022\/05\/1556144864.9733_300_300.jpg\" alt=\"\" class=\"wp-image-1018 size-full\" srcset=\"https:\/\/www.univates.br\/blog\/wp-content\/uploads\/2022\/05\/1556144864.9733_300_300.jpg 291w, https:\/\/www.univates.br\/blog\/wp-content\/uploads\/2022\/05\/1556144864.9733_300_300-150x100.jpg 150w\" sizes=\"auto, (max-width: 291px) 100vw, 291px\" \/><\/figure><div class=\"wp-block-media-text__content\">\n<p>Formado pela&nbsp;<strong>Univates<\/strong>&nbsp;na&nbsp;<strong>licenciatura em Hist\u00f3ria<\/strong>, Rodrigo M\u00fcller Marques \u00e9 atualmente&nbsp;<strong>professor<\/strong>&nbsp;na Escola Municipal de Ensino Fundamental Frei Vicente Kunrath, de Canudos do Vale. A&nbsp;<strong>vontade de ampliar suas possibilidades de conhecimento<\/strong>&nbsp;e o&nbsp;<strong>desejo de experimentar novos saberes<\/strong>&nbsp;fizeram-no iniciar o&nbsp;<strong>mestrado<\/strong>&nbsp;no&nbsp;<strong>PPGAD<\/strong>.<\/p>\n\n\n\n<p><em>(Foto: Nicole Mor\u00e1s)<\/em><\/p>\n<\/div><\/div>\n\n\n\n<blockquote class=\"wp-block-quote is-layout-flow wp-block-quote-is-layout-flow\"><p>&#8220;Escolhi a linha de pesquisa Espa\u00e7o e Problemas Socioambientais por ser poss\u00edvel pesquisar o que eu mais anseio saber: modos de transformar a educa\u00e7\u00e3o. Nessa linha eu consegui explorar a educa\u00e7\u00e3o ambiental, a forma\u00e7\u00e3o de professores, as tecnologias de m\u00eddia e as tecnologias sociais. Produzi, em conjunto com outros professores, belos v\u00eddeos a partir de uma forma\u00e7\u00e3o oferecida a escolas participantes da Resid\u00eancia Pedag\u00f3gica&#8221; (Rodrigo M\u00fcller Marques, aluno do PPGAD da Univates)<\/p><\/blockquote>\n\n\n\n<p>Rodrigo \u00e9 um dos 12 profissionais graduados em&nbsp;<strong>Hist\u00f3ria<\/strong>&nbsp;que integram ou j\u00e1 integraram a grade de estudantes do&nbsp;<strong>mestrado do PPGAD<\/strong>&nbsp;da&nbsp;<strong>Univates<\/strong>. Ele acredita que&nbsp;<strong>um dos principais diferenciais<\/strong>&nbsp;dessa linha para sua forma\u00e7\u00e3o \u00e9 a&nbsp;<strong>possibilidade de ter um olhar mais complexo sobre quest\u00f5es hist\u00f3ricas<\/strong>. \u201cIsso n\u00e3o quer dizer que o&nbsp;<strong>campo da hist\u00f3ria<\/strong>&nbsp;\u00e9 restrito, mas, ao pesquisar&nbsp;<strong>tecnologias no ensino<\/strong>&nbsp;e tamb\u00e9m as&nbsp;<strong>rela\u00e7\u00f5es entre homem e meio ambiente<\/strong>, o leque de possibilidades did\u00e1ticas, pedag\u00f3gicas e conceituais se amplia, tornando-me um&nbsp;<strong>melhor professor<\/strong>&nbsp;e potencializando um&nbsp;<strong>olhar mais plural e multifacetado sobre diversas quest\u00f5es<\/strong>&nbsp;que envolvem o&nbsp;<strong>conhecimento hist\u00f3rico<\/strong>&nbsp;e a&nbsp;<strong>doc\u00eancia<\/strong>\u201d, afirma.<\/p>\n\n\n\n<p>Rodrigo defende sua disserta\u00e7\u00e3o ainda neste ano. Para ele, muito mais que um futuro&nbsp;<strong>t\u00edtulo de mestre<\/strong>, o&nbsp;<strong>PPGAD<\/strong>&nbsp;lhe proporcionou \u201ca amplia\u00e7\u00e3o de horizontes sobre o fazer e o ser&nbsp;<strong>historiador<\/strong>&nbsp;e&nbsp;<strong>docente<\/strong>\u201d.<\/p>\n\n\n\n<div class=\"bloco-gutenberg\">\n\n    <a href=\"https:\/\/materiais.univates.br\/mercado-de-trabalho-modalidade\" target=\"_blank\" class=\"guten-material\" style=\"background-color: #01e37f; color: #0a0a0a;\">\n                    <img decoding=\"async\" src=\"https:\/\/www.univates.br\/blog\/wp-content\/uploads\/2022\/05\/Design-sem-nome-4.png\" loading=\"lazy\">\n                <div class=\"texto\">\n                            <span>Descubra como se destacar no mercado de trabalho<\/span>\n                            <strong>Baixar e-book<\/strong>\n                    <\/div>\n    <\/a>\n    <\/div>\n\n\n<h2 class=\"wp-block-heading\">Conhe\u00e7a mais hist\u00f3rias<\/h2>\n\n\n\n<p><a href=\"https:\/\/www.univates.br\/noticia\/21638-doutorandas-do-ppgad-apresentam-trabalhos-sobre-historia-ambiental-em-goias\">Doutorandas do PPGAD apresentam trabalhos sobre hist\u00f3ria ambiental em Goi\u00e1s<\/a><\/p>\n\n\n\n<p><a href=\"https:\/\/www.univates.br\/noticia\/20016-um-novo-olhar-sobre-a-historia-da-escravidao-no-vale-do-taquari\">Um novo olhar sobre a hist\u00f3ria da escravid\u00e3o no Vale do Taquari<\/a><\/p>\n\n\n\n<p><a href=\"https:\/\/www.univates.br\/noticia\/24236-aluna-do-ppgad-realiza-doutorado-sanduiche-na-italia\">Aluna realiza doutorado sandu\u00edche na It\u00e1lia<\/a><\/p>\n\n\n\n<p><a href=\"https:\/\/www.univates.br\/noticia\/20534-diplomado-participa-de-disciplina-do-ppgad\">Diplomado participa de disciplina do PPGAD<\/a><a href=\"https:\/\/materiais.univates.br\/mercado-de-trabalho-modalidade\" target=\"_blank\" rel=\"noreferrer noopener\"><\/a><\/p>\n\n\n\n<h2 class=\"wp-block-heading\">Regime intensivo<\/h2>\n\n\n\n<p>O&nbsp;<strong>PPGAD<\/strong>&nbsp;pode ser realizado no&nbsp;<a href=\"https:\/\/www.univates.br\/noticia\/24988-ppgs-da-univates-oferecem-opcao-de-regime-intensivo\">regime intensivo<\/a>. Nessa modalidade, os estudantes podem frequentar disciplinas intensivas nos meses de janeiro e julho e realizar suas pesquisas na cidade de origem. As atividades do regime intensivo ocorrem de segunda a sexta-feira, das 8h \u00e0s 12h e das 13h30min \u00e0s 17h30min. Saiba mais sobre o&nbsp;<strong>programa<\/strong>&nbsp;em&nbsp;<a href=\"https:\/\/www.univates.br\/ppgad\/\">www.univates.br\/ppgad<\/a>, pelo e-mail&nbsp;<a href=\"mailto:ppgad@univates.br\">ppgad@univates.br<\/a>&nbsp;ou pelos telefones (51) 3714-7058 ou (51) 3714-7000, ramal 5616.<\/p>\n","protected":false},"excerpt":{"rendered":"<p>Desde 2006, o&nbsp;Programa de P\u00f3s-Gradua\u00e7\u00e3o em Ambiente e Desenvolvimento&nbsp;(PPGAD) da&nbsp;Univates&nbsp;capacita&nbsp;pessoas&nbsp;graduadas em diferentes \u00e1reas de atua\u00e7\u00e3o para&nbsp;avaliar,&nbsp;diagnosticar&nbsp;e&nbsp;propor solu\u00e7\u00f5es&nbsp;para&nbsp;problemas ambientais. No decorrer dos \u00faltimos 13 anos, muitos profissionais passaram pelo&nbsp;Programa de P\u00f3s-Gradua\u00e7\u00e3o&nbsp;Stricto Sensu&nbsp;da&nbsp;Universidade, principalmente os&nbsp;formados em Hist\u00f3ria. Conforme a coordenadora do&nbsp;programa, Dra.\u2026<\/p>\n","protected":false},"author":2,"featured_media":0,"comment_status":"open","ping_status":"open","sticky":false,"template":"","format":"standard","meta":{"_acf_changed":false,"footnotes":""},"categories":[69,7],"class_list":["post-1017","post","type-post","status-publish","format-standard","hentry","category-pos-graduacao","category-univates","autor-carla-bagnara","area-pos-graduacao"],"acf":[],"yoast_head":"<!-- This site is optimized with the Yoast SEO plugin v27.3 - https:\/\/yoast.com\/product\/yoast-seo-wordpress\/ -->\n<title>Profissionais da Hist\u00f3ria encontram diferenciais no PPGAD da nossa Universidade - Univates Blog<\/title>\n<meta name=\"robots\" content=\"index, follow, max-snippet:-1, max-image-preview:large, max-video-preview:-1\" \/>\n<link rel=\"canonical\" href=\"https:\/\/www.univates.br\/blog\/profissionais-da-historia-encontram-diferenciais-no-ppgad-da-nossa-universidade\/\" \/>\n<meta property=\"og:locale\" content=\"pt_BR\" \/>\n<meta property=\"og:type\" content=\"article\" \/>\n<meta property=\"og:title\" content=\"Profissionais da Hist\u00f3ria encontram diferenciais no PPGAD da nossa Universidade - Univates Blog\" \/>\n<meta property=\"og:description\" content=\"Desde 2006, o&nbsp;Programa de P\u00f3s-Gradua\u00e7\u00e3o em Ambiente e Desenvolvimento&nbsp;(PPGAD) da&nbsp;Univates&nbsp;capacita&nbsp;pessoas&nbsp;graduadas em diferentes \u00e1reas de atua\u00e7\u00e3o para&nbsp;avaliar,&nbsp;diagnosticar&nbsp;e&nbsp;propor solu\u00e7\u00f5es&nbsp;para&nbsp;problemas ambientais. No decorrer dos \u00faltimos 13 anos, muitos profissionais passaram pelo&nbsp;Programa de P\u00f3s-Gradua\u00e7\u00e3o&nbsp;Stricto Sensu&nbsp;da&nbsp;Universidade, principalmente os&nbsp;formados em Hist\u00f3ria. Conforme a coordenadora do&nbsp;programa, Dra.\u2026\" \/>\n<meta property=\"og:url\" content=\"https:\/\/www.univates.br\/blog\/profissionais-da-historia-encontram-diferenciais-no-ppgad-da-nossa-universidade\/\" \/>\n<meta property=\"og:site_name\" content=\"Univates Blog\" \/>\n<meta property=\"article:published_time\" content=\"2022-05-09T12:22:54+00:00\" \/>\n<meta property=\"article:modified_time\" content=\"2023-12-20T13:06:27+00:00\" \/>\n<meta property=\"og:image\" content=\"https:\/\/desenvolvimento.bravo.st\/univatesblog\/wp-content\/uploads\/2022\/05\/1556144864.9733_300_300.jpg\" \/>\n<meta name=\"author\" content=\"Marketing Univates\" \/>\n<meta name=\"twitter:card\" content=\"summary_large_image\" \/>\n<meta name=\"twitter:label1\" content=\"Escrito por\" \/>\n\t<meta name=\"twitter:data1\" content=\"Marketing Univates\" \/>\n\t<meta name=\"twitter:label2\" content=\"Est. tempo de leitura\" \/>\n\t<meta name=\"twitter:data2\" content=\"4 minutos\" \/>\n<script type=\"application\/ld+json\" class=\"yoast-schema-graph\">{\"@context\":\"https:\\\/\\\/schema.org\",\"@graph\":[{\"@type\":\"Article\",\"@id\":\"https:\\\/\\\/www.univates.br\\\/blog\\\/profissionais-da-historia-encontram-diferenciais-no-ppgad-da-nossa-universidade\\\/#article\",\"isPartOf\":{\"@id\":\"https:\\\/\\\/www.univates.br\\\/blog\\\/profissionais-da-historia-encontram-diferenciais-no-ppgad-da-nossa-universidade\\\/\"},\"author\":{\"name\":\"Marketing Univates\",\"@id\":\"https:\\\/\\\/www.univates.br\\\/blog\\\/#\\\/schema\\\/person\\\/15c63917440cc5e70160c247b309af2f\"},\"headline\":\"Profissionais da Hist\u00f3ria encontram diferenciais no PPGAD da nossa Universidade\",\"datePublished\":\"2022-05-09T12:22:54+00:00\",\"dateModified\":\"2023-12-20T13:06:27+00:00\",\"mainEntityOfPage\":{\"@id\":\"https:\\\/\\\/www.univates.br\\\/blog\\\/profissionais-da-historia-encontram-diferenciais-no-ppgad-da-nossa-universidade\\\/\"},\"wordCount\":848,\"commentCount\":0,\"image\":{\"@id\":\"https:\\\/\\\/www.univates.br\\\/blog\\\/profissionais-da-historia-encontram-diferenciais-no-ppgad-da-nossa-universidade\\\/#primaryimage\"},\"thumbnailUrl\":\"https:\\\/\\\/desenvolvimento.bravo.st\\\/univatesblog\\\/wp-content\\\/uploads\\\/2022\\\/05\\\/1556144864.9733_300_300.jpg\",\"articleSection\":[\"P\u00f3s-gradua\u00e7\u00e3o\",\"Univates\"],\"inLanguage\":\"pt-BR\",\"potentialAction\":[{\"@type\":\"CommentAction\",\"name\":\"Comment\",\"target\":[\"https:\\\/\\\/www.univates.br\\\/blog\\\/profissionais-da-historia-encontram-diferenciais-no-ppgad-da-nossa-universidade\\\/#respond\"]}]},{\"@type\":\"WebPage\",\"@id\":\"https:\\\/\\\/www.univates.br\\\/blog\\\/profissionais-da-historia-encontram-diferenciais-no-ppgad-da-nossa-universidade\\\/\",\"url\":\"https:\\\/\\\/www.univates.br\\\/blog\\\/profissionais-da-historia-encontram-diferenciais-no-ppgad-da-nossa-universidade\\\/\",\"name\":\"Profissionais da Hist\u00f3ria encontram diferenciais no PPGAD da nossa Universidade - Univates Blog\",\"isPartOf\":{\"@id\":\"https:\\\/\\\/www.univates.br\\\/blog\\\/#website\"},\"primaryImageOfPage\":{\"@id\":\"https:\\\/\\\/www.univates.br\\\/blog\\\/profissionais-da-historia-encontram-diferenciais-no-ppgad-da-nossa-universidade\\\/#primaryimage\"},\"image\":{\"@id\":\"https:\\\/\\\/www.univates.br\\\/blog\\\/profissionais-da-historia-encontram-diferenciais-no-ppgad-da-nossa-universidade\\\/#primaryimage\"},\"thumbnailUrl\":\"https:\\\/\\\/desenvolvimento.bravo.st\\\/univatesblog\\\/wp-content\\\/uploads\\\/2022\\\/05\\\/1556144864.9733_300_300.jpg\",\"datePublished\":\"2022-05-09T12:22:54+00:00\",\"dateModified\":\"2023-12-20T13:06:27+00:00\",\"author\":{\"@id\":\"https:\\\/\\\/www.univates.br\\\/blog\\\/#\\\/schema\\\/person\\\/15c63917440cc5e70160c247b309af2f\"},\"breadcrumb\":{\"@id\":\"https:\\\/\\\/www.univates.br\\\/blog\\\/profissionais-da-historia-encontram-diferenciais-no-ppgad-da-nossa-universidade\\\/#breadcrumb\"},\"inLanguage\":\"pt-BR\",\"potentialAction\":[{\"@type\":\"ReadAction\",\"target\":[\"https:\\\/\\\/www.univates.br\\\/blog\\\/profissionais-da-historia-encontram-diferenciais-no-ppgad-da-nossa-universidade\\\/\"]}]},{\"@type\":\"ImageObject\",\"inLanguage\":\"pt-BR\",\"@id\":\"https:\\\/\\\/www.univates.br\\\/blog\\\/profissionais-da-historia-encontram-diferenciais-no-ppgad-da-nossa-universidade\\\/#primaryimage\",\"url\":\"https:\\\/\\\/desenvolvimento.bravo.st\\\/univatesblog\\\/wp-content\\\/uploads\\\/2022\\\/05\\\/1556144864.9733_300_300.jpg\",\"contentUrl\":\"https:\\\/\\\/desenvolvimento.bravo.st\\\/univatesblog\\\/wp-content\\\/uploads\\\/2022\\\/05\\\/1556144864.9733_300_300.jpg\"},{\"@type\":\"BreadcrumbList\",\"@id\":\"https:\\\/\\\/www.univates.br\\\/blog\\\/profissionais-da-historia-encontram-diferenciais-no-ppgad-da-nossa-universidade\\\/#breadcrumb\",\"itemListElement\":[{\"@type\":\"ListItem\",\"position\":1,\"name\":\"Home\",\"item\":\"https:\\\/\\\/www.univates.br\\\/blog\\\/\"},{\"@type\":\"ListItem\",\"position\":2,\"name\":\"Profissionais da Hist\u00f3ria encontram diferenciais no PPGAD da nossa Universidade\"}]},{\"@type\":\"WebSite\",\"@id\":\"https:\\\/\\\/www.univates.br\\\/blog\\\/#website\",\"url\":\"https:\\\/\\\/www.univates.br\\\/blog\\\/\",\"name\":\"Univates Blog\",\"description\":\"\",\"potentialAction\":[{\"@type\":\"SearchAction\",\"target\":{\"@type\":\"EntryPoint\",\"urlTemplate\":\"https:\\\/\\\/www.univates.br\\\/blog\\\/?s={search_term_string}\"},\"query-input\":{\"@type\":\"PropertyValueSpecification\",\"valueRequired\":true,\"valueName\":\"search_term_string\"}}],\"inLanguage\":\"pt-BR\"},{\"@type\":\"Person\",\"@id\":\"https:\\\/\\\/www.univates.br\\\/blog\\\/#\\\/schema\\\/person\\\/15c63917440cc5e70160c247b309af2f\",\"name\":\"Marketing Univates\",\"image\":{\"@type\":\"ImageObject\",\"inLanguage\":\"pt-BR\",\"@id\":\"https:\\\/\\\/secure.gravatar.com\\\/avatar\\\/511f9e77a6a3d0cddd9074f69a722364bc7f787e73d4a0da1f727ba62704eda4?s=96&d=mm&r=g\",\"url\":\"https:\\\/\\\/secure.gravatar.com\\\/avatar\\\/511f9e77a6a3d0cddd9074f69a722364bc7f787e73d4a0da1f727ba62704eda4?s=96&d=mm&r=g\",\"contentUrl\":\"https:\\\/\\\/secure.gravatar.com\\\/avatar\\\/511f9e77a6a3d0cddd9074f69a722364bc7f787e73d4a0da1f727ba62704eda4?s=96&d=mm&r=g\",\"caption\":\"Marketing Univates\"},\"sameAs\":[\"http:\\\/\\\/univates.br\"],\"url\":\"https:\\\/\\\/www.univates.br\\\/blog\\\/author\\\/marketing\\\/\"}]}<\/script>\n<!-- \/ Yoast SEO plugin. -->","yoast_head_json":{"title":"Profissionais da Hist\u00f3ria encontram diferenciais no PPGAD da nossa Universidade - Univates Blog","robots":{"index":"index","follow":"follow","max-snippet":"max-snippet:-1","max-image-preview":"max-image-preview:large","max-video-preview":"max-video-preview:-1"},"canonical":"https:\/\/www.univates.br\/blog\/profissionais-da-historia-encontram-diferenciais-no-ppgad-da-nossa-universidade\/","og_locale":"pt_BR","og_type":"article","og_title":"Profissionais da Hist\u00f3ria encontram diferenciais no PPGAD da nossa Universidade - Univates Blog","og_description":"Desde 2006, o&nbsp;Programa de P\u00f3s-Gradua\u00e7\u00e3o em Ambiente e Desenvolvimento&nbsp;(PPGAD) da&nbsp;Univates&nbsp;capacita&nbsp;pessoas&nbsp;graduadas em diferentes \u00e1reas de atua\u00e7\u00e3o para&nbsp;avaliar,&nbsp;diagnosticar&nbsp;e&nbsp;propor solu\u00e7\u00f5es&nbsp;para&nbsp;problemas ambientais. No decorrer dos \u00faltimos 13 anos, muitos profissionais passaram pelo&nbsp;Programa de P\u00f3s-Gradua\u00e7\u00e3o&nbsp;Stricto Sensu&nbsp;da&nbsp;Universidade, principalmente os&nbsp;formados em Hist\u00f3ria. Conforme a coordenadora do&nbsp;programa, Dra.\u2026","og_url":"https:\/\/www.univates.br\/blog\/profissionais-da-historia-encontram-diferenciais-no-ppgad-da-nossa-universidade\/","og_site_name":"Univates Blog","article_published_time":"2022-05-09T12:22:54+00:00","article_modified_time":"2023-12-20T13:06:27+00:00","og_image":[{"url":"https:\/\/desenvolvimento.bravo.st\/univatesblog\/wp-content\/uploads\/2022\/05\/1556144864.9733_300_300.jpg","type":"","width":"","height":""}],"author":"Marketing Univates","twitter_card":"summary_large_image","twitter_misc":{"Escrito por":"Marketing Univates","Est. tempo de leitura":"4 minutos"},"schema":{"@context":"https:\/\/schema.org","@graph":[{"@type":"Article","@id":"https:\/\/www.univates.br\/blog\/profissionais-da-historia-encontram-diferenciais-no-ppgad-da-nossa-universidade\/#article","isPartOf":{"@id":"https:\/\/www.univates.br\/blog\/profissionais-da-historia-encontram-diferenciais-no-ppgad-da-nossa-universidade\/"},"author":{"name":"Marketing Univates","@id":"https:\/\/www.univates.br\/blog\/#\/schema\/person\/15c63917440cc5e70160c247b309af2f"},"headline":"Profissionais da Hist\u00f3ria encontram diferenciais no PPGAD da nossa Universidade","datePublished":"2022-05-09T12:22:54+00:00","dateModified":"2023-12-20T13:06:27+00:00","mainEntityOfPage":{"@id":"https:\/\/www.univates.br\/blog\/profissionais-da-historia-encontram-diferenciais-no-ppgad-da-nossa-universidade\/"},"wordCount":848,"commentCount":0,"image":{"@id":"https:\/\/www.univates.br\/blog\/profissionais-da-historia-encontram-diferenciais-no-ppgad-da-nossa-universidade\/#primaryimage"},"thumbnailUrl":"https:\/\/desenvolvimento.bravo.st\/univatesblog\/wp-content\/uploads\/2022\/05\/1556144864.9733_300_300.jpg","articleSection":["P\u00f3s-gradua\u00e7\u00e3o","Univates"],"inLanguage":"pt-BR","potentialAction":[{"@type":"CommentAction","name":"Comment","target":["https:\/\/www.univates.br\/blog\/profissionais-da-historia-encontram-diferenciais-no-ppgad-da-nossa-universidade\/#respond"]}]},{"@type":"WebPage","@id":"https:\/\/www.univates.br\/blog\/profissionais-da-historia-encontram-diferenciais-no-ppgad-da-nossa-universidade\/","url":"https:\/\/www.univates.br\/blog\/profissionais-da-historia-encontram-diferenciais-no-ppgad-da-nossa-universidade\/","name":"Profissionais da Hist\u00f3ria encontram diferenciais no PPGAD da nossa Universidade - Univates Blog","isPartOf":{"@id":"https:\/\/www.univates.br\/blog\/#website"},"primaryImageOfPage":{"@id":"https:\/\/www.univates.br\/blog\/profissionais-da-historia-encontram-diferenciais-no-ppgad-da-nossa-universidade\/#primaryimage"},"image":{"@id":"https:\/\/www.univates.br\/blog\/profissionais-da-historia-encontram-diferenciais-no-ppgad-da-nossa-universidade\/#primaryimage"},"thumbnailUrl":"https:\/\/desenvolvimento.bravo.st\/univatesblog\/wp-content\/uploads\/2022\/05\/1556144864.9733_300_300.jpg","datePublished":"2022-05-09T12:22:54+00:00","dateModified":"2023-12-20T13:06:27+00:00","author":{"@id":"https:\/\/www.univates.br\/blog\/#\/schema\/person\/15c63917440cc5e70160c247b309af2f"},"breadcrumb":{"@id":"https:\/\/www.univates.br\/blog\/profissionais-da-historia-encontram-diferenciais-no-ppgad-da-nossa-universidade\/#breadcrumb"},"inLanguage":"pt-BR","potentialAction":[{"@type":"ReadAction","target":["https:\/\/www.univates.br\/blog\/profissionais-da-historia-encontram-diferenciais-no-ppgad-da-nossa-universidade\/"]}]},{"@type":"ImageObject","inLanguage":"pt-BR","@id":"https:\/\/www.univates.br\/blog\/profissionais-da-historia-encontram-diferenciais-no-ppgad-da-nossa-universidade\/#primaryimage","url":"https:\/\/desenvolvimento.bravo.st\/univatesblog\/wp-content\/uploads\/2022\/05\/1556144864.9733_300_300.jpg","contentUrl":"https:\/\/desenvolvimento.bravo.st\/univatesblog\/wp-content\/uploads\/2022\/05\/1556144864.9733_300_300.jpg"},{"@type":"BreadcrumbList","@id":"https:\/\/www.univates.br\/blog\/profissionais-da-historia-encontram-diferenciais-no-ppgad-da-nossa-universidade\/#breadcrumb","itemListElement":[{"@type":"ListItem","position":1,"name":"Home","item":"https:\/\/www.univates.br\/blog\/"},{"@type":"ListItem","position":2,"name":"Profissionais da Hist\u00f3ria encontram diferenciais no PPGAD da nossa Universidade"}]},{"@type":"WebSite","@id":"https:\/\/www.univates.br\/blog\/#website","url":"https:\/\/www.univates.br\/blog\/","name":"Univates Blog","description":"","potentialAction":[{"@type":"SearchAction","target":{"@type":"EntryPoint","urlTemplate":"https:\/\/www.univates.br\/blog\/?s={search_term_string}"},"query-input":{"@type":"PropertyValueSpecification","valueRequired":true,"valueName":"search_term_string"}}],"inLanguage":"pt-BR"},{"@type":"Person","@id":"https:\/\/www.univates.br\/blog\/#\/schema\/person\/15c63917440cc5e70160c247b309af2f","name":"Marketing Univates","image":{"@type":"ImageObject","inLanguage":"pt-BR","@id":"https:\/\/secure.gravatar.com\/avatar\/511f9e77a6a3d0cddd9074f69a722364bc7f787e73d4a0da1f727ba62704eda4?s=96&d=mm&r=g","url":"https:\/\/secure.gravatar.com\/avatar\/511f9e77a6a3d0cddd9074f69a722364bc7f787e73d4a0da1f727ba62704eda4?s=96&d=mm&r=g","contentUrl":"https:\/\/secure.gravatar.com\/avatar\/511f9e77a6a3d0cddd9074f69a722364bc7f787e73d4a0da1f727ba62704eda4?s=96&d=mm&r=g","caption":"Marketing Univates"},"sameAs":["http:\/\/univates.br"],"url":"https:\/\/www.univates.br\/blog\/author\/marketing\/"}]}},"_links":{"self":[{"href":"https:\/\/www.univates.br\/blog\/wp-json\/wp\/v2\/posts\/1017","targetHints":{"allow":["GET"]}}],"collection":[{"href":"https:\/\/www.univates.br\/blog\/wp-json\/wp\/v2\/posts"}],"about":[{"href":"https:\/\/www.univates.br\/blog\/wp-json\/wp\/v2\/types\/post"}],"author":[{"embeddable":true,"href":"https:\/\/www.univates.br\/blog\/wp-json\/wp\/v2\/users\/2"}],"replies":[{"embeddable":true,"href":"https:\/\/www.univates.br\/blog\/wp-json\/wp\/v2\/comments?post=1017"}],"version-history":[{"count":15,"href":"https:\/\/www.univates.br\/blog\/wp-json\/wp\/v2\/posts\/1017\/revisions"}],"predecessor-version":[{"id":4389,"href":"https:\/\/www.univates.br\/blog\/wp-json\/wp\/v2\/posts\/1017\/revisions\/4389"}],"wp:attachment":[{"href":"https:\/\/www.univates.br\/blog\/wp-json\/wp\/v2\/media?parent=1017"}],"wp:term":[{"taxonomy":"category","embeddable":true,"href":"https:\/\/www.univates.br\/blog\/wp-json\/wp\/v2\/categories?post=1017"}],"curies":[{"name":"wp","href":"https:\/\/api.w.org\/{rel}","templated":true}]}}