{"id":1032,"date":"2022-05-09T09:35:14","date_gmt":"2022-05-09T12:35:14","guid":{"rendered":"https:\/\/desenvolvimento.bravo.st\/univatesblog\/?p=1032"},"modified":"2023-12-20T09:59:46","modified_gmt":"2023-12-20T12:59:46","slug":"ppgad-quando-gestao-e-ambiente-se-encontram","status":"publish","type":"post","link":"https:\/\/www.univates.br\/blog\/ppgad-quando-gestao-e-ambiente-se-encontram\/","title":{"rendered":"PPGAD: quando gest\u00e3o e ambiente se encontram"},"content":{"rendered":"\n<p>S\u00e3o quatro os&nbsp;<strong>princ\u00edpios<\/strong>&nbsp;que norteiam o&nbsp;<a href=\"https:\/\/www.univates.br\/ppgad\/\">Programa de P\u00f3s-Gradua\u00e7\u00e3o em Ambiente e Desenvolvimento<\/a>&nbsp;<strong>(PPGAD)<\/strong>&nbsp;da&nbsp;<strong>Univates<\/strong>. O primeiro deles fundamenta a&nbsp;<strong>difus\u00e3o de conceitos<\/strong>&nbsp;e a&nbsp;<strong>ado\u00e7\u00e3o de t\u00e9cnicas<\/strong>&nbsp;capazes de&nbsp;<strong>viabilizar intera\u00e7\u00f5es saud\u00e1veis no ambiente<\/strong>. Como segundo objetivo est\u00e1 a&nbsp;<strong>aplica\u00e7\u00e3o e o desenvolvimento de tecnologias redutoras de impactos humanos na natureza<\/strong>.<\/p>\n\n\n\n<p>O&nbsp;<strong>Programa<\/strong>&nbsp;busca, tamb\u00e9m, formar profissionais que possam&nbsp;<strong>avaliar<\/strong>,&nbsp;<strong>diagnosticar e propor solu\u00e7\u00f5es<\/strong>&nbsp;para&nbsp;<strong>problemas ambientais<\/strong>. Por fim, mas n\u00e3o menos importante, procura-se&nbsp;<strong>criar e disponibilizar uma rede de conhecimentos<\/strong>&nbsp;tang\u00edvel a diferentes agentes sociais.<\/p>\n\n\n\n<p>Estudantes graduados de qualquer \u00e1rea podem participar dos&nbsp;<strong>processos seletivos<\/strong>&nbsp;para o&nbsp;<strong>mestrado<\/strong>&nbsp;e o&nbsp;<strong>doutorado<\/strong>&nbsp;do&nbsp;<strong>PPGAD<\/strong>. Est\u00e3o inscritos no&nbsp;<strong>programa de p\u00f3s<\/strong>&nbsp;alunos que cursaram anteriormente, por exemplo,&nbsp;<a href=\"https:\/\/www.univates.br\/graduacao\/administracao-de-empresas\">Administra\u00e7\u00e3o de Empresas<\/a>. H\u00e1 preocupa\u00e7\u00e3o em incentivar nos diplomados&nbsp;<strong>esp\u00edrito cr\u00edtico e investigativo<\/strong>, a fim de capacit\u00e1-los para a&nbsp;<strong>plena resolu\u00e7\u00e3o de impasses ambientais<\/strong>. A forma\u00e7\u00e3o acad\u00eamica da&nbsp;<strong>Univates<\/strong>&nbsp;fornece as&nbsp;<strong>bases necess\u00e1rias<\/strong>&nbsp;para que os indiv\u00edduos incrementem seus curr\u00edculos e conservem o meio que os acolhe.<\/p>\n\n\n\n<h2 class=\"wp-block-heading\">Olhando para um munic\u00edpio do Mato Grosso a partir do PPGAD<\/h2>\n\n\n\n<p>O professor do&nbsp;<strong>curso de Administra\u00e7\u00e3o de Empresas<\/strong>&nbsp;da Universidade do Estado do Mato Grosso (Unemat) Luciano Aparecido de Oliveira chegou ao&nbsp;<strong>Programa de P\u00f3s-Gradua\u00e7\u00e3o em Ambiente e Desenvolvimento<\/strong>&nbsp;em 2016. Ele conta que a necessidade de compreender mais profundamente as particularidades de sua forma\u00e7\u00e3o profissional o motivou a iniciar um&nbsp;<strong>mestrado<\/strong>, conclu\u00eddo em 2018. \u201cNo s\u00e9culo 21, as profiss\u00f5es t\u00eam passado por processos de inova\u00e7\u00e3o e transforma\u00e7\u00f5es cont\u00ednuas. Precisei&nbsp;<strong>ampliar meu conhecimento<\/strong>,&nbsp;<strong>percebendo o mundo de uma forma multidisciplinar<\/strong>\u201d.<\/p>\n\n\n\n<p>Luciano atualmente \u00e9 aluno do&nbsp;<strong>programa de doutorado<\/strong>&nbsp;e integra o&nbsp;<strong>Laborat\u00f3rio de Evolu\u00e7\u00e3o de Biomas<\/strong>. Ali ele pesquisa sobre a constru\u00e7\u00e3o, o uso e a ocupa\u00e7\u00e3o do solo no munic\u00edpio mato-grossense de Juara. Os estudos realizados pelo administrador contribuem para a&nbsp;<strong>compreens\u00e3o social, geogr\u00e1fica, geoespacial, geopol\u00edtica, ambiental e econ\u00f4mica<\/strong>&nbsp;da regi\u00e3o. \u201cAl\u00e9m disso, as investiga\u00e7\u00f5es auxiliam diretamente no conhecimento e na constru\u00e7\u00e3o de alternativas em&nbsp;<strong>ambiente legal e administrativo<\/strong>&nbsp;para a localidade\u201d, complementa.<\/p>\n\n\n\n<p>O doutorando explica que o&nbsp;<strong>PPGAD<\/strong>&nbsp;da&nbsp;<strong>Univates<\/strong>&nbsp;\u00e9&nbsp;<strong>eficiente<\/strong>, pois adota&nbsp;<strong>metodologias ativas<\/strong>, incentiva o&nbsp;<strong>trabalho inter e multidisciplinar<\/strong>&nbsp;e prioriza, al\u00e9m da forma\u00e7\u00e3o profissional, o&nbsp;<strong>desenvolvimento humano<\/strong>. \u201cAssim vejo o mundo e a minha profiss\u00e3o e n\u00e3o o mundo a partir da minha profiss\u00e3o\u201d. Luciano destaca que a&nbsp;<strong>p\u00f3s-gradua\u00e7\u00e3o<\/strong>&nbsp;lhe auxiliou a&nbsp;<strong>compreender a import\u00e2ncia de continuar se atualizando<\/strong>.&nbsp;<\/p>\n\n\n\n<div class=\"wp-block-media-text alignwide is-stacked-on-mobile\"><figure class=\"wp-block-media-text__media\"><img loading=\"lazy\" decoding=\"async\" width=\"292\" height=\"292\" src=\"https:\/\/desenvolvimento.bravo.st\/univatesblog\/wp-content\/uploads\/2022\/05\/1554332821.5364_300_300.jpg\" alt=\"\" class=\"wp-image-1033 size-full\" srcset=\"https:\/\/www.univates.br\/blog\/wp-content\/uploads\/2022\/05\/1554332821.5364_300_300.jpg 292w, https:\/\/www.univates.br\/blog\/wp-content\/uploads\/2022\/05\/1554332821.5364_300_300-150x150.jpg 150w\" sizes=\"auto, (max-width: 292px) 100vw, 292px\" \/><\/figure><div class=\"wp-block-media-text__content\">\n<blockquote class=\"wp-block-quote is-layout-flow wp-block-quote-is-layout-flow\"><p>&#8220;O profissional contempor\u00e2neo pode involuir do quadro de mestre para analfabeto se n\u00e3o quiser mais aprender, estudar, ler e construir conhecimento&#8221; (Luciano Aparecido de Oliveira, discente do PPGAD da Univates)<\/p><p><em>(Foto: Divulga\u00e7\u00e3o)<\/em><\/p><\/blockquote>\n<\/div><\/div>\n\n\n\n<div class=\"bloco-gutenberg\">\n\n    <a href=\"https:\/\/materiais.univates.br\/saiba-qual-profissao-e-a-sua-cara\" target=\"_blank\" class=\"guten-material\" style=\"background-color: #ff5d4a; color: #0a0a0a;\">\n                    <img decoding=\"async\" src=\"https:\/\/www.univates.br\/blog\/wp-content\/uploads\/2022\/05\/Design-sem-nome-4.png\" loading=\"lazy\">\n                <div class=\"texto\">\n                            <span>Saiba qual profiss\u00e3o \u00e9 a sua cara<\/span>\n                            <strong>Baixar e-book<\/strong>\n                    <\/div>\n    <\/a>\n    <\/div>\n\n\n<h2 class=\"wp-block-heading\">Gest\u00e3o de recursos e a cadeia leiteira<a rel=\"noreferrer noopener\" href=\"https:\/\/materiais.univates.br\/e-book-saiba-qual-profissao-e-a-sua-cara\" target=\"_blank\"><\/a><\/h2>\n\n\n\n<p>Outro estudante do&nbsp;<strong>programa de doutorado<\/strong>&nbsp;\u00e9 Bruno Nonnemacher B\u00fcttenbender. Assim como Luciano, Bruno anteriormente desenvolveu uma&nbsp;<strong>disserta\u00e7\u00e3o de mestrado<\/strong>&nbsp;no&nbsp;<strong>PPGAD<\/strong>. \u201cRealizei&nbsp;<strong>pesquisas<\/strong>&nbsp;relacionadas ao consumo de recursos h\u00eddricos na produ\u00e7\u00e3o de leite, extremamente relevantes na&nbsp;<strong>regi\u00e3o do Vale do Taquari<\/strong>&nbsp;e nos&nbsp;<strong>cen\u00e1rios estadual e nacional<\/strong>\u201d. Ele relata que o objetivo das investiga\u00e7\u00f5es era propor um grupo de estrat\u00e9gias de gest\u00e3o desses recursos nas propriedades produtoras de leite, aproximando-se, assim, de uma&nbsp;<strong>administra\u00e7\u00e3o sustent\u00e1vel<\/strong>&nbsp;da atividade.<\/p>\n\n\n\n<p>Falando em aproxima\u00e7\u00e3o, Bruno destaca que o&nbsp;<strong>PPGAD<\/strong>&nbsp;<strong>viabiliza a uni\u00e3o entre o meio da gest\u00e3o empresarial e os aspectos de espa\u00e7o e problemas socioambientais<\/strong>. \u201cOutras duas&nbsp;<strong>linhas de pesquisa<\/strong>&nbsp;do&nbsp;<strong>programa<\/strong>&nbsp;pautam-se no&nbsp;<strong>car\u00e1ter ecol\u00f3gico<\/strong>&nbsp;e na&nbsp;<strong>rela\u00e7\u00e3o das tecnologias com o meio ambiente<\/strong>\u201d, explica.<\/p>\n\n\n\n<p>Bruno atualmente \u00e9 bolsista integral da Coordena\u00e7\u00e3o de Aperfei\u00e7oamento de Pessoal de N\u00edvel Superior (Capes) no&nbsp;<strong>PPGAD<\/strong>&nbsp;e dedica-se, integralmente, \u00e0&nbsp;<strong>pesquisa<\/strong>&nbsp;na&nbsp;<strong>Univates<\/strong>. A fun\u00e7\u00e3o, segundo ele, auxilia na&nbsp;<strong>estrutura\u00e7\u00e3o de seu pensamento cr\u00edtico complexo<\/strong>. O doutorando acrescenta:&nbsp;<\/p>\n\n\n\n<div class=\"wp-block-media-text alignwide is-stacked-on-mobile\"><figure class=\"wp-block-media-text__media\"><img loading=\"lazy\" decoding=\"async\" width=\"291\" height=\"194\" src=\"https:\/\/desenvolvimento.bravo.st\/univatesblog\/wp-content\/uploads\/2022\/05\/1554332821.5649_300_300.jpg\" alt=\"\" class=\"wp-image-1034 size-full\" srcset=\"https:\/\/www.univates.br\/blog\/wp-content\/uploads\/2022\/05\/1554332821.5649_300_300.jpg 291w, https:\/\/www.univates.br\/blog\/wp-content\/uploads\/2022\/05\/1554332821.5649_300_300-150x100.jpg 150w\" sizes=\"auto, (max-width: 291px) 100vw, 291px\" \/><\/figure><div class=\"wp-block-media-text__content\">\n<blockquote class=\"wp-block-quote is-layout-flow wp-block-quote-is-layout-flow\"><p>&#8220;<em>H\u00e1, ainda, a fundamenta\u00e7\u00e3o do conte\u00fado base para a execu\u00e7\u00e3o das investiga\u00e7\u00f5es. Por meio do corpo discente e dos materiais dispon\u00edveis fisicamente, consigo efetuar e desenvolver minha pesquisa, utilizando verdades globais para a reformula\u00e7\u00e3o de modelos de gest\u00e3o locais<\/em>&#8220;<\/p><p><em>(Foto: Divulga\u00e7\u00e3o)<\/em><\/p><\/blockquote>\n<\/div><\/div>\n\n\n\n<p>Voc\u00ea tamb\u00e9m \u00e9 da&nbsp;<strong>\u00e1rea de gest\u00e3o ou administra\u00e7\u00e3o<\/strong>&nbsp;e pensa em fazer&nbsp;<strong>mestrado<\/strong>&nbsp;ou&nbsp;<strong>doutorado<\/strong>? Saiba mais sobre o&nbsp;<strong>PPGAD<\/strong>&nbsp;em&nbsp;<a href=\"https:\/\/www.univates.br\/ppgad\/\">https:\/\/www.univates.br\/ppgad\/<\/a>, pelo&nbsp;<em>e-mail<\/em>&nbsp;<a href=\"mailto:ppgad@univates.br\">ppgad@univates.br<\/a>&nbsp;ou pelos telefones (51) 3714-7058 ou 3714-7000, ramal 5616.&nbsp;<\/p>\n","protected":false},"excerpt":{"rendered":"<p>S\u00e3o quatro os&nbsp;princ\u00edpios&nbsp;que norteiam o&nbsp;Programa de P\u00f3s-Gradua\u00e7\u00e3o em Ambiente e Desenvolvimento&nbsp;(PPGAD)&nbsp;da&nbsp;Univates. O primeiro deles fundamenta a&nbsp;difus\u00e3o de conceitos&nbsp;e a&nbsp;ado\u00e7\u00e3o de t\u00e9cnicas&nbsp;capazes de&nbsp;viabilizar intera\u00e7\u00f5es saud\u00e1veis no ambiente. Como segundo objetivo est\u00e1 a&nbsp;aplica\u00e7\u00e3o e o desenvolvimento de tecnologias redutoras de impactos humanos\u2026<\/p>\n","protected":false},"author":2,"featured_media":0,"comment_status":"open","ping_status":"open","sticky":false,"template":"","format":"standard","meta":{"_acf_changed":false,"footnotes":""},"categories":[69,7],"class_list":["post-1032","post","type-post","status-publish","format-standard","hentry","category-pos-graduacao","category-univates","autor-lais-pontin-matos","area-pos-graduacao"],"acf":[],"yoast_head":"<!-- This site is optimized with the Yoast SEO plugin v27.3 - https:\/\/yoast.com\/product\/yoast-seo-wordpress\/ -->\n<title>PPGAD: quando gest\u00e3o e ambiente se encontram - Univates Blog<\/title>\n<meta name=\"robots\" content=\"index, follow, max-snippet:-1, max-image-preview:large, max-video-preview:-1\" \/>\n<link rel=\"canonical\" href=\"https:\/\/www.univates.br\/blog\/ppgad-quando-gestao-e-ambiente-se-encontram\/\" \/>\n<meta property=\"og:locale\" content=\"pt_BR\" \/>\n<meta property=\"og:type\" content=\"article\" \/>\n<meta property=\"og:title\" content=\"PPGAD: quando gest\u00e3o e ambiente se encontram - Univates Blog\" \/>\n<meta property=\"og:description\" content=\"S\u00e3o quatro os&nbsp;princ\u00edpios&nbsp;que norteiam o&nbsp;Programa de P\u00f3s-Gradua\u00e7\u00e3o em Ambiente e Desenvolvimento&nbsp;(PPGAD)&nbsp;da&nbsp;Univates. O primeiro deles fundamenta a&nbsp;difus\u00e3o de conceitos&nbsp;e a&nbsp;ado\u00e7\u00e3o de t\u00e9cnicas&nbsp;capazes de&nbsp;viabilizar intera\u00e7\u00f5es saud\u00e1veis no ambiente. Como segundo objetivo est\u00e1 a&nbsp;aplica\u00e7\u00e3o e o desenvolvimento de tecnologias redutoras de impactos humanos\u2026\" \/>\n<meta property=\"og:url\" content=\"https:\/\/www.univates.br\/blog\/ppgad-quando-gestao-e-ambiente-se-encontram\/\" \/>\n<meta property=\"og:site_name\" content=\"Univates Blog\" \/>\n<meta property=\"article:published_time\" content=\"2022-05-09T12:35:14+00:00\" \/>\n<meta property=\"article:modified_time\" content=\"2023-12-20T12:59:46+00:00\" \/>\n<meta property=\"og:image\" content=\"https:\/\/desenvolvimento.bravo.st\/univatesblog\/wp-content\/uploads\/2022\/05\/1554332821.5364_300_300.jpg\" \/>\n<meta name=\"author\" content=\"Marketing Univates\" \/>\n<meta name=\"twitter:card\" content=\"summary_large_image\" \/>\n<meta name=\"twitter:label1\" content=\"Escrito por\" \/>\n\t<meta name=\"twitter:data1\" content=\"Marketing Univates\" \/>\n\t<meta name=\"twitter:label2\" content=\"Est. tempo de leitura\" \/>\n\t<meta name=\"twitter:data2\" content=\"4 minutos\" \/>\n<script type=\"application\/ld+json\" class=\"yoast-schema-graph\">{\"@context\":\"https:\\\/\\\/schema.org\",\"@graph\":[{\"@type\":\"Article\",\"@id\":\"https:\\\/\\\/www.univates.br\\\/blog\\\/ppgad-quando-gestao-e-ambiente-se-encontram\\\/#article\",\"isPartOf\":{\"@id\":\"https:\\\/\\\/www.univates.br\\\/blog\\\/ppgad-quando-gestao-e-ambiente-se-encontram\\\/\"},\"author\":{\"name\":\"Marketing Univates\",\"@id\":\"https:\\\/\\\/www.univates.br\\\/blog\\\/#\\\/schema\\\/person\\\/15c63917440cc5e70160c247b309af2f\"},\"headline\":\"PPGAD: quando gest\u00e3o e ambiente se encontram\",\"datePublished\":\"2022-05-09T12:35:14+00:00\",\"dateModified\":\"2023-12-20T12:59:46+00:00\",\"mainEntityOfPage\":{\"@id\":\"https:\\\/\\\/www.univates.br\\\/blog\\\/ppgad-quando-gestao-e-ambiente-se-encontram\\\/\"},\"wordCount\":875,\"commentCount\":0,\"image\":{\"@id\":\"https:\\\/\\\/www.univates.br\\\/blog\\\/ppgad-quando-gestao-e-ambiente-se-encontram\\\/#primaryimage\"},\"thumbnailUrl\":\"https:\\\/\\\/desenvolvimento.bravo.st\\\/univatesblog\\\/wp-content\\\/uploads\\\/2022\\\/05\\\/1554332821.5364_300_300.jpg\",\"articleSection\":[\"P\u00f3s-gradua\u00e7\u00e3o\",\"Univates\"],\"inLanguage\":\"pt-BR\",\"potentialAction\":[{\"@type\":\"CommentAction\",\"name\":\"Comment\",\"target\":[\"https:\\\/\\\/www.univates.br\\\/blog\\\/ppgad-quando-gestao-e-ambiente-se-encontram\\\/#respond\"]}]},{\"@type\":\"WebPage\",\"@id\":\"https:\\\/\\\/www.univates.br\\\/blog\\\/ppgad-quando-gestao-e-ambiente-se-encontram\\\/\",\"url\":\"https:\\\/\\\/www.univates.br\\\/blog\\\/ppgad-quando-gestao-e-ambiente-se-encontram\\\/\",\"name\":\"PPGAD: quando gest\u00e3o e ambiente se encontram - Univates Blog\",\"isPartOf\":{\"@id\":\"https:\\\/\\\/www.univates.br\\\/blog\\\/#website\"},\"primaryImageOfPage\":{\"@id\":\"https:\\\/\\\/www.univates.br\\\/blog\\\/ppgad-quando-gestao-e-ambiente-se-encontram\\\/#primaryimage\"},\"image\":{\"@id\":\"https:\\\/\\\/www.univates.br\\\/blog\\\/ppgad-quando-gestao-e-ambiente-se-encontram\\\/#primaryimage\"},\"thumbnailUrl\":\"https:\\\/\\\/desenvolvimento.bravo.st\\\/univatesblog\\\/wp-content\\\/uploads\\\/2022\\\/05\\\/1554332821.5364_300_300.jpg\",\"datePublished\":\"2022-05-09T12:35:14+00:00\",\"dateModified\":\"2023-12-20T12:59:46+00:00\",\"author\":{\"@id\":\"https:\\\/\\\/www.univates.br\\\/blog\\\/#\\\/schema\\\/person\\\/15c63917440cc5e70160c247b309af2f\"},\"breadcrumb\":{\"@id\":\"https:\\\/\\\/www.univates.br\\\/blog\\\/ppgad-quando-gestao-e-ambiente-se-encontram\\\/#breadcrumb\"},\"inLanguage\":\"pt-BR\",\"potentialAction\":[{\"@type\":\"ReadAction\",\"target\":[\"https:\\\/\\\/www.univates.br\\\/blog\\\/ppgad-quando-gestao-e-ambiente-se-encontram\\\/\"]}]},{\"@type\":\"ImageObject\",\"inLanguage\":\"pt-BR\",\"@id\":\"https:\\\/\\\/www.univates.br\\\/blog\\\/ppgad-quando-gestao-e-ambiente-se-encontram\\\/#primaryimage\",\"url\":\"https:\\\/\\\/desenvolvimento.bravo.st\\\/univatesblog\\\/wp-content\\\/uploads\\\/2022\\\/05\\\/1554332821.5364_300_300.jpg\",\"contentUrl\":\"https:\\\/\\\/desenvolvimento.bravo.st\\\/univatesblog\\\/wp-content\\\/uploads\\\/2022\\\/05\\\/1554332821.5364_300_300.jpg\"},{\"@type\":\"BreadcrumbList\",\"@id\":\"https:\\\/\\\/www.univates.br\\\/blog\\\/ppgad-quando-gestao-e-ambiente-se-encontram\\\/#breadcrumb\",\"itemListElement\":[{\"@type\":\"ListItem\",\"position\":1,\"name\":\"Home\",\"item\":\"https:\\\/\\\/www.univates.br\\\/blog\\\/\"},{\"@type\":\"ListItem\",\"position\":2,\"name\":\"PPGAD: quando gest\u00e3o e ambiente se encontram\"}]},{\"@type\":\"WebSite\",\"@id\":\"https:\\\/\\\/www.univates.br\\\/blog\\\/#website\",\"url\":\"https:\\\/\\\/www.univates.br\\\/blog\\\/\",\"name\":\"Univates Blog\",\"description\":\"\",\"potentialAction\":[{\"@type\":\"SearchAction\",\"target\":{\"@type\":\"EntryPoint\",\"urlTemplate\":\"https:\\\/\\\/www.univates.br\\\/blog\\\/?s={search_term_string}\"},\"query-input\":{\"@type\":\"PropertyValueSpecification\",\"valueRequired\":true,\"valueName\":\"search_term_string\"}}],\"inLanguage\":\"pt-BR\"},{\"@type\":\"Person\",\"@id\":\"https:\\\/\\\/www.univates.br\\\/blog\\\/#\\\/schema\\\/person\\\/15c63917440cc5e70160c247b309af2f\",\"name\":\"Marketing Univates\",\"image\":{\"@type\":\"ImageObject\",\"inLanguage\":\"pt-BR\",\"@id\":\"https:\\\/\\\/secure.gravatar.com\\\/avatar\\\/511f9e77a6a3d0cddd9074f69a722364bc7f787e73d4a0da1f727ba62704eda4?s=96&d=mm&r=g\",\"url\":\"https:\\\/\\\/secure.gravatar.com\\\/avatar\\\/511f9e77a6a3d0cddd9074f69a722364bc7f787e73d4a0da1f727ba62704eda4?s=96&d=mm&r=g\",\"contentUrl\":\"https:\\\/\\\/secure.gravatar.com\\\/avatar\\\/511f9e77a6a3d0cddd9074f69a722364bc7f787e73d4a0da1f727ba62704eda4?s=96&d=mm&r=g\",\"caption\":\"Marketing Univates\"},\"sameAs\":[\"http:\\\/\\\/univates.br\"],\"url\":\"https:\\\/\\\/www.univates.br\\\/blog\\\/author\\\/marketing\\\/\"}]}<\/script>\n<!-- \/ Yoast SEO plugin. -->","yoast_head_json":{"title":"PPGAD: quando gest\u00e3o e ambiente se encontram - Univates Blog","robots":{"index":"index","follow":"follow","max-snippet":"max-snippet:-1","max-image-preview":"max-image-preview:large","max-video-preview":"max-video-preview:-1"},"canonical":"https:\/\/www.univates.br\/blog\/ppgad-quando-gestao-e-ambiente-se-encontram\/","og_locale":"pt_BR","og_type":"article","og_title":"PPGAD: quando gest\u00e3o e ambiente se encontram - Univates Blog","og_description":"S\u00e3o quatro os&nbsp;princ\u00edpios&nbsp;que norteiam o&nbsp;Programa de P\u00f3s-Gradua\u00e7\u00e3o em Ambiente e Desenvolvimento&nbsp;(PPGAD)&nbsp;da&nbsp;Univates. O primeiro deles fundamenta a&nbsp;difus\u00e3o de conceitos&nbsp;e a&nbsp;ado\u00e7\u00e3o de t\u00e9cnicas&nbsp;capazes de&nbsp;viabilizar intera\u00e7\u00f5es saud\u00e1veis no ambiente. Como segundo objetivo est\u00e1 a&nbsp;aplica\u00e7\u00e3o e o desenvolvimento de tecnologias redutoras de impactos humanos\u2026","og_url":"https:\/\/www.univates.br\/blog\/ppgad-quando-gestao-e-ambiente-se-encontram\/","og_site_name":"Univates Blog","article_published_time":"2022-05-09T12:35:14+00:00","article_modified_time":"2023-12-20T12:59:46+00:00","og_image":[{"url":"https:\/\/desenvolvimento.bravo.st\/univatesblog\/wp-content\/uploads\/2022\/05\/1554332821.5364_300_300.jpg","type":"","width":"","height":""}],"author":"Marketing Univates","twitter_card":"summary_large_image","twitter_misc":{"Escrito por":"Marketing Univates","Est. tempo de leitura":"4 minutos"},"schema":{"@context":"https:\/\/schema.org","@graph":[{"@type":"Article","@id":"https:\/\/www.univates.br\/blog\/ppgad-quando-gestao-e-ambiente-se-encontram\/#article","isPartOf":{"@id":"https:\/\/www.univates.br\/blog\/ppgad-quando-gestao-e-ambiente-se-encontram\/"},"author":{"name":"Marketing Univates","@id":"https:\/\/www.univates.br\/blog\/#\/schema\/person\/15c63917440cc5e70160c247b309af2f"},"headline":"PPGAD: quando gest\u00e3o e ambiente se encontram","datePublished":"2022-05-09T12:35:14+00:00","dateModified":"2023-12-20T12:59:46+00:00","mainEntityOfPage":{"@id":"https:\/\/www.univates.br\/blog\/ppgad-quando-gestao-e-ambiente-se-encontram\/"},"wordCount":875,"commentCount":0,"image":{"@id":"https:\/\/www.univates.br\/blog\/ppgad-quando-gestao-e-ambiente-se-encontram\/#primaryimage"},"thumbnailUrl":"https:\/\/desenvolvimento.bravo.st\/univatesblog\/wp-content\/uploads\/2022\/05\/1554332821.5364_300_300.jpg","articleSection":["P\u00f3s-gradua\u00e7\u00e3o","Univates"],"inLanguage":"pt-BR","potentialAction":[{"@type":"CommentAction","name":"Comment","target":["https:\/\/www.univates.br\/blog\/ppgad-quando-gestao-e-ambiente-se-encontram\/#respond"]}]},{"@type":"WebPage","@id":"https:\/\/www.univates.br\/blog\/ppgad-quando-gestao-e-ambiente-se-encontram\/","url":"https:\/\/www.univates.br\/blog\/ppgad-quando-gestao-e-ambiente-se-encontram\/","name":"PPGAD: quando gest\u00e3o e ambiente se encontram - Univates Blog","isPartOf":{"@id":"https:\/\/www.univates.br\/blog\/#website"},"primaryImageOfPage":{"@id":"https:\/\/www.univates.br\/blog\/ppgad-quando-gestao-e-ambiente-se-encontram\/#primaryimage"},"image":{"@id":"https:\/\/www.univates.br\/blog\/ppgad-quando-gestao-e-ambiente-se-encontram\/#primaryimage"},"thumbnailUrl":"https:\/\/desenvolvimento.bravo.st\/univatesblog\/wp-content\/uploads\/2022\/05\/1554332821.5364_300_300.jpg","datePublished":"2022-05-09T12:35:14+00:00","dateModified":"2023-12-20T12:59:46+00:00","author":{"@id":"https:\/\/www.univates.br\/blog\/#\/schema\/person\/15c63917440cc5e70160c247b309af2f"},"breadcrumb":{"@id":"https:\/\/www.univates.br\/blog\/ppgad-quando-gestao-e-ambiente-se-encontram\/#breadcrumb"},"inLanguage":"pt-BR","potentialAction":[{"@type":"ReadAction","target":["https:\/\/www.univates.br\/blog\/ppgad-quando-gestao-e-ambiente-se-encontram\/"]}]},{"@type":"ImageObject","inLanguage":"pt-BR","@id":"https:\/\/www.univates.br\/blog\/ppgad-quando-gestao-e-ambiente-se-encontram\/#primaryimage","url":"https:\/\/desenvolvimento.bravo.st\/univatesblog\/wp-content\/uploads\/2022\/05\/1554332821.5364_300_300.jpg","contentUrl":"https:\/\/desenvolvimento.bravo.st\/univatesblog\/wp-content\/uploads\/2022\/05\/1554332821.5364_300_300.jpg"},{"@type":"BreadcrumbList","@id":"https:\/\/www.univates.br\/blog\/ppgad-quando-gestao-e-ambiente-se-encontram\/#breadcrumb","itemListElement":[{"@type":"ListItem","position":1,"name":"Home","item":"https:\/\/www.univates.br\/blog\/"},{"@type":"ListItem","position":2,"name":"PPGAD: quando gest\u00e3o e ambiente se encontram"}]},{"@type":"WebSite","@id":"https:\/\/www.univates.br\/blog\/#website","url":"https:\/\/www.univates.br\/blog\/","name":"Univates Blog","description":"","potentialAction":[{"@type":"SearchAction","target":{"@type":"EntryPoint","urlTemplate":"https:\/\/www.univates.br\/blog\/?s={search_term_string}"},"query-input":{"@type":"PropertyValueSpecification","valueRequired":true,"valueName":"search_term_string"}}],"inLanguage":"pt-BR"},{"@type":"Person","@id":"https:\/\/www.univates.br\/blog\/#\/schema\/person\/15c63917440cc5e70160c247b309af2f","name":"Marketing Univates","image":{"@type":"ImageObject","inLanguage":"pt-BR","@id":"https:\/\/secure.gravatar.com\/avatar\/511f9e77a6a3d0cddd9074f69a722364bc7f787e73d4a0da1f727ba62704eda4?s=96&d=mm&r=g","url":"https:\/\/secure.gravatar.com\/avatar\/511f9e77a6a3d0cddd9074f69a722364bc7f787e73d4a0da1f727ba62704eda4?s=96&d=mm&r=g","contentUrl":"https:\/\/secure.gravatar.com\/avatar\/511f9e77a6a3d0cddd9074f69a722364bc7f787e73d4a0da1f727ba62704eda4?s=96&d=mm&r=g","caption":"Marketing Univates"},"sameAs":["http:\/\/univates.br"],"url":"https:\/\/www.univates.br\/blog\/author\/marketing\/"}]}},"_links":{"self":[{"href":"https:\/\/www.univates.br\/blog\/wp-json\/wp\/v2\/posts\/1032","targetHints":{"allow":["GET"]}}],"collection":[{"href":"https:\/\/www.univates.br\/blog\/wp-json\/wp\/v2\/posts"}],"about":[{"href":"https:\/\/www.univates.br\/blog\/wp-json\/wp\/v2\/types\/post"}],"author":[{"embeddable":true,"href":"https:\/\/www.univates.br\/blog\/wp-json\/wp\/v2\/users\/2"}],"replies":[{"embeddable":true,"href":"https:\/\/www.univates.br\/blog\/wp-json\/wp\/v2\/comments?post=1032"}],"version-history":[{"count":13,"href":"https:\/\/www.univates.br\/blog\/wp-json\/wp\/v2\/posts\/1032\/revisions"}],"predecessor-version":[{"id":4364,"href":"https:\/\/www.univates.br\/blog\/wp-json\/wp\/v2\/posts\/1032\/revisions\/4364"}],"wp:attachment":[{"href":"https:\/\/www.univates.br\/blog\/wp-json\/wp\/v2\/media?parent=1032"}],"wp:term":[{"taxonomy":"category","embeddable":true,"href":"https:\/\/www.univates.br\/blog\/wp-json\/wp\/v2\/categories?post=1032"}],"curies":[{"name":"wp","href":"https:\/\/api.w.org\/{rel}","templated":true}]}}