{"id":1039,"date":"2022-05-09T09:41:38","date_gmt":"2022-05-09T12:41:38","guid":{"rendered":"https:\/\/desenvolvimento.bravo.st\/univatesblog\/?p=1039"},"modified":"2023-12-19T13:25:47","modified_gmt":"2023-12-19T16:25:47","slug":"quando-fazer-uma-segunda-graduacao-e-a-resposta","status":"publish","type":"post","link":"https:\/\/www.univates.br\/blog\/quando-fazer-uma-segunda-graduacao-e-a-resposta\/","title":{"rendered":"Quando fazer uma segunda gradua\u00e7\u00e3o \u00e9 a resposta?"},"content":{"rendered":"\n<p>A aluna de&nbsp;<a href=\"https:\/\/www.univates.br\/graduacao\/direito\">Direito<\/a>&nbsp;Rog\u00e9li Armani mora em Boqueir\u00e3o do Le\u00e3o. Para chegar na&nbsp;<strong>Univates<\/strong>&nbsp;no hor\u00e1rio da&nbsp;<strong>aula<\/strong>, ela sai de casa \u00e0s 17h10min e retorna depois da meia-noite. Seu filho tem quatro anos e fica aos cuidados da av\u00f3 e do marido.&nbsp;\u201cA dist\u00e2ncia entre as duas cidades \u00e9 grande, ficar longe do meu filho \u00e9 ruim, mas tais fatores n\u00e3o s\u00e3o obst\u00e1culos para eu desistir. Apesar de ser cansativo, o&nbsp;<strong>conhecimento<\/strong>&nbsp;adquirido recompensa o&nbsp;<strong>esfor\u00e7o<\/strong>\u201d, reconhece a estudante.<\/p>\n\n\n\n<p>A hist\u00f3ria de Rog\u00e9li caminhando entre os pr\u00e9dios da&nbsp;<strong>Univates<\/strong>&nbsp;come\u00e7ou em 2002, quando ela iniciou o&nbsp;<strong>curso<\/strong>&nbsp;de&nbsp;<a href=\"https:\/\/www.univates.br\/graduacao\/administracao-de-empresas\">Administra\u00e7\u00e3o de Empresas<\/a>&nbsp;na&nbsp;<strong>Universidade<\/strong>. J\u00e1 naquela \u00e9poca, pensava na \u00e1rea jur\u00eddica.<\/p>\n\n\n\n<div class=\"wp-block-media-text alignwide is-stacked-on-mobile\"><figure class=\"wp-block-media-text__media\"><img loading=\"lazy\" decoding=\"async\" width=\"291\" height=\"347\" src=\"https:\/\/desenvolvimento.bravo.st\/univatesblog\/wp-content\/uploads\/2022\/05\/1554299103.8022_300_300.jpg\" alt=\"\" class=\"wp-image-1040 size-full\" srcset=\"https:\/\/www.univates.br\/blog\/wp-content\/uploads\/2022\/05\/1554299103.8022_300_300.jpg 291w, https:\/\/www.univates.br\/blog\/wp-content\/uploads\/2022\/05\/1554299103.8022_300_300-126x150.jpg 126w\" sizes=\"auto, (max-width: 291px) 100vw, 291px\" \/><\/figure><div class=\"wp-block-media-text__content\">\n<blockquote class=\"wp-block-quote is-layout-flow wp-block-quote-is-layout-flow\"><p>&#8220;Minha d\u00favida era qual escolheria das duas profiss\u00f5es, pois ambas me atra\u00edam pelo amplo e diferenciado ramo de conhecimento. Optei pela \u00e1rea de gest\u00e3o por t\u00ea-la muito presente na minha vida, j\u00e1 que meu pai \u00e9 dono de uma empresa&#8221; (Rog\u00e9li Armani. estudante do curso de Direito da Univates)<\/p><p><em>(Foto: Divulga\u00e7\u00e3o)<\/em><\/p><\/blockquote>\n<\/div><\/div>\n\n\n\n<p>Ap\u00f3s estar&nbsp;<strong>diplomada<\/strong>, Rog\u00e9li continuou atuando na empresa da fam\u00edlia, \u201cmas o gosto e a curiosidade pelo Direito sempre estiveram no meu pensamento. Ap\u00f3s um ano de formatura, fui at\u00e9 a&nbsp;<strong>Institui\u00e7\u00e3o<\/strong>&nbsp;me informar sobre as&nbsp;<a href=\"https:\/\/www.univates.br\/espaco-academico\/formas-de-ingresso\">formas de ingresso<\/a>. Somadas as disciplinas que eu poderia aproveitar para os&nbsp;<strong>dois cursos<\/strong>, com o desconto oferecido por fazer uma&nbsp;<strong>segunda gradua\u00e7\u00e3o<\/strong>&nbsp;na&nbsp;<strong>Univates<\/strong>, comecei novamente a&nbsp;<strong>faculdade<\/strong>\u201d, relata.<\/p>\n\n\n\n<p>Segundo ela, aparentemente as \u00e1reas parecem diferentes, mas se complementam, j\u00e1 que s\u00e3o essenciais na vida de qualquer pessoa. \u201cTodos necessitam administrar sua vida financeira, seja o dinheiro gasto no dia a dia ou no seu pr\u00f3prio neg\u00f3cio. De mesma import\u00e2ncia, saber sobre Direito \u00e9 ter conhecimento das regras de conviv\u00eancia em sociedade, o que se pode e o que n\u00e3o se pode fazer e quais as consequ\u00eancias ao n\u00e3o respeitar as leis\u201d, explica a acad\u00eamica.<\/p>\n\n\n\n<p>No pr\u00f3ximo semestre, Rog\u00e9li conclui a&nbsp;<strong>gradua\u00e7\u00e3o<\/strong>&nbsp;e pretende conciliar as&nbsp;<strong>duas forma\u00e7\u00f5es<\/strong>, com a certeza de que fez as escolhas certas. \u201cFuturamente pretendo me aprimorar na \u00e1rea do Direito, retornando \u00e0&nbsp;<strong>Univates<\/strong>&nbsp;para uma&nbsp;<a href=\"https:\/\/www.univates.br\/pos-graduacao\/\">p\u00f3s-gradua\u00e7\u00e3o<\/a>&nbsp;ou&nbsp;<a href=\"https:\/\/www.univates.br\/mestrado-e-doutorado\">mestrado<\/a>\u201d, afirma.<\/p>\n\n\n\n<p><a href=\"https:\/\/www.univates.br\/noticia\/24932-entrar-na-graduacao-facilita-a-insercao-no-mercado-de-trabalho\">\u201cEntrar na gradua\u00e7\u00e3o facilita a inser\u00e7\u00e3o no mercado de trabalho\u201d<\/a><\/p>\n\n\n\n<div class=\"bloco-gutenberg\">\n\n    <a href=\"https:\/\/materiais.univates.br\/com-que-curso-eu-vou-modalidade\" target=\"_blank\" class=\"guten-material\" style=\"background-color: #6b00e8; \">\n                    <img decoding=\"async\" src=\"https:\/\/www.univates.br\/blog\/wp-content\/uploads\/2022\/05\/Design-sem-nome-3.png\" loading=\"lazy\">\n                <div class=\"texto\">\n                            <span>Descubra seu perfil profissional e qual curso \u00e9 perfeito pra voc\u00ea<\/span>\n                            <strong>Baixar e-book<\/strong>\n                    <\/div>\n    <\/a>\n    <\/div>\n\n\n<h2 class=\"wp-block-heading\">Farm\u00e1cia e Ci\u00eancias Cont\u00e1beis: qual a rela\u00e7\u00e3o?<\/h2>\n\n\n\n<div class=\"wp-block-media-text alignwide is-stacked-on-mobile\"><figure class=\"wp-block-media-text__media\"><img loading=\"lazy\" decoding=\"async\" width=\"292\" height=\"389\" src=\"https:\/\/desenvolvimento.bravo.st\/univatesblog\/wp-content\/uploads\/2022\/05\/1554299103.8841_300_300.jpg\" alt=\"\" class=\"wp-image-1041 size-full\" srcset=\"https:\/\/www.univates.br\/blog\/wp-content\/uploads\/2022\/05\/1554299103.8841_300_300.jpg 292w, https:\/\/www.univates.br\/blog\/wp-content\/uploads\/2022\/05\/1554299103.8841_300_300-113x150.jpg 113w\" sizes=\"auto, (max-width: 292px) 100vw, 292px\" \/><\/figure><div class=\"wp-block-media-text__content\">\n<p>O estudante de\u00a0<a href=\"https:\/\/www.univates.br\/graduacao\/ciencias-contabeis\">Ci\u00eancias Cont\u00e1beis<\/a>\u00a0Arthur Zanchet Riedi, de Mu\u00e7um, sempre gostou da \u00e1rea da sa\u00fade. Por isso, iniciou o\u00a0<strong>curso<\/strong>\u00a0de\u00a0<a href=\"https:\/\/www.univates.br\/graduacao\/farmacia\">Farm\u00e1cia<\/a>\u00a0na\u00a0<strong>Univates<\/strong>\u00a0em 2008. Ap\u00f3s formado, ele come\u00e7ou a trabalhar na gest\u00e3o de um hospital da cidade em que mora. Por ter\u00a0<strong>forma\u00e7\u00e3o no ramo<\/strong>, pensou que seria capaz de atuar sem dificuldades no cargo, no entanto logo percebeu a sua falta de\u00a0<strong>conhecimento<\/strong>\u00a0na \u00e1rea administrativa.<\/p>\n\n\n\n<p><em>(Foto: Divulga\u00e7\u00e3o)<\/em><\/p>\n<\/div><\/div>\n\n\n\n<p>Da mesma forma, observando colegas e gestores que, diferente dele, tinham&nbsp;<strong>forma\u00e7\u00e3o no ramo<\/strong>&nbsp;de gest\u00e3o, constatou que careciam de&nbsp;<strong>conhecimento t\u00e9cnico<\/strong>&nbsp;na \u00e1rea da sa\u00fade e que as suas decis\u00f5es, estritamente administrativas e financeiras, resultavam em preju\u00edzos no atendimento e cuidado dos pacientes. \u201cCheguei \u00e0 conclus\u00e3o de que precisamos de profissionais que conhe\u00e7am as duas \u00e1reas, sa\u00fade e gest\u00e3o\u201d. No momento, Riedi atua como farmac\u00eautico na prefeitura de Mu\u00e7um.<\/p>\n\n\n\n<blockquote class=\"wp-block-quote is-layout-flow wp-block-quote-is-layout-flow\"><p>&#8220;Ajudar as pessoas \u00e9 recompensador e traz satisfa\u00e7\u00e3o profissional, mas devo admitir que, ap\u00f3s come\u00e7ar o curso na \u00e1rea cont\u00e1bil, me encantei com a profiss\u00e3o&#8221; (Arthur Zanchet Riedi, aluno do curso de Farm\u00e1cia da Univates. Sua formatura est\u00e1 prevista para o final de 2019).<\/p><\/blockquote>\n\n\n\n<h2 class=\"wp-block-heading\">Saber adquirido na gradua\u00e7\u00e3o ajuda a escolher qual \u00e1rea seguir<\/h2>\n\n\n\n<p>A psic\u00f3loga e coordenadora de Gest\u00e3o de\u00a0<strong>Carreira<\/strong>\u00a0da\u00a0<strong>Univates<\/strong>\u00a0Jana\u00edna Schneider garante que mesmo o aluno estando com d\u00favidas em rela\u00e7\u00e3o a qual\u00a0<strong>curso<\/strong>\u00a0escolher, o saber adquirido durante o\u00a0<strong>per\u00edodo de forma\u00e7\u00e3o<\/strong>\u00a0\u00e9 \u00fatil para o desenvolvimento de sua\u00a0<strong>carreira<\/strong>. \u201cA experi\u00eancia vai ajud\u00e1-lo a compreender se esse \u00e9 ou n\u00e3o o\u00a0<strong>ramo<\/strong>\u00a0em que deseja atuar profissionalmente, auxiliando-o no processo decis\u00f3rio\u201d, explica.<\/p>\n\n\n\n<figure class=\"wp-block-image size-full\"><img loading=\"lazy\" decoding=\"async\" width=\"729\" height=\"486\" src=\"https:\/\/desenvolvimento.bravo.st\/univatesblog\/wp-content\/uploads\/2022\/05\/1554299103.5767_300_300-1.jpg\" alt=\"\" class=\"wp-image-2082\" srcset=\"https:\/\/www.univates.br\/blog\/wp-content\/uploads\/2022\/05\/1554299103.5767_300_300-1.jpg 729w, https:\/\/www.univates.br\/blog\/wp-content\/uploads\/2022\/05\/1554299103.5767_300_300-1-600x400.jpg 600w, https:\/\/www.univates.br\/blog\/wp-content\/uploads\/2022\/05\/1554299103.5767_300_300-1-150x100.jpg 150w\" sizes=\"auto, (max-width: 729px) 100vw, 729px\" \/><figcaption>Foto: Nat\u00e1lia Bottoni<\/figcaption><\/figure>\n\n\n\n<h2 class=\"wp-block-heading\">Vestibular recebe inscri\u00e7\u00f5es<\/h2>\n\n\n\n<p>A&nbsp;<strong>Univates<\/strong>&nbsp;est\u00e1 com as&nbsp;<strong>inscri\u00e7\u00f5es abertas<\/strong>&nbsp;no&nbsp;<strong>Vestibular<\/strong>&nbsp;aos interessados em&nbsp;<strong>iniciar um curso de n\u00edvel superior<\/strong>. No total s\u00e3o&nbsp;<strong>36 cursos presenciais<\/strong>&nbsp;e 16&nbsp;<strong>EAD<\/strong>&nbsp;disponibilizados pela&nbsp;<strong>Universidade<\/strong>.<\/p>\n\n\n\n<p>\u00c9 poss\u00edvel ingressar com a nota do Exame Nacional de Ensino M\u00e9dio (Enem) a partir de 2009 ou aproveitar o resultado de um&nbsp;<strong>vestibular<\/strong>&nbsp;anterior da&nbsp;<strong>Univates<\/strong>. Outra op\u00e7\u00e3o que busca facilitar o&nbsp;<strong>processo de ingresso<\/strong>&nbsp;nos&nbsp;<strong>cursos<\/strong>&nbsp;&#8211;&nbsp;<strong>presenciais ou a dist\u00e2ncia<\/strong>&nbsp;&#8211; \u00e9 a realiza\u00e7\u00e3o de provas agendadas em um dos 17 polos da&nbsp;<strong>Univates<\/strong>. As&nbsp;<strong>inscri\u00e7\u00f5es<\/strong>&nbsp;para os&nbsp;<strong>cursos presenciais<\/strong>&nbsp;podem ser realizadas&nbsp;<a href=\"https:\/\/www.univates.br\/vestibular\/inscricao?orig=gradnoti2019B%20sms\">clicando aqui<\/a>. Os que desejam realizar um&nbsp;<strong>curso EAD<\/strong>&nbsp;podem se inscrever&nbsp;<a href=\"https:\/\/www.univates.br\/ead\/inscricao?orig=eadnoti2019AII\">neste link<\/a>.<\/p>\n\n\n\n<p>Mais informa\u00e7\u00f5es podem ser obtidas pelo e-mail&nbsp;<a href=\"mailto:vemprauni@univates.br\">vemprauni@univates.br<\/a>&nbsp;ou pelo telefone 0800 7 07 08 09.<\/p>\n","protected":false},"excerpt":{"rendered":"<p>A aluna de&nbsp;Direito&nbsp;Rog\u00e9li Armani mora em Boqueir\u00e3o do Le\u00e3o. Para chegar na&nbsp;Univates&nbsp;no hor\u00e1rio da&nbsp;aula, ela sai de casa \u00e0s 17h10min e retorna depois da meia-noite. Seu filho tem quatro anos e fica aos cuidados da av\u00f3 e do marido.&nbsp;\u201cA dist\u00e2ncia\u2026<\/p>\n","protected":false},"author":2,"featured_media":0,"comment_status":"open","ping_status":"open","sticky":false,"template":"","format":"standard","meta":{"_acf_changed":false,"footnotes":""},"categories":[33,23],"class_list":["post-1039","post","type-post","status-publish","format-standard","hentry","category-carreira","category-estudos","autor-natalia-bottoni"],"acf":[],"yoast_head":"<!-- This site is optimized with the Yoast SEO plugin v27.3 - https:\/\/yoast.com\/product\/yoast-seo-wordpress\/ -->\n<title>Quando fazer uma segunda gradua\u00e7\u00e3o \u00e9 a resposta? - Univates Blog<\/title>\n<meta name=\"robots\" content=\"index, follow, max-snippet:-1, max-image-preview:large, max-video-preview:-1\" \/>\n<link rel=\"canonical\" href=\"https:\/\/www.univates.br\/blog\/quando-fazer-uma-segunda-graduacao-e-a-resposta\/\" \/>\n<meta property=\"og:locale\" content=\"pt_BR\" \/>\n<meta property=\"og:type\" content=\"article\" \/>\n<meta property=\"og:title\" content=\"Quando fazer uma segunda gradua\u00e7\u00e3o \u00e9 a resposta? - Univates Blog\" \/>\n<meta property=\"og:description\" content=\"A aluna de&nbsp;Direito&nbsp;Rog\u00e9li Armani mora em Boqueir\u00e3o do Le\u00e3o. Para chegar na&nbsp;Univates&nbsp;no hor\u00e1rio da&nbsp;aula, ela sai de casa \u00e0s 17h10min e retorna depois da meia-noite. Seu filho tem quatro anos e fica aos cuidados da av\u00f3 e do marido.&nbsp;\u201cA dist\u00e2ncia\u2026\" \/>\n<meta property=\"og:url\" content=\"https:\/\/www.univates.br\/blog\/quando-fazer-uma-segunda-graduacao-e-a-resposta\/\" \/>\n<meta property=\"og:site_name\" content=\"Univates Blog\" \/>\n<meta property=\"article:published_time\" content=\"2022-05-09T12:41:38+00:00\" \/>\n<meta property=\"article:modified_time\" content=\"2023-12-19T16:25:47+00:00\" \/>\n<meta property=\"og:image\" content=\"https:\/\/desenvolvimento.bravo.st\/univatesblog\/wp-content\/uploads\/2022\/05\/1554299103.8022_300_300.jpg\" \/>\n<meta name=\"author\" content=\"Marketing Univates\" \/>\n<meta name=\"twitter:card\" content=\"summary_large_image\" \/>\n<meta name=\"twitter:label1\" content=\"Escrito por\" \/>\n\t<meta name=\"twitter:data1\" content=\"Marketing Univates\" \/>\n\t<meta name=\"twitter:label2\" content=\"Est. tempo de leitura\" \/>\n\t<meta name=\"twitter:data2\" content=\"5 minutos\" \/>\n<script type=\"application\/ld+json\" class=\"yoast-schema-graph\">{\"@context\":\"https:\\\/\\\/schema.org\",\"@graph\":[{\"@type\":\"Article\",\"@id\":\"https:\\\/\\\/www.univates.br\\\/blog\\\/quando-fazer-uma-segunda-graduacao-e-a-resposta\\\/#article\",\"isPartOf\":{\"@id\":\"https:\\\/\\\/www.univates.br\\\/blog\\\/quando-fazer-uma-segunda-graduacao-e-a-resposta\\\/\"},\"author\":{\"name\":\"Marketing Univates\",\"@id\":\"https:\\\/\\\/www.univates.br\\\/blog\\\/#\\\/schema\\\/person\\\/15c63917440cc5e70160c247b309af2f\"},\"headline\":\"Quando fazer uma segunda gradua\u00e7\u00e3o \u00e9 a resposta?\",\"datePublished\":\"2022-05-09T12:41:38+00:00\",\"dateModified\":\"2023-12-19T16:25:47+00:00\",\"mainEntityOfPage\":{\"@id\":\"https:\\\/\\\/www.univates.br\\\/blog\\\/quando-fazer-uma-segunda-graduacao-e-a-resposta\\\/\"},\"wordCount\":912,\"commentCount\":0,\"image\":{\"@id\":\"https:\\\/\\\/www.univates.br\\\/blog\\\/quando-fazer-uma-segunda-graduacao-e-a-resposta\\\/#primaryimage\"},\"thumbnailUrl\":\"https:\\\/\\\/desenvolvimento.bravo.st\\\/univatesblog\\\/wp-content\\\/uploads\\\/2022\\\/05\\\/1554299103.8022_300_300.jpg\",\"articleSection\":[\"Carreira\",\"Estudos\"],\"inLanguage\":\"pt-BR\",\"potentialAction\":[{\"@type\":\"CommentAction\",\"name\":\"Comment\",\"target\":[\"https:\\\/\\\/www.univates.br\\\/blog\\\/quando-fazer-uma-segunda-graduacao-e-a-resposta\\\/#respond\"]}]},{\"@type\":\"WebPage\",\"@id\":\"https:\\\/\\\/www.univates.br\\\/blog\\\/quando-fazer-uma-segunda-graduacao-e-a-resposta\\\/\",\"url\":\"https:\\\/\\\/www.univates.br\\\/blog\\\/quando-fazer-uma-segunda-graduacao-e-a-resposta\\\/\",\"name\":\"Quando fazer uma segunda gradua\u00e7\u00e3o \u00e9 a resposta? - Univates Blog\",\"isPartOf\":{\"@id\":\"https:\\\/\\\/www.univates.br\\\/blog\\\/#website\"},\"primaryImageOfPage\":{\"@id\":\"https:\\\/\\\/www.univates.br\\\/blog\\\/quando-fazer-uma-segunda-graduacao-e-a-resposta\\\/#primaryimage\"},\"image\":{\"@id\":\"https:\\\/\\\/www.univates.br\\\/blog\\\/quando-fazer-uma-segunda-graduacao-e-a-resposta\\\/#primaryimage\"},\"thumbnailUrl\":\"https:\\\/\\\/desenvolvimento.bravo.st\\\/univatesblog\\\/wp-content\\\/uploads\\\/2022\\\/05\\\/1554299103.8022_300_300.jpg\",\"datePublished\":\"2022-05-09T12:41:38+00:00\",\"dateModified\":\"2023-12-19T16:25:47+00:00\",\"author\":{\"@id\":\"https:\\\/\\\/www.univates.br\\\/blog\\\/#\\\/schema\\\/person\\\/15c63917440cc5e70160c247b309af2f\"},\"breadcrumb\":{\"@id\":\"https:\\\/\\\/www.univates.br\\\/blog\\\/quando-fazer-uma-segunda-graduacao-e-a-resposta\\\/#breadcrumb\"},\"inLanguage\":\"pt-BR\",\"potentialAction\":[{\"@type\":\"ReadAction\",\"target\":[\"https:\\\/\\\/www.univates.br\\\/blog\\\/quando-fazer-uma-segunda-graduacao-e-a-resposta\\\/\"]}]},{\"@type\":\"ImageObject\",\"inLanguage\":\"pt-BR\",\"@id\":\"https:\\\/\\\/www.univates.br\\\/blog\\\/quando-fazer-uma-segunda-graduacao-e-a-resposta\\\/#primaryimage\",\"url\":\"https:\\\/\\\/desenvolvimento.bravo.st\\\/univatesblog\\\/wp-content\\\/uploads\\\/2022\\\/05\\\/1554299103.8022_300_300.jpg\",\"contentUrl\":\"https:\\\/\\\/desenvolvimento.bravo.st\\\/univatesblog\\\/wp-content\\\/uploads\\\/2022\\\/05\\\/1554299103.8022_300_300.jpg\"},{\"@type\":\"BreadcrumbList\",\"@id\":\"https:\\\/\\\/www.univates.br\\\/blog\\\/quando-fazer-uma-segunda-graduacao-e-a-resposta\\\/#breadcrumb\",\"itemListElement\":[{\"@type\":\"ListItem\",\"position\":1,\"name\":\"Home\",\"item\":\"https:\\\/\\\/www.univates.br\\\/blog\\\/\"},{\"@type\":\"ListItem\",\"position\":2,\"name\":\"Quando fazer uma segunda gradua\u00e7\u00e3o \u00e9 a resposta?\"}]},{\"@type\":\"WebSite\",\"@id\":\"https:\\\/\\\/www.univates.br\\\/blog\\\/#website\",\"url\":\"https:\\\/\\\/www.univates.br\\\/blog\\\/\",\"name\":\"Univates Blog\",\"description\":\"\",\"potentialAction\":[{\"@type\":\"SearchAction\",\"target\":{\"@type\":\"EntryPoint\",\"urlTemplate\":\"https:\\\/\\\/www.univates.br\\\/blog\\\/?s={search_term_string}\"},\"query-input\":{\"@type\":\"PropertyValueSpecification\",\"valueRequired\":true,\"valueName\":\"search_term_string\"}}],\"inLanguage\":\"pt-BR\"},{\"@type\":\"Person\",\"@id\":\"https:\\\/\\\/www.univates.br\\\/blog\\\/#\\\/schema\\\/person\\\/15c63917440cc5e70160c247b309af2f\",\"name\":\"Marketing Univates\",\"image\":{\"@type\":\"ImageObject\",\"inLanguage\":\"pt-BR\",\"@id\":\"https:\\\/\\\/secure.gravatar.com\\\/avatar\\\/511f9e77a6a3d0cddd9074f69a722364bc7f787e73d4a0da1f727ba62704eda4?s=96&d=mm&r=g\",\"url\":\"https:\\\/\\\/secure.gravatar.com\\\/avatar\\\/511f9e77a6a3d0cddd9074f69a722364bc7f787e73d4a0da1f727ba62704eda4?s=96&d=mm&r=g\",\"contentUrl\":\"https:\\\/\\\/secure.gravatar.com\\\/avatar\\\/511f9e77a6a3d0cddd9074f69a722364bc7f787e73d4a0da1f727ba62704eda4?s=96&d=mm&r=g\",\"caption\":\"Marketing Univates\"},\"sameAs\":[\"http:\\\/\\\/univates.br\"],\"url\":\"https:\\\/\\\/www.univates.br\\\/blog\\\/author\\\/marketing\\\/\"}]}<\/script>\n<!-- \/ Yoast SEO plugin. -->","yoast_head_json":{"title":"Quando fazer uma segunda gradua\u00e7\u00e3o \u00e9 a resposta? - Univates Blog","robots":{"index":"index","follow":"follow","max-snippet":"max-snippet:-1","max-image-preview":"max-image-preview:large","max-video-preview":"max-video-preview:-1"},"canonical":"https:\/\/www.univates.br\/blog\/quando-fazer-uma-segunda-graduacao-e-a-resposta\/","og_locale":"pt_BR","og_type":"article","og_title":"Quando fazer uma segunda gradua\u00e7\u00e3o \u00e9 a resposta? - Univates Blog","og_description":"A aluna de&nbsp;Direito&nbsp;Rog\u00e9li Armani mora em Boqueir\u00e3o do Le\u00e3o. Para chegar na&nbsp;Univates&nbsp;no hor\u00e1rio da&nbsp;aula, ela sai de casa \u00e0s 17h10min e retorna depois da meia-noite. Seu filho tem quatro anos e fica aos cuidados da av\u00f3 e do marido.&nbsp;\u201cA dist\u00e2ncia\u2026","og_url":"https:\/\/www.univates.br\/blog\/quando-fazer-uma-segunda-graduacao-e-a-resposta\/","og_site_name":"Univates Blog","article_published_time":"2022-05-09T12:41:38+00:00","article_modified_time":"2023-12-19T16:25:47+00:00","og_image":[{"url":"https:\/\/desenvolvimento.bravo.st\/univatesblog\/wp-content\/uploads\/2022\/05\/1554299103.8022_300_300.jpg","type":"","width":"","height":""}],"author":"Marketing Univates","twitter_card":"summary_large_image","twitter_misc":{"Escrito por":"Marketing Univates","Est. tempo de leitura":"5 minutos"},"schema":{"@context":"https:\/\/schema.org","@graph":[{"@type":"Article","@id":"https:\/\/www.univates.br\/blog\/quando-fazer-uma-segunda-graduacao-e-a-resposta\/#article","isPartOf":{"@id":"https:\/\/www.univates.br\/blog\/quando-fazer-uma-segunda-graduacao-e-a-resposta\/"},"author":{"name":"Marketing Univates","@id":"https:\/\/www.univates.br\/blog\/#\/schema\/person\/15c63917440cc5e70160c247b309af2f"},"headline":"Quando fazer uma segunda gradua\u00e7\u00e3o \u00e9 a resposta?","datePublished":"2022-05-09T12:41:38+00:00","dateModified":"2023-12-19T16:25:47+00:00","mainEntityOfPage":{"@id":"https:\/\/www.univates.br\/blog\/quando-fazer-uma-segunda-graduacao-e-a-resposta\/"},"wordCount":912,"commentCount":0,"image":{"@id":"https:\/\/www.univates.br\/blog\/quando-fazer-uma-segunda-graduacao-e-a-resposta\/#primaryimage"},"thumbnailUrl":"https:\/\/desenvolvimento.bravo.st\/univatesblog\/wp-content\/uploads\/2022\/05\/1554299103.8022_300_300.jpg","articleSection":["Carreira","Estudos"],"inLanguage":"pt-BR","potentialAction":[{"@type":"CommentAction","name":"Comment","target":["https:\/\/www.univates.br\/blog\/quando-fazer-uma-segunda-graduacao-e-a-resposta\/#respond"]}]},{"@type":"WebPage","@id":"https:\/\/www.univates.br\/blog\/quando-fazer-uma-segunda-graduacao-e-a-resposta\/","url":"https:\/\/www.univates.br\/blog\/quando-fazer-uma-segunda-graduacao-e-a-resposta\/","name":"Quando fazer uma segunda gradua\u00e7\u00e3o \u00e9 a resposta? - Univates Blog","isPartOf":{"@id":"https:\/\/www.univates.br\/blog\/#website"},"primaryImageOfPage":{"@id":"https:\/\/www.univates.br\/blog\/quando-fazer-uma-segunda-graduacao-e-a-resposta\/#primaryimage"},"image":{"@id":"https:\/\/www.univates.br\/blog\/quando-fazer-uma-segunda-graduacao-e-a-resposta\/#primaryimage"},"thumbnailUrl":"https:\/\/desenvolvimento.bravo.st\/univatesblog\/wp-content\/uploads\/2022\/05\/1554299103.8022_300_300.jpg","datePublished":"2022-05-09T12:41:38+00:00","dateModified":"2023-12-19T16:25:47+00:00","author":{"@id":"https:\/\/www.univates.br\/blog\/#\/schema\/person\/15c63917440cc5e70160c247b309af2f"},"breadcrumb":{"@id":"https:\/\/www.univates.br\/blog\/quando-fazer-uma-segunda-graduacao-e-a-resposta\/#breadcrumb"},"inLanguage":"pt-BR","potentialAction":[{"@type":"ReadAction","target":["https:\/\/www.univates.br\/blog\/quando-fazer-uma-segunda-graduacao-e-a-resposta\/"]}]},{"@type":"ImageObject","inLanguage":"pt-BR","@id":"https:\/\/www.univates.br\/blog\/quando-fazer-uma-segunda-graduacao-e-a-resposta\/#primaryimage","url":"https:\/\/desenvolvimento.bravo.st\/univatesblog\/wp-content\/uploads\/2022\/05\/1554299103.8022_300_300.jpg","contentUrl":"https:\/\/desenvolvimento.bravo.st\/univatesblog\/wp-content\/uploads\/2022\/05\/1554299103.8022_300_300.jpg"},{"@type":"BreadcrumbList","@id":"https:\/\/www.univates.br\/blog\/quando-fazer-uma-segunda-graduacao-e-a-resposta\/#breadcrumb","itemListElement":[{"@type":"ListItem","position":1,"name":"Home","item":"https:\/\/www.univates.br\/blog\/"},{"@type":"ListItem","position":2,"name":"Quando fazer uma segunda gradua\u00e7\u00e3o \u00e9 a resposta?"}]},{"@type":"WebSite","@id":"https:\/\/www.univates.br\/blog\/#website","url":"https:\/\/www.univates.br\/blog\/","name":"Univates Blog","description":"","potentialAction":[{"@type":"SearchAction","target":{"@type":"EntryPoint","urlTemplate":"https:\/\/www.univates.br\/blog\/?s={search_term_string}"},"query-input":{"@type":"PropertyValueSpecification","valueRequired":true,"valueName":"search_term_string"}}],"inLanguage":"pt-BR"},{"@type":"Person","@id":"https:\/\/www.univates.br\/blog\/#\/schema\/person\/15c63917440cc5e70160c247b309af2f","name":"Marketing Univates","image":{"@type":"ImageObject","inLanguage":"pt-BR","@id":"https:\/\/secure.gravatar.com\/avatar\/511f9e77a6a3d0cddd9074f69a722364bc7f787e73d4a0da1f727ba62704eda4?s=96&d=mm&r=g","url":"https:\/\/secure.gravatar.com\/avatar\/511f9e77a6a3d0cddd9074f69a722364bc7f787e73d4a0da1f727ba62704eda4?s=96&d=mm&r=g","contentUrl":"https:\/\/secure.gravatar.com\/avatar\/511f9e77a6a3d0cddd9074f69a722364bc7f787e73d4a0da1f727ba62704eda4?s=96&d=mm&r=g","caption":"Marketing Univates"},"sameAs":["http:\/\/univates.br"],"url":"https:\/\/www.univates.br\/blog\/author\/marketing\/"}]}},"_links":{"self":[{"href":"https:\/\/www.univates.br\/blog\/wp-json\/wp\/v2\/posts\/1039","targetHints":{"allow":["GET"]}}],"collection":[{"href":"https:\/\/www.univates.br\/blog\/wp-json\/wp\/v2\/posts"}],"about":[{"href":"https:\/\/www.univates.br\/blog\/wp-json\/wp\/v2\/types\/post"}],"author":[{"embeddable":true,"href":"https:\/\/www.univates.br\/blog\/wp-json\/wp\/v2\/users\/2"}],"replies":[{"embeddable":true,"href":"https:\/\/www.univates.br\/blog\/wp-json\/wp\/v2\/comments?post=1039"}],"version-history":[{"count":5,"href":"https:\/\/www.univates.br\/blog\/wp-json\/wp\/v2\/posts\/1039\/revisions"}],"predecessor-version":[{"id":2083,"href":"https:\/\/www.univates.br\/blog\/wp-json\/wp\/v2\/posts\/1039\/revisions\/2083"}],"wp:attachment":[{"href":"https:\/\/www.univates.br\/blog\/wp-json\/wp\/v2\/media?parent=1039"}],"wp:term":[{"taxonomy":"category","embeddable":true,"href":"https:\/\/www.univates.br\/blog\/wp-json\/wp\/v2\/categories?post=1039"}],"curies":[{"name":"wp","href":"https:\/\/api.w.org\/{rel}","templated":true}]}}