{"id":1047,"date":"2022-05-09T09:56:50","date_gmt":"2022-05-09T12:56:50","guid":{"rendered":"https:\/\/desenvolvimento.bravo.st\/univatesblog\/?p=1047"},"modified":"2023-12-20T21:56:37","modified_gmt":"2023-12-21T00:56:37","slug":"tudo-o-que-voce-precisa-saber-sobre-o-curso-de-gastronomia","status":"publish","type":"post","link":"https:\/\/www.univates.br\/blog\/tudo-o-que-voce-precisa-saber-sobre-o-curso-de-gastronomia\/","title":{"rendered":"Tudo o que voc\u00ea precisa saber sobre o curso de Gastronomia"},"content":{"rendered":"\n<p><strong>Da gest\u00e3o \u00e0 execu\u00e7\u00e3o dos pratos<\/strong>, o&nbsp;<strong>curso de<\/strong>&nbsp;<a href=\"https:\/\/www.univates.br\/graduacao\/tecnologia-em-gastronomia\/\">Gastronomia<\/a>&nbsp;da&nbsp;<strong>Univates<\/strong>&nbsp;forma profissionais para atuar em&nbsp;<strong>diversos segmentos<\/strong>&nbsp;da&nbsp;<strong>\u00e1rea de alimenta\u00e7\u00e3o<\/strong>. O&nbsp;<strong>curso<\/strong>, que completou cinco anos recentemente, surgiu no embalo de um&nbsp;<strong>mercado<\/strong>&nbsp;que cresce em torno de 10% ao ano, conforme dados do Servi\u00e7o Brasileiro de Apoio \u00e0s Micro e Pequenas Empresas (Sebrae), em fun\u00e7\u00e3o do aumento do n\u00famero de pessoas que se alimentam fora do lar.<\/p>\n\n\n\n<figure class=\"wp-block-image size-full\"><img loading=\"lazy\" decoding=\"async\" width=\"3888\" height=\"2592\" src=\"https:\/\/www.univates.br\/blog\/\/wp-content\/uploads\/2022\/08\/20150515144448_img_9493-min-1.jpg\" alt=\"\" class=\"wp-image-2646\"\/><figcaption>Foto: Tuane Eggers<\/figcaption><\/figure>\n\n\n\n<p>De acordo com a coordenadora do&nbsp;<strong>curso<\/strong>, professora Natali Knorr Valad\u00e3o, essa realidade demanda&nbsp;<strong>profissionais qualificados<\/strong>&nbsp;para&nbsp;<strong>atuar<\/strong>&nbsp;em&nbsp;<strong>locais onde se tenha servi\u00e7o de alimenta\u00e7\u00e3o<\/strong>, como, por exemplo, hot\u00e9is, restaurantes,&nbsp;<em>spas<\/em>, bares e diversos tipos de eventos. Nesse contexto, o&nbsp;<strong>curso de Gastronomia<\/strong>&nbsp;da&nbsp;<strong>Univates<\/strong>&nbsp;\u00e9 composto por disciplinas que abordam quest\u00f5es como a&nbsp;<strong>gest\u00e3o de restaurantes<\/strong>,&nbsp;<strong>higiene e qualidade dos alimentos<\/strong>,&nbsp;<strong>tecnologia dos alimentos<\/strong>&nbsp;e&nbsp;<strong>an\u00e1lise sensorial<\/strong>, al\u00e9m das atividades curriculares nas \u00e1reas de&nbsp;<strong>panifica\u00e7\u00e3o<\/strong>,&nbsp;<strong>cozinhas nacional e internacional<\/strong>,&nbsp;<strong>enogastronomia<\/strong>,&nbsp;<strong>cozinha fria<\/strong>,&nbsp;<strong>confeitaria<\/strong>, entre outras.<\/p>\n\n\n\n<blockquote class=\"wp-block-quote is-layout-flow wp-block-quote-is-layout-flow\"><p>&#8220;O corpo docente que atua nessas disciplinas \u00e9 muito qualificado, com mestres e doutores na \u00e1rea de alimentos. Outro diferencial do curso \u00e9 a oportunidade de interc\u00e2mbio&#8221; (Natali Knorr Valad\u00e3o, coordenadora do curso de Gastronomia da Univates).<\/p><\/blockquote>\n\n\n\n<p>At\u00e9 hoje s\u00e3o 15 profissionais formados pela&nbsp;<strong>Univates<\/strong>, entre eles Bruna Gnoatto e Marcelo Vargas, que est\u00e3o \u00e0 frente do&nbsp;<strong>projeto<\/strong>&nbsp;<strong>Cozinha da Terra Gastronomia Regional<\/strong>. \u201cQuando iniciamos o&nbsp;<strong>curso<\/strong>, tudo era novo, e descobrimos que havia&nbsp;<strong>diversas \u00e1reas para trabalhar<\/strong>&nbsp;e n\u00e3o somente em restaurantes. Com o passar dos semestres, e o conhecimento adquirido, fomos nos interessando cada vez mais pela&nbsp;<strong>cozinha regional<\/strong>&nbsp;e principalmente por&nbsp;<strong>produtos org\u00e2nicos<\/strong>&nbsp;e&nbsp;<strong>Plantas Aliment\u00edcias N\u00e3o Convencionais<\/strong>. As diversas palestras e instru\u00e7\u00f5es dos professores foram de grande valia para que esse amor florescesse em n\u00f3s, contudo somente depois que conclu\u00edmos o&nbsp;<strong>curso<\/strong>&nbsp;come\u00e7amos a pensar em um&nbsp;<strong>neg\u00f3cio pr\u00f3prio<\/strong>\u201d, afirma Bruna.<\/p>\n\n\n\n<p><a rel=\"noreferrer noopener\" href=\"https:\/\/materiais.univates.br\/mercado-de-trabalho-modalidade\" target=\"_blank\"><\/a>Marcelo relembra que os primeiros planos eram viajar, trabalhar para pessoas de renome. \u201cPor\u00e9m come\u00e7amos a pensar de que forma isso ajudaria as pessoas que est\u00e3o ao nosso redor, como valorizaria nossos&nbsp;<strong>produtores<\/strong>&nbsp;e a nossa&nbsp;<strong>cultura<\/strong>. Foi a\u00ed que nasceu o&nbsp;<strong>Cozinha da Terra<\/strong>. A gradua\u00e7\u00e3o nos trouxe o&nbsp;<strong>conhecimento<\/strong>&nbsp;que serviu como base para elaborar e executar o&nbsp;<strong>projeto<\/strong>. As cadeiras que envolvem a parte administrativa tamb\u00e9m nos ensinaram a como proporcionar e precificar nosso trabalho. E por \u00faltimo, mas n\u00e3o menos importante, aprendemos muito com todas as&nbsp;<strong>t\u00e9cnicas<\/strong>&nbsp;e&nbsp;<strong>conhecimentos<\/strong>&nbsp;repassados pelos professores. E n\u00e3o podemos deixar de agradecer os professores e coordena\u00e7\u00e3o do&nbsp;<strong>curso<\/strong>, pois, mesmo depois de formados, sempre que temos alguma d\u00favida est\u00e3o dispon\u00edveis para nos auxiliar\u201d, acrescenta.<\/p>\n\n\n\n<h2 class=\"wp-block-heading\">Gastronomia com conceito<\/h2>\n\n\n\n<figure class=\"wp-block-image size-full\"><img loading=\"lazy\" decoding=\"async\" width=\"3888\" height=\"2592\" src=\"https:\/\/www.univates.br\/blog\/\/wp-content\/uploads\/2022\/08\/20150630183919_img_1541-1.jpg\" alt=\"\" class=\"wp-image-2645\"\/><figcaption>Foto: Tuane Eggers<\/figcaption><\/figure>\n\n\n\n<p>O&nbsp;<strong>projeto<\/strong>&nbsp;dos diplomados Bruna Gnoatto e Marcelo Vargas tem a proposta de&nbsp;<strong>valorizar os pequenos produtores de org\u00e2nicos do Vale do Taquari, o meio ambiente e a sociedade<\/strong>&nbsp;como um todo.<\/p>\n\n\n\n<blockquote class=\"wp-block-quote is-layout-flow wp-block-quote-is-layout-flow\"><p>&#8220;Para isso usamos a pol\u00edtica de Quil\u00f4metro Zero, utilizando apenas os ingredientes dispon\u00edveis na nossa regi\u00e3o, sazonais e que priorizam a produ\u00e7\u00e3o sustent\u00e1vel, com exce\u00e7\u00e3o dos vinhos que s\u00e3o da Serra Ga\u00facha. Nossa proposta \u00e9 intimista. Para tornar os eventos \u00fanicos, cada menu \u00e9 pensado especificamente para o cliente e seus convidados, realizando jantares a domic\u00edlio para at\u00e9 20 pessoas com harmoniza\u00e7\u00e3o de vinhos ou cervejas, coquet\u00e9is para eventos e t\u00e1buas de queijos e vinhos. Sabemos que nosso percurso ser\u00e1 longo, por\u00e9m nosso maior objetivo com esse projeto \u00e9 aproximar o consumidor final do produtor rural, entender de onde vem o alimento, o impacto que esse processo tem no meio ambiente e qual as melhores formas para amenizar isso e at\u00e9 mesmo colaborar com o ecossistema&#8221; (Bruna Gnoatto, est\u00e1 \u00e0 frente do projeto Cozinha da Terra Gastronomia Regional).<\/p><\/blockquote>\n\n\n\n<p><a href=\"https:\/\/www.univates.br\/noticia\/16157-estudantes-de-gastronomia-participam-de-festival-no-uruguai\">Estudantes de Gastronomia participam de festival no Uruguai<\/a><\/p>\n\n\n\n<p><a href=\"https:\/\/www.univates.br\/noticia\/15266-criadora-do-projeto-favela-organica-aborda-sustentabilidade-na-cozinha\">Criadora do projeto Favela Org\u00e2nica aborda sustentabilidade na cozinha<\/a><\/p>\n\n\n\n<div class=\"bloco-gutenberg\">\n\n    <a href=\"https:\/\/materiais.univates.br\/mercado-de-trabalho-modalidade\" target=\"_blank\" class=\"guten-material\" style=\"background-color: #01e37f; color: #0a0a0a;\">\n                    <img decoding=\"async\" src=\"https:\/\/www.univates.br\/blog\/wp-content\/uploads\/2022\/05\/Design-sem-nome-4.png\" loading=\"lazy\">\n                <div class=\"texto\">\n                            <span>Descubra como se destacar no mercado de trabalho<\/span>\n                            <strong>Baixar e-book<\/strong>\n                    <\/div>\n    <\/a>\n    <\/div>\n\n\n<h2 class=\"wp-block-heading\">Mercado de trabalho<\/h2>\n\n\n\n<p>Com o cotidiano corrido, hoje a maioria das pessoas precisa fazer suas&nbsp;<strong>refei\u00e7\u00f5es<\/strong>&nbsp;fora de casa, o que implica a&nbsp;<strong>busca constante<\/strong>&nbsp;de&nbsp;<strong>alimenta\u00e7\u00e3o de qualidade<\/strong>. \u00c9 nesse contexto que se torna&nbsp;<strong>essencial<\/strong>&nbsp;a&nbsp;<strong>profiss\u00e3o do gastr\u00f4nomo<\/strong>.<\/p>\n\n\n\n<p>Visto que a&nbsp;<strong>demanda \u00e9 muito grande<\/strong>, ainda antes de formado o profissional consegue se&nbsp;<strong>inserir<\/strong>&nbsp;no&nbsp;<strong>mercado de trabalho<\/strong>. O&nbsp;<strong>gastr\u00f4nomo<\/strong>&nbsp;pode atuar em diversos tipos de eventos, restaurantes e hot\u00e9is. Os&nbsp;<strong>profissionais com perfil empreendedor<\/strong>&nbsp;tamb\u00e9m t\u00eam a possibilidade de&nbsp;<strong>abrir seu pr\u00f3prio neg\u00f3cio<\/strong>, j\u00e1 que a estrutura curricular do&nbsp;<strong>curso<\/strong>&nbsp;fornece embasamento para isso.<\/p>\n","protected":false},"excerpt":{"rendered":"<p>Da gest\u00e3o \u00e0 execu\u00e7\u00e3o dos pratos, o&nbsp;curso de&nbsp;Gastronomia&nbsp;da&nbsp;Univates&nbsp;forma profissionais para atuar em&nbsp;diversos segmentos&nbsp;da&nbsp;\u00e1rea de alimenta\u00e7\u00e3o. O&nbsp;curso, que completou cinco anos recentemente, surgiu no embalo de um&nbsp;mercado&nbsp;que cresce em torno de 10% ao ano, conforme dados do Servi\u00e7o Brasileiro de Apoio\u2026<\/p>\n","protected":false},"author":2,"featured_media":0,"comment_status":"open","ping_status":"open","sticky":false,"template":"","format":"standard","meta":{"_acf_changed":false,"footnotes":""},"categories":[7],"class_list":["post-1047","post","type-post","status-publish","format-standard","hentry","category-univates","autor-nicole-moras","curso-gastronomia","area-saude"],"acf":[],"yoast_head":"<!-- This site is optimized with the Yoast SEO plugin v27.3 - https:\/\/yoast.com\/product\/yoast-seo-wordpress\/ -->\n<title>Tudo o que voc\u00ea precisa saber sobre o curso de Gastronomia - Univates Blog<\/title>\n<meta name=\"robots\" content=\"index, follow, max-snippet:-1, max-image-preview:large, max-video-preview:-1\" \/>\n<link rel=\"canonical\" href=\"https:\/\/www.univates.br\/blog\/tudo-o-que-voce-precisa-saber-sobre-o-curso-de-gastronomia\/\" \/>\n<meta property=\"og:locale\" content=\"pt_BR\" \/>\n<meta property=\"og:type\" content=\"article\" \/>\n<meta property=\"og:title\" content=\"Tudo o que voc\u00ea precisa saber sobre o curso de Gastronomia - Univates Blog\" \/>\n<meta property=\"og:description\" content=\"Da gest\u00e3o \u00e0 execu\u00e7\u00e3o dos pratos, o&nbsp;curso de&nbsp;Gastronomia&nbsp;da&nbsp;Univates&nbsp;forma profissionais para atuar em&nbsp;diversos segmentos&nbsp;da&nbsp;\u00e1rea de alimenta\u00e7\u00e3o. O&nbsp;curso, que completou cinco anos recentemente, surgiu no embalo de um&nbsp;mercado&nbsp;que cresce em torno de 10% ao ano, conforme dados do Servi\u00e7o Brasileiro de Apoio\u2026\" \/>\n<meta property=\"og:url\" content=\"https:\/\/www.univates.br\/blog\/tudo-o-que-voce-precisa-saber-sobre-o-curso-de-gastronomia\/\" \/>\n<meta property=\"og:site_name\" content=\"Univates Blog\" \/>\n<meta property=\"article:published_time\" content=\"2022-05-09T12:56:50+00:00\" \/>\n<meta property=\"article:modified_time\" content=\"2023-12-21T00:56:37+00:00\" \/>\n<meta property=\"og:image\" content=\"https:\/\/www.univates.br\/blog\/\/wp-content\/uploads\/2022\/08\/20150515144448_img_9493-min-1.jpg\" \/>\n<meta name=\"author\" content=\"Marketing Univates\" \/>\n<meta name=\"twitter:card\" content=\"summary_large_image\" \/>\n<meta name=\"twitter:label1\" content=\"Escrito por\" \/>\n\t<meta name=\"twitter:data1\" content=\"Marketing Univates\" \/>\n\t<meta name=\"twitter:label2\" content=\"Est. tempo de leitura\" \/>\n\t<meta name=\"twitter:data2\" content=\"4 minutos\" \/>\n<script type=\"application\/ld+json\" class=\"yoast-schema-graph\">{\"@context\":\"https:\\\/\\\/schema.org\",\"@graph\":[{\"@type\":\"Article\",\"@id\":\"https:\\\/\\\/www.univates.br\\\/blog\\\/tudo-o-que-voce-precisa-saber-sobre-o-curso-de-gastronomia\\\/#article\",\"isPartOf\":{\"@id\":\"https:\\\/\\\/www.univates.br\\\/blog\\\/tudo-o-que-voce-precisa-saber-sobre-o-curso-de-gastronomia\\\/\"},\"author\":{\"name\":\"Marketing Univates\",\"@id\":\"https:\\\/\\\/www.univates.br\\\/blog\\\/#\\\/schema\\\/person\\\/15c63917440cc5e70160c247b309af2f\"},\"headline\":\"Tudo o que voc\u00ea precisa saber sobre o curso de Gastronomia\",\"datePublished\":\"2022-05-09T12:56:50+00:00\",\"dateModified\":\"2023-12-21T00:56:37+00:00\",\"mainEntityOfPage\":{\"@id\":\"https:\\\/\\\/www.univates.br\\\/blog\\\/tudo-o-que-voce-precisa-saber-sobre-o-curso-de-gastronomia\\\/\"},\"wordCount\":865,\"commentCount\":0,\"image\":{\"@id\":\"https:\\\/\\\/www.univates.br\\\/blog\\\/tudo-o-que-voce-precisa-saber-sobre-o-curso-de-gastronomia\\\/#primaryimage\"},\"thumbnailUrl\":\"https:\\\/\\\/www.univates.br\\\/blog\\\/\\\/wp-content\\\/uploads\\\/2022\\\/08\\\/20150515144448_img_9493-min-1.jpg\",\"articleSection\":[\"Univates\"],\"inLanguage\":\"pt-BR\",\"potentialAction\":[{\"@type\":\"CommentAction\",\"name\":\"Comment\",\"target\":[\"https:\\\/\\\/www.univates.br\\\/blog\\\/tudo-o-que-voce-precisa-saber-sobre-o-curso-de-gastronomia\\\/#respond\"]}]},{\"@type\":\"WebPage\",\"@id\":\"https:\\\/\\\/www.univates.br\\\/blog\\\/tudo-o-que-voce-precisa-saber-sobre-o-curso-de-gastronomia\\\/\",\"url\":\"https:\\\/\\\/www.univates.br\\\/blog\\\/tudo-o-que-voce-precisa-saber-sobre-o-curso-de-gastronomia\\\/\",\"name\":\"Tudo o que voc\u00ea precisa saber sobre o curso de Gastronomia - Univates Blog\",\"isPartOf\":{\"@id\":\"https:\\\/\\\/www.univates.br\\\/blog\\\/#website\"},\"primaryImageOfPage\":{\"@id\":\"https:\\\/\\\/www.univates.br\\\/blog\\\/tudo-o-que-voce-precisa-saber-sobre-o-curso-de-gastronomia\\\/#primaryimage\"},\"image\":{\"@id\":\"https:\\\/\\\/www.univates.br\\\/blog\\\/tudo-o-que-voce-precisa-saber-sobre-o-curso-de-gastronomia\\\/#primaryimage\"},\"thumbnailUrl\":\"https:\\\/\\\/www.univates.br\\\/blog\\\/\\\/wp-content\\\/uploads\\\/2022\\\/08\\\/20150515144448_img_9493-min-1.jpg\",\"datePublished\":\"2022-05-09T12:56:50+00:00\",\"dateModified\":\"2023-12-21T00:56:37+00:00\",\"author\":{\"@id\":\"https:\\\/\\\/www.univates.br\\\/blog\\\/#\\\/schema\\\/person\\\/15c63917440cc5e70160c247b309af2f\"},\"breadcrumb\":{\"@id\":\"https:\\\/\\\/www.univates.br\\\/blog\\\/tudo-o-que-voce-precisa-saber-sobre-o-curso-de-gastronomia\\\/#breadcrumb\"},\"inLanguage\":\"pt-BR\",\"potentialAction\":[{\"@type\":\"ReadAction\",\"target\":[\"https:\\\/\\\/www.univates.br\\\/blog\\\/tudo-o-que-voce-precisa-saber-sobre-o-curso-de-gastronomia\\\/\"]}]},{\"@type\":\"ImageObject\",\"inLanguage\":\"pt-BR\",\"@id\":\"https:\\\/\\\/www.univates.br\\\/blog\\\/tudo-o-que-voce-precisa-saber-sobre-o-curso-de-gastronomia\\\/#primaryimage\",\"url\":\"https:\\\/\\\/www.univates.br\\\/blog\\\/\\\/wp-content\\\/uploads\\\/2022\\\/08\\\/20150515144448_img_9493-min-1.jpg\",\"contentUrl\":\"https:\\\/\\\/www.univates.br\\\/blog\\\/\\\/wp-content\\\/uploads\\\/2022\\\/08\\\/20150515144448_img_9493-min-1.jpg\"},{\"@type\":\"BreadcrumbList\",\"@id\":\"https:\\\/\\\/www.univates.br\\\/blog\\\/tudo-o-que-voce-precisa-saber-sobre-o-curso-de-gastronomia\\\/#breadcrumb\",\"itemListElement\":[{\"@type\":\"ListItem\",\"position\":1,\"name\":\"Home\",\"item\":\"https:\\\/\\\/www.univates.br\\\/blog\\\/\"},{\"@type\":\"ListItem\",\"position\":2,\"name\":\"Tudo o que voc\u00ea precisa saber sobre o curso de Gastronomia\"}]},{\"@type\":\"WebSite\",\"@id\":\"https:\\\/\\\/www.univates.br\\\/blog\\\/#website\",\"url\":\"https:\\\/\\\/www.univates.br\\\/blog\\\/\",\"name\":\"Univates Blog\",\"description\":\"\",\"potentialAction\":[{\"@type\":\"SearchAction\",\"target\":{\"@type\":\"EntryPoint\",\"urlTemplate\":\"https:\\\/\\\/www.univates.br\\\/blog\\\/?s={search_term_string}\"},\"query-input\":{\"@type\":\"PropertyValueSpecification\",\"valueRequired\":true,\"valueName\":\"search_term_string\"}}],\"inLanguage\":\"pt-BR\"},{\"@type\":\"Person\",\"@id\":\"https:\\\/\\\/www.univates.br\\\/blog\\\/#\\\/schema\\\/person\\\/15c63917440cc5e70160c247b309af2f\",\"name\":\"Marketing Univates\",\"image\":{\"@type\":\"ImageObject\",\"inLanguage\":\"pt-BR\",\"@id\":\"https:\\\/\\\/secure.gravatar.com\\\/avatar\\\/511f9e77a6a3d0cddd9074f69a722364bc7f787e73d4a0da1f727ba62704eda4?s=96&d=mm&r=g\",\"url\":\"https:\\\/\\\/secure.gravatar.com\\\/avatar\\\/511f9e77a6a3d0cddd9074f69a722364bc7f787e73d4a0da1f727ba62704eda4?s=96&d=mm&r=g\",\"contentUrl\":\"https:\\\/\\\/secure.gravatar.com\\\/avatar\\\/511f9e77a6a3d0cddd9074f69a722364bc7f787e73d4a0da1f727ba62704eda4?s=96&d=mm&r=g\",\"caption\":\"Marketing Univates\"},\"sameAs\":[\"http:\\\/\\\/univates.br\"],\"url\":\"https:\\\/\\\/www.univates.br\\\/blog\\\/author\\\/marketing\\\/\"}]}<\/script>\n<!-- \/ Yoast SEO plugin. -->","yoast_head_json":{"title":"Tudo o que voc\u00ea precisa saber sobre o curso de Gastronomia - Univates Blog","robots":{"index":"index","follow":"follow","max-snippet":"max-snippet:-1","max-image-preview":"max-image-preview:large","max-video-preview":"max-video-preview:-1"},"canonical":"https:\/\/www.univates.br\/blog\/tudo-o-que-voce-precisa-saber-sobre-o-curso-de-gastronomia\/","og_locale":"pt_BR","og_type":"article","og_title":"Tudo o que voc\u00ea precisa saber sobre o curso de Gastronomia - Univates Blog","og_description":"Da gest\u00e3o \u00e0 execu\u00e7\u00e3o dos pratos, o&nbsp;curso de&nbsp;Gastronomia&nbsp;da&nbsp;Univates&nbsp;forma profissionais para atuar em&nbsp;diversos segmentos&nbsp;da&nbsp;\u00e1rea de alimenta\u00e7\u00e3o. O&nbsp;curso, que completou cinco anos recentemente, surgiu no embalo de um&nbsp;mercado&nbsp;que cresce em torno de 10% ao ano, conforme dados do Servi\u00e7o Brasileiro de Apoio\u2026","og_url":"https:\/\/www.univates.br\/blog\/tudo-o-que-voce-precisa-saber-sobre-o-curso-de-gastronomia\/","og_site_name":"Univates Blog","article_published_time":"2022-05-09T12:56:50+00:00","article_modified_time":"2023-12-21T00:56:37+00:00","og_image":[{"url":"https:\/\/www.univates.br\/blog\/\/wp-content\/uploads\/2022\/08\/20150515144448_img_9493-min-1.jpg","type":"","width":"","height":""}],"author":"Marketing Univates","twitter_card":"summary_large_image","twitter_misc":{"Escrito por":"Marketing Univates","Est. tempo de leitura":"4 minutos"},"schema":{"@context":"https:\/\/schema.org","@graph":[{"@type":"Article","@id":"https:\/\/www.univates.br\/blog\/tudo-o-que-voce-precisa-saber-sobre-o-curso-de-gastronomia\/#article","isPartOf":{"@id":"https:\/\/www.univates.br\/blog\/tudo-o-que-voce-precisa-saber-sobre-o-curso-de-gastronomia\/"},"author":{"name":"Marketing Univates","@id":"https:\/\/www.univates.br\/blog\/#\/schema\/person\/15c63917440cc5e70160c247b309af2f"},"headline":"Tudo o que voc\u00ea precisa saber sobre o curso de Gastronomia","datePublished":"2022-05-09T12:56:50+00:00","dateModified":"2023-12-21T00:56:37+00:00","mainEntityOfPage":{"@id":"https:\/\/www.univates.br\/blog\/tudo-o-que-voce-precisa-saber-sobre-o-curso-de-gastronomia\/"},"wordCount":865,"commentCount":0,"image":{"@id":"https:\/\/www.univates.br\/blog\/tudo-o-que-voce-precisa-saber-sobre-o-curso-de-gastronomia\/#primaryimage"},"thumbnailUrl":"https:\/\/www.univates.br\/blog\/\/wp-content\/uploads\/2022\/08\/20150515144448_img_9493-min-1.jpg","articleSection":["Univates"],"inLanguage":"pt-BR","potentialAction":[{"@type":"CommentAction","name":"Comment","target":["https:\/\/www.univates.br\/blog\/tudo-o-que-voce-precisa-saber-sobre-o-curso-de-gastronomia\/#respond"]}]},{"@type":"WebPage","@id":"https:\/\/www.univates.br\/blog\/tudo-o-que-voce-precisa-saber-sobre-o-curso-de-gastronomia\/","url":"https:\/\/www.univates.br\/blog\/tudo-o-que-voce-precisa-saber-sobre-o-curso-de-gastronomia\/","name":"Tudo o que voc\u00ea precisa saber sobre o curso de Gastronomia - Univates Blog","isPartOf":{"@id":"https:\/\/www.univates.br\/blog\/#website"},"primaryImageOfPage":{"@id":"https:\/\/www.univates.br\/blog\/tudo-o-que-voce-precisa-saber-sobre-o-curso-de-gastronomia\/#primaryimage"},"image":{"@id":"https:\/\/www.univates.br\/blog\/tudo-o-que-voce-precisa-saber-sobre-o-curso-de-gastronomia\/#primaryimage"},"thumbnailUrl":"https:\/\/www.univates.br\/blog\/\/wp-content\/uploads\/2022\/08\/20150515144448_img_9493-min-1.jpg","datePublished":"2022-05-09T12:56:50+00:00","dateModified":"2023-12-21T00:56:37+00:00","author":{"@id":"https:\/\/www.univates.br\/blog\/#\/schema\/person\/15c63917440cc5e70160c247b309af2f"},"breadcrumb":{"@id":"https:\/\/www.univates.br\/blog\/tudo-o-que-voce-precisa-saber-sobre-o-curso-de-gastronomia\/#breadcrumb"},"inLanguage":"pt-BR","potentialAction":[{"@type":"ReadAction","target":["https:\/\/www.univates.br\/blog\/tudo-o-que-voce-precisa-saber-sobre-o-curso-de-gastronomia\/"]}]},{"@type":"ImageObject","inLanguage":"pt-BR","@id":"https:\/\/www.univates.br\/blog\/tudo-o-que-voce-precisa-saber-sobre-o-curso-de-gastronomia\/#primaryimage","url":"https:\/\/www.univates.br\/blog\/\/wp-content\/uploads\/2022\/08\/20150515144448_img_9493-min-1.jpg","contentUrl":"https:\/\/www.univates.br\/blog\/\/wp-content\/uploads\/2022\/08\/20150515144448_img_9493-min-1.jpg"},{"@type":"BreadcrumbList","@id":"https:\/\/www.univates.br\/blog\/tudo-o-que-voce-precisa-saber-sobre-o-curso-de-gastronomia\/#breadcrumb","itemListElement":[{"@type":"ListItem","position":1,"name":"Home","item":"https:\/\/www.univates.br\/blog\/"},{"@type":"ListItem","position":2,"name":"Tudo o que voc\u00ea precisa saber sobre o curso de Gastronomia"}]},{"@type":"WebSite","@id":"https:\/\/www.univates.br\/blog\/#website","url":"https:\/\/www.univates.br\/blog\/","name":"Univates Blog","description":"","potentialAction":[{"@type":"SearchAction","target":{"@type":"EntryPoint","urlTemplate":"https:\/\/www.univates.br\/blog\/?s={search_term_string}"},"query-input":{"@type":"PropertyValueSpecification","valueRequired":true,"valueName":"search_term_string"}}],"inLanguage":"pt-BR"},{"@type":"Person","@id":"https:\/\/www.univates.br\/blog\/#\/schema\/person\/15c63917440cc5e70160c247b309af2f","name":"Marketing Univates","image":{"@type":"ImageObject","inLanguage":"pt-BR","@id":"https:\/\/secure.gravatar.com\/avatar\/511f9e77a6a3d0cddd9074f69a722364bc7f787e73d4a0da1f727ba62704eda4?s=96&d=mm&r=g","url":"https:\/\/secure.gravatar.com\/avatar\/511f9e77a6a3d0cddd9074f69a722364bc7f787e73d4a0da1f727ba62704eda4?s=96&d=mm&r=g","contentUrl":"https:\/\/secure.gravatar.com\/avatar\/511f9e77a6a3d0cddd9074f69a722364bc7f787e73d4a0da1f727ba62704eda4?s=96&d=mm&r=g","caption":"Marketing Univates"},"sameAs":["http:\/\/univates.br"],"url":"https:\/\/www.univates.br\/blog\/author\/marketing\/"}]}},"_links":{"self":[{"href":"https:\/\/www.univates.br\/blog\/wp-json\/wp\/v2\/posts\/1047","targetHints":{"allow":["GET"]}}],"collection":[{"href":"https:\/\/www.univates.br\/blog\/wp-json\/wp\/v2\/posts"}],"about":[{"href":"https:\/\/www.univates.br\/blog\/wp-json\/wp\/v2\/types\/post"}],"author":[{"embeddable":true,"href":"https:\/\/www.univates.br\/blog\/wp-json\/wp\/v2\/users\/2"}],"replies":[{"embeddable":true,"href":"https:\/\/www.univates.br\/blog\/wp-json\/wp\/v2\/comments?post=1047"}],"version-history":[{"count":13,"href":"https:\/\/www.univates.br\/blog\/wp-json\/wp\/v2\/posts\/1047\/revisions"}],"predecessor-version":[{"id":4359,"href":"https:\/\/www.univates.br\/blog\/wp-json\/wp\/v2\/posts\/1047\/revisions\/4359"}],"wp:attachment":[{"href":"https:\/\/www.univates.br\/blog\/wp-json\/wp\/v2\/media?parent=1047"}],"wp:term":[{"taxonomy":"category","embeddable":true,"href":"https:\/\/www.univates.br\/blog\/wp-json\/wp\/v2\/categories?post=1047"}],"curies":[{"name":"wp","href":"https:\/\/api.w.org\/{rel}","templated":true}]}}