{"id":1059,"date":"2022-05-09T10:13:01","date_gmt":"2022-05-09T13:13:01","guid":{"rendered":"https:\/\/desenvolvimento.bravo.st\/univatesblog\/?p=1059"},"modified":"2025-06-09T14:19:18","modified_gmt":"2025-06-09T17:19:18","slug":"na-modalidade-ead-voce-estuda-com-materiais-exclusivos-produzidos-pela-nossa-universidade","status":"publish","type":"post","link":"https:\/\/www.univates.br\/blog\/na-modalidade-ead-voce-estuda-com-materiais-exclusivos-produzidos-pela-nossa-universidade\/","title":{"rendered":"Na modalidade EAD voc\u00ea estuda com materiais exclusivos produzidos pela nossa Universidade"},"content":{"rendered":"\n<p>Em 50 anos de hist\u00f3ria, a&nbsp;<strong>Univates<\/strong>&nbsp;sempre se preocupou com a&nbsp;<strong>qualidade de ensino<\/strong>. Com o crescimento da&nbsp;<strong>Educa\u00e7\u00e3o a Dist\u00e2ncia (EAD)<\/strong>, a&nbsp;<strong>Institui\u00e7\u00e3o<\/strong>&nbsp;n\u00e3o poupou esfor\u00e7os para buscar&nbsp;<strong>recursos<\/strong>&nbsp;que capacitem os estudantes para o&nbsp;<strong>mercado de trabalho<\/strong>. Dentre os&nbsp;<strong>diferenciais oferecidos<\/strong>, um dos principais \u00e9 o&nbsp;<strong>material de estudo<\/strong>&nbsp;<strong>que \u00e9 produzido exclusivamente para estudantes da EAD da Universidade<\/strong>.<\/p>\n\n\n\n<h2 class=\"wp-block-heading\">Conhe\u00e7a o processo de produ\u00e7\u00e3o<\/h2>\n\n\n\n<p>O&nbsp;<strong>conte\u00fado \u00e0 disposi\u00e7\u00e3o<\/strong>&nbsp;dos alunos vai al\u00e9m de apenas apostilas e textos. Isso porque a equipe de&nbsp;<strong>Educa\u00e7\u00e3o a Dist\u00e2ncia da Univates<\/strong>&nbsp;conta com&nbsp;<strong>pessoal especializado<\/strong>&nbsp;em desenvolver o&nbsp;<strong>material-base<\/strong>. Os funcion\u00e1rios do setor tamb\u00e9m buscam&nbsp;<strong>outros recursos complementares<\/strong>, como imagens, v\u00eddeos, objetos de aprendizagem e infogr\u00e1ficos, por exemplo, para&nbsp;<strong>facilitar e potencializar o processo de aprendizagem<\/strong>. Uma das integrantes da equipe, a&nbsp;<em>designer<\/em>&nbsp;educacional Ohana Majolo de Azevedo, explica&nbsp;<strong>como o conte\u00fado \u00e9 preparado<\/strong>.<\/p>\n\n\n\n<p>A&nbsp;<strong>base<\/strong>&nbsp;para a&nbsp;<strong>produ\u00e7\u00e3o dos materiais did\u00e1ticos<\/strong>&nbsp;dos&nbsp;<strong>cursos EAD<\/strong>&nbsp;\u00e9 o pr\u00f3prio&nbsp;<strong>planejamento dos componentes curriculares<\/strong>, que vai desde a&nbsp;<strong>compreens\u00e3o<\/strong>&nbsp;dos objetivos at\u00e9 as&nbsp;<strong>habilidades<\/strong>&nbsp;que os estudantes devem desenvolver durante o processo de forma\u00e7\u00e3o. O&nbsp;<strong>planejamento do componente curricular<\/strong>&nbsp;\u00e9 realizado pelo professor que organiza o&nbsp;<strong>material<\/strong>&nbsp;em conjunto com o coordenador do&nbsp;<strong>curso<\/strong>, que tamb\u00e9m conta com o apoio da coordenadora pedag\u00f3gica da&nbsp;<strong>EAD<\/strong>.<\/p>\n\n\n\n<div class=\"wp-block-media-text alignwide is-stacked-on-mobile\"><figure class=\"wp-block-media-text__media\"><img loading=\"lazy\" decoding=\"async\" width=\"291\" height=\"178\" src=\"https:\/\/desenvolvimento.bravo.st\/univatesblog\/wp-content\/uploads\/2022\/05\/1549300816.6369_300_300.jpg\" alt=\"\" class=\"wp-image-1060 size-full\" srcset=\"https:\/\/www.univates.br\/blog\/wp-content\/uploads\/2022\/05\/1549300816.6369_300_300.jpg 291w, https:\/\/www.univates.br\/blog\/wp-content\/uploads\/2022\/05\/1549300816.6369_300_300-150x92.jpg 150w\" sizes=\"auto, (max-width: 291px) 100vw, 291px\" \/><\/figure><div class=\"wp-block-media-text__content\">\n<blockquote class=\"wp-block-quote is-layout-flow wp-block-quote-is-layout-flow\"><p>&#8220;O coordenador do curso tem grande responsabilidade sobre os conte\u00fados produzidos, pois \u00e9 ele quem indica os professores, em sua maioria atuantes nas gradua\u00e7\u00f5es presenciais, para desenvolverem os materiais&#8221; (Ohana Majolo de Azevedo, designer educacional.)<\/p><p><em>(Foto: Isabel Pavan)<\/em><\/p><\/blockquote>\n<\/div><\/div>\n\n\n\n<p>A professora Morgana Dom\u00eanica Hattge atua nos&nbsp;<strong>cursos de licenciatura<\/strong>, no&nbsp;<strong>curso<\/strong>&nbsp;de Psicologia e no&nbsp;<strong>Mestrado<\/strong>&nbsp;em Ensino e produz&nbsp;<strong>materiais did\u00e1ticos<\/strong>&nbsp;dos&nbsp;<strong>cursos de licenciatura EAD<\/strong>. Para ela, a integra\u00e7\u00e3o entre as duas&nbsp;<strong>modalidades de ensino<\/strong>&nbsp;faz com que o corpo docente tenha clara toda a&nbsp;<strong>din\u00e2mica dos cursos<\/strong>, pois participa da organiza\u00e7\u00e3o das&nbsp;<strong>compet\u00eancias<\/strong>,&nbsp;<strong>habilidades<\/strong>&nbsp;e&nbsp;<strong>conte\u00fados<\/strong>&nbsp;de cada&nbsp;<strong>componente curricular<\/strong>.<\/p>\n\n\n\n<div class=\"wp-block-media-text alignwide is-stacked-on-mobile\"><figure class=\"wp-block-media-text__media\"><img loading=\"lazy\" decoding=\"async\" width=\"291\" height=\"194\" src=\"https:\/\/desenvolvimento.bravo.st\/univatesblog\/wp-content\/uploads\/2022\/05\/1549300816.8431_300_300.jpg\" alt=\"\" class=\"wp-image-1061 size-full\" srcset=\"https:\/\/www.univates.br\/blog\/wp-content\/uploads\/2022\/05\/1549300816.8431_300_300.jpg 291w, https:\/\/www.univates.br\/blog\/wp-content\/uploads\/2022\/05\/1549300816.8431_300_300-150x100.jpg 150w\" sizes=\"auto, (max-width: 291px) 100vw, 291px\" \/><\/figure><div class=\"wp-block-media-text__content\">\n<blockquote class=\"wp-block-quote is-layout-flow wp-block-quote-is-layout-flow\"><p>&#8220;Dessa forma, conseguimos garantir a mesma qualidade dos cursos presenciais, j\u00e1 comprovada pela comunidade acad\u00eamica e atestada pelo Minist\u00e9rio da Educa\u00e7\u00e3o&#8221; (Professora conteudista dos cursos de licenciatura EAD da Univates).<\/p><p><em>(Foto: Nath\u00e1lia Braga)<\/em><\/p><\/blockquote>\n<\/div><\/div>\n\n\n\n<p>O&nbsp;<strong>material<\/strong>, que \u00e9 entregue pelo&nbsp;<strong>professor conteudista<\/strong>, deve estar de acordo com o&nbsp;<strong>planejamento do componente curricular<\/strong>&nbsp;e passar pela aprova\u00e7\u00e3o do coordenador. Depois da aprova\u00e7\u00e3o, o&nbsp;<strong>professor conteudista<\/strong>&nbsp;inicia a elabora\u00e7\u00e3o do&nbsp;<strong>material<\/strong>, que \u00e9 de sua total autoria, e repassa o&nbsp;<strong>conte\u00fado<\/strong>&nbsp;para a&nbsp;<strong>equipe de produ\u00e7\u00e3o<\/strong>&nbsp;da&nbsp;<strong>Univates<\/strong>. \u201cAp\u00f3s essa etapa, n\u00f3s come\u00e7amos a an\u00e1lise detalhada do&nbsp;<strong>material<\/strong>. Lemos os textos desenvolvidos pelos professores e, sempre com a preocupa\u00e7\u00e3o de torn\u00e1-los potencialmente significativos, sugerimos algumas modifica\u00e7\u00f5es, como a inser\u00e7\u00e3o de imagens, v\u00eddeos,&nbsp;<strong>objetos de aprendizagem<\/strong>, entre outras m\u00eddias\u201d, explica Ohana.<\/p>\n\n\n\n<p>\u201cDurante a&nbsp;<strong>produ\u00e7\u00e3o<\/strong>&nbsp;de imagens, v\u00eddeos,&nbsp;<strong>objetos de aprendizagem<\/strong>&nbsp;e outros&nbsp;<strong>recursos<\/strong>&nbsp;de m\u00eddia, nossa&nbsp;<strong>equipe<\/strong>&nbsp;mant\u00e9m contato com o professor e com o coordenador do&nbsp;<strong>curso<\/strong>&nbsp;para ter a certeza de que tudo est\u00e1 adequado conforme o&nbsp;<strong>planejamento do componente curricular<\/strong>\u201d, afirma a&nbsp;<em>designer<\/em>. Em algumas situa\u00e7\u00f5es inclusive alguns estudantes s\u00e3o envolvidos no&nbsp;<strong>processo de produ\u00e7\u00e3o<\/strong>. Eles d\u00e3o&nbsp;<em>feedback<\/em>&nbsp;sobre a forma como o&nbsp;<strong>material<\/strong>&nbsp;est\u00e1 sendo produzido, para garantir que o&nbsp;<strong>material<\/strong>&nbsp;seja de f\u00e1cil&nbsp;<strong>compreens\u00e3o<\/strong>. Por fim, o texto passa por revis\u00e3o lingu\u00edstica para garantir que o&nbsp;<strong>conte\u00fado<\/strong>&nbsp;esteja redigido de maneira clara e dial\u00f3gica.<\/p>\n\n\n\n<h2 class=\"wp-block-heading\">Onde posso encontrar o material?<\/h2>\n\n\n\n<figure class=\"wp-block-image size-full\"><img loading=\"lazy\" decoding=\"async\" width=\"729\" height=\"486\" src=\"https:\/\/desenvolvimento.bravo.st\/univatesblog\/wp-content\/uploads\/2022\/05\/1549300817.0335_1500_1000-1.jpg\" alt=\"\" class=\"wp-image-2098\" srcset=\"https:\/\/www.univates.br\/blog\/wp-content\/uploads\/2022\/05\/1549300817.0335_1500_1000-1.jpg 729w, https:\/\/www.univates.br\/blog\/wp-content\/uploads\/2022\/05\/1549300817.0335_1500_1000-1-600x400.jpg 600w, https:\/\/www.univates.br\/blog\/wp-content\/uploads\/2022\/05\/1549300817.0335_1500_1000-1-150x100.jpg 150w\" sizes=\"auto, (max-width: 729px) 100vw, 729px\" \/><figcaption>Foto: Elise Bozzetto<\/figcaption><\/figure>\n\n\n\n<p>Ao acessar o&nbsp;<a href=\"https:\/\/www.univates.br\/virtual-login\/virtual\">ambiente virtual de estudos da Univates<\/a>, voc\u00ea tem \u00e0 sua disposi\u00e7\u00e3o todo o&nbsp;<strong>conte\u00fado&nbsp;<em>on-line<\/em><\/strong>&nbsp;preparado exclusivamente para o&nbsp;<strong>curso<\/strong>. A&nbsp;<strong>Institui\u00e7\u00e3o<\/strong>&nbsp;ainda oferece o&nbsp;<strong>conte\u00fado<\/strong>&nbsp;no formato PDF, que voc\u00ea pode baixar ou imprimir, permitindo que seu estudo seja feito em qualquer lugar, como locais sem acesso \u00e0&nbsp;<em>internet<\/em>&nbsp;e at\u00e9 viagens de longa dura\u00e7\u00e3o.<\/p>\n\n\n\n<div class=\"bloco-gutenberg\">\n\n    <a href=\"https:\/\/materiais.univates.br\/com-que-curso-eu-vou-modalidade\" target=\"_blank\" class=\"guten-material\" style=\"background-color: #6b00e8; \">\n                    <img decoding=\"async\" src=\"https:\/\/www.univates.br\/blog\/wp-content\/uploads\/2022\/05\/Design-sem-nome-3.png\" loading=\"lazy\">\n                <div class=\"texto\">\n                            <span>Descubra seu perfil profissional e qual curso \u00e9 perfeito pra voc\u00ea<\/span>\n                            <strong>Baixar e-book<\/strong>\n                    <\/div>\n    <\/a>\n    <\/div>\n\n\n<h2 class=\"wp-block-heading\">O conte\u00fado est\u00e1 sempre atualizado?<\/h2>\n\n\n\n<div class=\"wp-block-media-text alignwide is-stacked-on-mobile\"><figure class=\"wp-block-media-text__media\"><img loading=\"lazy\" decoding=\"async\" width=\"291\" height=\"194\" src=\"https:\/\/desenvolvimento.bravo.st\/univatesblog\/wp-content\/uploads\/2022\/05\/1549300816.4054_300_300.jpg\" alt=\"\" class=\"wp-image-1062 size-full\" srcset=\"https:\/\/www.univates.br\/blog\/wp-content\/uploads\/2022\/05\/1549300816.4054_300_300.jpg 291w, https:\/\/www.univates.br\/blog\/wp-content\/uploads\/2022\/05\/1549300816.4054_300_300-150x100.jpg 150w\" sizes=\"auto, (max-width: 291px) 100vw, 291px\" \/><\/figure><div class=\"wp-block-media-text__content\">\n<p>Pelo fato de o\u00a0<strong>material<\/strong>\u00a0<strong>ser virtual<\/strong>, a\u00a0<strong>atualiza\u00e7\u00e3o \u00e9 r\u00e1pida e constante<\/strong>, sem prejudicar o\u00a0<strong>aprendizado<\/strong>\u00a0e a\u00a0<strong>capacita\u00e7\u00e3o profissional<\/strong>. Ohana explica que \u201cfrequentemente o\u00a0<strong>material<\/strong>\u00a0passa por um processo de versionamento, assim garantimos que os\u00a0<strong>conte\u00fados<\/strong>\u00a0dos\u00a0<strong>componentes curriculares<\/strong>\u00a0estejam sempre atualizados conforme as mudan\u00e7as no\u00a0<strong>mercado de trabalho<\/strong>\u201d.<\/p>\n\n\n\n<p><em>(Foto: Isabel Pavan)<\/em><\/p>\n<\/div><\/div>\n","protected":false},"excerpt":{"rendered":"<p>Em 50 anos de hist\u00f3ria, a&nbsp;Univates&nbsp;sempre se preocupou com a&nbsp;qualidade de ensino. Com o crescimento da&nbsp;Educa\u00e7\u00e3o a Dist\u00e2ncia (EAD), a&nbsp;Institui\u00e7\u00e3o&nbsp;n\u00e3o poupou esfor\u00e7os para buscar&nbsp;recursos&nbsp;que capacitem os estudantes para o&nbsp;mercado de trabalho. Dentre os&nbsp;diferenciais oferecidos, um dos principais \u00e9 o&nbsp;material de\u2026<\/p>\n","protected":false},"author":2,"featured_media":0,"comment_status":"open","ping_status":"open","sticky":false,"template":"","format":"standard","meta":{"_acf_changed":false,"footnotes":""},"categories":[23,28,7],"class_list":["post-1059","post","type-post","status-publish","format-standard","hentry","category-estudos","category-graduacao-ead","category-univates","autor-isabel-pavan"],"acf":[],"yoast_head":"<!-- This site is optimized with the Yoast SEO plugin v27.3 - https:\/\/yoast.com\/product\/yoast-seo-wordpress\/ -->\n<title>Na modalidade EAD voc\u00ea estuda com materiais exclusivos produzidos pela nossa Universidade - Univates Blog<\/title>\n<meta name=\"robots\" content=\"index, follow, max-snippet:-1, max-image-preview:large, max-video-preview:-1\" \/>\n<link rel=\"canonical\" href=\"https:\/\/www.univates.br\/blog\/na-modalidade-ead-voce-estuda-com-materiais-exclusivos-produzidos-pela-nossa-universidade\/\" \/>\n<meta property=\"og:locale\" content=\"pt_BR\" \/>\n<meta property=\"og:type\" content=\"article\" \/>\n<meta property=\"og:title\" content=\"Na modalidade EAD voc\u00ea estuda com materiais exclusivos produzidos pela nossa Universidade - Univates Blog\" \/>\n<meta property=\"og:description\" content=\"Em 50 anos de hist\u00f3ria, a&nbsp;Univates&nbsp;sempre se preocupou com a&nbsp;qualidade de ensino. Com o crescimento da&nbsp;Educa\u00e7\u00e3o a Dist\u00e2ncia (EAD), a&nbsp;Institui\u00e7\u00e3o&nbsp;n\u00e3o poupou esfor\u00e7os para buscar&nbsp;recursos&nbsp;que capacitem os estudantes para o&nbsp;mercado de trabalho. Dentre os&nbsp;diferenciais oferecidos, um dos principais \u00e9 o&nbsp;material de\u2026\" \/>\n<meta property=\"og:url\" content=\"https:\/\/www.univates.br\/blog\/na-modalidade-ead-voce-estuda-com-materiais-exclusivos-produzidos-pela-nossa-universidade\/\" \/>\n<meta property=\"og:site_name\" content=\"Univates Blog\" \/>\n<meta property=\"article:published_time\" content=\"2022-05-09T13:13:01+00:00\" \/>\n<meta property=\"article:modified_time\" content=\"2025-06-09T17:19:18+00:00\" \/>\n<meta property=\"og:image\" content=\"https:\/\/desenvolvimento.bravo.st\/univatesblog\/wp-content\/uploads\/2022\/05\/1549300816.6369_300_300.jpg\" \/>\n<meta name=\"author\" content=\"Marketing Univates\" \/>\n<meta name=\"twitter:card\" content=\"summary_large_image\" \/>\n<meta name=\"twitter:label1\" content=\"Escrito por\" \/>\n\t<meta name=\"twitter:data1\" content=\"Marketing Univates\" \/>\n\t<meta name=\"twitter:label2\" content=\"Est. tempo de leitura\" \/>\n\t<meta name=\"twitter:data2\" content=\"5 minutos\" \/>\n<script type=\"application\/ld+json\" class=\"yoast-schema-graph\">{\"@context\":\"https:\\\/\\\/schema.org\",\"@graph\":[{\"@type\":\"Article\",\"@id\":\"https:\\\/\\\/www.univates.br\\\/blog\\\/na-modalidade-ead-voce-estuda-com-materiais-exclusivos-produzidos-pela-nossa-universidade\\\/#article\",\"isPartOf\":{\"@id\":\"https:\\\/\\\/www.univates.br\\\/blog\\\/na-modalidade-ead-voce-estuda-com-materiais-exclusivos-produzidos-pela-nossa-universidade\\\/\"},\"author\":{\"name\":\"Marketing Univates\",\"@id\":\"https:\\\/\\\/www.univates.br\\\/blog\\\/#\\\/schema\\\/person\\\/15c63917440cc5e70160c247b309af2f\"},\"headline\":\"Na modalidade EAD voc\u00ea estuda com materiais exclusivos produzidos pela nossa Universidade\",\"datePublished\":\"2022-05-09T13:13:01+00:00\",\"dateModified\":\"2025-06-09T17:19:18+00:00\",\"mainEntityOfPage\":{\"@id\":\"https:\\\/\\\/www.univates.br\\\/blog\\\/na-modalidade-ead-voce-estuda-com-materiais-exclusivos-produzidos-pela-nossa-universidade\\\/\"},\"wordCount\":847,\"commentCount\":0,\"image\":{\"@id\":\"https:\\\/\\\/www.univates.br\\\/blog\\\/na-modalidade-ead-voce-estuda-com-materiais-exclusivos-produzidos-pela-nossa-universidade\\\/#primaryimage\"},\"thumbnailUrl\":\"https:\\\/\\\/desenvolvimento.bravo.st\\\/univatesblog\\\/wp-content\\\/uploads\\\/2022\\\/05\\\/1549300816.6369_300_300.jpg\",\"articleSection\":[\"Estudos\",\"Gradua\u00e7\u00e3o EAD\",\"Univates\"],\"inLanguage\":\"pt-BR\",\"potentialAction\":[{\"@type\":\"CommentAction\",\"name\":\"Comment\",\"target\":[\"https:\\\/\\\/www.univates.br\\\/blog\\\/na-modalidade-ead-voce-estuda-com-materiais-exclusivos-produzidos-pela-nossa-universidade\\\/#respond\"]}]},{\"@type\":\"WebPage\",\"@id\":\"https:\\\/\\\/www.univates.br\\\/blog\\\/na-modalidade-ead-voce-estuda-com-materiais-exclusivos-produzidos-pela-nossa-universidade\\\/\",\"url\":\"https:\\\/\\\/www.univates.br\\\/blog\\\/na-modalidade-ead-voce-estuda-com-materiais-exclusivos-produzidos-pela-nossa-universidade\\\/\",\"name\":\"Na modalidade EAD voc\u00ea estuda com materiais exclusivos produzidos pela nossa Universidade - Univates Blog\",\"isPartOf\":{\"@id\":\"https:\\\/\\\/www.univates.br\\\/blog\\\/#website\"},\"primaryImageOfPage\":{\"@id\":\"https:\\\/\\\/www.univates.br\\\/blog\\\/na-modalidade-ead-voce-estuda-com-materiais-exclusivos-produzidos-pela-nossa-universidade\\\/#primaryimage\"},\"image\":{\"@id\":\"https:\\\/\\\/www.univates.br\\\/blog\\\/na-modalidade-ead-voce-estuda-com-materiais-exclusivos-produzidos-pela-nossa-universidade\\\/#primaryimage\"},\"thumbnailUrl\":\"https:\\\/\\\/desenvolvimento.bravo.st\\\/univatesblog\\\/wp-content\\\/uploads\\\/2022\\\/05\\\/1549300816.6369_300_300.jpg\",\"datePublished\":\"2022-05-09T13:13:01+00:00\",\"dateModified\":\"2025-06-09T17:19:18+00:00\",\"author\":{\"@id\":\"https:\\\/\\\/www.univates.br\\\/blog\\\/#\\\/schema\\\/person\\\/15c63917440cc5e70160c247b309af2f\"},\"breadcrumb\":{\"@id\":\"https:\\\/\\\/www.univates.br\\\/blog\\\/na-modalidade-ead-voce-estuda-com-materiais-exclusivos-produzidos-pela-nossa-universidade\\\/#breadcrumb\"},\"inLanguage\":\"pt-BR\",\"potentialAction\":[{\"@type\":\"ReadAction\",\"target\":[\"https:\\\/\\\/www.univates.br\\\/blog\\\/na-modalidade-ead-voce-estuda-com-materiais-exclusivos-produzidos-pela-nossa-universidade\\\/\"]}]},{\"@type\":\"ImageObject\",\"inLanguage\":\"pt-BR\",\"@id\":\"https:\\\/\\\/www.univates.br\\\/blog\\\/na-modalidade-ead-voce-estuda-com-materiais-exclusivos-produzidos-pela-nossa-universidade\\\/#primaryimage\",\"url\":\"https:\\\/\\\/desenvolvimento.bravo.st\\\/univatesblog\\\/wp-content\\\/uploads\\\/2022\\\/05\\\/1549300816.6369_300_300.jpg\",\"contentUrl\":\"https:\\\/\\\/desenvolvimento.bravo.st\\\/univatesblog\\\/wp-content\\\/uploads\\\/2022\\\/05\\\/1549300816.6369_300_300.jpg\"},{\"@type\":\"BreadcrumbList\",\"@id\":\"https:\\\/\\\/www.univates.br\\\/blog\\\/na-modalidade-ead-voce-estuda-com-materiais-exclusivos-produzidos-pela-nossa-universidade\\\/#breadcrumb\",\"itemListElement\":[{\"@type\":\"ListItem\",\"position\":1,\"name\":\"Home\",\"item\":\"https:\\\/\\\/www.univates.br\\\/blog\\\/\"},{\"@type\":\"ListItem\",\"position\":2,\"name\":\"Na modalidade EAD voc\u00ea estuda com materiais exclusivos produzidos pela nossa Universidade\"}]},{\"@type\":\"WebSite\",\"@id\":\"https:\\\/\\\/www.univates.br\\\/blog\\\/#website\",\"url\":\"https:\\\/\\\/www.univates.br\\\/blog\\\/\",\"name\":\"Univates Blog\",\"description\":\"\",\"potentialAction\":[{\"@type\":\"SearchAction\",\"target\":{\"@type\":\"EntryPoint\",\"urlTemplate\":\"https:\\\/\\\/www.univates.br\\\/blog\\\/?s={search_term_string}\"},\"query-input\":{\"@type\":\"PropertyValueSpecification\",\"valueRequired\":true,\"valueName\":\"search_term_string\"}}],\"inLanguage\":\"pt-BR\"},{\"@type\":\"Person\",\"@id\":\"https:\\\/\\\/www.univates.br\\\/blog\\\/#\\\/schema\\\/person\\\/15c63917440cc5e70160c247b309af2f\",\"name\":\"Marketing Univates\",\"image\":{\"@type\":\"ImageObject\",\"inLanguage\":\"pt-BR\",\"@id\":\"https:\\\/\\\/secure.gravatar.com\\\/avatar\\\/511f9e77a6a3d0cddd9074f69a722364bc7f787e73d4a0da1f727ba62704eda4?s=96&d=mm&r=g\",\"url\":\"https:\\\/\\\/secure.gravatar.com\\\/avatar\\\/511f9e77a6a3d0cddd9074f69a722364bc7f787e73d4a0da1f727ba62704eda4?s=96&d=mm&r=g\",\"contentUrl\":\"https:\\\/\\\/secure.gravatar.com\\\/avatar\\\/511f9e77a6a3d0cddd9074f69a722364bc7f787e73d4a0da1f727ba62704eda4?s=96&d=mm&r=g\",\"caption\":\"Marketing Univates\"},\"sameAs\":[\"http:\\\/\\\/univates.br\"],\"url\":\"https:\\\/\\\/www.univates.br\\\/blog\\\/author\\\/marketing\\\/\"}]}<\/script>\n<!-- \/ Yoast SEO plugin. -->","yoast_head_json":{"title":"Na modalidade EAD voc\u00ea estuda com materiais exclusivos produzidos pela nossa Universidade - Univates Blog","robots":{"index":"index","follow":"follow","max-snippet":"max-snippet:-1","max-image-preview":"max-image-preview:large","max-video-preview":"max-video-preview:-1"},"canonical":"https:\/\/www.univates.br\/blog\/na-modalidade-ead-voce-estuda-com-materiais-exclusivos-produzidos-pela-nossa-universidade\/","og_locale":"pt_BR","og_type":"article","og_title":"Na modalidade EAD voc\u00ea estuda com materiais exclusivos produzidos pela nossa Universidade - Univates Blog","og_description":"Em 50 anos de hist\u00f3ria, a&nbsp;Univates&nbsp;sempre se preocupou com a&nbsp;qualidade de ensino. Com o crescimento da&nbsp;Educa\u00e7\u00e3o a Dist\u00e2ncia (EAD), a&nbsp;Institui\u00e7\u00e3o&nbsp;n\u00e3o poupou esfor\u00e7os para buscar&nbsp;recursos&nbsp;que capacitem os estudantes para o&nbsp;mercado de trabalho. Dentre os&nbsp;diferenciais oferecidos, um dos principais \u00e9 o&nbsp;material de\u2026","og_url":"https:\/\/www.univates.br\/blog\/na-modalidade-ead-voce-estuda-com-materiais-exclusivos-produzidos-pela-nossa-universidade\/","og_site_name":"Univates Blog","article_published_time":"2022-05-09T13:13:01+00:00","article_modified_time":"2025-06-09T17:19:18+00:00","og_image":[{"url":"https:\/\/desenvolvimento.bravo.st\/univatesblog\/wp-content\/uploads\/2022\/05\/1549300816.6369_300_300.jpg","type":"","width":"","height":""}],"author":"Marketing Univates","twitter_card":"summary_large_image","twitter_misc":{"Escrito por":"Marketing Univates","Est. tempo de leitura":"5 minutos"},"schema":{"@context":"https:\/\/schema.org","@graph":[{"@type":"Article","@id":"https:\/\/www.univates.br\/blog\/na-modalidade-ead-voce-estuda-com-materiais-exclusivos-produzidos-pela-nossa-universidade\/#article","isPartOf":{"@id":"https:\/\/www.univates.br\/blog\/na-modalidade-ead-voce-estuda-com-materiais-exclusivos-produzidos-pela-nossa-universidade\/"},"author":{"name":"Marketing Univates","@id":"https:\/\/www.univates.br\/blog\/#\/schema\/person\/15c63917440cc5e70160c247b309af2f"},"headline":"Na modalidade EAD voc\u00ea estuda com materiais exclusivos produzidos pela nossa Universidade","datePublished":"2022-05-09T13:13:01+00:00","dateModified":"2025-06-09T17:19:18+00:00","mainEntityOfPage":{"@id":"https:\/\/www.univates.br\/blog\/na-modalidade-ead-voce-estuda-com-materiais-exclusivos-produzidos-pela-nossa-universidade\/"},"wordCount":847,"commentCount":0,"image":{"@id":"https:\/\/www.univates.br\/blog\/na-modalidade-ead-voce-estuda-com-materiais-exclusivos-produzidos-pela-nossa-universidade\/#primaryimage"},"thumbnailUrl":"https:\/\/desenvolvimento.bravo.st\/univatesblog\/wp-content\/uploads\/2022\/05\/1549300816.6369_300_300.jpg","articleSection":["Estudos","Gradua\u00e7\u00e3o EAD","Univates"],"inLanguage":"pt-BR","potentialAction":[{"@type":"CommentAction","name":"Comment","target":["https:\/\/www.univates.br\/blog\/na-modalidade-ead-voce-estuda-com-materiais-exclusivos-produzidos-pela-nossa-universidade\/#respond"]}]},{"@type":"WebPage","@id":"https:\/\/www.univates.br\/blog\/na-modalidade-ead-voce-estuda-com-materiais-exclusivos-produzidos-pela-nossa-universidade\/","url":"https:\/\/www.univates.br\/blog\/na-modalidade-ead-voce-estuda-com-materiais-exclusivos-produzidos-pela-nossa-universidade\/","name":"Na modalidade EAD voc\u00ea estuda com materiais exclusivos produzidos pela nossa Universidade - Univates Blog","isPartOf":{"@id":"https:\/\/www.univates.br\/blog\/#website"},"primaryImageOfPage":{"@id":"https:\/\/www.univates.br\/blog\/na-modalidade-ead-voce-estuda-com-materiais-exclusivos-produzidos-pela-nossa-universidade\/#primaryimage"},"image":{"@id":"https:\/\/www.univates.br\/blog\/na-modalidade-ead-voce-estuda-com-materiais-exclusivos-produzidos-pela-nossa-universidade\/#primaryimage"},"thumbnailUrl":"https:\/\/desenvolvimento.bravo.st\/univatesblog\/wp-content\/uploads\/2022\/05\/1549300816.6369_300_300.jpg","datePublished":"2022-05-09T13:13:01+00:00","dateModified":"2025-06-09T17:19:18+00:00","author":{"@id":"https:\/\/www.univates.br\/blog\/#\/schema\/person\/15c63917440cc5e70160c247b309af2f"},"breadcrumb":{"@id":"https:\/\/www.univates.br\/blog\/na-modalidade-ead-voce-estuda-com-materiais-exclusivos-produzidos-pela-nossa-universidade\/#breadcrumb"},"inLanguage":"pt-BR","potentialAction":[{"@type":"ReadAction","target":["https:\/\/www.univates.br\/blog\/na-modalidade-ead-voce-estuda-com-materiais-exclusivos-produzidos-pela-nossa-universidade\/"]}]},{"@type":"ImageObject","inLanguage":"pt-BR","@id":"https:\/\/www.univates.br\/blog\/na-modalidade-ead-voce-estuda-com-materiais-exclusivos-produzidos-pela-nossa-universidade\/#primaryimage","url":"https:\/\/desenvolvimento.bravo.st\/univatesblog\/wp-content\/uploads\/2022\/05\/1549300816.6369_300_300.jpg","contentUrl":"https:\/\/desenvolvimento.bravo.st\/univatesblog\/wp-content\/uploads\/2022\/05\/1549300816.6369_300_300.jpg"},{"@type":"BreadcrumbList","@id":"https:\/\/www.univates.br\/blog\/na-modalidade-ead-voce-estuda-com-materiais-exclusivos-produzidos-pela-nossa-universidade\/#breadcrumb","itemListElement":[{"@type":"ListItem","position":1,"name":"Home","item":"https:\/\/www.univates.br\/blog\/"},{"@type":"ListItem","position":2,"name":"Na modalidade EAD voc\u00ea estuda com materiais exclusivos produzidos pela nossa Universidade"}]},{"@type":"WebSite","@id":"https:\/\/www.univates.br\/blog\/#website","url":"https:\/\/www.univates.br\/blog\/","name":"Univates Blog","description":"","potentialAction":[{"@type":"SearchAction","target":{"@type":"EntryPoint","urlTemplate":"https:\/\/www.univates.br\/blog\/?s={search_term_string}"},"query-input":{"@type":"PropertyValueSpecification","valueRequired":true,"valueName":"search_term_string"}}],"inLanguage":"pt-BR"},{"@type":"Person","@id":"https:\/\/www.univates.br\/blog\/#\/schema\/person\/15c63917440cc5e70160c247b309af2f","name":"Marketing Univates","image":{"@type":"ImageObject","inLanguage":"pt-BR","@id":"https:\/\/secure.gravatar.com\/avatar\/511f9e77a6a3d0cddd9074f69a722364bc7f787e73d4a0da1f727ba62704eda4?s=96&d=mm&r=g","url":"https:\/\/secure.gravatar.com\/avatar\/511f9e77a6a3d0cddd9074f69a722364bc7f787e73d4a0da1f727ba62704eda4?s=96&d=mm&r=g","contentUrl":"https:\/\/secure.gravatar.com\/avatar\/511f9e77a6a3d0cddd9074f69a722364bc7f787e73d4a0da1f727ba62704eda4?s=96&d=mm&r=g","caption":"Marketing Univates"},"sameAs":["http:\/\/univates.br"],"url":"https:\/\/www.univates.br\/blog\/author\/marketing\/"}]}},"_links":{"self":[{"href":"https:\/\/www.univates.br\/blog\/wp-json\/wp\/v2\/posts\/1059","targetHints":{"allow":["GET"]}}],"collection":[{"href":"https:\/\/www.univates.br\/blog\/wp-json\/wp\/v2\/posts"}],"about":[{"href":"https:\/\/www.univates.br\/blog\/wp-json\/wp\/v2\/types\/post"}],"author":[{"embeddable":true,"href":"https:\/\/www.univates.br\/blog\/wp-json\/wp\/v2\/users\/2"}],"replies":[{"embeddable":true,"href":"https:\/\/www.univates.br\/blog\/wp-json\/wp\/v2\/comments?post=1059"}],"version-history":[{"count":5,"href":"https:\/\/www.univates.br\/blog\/wp-json\/wp\/v2\/posts\/1059\/revisions"}],"predecessor-version":[{"id":2099,"href":"https:\/\/www.univates.br\/blog\/wp-json\/wp\/v2\/posts\/1059\/revisions\/2099"}],"wp:attachment":[{"href":"https:\/\/www.univates.br\/blog\/wp-json\/wp\/v2\/media?parent=1059"}],"wp:term":[{"taxonomy":"category","embeddable":true,"href":"https:\/\/www.univates.br\/blog\/wp-json\/wp\/v2\/categories?post=1059"}],"curies":[{"name":"wp","href":"https:\/\/api.w.org\/{rel}","templated":true}]}}