{"id":1065,"date":"2022-05-09T10:17:19","date_gmt":"2022-05-09T13:17:19","guid":{"rendered":"https:\/\/desenvolvimento.bravo.st\/univatesblog\/?p=1065"},"modified":"2023-12-20T14:02:39","modified_gmt":"2023-12-20T17:02:39","slug":"vivencia-no-exterior-e-uma-das-oportunidades-para-os-alunos-da-area-de-gestao-da-nossa-universidade","status":"publish","type":"post","link":"https:\/\/www.univates.br\/blog\/vivencia-no-exterior-e-uma-das-oportunidades-para-os-alunos-da-area-de-gestao-da-nossa-universidade\/","title":{"rendered":"Viv\u00eancia no exterior \u00e9 uma das oportunidades para os alunos da \u00e1rea de gest\u00e3o da nossa Universidade"},"content":{"rendered":"\n<p>Com o objetivo de possibilitar uma\u00a0<strong>experi\u00eancia de gest\u00e3o no exterior<\/strong>, a\u00a0<strong>Univates<\/strong>\u00a0oportuniza a\u00a0<strong>participa\u00e7\u00e3o de estudantes da \u00e1rea<\/strong>\u00a0em\u00a0<strong>imers\u00f5es<\/strong>. Nos \u00faltimos anos, alunos foram para a Europa e para a China.<\/p>\n\n\n\n<figure class=\"wp-block-image size-full\"><img loading=\"lazy\" decoding=\"async\" width=\"729\" height=\"486\" src=\"https:\/\/desenvolvimento.bravo.st\/univatesblog\/wp-content\/uploads\/2022\/05\/1548933356.2969_300_300-1.jpg\" alt=\"\" class=\"wp-image-2100\" srcset=\"https:\/\/www.univates.br\/blog\/wp-content\/uploads\/2022\/05\/1548933356.2969_300_300-1.jpg 729w, https:\/\/www.univates.br\/blog\/wp-content\/uploads\/2022\/05\/1548933356.2969_300_300-1-600x400.jpg 600w, https:\/\/www.univates.br\/blog\/wp-content\/uploads\/2022\/05\/1548933356.2969_300_300-1-150x100.jpg 150w\" sizes=\"auto, (max-width: 729px) 100vw, 729px\" \/><figcaption>Foto: Elise Bozzetto<\/figcaption><\/figure>\n\n\n\n<p>Em 2018, 35 acad\u00eamicos de&nbsp;<a href=\"https:\/\/www.univates.br\/graduacao\/administracao-de-empresas\">Administra\u00e7\u00e3o de Empresas<\/a>,&nbsp;<a href=\"https:\/\/www.univates.br\/graduacao\/tecnologia-de-gestao-de-micro-e-pequenas-empresas\">Gest\u00e3o de Micro e Pequenas Empresas<\/a>,&nbsp;<a href=\"https:\/\/www.univates.br\/graduacao\/relacoes-internacionais\">Rela\u00e7\u00f5es Internacionais<\/a>&nbsp;e&nbsp;<a href=\"https:\/\/www.univates.br\/graduacao\/comercio-exterior\">Com\u00e9rcio Exterior<\/a>&nbsp;e outros estudantes que est\u00e3o realizando MBA na&nbsp;<strong>\u00e1rea de gest\u00e3o e neg\u00f3cios<\/strong>, vinculados ao&nbsp;<a href=\"https:\/\/www.univates.br\/institucional\/centros\/gestao-organizacional\">Centro de Gest\u00e3o Organizacional (CGO) da Univates<\/a>, estiveram em Montevid\u00e9u (Uruguai) e Buenos Aires (Argentina) entre os dias 30 de outubro e 7 de novembro. Por se tratar de um&nbsp;<strong>passeio de estudos<\/strong>, e n\u00e3o uma disciplina obrigat\u00f3ria, cabe aos estudantes a livre ades\u00e3o \u00e0 atividade e tamb\u00e9m o pagamento do transporte e estadia.<\/p>\n\n\n\n<p><strong>Empresas<\/strong>&nbsp;e&nbsp;<strong>institui\u00e7\u00f5es<\/strong>&nbsp;que atuam em diferentes setores das \u00e1reas hoteleira, jornal\u00edstica, de log\u00edstica, de servi\u00e7os, de tecnologia e universit\u00e1ria foram escolhidas para visita\u00e7\u00e3o neste ano.\u201cO objetivo foi&nbsp;<strong>identificar<\/strong>&nbsp;e&nbsp;<strong>compreender<\/strong>&nbsp;as&nbsp;<strong>formas de gest\u00e3o<\/strong>&nbsp;de diferentes&nbsp;<strong>organiza\u00e7\u00f5es<\/strong>&nbsp;e&nbsp;<strong>caracter\u00edsticas das rela\u00e7\u00f5es bilaterais Brasil-Uruguai e Brasil-Argentina<\/strong>\u201d, explica o professor Mateus Dalm\u00e1z. Foram visitadas tamb\u00e9m as embaixadas do Brasil nas duas cidades, em que os alunos puderam conversar com diplomatas.<\/p>\n\n\n\n<p>Dalm\u00e1z acredita que \u00e9 importante para os estudantes conhecerem de perto&nbsp;<strong>como as organiza\u00e7\u00f5es atuam<\/strong>, especialmente as&nbsp;<strong>t\u00e9cnicas de gest\u00e3o<\/strong>&nbsp;aplicadas em&nbsp;<strong>institui\u00e7\u00f5es<\/strong>&nbsp;do Cone Sul (regi\u00e3o que concentra parte dos&nbsp;<strong>neg\u00f3cios<\/strong>&nbsp;do Brasil e do Rio Grande do Sul).<\/p>\n\n\n\n<blockquote class=\"wp-block-quote is-layout-flow wp-block-quote-is-layout-flow\"><p>&#8220;Al\u00e9m da abordagem administrativa e econ\u00f4mica, \u00e9 fundamental que os alunos compreendam a rela\u00e7\u00e3o entre pol\u00edtica e economia, isto \u00e9, o impacto das decis\u00f5es pol\u00edticas no mundo dos neg\u00f3cios&#8221; (Professor Mateus Dalm\u00e1z)<\/p><\/blockquote>\n\n\n\n<p>Somada a isso est\u00e1 a import\u00e2ncia de viver uma&nbsp;<strong>experi\u00eancia no exterior<\/strong>, ao&nbsp;<strong>praticar outro idioma<\/strong>&nbsp;e&nbsp;<strong>conhecer outras culturas<\/strong>, o que amplia a&nbsp;<strong>vis\u00e3o de mundo<\/strong>&nbsp;ao perceber as&nbsp;<strong>diferentes formas de rela\u00e7\u00e3o<\/strong>&nbsp;entre&nbsp;<strong>Estado<\/strong>&nbsp;e&nbsp;<strong>sociedade civil<\/strong>.<\/p>\n\n\n\n<div class=\"bloco-gutenberg\">\n\n    <a href=\"https:\/\/materiais.univates.br\/mercado-de-trabalho-modalidade\" target=\"_blank\" class=\"guten-material\" style=\"background-color: #01e37f; color: #0a0a0a;\">\n                    <img decoding=\"async\" src=\"https:\/\/www.univates.br\/blog\/wp-content\/uploads\/2022\/05\/Design-sem-nome-4.png\" loading=\"lazy\">\n                <div class=\"texto\">\n                            <span>Descubra como se destacar no mercado de trabalho<\/span>\n                            <strong>Baixar e-book<\/strong>\n                    <\/div>\n    <\/a>\n    <\/div>\n\n\n<h2 class=\"wp-block-heading\">Oportunidade para os cursos EAD<\/h2>\n\n\n\n<div class=\"wp-block-media-text alignwide is-stacked-on-mobile\"><figure class=\"wp-block-media-text__media\"><img loading=\"lazy\" decoding=\"async\" width=\"292\" height=\"219\" src=\"https:\/\/desenvolvimento.bravo.st\/univatesblog\/wp-content\/uploads\/2022\/05\/1548933358.4107_300_300.jpg\" alt=\"\" class=\"wp-image-1066 size-full\" srcset=\"https:\/\/www.univates.br\/blog\/wp-content\/uploads\/2022\/05\/1548933358.4107_300_300.jpg 292w, https:\/\/www.univates.br\/blog\/wp-content\/uploads\/2022\/05\/1548933358.4107_300_300-150x113.jpg 150w\" sizes=\"auto, (max-width: 292px) 100vw, 292px\" \/><\/figure><div class=\"wp-block-media-text__content\">\n<p>A estudante de\u00a0<a href=\"https:\/\/www.univates.br\/graduacao\/ead-administracao\">Administra\u00e7\u00e3o<\/a>\u00a0Ana Luisa Feil est\u00e1 no 2\u00ba semestre do\u00a0<strong>curso<\/strong>\u00a0na\u00a0<strong>modalidade Educa\u00e7\u00e3o a Dist\u00e2ncia (EAD)<\/strong>\u00a0da\u00a0<strong>Univates<\/strong>\u00a0e participou da\u00a0<strong>imers\u00e3o<\/strong>. \u201c\u00c9 um dinheiro bem investido, sabe? \u00c9 importante\u00a0<strong>conhecer a pr\u00e1tica da \u00e1rea<\/strong>\u00a0para obter mais\u00a0<strong>conhecimento<\/strong>\u00a0sobre como funciona a aplica\u00e7\u00e3o\u201d, explica Ana.<\/p>\n\n\n\n<p><em>(Foto: Divulga\u00e7\u00e3o)<\/em><\/p>\n<\/div><\/div>\n\n\n\n<p>A estudante foi a \u00fanica aluna de&nbsp;<strong>EAD<\/strong>&nbsp;que participou da&nbsp;<strong>imers\u00e3o<\/strong>&nbsp;e n\u00e3o conhecia ningu\u00e9m antes de ir, o que n\u00e3o foi problema. \u201cFiz amizades com pessoas que estudam na mesma \u00e1rea que eu, o que \u00e9 muito bom, pois h\u00e1&nbsp;<strong>interesses em comum<\/strong>\u201d, conta. Al\u00e9m disso, afirma que ver pessoas l\u00e1 fora que est\u00e3o no mesmo caminho que o dela \u00e9 um incentivo para continuar.<\/p>\n\n\n\n<p><strong>Confira o v\u00eddeo com Ana Luisa contando a sua experi\u00eancia:<\/strong><\/p>\n\n\n\n<figure class=\"wp-block-embed is-type-video is-provider-youtube wp-block-embed-youtube wp-embed-aspect-16-9 wp-has-aspect-ratio\"><div class=\"wp-block-embed__wrapper\">\n<iframe loading=\"lazy\" title=\"Imers\u00e3o no exterior \u00e9 uma das oportunidades ofertadas aos alunos da \u00e1rea de gest\u00e3o da Univates\" width=\"500\" height=\"281\" src=\"https:\/\/www.youtube.com\/embed\/xYouAj-bQbs?feature=oembed\" frameborder=\"0\" allow=\"accelerometer; autoplay; clipboard-write; encrypted-media; gyroscope; picture-in-picture; web-share\" referrerpolicy=\"strict-origin-when-cross-origin\" allowfullscreen><\/iframe>\n<\/div><\/figure>\n","protected":false},"excerpt":{"rendered":"<p>Com o objetivo de possibilitar uma\u00a0experi\u00eancia de gest\u00e3o no exterior, a\u00a0Univates\u00a0oportuniza a\u00a0participa\u00e7\u00e3o de estudantes da \u00e1rea\u00a0em\u00a0imers\u00f5es. Nos \u00faltimos anos, alunos foram para a Europa e para a China. Em 2018, 35 acad\u00eamicos de&nbsp;Administra\u00e7\u00e3o de Empresas,&nbsp;Gest\u00e3o de Micro e Pequenas Empresas,&nbsp;Rela\u00e7\u00f5es\u2026<\/p>\n","protected":false},"author":2,"featured_media":0,"comment_status":"open","ping_status":"open","sticky":false,"template":"","format":"standard","meta":{"_acf_changed":false,"footnotes":""},"categories":[7],"class_list":["post-1065","post","type-post","status-publish","format-standard","hentry","category-univates","autor-natalia-bottoni","curso-comercio-exterior","curso-relacoes-internacionais","area-gestao"],"acf":[],"yoast_head":"<!-- This site is optimized with the Yoast SEO plugin v27.3 - https:\/\/yoast.com\/product\/yoast-seo-wordpress\/ -->\n<title>Viv\u00eancia no exterior \u00e9 uma das oportunidades para os alunos da \u00e1rea de gest\u00e3o da nossa Universidade - Univates Blog<\/title>\n<meta name=\"robots\" content=\"index, follow, max-snippet:-1, max-image-preview:large, max-video-preview:-1\" \/>\n<link rel=\"canonical\" href=\"https:\/\/www.univates.br\/blog\/vivencia-no-exterior-e-uma-das-oportunidades-para-os-alunos-da-area-de-gestao-da-nossa-universidade\/\" \/>\n<meta property=\"og:locale\" content=\"pt_BR\" \/>\n<meta property=\"og:type\" content=\"article\" \/>\n<meta property=\"og:title\" content=\"Viv\u00eancia no exterior \u00e9 uma das oportunidades para os alunos da \u00e1rea de gest\u00e3o da nossa Universidade - Univates Blog\" \/>\n<meta property=\"og:description\" content=\"Com o objetivo de possibilitar uma\u00a0experi\u00eancia de gest\u00e3o no exterior, a\u00a0Univates\u00a0oportuniza a\u00a0participa\u00e7\u00e3o de estudantes da \u00e1rea\u00a0em\u00a0imers\u00f5es. Nos \u00faltimos anos, alunos foram para a Europa e para a China. Em 2018, 35 acad\u00eamicos de&nbsp;Administra\u00e7\u00e3o de Empresas,&nbsp;Gest\u00e3o de Micro e Pequenas Empresas,&nbsp;Rela\u00e7\u00f5es\u2026\" \/>\n<meta property=\"og:url\" content=\"https:\/\/www.univates.br\/blog\/vivencia-no-exterior-e-uma-das-oportunidades-para-os-alunos-da-area-de-gestao-da-nossa-universidade\/\" \/>\n<meta property=\"og:site_name\" content=\"Univates Blog\" \/>\n<meta property=\"article:published_time\" content=\"2022-05-09T13:17:19+00:00\" \/>\n<meta property=\"article:modified_time\" content=\"2023-12-20T17:02:39+00:00\" \/>\n<meta property=\"og:image\" content=\"https:\/\/desenvolvimento.bravo.st\/univatesblog\/wp-content\/uploads\/2022\/05\/1548933356.2969_300_300-1.jpg\" \/>\n<meta name=\"author\" content=\"Marketing Univates\" \/>\n<meta name=\"twitter:card\" content=\"summary_large_image\" \/>\n<meta name=\"twitter:label1\" content=\"Escrito por\" \/>\n\t<meta name=\"twitter:data1\" content=\"Marketing Univates\" \/>\n\t<meta name=\"twitter:label2\" content=\"Est. tempo de leitura\" \/>\n\t<meta name=\"twitter:data2\" content=\"3 minutos\" \/>\n<script type=\"application\/ld+json\" class=\"yoast-schema-graph\">{\"@context\":\"https:\\\/\\\/schema.org\",\"@graph\":[{\"@type\":\"Article\",\"@id\":\"https:\\\/\\\/www.univates.br\\\/blog\\\/vivencia-no-exterior-e-uma-das-oportunidades-para-os-alunos-da-area-de-gestao-da-nossa-universidade\\\/#article\",\"isPartOf\":{\"@id\":\"https:\\\/\\\/www.univates.br\\\/blog\\\/vivencia-no-exterior-e-uma-das-oportunidades-para-os-alunos-da-area-de-gestao-da-nossa-universidade\\\/\"},\"author\":{\"name\":\"Marketing Univates\",\"@id\":\"https:\\\/\\\/www.univates.br\\\/blog\\\/#\\\/schema\\\/person\\\/15c63917440cc5e70160c247b309af2f\"},\"headline\":\"Viv\u00eancia no exterior \u00e9 uma das oportunidades para os alunos da \u00e1rea de gest\u00e3o da nossa Universidade\",\"datePublished\":\"2022-05-09T13:17:19+00:00\",\"dateModified\":\"2023-12-20T17:02:39+00:00\",\"mainEntityOfPage\":{\"@id\":\"https:\\\/\\\/www.univates.br\\\/blog\\\/vivencia-no-exterior-e-uma-das-oportunidades-para-os-alunos-da-area-de-gestao-da-nossa-universidade\\\/\"},\"wordCount\":556,\"commentCount\":0,\"image\":{\"@id\":\"https:\\\/\\\/www.univates.br\\\/blog\\\/vivencia-no-exterior-e-uma-das-oportunidades-para-os-alunos-da-area-de-gestao-da-nossa-universidade\\\/#primaryimage\"},\"thumbnailUrl\":\"https:\\\/\\\/desenvolvimento.bravo.st\\\/univatesblog\\\/wp-content\\\/uploads\\\/2022\\\/05\\\/1548933356.2969_300_300-1.jpg\",\"articleSection\":[\"Univates\"],\"inLanguage\":\"pt-BR\",\"potentialAction\":[{\"@type\":\"CommentAction\",\"name\":\"Comment\",\"target\":[\"https:\\\/\\\/www.univates.br\\\/blog\\\/vivencia-no-exterior-e-uma-das-oportunidades-para-os-alunos-da-area-de-gestao-da-nossa-universidade\\\/#respond\"]}]},{\"@type\":\"WebPage\",\"@id\":\"https:\\\/\\\/www.univates.br\\\/blog\\\/vivencia-no-exterior-e-uma-das-oportunidades-para-os-alunos-da-area-de-gestao-da-nossa-universidade\\\/\",\"url\":\"https:\\\/\\\/www.univates.br\\\/blog\\\/vivencia-no-exterior-e-uma-das-oportunidades-para-os-alunos-da-area-de-gestao-da-nossa-universidade\\\/\",\"name\":\"Viv\u00eancia no exterior \u00e9 uma das oportunidades para os alunos da \u00e1rea de gest\u00e3o da nossa Universidade - Univates Blog\",\"isPartOf\":{\"@id\":\"https:\\\/\\\/www.univates.br\\\/blog\\\/#website\"},\"primaryImageOfPage\":{\"@id\":\"https:\\\/\\\/www.univates.br\\\/blog\\\/vivencia-no-exterior-e-uma-das-oportunidades-para-os-alunos-da-area-de-gestao-da-nossa-universidade\\\/#primaryimage\"},\"image\":{\"@id\":\"https:\\\/\\\/www.univates.br\\\/blog\\\/vivencia-no-exterior-e-uma-das-oportunidades-para-os-alunos-da-area-de-gestao-da-nossa-universidade\\\/#primaryimage\"},\"thumbnailUrl\":\"https:\\\/\\\/desenvolvimento.bravo.st\\\/univatesblog\\\/wp-content\\\/uploads\\\/2022\\\/05\\\/1548933356.2969_300_300-1.jpg\",\"datePublished\":\"2022-05-09T13:17:19+00:00\",\"dateModified\":\"2023-12-20T17:02:39+00:00\",\"author\":{\"@id\":\"https:\\\/\\\/www.univates.br\\\/blog\\\/#\\\/schema\\\/person\\\/15c63917440cc5e70160c247b309af2f\"},\"breadcrumb\":{\"@id\":\"https:\\\/\\\/www.univates.br\\\/blog\\\/vivencia-no-exterior-e-uma-das-oportunidades-para-os-alunos-da-area-de-gestao-da-nossa-universidade\\\/#breadcrumb\"},\"inLanguage\":\"pt-BR\",\"potentialAction\":[{\"@type\":\"ReadAction\",\"target\":[\"https:\\\/\\\/www.univates.br\\\/blog\\\/vivencia-no-exterior-e-uma-das-oportunidades-para-os-alunos-da-area-de-gestao-da-nossa-universidade\\\/\"]}]},{\"@type\":\"ImageObject\",\"inLanguage\":\"pt-BR\",\"@id\":\"https:\\\/\\\/www.univates.br\\\/blog\\\/vivencia-no-exterior-e-uma-das-oportunidades-para-os-alunos-da-area-de-gestao-da-nossa-universidade\\\/#primaryimage\",\"url\":\"https:\\\/\\\/desenvolvimento.bravo.st\\\/univatesblog\\\/wp-content\\\/uploads\\\/2022\\\/05\\\/1548933356.2969_300_300-1.jpg\",\"contentUrl\":\"https:\\\/\\\/desenvolvimento.bravo.st\\\/univatesblog\\\/wp-content\\\/uploads\\\/2022\\\/05\\\/1548933356.2969_300_300-1.jpg\"},{\"@type\":\"BreadcrumbList\",\"@id\":\"https:\\\/\\\/www.univates.br\\\/blog\\\/vivencia-no-exterior-e-uma-das-oportunidades-para-os-alunos-da-area-de-gestao-da-nossa-universidade\\\/#breadcrumb\",\"itemListElement\":[{\"@type\":\"ListItem\",\"position\":1,\"name\":\"Home\",\"item\":\"https:\\\/\\\/www.univates.br\\\/blog\\\/\"},{\"@type\":\"ListItem\",\"position\":2,\"name\":\"Viv\u00eancia no exterior \u00e9 uma das oportunidades para os alunos da \u00e1rea de gest\u00e3o da nossa Universidade\"}]},{\"@type\":\"WebSite\",\"@id\":\"https:\\\/\\\/www.univates.br\\\/blog\\\/#website\",\"url\":\"https:\\\/\\\/www.univates.br\\\/blog\\\/\",\"name\":\"Univates Blog\",\"description\":\"\",\"potentialAction\":[{\"@type\":\"SearchAction\",\"target\":{\"@type\":\"EntryPoint\",\"urlTemplate\":\"https:\\\/\\\/www.univates.br\\\/blog\\\/?s={search_term_string}\"},\"query-input\":{\"@type\":\"PropertyValueSpecification\",\"valueRequired\":true,\"valueName\":\"search_term_string\"}}],\"inLanguage\":\"pt-BR\"},{\"@type\":\"Person\",\"@id\":\"https:\\\/\\\/www.univates.br\\\/blog\\\/#\\\/schema\\\/person\\\/15c63917440cc5e70160c247b309af2f\",\"name\":\"Marketing Univates\",\"image\":{\"@type\":\"ImageObject\",\"inLanguage\":\"pt-BR\",\"@id\":\"https:\\\/\\\/secure.gravatar.com\\\/avatar\\\/511f9e77a6a3d0cddd9074f69a722364bc7f787e73d4a0da1f727ba62704eda4?s=96&d=mm&r=g\",\"url\":\"https:\\\/\\\/secure.gravatar.com\\\/avatar\\\/511f9e77a6a3d0cddd9074f69a722364bc7f787e73d4a0da1f727ba62704eda4?s=96&d=mm&r=g\",\"contentUrl\":\"https:\\\/\\\/secure.gravatar.com\\\/avatar\\\/511f9e77a6a3d0cddd9074f69a722364bc7f787e73d4a0da1f727ba62704eda4?s=96&d=mm&r=g\",\"caption\":\"Marketing Univates\"},\"sameAs\":[\"http:\\\/\\\/univates.br\"],\"url\":\"https:\\\/\\\/www.univates.br\\\/blog\\\/author\\\/marketing\\\/\"}]}<\/script>\n<!-- \/ Yoast SEO plugin. -->","yoast_head_json":{"title":"Viv\u00eancia no exterior \u00e9 uma das oportunidades para os alunos da \u00e1rea de gest\u00e3o da nossa Universidade - Univates Blog","robots":{"index":"index","follow":"follow","max-snippet":"max-snippet:-1","max-image-preview":"max-image-preview:large","max-video-preview":"max-video-preview:-1"},"canonical":"https:\/\/www.univates.br\/blog\/vivencia-no-exterior-e-uma-das-oportunidades-para-os-alunos-da-area-de-gestao-da-nossa-universidade\/","og_locale":"pt_BR","og_type":"article","og_title":"Viv\u00eancia no exterior \u00e9 uma das oportunidades para os alunos da \u00e1rea de gest\u00e3o da nossa Universidade - Univates Blog","og_description":"Com o objetivo de possibilitar uma\u00a0experi\u00eancia de gest\u00e3o no exterior, a\u00a0Univates\u00a0oportuniza a\u00a0participa\u00e7\u00e3o de estudantes da \u00e1rea\u00a0em\u00a0imers\u00f5es. Nos \u00faltimos anos, alunos foram para a Europa e para a China. Em 2018, 35 acad\u00eamicos de&nbsp;Administra\u00e7\u00e3o de Empresas,&nbsp;Gest\u00e3o de Micro e Pequenas Empresas,&nbsp;Rela\u00e7\u00f5es\u2026","og_url":"https:\/\/www.univates.br\/blog\/vivencia-no-exterior-e-uma-das-oportunidades-para-os-alunos-da-area-de-gestao-da-nossa-universidade\/","og_site_name":"Univates Blog","article_published_time":"2022-05-09T13:17:19+00:00","article_modified_time":"2023-12-20T17:02:39+00:00","og_image":[{"url":"https:\/\/desenvolvimento.bravo.st\/univatesblog\/wp-content\/uploads\/2022\/05\/1548933356.2969_300_300-1.jpg","type":"","width":"","height":""}],"author":"Marketing Univates","twitter_card":"summary_large_image","twitter_misc":{"Escrito por":"Marketing Univates","Est. tempo de leitura":"3 minutos"},"schema":{"@context":"https:\/\/schema.org","@graph":[{"@type":"Article","@id":"https:\/\/www.univates.br\/blog\/vivencia-no-exterior-e-uma-das-oportunidades-para-os-alunos-da-area-de-gestao-da-nossa-universidade\/#article","isPartOf":{"@id":"https:\/\/www.univates.br\/blog\/vivencia-no-exterior-e-uma-das-oportunidades-para-os-alunos-da-area-de-gestao-da-nossa-universidade\/"},"author":{"name":"Marketing Univates","@id":"https:\/\/www.univates.br\/blog\/#\/schema\/person\/15c63917440cc5e70160c247b309af2f"},"headline":"Viv\u00eancia no exterior \u00e9 uma das oportunidades para os alunos da \u00e1rea de gest\u00e3o da nossa Universidade","datePublished":"2022-05-09T13:17:19+00:00","dateModified":"2023-12-20T17:02:39+00:00","mainEntityOfPage":{"@id":"https:\/\/www.univates.br\/blog\/vivencia-no-exterior-e-uma-das-oportunidades-para-os-alunos-da-area-de-gestao-da-nossa-universidade\/"},"wordCount":556,"commentCount":0,"image":{"@id":"https:\/\/www.univates.br\/blog\/vivencia-no-exterior-e-uma-das-oportunidades-para-os-alunos-da-area-de-gestao-da-nossa-universidade\/#primaryimage"},"thumbnailUrl":"https:\/\/desenvolvimento.bravo.st\/univatesblog\/wp-content\/uploads\/2022\/05\/1548933356.2969_300_300-1.jpg","articleSection":["Univates"],"inLanguage":"pt-BR","potentialAction":[{"@type":"CommentAction","name":"Comment","target":["https:\/\/www.univates.br\/blog\/vivencia-no-exterior-e-uma-das-oportunidades-para-os-alunos-da-area-de-gestao-da-nossa-universidade\/#respond"]}]},{"@type":"WebPage","@id":"https:\/\/www.univates.br\/blog\/vivencia-no-exterior-e-uma-das-oportunidades-para-os-alunos-da-area-de-gestao-da-nossa-universidade\/","url":"https:\/\/www.univates.br\/blog\/vivencia-no-exterior-e-uma-das-oportunidades-para-os-alunos-da-area-de-gestao-da-nossa-universidade\/","name":"Viv\u00eancia no exterior \u00e9 uma das oportunidades para os alunos da \u00e1rea de gest\u00e3o da nossa Universidade - Univates Blog","isPartOf":{"@id":"https:\/\/www.univates.br\/blog\/#website"},"primaryImageOfPage":{"@id":"https:\/\/www.univates.br\/blog\/vivencia-no-exterior-e-uma-das-oportunidades-para-os-alunos-da-area-de-gestao-da-nossa-universidade\/#primaryimage"},"image":{"@id":"https:\/\/www.univates.br\/blog\/vivencia-no-exterior-e-uma-das-oportunidades-para-os-alunos-da-area-de-gestao-da-nossa-universidade\/#primaryimage"},"thumbnailUrl":"https:\/\/desenvolvimento.bravo.st\/univatesblog\/wp-content\/uploads\/2022\/05\/1548933356.2969_300_300-1.jpg","datePublished":"2022-05-09T13:17:19+00:00","dateModified":"2023-12-20T17:02:39+00:00","author":{"@id":"https:\/\/www.univates.br\/blog\/#\/schema\/person\/15c63917440cc5e70160c247b309af2f"},"breadcrumb":{"@id":"https:\/\/www.univates.br\/blog\/vivencia-no-exterior-e-uma-das-oportunidades-para-os-alunos-da-area-de-gestao-da-nossa-universidade\/#breadcrumb"},"inLanguage":"pt-BR","potentialAction":[{"@type":"ReadAction","target":["https:\/\/www.univates.br\/blog\/vivencia-no-exterior-e-uma-das-oportunidades-para-os-alunos-da-area-de-gestao-da-nossa-universidade\/"]}]},{"@type":"ImageObject","inLanguage":"pt-BR","@id":"https:\/\/www.univates.br\/blog\/vivencia-no-exterior-e-uma-das-oportunidades-para-os-alunos-da-area-de-gestao-da-nossa-universidade\/#primaryimage","url":"https:\/\/desenvolvimento.bravo.st\/univatesblog\/wp-content\/uploads\/2022\/05\/1548933356.2969_300_300-1.jpg","contentUrl":"https:\/\/desenvolvimento.bravo.st\/univatesblog\/wp-content\/uploads\/2022\/05\/1548933356.2969_300_300-1.jpg"},{"@type":"BreadcrumbList","@id":"https:\/\/www.univates.br\/blog\/vivencia-no-exterior-e-uma-das-oportunidades-para-os-alunos-da-area-de-gestao-da-nossa-universidade\/#breadcrumb","itemListElement":[{"@type":"ListItem","position":1,"name":"Home","item":"https:\/\/www.univates.br\/blog\/"},{"@type":"ListItem","position":2,"name":"Viv\u00eancia no exterior \u00e9 uma das oportunidades para os alunos da \u00e1rea de gest\u00e3o da nossa Universidade"}]},{"@type":"WebSite","@id":"https:\/\/www.univates.br\/blog\/#website","url":"https:\/\/www.univates.br\/blog\/","name":"Univates Blog","description":"","potentialAction":[{"@type":"SearchAction","target":{"@type":"EntryPoint","urlTemplate":"https:\/\/www.univates.br\/blog\/?s={search_term_string}"},"query-input":{"@type":"PropertyValueSpecification","valueRequired":true,"valueName":"search_term_string"}}],"inLanguage":"pt-BR"},{"@type":"Person","@id":"https:\/\/www.univates.br\/blog\/#\/schema\/person\/15c63917440cc5e70160c247b309af2f","name":"Marketing Univates","image":{"@type":"ImageObject","inLanguage":"pt-BR","@id":"https:\/\/secure.gravatar.com\/avatar\/511f9e77a6a3d0cddd9074f69a722364bc7f787e73d4a0da1f727ba62704eda4?s=96&d=mm&r=g","url":"https:\/\/secure.gravatar.com\/avatar\/511f9e77a6a3d0cddd9074f69a722364bc7f787e73d4a0da1f727ba62704eda4?s=96&d=mm&r=g","contentUrl":"https:\/\/secure.gravatar.com\/avatar\/511f9e77a6a3d0cddd9074f69a722364bc7f787e73d4a0da1f727ba62704eda4?s=96&d=mm&r=g","caption":"Marketing Univates"},"sameAs":["http:\/\/univates.br"],"url":"https:\/\/www.univates.br\/blog\/author\/marketing\/"}]}},"_links":{"self":[{"href":"https:\/\/www.univates.br\/blog\/wp-json\/wp\/v2\/posts\/1065","targetHints":{"allow":["GET"]}}],"collection":[{"href":"https:\/\/www.univates.br\/blog\/wp-json\/wp\/v2\/posts"}],"about":[{"href":"https:\/\/www.univates.br\/blog\/wp-json\/wp\/v2\/types\/post"}],"author":[{"embeddable":true,"href":"https:\/\/www.univates.br\/blog\/wp-json\/wp\/v2\/users\/2"}],"replies":[{"embeddable":true,"href":"https:\/\/www.univates.br\/blog\/wp-json\/wp\/v2\/comments?post=1065"}],"version-history":[{"count":8,"href":"https:\/\/www.univates.br\/blog\/wp-json\/wp\/v2\/posts\/1065\/revisions"}],"predecessor-version":[{"id":4768,"href":"https:\/\/www.univates.br\/blog\/wp-json\/wp\/v2\/posts\/1065\/revisions\/4768"}],"wp:attachment":[{"href":"https:\/\/www.univates.br\/blog\/wp-json\/wp\/v2\/media?parent=1065"}],"wp:term":[{"taxonomy":"category","embeddable":true,"href":"https:\/\/www.univates.br\/blog\/wp-json\/wp\/v2\/categories?post=1065"}],"curies":[{"name":"wp","href":"https:\/\/api.w.org\/{rel}","templated":true}]}}