{"id":1084,"date":"2022-05-09T11:30:59","date_gmt":"2022-05-09T14:30:59","guid":{"rendered":"https:\/\/desenvolvimento.bravo.st\/univatesblog\/?p=1084"},"modified":"2023-12-20T14:00:21","modified_gmt":"2023-12-20T17:00:21","slug":"curso-de-pedagogia-da-nossa-universidade-e-o-melhor-do-sul-do-brasil","status":"publish","type":"post","link":"https:\/\/www.univates.br\/blog\/curso-de-pedagogia-da-nossa-universidade-e-o-melhor-do-sul-do-brasil\/","title":{"rendered":"Curso de Pedagogia da nossa Universidade \u00e9 o melhor do Sul do Brasil"},"content":{"rendered":"\n<p>Voc\u00ea \u00e9 superinteressado pelos&nbsp;<strong>processos de ensino e de aprendizagem<\/strong>, pela&nbsp;<strong>rela\u00e7\u00e3o professor e estudante<\/strong>&nbsp;e percebe a&nbsp;<strong>educa\u00e7\u00e3o<\/strong>&nbsp;como&nbsp;<strong>fator essencial<\/strong>&nbsp;para a&nbsp;<strong>promo\u00e7\u00e3o da cidadania<\/strong>? Seu&nbsp;<strong>curso<\/strong>&nbsp;pode ser&nbsp;<a href=\"https:\/\/www.univates.br\/graduacao\/pedagogia\">Pedagogia<\/a>.<\/p>\n\n\n\n<p>E voc\u00ea sabia que na\u00a0<strong>Univates<\/strong>\u00a0esse\u00a0<strong>curso<\/strong>\u00a0teve nota 5, em uma escala de 1 a 5, na \u00faltima avalia\u00e7\u00e3o do\u00a0<strong>Conceito Preliminar de Curso (CPC)<\/strong>, realizado pelo Minist\u00e9rio da Educa\u00e7\u00e3o (MEC)? Isso significa que o\u00a0<strong>curso de Pedagogia da Universidade do Vale do Taquari<\/strong>\u00a0\u00e9\u00a0<strong>reconhecido<\/strong>\u00a0por sua\u00a0<strong>excel\u00eancia<\/strong>\u00a0e deve ser visto como\u00a0<strong>refer\u00eancia<\/strong>. Com esse resultado, o\u00a0<strong>curso<\/strong>\u00a0da\u00a0<strong>Univates<\/strong>\u00a0tamb\u00e9m se consolida como\u00a0<strong>o melhor curso do Sul do Brasil<\/strong>.<\/p>\n\n\n\n<figure class=\"wp-block-image size-full\"><img loading=\"lazy\" decoding=\"async\" width=\"729\" height=\"486\" src=\"https:\/\/desenvolvimento.bravo.st\/univatesblog\/wp-content\/uploads\/2022\/05\/1547209798.9082_300_300-1.jpg\" alt=\"\" class=\"wp-image-2111\" srcset=\"https:\/\/www.univates.br\/blog\/wp-content\/uploads\/2022\/05\/1547209798.9082_300_300-1.jpg 729w, https:\/\/www.univates.br\/blog\/wp-content\/uploads\/2022\/05\/1547209798.9082_300_300-1-600x400.jpg 600w, https:\/\/www.univates.br\/blog\/wp-content\/uploads\/2022\/05\/1547209798.9082_300_300-1-150x100.jpg 150w\" sizes=\"auto, (max-width: 729px) 100vw, 729px\" \/><figcaption>Foto: Elise Bozzetto<\/figcaption><\/figure>\n\n\n\n<p>Um dos&nbsp;<strong>diferenciais<\/strong>&nbsp;<strong>do curr\u00edculo<\/strong>&nbsp;da&nbsp;<strong>Univates<\/strong>&nbsp;\u00e9 a&nbsp;<strong>reflex\u00e3o de professores e estudantes<\/strong>&nbsp;sobre a&nbsp;<strong>amplia\u00e7\u00e3o do campo de atua\u00e7\u00e3o do pedagogo<\/strong>&nbsp;na sociedade e a&nbsp;<strong>sua atividade no processo de ensino e de aprendizagem<\/strong>. De acordo com a coordenadora do&nbsp;<strong>curso<\/strong>, Danise Vivian, a&nbsp;<strong>matriz curricular<\/strong>&nbsp;est\u00e1 organizada de tal forma que os estudantes realizam&nbsp;<strong>pr\u00e1ticas<\/strong>&nbsp;em quase todos os semestres, desde o in\u00edcio do&nbsp;<strong>curso<\/strong>, dentro do que \u00e9 permitido pela legisla\u00e7\u00e3o normativa.<\/p>\n\n\n\n<blockquote class=\"wp-block-quote is-layout-flow wp-block-quote-is-layout-flow\"><p>&#8220;Essas pr\u00e1ticas t\u00eam como objetivo a inser\u00e7\u00e3o do estudante em espa\u00e7os escolares e n\u00e3o escolares, vivenciando diferentes e potentes experi\u00eancias educativas. Tal possibilidade do curso de Pedagogia caracteriza-se como um elemento inovador que sustenta a articula\u00e7\u00e3o entre teoria e pr\u00e1tica, fundamental \u00e0 forma\u00e7\u00e3o docente, al\u00e9m de aproximar o acad\u00eamico do cotidiano de espa\u00e7os escolares e n\u00e3o escolares, possibilitando-lhes a participa\u00e7\u00e3o, cria\u00e7\u00e3o e desenvolvimento de pr\u00e1ticas metodol\u00f3gicas inovadoras e interdisciplinares no processo de ensino e de aprendizagem&#8221; (Danise Vivian, coordenadora do curso de Pedagogia da Univates).<\/p><\/blockquote>\n\n\n\n<p>Para voc\u00ea ter uma ideia, o&nbsp;<strong>curso<\/strong>&nbsp;possibilita a&nbsp;<strong>realiza\u00e7\u00e3o de est\u00e1gios em espa\u00e7os escolares e n\u00e3o escolares<\/strong>, como Museu de Arte do Rio de Janeiro(MAR), Cl\u00ednica Universit\u00e1ria Regional de Educa\u00e7\u00e3o e Sa\u00fade (Cures\/Univates). Al\u00e9m disso, os acad\u00eamicos podem&nbsp;<strong>realizar est\u00e1gios<\/strong>&nbsp;na Escola Municipal Agr\u00edcola, Florestal e Ambiental (Emafa), em Il\u00f3polis, e na Escuela Pedag\u00f3gica Experimental (EPE), na cidade de Bogot\u00e1 &#8211; Col\u00f4mbia.<\/p>\n\n\n\n<p><a href=\"https:\/\/www.univates.br\/noticia\/22882-estudantes-de-pedagogia-participam-de-estagio-no-rio-de-janeiro\">Estudantes de Pedagogia participam de est\u00e1gio no Rio de Janeiro<\/a><\/p>\n\n\n\n<figure class=\"wp-block-embed is-type-video is-provider-youtube wp-block-embed-youtube wp-embed-aspect-16-9 wp-has-aspect-ratio\"><div class=\"wp-block-embed__wrapper\">\n<iframe loading=\"lazy\" title=\"PEDAGOGIA UNIVATES\" width=\"500\" height=\"281\" src=\"https:\/\/www.youtube.com\/embed\/0M3M8Mb8w6A?feature=oembed\" frameborder=\"0\" allow=\"accelerometer; autoplay; clipboard-write; encrypted-media; gyroscope; picture-in-picture; web-share\" referrerpolicy=\"strict-origin-when-cross-origin\" allowfullscreen><\/iframe>\n<\/div><\/figure>\n\n\n\n<h2 class=\"wp-block-heading\">Como \u00e9 o curr\u00edculo?<\/h2>\n\n\n\n<p>Danise acrescenta que o&nbsp;<strong>curr\u00edculo do curso<\/strong>&nbsp;constitui-se como uma&nbsp;<strong>organiza\u00e7\u00e3o plural<\/strong>&nbsp;composta por&nbsp;<strong>semin\u00e1rios<\/strong>,&nbsp;<strong>estudos para a forma\u00e7\u00e3o docente<\/strong>,&nbsp;<strong>pr\u00e1ticas investigativas<\/strong>,&nbsp;<strong>pr\u00e1ticas metodol\u00f3gicas<\/strong>,&nbsp;<strong>est\u00e1gios supervisionados<\/strong>&nbsp;e&nbsp;<strong>componentes curriculares diversos<\/strong>&nbsp;que v\u00e3o constituindo a forma\u00e7\u00e3o do&nbsp;<strong>pedagogo<\/strong>, n\u00e3o somente como o executor de uma pr\u00e1tica, mas enquanto um&nbsp;<strong>sujeito<\/strong>&nbsp;que&nbsp;<strong>pensa<\/strong>,&nbsp;<strong>age<\/strong>,&nbsp;<strong>cria<\/strong>,&nbsp;<strong>experimenta<\/strong>. \u201cDessa forma, seu&nbsp;<strong>curr\u00edculo de forma\u00e7\u00e3o<\/strong>&nbsp;\u00e9 compreendido como um conjunto de situa\u00e7\u00f5es de&nbsp;<strong>aprendizagens<\/strong>,&nbsp;<strong>viv\u00eancias<\/strong>,&nbsp;<strong>experi\u00eancias<\/strong>&nbsp;<strong>e experimenta\u00e7\u00f5es<\/strong>, e de&nbsp;<strong>reflex\u00f5es<\/strong>,&nbsp;<strong>problematiza\u00e7\u00f5es<\/strong>&nbsp;e&nbsp;<strong>cria\u00e7\u00f5es de novas possibilidades pedag\u00f3gicas<\/strong>\u201d, analisa a coordenadora.<\/p>\n\n\n\n<p><a href=\"https:\/\/www.univates.br\/noticia\/23724-pedagogia-profissionalizando-carreiras\">Pedagogia: profissionalizando carreiras<\/a><\/p>\n\n\n\n<h2 class=\"wp-block-heading\">Com a palavra, quem j\u00e1 estudou aqui<\/h2>\n\n\n\n<div class=\"wp-block-media-text alignwide is-stacked-on-mobile\"><figure class=\"wp-block-media-text__media\"><img loading=\"lazy\" decoding=\"async\" width=\"291\" height=\"194\" src=\"https:\/\/desenvolvimento.bravo.st\/univatesblog\/wp-content\/uploads\/2022\/05\/1547209800.6859_300_300.jpg\" alt=\"\" class=\"wp-image-1085 size-full\" srcset=\"https:\/\/www.univates.br\/blog\/wp-content\/uploads\/2022\/05\/1547209800.6859_300_300.jpg 291w, https:\/\/www.univates.br\/blog\/wp-content\/uploads\/2022\/05\/1547209800.6859_300_300-150x100.jpg 150w\" sizes=\"auto, (max-width: 291px) 100vw, 291px\" \/><\/figure><div class=\"wp-block-media-text__content\">\n<p>Para a diplomada Luiza Rambo, \u00e9 dif\u00edcil delimitar apenas um\u00a0<strong>diferencial<\/strong>\u00a0do\u00a0<strong>curso de Pedagogia da Univates<\/strong>, pois considera que o\u00a0<strong>diferencial<\/strong>\u00a0seja constitu\u00eddo por v\u00e1rios aspectos que se\u00a0 complementam e contribuem para uma\u00a0<strong>forma\u00e7\u00e3o s\u00f3lida<\/strong>.<\/p>\n\n\n\n<p><em>(Foto: Divulga\u00e7\u00e3o)<\/em><\/p>\n<\/div><\/div>\n\n\n\n<p>Dentre esses aspectos ela cita: o&nbsp;<strong>curr\u00edculo do curso<\/strong>, muito bem&nbsp;<strong>constru\u00eddo e articulado<\/strong>&nbsp;\u00e0s demandas do&nbsp;<strong>pedagogo<\/strong>&nbsp;na contemporaneidade; o&nbsp;<strong>corpo docente qualificado, respons\u00e1vel e comprometido com a forma\u00e7\u00e3o discente<\/strong>&nbsp;e a&nbsp;<strong>din\u00e2mica das disciplinas do curso<\/strong>, colocando os alunos em situa\u00e7\u00f5es diversas, provocando o&nbsp;<strong>pensamento<\/strong>, a&nbsp;<strong>reflex\u00e3o<\/strong>, a&nbsp;<strong>cria\u00e7\u00e3o<\/strong>.&nbsp;<\/p>\n\n\n\n<blockquote class=\"wp-block-quote is-layout-flow wp-block-quote-is-layout-flow\"><p>&#8220;Penso que cada um desses elementos contribui para a forma\u00e7\u00e3o de um profissional pesquisador, cr\u00edtico, capaz de estabelecer rela\u00e7\u00f5es, questionar seus pressupostos e indagar o que ocorre a sua volta, tanto no \u00e2mbito educacional quanto em outros aspectos que a ele est\u00e3o relacionados&#8221; (Luiza Rambo, diplomada do curso de Pedagogia da Univates).<\/p><\/blockquote>\n\n\n\n<p>Luiza acrescenta que, durante os oito anos em que cursou a gradua\u00e7\u00e3o, teve v\u00e1rios momentos significativos. \u201cPensando na&nbsp;<strong>forma\u00e7\u00e3o de professores<\/strong>, al\u00e9m das&nbsp;<strong>pr\u00e1ticas pedag\u00f3gicas<\/strong>&nbsp;como os&nbsp;<strong>est\u00e1gios obrigat\u00f3rios<\/strong>, acredito que as&nbsp;<strong>sa\u00eddas de campo<\/strong>&nbsp;para conhecer ou&nbsp;<strong>desenvolver pr\u00e1ticas em diferentes escolas<\/strong>&nbsp;foram experi\u00eancias bastante enriquecedoras, na medida em que permitiram o&nbsp;<strong>contato com as mais distintas realidades<\/strong>\u201d, finaliza.<a href=\"https:\/\/materiais.univates.br\/e-book-saiba-qual-profissao-e-a-sua-cara\" target=\"_blank\" rel=\"noreferrer noopener\"><\/a><\/p>\n\n\n\n<div class=\"bloco-gutenberg\">\n\n    <a href=\"https:\/\/materiais.univates.br\/saiba-qual-profissao-e-a-sua-cara\" target=\"_blank\" class=\"guten-material\" style=\"background-color: #ff5d4a; color: #0a0a0a;\">\n                    <img decoding=\"async\" src=\"https:\/\/www.univates.br\/blog\/wp-content\/uploads\/2022\/05\/Design-sem-nome-4.png\" loading=\"lazy\">\n                <div class=\"texto\">\n                            <span>Saiba qual profiss\u00e3o \u00e9 a sua cara<\/span>\n                            <strong>Baixar e-book<\/strong>\n                    <\/div>\n    <\/a>\n    <\/div>\n\n\n<h2 class=\"wp-block-heading\">Bolsa Licenciatura<\/h2>\n\n\n\n<p>Em 2018 a&nbsp;<strong>Univates<\/strong>&nbsp;lan\u00e7ou a&nbsp;<a href=\"https:\/\/www.univates.br\/espaco-academico\/financiamentos\/bolsalicenciatura\">Bolsa Licenciatura<\/a>, que proporciona o&nbsp;<strong>pagamento<\/strong>&nbsp;de uma&nbsp;<strong>parcela fixa<\/strong>&nbsp;por m\u00eas para estudantes dos<strong>&nbsp;cursos de licenciatura<\/strong>, independente da carga hor\u00e1ria contratada no semestre. Assim, voc\u00ea pode curar duas ou cinco disciplinas e o valor ser\u00e1 fixo, o que pode gerar uma economia de at\u00e9 50% no valor total do&nbsp;<strong>curso<\/strong>, dependendo da quantidade de disciplinas cursadas pelo estudante.<\/p>\n","protected":false},"excerpt":{"rendered":"<p>Voc\u00ea \u00e9 superinteressado pelos&nbsp;processos de ensino e de aprendizagem, pela&nbsp;rela\u00e7\u00e3o professor e estudante&nbsp;e percebe a&nbsp;educa\u00e7\u00e3o&nbsp;como&nbsp;fator essencial&nbsp;para a&nbsp;promo\u00e7\u00e3o da cidadania? Seu&nbsp;curso&nbsp;pode ser&nbsp;Pedagogia. E voc\u00ea sabia que na\u00a0Univates\u00a0esse\u00a0curso\u00a0teve nota 5, em uma escala de 1 a 5, na \u00faltima avalia\u00e7\u00e3o do\u00a0Conceito Preliminar\u2026<\/p>\n","protected":false},"author":2,"featured_media":0,"comment_status":"open","ping_status":"open","sticky":false,"template":"","format":"standard","meta":{"_acf_changed":false,"footnotes":""},"categories":[31,7],"class_list":["post-1084","post","type-post","status-publish","format-standard","hentry","category-licenciatura","category-univates","autor-nicole-moras","curso-pedagogia","area-licenciaturas"],"acf":[],"yoast_head":"<!-- This site is optimized with the Yoast SEO plugin v27.3 - https:\/\/yoast.com\/product\/yoast-seo-wordpress\/ -->\n<title>Curso de Pedagogia da nossa Universidade \u00e9 o melhor do Sul do Brasil - Univates Blog<\/title>\n<meta name=\"robots\" content=\"index, follow, max-snippet:-1, max-image-preview:large, max-video-preview:-1\" \/>\n<link rel=\"canonical\" href=\"https:\/\/www.univates.br\/blog\/curso-de-pedagogia-da-nossa-universidade-e-o-melhor-do-sul-do-brasil\/\" \/>\n<meta property=\"og:locale\" content=\"pt_BR\" \/>\n<meta property=\"og:type\" content=\"article\" \/>\n<meta property=\"og:title\" content=\"Curso de Pedagogia da nossa Universidade \u00e9 o melhor do Sul do Brasil - Univates Blog\" \/>\n<meta property=\"og:description\" content=\"Voc\u00ea \u00e9 superinteressado pelos&nbsp;processos de ensino e de aprendizagem, pela&nbsp;rela\u00e7\u00e3o professor e estudante&nbsp;e percebe a&nbsp;educa\u00e7\u00e3o&nbsp;como&nbsp;fator essencial&nbsp;para a&nbsp;promo\u00e7\u00e3o da cidadania? Seu&nbsp;curso&nbsp;pode ser&nbsp;Pedagogia. E voc\u00ea sabia que na\u00a0Univates\u00a0esse\u00a0curso\u00a0teve nota 5, em uma escala de 1 a 5, na \u00faltima avalia\u00e7\u00e3o do\u00a0Conceito Preliminar\u2026\" \/>\n<meta property=\"og:url\" content=\"https:\/\/www.univates.br\/blog\/curso-de-pedagogia-da-nossa-universidade-e-o-melhor-do-sul-do-brasil\/\" \/>\n<meta property=\"og:site_name\" content=\"Univates Blog\" \/>\n<meta property=\"article:published_time\" content=\"2022-05-09T14:30:59+00:00\" \/>\n<meta property=\"article:modified_time\" content=\"2023-12-20T17:00:21+00:00\" \/>\n<meta property=\"og:image\" content=\"https:\/\/desenvolvimento.bravo.st\/univatesblog\/wp-content\/uploads\/2022\/05\/1547209798.9082_300_300-1.jpg\" \/>\n<meta name=\"author\" content=\"Marketing Univates\" \/>\n<meta name=\"twitter:card\" content=\"summary_large_image\" \/>\n<meta name=\"twitter:label1\" content=\"Escrito por\" \/>\n\t<meta name=\"twitter:data1\" content=\"Marketing Univates\" \/>\n\t<meta name=\"twitter:label2\" content=\"Est. tempo de leitura\" \/>\n\t<meta name=\"twitter:data2\" content=\"4 minutos\" \/>\n<script type=\"application\/ld+json\" class=\"yoast-schema-graph\">{\"@context\":\"https:\\\/\\\/schema.org\",\"@graph\":[{\"@type\":\"Article\",\"@id\":\"https:\\\/\\\/www.univates.br\\\/blog\\\/curso-de-pedagogia-da-nossa-universidade-e-o-melhor-do-sul-do-brasil\\\/#article\",\"isPartOf\":{\"@id\":\"https:\\\/\\\/www.univates.br\\\/blog\\\/curso-de-pedagogia-da-nossa-universidade-e-o-melhor-do-sul-do-brasil\\\/\"},\"author\":{\"name\":\"Marketing Univates\",\"@id\":\"https:\\\/\\\/www.univates.br\\\/blog\\\/#\\\/schema\\\/person\\\/15c63917440cc5e70160c247b309af2f\"},\"headline\":\"Curso de Pedagogia da nossa Universidade \u00e9 o melhor do Sul do Brasil\",\"datePublished\":\"2022-05-09T14:30:59+00:00\",\"dateModified\":\"2023-12-20T17:00:21+00:00\",\"mainEntityOfPage\":{\"@id\":\"https:\\\/\\\/www.univates.br\\\/blog\\\/curso-de-pedagogia-da-nossa-universidade-e-o-melhor-do-sul-do-brasil\\\/\"},\"wordCount\":917,\"commentCount\":0,\"image\":{\"@id\":\"https:\\\/\\\/www.univates.br\\\/blog\\\/curso-de-pedagogia-da-nossa-universidade-e-o-melhor-do-sul-do-brasil\\\/#primaryimage\"},\"thumbnailUrl\":\"https:\\\/\\\/desenvolvimento.bravo.st\\\/univatesblog\\\/wp-content\\\/uploads\\\/2022\\\/05\\\/1547209798.9082_300_300-1.jpg\",\"articleSection\":[\"Licenciatura\",\"Univates\"],\"inLanguage\":\"pt-BR\",\"potentialAction\":[{\"@type\":\"CommentAction\",\"name\":\"Comment\",\"target\":[\"https:\\\/\\\/www.univates.br\\\/blog\\\/curso-de-pedagogia-da-nossa-universidade-e-o-melhor-do-sul-do-brasil\\\/#respond\"]}]},{\"@type\":\"WebPage\",\"@id\":\"https:\\\/\\\/www.univates.br\\\/blog\\\/curso-de-pedagogia-da-nossa-universidade-e-o-melhor-do-sul-do-brasil\\\/\",\"url\":\"https:\\\/\\\/www.univates.br\\\/blog\\\/curso-de-pedagogia-da-nossa-universidade-e-o-melhor-do-sul-do-brasil\\\/\",\"name\":\"Curso de Pedagogia da nossa Universidade \u00e9 o melhor do Sul do Brasil - Univates Blog\",\"isPartOf\":{\"@id\":\"https:\\\/\\\/www.univates.br\\\/blog\\\/#website\"},\"primaryImageOfPage\":{\"@id\":\"https:\\\/\\\/www.univates.br\\\/blog\\\/curso-de-pedagogia-da-nossa-universidade-e-o-melhor-do-sul-do-brasil\\\/#primaryimage\"},\"image\":{\"@id\":\"https:\\\/\\\/www.univates.br\\\/blog\\\/curso-de-pedagogia-da-nossa-universidade-e-o-melhor-do-sul-do-brasil\\\/#primaryimage\"},\"thumbnailUrl\":\"https:\\\/\\\/desenvolvimento.bravo.st\\\/univatesblog\\\/wp-content\\\/uploads\\\/2022\\\/05\\\/1547209798.9082_300_300-1.jpg\",\"datePublished\":\"2022-05-09T14:30:59+00:00\",\"dateModified\":\"2023-12-20T17:00:21+00:00\",\"author\":{\"@id\":\"https:\\\/\\\/www.univates.br\\\/blog\\\/#\\\/schema\\\/person\\\/15c63917440cc5e70160c247b309af2f\"},\"breadcrumb\":{\"@id\":\"https:\\\/\\\/www.univates.br\\\/blog\\\/curso-de-pedagogia-da-nossa-universidade-e-o-melhor-do-sul-do-brasil\\\/#breadcrumb\"},\"inLanguage\":\"pt-BR\",\"potentialAction\":[{\"@type\":\"ReadAction\",\"target\":[\"https:\\\/\\\/www.univates.br\\\/blog\\\/curso-de-pedagogia-da-nossa-universidade-e-o-melhor-do-sul-do-brasil\\\/\"]}]},{\"@type\":\"ImageObject\",\"inLanguage\":\"pt-BR\",\"@id\":\"https:\\\/\\\/www.univates.br\\\/blog\\\/curso-de-pedagogia-da-nossa-universidade-e-o-melhor-do-sul-do-brasil\\\/#primaryimage\",\"url\":\"https:\\\/\\\/desenvolvimento.bravo.st\\\/univatesblog\\\/wp-content\\\/uploads\\\/2022\\\/05\\\/1547209798.9082_300_300-1.jpg\",\"contentUrl\":\"https:\\\/\\\/desenvolvimento.bravo.st\\\/univatesblog\\\/wp-content\\\/uploads\\\/2022\\\/05\\\/1547209798.9082_300_300-1.jpg\"},{\"@type\":\"BreadcrumbList\",\"@id\":\"https:\\\/\\\/www.univates.br\\\/blog\\\/curso-de-pedagogia-da-nossa-universidade-e-o-melhor-do-sul-do-brasil\\\/#breadcrumb\",\"itemListElement\":[{\"@type\":\"ListItem\",\"position\":1,\"name\":\"Home\",\"item\":\"https:\\\/\\\/www.univates.br\\\/blog\\\/\"},{\"@type\":\"ListItem\",\"position\":2,\"name\":\"Curso de Pedagogia da nossa Universidade \u00e9 o melhor do Sul do Brasil\"}]},{\"@type\":\"WebSite\",\"@id\":\"https:\\\/\\\/www.univates.br\\\/blog\\\/#website\",\"url\":\"https:\\\/\\\/www.univates.br\\\/blog\\\/\",\"name\":\"Univates Blog\",\"description\":\"\",\"potentialAction\":[{\"@type\":\"SearchAction\",\"target\":{\"@type\":\"EntryPoint\",\"urlTemplate\":\"https:\\\/\\\/www.univates.br\\\/blog\\\/?s={search_term_string}\"},\"query-input\":{\"@type\":\"PropertyValueSpecification\",\"valueRequired\":true,\"valueName\":\"search_term_string\"}}],\"inLanguage\":\"pt-BR\"},{\"@type\":\"Person\",\"@id\":\"https:\\\/\\\/www.univates.br\\\/blog\\\/#\\\/schema\\\/person\\\/15c63917440cc5e70160c247b309af2f\",\"name\":\"Marketing Univates\",\"image\":{\"@type\":\"ImageObject\",\"inLanguage\":\"pt-BR\",\"@id\":\"https:\\\/\\\/secure.gravatar.com\\\/avatar\\\/511f9e77a6a3d0cddd9074f69a722364bc7f787e73d4a0da1f727ba62704eda4?s=96&d=mm&r=g\",\"url\":\"https:\\\/\\\/secure.gravatar.com\\\/avatar\\\/511f9e77a6a3d0cddd9074f69a722364bc7f787e73d4a0da1f727ba62704eda4?s=96&d=mm&r=g\",\"contentUrl\":\"https:\\\/\\\/secure.gravatar.com\\\/avatar\\\/511f9e77a6a3d0cddd9074f69a722364bc7f787e73d4a0da1f727ba62704eda4?s=96&d=mm&r=g\",\"caption\":\"Marketing Univates\"},\"sameAs\":[\"http:\\\/\\\/univates.br\"],\"url\":\"https:\\\/\\\/www.univates.br\\\/blog\\\/author\\\/marketing\\\/\"}]}<\/script>\n<!-- \/ Yoast SEO plugin. -->","yoast_head_json":{"title":"Curso de Pedagogia da nossa Universidade \u00e9 o melhor do Sul do Brasil - Univates Blog","robots":{"index":"index","follow":"follow","max-snippet":"max-snippet:-1","max-image-preview":"max-image-preview:large","max-video-preview":"max-video-preview:-1"},"canonical":"https:\/\/www.univates.br\/blog\/curso-de-pedagogia-da-nossa-universidade-e-o-melhor-do-sul-do-brasil\/","og_locale":"pt_BR","og_type":"article","og_title":"Curso de Pedagogia da nossa Universidade \u00e9 o melhor do Sul do Brasil - Univates Blog","og_description":"Voc\u00ea \u00e9 superinteressado pelos&nbsp;processos de ensino e de aprendizagem, pela&nbsp;rela\u00e7\u00e3o professor e estudante&nbsp;e percebe a&nbsp;educa\u00e7\u00e3o&nbsp;como&nbsp;fator essencial&nbsp;para a&nbsp;promo\u00e7\u00e3o da cidadania? Seu&nbsp;curso&nbsp;pode ser&nbsp;Pedagogia. E voc\u00ea sabia que na\u00a0Univates\u00a0esse\u00a0curso\u00a0teve nota 5, em uma escala de 1 a 5, na \u00faltima avalia\u00e7\u00e3o do\u00a0Conceito Preliminar\u2026","og_url":"https:\/\/www.univates.br\/blog\/curso-de-pedagogia-da-nossa-universidade-e-o-melhor-do-sul-do-brasil\/","og_site_name":"Univates Blog","article_published_time":"2022-05-09T14:30:59+00:00","article_modified_time":"2023-12-20T17:00:21+00:00","og_image":[{"url":"https:\/\/desenvolvimento.bravo.st\/univatesblog\/wp-content\/uploads\/2022\/05\/1547209798.9082_300_300-1.jpg","type":"","width":"","height":""}],"author":"Marketing Univates","twitter_card":"summary_large_image","twitter_misc":{"Escrito por":"Marketing Univates","Est. tempo de leitura":"4 minutos"},"schema":{"@context":"https:\/\/schema.org","@graph":[{"@type":"Article","@id":"https:\/\/www.univates.br\/blog\/curso-de-pedagogia-da-nossa-universidade-e-o-melhor-do-sul-do-brasil\/#article","isPartOf":{"@id":"https:\/\/www.univates.br\/blog\/curso-de-pedagogia-da-nossa-universidade-e-o-melhor-do-sul-do-brasil\/"},"author":{"name":"Marketing Univates","@id":"https:\/\/www.univates.br\/blog\/#\/schema\/person\/15c63917440cc5e70160c247b309af2f"},"headline":"Curso de Pedagogia da nossa Universidade \u00e9 o melhor do Sul do Brasil","datePublished":"2022-05-09T14:30:59+00:00","dateModified":"2023-12-20T17:00:21+00:00","mainEntityOfPage":{"@id":"https:\/\/www.univates.br\/blog\/curso-de-pedagogia-da-nossa-universidade-e-o-melhor-do-sul-do-brasil\/"},"wordCount":917,"commentCount":0,"image":{"@id":"https:\/\/www.univates.br\/blog\/curso-de-pedagogia-da-nossa-universidade-e-o-melhor-do-sul-do-brasil\/#primaryimage"},"thumbnailUrl":"https:\/\/desenvolvimento.bravo.st\/univatesblog\/wp-content\/uploads\/2022\/05\/1547209798.9082_300_300-1.jpg","articleSection":["Licenciatura","Univates"],"inLanguage":"pt-BR","potentialAction":[{"@type":"CommentAction","name":"Comment","target":["https:\/\/www.univates.br\/blog\/curso-de-pedagogia-da-nossa-universidade-e-o-melhor-do-sul-do-brasil\/#respond"]}]},{"@type":"WebPage","@id":"https:\/\/www.univates.br\/blog\/curso-de-pedagogia-da-nossa-universidade-e-o-melhor-do-sul-do-brasil\/","url":"https:\/\/www.univates.br\/blog\/curso-de-pedagogia-da-nossa-universidade-e-o-melhor-do-sul-do-brasil\/","name":"Curso de Pedagogia da nossa Universidade \u00e9 o melhor do Sul do Brasil - Univates Blog","isPartOf":{"@id":"https:\/\/www.univates.br\/blog\/#website"},"primaryImageOfPage":{"@id":"https:\/\/www.univates.br\/blog\/curso-de-pedagogia-da-nossa-universidade-e-o-melhor-do-sul-do-brasil\/#primaryimage"},"image":{"@id":"https:\/\/www.univates.br\/blog\/curso-de-pedagogia-da-nossa-universidade-e-o-melhor-do-sul-do-brasil\/#primaryimage"},"thumbnailUrl":"https:\/\/desenvolvimento.bravo.st\/univatesblog\/wp-content\/uploads\/2022\/05\/1547209798.9082_300_300-1.jpg","datePublished":"2022-05-09T14:30:59+00:00","dateModified":"2023-12-20T17:00:21+00:00","author":{"@id":"https:\/\/www.univates.br\/blog\/#\/schema\/person\/15c63917440cc5e70160c247b309af2f"},"breadcrumb":{"@id":"https:\/\/www.univates.br\/blog\/curso-de-pedagogia-da-nossa-universidade-e-o-melhor-do-sul-do-brasil\/#breadcrumb"},"inLanguage":"pt-BR","potentialAction":[{"@type":"ReadAction","target":["https:\/\/www.univates.br\/blog\/curso-de-pedagogia-da-nossa-universidade-e-o-melhor-do-sul-do-brasil\/"]}]},{"@type":"ImageObject","inLanguage":"pt-BR","@id":"https:\/\/www.univates.br\/blog\/curso-de-pedagogia-da-nossa-universidade-e-o-melhor-do-sul-do-brasil\/#primaryimage","url":"https:\/\/desenvolvimento.bravo.st\/univatesblog\/wp-content\/uploads\/2022\/05\/1547209798.9082_300_300-1.jpg","contentUrl":"https:\/\/desenvolvimento.bravo.st\/univatesblog\/wp-content\/uploads\/2022\/05\/1547209798.9082_300_300-1.jpg"},{"@type":"BreadcrumbList","@id":"https:\/\/www.univates.br\/blog\/curso-de-pedagogia-da-nossa-universidade-e-o-melhor-do-sul-do-brasil\/#breadcrumb","itemListElement":[{"@type":"ListItem","position":1,"name":"Home","item":"https:\/\/www.univates.br\/blog\/"},{"@type":"ListItem","position":2,"name":"Curso de Pedagogia da nossa Universidade \u00e9 o melhor do Sul do Brasil"}]},{"@type":"WebSite","@id":"https:\/\/www.univates.br\/blog\/#website","url":"https:\/\/www.univates.br\/blog\/","name":"Univates Blog","description":"","potentialAction":[{"@type":"SearchAction","target":{"@type":"EntryPoint","urlTemplate":"https:\/\/www.univates.br\/blog\/?s={search_term_string}"},"query-input":{"@type":"PropertyValueSpecification","valueRequired":true,"valueName":"search_term_string"}}],"inLanguage":"pt-BR"},{"@type":"Person","@id":"https:\/\/www.univates.br\/blog\/#\/schema\/person\/15c63917440cc5e70160c247b309af2f","name":"Marketing Univates","image":{"@type":"ImageObject","inLanguage":"pt-BR","@id":"https:\/\/secure.gravatar.com\/avatar\/511f9e77a6a3d0cddd9074f69a722364bc7f787e73d4a0da1f727ba62704eda4?s=96&d=mm&r=g","url":"https:\/\/secure.gravatar.com\/avatar\/511f9e77a6a3d0cddd9074f69a722364bc7f787e73d4a0da1f727ba62704eda4?s=96&d=mm&r=g","contentUrl":"https:\/\/secure.gravatar.com\/avatar\/511f9e77a6a3d0cddd9074f69a722364bc7f787e73d4a0da1f727ba62704eda4?s=96&d=mm&r=g","caption":"Marketing Univates"},"sameAs":["http:\/\/univates.br"],"url":"https:\/\/www.univates.br\/blog\/author\/marketing\/"}]}},"_links":{"self":[{"href":"https:\/\/www.univates.br\/blog\/wp-json\/wp\/v2\/posts\/1084","targetHints":{"allow":["GET"]}}],"collection":[{"href":"https:\/\/www.univates.br\/blog\/wp-json\/wp\/v2\/posts"}],"about":[{"href":"https:\/\/www.univates.br\/blog\/wp-json\/wp\/v2\/types\/post"}],"author":[{"embeddable":true,"href":"https:\/\/www.univates.br\/blog\/wp-json\/wp\/v2\/users\/2"}],"replies":[{"embeddable":true,"href":"https:\/\/www.univates.br\/blog\/wp-json\/wp\/v2\/comments?post=1084"}],"version-history":[{"count":10,"href":"https:\/\/www.univates.br\/blog\/wp-json\/wp\/v2\/posts\/1084\/revisions"}],"predecessor-version":[{"id":4335,"href":"https:\/\/www.univates.br\/blog\/wp-json\/wp\/v2\/posts\/1084\/revisions\/4335"}],"wp:attachment":[{"href":"https:\/\/www.univates.br\/blog\/wp-json\/wp\/v2\/media?parent=1084"}],"wp:term":[{"taxonomy":"category","embeddable":true,"href":"https:\/\/www.univates.br\/blog\/wp-json\/wp\/v2\/categories?post=1084"}],"curies":[{"name":"wp","href":"https:\/\/api.w.org\/{rel}","templated":true}]}}