{"id":1093,"date":"2022-05-09T11:42:57","date_gmt":"2022-05-09T14:42:57","guid":{"rendered":"https:\/\/desenvolvimento.bravo.st\/univatesblog\/?p=1093"},"modified":"2023-12-20T13:58:54","modified_gmt":"2023-12-20T16:58:54","slug":"cerveja-alema-tem-identidade-visual-criada-por-professores-e-alunos-da-nossa-universidade","status":"publish","type":"post","link":"https:\/\/www.univates.br\/blog\/cerveja-alema-tem-identidade-visual-criada-por-professores-e-alunos-da-nossa-universidade\/","title":{"rendered":"Cerveja alem\u00e3 tem identidade visual criada por professores e alunos da nossa Universidade"},"content":{"rendered":"\n<p>Na editoria do m\u00eas de novembro, o&nbsp;<em>site&nbsp;<a href=\"https:\/\/beta.thedieline.com\/\">Dieline<\/a><\/em>&nbsp;&#8211; principal&nbsp;<em>site<\/em>&nbsp;de&nbsp;<strong><em>design<\/em><\/strong>&nbsp;<strong>de embalagens<\/strong>&nbsp;do mundo &#8211; publicou uma entrevista do professor e coordenador do&nbsp;<strong>curso de&nbsp;<em>Design<\/em><\/strong>&nbsp;da&nbsp;<strong>Univates<\/strong>, Rodrigo Brod. A entrevista teve como foco um&nbsp;<strong>projeto<\/strong>&nbsp;que o Est\u00fadio Frente, do qual ele \u00e9 s\u00f3cio, desenvolveu para uma&nbsp;<strong>cerveja alem\u00e3<\/strong>&nbsp;batizada pela pr\u00f3pria cervejaria como Ipa-nema, por ser uma cerveja mais leve do que o gosto tradicionalmente forte das IPAs (India Pale Ale).<\/p>\n\n\n\n<p>Inspirados pela cl\u00e1ssica Garota de Ipanema (1962), de Tom Jobim, os&nbsp;<em><strong>designers<\/strong><\/em>&nbsp;criaram uma&nbsp;<strong>linguagem visual<\/strong>&nbsp;inspirada em imagens de discos e fotos antigas do auge da Bossa Nova para trazer as cores e a refer\u00eancia da&nbsp;<strong>tipografia<\/strong>.<\/p>\n\n\n\n<p>Al\u00e9m disso, a equipe formada pelos professores Rodrigo Brod e Vagner Zarpellon,&nbsp; pela&nbsp;<em><strong>designer<\/strong><\/em>&nbsp;Marina Helena M\u00fcller e pelos estudantes Diovani Cadore e Stephanie Nunes Goulart inovou ao sugerir um&nbsp;<em>slogan<\/em>&nbsp;em portugu\u00eas &#8211; \u201cLeve, linda e cheia de gra\u00e7a\u201d -, algo que no in\u00edcio intrigou os alem\u00e3es.<\/p>\n\n\n\n<div class=\"wp-block-media-text alignwide is-stacked-on-mobile\"><figure class=\"wp-block-media-text__media\"><img loading=\"lazy\" decoding=\"async\" width=\"292\" height=\"438\" src=\"https:\/\/desenvolvimento.bravo.st\/univatesblog\/wp-content\/uploads\/2022\/05\/1568121752.0198.jpg\" alt=\"\" class=\"wp-image-1094 size-full\" srcset=\"https:\/\/www.univates.br\/blog\/wp-content\/uploads\/2022\/05\/1568121752.0198.jpg 292w, https:\/\/www.univates.br\/blog\/wp-content\/uploads\/2022\/05\/1568121752.0198-100x150.jpg 100w\" sizes=\"auto, (max-width: 292px) 100vw, 292px\" \/><\/figure><div class=\"wp-block-media-text__content\">\n<p>&#8220;Foi uma brincadeira que fizemos com nosso cliente, agora amigo. Em vez de usar um slogan em ingl\u00eas ou alem\u00e3o, decidimos tentar uma frase em portugu\u00eas. Ap\u00f3s a apresenta\u00e7\u00e3o, eles pediram algumas mudan\u00e7as, mas nos disseram para manter o slogan, porque o acharam muito original e verdadeiro&#8221;, (Rodrigo Brod, coordenador do curso de Design da Univates e s\u00f3cio-propriet\u00e1rio do Est\u00fadio Frente).<\/p>\n\n\n\n<p><em>(Foto: Nicole Mor\u00e1s)<\/em><\/p>\n<\/div><\/div>\n\n\n\n<h2 class=\"wp-block-heading\">Sobre o Dieline<\/h2>\n\n\n\n<p>O&nbsp;<em>site&nbsp;<a href=\"https:\/\/beta.thedieline.com\/\">Dieline<\/a><\/em>&nbsp;\u00e9 uma plataforma digital fundada em 2007 que se tornou a principal&nbsp;<strong>m\u00eddia de refer\u00eancia<\/strong>&nbsp;para&nbsp;<strong>embalagens<\/strong>&nbsp;<strong>e marcas de consumo<\/strong>, tornando-se o&nbsp;<em>site<\/em>&nbsp;sobre&nbsp;<em><strong>design<\/strong><\/em>&nbsp;<strong>de embalagens<\/strong>&nbsp;<a href=\"https:\/\/beta.thedieline.com\/about\">mais visitado do mundo<\/a>.&nbsp;<\/p>\n\n\n\n<h2 class=\"wp-block-heading\">Op\u00e7\u00e3o para o Vestibular<\/h2>\n\n\n\n<p>O&nbsp;<strong>curso de&nbsp;<em>Design<\/em><\/strong>&nbsp;\u00e9 uma das op\u00e7\u00f5es oferecidas no&nbsp;<strong>Vestibular Univates<\/strong>, que est\u00e1 com&nbsp;<strong>inscri\u00e7\u00f5es abertas<\/strong>&nbsp;pelo&nbsp;<em>site&nbsp;<\/em><a href=\"https:\/\/www.univates.br\/vestibular\/\">www.univates.br\/vestibular\/<\/a>. Os interessados em concorrer a uma vaga agora podem agendar sua prova de reda\u00e7\u00e3o ou solicitar ingresso com a nota da reda\u00e7\u00e3o do Exame Nacional de Ensino M\u00e9dio (Enem) dos anos de 2009 a 2017.<\/p>\n\n\n\n<p>Al\u00e9m de&nbsp;<em><strong>Design<\/strong><\/em>, h\u00e1 outros 35&nbsp;<strong>cursos de gradua\u00e7\u00e3o<\/strong>&nbsp;presenciais e 17 a dist\u00e2ncia que disponibilizam vagas para ingresso em 2019A. A prova agendada ser\u00e1 aplicada em todos os polos da&nbsp;<strong>Univates<\/strong>&nbsp;(polo matriz em Lajeado, Arroio do Meio, Arvorezinha, Bom Retiro do Sul, Carlos Barbosa, Encantado, Estrela, Garibaldi, Guapor\u00e9, Montenegro, Serafina Corr\u00eaa, Soledade, Taquari, Teut\u00f4nia, Triunfo, Veran\u00f3polis e Ven\u00e2ncio Aires). Mais informa\u00e7\u00f5es podem ser obtidas pelo&nbsp;<em>e-mail<\/em>&nbsp;<a href=\"mailto:vemprauni@univates.br\">vemprauni@univates.br<\/a>&nbsp;ou pelo telefone 0800 7 07 08 09.<\/p>\n","protected":false},"excerpt":{"rendered":"<p>Na editoria do m\u00eas de novembro, o&nbsp;site&nbsp;Dieline&nbsp;&#8211; principal&nbsp;site&nbsp;de&nbsp;design&nbsp;de embalagens&nbsp;do mundo &#8211; publicou uma entrevista do professor e coordenador do&nbsp;curso de&nbsp;Design&nbsp;da&nbsp;Univates, Rodrigo Brod. A entrevista teve como foco um&nbsp;projeto&nbsp;que o Est\u00fadio Frente, do qual ele \u00e9 s\u00f3cio, desenvolveu para uma&nbsp;cerveja alem\u00e3&nbsp;batizada\u2026<\/p>\n","protected":false},"author":2,"featured_media":0,"comment_status":"open","ping_status":"open","sticky":false,"template":"","format":"standard","meta":{"_acf_changed":false,"footnotes":""},"categories":[64,7],"class_list":["post-1093","post","type-post","status-publish","format-standard","hentry","category-comunicacao-e-economia-criativa","category-univates","autor-leonardo-seibel","curso-design","area-comunicacao-e-economia-criativa"],"acf":[],"yoast_head":"<!-- This site is optimized with the Yoast SEO plugin v27.3 - https:\/\/yoast.com\/product\/yoast-seo-wordpress\/ -->\n<title>Cerveja alem\u00e3 tem identidade visual criada por professores e alunos da nossa Universidade - Univates Blog<\/title>\n<meta name=\"robots\" content=\"index, follow, max-snippet:-1, max-image-preview:large, max-video-preview:-1\" \/>\n<link rel=\"canonical\" href=\"https:\/\/www.univates.br\/blog\/cerveja-alema-tem-identidade-visual-criada-por-professores-e-alunos-da-nossa-universidade\/\" \/>\n<meta property=\"og:locale\" content=\"pt_BR\" \/>\n<meta property=\"og:type\" content=\"article\" \/>\n<meta property=\"og:title\" content=\"Cerveja alem\u00e3 tem identidade visual criada por professores e alunos da nossa Universidade - Univates Blog\" \/>\n<meta property=\"og:description\" content=\"Na editoria do m\u00eas de novembro, o&nbsp;site&nbsp;Dieline&nbsp;&#8211; principal&nbsp;site&nbsp;de&nbsp;design&nbsp;de embalagens&nbsp;do mundo &#8211; publicou uma entrevista do professor e coordenador do&nbsp;curso de&nbsp;Design&nbsp;da&nbsp;Univates, Rodrigo Brod. A entrevista teve como foco um&nbsp;projeto&nbsp;que o Est\u00fadio Frente, do qual ele \u00e9 s\u00f3cio, desenvolveu para uma&nbsp;cerveja alem\u00e3&nbsp;batizada\u2026\" \/>\n<meta property=\"og:url\" content=\"https:\/\/www.univates.br\/blog\/cerveja-alema-tem-identidade-visual-criada-por-professores-e-alunos-da-nossa-universidade\/\" \/>\n<meta property=\"og:site_name\" content=\"Univates Blog\" \/>\n<meta property=\"article:published_time\" content=\"2022-05-09T14:42:57+00:00\" \/>\n<meta property=\"article:modified_time\" content=\"2023-12-20T16:58:54+00:00\" \/>\n<meta property=\"og:image\" content=\"https:\/\/desenvolvimento.bravo.st\/univatesblog\/wp-content\/uploads\/2022\/05\/1568121752.0198.jpg\" \/>\n<meta name=\"author\" content=\"Marketing Univates\" \/>\n<meta name=\"twitter:card\" content=\"summary_large_image\" \/>\n<meta name=\"twitter:label1\" content=\"Escrito por\" \/>\n\t<meta name=\"twitter:data1\" content=\"Marketing Univates\" \/>\n\t<meta name=\"twitter:label2\" content=\"Est. tempo de leitura\" \/>\n\t<meta name=\"twitter:data2\" content=\"3 minutos\" \/>\n<script type=\"application\/ld+json\" class=\"yoast-schema-graph\">{\"@context\":\"https:\\\/\\\/schema.org\",\"@graph\":[{\"@type\":\"Article\",\"@id\":\"https:\\\/\\\/www.univates.br\\\/blog\\\/cerveja-alema-tem-identidade-visual-criada-por-professores-e-alunos-da-nossa-universidade\\\/#article\",\"isPartOf\":{\"@id\":\"https:\\\/\\\/www.univates.br\\\/blog\\\/cerveja-alema-tem-identidade-visual-criada-por-professores-e-alunos-da-nossa-universidade\\\/\"},\"author\":{\"name\":\"Marketing Univates\",\"@id\":\"https:\\\/\\\/www.univates.br\\\/blog\\\/#\\\/schema\\\/person\\\/15c63917440cc5e70160c247b309af2f\"},\"headline\":\"Cerveja alem\u00e3 tem identidade visual criada por professores e alunos da nossa Universidade\",\"datePublished\":\"2022-05-09T14:42:57+00:00\",\"dateModified\":\"2023-12-20T16:58:54+00:00\",\"mainEntityOfPage\":{\"@id\":\"https:\\\/\\\/www.univates.br\\\/blog\\\/cerveja-alema-tem-identidade-visual-criada-por-professores-e-alunos-da-nossa-universidade\\\/\"},\"wordCount\":499,\"commentCount\":0,\"image\":{\"@id\":\"https:\\\/\\\/www.univates.br\\\/blog\\\/cerveja-alema-tem-identidade-visual-criada-por-professores-e-alunos-da-nossa-universidade\\\/#primaryimage\"},\"thumbnailUrl\":\"https:\\\/\\\/desenvolvimento.bravo.st\\\/univatesblog\\\/wp-content\\\/uploads\\\/2022\\\/05\\\/1568121752.0198.jpg\",\"articleSection\":[\"Comunica\u00e7\u00e3o e Economia Criativa\",\"Univates\"],\"inLanguage\":\"pt-BR\",\"potentialAction\":[{\"@type\":\"CommentAction\",\"name\":\"Comment\",\"target\":[\"https:\\\/\\\/www.univates.br\\\/blog\\\/cerveja-alema-tem-identidade-visual-criada-por-professores-e-alunos-da-nossa-universidade\\\/#respond\"]}]},{\"@type\":\"WebPage\",\"@id\":\"https:\\\/\\\/www.univates.br\\\/blog\\\/cerveja-alema-tem-identidade-visual-criada-por-professores-e-alunos-da-nossa-universidade\\\/\",\"url\":\"https:\\\/\\\/www.univates.br\\\/blog\\\/cerveja-alema-tem-identidade-visual-criada-por-professores-e-alunos-da-nossa-universidade\\\/\",\"name\":\"Cerveja alem\u00e3 tem identidade visual criada por professores e alunos da nossa Universidade - Univates Blog\",\"isPartOf\":{\"@id\":\"https:\\\/\\\/www.univates.br\\\/blog\\\/#website\"},\"primaryImageOfPage\":{\"@id\":\"https:\\\/\\\/www.univates.br\\\/blog\\\/cerveja-alema-tem-identidade-visual-criada-por-professores-e-alunos-da-nossa-universidade\\\/#primaryimage\"},\"image\":{\"@id\":\"https:\\\/\\\/www.univates.br\\\/blog\\\/cerveja-alema-tem-identidade-visual-criada-por-professores-e-alunos-da-nossa-universidade\\\/#primaryimage\"},\"thumbnailUrl\":\"https:\\\/\\\/desenvolvimento.bravo.st\\\/univatesblog\\\/wp-content\\\/uploads\\\/2022\\\/05\\\/1568121752.0198.jpg\",\"datePublished\":\"2022-05-09T14:42:57+00:00\",\"dateModified\":\"2023-12-20T16:58:54+00:00\",\"author\":{\"@id\":\"https:\\\/\\\/www.univates.br\\\/blog\\\/#\\\/schema\\\/person\\\/15c63917440cc5e70160c247b309af2f\"},\"breadcrumb\":{\"@id\":\"https:\\\/\\\/www.univates.br\\\/blog\\\/cerveja-alema-tem-identidade-visual-criada-por-professores-e-alunos-da-nossa-universidade\\\/#breadcrumb\"},\"inLanguage\":\"pt-BR\",\"potentialAction\":[{\"@type\":\"ReadAction\",\"target\":[\"https:\\\/\\\/www.univates.br\\\/blog\\\/cerveja-alema-tem-identidade-visual-criada-por-professores-e-alunos-da-nossa-universidade\\\/\"]}]},{\"@type\":\"ImageObject\",\"inLanguage\":\"pt-BR\",\"@id\":\"https:\\\/\\\/www.univates.br\\\/blog\\\/cerveja-alema-tem-identidade-visual-criada-por-professores-e-alunos-da-nossa-universidade\\\/#primaryimage\",\"url\":\"https:\\\/\\\/desenvolvimento.bravo.st\\\/univatesblog\\\/wp-content\\\/uploads\\\/2022\\\/05\\\/1568121752.0198.jpg\",\"contentUrl\":\"https:\\\/\\\/desenvolvimento.bravo.st\\\/univatesblog\\\/wp-content\\\/uploads\\\/2022\\\/05\\\/1568121752.0198.jpg\"},{\"@type\":\"BreadcrumbList\",\"@id\":\"https:\\\/\\\/www.univates.br\\\/blog\\\/cerveja-alema-tem-identidade-visual-criada-por-professores-e-alunos-da-nossa-universidade\\\/#breadcrumb\",\"itemListElement\":[{\"@type\":\"ListItem\",\"position\":1,\"name\":\"Home\",\"item\":\"https:\\\/\\\/www.univates.br\\\/blog\\\/\"},{\"@type\":\"ListItem\",\"position\":2,\"name\":\"Cerveja alem\u00e3 tem identidade visual criada por professores e alunos da nossa Universidade\"}]},{\"@type\":\"WebSite\",\"@id\":\"https:\\\/\\\/www.univates.br\\\/blog\\\/#website\",\"url\":\"https:\\\/\\\/www.univates.br\\\/blog\\\/\",\"name\":\"Univates Blog\",\"description\":\"\",\"potentialAction\":[{\"@type\":\"SearchAction\",\"target\":{\"@type\":\"EntryPoint\",\"urlTemplate\":\"https:\\\/\\\/www.univates.br\\\/blog\\\/?s={search_term_string}\"},\"query-input\":{\"@type\":\"PropertyValueSpecification\",\"valueRequired\":true,\"valueName\":\"search_term_string\"}}],\"inLanguage\":\"pt-BR\"},{\"@type\":\"Person\",\"@id\":\"https:\\\/\\\/www.univates.br\\\/blog\\\/#\\\/schema\\\/person\\\/15c63917440cc5e70160c247b309af2f\",\"name\":\"Marketing Univates\",\"image\":{\"@type\":\"ImageObject\",\"inLanguage\":\"pt-BR\",\"@id\":\"https:\\\/\\\/secure.gravatar.com\\\/avatar\\\/511f9e77a6a3d0cddd9074f69a722364bc7f787e73d4a0da1f727ba62704eda4?s=96&d=mm&r=g\",\"url\":\"https:\\\/\\\/secure.gravatar.com\\\/avatar\\\/511f9e77a6a3d0cddd9074f69a722364bc7f787e73d4a0da1f727ba62704eda4?s=96&d=mm&r=g\",\"contentUrl\":\"https:\\\/\\\/secure.gravatar.com\\\/avatar\\\/511f9e77a6a3d0cddd9074f69a722364bc7f787e73d4a0da1f727ba62704eda4?s=96&d=mm&r=g\",\"caption\":\"Marketing Univates\"},\"sameAs\":[\"http:\\\/\\\/univates.br\"],\"url\":\"https:\\\/\\\/www.univates.br\\\/blog\\\/author\\\/marketing\\\/\"}]}<\/script>\n<!-- \/ Yoast SEO plugin. -->","yoast_head_json":{"title":"Cerveja alem\u00e3 tem identidade visual criada por professores e alunos da nossa Universidade - Univates Blog","robots":{"index":"index","follow":"follow","max-snippet":"max-snippet:-1","max-image-preview":"max-image-preview:large","max-video-preview":"max-video-preview:-1"},"canonical":"https:\/\/www.univates.br\/blog\/cerveja-alema-tem-identidade-visual-criada-por-professores-e-alunos-da-nossa-universidade\/","og_locale":"pt_BR","og_type":"article","og_title":"Cerveja alem\u00e3 tem identidade visual criada por professores e alunos da nossa Universidade - Univates Blog","og_description":"Na editoria do m\u00eas de novembro, o&nbsp;site&nbsp;Dieline&nbsp;&#8211; principal&nbsp;site&nbsp;de&nbsp;design&nbsp;de embalagens&nbsp;do mundo &#8211; publicou uma entrevista do professor e coordenador do&nbsp;curso de&nbsp;Design&nbsp;da&nbsp;Univates, Rodrigo Brod. A entrevista teve como foco um&nbsp;projeto&nbsp;que o Est\u00fadio Frente, do qual ele \u00e9 s\u00f3cio, desenvolveu para uma&nbsp;cerveja alem\u00e3&nbsp;batizada\u2026","og_url":"https:\/\/www.univates.br\/blog\/cerveja-alema-tem-identidade-visual-criada-por-professores-e-alunos-da-nossa-universidade\/","og_site_name":"Univates Blog","article_published_time":"2022-05-09T14:42:57+00:00","article_modified_time":"2023-12-20T16:58:54+00:00","og_image":[{"url":"https:\/\/desenvolvimento.bravo.st\/univatesblog\/wp-content\/uploads\/2022\/05\/1568121752.0198.jpg","type":"","width":"","height":""}],"author":"Marketing Univates","twitter_card":"summary_large_image","twitter_misc":{"Escrito por":"Marketing Univates","Est. tempo de leitura":"3 minutos"},"schema":{"@context":"https:\/\/schema.org","@graph":[{"@type":"Article","@id":"https:\/\/www.univates.br\/blog\/cerveja-alema-tem-identidade-visual-criada-por-professores-e-alunos-da-nossa-universidade\/#article","isPartOf":{"@id":"https:\/\/www.univates.br\/blog\/cerveja-alema-tem-identidade-visual-criada-por-professores-e-alunos-da-nossa-universidade\/"},"author":{"name":"Marketing Univates","@id":"https:\/\/www.univates.br\/blog\/#\/schema\/person\/15c63917440cc5e70160c247b309af2f"},"headline":"Cerveja alem\u00e3 tem identidade visual criada por professores e alunos da nossa Universidade","datePublished":"2022-05-09T14:42:57+00:00","dateModified":"2023-12-20T16:58:54+00:00","mainEntityOfPage":{"@id":"https:\/\/www.univates.br\/blog\/cerveja-alema-tem-identidade-visual-criada-por-professores-e-alunos-da-nossa-universidade\/"},"wordCount":499,"commentCount":0,"image":{"@id":"https:\/\/www.univates.br\/blog\/cerveja-alema-tem-identidade-visual-criada-por-professores-e-alunos-da-nossa-universidade\/#primaryimage"},"thumbnailUrl":"https:\/\/desenvolvimento.bravo.st\/univatesblog\/wp-content\/uploads\/2022\/05\/1568121752.0198.jpg","articleSection":["Comunica\u00e7\u00e3o e Economia Criativa","Univates"],"inLanguage":"pt-BR","potentialAction":[{"@type":"CommentAction","name":"Comment","target":["https:\/\/www.univates.br\/blog\/cerveja-alema-tem-identidade-visual-criada-por-professores-e-alunos-da-nossa-universidade\/#respond"]}]},{"@type":"WebPage","@id":"https:\/\/www.univates.br\/blog\/cerveja-alema-tem-identidade-visual-criada-por-professores-e-alunos-da-nossa-universidade\/","url":"https:\/\/www.univates.br\/blog\/cerveja-alema-tem-identidade-visual-criada-por-professores-e-alunos-da-nossa-universidade\/","name":"Cerveja alem\u00e3 tem identidade visual criada por professores e alunos da nossa Universidade - Univates Blog","isPartOf":{"@id":"https:\/\/www.univates.br\/blog\/#website"},"primaryImageOfPage":{"@id":"https:\/\/www.univates.br\/blog\/cerveja-alema-tem-identidade-visual-criada-por-professores-e-alunos-da-nossa-universidade\/#primaryimage"},"image":{"@id":"https:\/\/www.univates.br\/blog\/cerveja-alema-tem-identidade-visual-criada-por-professores-e-alunos-da-nossa-universidade\/#primaryimage"},"thumbnailUrl":"https:\/\/desenvolvimento.bravo.st\/univatesblog\/wp-content\/uploads\/2022\/05\/1568121752.0198.jpg","datePublished":"2022-05-09T14:42:57+00:00","dateModified":"2023-12-20T16:58:54+00:00","author":{"@id":"https:\/\/www.univates.br\/blog\/#\/schema\/person\/15c63917440cc5e70160c247b309af2f"},"breadcrumb":{"@id":"https:\/\/www.univates.br\/blog\/cerveja-alema-tem-identidade-visual-criada-por-professores-e-alunos-da-nossa-universidade\/#breadcrumb"},"inLanguage":"pt-BR","potentialAction":[{"@type":"ReadAction","target":["https:\/\/www.univates.br\/blog\/cerveja-alema-tem-identidade-visual-criada-por-professores-e-alunos-da-nossa-universidade\/"]}]},{"@type":"ImageObject","inLanguage":"pt-BR","@id":"https:\/\/www.univates.br\/blog\/cerveja-alema-tem-identidade-visual-criada-por-professores-e-alunos-da-nossa-universidade\/#primaryimage","url":"https:\/\/desenvolvimento.bravo.st\/univatesblog\/wp-content\/uploads\/2022\/05\/1568121752.0198.jpg","contentUrl":"https:\/\/desenvolvimento.bravo.st\/univatesblog\/wp-content\/uploads\/2022\/05\/1568121752.0198.jpg"},{"@type":"BreadcrumbList","@id":"https:\/\/www.univates.br\/blog\/cerveja-alema-tem-identidade-visual-criada-por-professores-e-alunos-da-nossa-universidade\/#breadcrumb","itemListElement":[{"@type":"ListItem","position":1,"name":"Home","item":"https:\/\/www.univates.br\/blog\/"},{"@type":"ListItem","position":2,"name":"Cerveja alem\u00e3 tem identidade visual criada por professores e alunos da nossa Universidade"}]},{"@type":"WebSite","@id":"https:\/\/www.univates.br\/blog\/#website","url":"https:\/\/www.univates.br\/blog\/","name":"Univates Blog","description":"","potentialAction":[{"@type":"SearchAction","target":{"@type":"EntryPoint","urlTemplate":"https:\/\/www.univates.br\/blog\/?s={search_term_string}"},"query-input":{"@type":"PropertyValueSpecification","valueRequired":true,"valueName":"search_term_string"}}],"inLanguage":"pt-BR"},{"@type":"Person","@id":"https:\/\/www.univates.br\/blog\/#\/schema\/person\/15c63917440cc5e70160c247b309af2f","name":"Marketing Univates","image":{"@type":"ImageObject","inLanguage":"pt-BR","@id":"https:\/\/secure.gravatar.com\/avatar\/511f9e77a6a3d0cddd9074f69a722364bc7f787e73d4a0da1f727ba62704eda4?s=96&d=mm&r=g","url":"https:\/\/secure.gravatar.com\/avatar\/511f9e77a6a3d0cddd9074f69a722364bc7f787e73d4a0da1f727ba62704eda4?s=96&d=mm&r=g","contentUrl":"https:\/\/secure.gravatar.com\/avatar\/511f9e77a6a3d0cddd9074f69a722364bc7f787e73d4a0da1f727ba62704eda4?s=96&d=mm&r=g","caption":"Marketing Univates"},"sameAs":["http:\/\/univates.br"],"url":"https:\/\/www.univates.br\/blog\/author\/marketing\/"}]}},"_links":{"self":[{"href":"https:\/\/www.univates.br\/blog\/wp-json\/wp\/v2\/posts\/1093","targetHints":{"allow":["GET"]}}],"collection":[{"href":"https:\/\/www.univates.br\/blog\/wp-json\/wp\/v2\/posts"}],"about":[{"href":"https:\/\/www.univates.br\/blog\/wp-json\/wp\/v2\/types\/post"}],"author":[{"embeddable":true,"href":"https:\/\/www.univates.br\/blog\/wp-json\/wp\/v2\/users\/2"}],"replies":[{"embeddable":true,"href":"https:\/\/www.univates.br\/blog\/wp-json\/wp\/v2\/comments?post=1093"}],"version-history":[{"count":13,"href":"https:\/\/www.univates.br\/blog\/wp-json\/wp\/v2\/posts\/1093\/revisions"}],"predecessor-version":[{"id":4326,"href":"https:\/\/www.univates.br\/blog\/wp-json\/wp\/v2\/posts\/1093\/revisions\/4326"}],"wp:attachment":[{"href":"https:\/\/www.univates.br\/blog\/wp-json\/wp\/v2\/media?parent=1093"}],"wp:term":[{"taxonomy":"category","embeddable":true,"href":"https:\/\/www.univates.br\/blog\/wp-json\/wp\/v2\/categories?post=1093"}],"curies":[{"name":"wp","href":"https:\/\/api.w.org\/{rel}","templated":true}]}}