{"id":1097,"date":"2022-05-09T12:02:55","date_gmt":"2022-05-09T15:02:55","guid":{"rendered":"https:\/\/desenvolvimento.bravo.st\/univatesblog\/?p=1097"},"modified":"2023-12-20T13:58:14","modified_gmt":"2023-12-20T16:58:14","slug":"design-e-sustentabilidade-uma-iniciativa-que-da-certo","status":"publish","type":"post","link":"https:\/\/www.univates.br\/blog\/design-e-sustentabilidade-uma-iniciativa-que-da-certo\/","title":{"rendered":"Design e sustentabilidade: uma iniciativa que d\u00e1 certo"},"content":{"rendered":"\n<p>A sociedade tem cada vez mais se conscientizado e se interessado pelo&nbsp;<strong>mercado sustent\u00e1vel<\/strong>, ideia que viabiliza o menor impacto poss\u00edvel na natureza. O&nbsp;<strong><em>design<\/em>&nbsp;sustent\u00e1vel<\/strong>&nbsp;tem sido muito procurado e valorizado, j\u00e1 que possibilita o menor uso de recursos para a cria\u00e7\u00e3o de solu\u00e7\u00f5es importantes e esteticamente agrad\u00e1veis em um produto.&nbsp;<\/p>\n\n\n\n<p>O\u00a0<strong><em>design<\/em>\u00a0sustent\u00e1vel<\/strong>\u00a0precisa\u00a0<strong>levar em considera\u00e7\u00e3o<\/strong>\u00a0<strong>elementos essenciais<\/strong>\u00a0<strong>que envolvem tanto o processo de desenvolvimento dos produtos quanto os conceitos<\/strong>. A\u00a0<strong>efici\u00eancia e o pouco impacto ambiental<\/strong>, por exemplo, s\u00e3o primordiais para esse setor, que tenta\u00a0<strong>diminuir ao m\u00e1ximo o desperd\u00edcio<\/strong>\u00a0e\u00a0<strong>busca aumentar seu tempo de vida<\/strong>,\u00a0<strong>valorizando a mat\u00e9ria-prima<\/strong>\u00a0<strong>e<\/strong>\u00a0<strong>n\u00e3o abalando seu entorno<\/strong>.<\/p>\n\n\n\n<figure class=\"wp-block-image size-full\"><img loading=\"lazy\" decoding=\"async\" width=\"729\" height=\"486\" src=\"https:\/\/desenvolvimento.bravo.st\/univatesblog\/wp-content\/uploads\/2022\/05\/1537276164.0212_300_300-1.jpg\" alt=\"\" class=\"wp-image-2117\" srcset=\"https:\/\/www.univates.br\/blog\/wp-content\/uploads\/2022\/05\/1537276164.0212_300_300-1.jpg 729w, https:\/\/www.univates.br\/blog\/wp-content\/uploads\/2022\/05\/1537276164.0212_300_300-1-600x400.jpg 600w, https:\/\/www.univates.br\/blog\/wp-content\/uploads\/2022\/05\/1537276164.0212_300_300-1-150x100.jpg 150w\" sizes=\"auto, (max-width: 729px) 100vw, 729px\" \/><figcaption>Foto: Tuane Eggers<\/figcaption><\/figure>\n\n\n\n<h2 class=\"wp-block-heading\">Ideia sustent\u00e1vel<\/h2>\n\n\n\n<p>As altera\u00e7\u00f5es clim\u00e1ticas, quando ocorrem com frequ\u00eancia em um curto per\u00edodo de tempo, e o aquecimento global, provocado pela emiss\u00e3o dos gases de efeito estufa, fazem com que cat\u00e1strofes ambientais aconte\u00e7am, como enchentes e enxurradas. A extens\u00e3o dos danos nas propriedades ou o n\u00famero de v\u00edtimas que resulta de um desastre natural dependem da capacidade da popula\u00e7\u00e3o de resistir ao ocorrido e da intensidade com que ocorrem.<\/p>\n\n\n\n<p>Os desastres naturais, quando afetam grande parte de uma localidade, podem acarretar grandes preju\u00edzos aos cofres p\u00fablicos, al\u00e9m de desabrigar milhares de fam\u00edlias, que em quest\u00e3o de minutos se deparam com a perda total de seus lares e bens materiais. Para minimizar os danos causados por essas cat\u00e1strofes s\u00e3o necess\u00e1rios a solidariedade e o voluntariado de pessoas que n\u00e3o foram atingidas.<\/p>\n\n\n\n<p>Em janeiro de 2017 o munic\u00edpio de Rolante, no Vale do Paranhana, foi tomado por uma enxurrada. Na ocasi\u00e3o, 6,6 mil moradores foram atingidos pela enchente e cerca de 400 fam\u00edlias ficaram desabrigadas, gerando preju\u00edzo superior a R$ 70 milh\u00f5es.<\/p>\n\n\n\n<div class=\"wp-block-media-text alignwide is-stacked-on-mobile\"><figure class=\"wp-block-media-text__media\"><img loading=\"lazy\" decoding=\"async\" width=\"291\" height=\"194\" src=\"https:\/\/desenvolvimento.bravo.st\/univatesblog\/wp-content\/uploads\/2022\/05\/1537276165.2921_300_300.jpg\" alt=\"\" class=\"wp-image-1098 size-full\" srcset=\"https:\/\/www.univates.br\/blog\/wp-content\/uploads\/2022\/05\/1537276165.2921_300_300.jpg 291w, https:\/\/www.univates.br\/blog\/wp-content\/uploads\/2022\/05\/1537276165.2921_300_300-150x100.jpg 150w\" sizes=\"auto, (max-width: 291px) 100vw, 291px\" \/><\/figure><div class=\"wp-block-media-text__content\">\n<p>Sensibilizada com as constantes cat\u00e1strofes, a diplomada pelo curso de\u00a0<a href=\"https:\/\/www.univates.br\/graduacao\/design\">Design<\/a>\u00a0da\u00a0<strong>Univates<\/strong>\u00a0J\u00e9ssica Rempel\u00a0<strong>encontrou na forma\u00e7\u00e3o<\/strong>\u00a0uma\u00a0<strong>oportunidade de auxiliar<\/strong>\u00a0as fam\u00edlias atingidas. Em seu Trabalho de Conclus\u00e3o de Curso (TCC)\u00a0<strong>desenvolveu um abrigo emergencial<\/strong>,\u00a0<strong>produzido com materiais alternativos<\/strong>.<\/p>\n\n\n\n<p><em>(Foto: Artur Dullius)<\/em><\/p>\n<\/div><\/div>\n\n\n\n<p>A fim de&nbsp;<strong>diminuir os custos<\/strong>,&nbsp;<strong>sem comprometer a usabilidade<\/strong>, J\u00e9ssica aderiu aos&nbsp;<strong>conceitos do&nbsp;<em>design<\/em>&nbsp;sustent\u00e1vel<\/strong>&nbsp;para projetar o material. Na montagem da estrutura, utilizou madeira de bambu com tratamento de impermeabilidade. J\u00e1 na parte externa desenvolveu um casco de alum\u00ednio e cobertura composta de lona de juta com algod\u00e3o. Al\u00e9m disso, o projeto tamb\u00e9m contempla a disponibiliza\u00e7\u00e3o de uma lumin\u00e1ria port\u00e1til a energia solar.<\/p>\n\n\n\n<p>Com isso, al\u00e9m de tornar o material at\u00e9 quatro vezes mais acess\u00edvel economicamente (aproximadamente R$ 3 mil), o peso do abrigo foi reduzido. Podendo ser montado em 30 minutos, o abrigo improvisado comporta at\u00e9 cinco pessoas por aproximadamente 10 dias.<\/p>\n\n\n\n<p>Ficou interessado? Confira a mat\u00e9ria completa&nbsp;<a href=\"https:\/\/www.univates.br\/noticia\/22757-diplomada-da-univates-cria-abrigo-emergencial-para-familias-desalojadas-em-inundacoes\">aqui<\/a>.<\/p>\n\n\n\n<figure class=\"wp-block-image size-full\"><img loading=\"lazy\" decoding=\"async\" width=\"729\" height=\"547\" src=\"https:\/\/desenvolvimento.bravo.st\/univatesblog\/wp-content\/uploads\/2022\/05\/1537276163.8462_300_300.jpg\" alt=\"\" class=\"wp-image-1099\" srcset=\"https:\/\/www.univates.br\/blog\/wp-content\/uploads\/2022\/05\/1537276163.8462_300_300.jpg 729w, https:\/\/www.univates.br\/blog\/wp-content\/uploads\/2022\/05\/1537276163.8462_300_300-600x450.jpg 600w, https:\/\/www.univates.br\/blog\/wp-content\/uploads\/2022\/05\/1537276163.8462_300_300-150x113.jpg 150w\" sizes=\"auto, (max-width: 729px) 100vw, 729px\" \/><figcaption>Foto: Divulga\u00e7\u00e3o<\/figcaption><\/figure>\n","protected":false},"excerpt":{"rendered":"<p>A sociedade tem cada vez mais se conscientizado e se interessado pelo&nbsp;mercado sustent\u00e1vel, ideia que viabiliza o menor impacto poss\u00edvel na natureza. O&nbsp;design&nbsp;sustent\u00e1vel&nbsp;tem sido muito procurado e valorizado, j\u00e1 que possibilita o menor uso de recursos para a cria\u00e7\u00e3o de\u2026<\/p>\n","protected":false},"author":2,"featured_media":0,"comment_status":"open","ping_status":"open","sticky":false,"template":"","format":"standard","meta":{"_acf_changed":false,"footnotes":""},"categories":[64,7],"class_list":["post-1097","post","type-post","status-publish","format-standard","hentry","category-comunicacao-e-economia-criativa","category-univates","curso-design","area-comunicacao-e-economia-criativa"],"acf":[],"yoast_head":"<!-- This site is optimized with the Yoast SEO plugin v27.3 - https:\/\/yoast.com\/product\/yoast-seo-wordpress\/ -->\n<title>Design e sustentabilidade: uma iniciativa que d\u00e1 certo - Univates Blog<\/title>\n<meta name=\"robots\" content=\"index, follow, max-snippet:-1, max-image-preview:large, max-video-preview:-1\" \/>\n<link rel=\"canonical\" href=\"https:\/\/www.univates.br\/blog\/design-e-sustentabilidade-uma-iniciativa-que-da-certo\/\" \/>\n<meta property=\"og:locale\" content=\"pt_BR\" \/>\n<meta property=\"og:type\" content=\"article\" \/>\n<meta property=\"og:title\" content=\"Design e sustentabilidade: uma iniciativa que d\u00e1 certo - Univates Blog\" \/>\n<meta property=\"og:description\" content=\"A sociedade tem cada vez mais se conscientizado e se interessado pelo&nbsp;mercado sustent\u00e1vel, ideia que viabiliza o menor impacto poss\u00edvel na natureza. O&nbsp;design&nbsp;sustent\u00e1vel&nbsp;tem sido muito procurado e valorizado, j\u00e1 que possibilita o menor uso de recursos para a cria\u00e7\u00e3o de\u2026\" \/>\n<meta property=\"og:url\" content=\"https:\/\/www.univates.br\/blog\/design-e-sustentabilidade-uma-iniciativa-que-da-certo\/\" \/>\n<meta property=\"og:site_name\" content=\"Univates Blog\" \/>\n<meta property=\"article:published_time\" content=\"2022-05-09T15:02:55+00:00\" \/>\n<meta property=\"article:modified_time\" content=\"2023-12-20T16:58:14+00:00\" \/>\n<meta property=\"og:image\" content=\"https:\/\/desenvolvimento.bravo.st\/univatesblog\/wp-content\/uploads\/2022\/05\/1537276164.0212_300_300-1.jpg\" \/>\n<meta name=\"author\" content=\"Marketing Univates\" \/>\n<meta name=\"twitter:card\" content=\"summary_large_image\" \/>\n<meta name=\"twitter:label1\" content=\"Escrito por\" \/>\n\t<meta name=\"twitter:data1\" content=\"Marketing Univates\" \/>\n\t<meta name=\"twitter:label2\" content=\"Est. tempo de leitura\" \/>\n\t<meta name=\"twitter:data2\" content=\"4 minutos\" \/>\n<script type=\"application\/ld+json\" class=\"yoast-schema-graph\">{\"@context\":\"https:\\\/\\\/schema.org\",\"@graph\":[{\"@type\":\"Article\",\"@id\":\"https:\\\/\\\/www.univates.br\\\/blog\\\/design-e-sustentabilidade-uma-iniciativa-que-da-certo\\\/#article\",\"isPartOf\":{\"@id\":\"https:\\\/\\\/www.univates.br\\\/blog\\\/design-e-sustentabilidade-uma-iniciativa-que-da-certo\\\/\"},\"author\":{\"name\":\"Marketing Univates\",\"@id\":\"https:\\\/\\\/www.univates.br\\\/blog\\\/#\\\/schema\\\/person\\\/15c63917440cc5e70160c247b309af2f\"},\"headline\":\"Design e sustentabilidade: uma iniciativa que d\u00e1 certo\",\"datePublished\":\"2022-05-09T15:02:55+00:00\",\"dateModified\":\"2023-12-20T16:58:14+00:00\",\"mainEntityOfPage\":{\"@id\":\"https:\\\/\\\/www.univates.br\\\/blog\\\/design-e-sustentabilidade-uma-iniciativa-que-da-certo\\\/\"},\"wordCount\":512,\"commentCount\":0,\"image\":{\"@id\":\"https:\\\/\\\/www.univates.br\\\/blog\\\/design-e-sustentabilidade-uma-iniciativa-que-da-certo\\\/#primaryimage\"},\"thumbnailUrl\":\"https:\\\/\\\/desenvolvimento.bravo.st\\\/univatesblog\\\/wp-content\\\/uploads\\\/2022\\\/05\\\/1537276164.0212_300_300-1.jpg\",\"articleSection\":[\"Comunica\u00e7\u00e3o e Economia Criativa\",\"Univates\"],\"inLanguage\":\"pt-BR\",\"potentialAction\":[{\"@type\":\"CommentAction\",\"name\":\"Comment\",\"target\":[\"https:\\\/\\\/www.univates.br\\\/blog\\\/design-e-sustentabilidade-uma-iniciativa-que-da-certo\\\/#respond\"]}]},{\"@type\":\"WebPage\",\"@id\":\"https:\\\/\\\/www.univates.br\\\/blog\\\/design-e-sustentabilidade-uma-iniciativa-que-da-certo\\\/\",\"url\":\"https:\\\/\\\/www.univates.br\\\/blog\\\/design-e-sustentabilidade-uma-iniciativa-que-da-certo\\\/\",\"name\":\"Design e sustentabilidade: uma iniciativa que d\u00e1 certo - Univates Blog\",\"isPartOf\":{\"@id\":\"https:\\\/\\\/www.univates.br\\\/blog\\\/#website\"},\"primaryImageOfPage\":{\"@id\":\"https:\\\/\\\/www.univates.br\\\/blog\\\/design-e-sustentabilidade-uma-iniciativa-que-da-certo\\\/#primaryimage\"},\"image\":{\"@id\":\"https:\\\/\\\/www.univates.br\\\/blog\\\/design-e-sustentabilidade-uma-iniciativa-que-da-certo\\\/#primaryimage\"},\"thumbnailUrl\":\"https:\\\/\\\/desenvolvimento.bravo.st\\\/univatesblog\\\/wp-content\\\/uploads\\\/2022\\\/05\\\/1537276164.0212_300_300-1.jpg\",\"datePublished\":\"2022-05-09T15:02:55+00:00\",\"dateModified\":\"2023-12-20T16:58:14+00:00\",\"author\":{\"@id\":\"https:\\\/\\\/www.univates.br\\\/blog\\\/#\\\/schema\\\/person\\\/15c63917440cc5e70160c247b309af2f\"},\"breadcrumb\":{\"@id\":\"https:\\\/\\\/www.univates.br\\\/blog\\\/design-e-sustentabilidade-uma-iniciativa-que-da-certo\\\/#breadcrumb\"},\"inLanguage\":\"pt-BR\",\"potentialAction\":[{\"@type\":\"ReadAction\",\"target\":[\"https:\\\/\\\/www.univates.br\\\/blog\\\/design-e-sustentabilidade-uma-iniciativa-que-da-certo\\\/\"]}]},{\"@type\":\"ImageObject\",\"inLanguage\":\"pt-BR\",\"@id\":\"https:\\\/\\\/www.univates.br\\\/blog\\\/design-e-sustentabilidade-uma-iniciativa-que-da-certo\\\/#primaryimage\",\"url\":\"https:\\\/\\\/desenvolvimento.bravo.st\\\/univatesblog\\\/wp-content\\\/uploads\\\/2022\\\/05\\\/1537276164.0212_300_300-1.jpg\",\"contentUrl\":\"https:\\\/\\\/desenvolvimento.bravo.st\\\/univatesblog\\\/wp-content\\\/uploads\\\/2022\\\/05\\\/1537276164.0212_300_300-1.jpg\"},{\"@type\":\"BreadcrumbList\",\"@id\":\"https:\\\/\\\/www.univates.br\\\/blog\\\/design-e-sustentabilidade-uma-iniciativa-que-da-certo\\\/#breadcrumb\",\"itemListElement\":[{\"@type\":\"ListItem\",\"position\":1,\"name\":\"Home\",\"item\":\"https:\\\/\\\/www.univates.br\\\/blog\\\/\"},{\"@type\":\"ListItem\",\"position\":2,\"name\":\"Design e sustentabilidade: uma iniciativa que d\u00e1 certo\"}]},{\"@type\":\"WebSite\",\"@id\":\"https:\\\/\\\/www.univates.br\\\/blog\\\/#website\",\"url\":\"https:\\\/\\\/www.univates.br\\\/blog\\\/\",\"name\":\"Univates Blog\",\"description\":\"\",\"potentialAction\":[{\"@type\":\"SearchAction\",\"target\":{\"@type\":\"EntryPoint\",\"urlTemplate\":\"https:\\\/\\\/www.univates.br\\\/blog\\\/?s={search_term_string}\"},\"query-input\":{\"@type\":\"PropertyValueSpecification\",\"valueRequired\":true,\"valueName\":\"search_term_string\"}}],\"inLanguage\":\"pt-BR\"},{\"@type\":\"Person\",\"@id\":\"https:\\\/\\\/www.univates.br\\\/blog\\\/#\\\/schema\\\/person\\\/15c63917440cc5e70160c247b309af2f\",\"name\":\"Marketing Univates\",\"image\":{\"@type\":\"ImageObject\",\"inLanguage\":\"pt-BR\",\"@id\":\"https:\\\/\\\/secure.gravatar.com\\\/avatar\\\/511f9e77a6a3d0cddd9074f69a722364bc7f787e73d4a0da1f727ba62704eda4?s=96&d=mm&r=g\",\"url\":\"https:\\\/\\\/secure.gravatar.com\\\/avatar\\\/511f9e77a6a3d0cddd9074f69a722364bc7f787e73d4a0da1f727ba62704eda4?s=96&d=mm&r=g\",\"contentUrl\":\"https:\\\/\\\/secure.gravatar.com\\\/avatar\\\/511f9e77a6a3d0cddd9074f69a722364bc7f787e73d4a0da1f727ba62704eda4?s=96&d=mm&r=g\",\"caption\":\"Marketing Univates\"},\"sameAs\":[\"http:\\\/\\\/univates.br\"],\"url\":\"https:\\\/\\\/www.univates.br\\\/blog\\\/author\\\/marketing\\\/\"}]}<\/script>\n<!-- \/ Yoast SEO plugin. -->","yoast_head_json":{"title":"Design e sustentabilidade: uma iniciativa que d\u00e1 certo - Univates Blog","robots":{"index":"index","follow":"follow","max-snippet":"max-snippet:-1","max-image-preview":"max-image-preview:large","max-video-preview":"max-video-preview:-1"},"canonical":"https:\/\/www.univates.br\/blog\/design-e-sustentabilidade-uma-iniciativa-que-da-certo\/","og_locale":"pt_BR","og_type":"article","og_title":"Design e sustentabilidade: uma iniciativa que d\u00e1 certo - Univates Blog","og_description":"A sociedade tem cada vez mais se conscientizado e se interessado pelo&nbsp;mercado sustent\u00e1vel, ideia que viabiliza o menor impacto poss\u00edvel na natureza. O&nbsp;design&nbsp;sustent\u00e1vel&nbsp;tem sido muito procurado e valorizado, j\u00e1 que possibilita o menor uso de recursos para a cria\u00e7\u00e3o de\u2026","og_url":"https:\/\/www.univates.br\/blog\/design-e-sustentabilidade-uma-iniciativa-que-da-certo\/","og_site_name":"Univates Blog","article_published_time":"2022-05-09T15:02:55+00:00","article_modified_time":"2023-12-20T16:58:14+00:00","og_image":[{"url":"https:\/\/desenvolvimento.bravo.st\/univatesblog\/wp-content\/uploads\/2022\/05\/1537276164.0212_300_300-1.jpg","type":"","width":"","height":""}],"author":"Marketing Univates","twitter_card":"summary_large_image","twitter_misc":{"Escrito por":"Marketing Univates","Est. tempo de leitura":"4 minutos"},"schema":{"@context":"https:\/\/schema.org","@graph":[{"@type":"Article","@id":"https:\/\/www.univates.br\/blog\/design-e-sustentabilidade-uma-iniciativa-que-da-certo\/#article","isPartOf":{"@id":"https:\/\/www.univates.br\/blog\/design-e-sustentabilidade-uma-iniciativa-que-da-certo\/"},"author":{"name":"Marketing Univates","@id":"https:\/\/www.univates.br\/blog\/#\/schema\/person\/15c63917440cc5e70160c247b309af2f"},"headline":"Design e sustentabilidade: uma iniciativa que d\u00e1 certo","datePublished":"2022-05-09T15:02:55+00:00","dateModified":"2023-12-20T16:58:14+00:00","mainEntityOfPage":{"@id":"https:\/\/www.univates.br\/blog\/design-e-sustentabilidade-uma-iniciativa-que-da-certo\/"},"wordCount":512,"commentCount":0,"image":{"@id":"https:\/\/www.univates.br\/blog\/design-e-sustentabilidade-uma-iniciativa-que-da-certo\/#primaryimage"},"thumbnailUrl":"https:\/\/desenvolvimento.bravo.st\/univatesblog\/wp-content\/uploads\/2022\/05\/1537276164.0212_300_300-1.jpg","articleSection":["Comunica\u00e7\u00e3o e Economia Criativa","Univates"],"inLanguage":"pt-BR","potentialAction":[{"@type":"CommentAction","name":"Comment","target":["https:\/\/www.univates.br\/blog\/design-e-sustentabilidade-uma-iniciativa-que-da-certo\/#respond"]}]},{"@type":"WebPage","@id":"https:\/\/www.univates.br\/blog\/design-e-sustentabilidade-uma-iniciativa-que-da-certo\/","url":"https:\/\/www.univates.br\/blog\/design-e-sustentabilidade-uma-iniciativa-que-da-certo\/","name":"Design e sustentabilidade: uma iniciativa que d\u00e1 certo - Univates Blog","isPartOf":{"@id":"https:\/\/www.univates.br\/blog\/#website"},"primaryImageOfPage":{"@id":"https:\/\/www.univates.br\/blog\/design-e-sustentabilidade-uma-iniciativa-que-da-certo\/#primaryimage"},"image":{"@id":"https:\/\/www.univates.br\/blog\/design-e-sustentabilidade-uma-iniciativa-que-da-certo\/#primaryimage"},"thumbnailUrl":"https:\/\/desenvolvimento.bravo.st\/univatesblog\/wp-content\/uploads\/2022\/05\/1537276164.0212_300_300-1.jpg","datePublished":"2022-05-09T15:02:55+00:00","dateModified":"2023-12-20T16:58:14+00:00","author":{"@id":"https:\/\/www.univates.br\/blog\/#\/schema\/person\/15c63917440cc5e70160c247b309af2f"},"breadcrumb":{"@id":"https:\/\/www.univates.br\/blog\/design-e-sustentabilidade-uma-iniciativa-que-da-certo\/#breadcrumb"},"inLanguage":"pt-BR","potentialAction":[{"@type":"ReadAction","target":["https:\/\/www.univates.br\/blog\/design-e-sustentabilidade-uma-iniciativa-que-da-certo\/"]}]},{"@type":"ImageObject","inLanguage":"pt-BR","@id":"https:\/\/www.univates.br\/blog\/design-e-sustentabilidade-uma-iniciativa-que-da-certo\/#primaryimage","url":"https:\/\/desenvolvimento.bravo.st\/univatesblog\/wp-content\/uploads\/2022\/05\/1537276164.0212_300_300-1.jpg","contentUrl":"https:\/\/desenvolvimento.bravo.st\/univatesblog\/wp-content\/uploads\/2022\/05\/1537276164.0212_300_300-1.jpg"},{"@type":"BreadcrumbList","@id":"https:\/\/www.univates.br\/blog\/design-e-sustentabilidade-uma-iniciativa-que-da-certo\/#breadcrumb","itemListElement":[{"@type":"ListItem","position":1,"name":"Home","item":"https:\/\/www.univates.br\/blog\/"},{"@type":"ListItem","position":2,"name":"Design e sustentabilidade: uma iniciativa que d\u00e1 certo"}]},{"@type":"WebSite","@id":"https:\/\/www.univates.br\/blog\/#website","url":"https:\/\/www.univates.br\/blog\/","name":"Univates Blog","description":"","potentialAction":[{"@type":"SearchAction","target":{"@type":"EntryPoint","urlTemplate":"https:\/\/www.univates.br\/blog\/?s={search_term_string}"},"query-input":{"@type":"PropertyValueSpecification","valueRequired":true,"valueName":"search_term_string"}}],"inLanguage":"pt-BR"},{"@type":"Person","@id":"https:\/\/www.univates.br\/blog\/#\/schema\/person\/15c63917440cc5e70160c247b309af2f","name":"Marketing Univates","image":{"@type":"ImageObject","inLanguage":"pt-BR","@id":"https:\/\/secure.gravatar.com\/avatar\/511f9e77a6a3d0cddd9074f69a722364bc7f787e73d4a0da1f727ba62704eda4?s=96&d=mm&r=g","url":"https:\/\/secure.gravatar.com\/avatar\/511f9e77a6a3d0cddd9074f69a722364bc7f787e73d4a0da1f727ba62704eda4?s=96&d=mm&r=g","contentUrl":"https:\/\/secure.gravatar.com\/avatar\/511f9e77a6a3d0cddd9074f69a722364bc7f787e73d4a0da1f727ba62704eda4?s=96&d=mm&r=g","caption":"Marketing Univates"},"sameAs":["http:\/\/univates.br"],"url":"https:\/\/www.univates.br\/blog\/author\/marketing\/"}]}},"_links":{"self":[{"href":"https:\/\/www.univates.br\/blog\/wp-json\/wp\/v2\/posts\/1097","targetHints":{"allow":["GET"]}}],"collection":[{"href":"https:\/\/www.univates.br\/blog\/wp-json\/wp\/v2\/posts"}],"about":[{"href":"https:\/\/www.univates.br\/blog\/wp-json\/wp\/v2\/types\/post"}],"author":[{"embeddable":true,"href":"https:\/\/www.univates.br\/blog\/wp-json\/wp\/v2\/users\/2"}],"replies":[{"embeddable":true,"href":"https:\/\/www.univates.br\/blog\/wp-json\/wp\/v2\/comments?post=1097"}],"version-history":[{"count":16,"href":"https:\/\/www.univates.br\/blog\/wp-json\/wp\/v2\/posts\/1097\/revisions"}],"predecessor-version":[{"id":4756,"href":"https:\/\/www.univates.br\/blog\/wp-json\/wp\/v2\/posts\/1097\/revisions\/4756"}],"wp:attachment":[{"href":"https:\/\/www.univates.br\/blog\/wp-json\/wp\/v2\/media?parent=1097"}],"wp:term":[{"taxonomy":"category","embeddable":true,"href":"https:\/\/www.univates.br\/blog\/wp-json\/wp\/v2\/categories?post=1097"}],"curies":[{"name":"wp","href":"https:\/\/api.w.org\/{rel}","templated":true}]}}