{"id":1107,"date":"2022-05-09T13:17:52","date_gmt":"2022-05-09T16:17:52","guid":{"rendered":"https:\/\/desenvolvimento.bravo.st\/univatesblog\/?p=1107"},"modified":"2026-02-04T10:27:21","modified_gmt":"2026-02-04T13:27:21","slug":"como-e-a-rotina-de-quem-cursa-ead","status":"publish","type":"post","link":"https:\/\/www.univates.br\/blog\/como-e-a-rotina-de-quem-cursa-ead\/","title":{"rendered":"Como \u00e9 a rotina de quem cursa EAD?"},"content":{"rendered":"\n<p>Agora que voc\u00ea sabe&nbsp;<a href=\"https:\/\/www.univates.br\/noticia\/23072-por-que-estudar-ead-na-univates\">por que a Univates \u00e9 a melhor escolha para sua educa\u00e7\u00e3o a dist\u00e2ncia<\/a>, vamos lhe mostrar&nbsp;<strong>como \u00e9 o dia a dia de um aluno EAD<\/strong>. Al\u00e9m disso, apresentamos algumas&nbsp;<strong>dicas de organiza\u00e7\u00e3o<\/strong>&nbsp;de nossos estudantes. Fique por dentro:<\/p>\n\n\n\n<figure class=\"wp-block-image size-full\"><img loading=\"lazy\" decoding=\"async\" width=\"729\" height=\"486\" src=\"https:\/\/desenvolvimento.bravo.st\/univatesblog\/wp-content\/uploads\/2022\/05\/1536952968.9454_300_300.jpg\" alt=\"\" class=\"wp-image-2123\" srcset=\"https:\/\/www.univates.br\/blog\/wp-content\/uploads\/2022\/05\/1536952968.9454_300_300.jpg 729w, https:\/\/www.univates.br\/blog\/wp-content\/uploads\/2022\/05\/1536952968.9454_300_300-600x400.jpg 600w, https:\/\/www.univates.br\/blog\/wp-content\/uploads\/2022\/05\/1536952968.9454_300_300-150x100.jpg 150w\" sizes=\"auto, (max-width: 729px) 100vw, 729px\" \/><figcaption class=\"wp-element-caption\">Foto: Tuane Eggers<\/figcaption><\/figure>\n\n\n\n<p>De Dois Lajeados, a estudante de Ci\u00eancias Biol\u00f3gicas Mainara Elisa Villa optou pela&nbsp;<strong>modalidade a dist\u00e2ncia<\/strong>&nbsp;pela&nbsp;<strong>comodidade de estudar no local e no hor\u00e1rio em que pudesse<\/strong>. \u201cTerminei o Ensino M\u00e9dio h\u00e1 cinco anos. Na \u00e9poca tinha vontade de cursar Medicina Veterin\u00e1ria, mas o fato de ter de sair de casa me fez desistir. O curso de Ci\u00eancias Biol\u00f3gicas&nbsp;<strong>EAD<\/strong>&nbsp;trouxe a biologia, que sempre amei, juntamente com a&nbsp;<strong>flexibilidade de hor\u00e1rio<\/strong>\u201d, conta.<\/p>\n\n\n\n<p>Esse tamb\u00e9m foi um dos motivos de o estudante de Administra\u00e7\u00e3o e morador de Teut\u00f4nia Carlos Eduardo Strate optar pela&nbsp;<strong>EAD<\/strong>. \u201cAl\u00e9m da&nbsp;<strong>flexibilidade<\/strong>, que faz com que eu possa estudar inclusive em viagens, desde que eu tenha acesso \u00e0 internet, h\u00e1 a quest\u00e3o dos gastos, pois, se considerar transporte e mensalidade, ficam bem menores. Outro fator foi a&nbsp;<strong>qualidade do ensino<\/strong>\u201d, afirma Strate, que tamb\u00e9m \u00e9 diplomado no curso T\u00e9cnico em Seguran\u00e7a do Trabalho pela&nbsp;<strong>Univates<\/strong>. \u201cExistem outras institui\u00e7\u00f5es que oferecem Administra\u00e7\u00e3o na&nbsp;<strong>modalidade EAD<\/strong>, mas como eu j\u00e1 conhecia a infraestrutura da&nbsp;<strong>Univates<\/strong>, toda a quest\u00e3o de Teatro, Biblioteca e professores, e sabia da&nbsp;<strong>qualidade do ensino<\/strong>, aguardei a abertura dessa nova modalidade\u201d, completa.<\/p>\n\n\n\n<p><a href=\"https:\/\/www.univates.br\/noticia\/quais-as-vantagens-de-ser-um-estudante-ead-na-univates\">Quais as vantagens de ser um estudante EAD na Univates?<\/a><\/p>\n\n\n\n<p><a href=\"https:\/\/www.univates.br\/noticia\/por-que-estudar-ead-na-univates\">Por que estudar EAD na Univates?<\/a><\/p>\n\n\n\n<h2 class=\"wp-block-heading\">Trabalho + estudos + vida social<\/h2>\n\n\n\n<figure class=\"wp-block-image size-full\"><img loading=\"lazy\" decoding=\"async\" width=\"729\" height=\"486\" src=\"https:\/\/desenvolvimento.bravo.st\/univatesblog\/wp-content\/uploads\/2022\/05\/1536952968.8073_300_300-1.jpg\" alt=\"\" class=\"wp-image-2124\" srcset=\"https:\/\/www.univates.br\/blog\/wp-content\/uploads\/2022\/05\/1536952968.8073_300_300-1.jpg 729w, https:\/\/www.univates.br\/blog\/wp-content\/uploads\/2022\/05\/1536952968.8073_300_300-1-600x400.jpg 600w, https:\/\/www.univates.br\/blog\/wp-content\/uploads\/2022\/05\/1536952968.8073_300_300-1-150x100.jpg 150w\" sizes=\"auto, (max-width: 729px) 100vw, 729px\" \/><figcaption class=\"wp-element-caption\">Foto: Tuane Eggers<\/figcaption><\/figure>\n\n\n\n<p>T\u00e9cnico em Seguran\u00e7a do Trabalho em uma cooperativa da regi\u00e3o do Vale do Taquari, Strate conta que sua jornada de trabalho inicia \u00e0s 3h.<\/p>\n\n\n\n<div class=\"wp-block-media-text alignwide is-stacked-on-mobile\"><figure class=\"wp-block-media-text__media\"><img loading=\"lazy\" decoding=\"async\" width=\"292\" height=\"365\" src=\"https:\/\/desenvolvimento.bravo.st\/univatesblog\/wp-content\/uploads\/2022\/05\/1566486674.6192.jpg\" alt=\"\" class=\"wp-image-1108 size-full\" srcset=\"https:\/\/www.univates.br\/blog\/wp-content\/uploads\/2022\/05\/1566486674.6192.jpg 292w, https:\/\/www.univates.br\/blog\/wp-content\/uploads\/2022\/05\/1566486674.6192-120x150.jpg 120w\" sizes=\"auto, (max-width: 292px) 100vw, 292px\" \/><\/figure><div class=\"wp-block-media-text__content\">\n<p>&#8220;Acordo \u00e0s 2h30min e fa\u00e7o meu intervalo de trabalho das 7h \u00e0s 8h. Nesse momento costumo tomar caf\u00e9, aproveito para olhar as atividades de aula e as not\u00edcias. Trabalho at\u00e9 meio-dia, ent\u00e3o almo\u00e7o e vou para casa. Tento deixar as quest\u00f5es prontas at\u00e9 quarta-feira, que \u00e9 quando estou mais motivado, assim tenho o fim de semana livre e posso descansar&#8221; (Carlos Eduardo Strate, estudante de Administra\u00e7\u00e3o EAD).<\/p>\n\n\n\n<p><em>(Foto: Divulga\u00e7\u00e3o)<\/em><\/p>\n<\/div><\/div>\n\n\n\n<p>Mainara mora com seus pais no interior do munic\u00edpio. Durante a manh\u00e3 ela trabalha com gado de leite e \u00e0 tarde estuda para a aula.<\/p>\n\n\n\n<div class=\"wp-block-media-text alignwide is-stacked-on-mobile\"><figure class=\"wp-block-media-text__media\"><img loading=\"lazy\" decoding=\"async\" width=\"291\" height=\"364\" src=\"https:\/\/desenvolvimento.bravo.st\/univatesblog\/wp-content\/uploads\/2022\/05\/1566491651.9033.jpg\" alt=\"\" class=\"wp-image-1109 size-full\" srcset=\"https:\/\/www.univates.br\/blog\/wp-content\/uploads\/2022\/05\/1566491651.9033.jpg 291w, https:\/\/www.univates.br\/blog\/wp-content\/uploads\/2022\/05\/1566491651.9033-120x150.jpg 120w\" sizes=\"auto, (max-width: 291px) 100vw, 291px\" \/><\/figure><div class=\"wp-block-media-text__content\">\n<blockquote class=\"wp-block-quote is-layout-flow wp-block-quote-is-layout-flow\">\n<p>&#8220;Uma dica \u00e9 sempre reservar um tempo para o estudo e n\u00e3o deixar as tarefas acumularem&#8221; (Mainara Elisa Villa, estudante de Ci\u00eancias Biol\u00f3gicas EAD).<\/p>\n\n\n\n<p><em>(Foto: Divulga\u00e7\u00e3o)<\/em><\/p>\n<\/blockquote>\n<\/div><\/div>\n\n\n\n<p>Strate concorda ao sugerir que o&nbsp;<strong>estudante defina seu tempo de estudo<\/strong>. Outra dica, conforme o aluno, \u00e9 escolher um local onde seja poss\u00edvel se concentrar. \u201cA&nbsp;<strong>EAD<\/strong>&nbsp;d\u00e1 a&nbsp;<strong>facilidade de estudar em qualquer lugar<\/strong>, mas precisamos ter um ambiente de estudos adequado. Se a casa \u00e9 muito movimentada, por exemplo, os alunos podem ir ao polo\u201d, aconselha.<\/p>\n\n\n\n<h2 class=\"wp-block-heading\">Como funciona?<\/h2>\n\n\n\n<p>Com videoconfer\u00eancias semanais com professores, al\u00e9m de materiais como textos, v\u00eddeos e demais atividades no ambiente virtual, a&nbsp;<strong>EAD<\/strong>&nbsp;da&nbsp;<strong>Univates<\/strong>&nbsp;oferece todo o&nbsp;<strong>suporte necess\u00e1rio para estudar quando e onde quiser<\/strong>. A cada nove semanas (final do m\u00f3dulo de 200 horas) acontecem avalia\u00e7\u00f5es presenciais. Para realiz\u00e1-las, o aluno deve comparecer em dia e hora marcados no polo com o qual tem v\u00ednculo de matr\u00edcula. Mais informa\u00e7\u00f5es&nbsp;<a href=\"https:\/\/www.univates.br\/ead\/#link-how-work\">aqui<\/a>.<\/p>\n\n\n\n<p><a href=\"https:\/\/www.univates.br\/blog\/ead-na-faculdade\/\" target=\"_blank\" rel=\"noreferrer noopener\">EAD o que significa<\/a><\/p>\n\n\n\n<figure class=\"wp-block-embed is-type-video is-provider-youtube wp-block-embed-youtube wp-embed-aspect-16-9 wp-has-aspect-ratio\"><div class=\"wp-block-embed__wrapper\">\n<iframe loading=\"lazy\" title=\"VT - Univates EAD\" width=\"500\" height=\"281\" src=\"https:\/\/www.youtube.com\/embed\/DEPQIxMniDE?feature=oembed\" frameborder=\"0\" allow=\"accelerometer; autoplay; clipboard-write; encrypted-media; gyroscope; picture-in-picture; web-share\" referrerpolicy=\"strict-origin-when-cross-origin\" allowfullscreen><\/iframe>\n<\/div><\/figure>\n","protected":false},"excerpt":{"rendered":"<p>Agora que voc\u00ea sabe&nbsp;por que a Univates \u00e9 a melhor escolha para sua educa\u00e7\u00e3o a dist\u00e2ncia, vamos lhe mostrar&nbsp;como \u00e9 o dia a dia de um aluno EAD. Al\u00e9m disso, apresentamos algumas&nbsp;dicas de organiza\u00e7\u00e3o&nbsp;de nossos estudantes. Fique por dentro: De\u2026<\/p>\n","protected":false},"author":2,"featured_media":0,"comment_status":"open","ping_status":"open","sticky":false,"template":"","format":"standard","meta":{"_acf_changed":false,"footnotes":""},"categories":[23,28],"class_list":["post-1107","post","type-post","status-publish","format-standard","hentry","category-estudos","category-graduacao-ead","autor-ana-amelia-ritt"],"acf":[],"yoast_head":"<!-- This site is optimized with the Yoast SEO plugin v27.3 - https:\/\/yoast.com\/product\/yoast-seo-wordpress\/ -->\n<title>Como \u00e9 a rotina de quem cursa EAD? - Univates Blog<\/title>\n<meta name=\"robots\" content=\"index, follow, max-snippet:-1, max-image-preview:large, max-video-preview:-1\" \/>\n<link rel=\"canonical\" href=\"https:\/\/www.univates.br\/blog\/como-e-a-rotina-de-quem-cursa-ead\/\" \/>\n<meta property=\"og:locale\" content=\"pt_BR\" \/>\n<meta property=\"og:type\" content=\"article\" \/>\n<meta property=\"og:title\" content=\"Como \u00e9 a rotina de quem cursa EAD? - Univates Blog\" \/>\n<meta property=\"og:description\" content=\"Agora que voc\u00ea sabe&nbsp;por que a Univates \u00e9 a melhor escolha para sua educa\u00e7\u00e3o a dist\u00e2ncia, vamos lhe mostrar&nbsp;como \u00e9 o dia a dia de um aluno EAD. Al\u00e9m disso, apresentamos algumas&nbsp;dicas de organiza\u00e7\u00e3o&nbsp;de nossos estudantes. Fique por dentro: De\u2026\" \/>\n<meta property=\"og:url\" content=\"https:\/\/www.univates.br\/blog\/como-e-a-rotina-de-quem-cursa-ead\/\" \/>\n<meta property=\"og:site_name\" content=\"Univates Blog\" \/>\n<meta property=\"article:published_time\" content=\"2022-05-09T16:17:52+00:00\" \/>\n<meta property=\"article:modified_time\" content=\"2026-02-04T13:27:21+00:00\" \/>\n<meta property=\"og:image\" content=\"https:\/\/www.univates.br\/blog\/wp-content\/uploads\/2022\/05\/1536952968.9454_300_300.jpg\" \/>\n\t<meta property=\"og:image:width\" content=\"729\" \/>\n\t<meta property=\"og:image:height\" content=\"486\" \/>\n\t<meta property=\"og:image:type\" content=\"image\/jpeg\" \/>\n<meta name=\"author\" content=\"Marketing Univates\" \/>\n<meta name=\"twitter:card\" content=\"summary_large_image\" \/>\n<meta name=\"twitter:label1\" content=\"Escrito por\" \/>\n\t<meta name=\"twitter:data1\" content=\"Marketing Univates\" \/>\n\t<meta name=\"twitter:label2\" content=\"Est. tempo de leitura\" \/>\n\t<meta name=\"twitter:data2\" content=\"4 minutos\" \/>\n<script type=\"application\/ld+json\" class=\"yoast-schema-graph\">{\"@context\":\"https:\\\/\\\/schema.org\",\"@graph\":[{\"@type\":\"Article\",\"@id\":\"https:\\\/\\\/www.univates.br\\\/blog\\\/como-e-a-rotina-de-quem-cursa-ead\\\/#article\",\"isPartOf\":{\"@id\":\"https:\\\/\\\/www.univates.br\\\/blog\\\/como-e-a-rotina-de-quem-cursa-ead\\\/\"},\"author\":{\"name\":\"Marketing Univates\",\"@id\":\"https:\\\/\\\/www.univates.br\\\/blog\\\/#\\\/schema\\\/person\\\/15c63917440cc5e70160c247b309af2f\"},\"headline\":\"Como \u00e9 a rotina de quem cursa EAD?\",\"datePublished\":\"2022-05-09T16:17:52+00:00\",\"dateModified\":\"2026-02-04T13:27:21+00:00\",\"mainEntityOfPage\":{\"@id\":\"https:\\\/\\\/www.univates.br\\\/blog\\\/como-e-a-rotina-de-quem-cursa-ead\\\/\"},\"wordCount\":615,\"commentCount\":0,\"image\":{\"@id\":\"https:\\\/\\\/www.univates.br\\\/blog\\\/como-e-a-rotina-de-quem-cursa-ead\\\/#primaryimage\"},\"thumbnailUrl\":\"https:\\\/\\\/desenvolvimento.bravo.st\\\/univatesblog\\\/wp-content\\\/uploads\\\/2022\\\/05\\\/1536952968.9454_300_300.jpg\",\"articleSection\":[\"Estudos\",\"Gradua\u00e7\u00e3o EAD\"],\"inLanguage\":\"pt-BR\",\"potentialAction\":[{\"@type\":\"CommentAction\",\"name\":\"Comment\",\"target\":[\"https:\\\/\\\/www.univates.br\\\/blog\\\/como-e-a-rotina-de-quem-cursa-ead\\\/#respond\"]}]},{\"@type\":\"WebPage\",\"@id\":\"https:\\\/\\\/www.univates.br\\\/blog\\\/como-e-a-rotina-de-quem-cursa-ead\\\/\",\"url\":\"https:\\\/\\\/www.univates.br\\\/blog\\\/como-e-a-rotina-de-quem-cursa-ead\\\/\",\"name\":\"Como \u00e9 a rotina de quem cursa EAD? - Univates Blog\",\"isPartOf\":{\"@id\":\"https:\\\/\\\/www.univates.br\\\/blog\\\/#website\"},\"primaryImageOfPage\":{\"@id\":\"https:\\\/\\\/www.univates.br\\\/blog\\\/como-e-a-rotina-de-quem-cursa-ead\\\/#primaryimage\"},\"image\":{\"@id\":\"https:\\\/\\\/www.univates.br\\\/blog\\\/como-e-a-rotina-de-quem-cursa-ead\\\/#primaryimage\"},\"thumbnailUrl\":\"https:\\\/\\\/desenvolvimento.bravo.st\\\/univatesblog\\\/wp-content\\\/uploads\\\/2022\\\/05\\\/1536952968.9454_300_300.jpg\",\"datePublished\":\"2022-05-09T16:17:52+00:00\",\"dateModified\":\"2026-02-04T13:27:21+00:00\",\"author\":{\"@id\":\"https:\\\/\\\/www.univates.br\\\/blog\\\/#\\\/schema\\\/person\\\/15c63917440cc5e70160c247b309af2f\"},\"breadcrumb\":{\"@id\":\"https:\\\/\\\/www.univates.br\\\/blog\\\/como-e-a-rotina-de-quem-cursa-ead\\\/#breadcrumb\"},\"inLanguage\":\"pt-BR\",\"potentialAction\":[{\"@type\":\"ReadAction\",\"target\":[\"https:\\\/\\\/www.univates.br\\\/blog\\\/como-e-a-rotina-de-quem-cursa-ead\\\/\"]}]},{\"@type\":\"ImageObject\",\"inLanguage\":\"pt-BR\",\"@id\":\"https:\\\/\\\/www.univates.br\\\/blog\\\/como-e-a-rotina-de-quem-cursa-ead\\\/#primaryimage\",\"url\":\"https:\\\/\\\/desenvolvimento.bravo.st\\\/univatesblog\\\/wp-content\\\/uploads\\\/2022\\\/05\\\/1536952968.9454_300_300.jpg\",\"contentUrl\":\"https:\\\/\\\/desenvolvimento.bravo.st\\\/univatesblog\\\/wp-content\\\/uploads\\\/2022\\\/05\\\/1536952968.9454_300_300.jpg\"},{\"@type\":\"BreadcrumbList\",\"@id\":\"https:\\\/\\\/www.univates.br\\\/blog\\\/como-e-a-rotina-de-quem-cursa-ead\\\/#breadcrumb\",\"itemListElement\":[{\"@type\":\"ListItem\",\"position\":1,\"name\":\"Home\",\"item\":\"https:\\\/\\\/www.univates.br\\\/blog\\\/\"},{\"@type\":\"ListItem\",\"position\":2,\"name\":\"Como \u00e9 a rotina de quem cursa EAD?\"}]},{\"@type\":\"WebSite\",\"@id\":\"https:\\\/\\\/www.univates.br\\\/blog\\\/#website\",\"url\":\"https:\\\/\\\/www.univates.br\\\/blog\\\/\",\"name\":\"Univates Blog\",\"description\":\"\",\"potentialAction\":[{\"@type\":\"SearchAction\",\"target\":{\"@type\":\"EntryPoint\",\"urlTemplate\":\"https:\\\/\\\/www.univates.br\\\/blog\\\/?s={search_term_string}\"},\"query-input\":{\"@type\":\"PropertyValueSpecification\",\"valueRequired\":true,\"valueName\":\"search_term_string\"}}],\"inLanguage\":\"pt-BR\"},{\"@type\":\"Person\",\"@id\":\"https:\\\/\\\/www.univates.br\\\/blog\\\/#\\\/schema\\\/person\\\/15c63917440cc5e70160c247b309af2f\",\"name\":\"Marketing Univates\",\"image\":{\"@type\":\"ImageObject\",\"inLanguage\":\"pt-BR\",\"@id\":\"https:\\\/\\\/secure.gravatar.com\\\/avatar\\\/511f9e77a6a3d0cddd9074f69a722364bc7f787e73d4a0da1f727ba62704eda4?s=96&d=mm&r=g\",\"url\":\"https:\\\/\\\/secure.gravatar.com\\\/avatar\\\/511f9e77a6a3d0cddd9074f69a722364bc7f787e73d4a0da1f727ba62704eda4?s=96&d=mm&r=g\",\"contentUrl\":\"https:\\\/\\\/secure.gravatar.com\\\/avatar\\\/511f9e77a6a3d0cddd9074f69a722364bc7f787e73d4a0da1f727ba62704eda4?s=96&d=mm&r=g\",\"caption\":\"Marketing Univates\"},\"sameAs\":[\"http:\\\/\\\/univates.br\"],\"url\":\"https:\\\/\\\/www.univates.br\\\/blog\\\/author\\\/marketing\\\/\"}]}<\/script>\n<!-- \/ Yoast SEO plugin. -->","yoast_head_json":{"title":"Como \u00e9 a rotina de quem cursa EAD? - Univates Blog","robots":{"index":"index","follow":"follow","max-snippet":"max-snippet:-1","max-image-preview":"max-image-preview:large","max-video-preview":"max-video-preview:-1"},"canonical":"https:\/\/www.univates.br\/blog\/como-e-a-rotina-de-quem-cursa-ead\/","og_locale":"pt_BR","og_type":"article","og_title":"Como \u00e9 a rotina de quem cursa EAD? - Univates Blog","og_description":"Agora que voc\u00ea sabe&nbsp;por que a Univates \u00e9 a melhor escolha para sua educa\u00e7\u00e3o a dist\u00e2ncia, vamos lhe mostrar&nbsp;como \u00e9 o dia a dia de um aluno EAD. Al\u00e9m disso, apresentamos algumas&nbsp;dicas de organiza\u00e7\u00e3o&nbsp;de nossos estudantes. Fique por dentro: De\u2026","og_url":"https:\/\/www.univates.br\/blog\/como-e-a-rotina-de-quem-cursa-ead\/","og_site_name":"Univates Blog","article_published_time":"2022-05-09T16:17:52+00:00","article_modified_time":"2026-02-04T13:27:21+00:00","og_image":[{"width":729,"height":486,"url":"https:\/\/www.univates.br\/blog\/wp-content\/uploads\/2022\/05\/1536952968.9454_300_300.jpg","type":"image\/jpeg"}],"author":"Marketing Univates","twitter_card":"summary_large_image","twitter_misc":{"Escrito por":"Marketing Univates","Est. tempo de leitura":"4 minutos"},"schema":{"@context":"https:\/\/schema.org","@graph":[{"@type":"Article","@id":"https:\/\/www.univates.br\/blog\/como-e-a-rotina-de-quem-cursa-ead\/#article","isPartOf":{"@id":"https:\/\/www.univates.br\/blog\/como-e-a-rotina-de-quem-cursa-ead\/"},"author":{"name":"Marketing Univates","@id":"https:\/\/www.univates.br\/blog\/#\/schema\/person\/15c63917440cc5e70160c247b309af2f"},"headline":"Como \u00e9 a rotina de quem cursa EAD?","datePublished":"2022-05-09T16:17:52+00:00","dateModified":"2026-02-04T13:27:21+00:00","mainEntityOfPage":{"@id":"https:\/\/www.univates.br\/blog\/como-e-a-rotina-de-quem-cursa-ead\/"},"wordCount":615,"commentCount":0,"image":{"@id":"https:\/\/www.univates.br\/blog\/como-e-a-rotina-de-quem-cursa-ead\/#primaryimage"},"thumbnailUrl":"https:\/\/desenvolvimento.bravo.st\/univatesblog\/wp-content\/uploads\/2022\/05\/1536952968.9454_300_300.jpg","articleSection":["Estudos","Gradua\u00e7\u00e3o EAD"],"inLanguage":"pt-BR","potentialAction":[{"@type":"CommentAction","name":"Comment","target":["https:\/\/www.univates.br\/blog\/como-e-a-rotina-de-quem-cursa-ead\/#respond"]}]},{"@type":"WebPage","@id":"https:\/\/www.univates.br\/blog\/como-e-a-rotina-de-quem-cursa-ead\/","url":"https:\/\/www.univates.br\/blog\/como-e-a-rotina-de-quem-cursa-ead\/","name":"Como \u00e9 a rotina de quem cursa EAD? - Univates Blog","isPartOf":{"@id":"https:\/\/www.univates.br\/blog\/#website"},"primaryImageOfPage":{"@id":"https:\/\/www.univates.br\/blog\/como-e-a-rotina-de-quem-cursa-ead\/#primaryimage"},"image":{"@id":"https:\/\/www.univates.br\/blog\/como-e-a-rotina-de-quem-cursa-ead\/#primaryimage"},"thumbnailUrl":"https:\/\/desenvolvimento.bravo.st\/univatesblog\/wp-content\/uploads\/2022\/05\/1536952968.9454_300_300.jpg","datePublished":"2022-05-09T16:17:52+00:00","dateModified":"2026-02-04T13:27:21+00:00","author":{"@id":"https:\/\/www.univates.br\/blog\/#\/schema\/person\/15c63917440cc5e70160c247b309af2f"},"breadcrumb":{"@id":"https:\/\/www.univates.br\/blog\/como-e-a-rotina-de-quem-cursa-ead\/#breadcrumb"},"inLanguage":"pt-BR","potentialAction":[{"@type":"ReadAction","target":["https:\/\/www.univates.br\/blog\/como-e-a-rotina-de-quem-cursa-ead\/"]}]},{"@type":"ImageObject","inLanguage":"pt-BR","@id":"https:\/\/www.univates.br\/blog\/como-e-a-rotina-de-quem-cursa-ead\/#primaryimage","url":"https:\/\/desenvolvimento.bravo.st\/univatesblog\/wp-content\/uploads\/2022\/05\/1536952968.9454_300_300.jpg","contentUrl":"https:\/\/desenvolvimento.bravo.st\/univatesblog\/wp-content\/uploads\/2022\/05\/1536952968.9454_300_300.jpg"},{"@type":"BreadcrumbList","@id":"https:\/\/www.univates.br\/blog\/como-e-a-rotina-de-quem-cursa-ead\/#breadcrumb","itemListElement":[{"@type":"ListItem","position":1,"name":"Home","item":"https:\/\/www.univates.br\/blog\/"},{"@type":"ListItem","position":2,"name":"Como \u00e9 a rotina de quem cursa EAD?"}]},{"@type":"WebSite","@id":"https:\/\/www.univates.br\/blog\/#website","url":"https:\/\/www.univates.br\/blog\/","name":"Univates Blog","description":"","potentialAction":[{"@type":"SearchAction","target":{"@type":"EntryPoint","urlTemplate":"https:\/\/www.univates.br\/blog\/?s={search_term_string}"},"query-input":{"@type":"PropertyValueSpecification","valueRequired":true,"valueName":"search_term_string"}}],"inLanguage":"pt-BR"},{"@type":"Person","@id":"https:\/\/www.univates.br\/blog\/#\/schema\/person\/15c63917440cc5e70160c247b309af2f","name":"Marketing Univates","image":{"@type":"ImageObject","inLanguage":"pt-BR","@id":"https:\/\/secure.gravatar.com\/avatar\/511f9e77a6a3d0cddd9074f69a722364bc7f787e73d4a0da1f727ba62704eda4?s=96&d=mm&r=g","url":"https:\/\/secure.gravatar.com\/avatar\/511f9e77a6a3d0cddd9074f69a722364bc7f787e73d4a0da1f727ba62704eda4?s=96&d=mm&r=g","contentUrl":"https:\/\/secure.gravatar.com\/avatar\/511f9e77a6a3d0cddd9074f69a722364bc7f787e73d4a0da1f727ba62704eda4?s=96&d=mm&r=g","caption":"Marketing Univates"},"sameAs":["http:\/\/univates.br"],"url":"https:\/\/www.univates.br\/blog\/author\/marketing\/"}]}},"_links":{"self":[{"href":"https:\/\/www.univates.br\/blog\/wp-json\/wp\/v2\/posts\/1107","targetHints":{"allow":["GET"]}}],"collection":[{"href":"https:\/\/www.univates.br\/blog\/wp-json\/wp\/v2\/posts"}],"about":[{"href":"https:\/\/www.univates.br\/blog\/wp-json\/wp\/v2\/types\/post"}],"author":[{"embeddable":true,"href":"https:\/\/www.univates.br\/blog\/wp-json\/wp\/v2\/users\/2"}],"replies":[{"embeddable":true,"href":"https:\/\/www.univates.br\/blog\/wp-json\/wp\/v2\/comments?post=1107"}],"version-history":[{"count":7,"href":"https:\/\/www.univates.br\/blog\/wp-json\/wp\/v2\/posts\/1107\/revisions"}],"predecessor-version":[{"id":7302,"href":"https:\/\/www.univates.br\/blog\/wp-json\/wp\/v2\/posts\/1107\/revisions\/7302"}],"wp:attachment":[{"href":"https:\/\/www.univates.br\/blog\/wp-json\/wp\/v2\/media?parent=1107"}],"wp:term":[{"taxonomy":"category","embeddable":true,"href":"https:\/\/www.univates.br\/blog\/wp-json\/wp\/v2\/categories?post=1107"}],"curies":[{"name":"wp","href":"https:\/\/api.w.org\/{rel}","templated":true}]}}