{"id":1117,"date":"2022-05-09T13:26:55","date_gmt":"2022-05-09T16:26:55","guid":{"rendered":"https:\/\/desenvolvimento.bravo.st\/univatesblog\/?p=1117"},"modified":"2023-12-20T13:56:37","modified_gmt":"2023-12-20T16:56:37","slug":"como-a-faculdade-de-pedagogia-pode-qualificar-sua-carreira","status":"publish","type":"post","link":"https:\/\/www.univates.br\/blog\/como-a-faculdade-de-pedagogia-pode-qualificar-sua-carreira\/","title":{"rendered":"Como a faculdade de Pedagogia pode qualificar sua carreira?"},"content":{"rendered":"\n<p>Procurando maneiras de\u00a0<strong>qualificar<\/strong>\u00a0sua\u00a0<strong>carreira<\/strong>\u00a0e dar aquele\u00a0<em>upgrade<\/em>\u00a0bacana no curr\u00edculo? Talvez voc\u00ea deva iniciar a empreitada de aprimoramento profissional cursando uma\u00a0<strong>faculdade<\/strong>\u00a0de\u00a0<strong>Pedagogia<\/strong>. Foi-se o tempo em que a conquista de apenas um \u00fanico diploma em ambiente universit\u00e1rio era desculpa para evitar p\u00f4r os p\u00e9s novamente em uma sala de aula, viu (confira motivos de sobra para matricular-se em uma segunda gradua\u00e7\u00e3o clicando\u00a0<a href=\"https:\/\/www.univates.br\/blog\/\/post\/quando-fazer-uma-segunda-graduacao-e-a-resposta\">aqui<\/a>)? A\u00a0<strong>faculdade<\/strong>\u00a0de\u00a0<strong>Pedagogia<\/strong>\u00a0abrange diversas \u00e1reas, e o indiv\u00edduo que a conclui pode trabalhar em escolas, hospitais, empresas corporativas e at\u00e9 mesmo &#8211; sim, senhor(a)! &#8211; no ramo tecnol\u00f3gico. \u00c9 quase imposs\u00edvel conseguir assimilar assim, logo de cara, todo esse universo de possibilidades, n\u00e3o \u00e9? Fique tranquilo(a): nossa mat\u00e9ria foi elaborada para ajud\u00e1-lo(a) a entender melhor as fun\u00e7\u00f5es do pedagogo e a escolher aquela que ser\u00e1 sua porta de entrada para recolocar-se no mercado de trabalho. Espia s\u00f3!\u00a0<\/p>\n\n\n\n<figure class=\"wp-block-image size-full\"><img loading=\"lazy\" decoding=\"async\" width=\"729\" height=\"486\" src=\"https:\/\/desenvolvimento.bravo.st\/univatesblog\/wp-content\/uploads\/2022\/05\/1536167393.5402_300_300.jpg\" alt=\"\" class=\"wp-image-2129\" srcset=\"https:\/\/www.univates.br\/blog\/wp-content\/uploads\/2022\/05\/1536167393.5402_300_300.jpg 729w, https:\/\/www.univates.br\/blog\/wp-content\/uploads\/2022\/05\/1536167393.5402_300_300-600x400.jpg 600w, https:\/\/www.univates.br\/blog\/wp-content\/uploads\/2022\/05\/1536167393.5402_300_300-150x100.jpg 150w\" sizes=\"auto, (max-width: 729px) 100vw, 729px\" \/><figcaption>Foto: Elise Bozzetto<\/figcaption><\/figure>\n\n\n\n<h2 class=\"wp-block-heading\">Onde um(a) pedagogo(a) pode trabalhar?<\/h2>\n\n\n\n<p>Oras, em muit\u00edssimos lugares, ocupando diversas posi\u00e7\u00f5es. O campo de atua\u00e7\u00e3o profissional de&nbsp;<strong>Pedagogia<\/strong>&nbsp;n\u00e3o se limita apenas a salas de aula e a contextos escolares. Buscando&nbsp;<strong>qualificar<\/strong>&nbsp;curr\u00edculo e&nbsp;<strong>carreira<\/strong>, os pedagogos est\u00e3o cada vez mais migrando para m\u00faltiplas \u00e1reas do conhecimento e exercendo fun\u00e7\u00f5es em ambientes igualmente diversos. Elaboramos uma lista com algumas possibilidades de trabalho para voc\u00ea decidir qual delas \u00e9 a sua cara. Confira.<\/p>\n\n\n\n<h2 class=\"wp-block-heading\">Escolas e institui\u00e7\u00f5es de ensino<a rel=\"noreferrer noopener\" href=\"https:\/\/materiais.univates.br\/e-book-saiba-qual-profissao-e-a-sua-cara\" target=\"_blank\"><\/a><\/h2>\n\n\n\n<figure class=\"wp-block-image size-full\"><img loading=\"lazy\" decoding=\"async\" width=\"729\" height=\"486\" src=\"https:\/\/desenvolvimento.bravo.st\/univatesblog\/wp-content\/uploads\/2022\/05\/1536167392.0986_300_300.jpg\" alt=\"\" class=\"wp-image-2130\" srcset=\"https:\/\/www.univates.br\/blog\/wp-content\/uploads\/2022\/05\/1536167392.0986_300_300.jpg 729w, https:\/\/www.univates.br\/blog\/wp-content\/uploads\/2022\/05\/1536167392.0986_300_300-600x400.jpg 600w, https:\/\/www.univates.br\/blog\/wp-content\/uploads\/2022\/05\/1536167392.0986_300_300-150x100.jpg 150w\" sizes=\"auto, (max-width: 729px) 100vw, 729px\" \/><figcaption>Foto: Elise Bozzetto<\/figcaption><\/figure>\n\n\n\n<p>Voc\u00ea j\u00e1 deve ter ouvido (e talvez at\u00e9 concordado com) uma m\u00e1xima que diz assim: lugar de pedagogo \u00e9 na escola ou em institui\u00e7\u00f5es de ensino do g\u00eanero. \u00c9 fato que o trabalho desse profissional \u00e9 realizado principalmente (mas n\u00e3o somente, viu?) em \u00f3rg\u00e3os de educa\u00e7\u00e3o. Neles, diplomados em&nbsp;<strong>Pedagogia<\/strong>&nbsp;atuam gerindo&nbsp;processos educativos, desenvolvendo pesquisas, organizando o funcionamento de sistemas pertinentes \u00e0 \u00e1rea e, ainda, elaborando projetos de gest\u00e3o escolar no planejamento, administra\u00e7\u00e3o e avalia\u00e7\u00e3o de programas educacionais.<\/p>\n\n\n\n<div class=\"bloco-gutenberg\">\n\n    <a href=\"https:\/\/materiais.univates.br\/saiba-qual-profissao-e-a-sua-cara\" target=\"_blank\" class=\"guten-material\" style=\"background-color: #ff5d4a; color: #0a0a0a;\">\n                    <img decoding=\"async\" src=\"https:\/\/www.univates.br\/blog\/wp-content\/uploads\/2022\/05\/Design-sem-nome-4.png\" loading=\"lazy\">\n                <div class=\"texto\">\n                            <span>Saiba qual profiss\u00e3o \u00e9 a sua cara<\/span>\n                            <strong>Baixar e-book<\/strong>\n                    <\/div>\n    <\/a>\n    <\/div>\n\n\n<h2 class=\"wp-block-heading\">\u00c1rea tecnol\u00f3gica<\/h2>\n\n\n\n<p>As palavras&nbsp;<strong>pedagogia<\/strong>&nbsp;e tecnologia n\u00e3o rimam \u00e0 toa, sabia? Ao concluir a&nbsp;<strong>faculdade<\/strong>, voc\u00ea pode optar por trabalhar na \u00e1rea tecnol\u00f3gica, assessorando desenvolvedores de&nbsp;<em>softwares<\/em>&nbsp;focados&nbsp;em jogos virtuais ou programas educativos, por exemplo. Nesse tipo de&nbsp;<strong>carreira<\/strong>, os profissionais encarregam-se de criar conte\u00fados e metodologias pedag\u00f3gicas espec\u00edficos para o ramo.<\/p>\n\n\n\n<h2 class=\"wp-block-heading\">\u00c1rea hospitalar<\/h2>\n\n\n\n<figure class=\"wp-block-image size-full\"><img loading=\"lazy\" decoding=\"async\" width=\"729\" height=\"486\" src=\"https:\/\/desenvolvimento.bravo.st\/univatesblog\/wp-content\/uploads\/2022\/05\/1568211329.924-1.jpg\" alt=\"\" class=\"wp-image-2131\" srcset=\"https:\/\/www.univates.br\/blog\/wp-content\/uploads\/2022\/05\/1568211329.924-1.jpg 729w, https:\/\/www.univates.br\/blog\/wp-content\/uploads\/2022\/05\/1568211329.924-1-600x400.jpg 600w, https:\/\/www.univates.br\/blog\/wp-content\/uploads\/2022\/05\/1568211329.924-1-150x100.jpg 150w\" sizes=\"auto, (max-width: 729px) 100vw, 729px\" \/><figcaption>Foto: Elise Bozzetto<\/figcaption><\/figure>\n\n\n\n<p>Voc\u00ea j\u00e1 pode voltar a respirar normalmente, exclamando um sonoro \u201cufa!\u201d: diplomados que atuam na \u00e1rea da&nbsp;<strong>Pedagogia<\/strong>&nbsp;Hospitalar n\u00e3o s\u00e3o m\u00e9dicos e, portanto, n\u00e3o diagnosticam doen\u00e7as terr\u00edveis ou realizam procedimentos cir\u00fargicos arriscados. A principal fun\u00e7\u00e3o dos pedagogos especializados na&nbsp;<strong>carreira<\/strong>&nbsp;em quest\u00e3o \u00e9 garantir que crian\u00e7as e adolescentes internados tenham acesso \u00e0 educa\u00e7\u00e3o. Para isso, ofertam atendimento focado na melhora e na adequa\u00e7\u00e3o das atividades \u00e0s condi\u00e7\u00f5es dos alunos-pacientes. Al\u00e9m de ajudar com as tarefas da escola regular (caso os indiv\u00edduos a estejam frequentando), os profissionais concentram-se em aplicar&nbsp;exerc\u00edcios l\u00fadicos e recreativos (como os de dramatiza\u00e7\u00e3o, desenho e pintura) a fim de promover assist\u00eancia personalizada e human\u00edstica.&nbsp;<\/p>\n\n\n\n<h2 class=\"wp-block-heading\">J\u00e1 sou funcion\u00e1rio(a) de uma empresa superbacana. E agora?<a rel=\"noreferrer noopener\" href=\"https:\/\/materiais.univates.br\/com-que-curso-eu-vou-modalidade\" target=\"_blank\"><\/a><\/h2>\n\n\n\n<p>\u00c9 poss\u00edvel que voc\u00ea j\u00e1 exer\u00e7a fun\u00e7\u00f5es profissionais em uma empresa que adora, na qual ainda pretende permanecer por muito tempo. Sabia que cursar uma&nbsp;<strong>faculdade<\/strong>&nbsp;de&nbsp;<strong>Pedagogia<\/strong>&nbsp;pode elevar suas chances de ser promovido(a) dentro da organiza\u00e7\u00e3o? A \u00e1rea da&nbsp;<strong>Pedagogia<\/strong>&nbsp;Empresarial atende \u00e0s necessidades de ambientes corporativos, incentivando a reconstru\u00e7\u00e3o de conceitos b\u00e1sicos como criatividade, esp\u00edrito de equipe e lideran\u00e7a. Trata-se de um \u00e2mbito promissor para pedagogos inquietos que desejam transformar a realidade cotidiana que os cerca.<\/p>\n\n\n\n<h2 class=\"wp-block-heading\">Faculdade de Pedagogia: qualificando a forma\u00e7\u00e3o docente<\/h2>\n\n\n\n<figure class=\"wp-block-image\"><img decoding=\"async\" src=\"https:\/\/www.univates.br\/blog\/\/post\/imagens?imagem=23724\/\/1568212022.0431.jpg&amp;width=730\" alt=\"\"\/><figcaption>Foto: Divulga\u00e7\u00e3o<\/figcaption><\/figure>\n\n\n\n<p>Professores j\u00e1 formados que est\u00e3o buscando qualifica\u00e7\u00e3o adicional podem&nbsp; beneficiar-se ao cursar uma&nbsp;<strong>faculdade<\/strong>&nbsp;de&nbsp;<strong>Pedagogia<\/strong>. Durante a gradua\u00e7\u00e3o, os acad\u00eamicos realizam semin\u00e1rios, pr\u00e1ticas investigativas e pedag\u00f3gicas e est\u00e1gios nas mais variadas \u00e1reas de atua\u00e7\u00e3o. Com todas essas atividades, os estudantes ganham experi\u00eancia para lecionar em sala de aula e para futuramente ajudar a impulsionar a&nbsp;<strong>carreira<\/strong>&nbsp;de quem estiver disposto a aprender com eles.<\/p>\n\n\n\n<p>Voc\u00ea sabia que a\u00a0<strong>faculdade<\/strong>\u00a0de\u00a0<strong>Pedagogia<\/strong>\u00a0da Universidade do Vale do Taquari &#8211; Univates foi conceituada como<a href=\"https:\/\/www.univates.br\/blog\/\/post\/24648-pedagogia-da-univates-melhor-curso-do-sul-do-brasil\">\u00a0a melhor\u00a0<\/a><a href=\"https:\/\/www.univates.br\/blog\/\/post\/pedagogia-da-univates-melhor-curso-do-sul-do-brasil\">do Sul do Brasil<\/a>? Em avalia\u00e7\u00e3o realizada pelo Minist\u00e9rio da Educa\u00e7\u00e3o (MEC), o curso atingiu nota 5, numa escala que vai de 1 a 5. A coordenadora da\u00a0<strong>faculdade<\/strong>\u00a0de\u00a0<strong>Pedagogia<\/strong>\u00a0da Institui\u00e7\u00e3o, Danise Vivian, comenta sobre as especificidades da gradua\u00e7\u00e3o. \u201cAqui realizamos certas pr\u00e1ticas que inserem os estudantes em espa\u00e7os escolares e n\u00e3o escolares. Os alunos podem vivenciar diferentes e potentes experi\u00eancias educativas e a articula\u00e7\u00e3o entre teoria e pr\u00e1tica, fundamental \u00e0 forma\u00e7\u00e3o docente. Durante o curso, os acad\u00eamicos\u00a0desenvolvem atividades metodol\u00f3gicas inovadoras e interdisciplinares nos processos de ensino e de aprendizagem\u201d. Interessante, n\u00e3o \u00e9?\u00a0<\/p>\n\n\n\n<p>Agora que voc\u00ea j\u00e1 conhece melhor a&nbsp;<strong>faculdade<\/strong>&nbsp;de&nbsp;<strong>Pedagogia<\/strong>&nbsp;e seus benef\u00edcios, \u00e9 hora de, al\u00e9m de professor, tornar-se passageiro, afivelar os cintos e curtir a viagem rumo a uma&nbsp;<strong>carreira<\/strong>&nbsp;de sucesso, repleta de desafios e oportunidades. A gente fica por aqui esperando not\u00edcias e um cart\u00e3o postal bem bonito. \ud83d\ude42&nbsp;<a href=\"https:\/\/www.univates.br\/blog\/\/post\/23724-como-a-faculdade-de-pedagogia-pode-qualificar-sua-carreira#popup\"><\/a><\/p>\n","protected":false},"excerpt":{"rendered":"<p>Procurando maneiras de\u00a0qualificar\u00a0sua\u00a0carreira\u00a0e dar aquele\u00a0upgrade\u00a0bacana no curr\u00edculo? Talvez voc\u00ea deva iniciar a empreitada de aprimoramento profissional cursando uma\u00a0faculdade\u00a0de\u00a0Pedagogia. Foi-se o tempo em que a conquista de apenas um \u00fanico diploma em ambiente universit\u00e1rio era desculpa para evitar p\u00f4r os p\u00e9s\u2026<\/p>\n","protected":false},"author":2,"featured_media":0,"comment_status":"open","ping_status":"open","sticky":false,"template":"","format":"standard","meta":{"_acf_changed":false,"footnotes":""},"categories":[33,31],"class_list":["post-1117","post","type-post","status-publish","format-standard","hentry","category-carreira","category-licenciatura","autor-lais-pontin-matos","curso-pedagogia","area-licenciaturas"],"acf":[],"yoast_head":"<!-- This site is optimized with the Yoast SEO plugin v27.3 - https:\/\/yoast.com\/product\/yoast-seo-wordpress\/ -->\n<title>Como a faculdade de Pedagogia pode qualificar sua carreira? - Univates Blog<\/title>\n<meta name=\"robots\" content=\"index, follow, max-snippet:-1, max-image-preview:large, max-video-preview:-1\" \/>\n<link rel=\"canonical\" href=\"https:\/\/www.univates.br\/blog\/como-a-faculdade-de-pedagogia-pode-qualificar-sua-carreira\/\" \/>\n<meta property=\"og:locale\" content=\"pt_BR\" \/>\n<meta property=\"og:type\" content=\"article\" \/>\n<meta property=\"og:title\" content=\"Como a faculdade de Pedagogia pode qualificar sua carreira? - Univates Blog\" \/>\n<meta property=\"og:description\" content=\"Procurando maneiras de\u00a0qualificar\u00a0sua\u00a0carreira\u00a0e dar aquele\u00a0upgrade\u00a0bacana no curr\u00edculo? Talvez voc\u00ea deva iniciar a empreitada de aprimoramento profissional cursando uma\u00a0faculdade\u00a0de\u00a0Pedagogia. Foi-se o tempo em que a conquista de apenas um \u00fanico diploma em ambiente universit\u00e1rio era desculpa para evitar p\u00f4r os p\u00e9s\u2026\" \/>\n<meta property=\"og:url\" content=\"https:\/\/www.univates.br\/blog\/como-a-faculdade-de-pedagogia-pode-qualificar-sua-carreira\/\" \/>\n<meta property=\"og:site_name\" content=\"Univates Blog\" \/>\n<meta property=\"article:published_time\" content=\"2022-05-09T16:26:55+00:00\" \/>\n<meta property=\"article:modified_time\" content=\"2023-12-20T16:56:37+00:00\" \/>\n<meta property=\"og:image\" content=\"https:\/\/desenvolvimento.bravo.st\/univatesblog\/wp-content\/uploads\/2022\/05\/1536167393.5402_300_300.jpg\" \/>\n<meta name=\"author\" content=\"Marketing Univates\" \/>\n<meta name=\"twitter:card\" content=\"summary_large_image\" \/>\n<meta name=\"twitter:label1\" content=\"Escrito por\" \/>\n\t<meta name=\"twitter:data1\" content=\"Marketing Univates\" \/>\n\t<meta name=\"twitter:label2\" content=\"Est. tempo de leitura\" \/>\n\t<meta name=\"twitter:data2\" content=\"6 minutos\" \/>\n<script type=\"application\/ld+json\" class=\"yoast-schema-graph\">{\"@context\":\"https:\\\/\\\/schema.org\",\"@graph\":[{\"@type\":\"Article\",\"@id\":\"https:\\\/\\\/www.univates.br\\\/blog\\\/como-a-faculdade-de-pedagogia-pode-qualificar-sua-carreira\\\/#article\",\"isPartOf\":{\"@id\":\"https:\\\/\\\/www.univates.br\\\/blog\\\/como-a-faculdade-de-pedagogia-pode-qualificar-sua-carreira\\\/\"},\"author\":{\"name\":\"Marketing Univates\",\"@id\":\"https:\\\/\\\/www.univates.br\\\/blog\\\/#\\\/schema\\\/person\\\/15c63917440cc5e70160c247b309af2f\"},\"headline\":\"Como a faculdade de Pedagogia pode qualificar sua carreira?\",\"datePublished\":\"2022-05-09T16:26:55+00:00\",\"dateModified\":\"2023-12-20T16:56:37+00:00\",\"mainEntityOfPage\":{\"@id\":\"https:\\\/\\\/www.univates.br\\\/blog\\\/como-a-faculdade-de-pedagogia-pode-qualificar-sua-carreira\\\/\"},\"wordCount\":943,\"commentCount\":0,\"image\":{\"@id\":\"https:\\\/\\\/www.univates.br\\\/blog\\\/como-a-faculdade-de-pedagogia-pode-qualificar-sua-carreira\\\/#primaryimage\"},\"thumbnailUrl\":\"https:\\\/\\\/desenvolvimento.bravo.st\\\/univatesblog\\\/wp-content\\\/uploads\\\/2022\\\/05\\\/1536167393.5402_300_300.jpg\",\"articleSection\":[\"Carreira\",\"Licenciatura\"],\"inLanguage\":\"pt-BR\",\"potentialAction\":[{\"@type\":\"CommentAction\",\"name\":\"Comment\",\"target\":[\"https:\\\/\\\/www.univates.br\\\/blog\\\/como-a-faculdade-de-pedagogia-pode-qualificar-sua-carreira\\\/#respond\"]}]},{\"@type\":\"WebPage\",\"@id\":\"https:\\\/\\\/www.univates.br\\\/blog\\\/como-a-faculdade-de-pedagogia-pode-qualificar-sua-carreira\\\/\",\"url\":\"https:\\\/\\\/www.univates.br\\\/blog\\\/como-a-faculdade-de-pedagogia-pode-qualificar-sua-carreira\\\/\",\"name\":\"Como a faculdade de Pedagogia pode qualificar sua carreira? - Univates Blog\",\"isPartOf\":{\"@id\":\"https:\\\/\\\/www.univates.br\\\/blog\\\/#website\"},\"primaryImageOfPage\":{\"@id\":\"https:\\\/\\\/www.univates.br\\\/blog\\\/como-a-faculdade-de-pedagogia-pode-qualificar-sua-carreira\\\/#primaryimage\"},\"image\":{\"@id\":\"https:\\\/\\\/www.univates.br\\\/blog\\\/como-a-faculdade-de-pedagogia-pode-qualificar-sua-carreira\\\/#primaryimage\"},\"thumbnailUrl\":\"https:\\\/\\\/desenvolvimento.bravo.st\\\/univatesblog\\\/wp-content\\\/uploads\\\/2022\\\/05\\\/1536167393.5402_300_300.jpg\",\"datePublished\":\"2022-05-09T16:26:55+00:00\",\"dateModified\":\"2023-12-20T16:56:37+00:00\",\"author\":{\"@id\":\"https:\\\/\\\/www.univates.br\\\/blog\\\/#\\\/schema\\\/person\\\/15c63917440cc5e70160c247b309af2f\"},\"breadcrumb\":{\"@id\":\"https:\\\/\\\/www.univates.br\\\/blog\\\/como-a-faculdade-de-pedagogia-pode-qualificar-sua-carreira\\\/#breadcrumb\"},\"inLanguage\":\"pt-BR\",\"potentialAction\":[{\"@type\":\"ReadAction\",\"target\":[\"https:\\\/\\\/www.univates.br\\\/blog\\\/como-a-faculdade-de-pedagogia-pode-qualificar-sua-carreira\\\/\"]}]},{\"@type\":\"ImageObject\",\"inLanguage\":\"pt-BR\",\"@id\":\"https:\\\/\\\/www.univates.br\\\/blog\\\/como-a-faculdade-de-pedagogia-pode-qualificar-sua-carreira\\\/#primaryimage\",\"url\":\"https:\\\/\\\/desenvolvimento.bravo.st\\\/univatesblog\\\/wp-content\\\/uploads\\\/2022\\\/05\\\/1536167393.5402_300_300.jpg\",\"contentUrl\":\"https:\\\/\\\/desenvolvimento.bravo.st\\\/univatesblog\\\/wp-content\\\/uploads\\\/2022\\\/05\\\/1536167393.5402_300_300.jpg\"},{\"@type\":\"BreadcrumbList\",\"@id\":\"https:\\\/\\\/www.univates.br\\\/blog\\\/como-a-faculdade-de-pedagogia-pode-qualificar-sua-carreira\\\/#breadcrumb\",\"itemListElement\":[{\"@type\":\"ListItem\",\"position\":1,\"name\":\"Home\",\"item\":\"https:\\\/\\\/www.univates.br\\\/blog\\\/\"},{\"@type\":\"ListItem\",\"position\":2,\"name\":\"Como a faculdade de Pedagogia pode qualificar sua carreira?\"}]},{\"@type\":\"WebSite\",\"@id\":\"https:\\\/\\\/www.univates.br\\\/blog\\\/#website\",\"url\":\"https:\\\/\\\/www.univates.br\\\/blog\\\/\",\"name\":\"Univates Blog\",\"description\":\"\",\"potentialAction\":[{\"@type\":\"SearchAction\",\"target\":{\"@type\":\"EntryPoint\",\"urlTemplate\":\"https:\\\/\\\/www.univates.br\\\/blog\\\/?s={search_term_string}\"},\"query-input\":{\"@type\":\"PropertyValueSpecification\",\"valueRequired\":true,\"valueName\":\"search_term_string\"}}],\"inLanguage\":\"pt-BR\"},{\"@type\":\"Person\",\"@id\":\"https:\\\/\\\/www.univates.br\\\/blog\\\/#\\\/schema\\\/person\\\/15c63917440cc5e70160c247b309af2f\",\"name\":\"Marketing Univates\",\"image\":{\"@type\":\"ImageObject\",\"inLanguage\":\"pt-BR\",\"@id\":\"https:\\\/\\\/secure.gravatar.com\\\/avatar\\\/511f9e77a6a3d0cddd9074f69a722364bc7f787e73d4a0da1f727ba62704eda4?s=96&d=mm&r=g\",\"url\":\"https:\\\/\\\/secure.gravatar.com\\\/avatar\\\/511f9e77a6a3d0cddd9074f69a722364bc7f787e73d4a0da1f727ba62704eda4?s=96&d=mm&r=g\",\"contentUrl\":\"https:\\\/\\\/secure.gravatar.com\\\/avatar\\\/511f9e77a6a3d0cddd9074f69a722364bc7f787e73d4a0da1f727ba62704eda4?s=96&d=mm&r=g\",\"caption\":\"Marketing Univates\"},\"sameAs\":[\"http:\\\/\\\/univates.br\"],\"url\":\"https:\\\/\\\/www.univates.br\\\/blog\\\/author\\\/marketing\\\/\"}]}<\/script>\n<!-- \/ Yoast SEO plugin. -->","yoast_head_json":{"title":"Como a faculdade de Pedagogia pode qualificar sua carreira? - Univates Blog","robots":{"index":"index","follow":"follow","max-snippet":"max-snippet:-1","max-image-preview":"max-image-preview:large","max-video-preview":"max-video-preview:-1"},"canonical":"https:\/\/www.univates.br\/blog\/como-a-faculdade-de-pedagogia-pode-qualificar-sua-carreira\/","og_locale":"pt_BR","og_type":"article","og_title":"Como a faculdade de Pedagogia pode qualificar sua carreira? - Univates Blog","og_description":"Procurando maneiras de\u00a0qualificar\u00a0sua\u00a0carreira\u00a0e dar aquele\u00a0upgrade\u00a0bacana no curr\u00edculo? Talvez voc\u00ea deva iniciar a empreitada de aprimoramento profissional cursando uma\u00a0faculdade\u00a0de\u00a0Pedagogia. Foi-se o tempo em que a conquista de apenas um \u00fanico diploma em ambiente universit\u00e1rio era desculpa para evitar p\u00f4r os p\u00e9s\u2026","og_url":"https:\/\/www.univates.br\/blog\/como-a-faculdade-de-pedagogia-pode-qualificar-sua-carreira\/","og_site_name":"Univates Blog","article_published_time":"2022-05-09T16:26:55+00:00","article_modified_time":"2023-12-20T16:56:37+00:00","og_image":[{"url":"https:\/\/desenvolvimento.bravo.st\/univatesblog\/wp-content\/uploads\/2022\/05\/1536167393.5402_300_300.jpg","type":"","width":"","height":""}],"author":"Marketing Univates","twitter_card":"summary_large_image","twitter_misc":{"Escrito por":"Marketing Univates","Est. tempo de leitura":"6 minutos"},"schema":{"@context":"https:\/\/schema.org","@graph":[{"@type":"Article","@id":"https:\/\/www.univates.br\/blog\/como-a-faculdade-de-pedagogia-pode-qualificar-sua-carreira\/#article","isPartOf":{"@id":"https:\/\/www.univates.br\/blog\/como-a-faculdade-de-pedagogia-pode-qualificar-sua-carreira\/"},"author":{"name":"Marketing Univates","@id":"https:\/\/www.univates.br\/blog\/#\/schema\/person\/15c63917440cc5e70160c247b309af2f"},"headline":"Como a faculdade de Pedagogia pode qualificar sua carreira?","datePublished":"2022-05-09T16:26:55+00:00","dateModified":"2023-12-20T16:56:37+00:00","mainEntityOfPage":{"@id":"https:\/\/www.univates.br\/blog\/como-a-faculdade-de-pedagogia-pode-qualificar-sua-carreira\/"},"wordCount":943,"commentCount":0,"image":{"@id":"https:\/\/www.univates.br\/blog\/como-a-faculdade-de-pedagogia-pode-qualificar-sua-carreira\/#primaryimage"},"thumbnailUrl":"https:\/\/desenvolvimento.bravo.st\/univatesblog\/wp-content\/uploads\/2022\/05\/1536167393.5402_300_300.jpg","articleSection":["Carreira","Licenciatura"],"inLanguage":"pt-BR","potentialAction":[{"@type":"CommentAction","name":"Comment","target":["https:\/\/www.univates.br\/blog\/como-a-faculdade-de-pedagogia-pode-qualificar-sua-carreira\/#respond"]}]},{"@type":"WebPage","@id":"https:\/\/www.univates.br\/blog\/como-a-faculdade-de-pedagogia-pode-qualificar-sua-carreira\/","url":"https:\/\/www.univates.br\/blog\/como-a-faculdade-de-pedagogia-pode-qualificar-sua-carreira\/","name":"Como a faculdade de Pedagogia pode qualificar sua carreira? - Univates Blog","isPartOf":{"@id":"https:\/\/www.univates.br\/blog\/#website"},"primaryImageOfPage":{"@id":"https:\/\/www.univates.br\/blog\/como-a-faculdade-de-pedagogia-pode-qualificar-sua-carreira\/#primaryimage"},"image":{"@id":"https:\/\/www.univates.br\/blog\/como-a-faculdade-de-pedagogia-pode-qualificar-sua-carreira\/#primaryimage"},"thumbnailUrl":"https:\/\/desenvolvimento.bravo.st\/univatesblog\/wp-content\/uploads\/2022\/05\/1536167393.5402_300_300.jpg","datePublished":"2022-05-09T16:26:55+00:00","dateModified":"2023-12-20T16:56:37+00:00","author":{"@id":"https:\/\/www.univates.br\/blog\/#\/schema\/person\/15c63917440cc5e70160c247b309af2f"},"breadcrumb":{"@id":"https:\/\/www.univates.br\/blog\/como-a-faculdade-de-pedagogia-pode-qualificar-sua-carreira\/#breadcrumb"},"inLanguage":"pt-BR","potentialAction":[{"@type":"ReadAction","target":["https:\/\/www.univates.br\/blog\/como-a-faculdade-de-pedagogia-pode-qualificar-sua-carreira\/"]}]},{"@type":"ImageObject","inLanguage":"pt-BR","@id":"https:\/\/www.univates.br\/blog\/como-a-faculdade-de-pedagogia-pode-qualificar-sua-carreira\/#primaryimage","url":"https:\/\/desenvolvimento.bravo.st\/univatesblog\/wp-content\/uploads\/2022\/05\/1536167393.5402_300_300.jpg","contentUrl":"https:\/\/desenvolvimento.bravo.st\/univatesblog\/wp-content\/uploads\/2022\/05\/1536167393.5402_300_300.jpg"},{"@type":"BreadcrumbList","@id":"https:\/\/www.univates.br\/blog\/como-a-faculdade-de-pedagogia-pode-qualificar-sua-carreira\/#breadcrumb","itemListElement":[{"@type":"ListItem","position":1,"name":"Home","item":"https:\/\/www.univates.br\/blog\/"},{"@type":"ListItem","position":2,"name":"Como a faculdade de Pedagogia pode qualificar sua carreira?"}]},{"@type":"WebSite","@id":"https:\/\/www.univates.br\/blog\/#website","url":"https:\/\/www.univates.br\/blog\/","name":"Univates Blog","description":"","potentialAction":[{"@type":"SearchAction","target":{"@type":"EntryPoint","urlTemplate":"https:\/\/www.univates.br\/blog\/?s={search_term_string}"},"query-input":{"@type":"PropertyValueSpecification","valueRequired":true,"valueName":"search_term_string"}}],"inLanguage":"pt-BR"},{"@type":"Person","@id":"https:\/\/www.univates.br\/blog\/#\/schema\/person\/15c63917440cc5e70160c247b309af2f","name":"Marketing Univates","image":{"@type":"ImageObject","inLanguage":"pt-BR","@id":"https:\/\/secure.gravatar.com\/avatar\/511f9e77a6a3d0cddd9074f69a722364bc7f787e73d4a0da1f727ba62704eda4?s=96&d=mm&r=g","url":"https:\/\/secure.gravatar.com\/avatar\/511f9e77a6a3d0cddd9074f69a722364bc7f787e73d4a0da1f727ba62704eda4?s=96&d=mm&r=g","contentUrl":"https:\/\/secure.gravatar.com\/avatar\/511f9e77a6a3d0cddd9074f69a722364bc7f787e73d4a0da1f727ba62704eda4?s=96&d=mm&r=g","caption":"Marketing Univates"},"sameAs":["http:\/\/univates.br"],"url":"https:\/\/www.univates.br\/blog\/author\/marketing\/"}]}},"_links":{"self":[{"href":"https:\/\/www.univates.br\/blog\/wp-json\/wp\/v2\/posts\/1117","targetHints":{"allow":["GET"]}}],"collection":[{"href":"https:\/\/www.univates.br\/blog\/wp-json\/wp\/v2\/posts"}],"about":[{"href":"https:\/\/www.univates.br\/blog\/wp-json\/wp\/v2\/types\/post"}],"author":[{"embeddable":true,"href":"https:\/\/www.univates.br\/blog\/wp-json\/wp\/v2\/users\/2"}],"replies":[{"embeddable":true,"href":"https:\/\/www.univates.br\/blog\/wp-json\/wp\/v2\/comments?post=1117"}],"version-history":[{"count":15,"href":"https:\/\/www.univates.br\/blog\/wp-json\/wp\/v2\/posts\/1117\/revisions"}],"predecessor-version":[{"id":4312,"href":"https:\/\/www.univates.br\/blog\/wp-json\/wp\/v2\/posts\/1117\/revisions\/4312"}],"wp:attachment":[{"href":"https:\/\/www.univates.br\/blog\/wp-json\/wp\/v2\/media?parent=1117"}],"wp:term":[{"taxonomy":"category","embeddable":true,"href":"https:\/\/www.univates.br\/blog\/wp-json\/wp\/v2\/categories?post=1117"}],"curies":[{"name":"wp","href":"https:\/\/api.w.org\/{rel}","templated":true}]}}