{"id":1120,"date":"2022-05-09T13:29:15","date_gmt":"2022-05-09T16:29:15","guid":{"rendered":"https:\/\/desenvolvimento.bravo.st\/univatesblog\/?p=1120"},"modified":"2024-01-18T13:43:45","modified_gmt":"2024-01-18T16:43:45","slug":"arquitetos-e-cavernas-voce-sabe-qual-a-relacao-entre-eles","status":"publish","type":"post","link":"https:\/\/www.univates.br\/blog\/arquitetos-e-cavernas-voce-sabe-qual-a-relacao-entre-eles\/","title":{"rendered":"Arquitetos e cavernas: voc\u00ea sabe qual a rela\u00e7\u00e3o entre eles?"},"content":{"rendered":"\n<p>Voc\u00ea j\u00e1 deve ter aprendido nas aulas de Hist\u00f3ria que o ser humano era n\u00f4made, ou seja, passava semanas em um lugar, do qual sa\u00eda quando acabava a comida. Com o passar dos anos, os homens aprenderam a plantar e cultivar seu pr\u00f3prio alimento. Isso foi revolucion\u00e1rio, porque, a partir daquele momento, n\u00e3o precisavam mais se mudar quando a comida acabasse.<\/p>\n\n\n\n<p>Mas o que isso tem a ver com&nbsp;<a href=\"https:\/\/www.univates.br\/graduacao\/arquitetura-e-urbanismo\">Arquitetura e Urbanismo<\/a>? \u00c9 simples: por n\u00e3o precisar mais fazer a mudan\u00e7a com frequ\u00eancia, o homem p\u00f4de definitivamente se&nbsp;<strong>abrigar<\/strong>&nbsp;em um&nbsp;<strong>lugar<\/strong>. Como uma&nbsp;<strong>caverna<\/strong>&nbsp;n\u00e3o era mais suficiente, passou a&nbsp;<strong>construir<\/strong>&nbsp;a sua pr\u00f3pria&nbsp;<strong>casa<\/strong>, sendo esses&nbsp;<strong>os prim\u00f3rdios da arquitetura e da constru\u00e7\u00e3o civil<\/strong>.<\/p>\n\n\n\n<p>Da&nbsp;<strong>representa\u00e7\u00e3o gr\u00e1fica<\/strong>&nbsp;\u00e0&nbsp;<strong>efetividade<\/strong>&nbsp;<strong>da<\/strong>&nbsp;<strong>obra<\/strong>, o&nbsp;<strong>arquiteto<\/strong>&nbsp;<strong>projeta<\/strong>&nbsp;<strong>e coordena a constru\u00e7\u00e3o<\/strong>,&nbsp;<strong>organizando casas<\/strong>,&nbsp;<strong>pr\u00e9dios<\/strong>,&nbsp;<strong>edifica\u00e7\u00f5es<\/strong>,&nbsp;<strong>espa\u00e7os internos e externos<\/strong>, de acordo com&nbsp;<strong>crit\u00e9rios<\/strong>&nbsp;<strong>de<\/strong>&nbsp;<strong>est\u00e9tica<\/strong>,&nbsp;<strong>conforto<\/strong>&nbsp;<strong>e funcionalidade<\/strong>. Ele faz a&nbsp;<strong>planta<\/strong>, obedecendo aos regulamentos legais e \u00e0s normas t\u00e9cnicas.<\/p>\n\n\n\n<figure class=\"wp-block-image size-full\"><img loading=\"lazy\" decoding=\"async\" width=\"729\" height=\"486\" src=\"https:\/\/desenvolvimento.bravo.st\/univatesblog\/wp-content\/uploads\/2022\/05\/1536152527.4377_300_300-1.jpg\" alt=\"\" class=\"wp-image-2133\" srcset=\"https:\/\/www.univates.br\/blog\/wp-content\/uploads\/2022\/05\/1536152527.4377_300_300-1.jpg 729w, https:\/\/www.univates.br\/blog\/wp-content\/uploads\/2022\/05\/1536152527.4377_300_300-1-600x400.jpg 600w, https:\/\/www.univates.br\/blog\/wp-content\/uploads\/2022\/05\/1536152527.4377_300_300-1-150x100.jpg 150w\" sizes=\"auto, (max-width: 729px) 100vw, 729px\" \/><figcaption>Foto: Nicole Mor\u00e1s<\/figcaption><\/figure>\n\n\n\n<h2 class=\"wp-block-heading\">Arquitetura e Urbanismo e Engenharia Civil: entenda a diferen\u00e7a<\/h2>\n\n\n\n<p>Os dois profissionais trabalham na constru\u00e7\u00e3o de casas, pr\u00e9dios, edif\u00edcios comerciais e obras p\u00fablicas. No entanto,&nbsp;<strong>atuam<\/strong>&nbsp;de&nbsp;<strong>forma diferente<\/strong>, pois o engenheiro est\u00e1 habilitado a lidar com quest\u00f5es t\u00e9cnicas, como os c\u00e1lculos estruturais ou o estudo de resist\u00eancia dos materiais. J\u00e1 o arquiteto tem uma forma\u00e7\u00e3o mais human\u00edstica que o capacita para apresentar solu\u00e7\u00f5es est\u00e9ticas e de funcionalidade dos espa\u00e7os.<\/p>\n\n\n\n<p>Tradicionalmente, enquanto o&nbsp;<strong>arquiteto<\/strong>&nbsp;<strong>faz&nbsp;o<\/strong>&nbsp;<strong>planejamento da utiliza\u00e7\u00e3o do espa\u00e7o e sua funcionalidade<\/strong>, o&nbsp;<strong>engenheiro<\/strong>&nbsp;<strong>implanta o projeto<\/strong>,&nbsp;<strong>executando as obras estruturais<\/strong>,&nbsp;<strong>el\u00e9tricas<\/strong>&nbsp;e&nbsp;<strong>hidr\u00e1ulicas<\/strong>.<\/p>\n\n\n\n<h2 class=\"wp-block-heading\">Profissionaliza\u00e7\u00e3o na Univates<\/h2>\n\n\n\n<figure class=\"wp-block-image size-full\"><img loading=\"lazy\" decoding=\"async\" width=\"728\" height=\"471\" src=\"https:\/\/desenvolvimento.bravo.st\/univatesblog\/wp-content\/uploads\/2022\/05\/1536152526.1577_300_300.jpg\" alt=\"\" class=\"wp-image-2134\" srcset=\"https:\/\/www.univates.br\/blog\/wp-content\/uploads\/2022\/05\/1536152526.1577_300_300.jpg 728w, https:\/\/www.univates.br\/blog\/wp-content\/uploads\/2022\/05\/1536152526.1577_300_300-600x388.jpg 600w, https:\/\/www.univates.br\/blog\/wp-content\/uploads\/2022\/05\/1536152526.1577_300_300-150x97.jpg 150w\" sizes=\"auto, (max-width: 728px) 100vw, 728px\" \/><figcaption>Foto: Nicole Mor\u00e1s<\/figcaption><\/figure>\n\n\n\n<p><a rel=\"noreferrer noopener\" href=\"https:\/\/materiais.univates.br\/com-que-curso-eu-vou-modalidade\" target=\"_blank\"><\/a>Com metodologia de aprendizagem em formato de&nbsp;<strong><em>Ateliers<\/em>&nbsp;Integrados<\/strong>, o&nbsp;<strong>curso de Arquitetura e Urbanismo<\/strong>&nbsp;da&nbsp;<strong>Univates<\/strong>&nbsp;contempla a cada semestre temas diversos vinculados \u00e0 pr\u00e1tica do profissional. \u201cEsse alinhamento nos&nbsp;<em><strong>Ateliers<\/strong><\/em>, integrando conte\u00fados e planejamento docente,&nbsp;<strong>potencializa a forma\u00e7\u00e3o das habilidades e compet\u00eancias do futuro profissional<\/strong>, pois, ao desenvolver o&nbsp;<strong>projeto integrado<\/strong>, o estudante passa a pensar em mais vari\u00e1veis que incidem nas decis\u00f5es projetuais\u201d, explica a professora Jamile Maria da Silva Weizenmann. Al\u00e9m disso, o coordenador do curso, Cristiano Zluhan Pereira, destaca a&nbsp;<strong>aproxima\u00e7\u00e3o<\/strong>&nbsp;<strong>dos conte\u00fados passados em aula com<\/strong>&nbsp;<strong>demandas reais da sociedade<\/strong>. \u201cExemplo disso ocorre na disciplina<strong>&nbsp;<em>Atelier<\/em>&nbsp;de Projeto<\/strong>, na qual, a partir de demandas dos munic\u00edpios da regi\u00e3o, s\u00e3o elaboradas ideias e conceitos que ajudam no desenvolvimento das cidades\u201d, conta.<\/p>\n\n\n\n<div class=\"bloco-gutenberg\">\n\n    <a href=\"https:\/\/materiais.univates.br\/com-que-curso-eu-vou-modalidade\" target=\"_blank\" class=\"guten-material\" style=\"background-color: #6b00e8; \">\n                    <img decoding=\"async\" src=\"https:\/\/www.univates.br\/blog\/wp-content\/uploads\/2022\/05\/Design-sem-nome-3.png\" loading=\"lazy\">\n                <div class=\"texto\">\n                            <span>Descubra seu perfil profissional e qual curso \u00e9 perfeito pra voc\u00ea<\/span>\n                            <strong>Baixar e-book<\/strong>\n                    <\/div>\n    <\/a>\n    <\/div>\n\n\n<h2 class=\"wp-block-heading\">Experi\u00eancia no exterior<\/h2>\n\n\n\n<p>Os acad\u00eamicos de&nbsp;<strong>Arquitetura e Urbanismo<\/strong>&nbsp;da&nbsp;<strong>Univates<\/strong>&nbsp;tamb\u00e9m realizam visitas peri\u00f3dicas que permitem a observa\u00e7\u00e3o e aprimora\u00e7\u00e3o do olhar perante a sua \u00e1rea profissional. Dentre os destinos destacam-se viagens internacionais e, em \u00e2mbito nacional, S\u00e3o Paulo, Rio de Janeiro, Bras\u00edlia, Minas Gerais, Santa Catarina, al\u00e9m de diferentes destinos do Rio Grande do Sul.<a href=\"https:\/\/www.univates.br\/blog\/\/post\/23718-arquitetos-e-cavernas-voce-sabe-qual-a-relacao-entre-eles#popup\"><\/a><\/p>\n","protected":false},"excerpt":{"rendered":"<p>Voc\u00ea j\u00e1 deve ter aprendido nas aulas de Hist\u00f3ria que o ser humano era n\u00f4made, ou seja, passava semanas em um lugar, do qual sa\u00eda quando acabava a comida. Com o passar dos anos, os homens aprenderam a plantar e\u2026<\/p>\n","protected":false},"author":2,"featured_media":0,"comment_status":"open","ping_status":"open","sticky":false,"template":"","format":"standard","meta":{"_acf_changed":false,"footnotes":""},"categories":[33,23],"class_list":["post-1120","post","type-post","status-publish","format-standard","hentry","category-carreira","category-estudos","autor-agatha-strapasson","curso-arquitetura","area-arquitetura-e-engenharias"],"acf":[],"yoast_head":"<!-- This site is optimized with the Yoast SEO plugin v27.3 - https:\/\/yoast.com\/product\/yoast-seo-wordpress\/ -->\n<title>Arquitetos e cavernas: voc\u00ea sabe qual a rela\u00e7\u00e3o entre eles? - Univates Blog<\/title>\n<meta name=\"robots\" content=\"index, follow, max-snippet:-1, max-image-preview:large, max-video-preview:-1\" \/>\n<link rel=\"canonical\" href=\"https:\/\/www.univates.br\/blog\/arquitetos-e-cavernas-voce-sabe-qual-a-relacao-entre-eles\/\" \/>\n<meta property=\"og:locale\" content=\"pt_BR\" \/>\n<meta property=\"og:type\" content=\"article\" \/>\n<meta property=\"og:title\" content=\"Arquitetos e cavernas: voc\u00ea sabe qual a rela\u00e7\u00e3o entre eles? - Univates Blog\" \/>\n<meta property=\"og:description\" content=\"Voc\u00ea j\u00e1 deve ter aprendido nas aulas de Hist\u00f3ria que o ser humano era n\u00f4made, ou seja, passava semanas em um lugar, do qual sa\u00eda quando acabava a comida. Com o passar dos anos, os homens aprenderam a plantar e\u2026\" \/>\n<meta property=\"og:url\" content=\"https:\/\/www.univates.br\/blog\/arquitetos-e-cavernas-voce-sabe-qual-a-relacao-entre-eles\/\" \/>\n<meta property=\"og:site_name\" content=\"Univates Blog\" \/>\n<meta property=\"article:published_time\" content=\"2022-05-09T16:29:15+00:00\" \/>\n<meta property=\"article:modified_time\" content=\"2024-01-18T16:43:45+00:00\" \/>\n<meta property=\"og:image\" content=\"https:\/\/desenvolvimento.bravo.st\/univatesblog\/wp-content\/uploads\/2022\/05\/1536152527.4377_300_300-1.jpg\" \/>\n<meta name=\"author\" content=\"Marketing Univates\" \/>\n<meta name=\"twitter:card\" content=\"summary_large_image\" \/>\n<meta name=\"twitter:label1\" content=\"Escrito por\" \/>\n\t<meta name=\"twitter:data1\" content=\"Marketing Univates\" \/>\n\t<meta name=\"twitter:label2\" content=\"Est. tempo de leitura\" \/>\n\t<meta name=\"twitter:data2\" content=\"3 minutos\" \/>\n<script type=\"application\/ld+json\" class=\"yoast-schema-graph\">{\"@context\":\"https:\\\/\\\/schema.org\",\"@graph\":[{\"@type\":\"Article\",\"@id\":\"https:\\\/\\\/www.univates.br\\\/blog\\\/arquitetos-e-cavernas-voce-sabe-qual-a-relacao-entre-eles\\\/#article\",\"isPartOf\":{\"@id\":\"https:\\\/\\\/www.univates.br\\\/blog\\\/arquitetos-e-cavernas-voce-sabe-qual-a-relacao-entre-eles\\\/\"},\"author\":{\"name\":\"Marketing Univates\",\"@id\":\"https:\\\/\\\/www.univates.br\\\/blog\\\/#\\\/schema\\\/person\\\/15c63917440cc5e70160c247b309af2f\"},\"headline\":\"Arquitetos e cavernas: voc\u00ea sabe qual a rela\u00e7\u00e3o entre eles?\",\"datePublished\":\"2022-05-09T16:29:15+00:00\",\"dateModified\":\"2024-01-18T16:43:45+00:00\",\"mainEntityOfPage\":{\"@id\":\"https:\\\/\\\/www.univates.br\\\/blog\\\/arquitetos-e-cavernas-voce-sabe-qual-a-relacao-entre-eles\\\/\"},\"wordCount\":579,\"commentCount\":0,\"image\":{\"@id\":\"https:\\\/\\\/www.univates.br\\\/blog\\\/arquitetos-e-cavernas-voce-sabe-qual-a-relacao-entre-eles\\\/#primaryimage\"},\"thumbnailUrl\":\"https:\\\/\\\/desenvolvimento.bravo.st\\\/univatesblog\\\/wp-content\\\/uploads\\\/2022\\\/05\\\/1536152527.4377_300_300-1.jpg\",\"articleSection\":[\"Carreira\",\"Estudos\"],\"inLanguage\":\"pt-BR\",\"potentialAction\":[{\"@type\":\"CommentAction\",\"name\":\"Comment\",\"target\":[\"https:\\\/\\\/www.univates.br\\\/blog\\\/arquitetos-e-cavernas-voce-sabe-qual-a-relacao-entre-eles\\\/#respond\"]}]},{\"@type\":\"WebPage\",\"@id\":\"https:\\\/\\\/www.univates.br\\\/blog\\\/arquitetos-e-cavernas-voce-sabe-qual-a-relacao-entre-eles\\\/\",\"url\":\"https:\\\/\\\/www.univates.br\\\/blog\\\/arquitetos-e-cavernas-voce-sabe-qual-a-relacao-entre-eles\\\/\",\"name\":\"Arquitetos e cavernas: voc\u00ea sabe qual a rela\u00e7\u00e3o entre eles? - Univates Blog\",\"isPartOf\":{\"@id\":\"https:\\\/\\\/www.univates.br\\\/blog\\\/#website\"},\"primaryImageOfPage\":{\"@id\":\"https:\\\/\\\/www.univates.br\\\/blog\\\/arquitetos-e-cavernas-voce-sabe-qual-a-relacao-entre-eles\\\/#primaryimage\"},\"image\":{\"@id\":\"https:\\\/\\\/www.univates.br\\\/blog\\\/arquitetos-e-cavernas-voce-sabe-qual-a-relacao-entre-eles\\\/#primaryimage\"},\"thumbnailUrl\":\"https:\\\/\\\/desenvolvimento.bravo.st\\\/univatesblog\\\/wp-content\\\/uploads\\\/2022\\\/05\\\/1536152527.4377_300_300-1.jpg\",\"datePublished\":\"2022-05-09T16:29:15+00:00\",\"dateModified\":\"2024-01-18T16:43:45+00:00\",\"author\":{\"@id\":\"https:\\\/\\\/www.univates.br\\\/blog\\\/#\\\/schema\\\/person\\\/15c63917440cc5e70160c247b309af2f\"},\"breadcrumb\":{\"@id\":\"https:\\\/\\\/www.univates.br\\\/blog\\\/arquitetos-e-cavernas-voce-sabe-qual-a-relacao-entre-eles\\\/#breadcrumb\"},\"inLanguage\":\"pt-BR\",\"potentialAction\":[{\"@type\":\"ReadAction\",\"target\":[\"https:\\\/\\\/www.univates.br\\\/blog\\\/arquitetos-e-cavernas-voce-sabe-qual-a-relacao-entre-eles\\\/\"]}]},{\"@type\":\"ImageObject\",\"inLanguage\":\"pt-BR\",\"@id\":\"https:\\\/\\\/www.univates.br\\\/blog\\\/arquitetos-e-cavernas-voce-sabe-qual-a-relacao-entre-eles\\\/#primaryimage\",\"url\":\"https:\\\/\\\/desenvolvimento.bravo.st\\\/univatesblog\\\/wp-content\\\/uploads\\\/2022\\\/05\\\/1536152527.4377_300_300-1.jpg\",\"contentUrl\":\"https:\\\/\\\/desenvolvimento.bravo.st\\\/univatesblog\\\/wp-content\\\/uploads\\\/2022\\\/05\\\/1536152527.4377_300_300-1.jpg\"},{\"@type\":\"BreadcrumbList\",\"@id\":\"https:\\\/\\\/www.univates.br\\\/blog\\\/arquitetos-e-cavernas-voce-sabe-qual-a-relacao-entre-eles\\\/#breadcrumb\",\"itemListElement\":[{\"@type\":\"ListItem\",\"position\":1,\"name\":\"Home\",\"item\":\"https:\\\/\\\/www.univates.br\\\/blog\\\/\"},{\"@type\":\"ListItem\",\"position\":2,\"name\":\"Arquitetos e cavernas: voc\u00ea sabe qual a rela\u00e7\u00e3o entre eles?\"}]},{\"@type\":\"WebSite\",\"@id\":\"https:\\\/\\\/www.univates.br\\\/blog\\\/#website\",\"url\":\"https:\\\/\\\/www.univates.br\\\/blog\\\/\",\"name\":\"Univates Blog\",\"description\":\"\",\"potentialAction\":[{\"@type\":\"SearchAction\",\"target\":{\"@type\":\"EntryPoint\",\"urlTemplate\":\"https:\\\/\\\/www.univates.br\\\/blog\\\/?s={search_term_string}\"},\"query-input\":{\"@type\":\"PropertyValueSpecification\",\"valueRequired\":true,\"valueName\":\"search_term_string\"}}],\"inLanguage\":\"pt-BR\"},{\"@type\":\"Person\",\"@id\":\"https:\\\/\\\/www.univates.br\\\/blog\\\/#\\\/schema\\\/person\\\/15c63917440cc5e70160c247b309af2f\",\"name\":\"Marketing Univates\",\"image\":{\"@type\":\"ImageObject\",\"inLanguage\":\"pt-BR\",\"@id\":\"https:\\\/\\\/secure.gravatar.com\\\/avatar\\\/511f9e77a6a3d0cddd9074f69a722364bc7f787e73d4a0da1f727ba62704eda4?s=96&d=mm&r=g\",\"url\":\"https:\\\/\\\/secure.gravatar.com\\\/avatar\\\/511f9e77a6a3d0cddd9074f69a722364bc7f787e73d4a0da1f727ba62704eda4?s=96&d=mm&r=g\",\"contentUrl\":\"https:\\\/\\\/secure.gravatar.com\\\/avatar\\\/511f9e77a6a3d0cddd9074f69a722364bc7f787e73d4a0da1f727ba62704eda4?s=96&d=mm&r=g\",\"caption\":\"Marketing Univates\"},\"sameAs\":[\"http:\\\/\\\/univates.br\"],\"url\":\"https:\\\/\\\/www.univates.br\\\/blog\\\/author\\\/marketing\\\/\"}]}<\/script>\n<!-- \/ Yoast SEO plugin. -->","yoast_head_json":{"title":"Arquitetos e cavernas: voc\u00ea sabe qual a rela\u00e7\u00e3o entre eles? - Univates Blog","robots":{"index":"index","follow":"follow","max-snippet":"max-snippet:-1","max-image-preview":"max-image-preview:large","max-video-preview":"max-video-preview:-1"},"canonical":"https:\/\/www.univates.br\/blog\/arquitetos-e-cavernas-voce-sabe-qual-a-relacao-entre-eles\/","og_locale":"pt_BR","og_type":"article","og_title":"Arquitetos e cavernas: voc\u00ea sabe qual a rela\u00e7\u00e3o entre eles? - Univates Blog","og_description":"Voc\u00ea j\u00e1 deve ter aprendido nas aulas de Hist\u00f3ria que o ser humano era n\u00f4made, ou seja, passava semanas em um lugar, do qual sa\u00eda quando acabava a comida. Com o passar dos anos, os homens aprenderam a plantar e\u2026","og_url":"https:\/\/www.univates.br\/blog\/arquitetos-e-cavernas-voce-sabe-qual-a-relacao-entre-eles\/","og_site_name":"Univates Blog","article_published_time":"2022-05-09T16:29:15+00:00","article_modified_time":"2024-01-18T16:43:45+00:00","og_image":[{"url":"https:\/\/desenvolvimento.bravo.st\/univatesblog\/wp-content\/uploads\/2022\/05\/1536152527.4377_300_300-1.jpg","type":"","width":"","height":""}],"author":"Marketing Univates","twitter_card":"summary_large_image","twitter_misc":{"Escrito por":"Marketing Univates","Est. tempo de leitura":"3 minutos"},"schema":{"@context":"https:\/\/schema.org","@graph":[{"@type":"Article","@id":"https:\/\/www.univates.br\/blog\/arquitetos-e-cavernas-voce-sabe-qual-a-relacao-entre-eles\/#article","isPartOf":{"@id":"https:\/\/www.univates.br\/blog\/arquitetos-e-cavernas-voce-sabe-qual-a-relacao-entre-eles\/"},"author":{"name":"Marketing Univates","@id":"https:\/\/www.univates.br\/blog\/#\/schema\/person\/15c63917440cc5e70160c247b309af2f"},"headline":"Arquitetos e cavernas: voc\u00ea sabe qual a rela\u00e7\u00e3o entre eles?","datePublished":"2022-05-09T16:29:15+00:00","dateModified":"2024-01-18T16:43:45+00:00","mainEntityOfPage":{"@id":"https:\/\/www.univates.br\/blog\/arquitetos-e-cavernas-voce-sabe-qual-a-relacao-entre-eles\/"},"wordCount":579,"commentCount":0,"image":{"@id":"https:\/\/www.univates.br\/blog\/arquitetos-e-cavernas-voce-sabe-qual-a-relacao-entre-eles\/#primaryimage"},"thumbnailUrl":"https:\/\/desenvolvimento.bravo.st\/univatesblog\/wp-content\/uploads\/2022\/05\/1536152527.4377_300_300-1.jpg","articleSection":["Carreira","Estudos"],"inLanguage":"pt-BR","potentialAction":[{"@type":"CommentAction","name":"Comment","target":["https:\/\/www.univates.br\/blog\/arquitetos-e-cavernas-voce-sabe-qual-a-relacao-entre-eles\/#respond"]}]},{"@type":"WebPage","@id":"https:\/\/www.univates.br\/blog\/arquitetos-e-cavernas-voce-sabe-qual-a-relacao-entre-eles\/","url":"https:\/\/www.univates.br\/blog\/arquitetos-e-cavernas-voce-sabe-qual-a-relacao-entre-eles\/","name":"Arquitetos e cavernas: voc\u00ea sabe qual a rela\u00e7\u00e3o entre eles? - Univates Blog","isPartOf":{"@id":"https:\/\/www.univates.br\/blog\/#website"},"primaryImageOfPage":{"@id":"https:\/\/www.univates.br\/blog\/arquitetos-e-cavernas-voce-sabe-qual-a-relacao-entre-eles\/#primaryimage"},"image":{"@id":"https:\/\/www.univates.br\/blog\/arquitetos-e-cavernas-voce-sabe-qual-a-relacao-entre-eles\/#primaryimage"},"thumbnailUrl":"https:\/\/desenvolvimento.bravo.st\/univatesblog\/wp-content\/uploads\/2022\/05\/1536152527.4377_300_300-1.jpg","datePublished":"2022-05-09T16:29:15+00:00","dateModified":"2024-01-18T16:43:45+00:00","author":{"@id":"https:\/\/www.univates.br\/blog\/#\/schema\/person\/15c63917440cc5e70160c247b309af2f"},"breadcrumb":{"@id":"https:\/\/www.univates.br\/blog\/arquitetos-e-cavernas-voce-sabe-qual-a-relacao-entre-eles\/#breadcrumb"},"inLanguage":"pt-BR","potentialAction":[{"@type":"ReadAction","target":["https:\/\/www.univates.br\/blog\/arquitetos-e-cavernas-voce-sabe-qual-a-relacao-entre-eles\/"]}]},{"@type":"ImageObject","inLanguage":"pt-BR","@id":"https:\/\/www.univates.br\/blog\/arquitetos-e-cavernas-voce-sabe-qual-a-relacao-entre-eles\/#primaryimage","url":"https:\/\/desenvolvimento.bravo.st\/univatesblog\/wp-content\/uploads\/2022\/05\/1536152527.4377_300_300-1.jpg","contentUrl":"https:\/\/desenvolvimento.bravo.st\/univatesblog\/wp-content\/uploads\/2022\/05\/1536152527.4377_300_300-1.jpg"},{"@type":"BreadcrumbList","@id":"https:\/\/www.univates.br\/blog\/arquitetos-e-cavernas-voce-sabe-qual-a-relacao-entre-eles\/#breadcrumb","itemListElement":[{"@type":"ListItem","position":1,"name":"Home","item":"https:\/\/www.univates.br\/blog\/"},{"@type":"ListItem","position":2,"name":"Arquitetos e cavernas: voc\u00ea sabe qual a rela\u00e7\u00e3o entre eles?"}]},{"@type":"WebSite","@id":"https:\/\/www.univates.br\/blog\/#website","url":"https:\/\/www.univates.br\/blog\/","name":"Univates Blog","description":"","potentialAction":[{"@type":"SearchAction","target":{"@type":"EntryPoint","urlTemplate":"https:\/\/www.univates.br\/blog\/?s={search_term_string}"},"query-input":{"@type":"PropertyValueSpecification","valueRequired":true,"valueName":"search_term_string"}}],"inLanguage":"pt-BR"},{"@type":"Person","@id":"https:\/\/www.univates.br\/blog\/#\/schema\/person\/15c63917440cc5e70160c247b309af2f","name":"Marketing Univates","image":{"@type":"ImageObject","inLanguage":"pt-BR","@id":"https:\/\/secure.gravatar.com\/avatar\/511f9e77a6a3d0cddd9074f69a722364bc7f787e73d4a0da1f727ba62704eda4?s=96&d=mm&r=g","url":"https:\/\/secure.gravatar.com\/avatar\/511f9e77a6a3d0cddd9074f69a722364bc7f787e73d4a0da1f727ba62704eda4?s=96&d=mm&r=g","contentUrl":"https:\/\/secure.gravatar.com\/avatar\/511f9e77a6a3d0cddd9074f69a722364bc7f787e73d4a0da1f727ba62704eda4?s=96&d=mm&r=g","caption":"Marketing Univates"},"sameAs":["http:\/\/univates.br"],"url":"https:\/\/www.univates.br\/blog\/author\/marketing\/"}]}},"_links":{"self":[{"href":"https:\/\/www.univates.br\/blog\/wp-json\/wp\/v2\/posts\/1120","targetHints":{"allow":["GET"]}}],"collection":[{"href":"https:\/\/www.univates.br\/blog\/wp-json\/wp\/v2\/posts"}],"about":[{"href":"https:\/\/www.univates.br\/blog\/wp-json\/wp\/v2\/types\/post"}],"author":[{"embeddable":true,"href":"https:\/\/www.univates.br\/blog\/wp-json\/wp\/v2\/users\/2"}],"replies":[{"embeddable":true,"href":"https:\/\/www.univates.br\/blog\/wp-json\/wp\/v2\/comments?post=1120"}],"version-history":[{"count":10,"href":"https:\/\/www.univates.br\/blog\/wp-json\/wp\/v2\/posts\/1120\/revisions"}],"predecessor-version":[{"id":4303,"href":"https:\/\/www.univates.br\/blog\/wp-json\/wp\/v2\/posts\/1120\/revisions\/4303"}],"wp:attachment":[{"href":"https:\/\/www.univates.br\/blog\/wp-json\/wp\/v2\/media?parent=1120"}],"wp:term":[{"taxonomy":"category","embeddable":true,"href":"https:\/\/www.univates.br\/blog\/wp-json\/wp\/v2\/categories?post=1120"}],"curies":[{"name":"wp","href":"https:\/\/api.w.org\/{rel}","templated":true}]}}