{"id":1123,"date":"2022-05-09T13:30:57","date_gmt":"2022-05-09T16:30:57","guid":{"rendered":"https:\/\/desenvolvimento.bravo.st\/univatesblog\/?p=1123"},"modified":"2023-12-20T13:52:17","modified_gmt":"2023-12-20T16:52:17","slug":"design-um-presente-inclusivo","status":"publish","type":"post","link":"https:\/\/www.univates.br\/blog\/design-um-presente-inclusivo\/","title":{"rendered":"Design: um presente inclusivo"},"content":{"rendered":"\n<p>Tra\u00e7ar e mostrar uma dire\u00e7\u00e3o s\u00e3o as principais&nbsp;<strong>caracter\u00edsticas de um&nbsp;<em>designer<\/em><\/strong>. &nbsp;Al\u00e9m de se preocupar com a&nbsp;<strong>est\u00e9tica<\/strong>&nbsp;de um&nbsp;<strong>produto<\/strong>, o profissional busca a sua&nbsp;<strong>funcionalidade<\/strong>, ou seja, cria e desenvolve projetos de comunica\u00e7\u00e3o que passem uma&nbsp;<strong>mensagem<\/strong>&nbsp;<strong>significativa<\/strong>&nbsp;ao receptor.<\/p>\n\n\n\n<p>A\u00a0<strong>inclus\u00e3o<\/strong>\u00a0est\u00e1 presente em todos os lugares. Entendendo isso sabe-se que um\u00a0<em><strong>design<\/strong><\/em>\u00a0<strong>bem pensado<\/strong>\u00a0iguala-se a um projeto que possa ser adaptado e utilizado por todas as pessoas, incluindo deficientes f\u00edsicos que possuem dificuldades de locomo\u00e7\u00e3o. As entidades sociais com fins beneficentes tamb\u00e9m sofrem car\u00eancia na \u00e1rea da comunica\u00e7\u00e3o e divulga\u00e7\u00e3o de suas ideias, e muitas vezes acabam perdendo for\u00e7a e ficando ocultas diante da sociedade.<\/p>\n\n\n\n<figure class=\"wp-block-image size-full\"><img loading=\"lazy\" decoding=\"async\" width=\"729\" height=\"486\" src=\"https:\/\/desenvolvimento.bravo.st\/univatesblog\/wp-content\/uploads\/2022\/05\/1536072156.5309-1.jpg\" alt=\"\" class=\"wp-image-2137\" srcset=\"https:\/\/www.univates.br\/blog\/wp-content\/uploads\/2022\/05\/1536072156.5309-1.jpg 729w, https:\/\/www.univates.br\/blog\/wp-content\/uploads\/2022\/05\/1536072156.5309-1-600x400.jpg 600w, https:\/\/www.univates.br\/blog\/wp-content\/uploads\/2022\/05\/1536072156.5309-1-150x100.jpg 150w\" sizes=\"auto, (max-width: 729px) 100vw, 729px\" \/><figcaption>Foto: Ana Am\u00e9lia Ritt<\/figcaption><\/figure>\n\n\n\n<p>Pensando justamente nessa&nbsp;<strong>inclus\u00e3o<\/strong>, n\u00e3o s\u00f3 de deficientes, mas tamb\u00e9m de entidades, o&nbsp;<strong>curso de&nbsp;<\/strong><a href=\"https:\/\/www.univates.br\/graduacao\/design\">Design<\/a>&nbsp;da&nbsp;<strong>Univates<\/strong>&nbsp;busca unir a&nbsp;<strong>vida acad\u00eamica<\/strong>&nbsp;a uma&nbsp;<strong>realidade de mercado<\/strong>. Sendo assim, a institui\u00e7\u00e3o instiga os alunos a efetuarem essas pr\u00e1ticas, como a realiza\u00e7\u00e3o de um&nbsp;<strong>projeto<\/strong>&nbsp;voltado a uma&nbsp;<a href=\"https:\/\/www.univates.br\/noticia\/23257-entidade-que-representa-a-cultura-negra-de-venancio-aires-recebe-nova-identidade-visual-feita-por-alunos-do-curso-de-design\">entidade de cultura negra de Ven\u00e2ncio Aires<\/a>, \u00e0 qual foi apresentada uma nova identidade visual para o grupo \u201cNeg\u00f3\u201d.&nbsp;O&nbsp;<strong>projeto<\/strong>&nbsp;foi desenvolvido a partir de pesquisas sobre a cultura africana em suas formas geom\u00e9tricas e suas grafias, de modo a representar a hist\u00f3ria da entidade.<\/p>\n\n\n\n<p>Al\u00e9m deste, outros trabalhos j\u00e1 se destacam no&nbsp;<strong>curso<\/strong>, como a publica\u00e7\u00e3o internacional de um&nbsp;<strong>projeto<\/strong>&nbsp;de cria\u00e7\u00e3o de&nbsp;<a href=\"https:\/\/www.univates.br\/noticia\/23111-projeto-de-estudantes-de-design-esta-em-publicacao-internacional\">arm\u00e1rio adaptado para cadeirantes<\/a>. A ideia surgiu a partir de uma pesquisa te\u00f3rica e uma imers\u00e3o com o p\u00fablico-alvo, que destacou essa dificuldade.&nbsp;A partir da\u00ed os alunos buscaram solucionar o problema projetando um arm\u00e1rio com 1,30 m de altura e 65 cm de largura. O&nbsp;<strong>projeto<\/strong>&nbsp;foi selecionado para o evento&nbsp;<a href=\"http:\/\/d4hmelbourne.com\/\">Design 4 Health<\/a>, que acontece anualmente na Austr\u00e1lia.<\/p>\n","protected":false},"excerpt":{"rendered":"<p>Tra\u00e7ar e mostrar uma dire\u00e7\u00e3o s\u00e3o as principais&nbsp;caracter\u00edsticas de um&nbsp;designer. &nbsp;Al\u00e9m de se preocupar com a&nbsp;est\u00e9tica&nbsp;de um&nbsp;produto, o profissional busca a sua&nbsp;funcionalidade, ou seja, cria e desenvolve projetos de comunica\u00e7\u00e3o que passem uma&nbsp;mensagem&nbsp;significativa&nbsp;ao receptor. A\u00a0inclus\u00e3o\u00a0est\u00e1 presente em todos os lugares.\u2026<\/p>\n","protected":false},"author":2,"featured_media":0,"comment_status":"open","ping_status":"open","sticky":false,"template":"","format":"standard","meta":{"_acf_changed":false,"footnotes":""},"categories":[64,7],"class_list":["post-1123","post","type-post","status-publish","format-standard","hentry","category-comunicacao-e-economia-criativa","category-univates","autor-agatha-strapasson","curso-design","area-comunicacao-e-economia-criativa"],"acf":[],"yoast_head":"<!-- This site is optimized with the Yoast SEO plugin v27.3 - https:\/\/yoast.com\/product\/yoast-seo-wordpress\/ -->\n<title>Design: um presente inclusivo - Univates Blog<\/title>\n<meta name=\"robots\" content=\"index, follow, max-snippet:-1, max-image-preview:large, max-video-preview:-1\" \/>\n<link rel=\"canonical\" href=\"https:\/\/www.univates.br\/blog\/design-um-presente-inclusivo\/\" \/>\n<meta property=\"og:locale\" content=\"pt_BR\" \/>\n<meta property=\"og:type\" content=\"article\" \/>\n<meta property=\"og:title\" content=\"Design: um presente inclusivo - Univates Blog\" \/>\n<meta property=\"og:description\" content=\"Tra\u00e7ar e mostrar uma dire\u00e7\u00e3o s\u00e3o as principais&nbsp;caracter\u00edsticas de um&nbsp;designer. &nbsp;Al\u00e9m de se preocupar com a&nbsp;est\u00e9tica&nbsp;de um&nbsp;produto, o profissional busca a sua&nbsp;funcionalidade, ou seja, cria e desenvolve projetos de comunica\u00e7\u00e3o que passem uma&nbsp;mensagem&nbsp;significativa&nbsp;ao receptor. A\u00a0inclus\u00e3o\u00a0est\u00e1 presente em todos os lugares.\u2026\" \/>\n<meta property=\"og:url\" content=\"https:\/\/www.univates.br\/blog\/design-um-presente-inclusivo\/\" \/>\n<meta property=\"og:site_name\" content=\"Univates Blog\" \/>\n<meta property=\"article:published_time\" content=\"2022-05-09T16:30:57+00:00\" \/>\n<meta property=\"article:modified_time\" content=\"2023-12-20T16:52:17+00:00\" \/>\n<meta property=\"og:image\" content=\"https:\/\/desenvolvimento.bravo.st\/univatesblog\/wp-content\/uploads\/2022\/05\/1536072156.5309-1.jpg\" \/>\n<meta name=\"author\" content=\"Marketing Univates\" \/>\n<meta name=\"twitter:card\" content=\"summary_large_image\" \/>\n<meta name=\"twitter:label1\" content=\"Escrito por\" \/>\n\t<meta name=\"twitter:data1\" content=\"Marketing Univates\" \/>\n\t<meta name=\"twitter:label2\" content=\"Est. tempo de leitura\" \/>\n\t<meta name=\"twitter:data2\" content=\"2 minutos\" \/>\n<script type=\"application\/ld+json\" class=\"yoast-schema-graph\">{\"@context\":\"https:\\\/\\\/schema.org\",\"@graph\":[{\"@type\":\"Article\",\"@id\":\"https:\\\/\\\/www.univates.br\\\/blog\\\/design-um-presente-inclusivo\\\/#article\",\"isPartOf\":{\"@id\":\"https:\\\/\\\/www.univates.br\\\/blog\\\/design-um-presente-inclusivo\\\/\"},\"author\":{\"name\":\"Marketing Univates\",\"@id\":\"https:\\\/\\\/www.univates.br\\\/blog\\\/#\\\/schema\\\/person\\\/15c63917440cc5e70160c247b309af2f\"},\"headline\":\"Design: um presente inclusivo\",\"datePublished\":\"2022-05-09T16:30:57+00:00\",\"dateModified\":\"2023-12-20T16:52:17+00:00\",\"mainEntityOfPage\":{\"@id\":\"https:\\\/\\\/www.univates.br\\\/blog\\\/design-um-presente-inclusivo\\\/\"},\"wordCount\":356,\"commentCount\":0,\"image\":{\"@id\":\"https:\\\/\\\/www.univates.br\\\/blog\\\/design-um-presente-inclusivo\\\/#primaryimage\"},\"thumbnailUrl\":\"https:\\\/\\\/desenvolvimento.bravo.st\\\/univatesblog\\\/wp-content\\\/uploads\\\/2022\\\/05\\\/1536072156.5309-1.jpg\",\"articleSection\":[\"Comunica\u00e7\u00e3o e Economia Criativa\",\"Univates\"],\"inLanguage\":\"pt-BR\",\"potentialAction\":[{\"@type\":\"CommentAction\",\"name\":\"Comment\",\"target\":[\"https:\\\/\\\/www.univates.br\\\/blog\\\/design-um-presente-inclusivo\\\/#respond\"]}]},{\"@type\":\"WebPage\",\"@id\":\"https:\\\/\\\/www.univates.br\\\/blog\\\/design-um-presente-inclusivo\\\/\",\"url\":\"https:\\\/\\\/www.univates.br\\\/blog\\\/design-um-presente-inclusivo\\\/\",\"name\":\"Design: um presente inclusivo - Univates Blog\",\"isPartOf\":{\"@id\":\"https:\\\/\\\/www.univates.br\\\/blog\\\/#website\"},\"primaryImageOfPage\":{\"@id\":\"https:\\\/\\\/www.univates.br\\\/blog\\\/design-um-presente-inclusivo\\\/#primaryimage\"},\"image\":{\"@id\":\"https:\\\/\\\/www.univates.br\\\/blog\\\/design-um-presente-inclusivo\\\/#primaryimage\"},\"thumbnailUrl\":\"https:\\\/\\\/desenvolvimento.bravo.st\\\/univatesblog\\\/wp-content\\\/uploads\\\/2022\\\/05\\\/1536072156.5309-1.jpg\",\"datePublished\":\"2022-05-09T16:30:57+00:00\",\"dateModified\":\"2023-12-20T16:52:17+00:00\",\"author\":{\"@id\":\"https:\\\/\\\/www.univates.br\\\/blog\\\/#\\\/schema\\\/person\\\/15c63917440cc5e70160c247b309af2f\"},\"breadcrumb\":{\"@id\":\"https:\\\/\\\/www.univates.br\\\/blog\\\/design-um-presente-inclusivo\\\/#breadcrumb\"},\"inLanguage\":\"pt-BR\",\"potentialAction\":[{\"@type\":\"ReadAction\",\"target\":[\"https:\\\/\\\/www.univates.br\\\/blog\\\/design-um-presente-inclusivo\\\/\"]}]},{\"@type\":\"ImageObject\",\"inLanguage\":\"pt-BR\",\"@id\":\"https:\\\/\\\/www.univates.br\\\/blog\\\/design-um-presente-inclusivo\\\/#primaryimage\",\"url\":\"https:\\\/\\\/desenvolvimento.bravo.st\\\/univatesblog\\\/wp-content\\\/uploads\\\/2022\\\/05\\\/1536072156.5309-1.jpg\",\"contentUrl\":\"https:\\\/\\\/desenvolvimento.bravo.st\\\/univatesblog\\\/wp-content\\\/uploads\\\/2022\\\/05\\\/1536072156.5309-1.jpg\"},{\"@type\":\"BreadcrumbList\",\"@id\":\"https:\\\/\\\/www.univates.br\\\/blog\\\/design-um-presente-inclusivo\\\/#breadcrumb\",\"itemListElement\":[{\"@type\":\"ListItem\",\"position\":1,\"name\":\"Home\",\"item\":\"https:\\\/\\\/www.univates.br\\\/blog\\\/\"},{\"@type\":\"ListItem\",\"position\":2,\"name\":\"Design: um presente inclusivo\"}]},{\"@type\":\"WebSite\",\"@id\":\"https:\\\/\\\/www.univates.br\\\/blog\\\/#website\",\"url\":\"https:\\\/\\\/www.univates.br\\\/blog\\\/\",\"name\":\"Univates Blog\",\"description\":\"\",\"potentialAction\":[{\"@type\":\"SearchAction\",\"target\":{\"@type\":\"EntryPoint\",\"urlTemplate\":\"https:\\\/\\\/www.univates.br\\\/blog\\\/?s={search_term_string}\"},\"query-input\":{\"@type\":\"PropertyValueSpecification\",\"valueRequired\":true,\"valueName\":\"search_term_string\"}}],\"inLanguage\":\"pt-BR\"},{\"@type\":\"Person\",\"@id\":\"https:\\\/\\\/www.univates.br\\\/blog\\\/#\\\/schema\\\/person\\\/15c63917440cc5e70160c247b309af2f\",\"name\":\"Marketing Univates\",\"image\":{\"@type\":\"ImageObject\",\"inLanguage\":\"pt-BR\",\"@id\":\"https:\\\/\\\/secure.gravatar.com\\\/avatar\\\/511f9e77a6a3d0cddd9074f69a722364bc7f787e73d4a0da1f727ba62704eda4?s=96&d=mm&r=g\",\"url\":\"https:\\\/\\\/secure.gravatar.com\\\/avatar\\\/511f9e77a6a3d0cddd9074f69a722364bc7f787e73d4a0da1f727ba62704eda4?s=96&d=mm&r=g\",\"contentUrl\":\"https:\\\/\\\/secure.gravatar.com\\\/avatar\\\/511f9e77a6a3d0cddd9074f69a722364bc7f787e73d4a0da1f727ba62704eda4?s=96&d=mm&r=g\",\"caption\":\"Marketing Univates\"},\"sameAs\":[\"http:\\\/\\\/univates.br\"],\"url\":\"https:\\\/\\\/www.univates.br\\\/blog\\\/author\\\/marketing\\\/\"}]}<\/script>\n<!-- \/ Yoast SEO plugin. -->","yoast_head_json":{"title":"Design: um presente inclusivo - Univates Blog","robots":{"index":"index","follow":"follow","max-snippet":"max-snippet:-1","max-image-preview":"max-image-preview:large","max-video-preview":"max-video-preview:-1"},"canonical":"https:\/\/www.univates.br\/blog\/design-um-presente-inclusivo\/","og_locale":"pt_BR","og_type":"article","og_title":"Design: um presente inclusivo - Univates Blog","og_description":"Tra\u00e7ar e mostrar uma dire\u00e7\u00e3o s\u00e3o as principais&nbsp;caracter\u00edsticas de um&nbsp;designer. &nbsp;Al\u00e9m de se preocupar com a&nbsp;est\u00e9tica&nbsp;de um&nbsp;produto, o profissional busca a sua&nbsp;funcionalidade, ou seja, cria e desenvolve projetos de comunica\u00e7\u00e3o que passem uma&nbsp;mensagem&nbsp;significativa&nbsp;ao receptor. A\u00a0inclus\u00e3o\u00a0est\u00e1 presente em todos os lugares.\u2026","og_url":"https:\/\/www.univates.br\/blog\/design-um-presente-inclusivo\/","og_site_name":"Univates Blog","article_published_time":"2022-05-09T16:30:57+00:00","article_modified_time":"2023-12-20T16:52:17+00:00","og_image":[{"url":"https:\/\/desenvolvimento.bravo.st\/univatesblog\/wp-content\/uploads\/2022\/05\/1536072156.5309-1.jpg","type":"","width":"","height":""}],"author":"Marketing Univates","twitter_card":"summary_large_image","twitter_misc":{"Escrito por":"Marketing Univates","Est. tempo de leitura":"2 minutos"},"schema":{"@context":"https:\/\/schema.org","@graph":[{"@type":"Article","@id":"https:\/\/www.univates.br\/blog\/design-um-presente-inclusivo\/#article","isPartOf":{"@id":"https:\/\/www.univates.br\/blog\/design-um-presente-inclusivo\/"},"author":{"name":"Marketing Univates","@id":"https:\/\/www.univates.br\/blog\/#\/schema\/person\/15c63917440cc5e70160c247b309af2f"},"headline":"Design: um presente inclusivo","datePublished":"2022-05-09T16:30:57+00:00","dateModified":"2023-12-20T16:52:17+00:00","mainEntityOfPage":{"@id":"https:\/\/www.univates.br\/blog\/design-um-presente-inclusivo\/"},"wordCount":356,"commentCount":0,"image":{"@id":"https:\/\/www.univates.br\/blog\/design-um-presente-inclusivo\/#primaryimage"},"thumbnailUrl":"https:\/\/desenvolvimento.bravo.st\/univatesblog\/wp-content\/uploads\/2022\/05\/1536072156.5309-1.jpg","articleSection":["Comunica\u00e7\u00e3o e Economia Criativa","Univates"],"inLanguage":"pt-BR","potentialAction":[{"@type":"CommentAction","name":"Comment","target":["https:\/\/www.univates.br\/blog\/design-um-presente-inclusivo\/#respond"]}]},{"@type":"WebPage","@id":"https:\/\/www.univates.br\/blog\/design-um-presente-inclusivo\/","url":"https:\/\/www.univates.br\/blog\/design-um-presente-inclusivo\/","name":"Design: um presente inclusivo - Univates Blog","isPartOf":{"@id":"https:\/\/www.univates.br\/blog\/#website"},"primaryImageOfPage":{"@id":"https:\/\/www.univates.br\/blog\/design-um-presente-inclusivo\/#primaryimage"},"image":{"@id":"https:\/\/www.univates.br\/blog\/design-um-presente-inclusivo\/#primaryimage"},"thumbnailUrl":"https:\/\/desenvolvimento.bravo.st\/univatesblog\/wp-content\/uploads\/2022\/05\/1536072156.5309-1.jpg","datePublished":"2022-05-09T16:30:57+00:00","dateModified":"2023-12-20T16:52:17+00:00","author":{"@id":"https:\/\/www.univates.br\/blog\/#\/schema\/person\/15c63917440cc5e70160c247b309af2f"},"breadcrumb":{"@id":"https:\/\/www.univates.br\/blog\/design-um-presente-inclusivo\/#breadcrumb"},"inLanguage":"pt-BR","potentialAction":[{"@type":"ReadAction","target":["https:\/\/www.univates.br\/blog\/design-um-presente-inclusivo\/"]}]},{"@type":"ImageObject","inLanguage":"pt-BR","@id":"https:\/\/www.univates.br\/blog\/design-um-presente-inclusivo\/#primaryimage","url":"https:\/\/desenvolvimento.bravo.st\/univatesblog\/wp-content\/uploads\/2022\/05\/1536072156.5309-1.jpg","contentUrl":"https:\/\/desenvolvimento.bravo.st\/univatesblog\/wp-content\/uploads\/2022\/05\/1536072156.5309-1.jpg"},{"@type":"BreadcrumbList","@id":"https:\/\/www.univates.br\/blog\/design-um-presente-inclusivo\/#breadcrumb","itemListElement":[{"@type":"ListItem","position":1,"name":"Home","item":"https:\/\/www.univates.br\/blog\/"},{"@type":"ListItem","position":2,"name":"Design: um presente inclusivo"}]},{"@type":"WebSite","@id":"https:\/\/www.univates.br\/blog\/#website","url":"https:\/\/www.univates.br\/blog\/","name":"Univates Blog","description":"","potentialAction":[{"@type":"SearchAction","target":{"@type":"EntryPoint","urlTemplate":"https:\/\/www.univates.br\/blog\/?s={search_term_string}"},"query-input":{"@type":"PropertyValueSpecification","valueRequired":true,"valueName":"search_term_string"}}],"inLanguage":"pt-BR"},{"@type":"Person","@id":"https:\/\/www.univates.br\/blog\/#\/schema\/person\/15c63917440cc5e70160c247b309af2f","name":"Marketing Univates","image":{"@type":"ImageObject","inLanguage":"pt-BR","@id":"https:\/\/secure.gravatar.com\/avatar\/511f9e77a6a3d0cddd9074f69a722364bc7f787e73d4a0da1f727ba62704eda4?s=96&d=mm&r=g","url":"https:\/\/secure.gravatar.com\/avatar\/511f9e77a6a3d0cddd9074f69a722364bc7f787e73d4a0da1f727ba62704eda4?s=96&d=mm&r=g","contentUrl":"https:\/\/secure.gravatar.com\/avatar\/511f9e77a6a3d0cddd9074f69a722364bc7f787e73d4a0da1f727ba62704eda4?s=96&d=mm&r=g","caption":"Marketing Univates"},"sameAs":["http:\/\/univates.br"],"url":"https:\/\/www.univates.br\/blog\/author\/marketing\/"}]}},"_links":{"self":[{"href":"https:\/\/www.univates.br\/blog\/wp-json\/wp\/v2\/posts\/1123","targetHints":{"allow":["GET"]}}],"collection":[{"href":"https:\/\/www.univates.br\/blog\/wp-json\/wp\/v2\/posts"}],"about":[{"href":"https:\/\/www.univates.br\/blog\/wp-json\/wp\/v2\/types\/post"}],"author":[{"embeddable":true,"href":"https:\/\/www.univates.br\/blog\/wp-json\/wp\/v2\/users\/2"}],"replies":[{"embeddable":true,"href":"https:\/\/www.univates.br\/blog\/wp-json\/wp\/v2\/comments?post=1123"}],"version-history":[{"count":8,"href":"https:\/\/www.univates.br\/blog\/wp-json\/wp\/v2\/posts\/1123\/revisions"}],"predecessor-version":[{"id":4298,"href":"https:\/\/www.univates.br\/blog\/wp-json\/wp\/v2\/posts\/1123\/revisions\/4298"}],"wp:attachment":[{"href":"https:\/\/www.univates.br\/blog\/wp-json\/wp\/v2\/media?parent=1123"}],"wp:term":[{"taxonomy":"category","embeddable":true,"href":"https:\/\/www.univates.br\/blog\/wp-json\/wp\/v2\/categories?post=1123"}],"curies":[{"name":"wp","href":"https:\/\/api.w.org\/{rel}","templated":true}]}}