{"id":1126,"date":"2022-05-09T13:32:40","date_gmt":"2022-05-09T16:32:40","guid":{"rendered":"https:\/\/desenvolvimento.bravo.st\/univatesblog\/?p=1126"},"modified":"2023-12-20T20:46:12","modified_gmt":"2023-12-20T23:46:12","slug":"movimente-se-hoje-para-garantir-sua-saude-amanha","status":"publish","type":"post","link":"https:\/\/www.univates.br\/blog\/movimente-se-hoje-para-garantir-sua-saude-amanha\/","title":{"rendered":"Movimente-se hoje para garantir sua sa\u00fade amanh\u00e3"},"content":{"rendered":"\n<p>Voc\u00ea tem o&nbsp;<strong>h\u00e1bito<\/strong>&nbsp;de&nbsp;<strong>praticar atividade f\u00edsica<\/strong>? O&nbsp;<strong>sedentarismo<\/strong>&nbsp;no Pa\u00eds aumenta cada vez mais, trazendo s\u00e9rios riscos \u00e0&nbsp;<strong>sa\u00fade<\/strong>, j\u00e1 que a falta de&nbsp;<strong>atividades f\u00edsicas<\/strong>&nbsp;agrava o quadro de doen\u00e7as cr\u00f4nicas e cardiovasculares. Essas patologias est\u00e3o diretamente ligadas ao excesso de peso, \u00e0 falta de consumo de alimentos saud\u00e1veis como frutas e verduras e ao&nbsp;<strong>sedentarismo<\/strong>, sendo tamb\u00e9m uma das principais causas de morte no Brasil.<\/p>\n\n\n\n<h2 class=\"wp-block-heading\">Mas o que \u00e9 sedentarismo?<\/h2>\n\n\n\n<p>A falta ou a diminui\u00e7\u00e3o de&nbsp;<strong>atividade f\u00edsica regular<\/strong>&nbsp;s\u00e3o denominadas&nbsp;<strong>sedentarismo<\/strong>. \u00c9&nbsp;<strong>sedent\u00e1rio<\/strong>&nbsp;quem apenas realiza&nbsp;<strong>atividades<\/strong>&nbsp;que n\u00e3o aumentam consideravelmente o&nbsp;<strong>gasto energ\u00e9tico<\/strong>&nbsp;acima do n\u00edvel de repouso. Para n\u00e3o ser considerado&nbsp;<strong>sedent\u00e1rio<\/strong>, o indiv\u00edduo precisa realizar&nbsp;<strong>atividades&nbsp;f\u00edsicas<\/strong>&nbsp;de intensidade moderada pelo menos cinco vezes por semana durante 30 minutos ou&nbsp;<strong>exerc\u00edcios f\u00edsicos<\/strong>&nbsp;de intensidade vigorosa pelo menos tr\u00eas vezes por semana durante 20 minutos.<\/p>\n\n\n\n<p><strong>Atividade f\u00edsica<\/strong>&nbsp;pode ser definida como qualquer movimento corporal, produzido pelo m\u00fasculo esquel\u00e9tico, que resulte em um pequeno&nbsp;<strong>aumento cal\u00f3rico<\/strong>&nbsp;acima do repouso. J\u00e1 o&nbsp;<strong>exerc\u00edcio f\u00edsico<\/strong>&nbsp;consiste em movimentos corporais programados, estruturados e sistematicamente repetitivo.&nbsp;<\/p>\n\n\n\n<figure class=\"wp-block-image size-full\"><img loading=\"lazy\" decoding=\"async\" width=\"729\" height=\"486\" src=\"https:\/\/desenvolvimento.bravo.st\/univatesblog\/wp-content\/uploads\/2022\/05\/1566431370.1667.jpg\" alt=\"\" class=\"wp-image-2139\" srcset=\"https:\/\/www.univates.br\/blog\/wp-content\/uploads\/2022\/05\/1566431370.1667.jpg 729w, https:\/\/www.univates.br\/blog\/wp-content\/uploads\/2022\/05\/1566431370.1667-600x400.jpg 600w, https:\/\/www.univates.br\/blog\/wp-content\/uploads\/2022\/05\/1566431370.1667-150x100.jpg 150w\" sizes=\"auto, (max-width: 729px) 100vw, 729px\" \/><figcaption>Foto: Ana Am\u00e9lia Ritt<\/figcaption><\/figure>\n\n\n\n<h2 class=\"wp-block-heading\">Mudan\u00e7a de h\u00e1bitos<\/h2>\n\n\n\n<p>Uma&nbsp;<strong>vida sedent\u00e1ria<\/strong>&nbsp;pode provocar o processo de regress\u00e3o funcional, ocasionar a perda de flexibilidade articular, al\u00e9m de comprometer o funcionamento de v\u00e1rios \u00f3rg\u00e3os, levando tamb\u00e9m \u00e0 perda de fibras musculares.<\/p>\n\n\n\n<p>Para que os&nbsp;<strong>h\u00e1bitos sedent\u00e1rios<\/strong>&nbsp;sejam deixados de lado, as pessoas devem ter consci\u00eancia de que a&nbsp;<strong>atividade f\u00edsica<\/strong>&nbsp;precisa ser introduzida na rotina de forma gradativa, a fim de prevenir poss\u00edveis les\u00f5es que possam acontecer no per\u00edodo de adapta\u00e7\u00e3o. Recomenda-se que as&nbsp;<strong>atividades<\/strong>&nbsp;sejam assistidas por um&nbsp;<strong>educador f\u00edsico<\/strong>&nbsp;para que os movimentos sejam reeducados e executados de forma correta, sem que haja risco de lesionar alguma estrutura corporal. Al\u00e9m disso, \u00e9 preciso seguir uma&nbsp;<strong>alimenta\u00e7\u00e3o balanceada<\/strong>, consumindo frutas e verduras ao longo do dia.<a href=\"https:\/\/materiais.univates.br\/mercado-de-trabalho-modalidade\" target=\"_blank\" rel=\"noreferrer noopener\"><\/a><\/p>\n\n\n\n<h2 class=\"wp-block-heading\">Entre os universit\u00e1rios<\/h2>\n\n\n\n<p>Esse panorama \u00e9 ainda mais preocupante entre os&nbsp;<strong>universit\u00e1rios<\/strong>. Na Bahia, 41% deles foram considerados&nbsp;<strong>sedent\u00e1rios<\/strong>, enquanto no Estado de S\u00e3o Paulo o percentual sobe para 43%. J\u00e1 em \u00e2mbito nacional o n\u00famero de&nbsp;<strong>sujeitos ativos<\/strong>&nbsp;\u00e9 maior entre os homens (42,7%), ficando em 33,4% entre as mulheres. Em rela\u00e7\u00e3o \u00e0 idade, foi constatado que o n\u00famero de praticantes \u00e9 mais expressivo entre os mais jovens (47% entre 17 e 39 anos), diminuindo com o avan\u00e7ar da idade (30% com mais de 40 anos).&nbsp;<\/p>\n\n\n\n<p>Na&nbsp;<strong>Univates<\/strong>, o diplomado do curso de&nbsp;<a href=\"https:\/\/www.univates.br\/graduacao\/educacao-fisica-bacharelado\">Educa\u00e7\u00e3o F\u00edsica (bacharelado)<\/a>&nbsp;Lu\u00eds Lansini realizou uma&nbsp;<a href=\"https:\/\/www.univates.br\/noticia\/23414-41-dos-estudantes-universitarios-sao-sedentarios\">pesquisa sobre o sedentarismo na Institui\u00e7\u00e3o<\/a>. Segundo o estudo, realizado em 2017, ele atinge cerca de 41% dos&nbsp;<strong>estudantes universit\u00e1rios<\/strong>. Dentre os entrevistados, 47,9% dos&nbsp;<strong>estudantes<\/strong>&nbsp;considerados&nbsp;<strong>acima do peso<\/strong>, segundo o&nbsp;<strong>\u00cdndice de Massa Corporal (IMC)<\/strong>, apresentaram n\u00edveis de&nbsp;<strong>sedentarismo<\/strong>.<\/p>\n\n\n\n<p>Os resultados tamb\u00e9m mostram que o fator se agrava conforme o tempo que o acad\u00eamico est\u00e1 na Universidade. Entre os alunos que ingressaram no Ensino Superior h\u00e1 menos de dois anos, 36%&nbsp;<strong>n\u00e3o praticam atividades f\u00edsicas<\/strong>, chegando a 48,8% quando analisados os&nbsp;<strong>estudantes<\/strong>&nbsp;que est\u00e3o h\u00e1 mais de dois anos na gradua\u00e7\u00e3o. Outro dado interessante do estudo constatou uma diferen\u00e7a de 4,1% (n\u00e3o significativa) em termos de&nbsp;<strong>sedentarismo<\/strong>&nbsp;entre os acad\u00eamicos que trabalham (40,6%) e os que n\u00e3o trabalham (44,7%).<\/p>\n\n\n\n<figure class=\"wp-block-image size-full\"><img loading=\"lazy\" decoding=\"async\" width=\"4287\" height=\"2858\" src=\"https:\/\/www.univates.br\/blog\/\/wp-content\/uploads\/2022\/08\/20170516111530_3T0A0706-min-1.jpg\" alt=\"\" class=\"wp-image-2671\"\/><figcaption>Foto: Ana Am\u00e9lia Ritt<\/figcaption><\/figure>\n","protected":false},"excerpt":{"rendered":"<p>Voc\u00ea tem o&nbsp;h\u00e1bito&nbsp;de&nbsp;praticar atividade f\u00edsica? O&nbsp;sedentarismo&nbsp;no Pa\u00eds aumenta cada vez mais, trazendo s\u00e9rios riscos \u00e0&nbsp;sa\u00fade, j\u00e1 que a falta de&nbsp;atividades f\u00edsicas&nbsp;agrava o quadro de doen\u00e7as cr\u00f4nicas e cardiovasculares. Essas patologias est\u00e3o diretamente ligadas ao excesso de peso, \u00e0 falta de\u2026<\/p>\n","protected":false},"author":2,"featured_media":0,"comment_status":"open","ping_status":"open","sticky":false,"template":"","format":"standard","meta":{"_acf_changed":false,"footnotes":""},"categories":[7],"class_list":["post-1126","post","type-post","status-publish","format-standard","hentry","category-univates","autor-agatha-strapasson","area-saude"],"acf":[],"yoast_head":"<!-- This site is optimized with the Yoast SEO plugin v27.3 - https:\/\/yoast.com\/product\/yoast-seo-wordpress\/ -->\n<title>Movimente-se hoje para garantir sua sa\u00fade amanh\u00e3 - Univates Blog<\/title>\n<meta name=\"robots\" content=\"index, follow, max-snippet:-1, max-image-preview:large, max-video-preview:-1\" \/>\n<link rel=\"canonical\" href=\"https:\/\/www.univates.br\/blog\/movimente-se-hoje-para-garantir-sua-saude-amanha\/\" \/>\n<meta property=\"og:locale\" content=\"pt_BR\" \/>\n<meta property=\"og:type\" content=\"article\" \/>\n<meta property=\"og:title\" content=\"Movimente-se hoje para garantir sua sa\u00fade amanh\u00e3 - Univates Blog\" \/>\n<meta property=\"og:description\" content=\"Voc\u00ea tem o&nbsp;h\u00e1bito&nbsp;de&nbsp;praticar atividade f\u00edsica? O&nbsp;sedentarismo&nbsp;no Pa\u00eds aumenta cada vez mais, trazendo s\u00e9rios riscos \u00e0&nbsp;sa\u00fade, j\u00e1 que a falta de&nbsp;atividades f\u00edsicas&nbsp;agrava o quadro de doen\u00e7as cr\u00f4nicas e cardiovasculares. Essas patologias est\u00e3o diretamente ligadas ao excesso de peso, \u00e0 falta de\u2026\" \/>\n<meta property=\"og:url\" content=\"https:\/\/www.univates.br\/blog\/movimente-se-hoje-para-garantir-sua-saude-amanha\/\" \/>\n<meta property=\"og:site_name\" content=\"Univates Blog\" \/>\n<meta property=\"article:published_time\" content=\"2022-05-09T16:32:40+00:00\" \/>\n<meta property=\"article:modified_time\" content=\"2023-12-20T23:46:12+00:00\" \/>\n<meta property=\"og:image\" content=\"https:\/\/desenvolvimento.bravo.st\/univatesblog\/wp-content\/uploads\/2022\/05\/1566431370.1667.jpg\" \/>\n<meta name=\"author\" content=\"Marketing Univates\" \/>\n<meta name=\"twitter:card\" content=\"summary_large_image\" \/>\n<meta name=\"twitter:label1\" content=\"Escrito por\" \/>\n\t<meta name=\"twitter:data1\" content=\"Marketing Univates\" \/>\n\t<meta name=\"twitter:label2\" content=\"Est. tempo de leitura\" \/>\n\t<meta name=\"twitter:data2\" content=\"4 minutos\" \/>\n<script type=\"application\/ld+json\" class=\"yoast-schema-graph\">{\"@context\":\"https:\\\/\\\/schema.org\",\"@graph\":[{\"@type\":\"Article\",\"@id\":\"https:\\\/\\\/www.univates.br\\\/blog\\\/movimente-se-hoje-para-garantir-sua-saude-amanha\\\/#article\",\"isPartOf\":{\"@id\":\"https:\\\/\\\/www.univates.br\\\/blog\\\/movimente-se-hoje-para-garantir-sua-saude-amanha\\\/\"},\"author\":{\"name\":\"Marketing Univates\",\"@id\":\"https:\\\/\\\/www.univates.br\\\/blog\\\/#\\\/schema\\\/person\\\/15c63917440cc5e70160c247b309af2f\"},\"headline\":\"Movimente-se hoje para garantir sua sa\u00fade amanh\u00e3\",\"datePublished\":\"2022-05-09T16:32:40+00:00\",\"dateModified\":\"2023-12-20T23:46:12+00:00\",\"mainEntityOfPage\":{\"@id\":\"https:\\\/\\\/www.univates.br\\\/blog\\\/movimente-se-hoje-para-garantir-sua-saude-amanha\\\/\"},\"wordCount\":644,\"commentCount\":0,\"image\":{\"@id\":\"https:\\\/\\\/www.univates.br\\\/blog\\\/movimente-se-hoje-para-garantir-sua-saude-amanha\\\/#primaryimage\"},\"thumbnailUrl\":\"https:\\\/\\\/desenvolvimento.bravo.st\\\/univatesblog\\\/wp-content\\\/uploads\\\/2022\\\/05\\\/1566431370.1667.jpg\",\"articleSection\":[\"Univates\"],\"inLanguage\":\"pt-BR\",\"potentialAction\":[{\"@type\":\"CommentAction\",\"name\":\"Comment\",\"target\":[\"https:\\\/\\\/www.univates.br\\\/blog\\\/movimente-se-hoje-para-garantir-sua-saude-amanha\\\/#respond\"]}]},{\"@type\":\"WebPage\",\"@id\":\"https:\\\/\\\/www.univates.br\\\/blog\\\/movimente-se-hoje-para-garantir-sua-saude-amanha\\\/\",\"url\":\"https:\\\/\\\/www.univates.br\\\/blog\\\/movimente-se-hoje-para-garantir-sua-saude-amanha\\\/\",\"name\":\"Movimente-se hoje para garantir sua sa\u00fade amanh\u00e3 - Univates Blog\",\"isPartOf\":{\"@id\":\"https:\\\/\\\/www.univates.br\\\/blog\\\/#website\"},\"primaryImageOfPage\":{\"@id\":\"https:\\\/\\\/www.univates.br\\\/blog\\\/movimente-se-hoje-para-garantir-sua-saude-amanha\\\/#primaryimage\"},\"image\":{\"@id\":\"https:\\\/\\\/www.univates.br\\\/blog\\\/movimente-se-hoje-para-garantir-sua-saude-amanha\\\/#primaryimage\"},\"thumbnailUrl\":\"https:\\\/\\\/desenvolvimento.bravo.st\\\/univatesblog\\\/wp-content\\\/uploads\\\/2022\\\/05\\\/1566431370.1667.jpg\",\"datePublished\":\"2022-05-09T16:32:40+00:00\",\"dateModified\":\"2023-12-20T23:46:12+00:00\",\"author\":{\"@id\":\"https:\\\/\\\/www.univates.br\\\/blog\\\/#\\\/schema\\\/person\\\/15c63917440cc5e70160c247b309af2f\"},\"breadcrumb\":{\"@id\":\"https:\\\/\\\/www.univates.br\\\/blog\\\/movimente-se-hoje-para-garantir-sua-saude-amanha\\\/#breadcrumb\"},\"inLanguage\":\"pt-BR\",\"potentialAction\":[{\"@type\":\"ReadAction\",\"target\":[\"https:\\\/\\\/www.univates.br\\\/blog\\\/movimente-se-hoje-para-garantir-sua-saude-amanha\\\/\"]}]},{\"@type\":\"ImageObject\",\"inLanguage\":\"pt-BR\",\"@id\":\"https:\\\/\\\/www.univates.br\\\/blog\\\/movimente-se-hoje-para-garantir-sua-saude-amanha\\\/#primaryimage\",\"url\":\"https:\\\/\\\/desenvolvimento.bravo.st\\\/univatesblog\\\/wp-content\\\/uploads\\\/2022\\\/05\\\/1566431370.1667.jpg\",\"contentUrl\":\"https:\\\/\\\/desenvolvimento.bravo.st\\\/univatesblog\\\/wp-content\\\/uploads\\\/2022\\\/05\\\/1566431370.1667.jpg\"},{\"@type\":\"BreadcrumbList\",\"@id\":\"https:\\\/\\\/www.univates.br\\\/blog\\\/movimente-se-hoje-para-garantir-sua-saude-amanha\\\/#breadcrumb\",\"itemListElement\":[{\"@type\":\"ListItem\",\"position\":1,\"name\":\"Home\",\"item\":\"https:\\\/\\\/www.univates.br\\\/blog\\\/\"},{\"@type\":\"ListItem\",\"position\":2,\"name\":\"Movimente-se hoje para garantir sua sa\u00fade amanh\u00e3\"}]},{\"@type\":\"WebSite\",\"@id\":\"https:\\\/\\\/www.univates.br\\\/blog\\\/#website\",\"url\":\"https:\\\/\\\/www.univates.br\\\/blog\\\/\",\"name\":\"Univates Blog\",\"description\":\"\",\"potentialAction\":[{\"@type\":\"SearchAction\",\"target\":{\"@type\":\"EntryPoint\",\"urlTemplate\":\"https:\\\/\\\/www.univates.br\\\/blog\\\/?s={search_term_string}\"},\"query-input\":{\"@type\":\"PropertyValueSpecification\",\"valueRequired\":true,\"valueName\":\"search_term_string\"}}],\"inLanguage\":\"pt-BR\"},{\"@type\":\"Person\",\"@id\":\"https:\\\/\\\/www.univates.br\\\/blog\\\/#\\\/schema\\\/person\\\/15c63917440cc5e70160c247b309af2f\",\"name\":\"Marketing Univates\",\"image\":{\"@type\":\"ImageObject\",\"inLanguage\":\"pt-BR\",\"@id\":\"https:\\\/\\\/secure.gravatar.com\\\/avatar\\\/511f9e77a6a3d0cddd9074f69a722364bc7f787e73d4a0da1f727ba62704eda4?s=96&d=mm&r=g\",\"url\":\"https:\\\/\\\/secure.gravatar.com\\\/avatar\\\/511f9e77a6a3d0cddd9074f69a722364bc7f787e73d4a0da1f727ba62704eda4?s=96&d=mm&r=g\",\"contentUrl\":\"https:\\\/\\\/secure.gravatar.com\\\/avatar\\\/511f9e77a6a3d0cddd9074f69a722364bc7f787e73d4a0da1f727ba62704eda4?s=96&d=mm&r=g\",\"caption\":\"Marketing Univates\"},\"sameAs\":[\"http:\\\/\\\/univates.br\"],\"url\":\"https:\\\/\\\/www.univates.br\\\/blog\\\/author\\\/marketing\\\/\"}]}<\/script>\n<!-- \/ Yoast SEO plugin. -->","yoast_head_json":{"title":"Movimente-se hoje para garantir sua sa\u00fade amanh\u00e3 - Univates Blog","robots":{"index":"index","follow":"follow","max-snippet":"max-snippet:-1","max-image-preview":"max-image-preview:large","max-video-preview":"max-video-preview:-1"},"canonical":"https:\/\/www.univates.br\/blog\/movimente-se-hoje-para-garantir-sua-saude-amanha\/","og_locale":"pt_BR","og_type":"article","og_title":"Movimente-se hoje para garantir sua sa\u00fade amanh\u00e3 - Univates Blog","og_description":"Voc\u00ea tem o&nbsp;h\u00e1bito&nbsp;de&nbsp;praticar atividade f\u00edsica? O&nbsp;sedentarismo&nbsp;no Pa\u00eds aumenta cada vez mais, trazendo s\u00e9rios riscos \u00e0&nbsp;sa\u00fade, j\u00e1 que a falta de&nbsp;atividades f\u00edsicas&nbsp;agrava o quadro de doen\u00e7as cr\u00f4nicas e cardiovasculares. Essas patologias est\u00e3o diretamente ligadas ao excesso de peso, \u00e0 falta de\u2026","og_url":"https:\/\/www.univates.br\/blog\/movimente-se-hoje-para-garantir-sua-saude-amanha\/","og_site_name":"Univates Blog","article_published_time":"2022-05-09T16:32:40+00:00","article_modified_time":"2023-12-20T23:46:12+00:00","og_image":[{"url":"https:\/\/desenvolvimento.bravo.st\/univatesblog\/wp-content\/uploads\/2022\/05\/1566431370.1667.jpg","type":"","width":"","height":""}],"author":"Marketing Univates","twitter_card":"summary_large_image","twitter_misc":{"Escrito por":"Marketing Univates","Est. tempo de leitura":"4 minutos"},"schema":{"@context":"https:\/\/schema.org","@graph":[{"@type":"Article","@id":"https:\/\/www.univates.br\/blog\/movimente-se-hoje-para-garantir-sua-saude-amanha\/#article","isPartOf":{"@id":"https:\/\/www.univates.br\/blog\/movimente-se-hoje-para-garantir-sua-saude-amanha\/"},"author":{"name":"Marketing Univates","@id":"https:\/\/www.univates.br\/blog\/#\/schema\/person\/15c63917440cc5e70160c247b309af2f"},"headline":"Movimente-se hoje para garantir sua sa\u00fade amanh\u00e3","datePublished":"2022-05-09T16:32:40+00:00","dateModified":"2023-12-20T23:46:12+00:00","mainEntityOfPage":{"@id":"https:\/\/www.univates.br\/blog\/movimente-se-hoje-para-garantir-sua-saude-amanha\/"},"wordCount":644,"commentCount":0,"image":{"@id":"https:\/\/www.univates.br\/blog\/movimente-se-hoje-para-garantir-sua-saude-amanha\/#primaryimage"},"thumbnailUrl":"https:\/\/desenvolvimento.bravo.st\/univatesblog\/wp-content\/uploads\/2022\/05\/1566431370.1667.jpg","articleSection":["Univates"],"inLanguage":"pt-BR","potentialAction":[{"@type":"CommentAction","name":"Comment","target":["https:\/\/www.univates.br\/blog\/movimente-se-hoje-para-garantir-sua-saude-amanha\/#respond"]}]},{"@type":"WebPage","@id":"https:\/\/www.univates.br\/blog\/movimente-se-hoje-para-garantir-sua-saude-amanha\/","url":"https:\/\/www.univates.br\/blog\/movimente-se-hoje-para-garantir-sua-saude-amanha\/","name":"Movimente-se hoje para garantir sua sa\u00fade amanh\u00e3 - Univates Blog","isPartOf":{"@id":"https:\/\/www.univates.br\/blog\/#website"},"primaryImageOfPage":{"@id":"https:\/\/www.univates.br\/blog\/movimente-se-hoje-para-garantir-sua-saude-amanha\/#primaryimage"},"image":{"@id":"https:\/\/www.univates.br\/blog\/movimente-se-hoje-para-garantir-sua-saude-amanha\/#primaryimage"},"thumbnailUrl":"https:\/\/desenvolvimento.bravo.st\/univatesblog\/wp-content\/uploads\/2022\/05\/1566431370.1667.jpg","datePublished":"2022-05-09T16:32:40+00:00","dateModified":"2023-12-20T23:46:12+00:00","author":{"@id":"https:\/\/www.univates.br\/blog\/#\/schema\/person\/15c63917440cc5e70160c247b309af2f"},"breadcrumb":{"@id":"https:\/\/www.univates.br\/blog\/movimente-se-hoje-para-garantir-sua-saude-amanha\/#breadcrumb"},"inLanguage":"pt-BR","potentialAction":[{"@type":"ReadAction","target":["https:\/\/www.univates.br\/blog\/movimente-se-hoje-para-garantir-sua-saude-amanha\/"]}]},{"@type":"ImageObject","inLanguage":"pt-BR","@id":"https:\/\/www.univates.br\/blog\/movimente-se-hoje-para-garantir-sua-saude-amanha\/#primaryimage","url":"https:\/\/desenvolvimento.bravo.st\/univatesblog\/wp-content\/uploads\/2022\/05\/1566431370.1667.jpg","contentUrl":"https:\/\/desenvolvimento.bravo.st\/univatesblog\/wp-content\/uploads\/2022\/05\/1566431370.1667.jpg"},{"@type":"BreadcrumbList","@id":"https:\/\/www.univates.br\/blog\/movimente-se-hoje-para-garantir-sua-saude-amanha\/#breadcrumb","itemListElement":[{"@type":"ListItem","position":1,"name":"Home","item":"https:\/\/www.univates.br\/blog\/"},{"@type":"ListItem","position":2,"name":"Movimente-se hoje para garantir sua sa\u00fade amanh\u00e3"}]},{"@type":"WebSite","@id":"https:\/\/www.univates.br\/blog\/#website","url":"https:\/\/www.univates.br\/blog\/","name":"Univates Blog","description":"","potentialAction":[{"@type":"SearchAction","target":{"@type":"EntryPoint","urlTemplate":"https:\/\/www.univates.br\/blog\/?s={search_term_string}"},"query-input":{"@type":"PropertyValueSpecification","valueRequired":true,"valueName":"search_term_string"}}],"inLanguage":"pt-BR"},{"@type":"Person","@id":"https:\/\/www.univates.br\/blog\/#\/schema\/person\/15c63917440cc5e70160c247b309af2f","name":"Marketing Univates","image":{"@type":"ImageObject","inLanguage":"pt-BR","@id":"https:\/\/secure.gravatar.com\/avatar\/511f9e77a6a3d0cddd9074f69a722364bc7f787e73d4a0da1f727ba62704eda4?s=96&d=mm&r=g","url":"https:\/\/secure.gravatar.com\/avatar\/511f9e77a6a3d0cddd9074f69a722364bc7f787e73d4a0da1f727ba62704eda4?s=96&d=mm&r=g","contentUrl":"https:\/\/secure.gravatar.com\/avatar\/511f9e77a6a3d0cddd9074f69a722364bc7f787e73d4a0da1f727ba62704eda4?s=96&d=mm&r=g","caption":"Marketing Univates"},"sameAs":["http:\/\/univates.br"],"url":"https:\/\/www.univates.br\/blog\/author\/marketing\/"}]}},"_links":{"self":[{"href":"https:\/\/www.univates.br\/blog\/wp-json\/wp\/v2\/posts\/1126","targetHints":{"allow":["GET"]}}],"collection":[{"href":"https:\/\/www.univates.br\/blog\/wp-json\/wp\/v2\/posts"}],"about":[{"href":"https:\/\/www.univates.br\/blog\/wp-json\/wp\/v2\/types\/post"}],"author":[{"embeddable":true,"href":"https:\/\/www.univates.br\/blog\/wp-json\/wp\/v2\/users\/2"}],"replies":[{"embeddable":true,"href":"https:\/\/www.univates.br\/blog\/wp-json\/wp\/v2\/comments?post=1126"}],"version-history":[{"count":17,"href":"https:\/\/www.univates.br\/blog\/wp-json\/wp\/v2\/posts\/1126\/revisions"}],"predecessor-version":[{"id":5054,"href":"https:\/\/www.univates.br\/blog\/wp-json\/wp\/v2\/posts\/1126\/revisions\/5054"}],"wp:attachment":[{"href":"https:\/\/www.univates.br\/blog\/wp-json\/wp\/v2\/media?parent=1126"}],"wp:term":[{"taxonomy":"category","embeddable":true,"href":"https:\/\/www.univates.br\/blog\/wp-json\/wp\/v2\/categories?post=1126"}],"curies":[{"name":"wp","href":"https:\/\/api.w.org\/{rel}","templated":true}]}}