{"id":1129,"date":"2022-05-09T13:35:35","date_gmt":"2022-05-09T16:35:35","guid":{"rendered":"https:\/\/desenvolvimento.bravo.st\/univatesblog\/?p=1129"},"modified":"2023-12-20T13:48:43","modified_gmt":"2023-12-20T16:48:43","slug":"projeto-proporciona-aos-alunos-de-direito-vivencia-juridica-empresarial","status":"publish","type":"post","link":"https:\/\/www.univates.br\/blog\/projeto-proporciona-aos-alunos-de-direito-vivencia-juridica-empresarial\/","title":{"rendered":"Projeto proporciona aos alunos de Direito viv\u00eancia jur\u00eddica-empresarial"},"content":{"rendered":"\n<p>Voc\u00ea sabia que os&nbsp;<strong>alunos do curso de<\/strong>&nbsp;<a href=\"https:\/\/www.univates.br\/graduacao\/direito\">Direito<\/a>&nbsp;da&nbsp;<strong>Univates<\/strong>&nbsp;t\u00eam in\u00fameras&nbsp;<strong>possibilidades de est\u00e1gio<\/strong>? Confira um pouco mais sobre o&nbsp;<strong>projeto<\/strong>&nbsp;<strong>Cl\u00ednica de Atendimento Jur\u00eddico-Empresarial<\/strong>!<\/p>\n\n\n\n<p>Esse espa\u00e7o foi elaborado pelo&nbsp;<a href=\"https:\/\/www.univates.br\/graduacao\/direito\">curso de Direito<\/a>&nbsp;e pelo&nbsp;<a href=\"https:\/\/www.univates.br\/tecnovates\/\">Parque Cient\u00edfico e Tecnol\u00f3gico do Vale do Taquari (Tecnovates)<\/a>. Ele busca&nbsp;<strong>promover e divulgar a<\/strong>&nbsp;<strong>pr\u00e1tica jur\u00eddica empresarial no \u00e2mbito acad\u00eamico<\/strong>. O programa acontece todos os semestres e \u00e9 uma experi\u00eancia inovadora de ensino e aprendizagem. A&nbsp;<strong>Cl\u00ednica de Atendimento Jur\u00eddico-Empresarial<\/strong>&nbsp;\u00e9 destinada aos&nbsp;<strong>alunos do<\/strong>&nbsp;<strong>curso de Direito<\/strong>&nbsp;para que se sintam incentivados a desenvolver compet\u00eancias necess\u00e1rias para posterior atua\u00e7\u00e3o profissional.<\/p>\n\n\n\n<p>Dessa forma, a cl\u00ednica objetiva uma&nbsp;<strong>viv\u00eancia real de<\/strong>&nbsp;<strong>atividade jur\u00eddica<\/strong>&nbsp;<strong>por meio de<\/strong>&nbsp;<strong>atendimentos \u00e0s empresas<\/strong>&nbsp;incubadas e instaladas no&nbsp;<strong>Tecnovates<\/strong>.<\/p>\n\n\n\n<figure class=\"wp-block-image size-full\"><img loading=\"lazy\" decoding=\"async\" width=\"729\" height=\"486\" src=\"https:\/\/desenvolvimento.bravo.st\/univatesblog\/wp-content\/uploads\/2022\/05\/1566426307.0679.jpg\" alt=\"\" class=\"wp-image-2141\" srcset=\"https:\/\/www.univates.br\/blog\/wp-content\/uploads\/2022\/05\/1566426307.0679.jpg 729w, https:\/\/www.univates.br\/blog\/wp-content\/uploads\/2022\/05\/1566426307.0679-600x400.jpg 600w, https:\/\/www.univates.br\/blog\/wp-content\/uploads\/2022\/05\/1566426307.0679-150x100.jpg 150w\" sizes=\"auto, (max-width: 729px) 100vw, 729px\" \/><figcaption>Foto: Nicole Mor\u00e1s<\/figcaption><\/figure>\n\n\n\n<h2 class=\"wp-block-heading\">Ambientes acad\u00eamico e profissional em um s\u00f3 espa\u00e7o<\/h2>\n\n\n\n<p>Capacitar os discentes da gradua\u00e7\u00e3o em rela\u00e7\u00e3o a&nbsp;<strong>temas&nbsp;vinculados \u00e0<\/strong>&nbsp;<strong>\u00e1rea empresarial<\/strong>, auxiliar os estudos no&nbsp;<strong>encaminhamento&nbsp;das&nbsp;demandas jur\u00eddicas&nbsp;das empresas<\/strong>&nbsp;incubadas e&nbsp;<strong>possibilitar a intera\u00e7\u00e3o dos alunos<\/strong>&nbsp;da disciplina de&nbsp;<strong>Direito<\/strong>&nbsp;Empresarial I e das entidades do&nbsp;<strong>Tecnovates<\/strong>&nbsp;s\u00e3o alguns dos&nbsp;<strong>objetivos<\/strong>&nbsp;propostos pelo programa.<\/p>\n\n\n\n<p>Os estudantes selecionados como&nbsp;<strong>estagi\u00e1rios<\/strong>&nbsp;s\u00e3o supervisionados por um docente de&nbsp;<strong>Direito<\/strong>, e&nbsp;<strong>atendem demandas&nbsp;selecionadas<\/strong>&nbsp;pela ger\u00eancia do&nbsp;<strong>Tecnovates<\/strong>&nbsp;ou pelas&nbsp;<strong>empresas<\/strong>. \u201cA apresenta\u00e7\u00e3o dos discentes a uma&nbsp;<strong>realidade profissional empresarial&nbsp;<\/strong>\u00e9 fundamental para a futura&nbsp;<strong>carreira<\/strong>&nbsp;dos estudantes de&nbsp;<strong>Direito<\/strong>. Sem d\u00favidas, ser\u00e1 um&nbsp;<strong>diferencial<\/strong>&nbsp;para eles quando ingressarem no&nbsp;<strong>mercado de trabalho<\/strong>\u201d, afirma o coordenador adjunto do curso, J\u00fanior R. Willig. O professor conta que a cl\u00ednica proporciona uma&nbsp;<strong>viv\u00eancia jur\u00eddica<\/strong>&nbsp;diferente das experi\u00eancias oportunizadas na sala de aula ou nos&nbsp;<strong>est\u00e1gios curriculares&nbsp;<\/strong>desenvolvidos ao longo da gradua\u00e7\u00e3o.<\/p>\n\n\n\n<figure class=\"wp-block-image size-full\"><img loading=\"lazy\" decoding=\"async\" width=\"729\" height=\"486\" src=\"https:\/\/desenvolvimento.bravo.st\/univatesblog\/wp-content\/uploads\/2022\/05\/1566428228.3687_300_300.jpg\" alt=\"\" class=\"wp-image-2142\" srcset=\"https:\/\/www.univates.br\/blog\/wp-content\/uploads\/2022\/05\/1566428228.3687_300_300.jpg 729w, https:\/\/www.univates.br\/blog\/wp-content\/uploads\/2022\/05\/1566428228.3687_300_300-600x400.jpg 600w, https:\/\/www.univates.br\/blog\/wp-content\/uploads\/2022\/05\/1566428228.3687_300_300-150x100.jpg 150w\" sizes=\"auto, (max-width: 729px) 100vw, 729px\" \/><figcaption>Foto: Tuane Eggers<\/figcaption><\/figure>\n\n\n\n<h2 class=\"wp-block-heading\">Oportunidade de experi\u00eancia<a rel=\"noreferrer noopener\" href=\"https:\/\/materiais.univates.br\/mercado-de-trabalho-modalidade\" target=\"_blank\"><\/a><\/h2>\n\n\n\n<p>Alguns&nbsp;<strong>estagi\u00e1rios<\/strong>&nbsp;est\u00e3o quase finalizando a gradua\u00e7\u00e3o de&nbsp;<strong>Direito<\/strong>, outros est\u00e3o na metade, como Jo\u00e3o Paulo Hartmann Faleiro, que tem 34 anos e \u00e9 contador. Segundo ele, n\u00e3o h\u00e1 requisito m\u00ednimo ou pr\u00e9-requisito de disciplinas conclu\u00eddas no curso para trabalhar na cl\u00ednica. \u201cO que precisa ter \u00e9 determina\u00e7\u00e3o e vontade de desenvolver um \u00f3timo&nbsp;<strong>servi\u00e7o que<\/strong>&nbsp;<strong>atenda a demanda proposta pelos empres\u00e1rios<\/strong>\u201d.<\/p>\n\n\n\n<p>\u201cCom esse&nbsp;<strong>est\u00e1gio<\/strong>, tenho a oportunidade de praticar o que aprendo na faculdade e&nbsp;<strong>atender as&nbsp;necessidades&nbsp;reais&nbsp;das&nbsp;empresas&nbsp;no&nbsp;mercado regional<\/strong>\u201d, explica. A sua fun\u00e7\u00e3o \u00e9&nbsp;<strong>auxiliar a&nbsp;empresa&nbsp;em&nbsp;quest\u00f5es legais&nbsp;<\/strong>e na&nbsp;<strong>preven\u00e7\u00e3o de futuras<\/strong>&nbsp;<strong>demandas judiciais<\/strong>.<\/p>\n\n\n\n<div class=\"bloco-gutenberg\">\n\n    <a href=\"https:\/\/materiais.univates.br\/mercado-de-trabalho-modalidade\" target=\"_blank\" class=\"guten-material\" style=\"background-color: #01e37f; color: #0a0a0a;\">\n                    <img decoding=\"async\" src=\"https:\/\/www.univates.br\/blog\/wp-content\/uploads\/2022\/05\/Design-sem-nome-4.png\" loading=\"lazy\">\n                <div class=\"texto\">\n                            <span>Descubra como se destacar no mercado de trabalho<\/span>\n                            <strong>Baixar e-book<\/strong>\n                    <\/div>\n    <\/a>\n    <\/div>\n\n\n<h2 class=\"wp-block-heading\">\u201cUm dos melhores exemplos de como a Inovates pode ajudar as empresas incubadoras\u201d<\/h2>\n\n\n\n<p>A Allogica,&nbsp;<strong>empresa<\/strong>&nbsp;vinculada ao&nbsp;<strong>Tecnovates<\/strong>, foi uma das entidades atendida pelo&nbsp;<strong>projeto<\/strong>. Ela consiste em uma organiza\u00e7\u00e3o de tecnologia que desenvolve uma experi\u00eancia com integra\u00e7\u00e3o de&nbsp;<em>hardware<\/em>&nbsp;e&nbsp;<em>software<\/em>. O objetivo da incubada \u00e9 colocar a seguran\u00e7a do usu\u00e1rio e de seus dados em primeiro lugar.<\/p>\n\n\n\n<p>Um dos co-fundadores e administrador da&nbsp;<strong>empresa<\/strong>, Rogiel Sulzbach, conta que a&nbsp;<strong>demanda<\/strong>&nbsp;que a Allogica apresentou para a cl\u00ednica foi referente aos termos de uso e servi\u00e7o de uma nuvem privada criada pela incubada. \u201cH\u00e1 v\u00e1rias&nbsp;<strong>quest\u00f5es legais<\/strong>&nbsp;que precisam ser respondidas. Somos uma empresa formada por tr\u00eas engenheiros eletricistas, ou seja, a&nbsp;<strong>\u00e1rea jur\u00eddica&nbsp;do neg\u00f3cio<\/strong>&nbsp;\u00e9 dif\u00edcil para n\u00f3s. Quando se trata de&nbsp;<strong>assuntos jur\u00eddicos<\/strong>, uma solu\u00e7\u00e3o exata n\u00e3o existe, e \u00e9 preciso pensar v\u00e1rias possibilidades: \u00e9 a\u00ed que a&nbsp;<strong>cl\u00ednica jur\u00eddica<\/strong>&nbsp;entra\u201d, afirma.<\/p>\n\n\n\n<p>\u201cO&nbsp;<strong>projeto<\/strong>&nbsp;\u00e9 um dos melhores exemplos de como a&nbsp;<a href=\"https:\/\/www.univates.br\/tecnovates\/inovates\">Inovates<\/a>&nbsp;pode ajudar as&nbsp;<strong>empresas<\/strong>&nbsp;incubadoras, uma vez que, como uma&nbsp;<strong>empresa<\/strong>&nbsp;iniciante, n\u00e3o temos condi\u00e7\u00f5es financeiras de contratar uma consultoria\u201d, comenta Rogiel.<\/p>\n","protected":false},"excerpt":{"rendered":"<p>Voc\u00ea sabia que os&nbsp;alunos do curso de&nbsp;Direito&nbsp;da&nbsp;Univates&nbsp;t\u00eam in\u00fameras&nbsp;possibilidades de est\u00e1gio? Confira um pouco mais sobre o&nbsp;projeto&nbsp;Cl\u00ednica de Atendimento Jur\u00eddico-Empresarial! Esse espa\u00e7o foi elaborado pelo&nbsp;curso de Direito&nbsp;e pelo&nbsp;Parque Cient\u00edfico e Tecnol\u00f3gico do Vale do Taquari (Tecnovates). Ele busca&nbsp;promover e divulgar a&nbsp;pr\u00e1tica\u2026<\/p>\n","protected":false},"author":2,"featured_media":0,"comment_status":"open","ping_status":"open","sticky":false,"template":"","format":"standard","meta":{"_acf_changed":false,"footnotes":""},"categories":[7],"class_list":["post-1129","post","type-post","status-publish","format-standard","hentry","category-univates","autor-natalia-bottoni","curso-direito"],"acf":[],"yoast_head":"<!-- This site is optimized with the Yoast SEO plugin v27.3 - https:\/\/yoast.com\/product\/yoast-seo-wordpress\/ -->\n<title>Projeto proporciona aos alunos de Direito viv\u00eancia jur\u00eddica-empresarial - Univates Blog<\/title>\n<meta name=\"robots\" content=\"index, follow, max-snippet:-1, max-image-preview:large, max-video-preview:-1\" \/>\n<link rel=\"canonical\" href=\"https:\/\/www.univates.br\/blog\/projeto-proporciona-aos-alunos-de-direito-vivencia-juridica-empresarial\/\" \/>\n<meta property=\"og:locale\" content=\"pt_BR\" \/>\n<meta property=\"og:type\" content=\"article\" \/>\n<meta property=\"og:title\" content=\"Projeto proporciona aos alunos de Direito viv\u00eancia jur\u00eddica-empresarial - Univates Blog\" \/>\n<meta property=\"og:description\" content=\"Voc\u00ea sabia que os&nbsp;alunos do curso de&nbsp;Direito&nbsp;da&nbsp;Univates&nbsp;t\u00eam in\u00fameras&nbsp;possibilidades de est\u00e1gio? Confira um pouco mais sobre o&nbsp;projeto&nbsp;Cl\u00ednica de Atendimento Jur\u00eddico-Empresarial! Esse espa\u00e7o foi elaborado pelo&nbsp;curso de Direito&nbsp;e pelo&nbsp;Parque Cient\u00edfico e Tecnol\u00f3gico do Vale do Taquari (Tecnovates). Ele busca&nbsp;promover e divulgar a&nbsp;pr\u00e1tica\u2026\" \/>\n<meta property=\"og:url\" content=\"https:\/\/www.univates.br\/blog\/projeto-proporciona-aos-alunos-de-direito-vivencia-juridica-empresarial\/\" \/>\n<meta property=\"og:site_name\" content=\"Univates Blog\" \/>\n<meta property=\"article:published_time\" content=\"2022-05-09T16:35:35+00:00\" \/>\n<meta property=\"article:modified_time\" content=\"2023-12-20T16:48:43+00:00\" \/>\n<meta property=\"og:image\" content=\"https:\/\/desenvolvimento.bravo.st\/univatesblog\/wp-content\/uploads\/2022\/05\/1566426307.0679.jpg\" \/>\n<meta name=\"author\" content=\"Marketing Univates\" \/>\n<meta name=\"twitter:card\" content=\"summary_large_image\" \/>\n<meta name=\"twitter:label1\" content=\"Escrito por\" \/>\n\t<meta name=\"twitter:data1\" content=\"Marketing Univates\" \/>\n\t<meta name=\"twitter:label2\" content=\"Est. tempo de leitura\" \/>\n\t<meta name=\"twitter:data2\" content=\"4 minutos\" \/>\n<script type=\"application\/ld+json\" class=\"yoast-schema-graph\">{\"@context\":\"https:\\\/\\\/schema.org\",\"@graph\":[{\"@type\":\"Article\",\"@id\":\"https:\\\/\\\/www.univates.br\\\/blog\\\/projeto-proporciona-aos-alunos-de-direito-vivencia-juridica-empresarial\\\/#article\",\"isPartOf\":{\"@id\":\"https:\\\/\\\/www.univates.br\\\/blog\\\/projeto-proporciona-aos-alunos-de-direito-vivencia-juridica-empresarial\\\/\"},\"author\":{\"name\":\"Marketing Univates\",\"@id\":\"https:\\\/\\\/www.univates.br\\\/blog\\\/#\\\/schema\\\/person\\\/15c63917440cc5e70160c247b309af2f\"},\"headline\":\"Projeto proporciona aos alunos de Direito viv\u00eancia jur\u00eddica-empresarial\",\"datePublished\":\"2022-05-09T16:35:35+00:00\",\"dateModified\":\"2023-12-20T16:48:43+00:00\",\"mainEntityOfPage\":{\"@id\":\"https:\\\/\\\/www.univates.br\\\/blog\\\/projeto-proporciona-aos-alunos-de-direito-vivencia-juridica-empresarial\\\/\"},\"wordCount\":744,\"commentCount\":0,\"image\":{\"@id\":\"https:\\\/\\\/www.univates.br\\\/blog\\\/projeto-proporciona-aos-alunos-de-direito-vivencia-juridica-empresarial\\\/#primaryimage\"},\"thumbnailUrl\":\"https:\\\/\\\/desenvolvimento.bravo.st\\\/univatesblog\\\/wp-content\\\/uploads\\\/2022\\\/05\\\/1566426307.0679.jpg\",\"articleSection\":[\"Univates\"],\"inLanguage\":\"pt-BR\",\"potentialAction\":[{\"@type\":\"CommentAction\",\"name\":\"Comment\",\"target\":[\"https:\\\/\\\/www.univates.br\\\/blog\\\/projeto-proporciona-aos-alunos-de-direito-vivencia-juridica-empresarial\\\/#respond\"]}]},{\"@type\":\"WebPage\",\"@id\":\"https:\\\/\\\/www.univates.br\\\/blog\\\/projeto-proporciona-aos-alunos-de-direito-vivencia-juridica-empresarial\\\/\",\"url\":\"https:\\\/\\\/www.univates.br\\\/blog\\\/projeto-proporciona-aos-alunos-de-direito-vivencia-juridica-empresarial\\\/\",\"name\":\"Projeto proporciona aos alunos de Direito viv\u00eancia jur\u00eddica-empresarial - Univates Blog\",\"isPartOf\":{\"@id\":\"https:\\\/\\\/www.univates.br\\\/blog\\\/#website\"},\"primaryImageOfPage\":{\"@id\":\"https:\\\/\\\/www.univates.br\\\/blog\\\/projeto-proporciona-aos-alunos-de-direito-vivencia-juridica-empresarial\\\/#primaryimage\"},\"image\":{\"@id\":\"https:\\\/\\\/www.univates.br\\\/blog\\\/projeto-proporciona-aos-alunos-de-direito-vivencia-juridica-empresarial\\\/#primaryimage\"},\"thumbnailUrl\":\"https:\\\/\\\/desenvolvimento.bravo.st\\\/univatesblog\\\/wp-content\\\/uploads\\\/2022\\\/05\\\/1566426307.0679.jpg\",\"datePublished\":\"2022-05-09T16:35:35+00:00\",\"dateModified\":\"2023-12-20T16:48:43+00:00\",\"author\":{\"@id\":\"https:\\\/\\\/www.univates.br\\\/blog\\\/#\\\/schema\\\/person\\\/15c63917440cc5e70160c247b309af2f\"},\"breadcrumb\":{\"@id\":\"https:\\\/\\\/www.univates.br\\\/blog\\\/projeto-proporciona-aos-alunos-de-direito-vivencia-juridica-empresarial\\\/#breadcrumb\"},\"inLanguage\":\"pt-BR\",\"potentialAction\":[{\"@type\":\"ReadAction\",\"target\":[\"https:\\\/\\\/www.univates.br\\\/blog\\\/projeto-proporciona-aos-alunos-de-direito-vivencia-juridica-empresarial\\\/\"]}]},{\"@type\":\"ImageObject\",\"inLanguage\":\"pt-BR\",\"@id\":\"https:\\\/\\\/www.univates.br\\\/blog\\\/projeto-proporciona-aos-alunos-de-direito-vivencia-juridica-empresarial\\\/#primaryimage\",\"url\":\"https:\\\/\\\/desenvolvimento.bravo.st\\\/univatesblog\\\/wp-content\\\/uploads\\\/2022\\\/05\\\/1566426307.0679.jpg\",\"contentUrl\":\"https:\\\/\\\/desenvolvimento.bravo.st\\\/univatesblog\\\/wp-content\\\/uploads\\\/2022\\\/05\\\/1566426307.0679.jpg\"},{\"@type\":\"BreadcrumbList\",\"@id\":\"https:\\\/\\\/www.univates.br\\\/blog\\\/projeto-proporciona-aos-alunos-de-direito-vivencia-juridica-empresarial\\\/#breadcrumb\",\"itemListElement\":[{\"@type\":\"ListItem\",\"position\":1,\"name\":\"Home\",\"item\":\"https:\\\/\\\/www.univates.br\\\/blog\\\/\"},{\"@type\":\"ListItem\",\"position\":2,\"name\":\"Projeto proporciona aos alunos de Direito viv\u00eancia jur\u00eddica-empresarial\"}]},{\"@type\":\"WebSite\",\"@id\":\"https:\\\/\\\/www.univates.br\\\/blog\\\/#website\",\"url\":\"https:\\\/\\\/www.univates.br\\\/blog\\\/\",\"name\":\"Univates Blog\",\"description\":\"\",\"potentialAction\":[{\"@type\":\"SearchAction\",\"target\":{\"@type\":\"EntryPoint\",\"urlTemplate\":\"https:\\\/\\\/www.univates.br\\\/blog\\\/?s={search_term_string}\"},\"query-input\":{\"@type\":\"PropertyValueSpecification\",\"valueRequired\":true,\"valueName\":\"search_term_string\"}}],\"inLanguage\":\"pt-BR\"},{\"@type\":\"Person\",\"@id\":\"https:\\\/\\\/www.univates.br\\\/blog\\\/#\\\/schema\\\/person\\\/15c63917440cc5e70160c247b309af2f\",\"name\":\"Marketing Univates\",\"image\":{\"@type\":\"ImageObject\",\"inLanguage\":\"pt-BR\",\"@id\":\"https:\\\/\\\/secure.gravatar.com\\\/avatar\\\/511f9e77a6a3d0cddd9074f69a722364bc7f787e73d4a0da1f727ba62704eda4?s=96&d=mm&r=g\",\"url\":\"https:\\\/\\\/secure.gravatar.com\\\/avatar\\\/511f9e77a6a3d0cddd9074f69a722364bc7f787e73d4a0da1f727ba62704eda4?s=96&d=mm&r=g\",\"contentUrl\":\"https:\\\/\\\/secure.gravatar.com\\\/avatar\\\/511f9e77a6a3d0cddd9074f69a722364bc7f787e73d4a0da1f727ba62704eda4?s=96&d=mm&r=g\",\"caption\":\"Marketing Univates\"},\"sameAs\":[\"http:\\\/\\\/univates.br\"],\"url\":\"https:\\\/\\\/www.univates.br\\\/blog\\\/author\\\/marketing\\\/\"}]}<\/script>\n<!-- \/ Yoast SEO plugin. -->","yoast_head_json":{"title":"Projeto proporciona aos alunos de Direito viv\u00eancia jur\u00eddica-empresarial - Univates Blog","robots":{"index":"index","follow":"follow","max-snippet":"max-snippet:-1","max-image-preview":"max-image-preview:large","max-video-preview":"max-video-preview:-1"},"canonical":"https:\/\/www.univates.br\/blog\/projeto-proporciona-aos-alunos-de-direito-vivencia-juridica-empresarial\/","og_locale":"pt_BR","og_type":"article","og_title":"Projeto proporciona aos alunos de Direito viv\u00eancia jur\u00eddica-empresarial - Univates Blog","og_description":"Voc\u00ea sabia que os&nbsp;alunos do curso de&nbsp;Direito&nbsp;da&nbsp;Univates&nbsp;t\u00eam in\u00fameras&nbsp;possibilidades de est\u00e1gio? Confira um pouco mais sobre o&nbsp;projeto&nbsp;Cl\u00ednica de Atendimento Jur\u00eddico-Empresarial! Esse espa\u00e7o foi elaborado pelo&nbsp;curso de Direito&nbsp;e pelo&nbsp;Parque Cient\u00edfico e Tecnol\u00f3gico do Vale do Taquari (Tecnovates). Ele busca&nbsp;promover e divulgar a&nbsp;pr\u00e1tica\u2026","og_url":"https:\/\/www.univates.br\/blog\/projeto-proporciona-aos-alunos-de-direito-vivencia-juridica-empresarial\/","og_site_name":"Univates Blog","article_published_time":"2022-05-09T16:35:35+00:00","article_modified_time":"2023-12-20T16:48:43+00:00","og_image":[{"url":"https:\/\/desenvolvimento.bravo.st\/univatesblog\/wp-content\/uploads\/2022\/05\/1566426307.0679.jpg","type":"","width":"","height":""}],"author":"Marketing Univates","twitter_card":"summary_large_image","twitter_misc":{"Escrito por":"Marketing Univates","Est. tempo de leitura":"4 minutos"},"schema":{"@context":"https:\/\/schema.org","@graph":[{"@type":"Article","@id":"https:\/\/www.univates.br\/blog\/projeto-proporciona-aos-alunos-de-direito-vivencia-juridica-empresarial\/#article","isPartOf":{"@id":"https:\/\/www.univates.br\/blog\/projeto-proporciona-aos-alunos-de-direito-vivencia-juridica-empresarial\/"},"author":{"name":"Marketing Univates","@id":"https:\/\/www.univates.br\/blog\/#\/schema\/person\/15c63917440cc5e70160c247b309af2f"},"headline":"Projeto proporciona aos alunos de Direito viv\u00eancia jur\u00eddica-empresarial","datePublished":"2022-05-09T16:35:35+00:00","dateModified":"2023-12-20T16:48:43+00:00","mainEntityOfPage":{"@id":"https:\/\/www.univates.br\/blog\/projeto-proporciona-aos-alunos-de-direito-vivencia-juridica-empresarial\/"},"wordCount":744,"commentCount":0,"image":{"@id":"https:\/\/www.univates.br\/blog\/projeto-proporciona-aos-alunos-de-direito-vivencia-juridica-empresarial\/#primaryimage"},"thumbnailUrl":"https:\/\/desenvolvimento.bravo.st\/univatesblog\/wp-content\/uploads\/2022\/05\/1566426307.0679.jpg","articleSection":["Univates"],"inLanguage":"pt-BR","potentialAction":[{"@type":"CommentAction","name":"Comment","target":["https:\/\/www.univates.br\/blog\/projeto-proporciona-aos-alunos-de-direito-vivencia-juridica-empresarial\/#respond"]}]},{"@type":"WebPage","@id":"https:\/\/www.univates.br\/blog\/projeto-proporciona-aos-alunos-de-direito-vivencia-juridica-empresarial\/","url":"https:\/\/www.univates.br\/blog\/projeto-proporciona-aos-alunos-de-direito-vivencia-juridica-empresarial\/","name":"Projeto proporciona aos alunos de Direito viv\u00eancia jur\u00eddica-empresarial - Univates Blog","isPartOf":{"@id":"https:\/\/www.univates.br\/blog\/#website"},"primaryImageOfPage":{"@id":"https:\/\/www.univates.br\/blog\/projeto-proporciona-aos-alunos-de-direito-vivencia-juridica-empresarial\/#primaryimage"},"image":{"@id":"https:\/\/www.univates.br\/blog\/projeto-proporciona-aos-alunos-de-direito-vivencia-juridica-empresarial\/#primaryimage"},"thumbnailUrl":"https:\/\/desenvolvimento.bravo.st\/univatesblog\/wp-content\/uploads\/2022\/05\/1566426307.0679.jpg","datePublished":"2022-05-09T16:35:35+00:00","dateModified":"2023-12-20T16:48:43+00:00","author":{"@id":"https:\/\/www.univates.br\/blog\/#\/schema\/person\/15c63917440cc5e70160c247b309af2f"},"breadcrumb":{"@id":"https:\/\/www.univates.br\/blog\/projeto-proporciona-aos-alunos-de-direito-vivencia-juridica-empresarial\/#breadcrumb"},"inLanguage":"pt-BR","potentialAction":[{"@type":"ReadAction","target":["https:\/\/www.univates.br\/blog\/projeto-proporciona-aos-alunos-de-direito-vivencia-juridica-empresarial\/"]}]},{"@type":"ImageObject","inLanguage":"pt-BR","@id":"https:\/\/www.univates.br\/blog\/projeto-proporciona-aos-alunos-de-direito-vivencia-juridica-empresarial\/#primaryimage","url":"https:\/\/desenvolvimento.bravo.st\/univatesblog\/wp-content\/uploads\/2022\/05\/1566426307.0679.jpg","contentUrl":"https:\/\/desenvolvimento.bravo.st\/univatesblog\/wp-content\/uploads\/2022\/05\/1566426307.0679.jpg"},{"@type":"BreadcrumbList","@id":"https:\/\/www.univates.br\/blog\/projeto-proporciona-aos-alunos-de-direito-vivencia-juridica-empresarial\/#breadcrumb","itemListElement":[{"@type":"ListItem","position":1,"name":"Home","item":"https:\/\/www.univates.br\/blog\/"},{"@type":"ListItem","position":2,"name":"Projeto proporciona aos alunos de Direito viv\u00eancia jur\u00eddica-empresarial"}]},{"@type":"WebSite","@id":"https:\/\/www.univates.br\/blog\/#website","url":"https:\/\/www.univates.br\/blog\/","name":"Univates Blog","description":"","potentialAction":[{"@type":"SearchAction","target":{"@type":"EntryPoint","urlTemplate":"https:\/\/www.univates.br\/blog\/?s={search_term_string}"},"query-input":{"@type":"PropertyValueSpecification","valueRequired":true,"valueName":"search_term_string"}}],"inLanguage":"pt-BR"},{"@type":"Person","@id":"https:\/\/www.univates.br\/blog\/#\/schema\/person\/15c63917440cc5e70160c247b309af2f","name":"Marketing Univates","image":{"@type":"ImageObject","inLanguage":"pt-BR","@id":"https:\/\/secure.gravatar.com\/avatar\/511f9e77a6a3d0cddd9074f69a722364bc7f787e73d4a0da1f727ba62704eda4?s=96&d=mm&r=g","url":"https:\/\/secure.gravatar.com\/avatar\/511f9e77a6a3d0cddd9074f69a722364bc7f787e73d4a0da1f727ba62704eda4?s=96&d=mm&r=g","contentUrl":"https:\/\/secure.gravatar.com\/avatar\/511f9e77a6a3d0cddd9074f69a722364bc7f787e73d4a0da1f727ba62704eda4?s=96&d=mm&r=g","caption":"Marketing Univates"},"sameAs":["http:\/\/univates.br"],"url":"https:\/\/www.univates.br\/blog\/author\/marketing\/"}]}},"_links":{"self":[{"href":"https:\/\/www.univates.br\/blog\/wp-json\/wp\/v2\/posts\/1129","targetHints":{"allow":["GET"]}}],"collection":[{"href":"https:\/\/www.univates.br\/blog\/wp-json\/wp\/v2\/posts"}],"about":[{"href":"https:\/\/www.univates.br\/blog\/wp-json\/wp\/v2\/types\/post"}],"author":[{"embeddable":true,"href":"https:\/\/www.univates.br\/blog\/wp-json\/wp\/v2\/users\/2"}],"replies":[{"embeddable":true,"href":"https:\/\/www.univates.br\/blog\/wp-json\/wp\/v2\/comments?post=1129"}],"version-history":[{"count":10,"href":"https:\/\/www.univates.br\/blog\/wp-json\/wp\/v2\/posts\/1129\/revisions"}],"predecessor-version":[{"id":4751,"href":"https:\/\/www.univates.br\/blog\/wp-json\/wp\/v2\/posts\/1129\/revisions\/4751"}],"wp:attachment":[{"href":"https:\/\/www.univates.br\/blog\/wp-json\/wp\/v2\/media?parent=1129"}],"wp:term":[{"taxonomy":"category","embeddable":true,"href":"https:\/\/www.univates.br\/blog\/wp-json\/wp\/v2\/categories?post=1129"}],"curies":[{"name":"wp","href":"https:\/\/api.w.org\/{rel}","templated":true}]}}