{"id":1140,"date":"2022-05-09T13:46:47","date_gmt":"2022-05-09T16:46:47","guid":{"rendered":"https:\/\/desenvolvimento.bravo.st\/univatesblog\/?p=1140"},"modified":"2023-12-20T20:44:12","modified_gmt":"2023-12-20T23:44:12","slug":"qual-pos-graduacao-devo-escolher","status":"publish","type":"post","link":"https:\/\/www.univates.br\/blog\/qual-pos-graduacao-devo-escolher\/","title":{"rendered":"Qual p\u00f3s-gradua\u00e7\u00e3o devo escolher?"},"content":{"rendered":"\n<p>Voc\u00ea sabia que existem v\u00e1rias&nbsp;<strong>modalidades de p\u00f3s-gradua\u00e7\u00e3o<\/strong>? Pois \u00e9, algumas s\u00e3o mais&nbsp;<strong>voltadas para o mercado<\/strong>, outras para a&nbsp;<strong>forma\u00e7\u00e3o de pesquisadores<\/strong>. Conhe\u00e7a as&nbsp;<strong>principais caracter\u00edsticas<\/strong>&nbsp;e escolha aquela que mais se encaixa nos seus&nbsp;<strong>planos de carreira<\/strong>.<\/p>\n\n\n\n<h2 class=\"wp-block-heading\">P\u00f3s-gradua\u00e7\u00e3o lato sensu, tamb\u00e9m chamado de especializa\u00e7\u00e3o<\/h2>\n\n\n\n<p>Como o pr\u00f3prio nome em latim diz, esses&nbsp;<strong>cursos<\/strong>&nbsp;s\u00e3o amplos se considerarmos que neles s\u00e3o abordados v\u00e1rios temas, mas que ainda assim contribuem para uma&nbsp;<strong>forma\u00e7\u00e3o mais especializada<\/strong>&nbsp;em determinada \u00e1rea do conhecimento. S\u00e3o&nbsp;<strong>programas de n\u00edvel superior<\/strong>,&nbsp;<strong>de educa\u00e7\u00e3o continuada<\/strong>, com os objetivos de&nbsp;<strong>complementar a forma\u00e7\u00e3o acad\u00eamica<\/strong>,&nbsp;<strong>atualizar<\/strong>,&nbsp;<strong>incorporar compet\u00eancias t\u00e9cnicas<\/strong>&nbsp;e&nbsp;<strong>desenvolver novos perfis profissionais<\/strong>, tendo em vista o&nbsp;<strong>aprimoramento da atua\u00e7\u00e3o no mundo do trabalho<\/strong>&nbsp;e o&nbsp;<strong>atendimento de demandas por profissionais tecnicamente mais qualificados<\/strong>, contribuindo assim para o desenvolvimento do pa\u00eds.<\/p>\n\n\n\n<p>Os&nbsp;<strong><em>MBAs<\/em><\/strong>, ou&nbsp;<strong><em>Master Business of Administration<\/em><\/strong>, tamb\u00e9m s\u00e3o considerados&nbsp;<strong>cursos de especializa\u00e7\u00e3o<\/strong>, e s\u00e3o bastante&nbsp;<strong>focados nas \u00e1reas da gest\u00e3o<\/strong>.<\/p>\n\n\n\n<p>Para fazer uma&nbsp;<strong>especializa\u00e7\u00e3o<\/strong>, geralmente&nbsp;<strong>n\u00e3o h\u00e1 processo seletivo<\/strong>. Basta ser portador de diploma de curso de n\u00edvel superior (<strong>curso tecnol\u00f3gico<\/strong>&nbsp;ou de&nbsp;<strong>gradua\u00e7\u00e3o<\/strong>) que atenda \u00e0s exig\u00eancias das institui\u00e7\u00f5es de ensino \u2013 Art. 44, III, Lei n\u00ba 9.394\/1996. A\u00ed \u00e9 s\u00f3 se inscrever.<\/p>\n\n\n\n<p>A carga hor\u00e1ria do curso \u00e9 de, no m\u00ednimo, 360 horas e, para obten\u00e7\u00e3o do certificado, al\u00e9m de ser aprovado em todas as disciplinas do curso, \u00e9 necess\u00e1ria a realiza\u00e7\u00e3o de um trabalho de conclus\u00e3o de curso (que pode ser um artigo que obede\u00e7a a normas cient\u00edficas, por exemplo).<\/p>\n\n\n\n<figure class=\"wp-block-image size-full\"><img loading=\"lazy\" decoding=\"async\" width=\"729\" height=\"486\" src=\"https:\/\/desenvolvimento.bravo.st\/univatesblog\/wp-content\/uploads\/2022\/05\/1531752421.9773_300_300.jpg\" alt=\"\" class=\"wp-image-2151\" srcset=\"https:\/\/www.univates.br\/blog\/wp-content\/uploads\/2022\/05\/1531752421.9773_300_300.jpg 729w, https:\/\/www.univates.br\/blog\/wp-content\/uploads\/2022\/05\/1531752421.9773_300_300-600x400.jpg 600w, https:\/\/www.univates.br\/blog\/wp-content\/uploads\/2022\/05\/1531752421.9773_300_300-150x100.jpg 150w\" sizes=\"auto, (max-width: 729px) 100vw, 729px\" \/><figcaption>Foto: Tuane Eggers<\/figcaption><\/figure>\n\n\n\n<p>A&nbsp;<strong>especializa\u00e7\u00e3o<\/strong>&nbsp;\u00e9 uma&nbsp;<strong>\u00f3tima oportunidade para quem<\/strong>:<\/p>\n\n\n\n<p><strong>busca qualifica\u00e7\u00e3o em uma \u00e1rea espec\u00edfica da sua forma\u00e7\u00e3o&nbsp;<\/strong>ou para quem&nbsp;<strong>quer ampliar seu conhecimento em uma \u00e1rea relacionada \u00e0 sua atividade profissional<\/strong>;<\/p>\n\n\n\n<p><strong>busca uma recoloca\u00e7\u00e3o ou melhores posi\u00e7\u00f5es no mercado<\/strong>;<\/p>\n\n\n\n<p><strong>quer fazer contatos e aumentar seu&nbsp;<em>networking<\/em>&nbsp;profissional<\/strong>.<\/p>\n\n\n\n<p>Conhe\u00e7a as&nbsp;<strong>op\u00e7\u00f5es de especializa\u00e7\u00e3o<\/strong>&nbsp;da Univates&nbsp;<a href=\"https:\/\/www.univates.br\/especializacao\">aqui<\/a>.<\/p>\n\n\n\n<h2 class=\"wp-block-heading\">P\u00f3s-gradua\u00e7\u00e3o stricto sensu<a rel=\"noreferrer noopener\" href=\"https:\/\/materiais.univates.br\/mercado-de-trabalho-modalidade\" target=\"_blank\"><\/a><\/h2>\n\n\n\n<p>Do latim,&nbsp;<em><strong>stricto sensu<\/strong><\/em>&nbsp;significa \u201cem sentido espec\u00edfico\u201d. Ou seja, na&nbsp;<strong>p\u00f3s-gradua\u00e7\u00e3o<\/strong>&nbsp;indica os&nbsp;<strong>cursos em que o estudante aprofunda o conhecimento em determinada \u00e1rea<\/strong>. S\u00e3o os&nbsp;<strong>cursos de mestrado e doutorado<\/strong>, que podem ser&nbsp;<strong>profissionais ou acad\u00eamicos<\/strong>. A dura\u00e7\u00e3o dos&nbsp;<strong>cursos<\/strong>&nbsp;\u00e9 de dois anos para o&nbsp;<strong>mestrado<\/strong>&nbsp;e quatro anos para o&nbsp;<strong>doutorado<\/strong>. Geralmente os&nbsp;<strong>cursos<\/strong>&nbsp;s\u00e3o organizados por&nbsp;<strong>Programas de P\u00f3s-Gradua\u00e7\u00e3o<\/strong>, conhecidos como&nbsp;<strong>PPGs<\/strong>. Confira mais.&nbsp;<\/p>\n\n\n\n<p><strong>Mestrado e Doutorado Profissional<\/strong>: os&nbsp;<strong>cursos<\/strong>&nbsp;<strong>de mestrado e<\/strong>&nbsp;<strong>doutorado<\/strong>&nbsp;<strong>profissional<\/strong>&nbsp;tamb\u00e9m se aproximam do mercado, mas a diferen\u00e7a \u00e9 que&nbsp;<strong>os estudantes desenvolvem o conhecimento em uma \u00e1rea espec\u00edfica<\/strong>. Nesses&nbsp;<strong>cursos<\/strong>, os&nbsp;<strong>mestrandos<\/strong>&nbsp;e&nbsp;<strong>doutorandos<\/strong>&nbsp;desenvolvem pesquisas e o&nbsp;<strong>trabalho final do curso deve procurar resolver problemas reais<\/strong>. Por exemplo, na \u00e1rea de ensino, os&nbsp;<strong>diplomados<\/strong>&nbsp;podem produzir materiais did\u00e1ticos para serem utilizados em sala de aula. Ou na \u00e1rea da agricultura, os&nbsp;<strong>diplomados<\/strong>&nbsp;podem avaliar a qualidade da \u00e1gua e propor processos e tecnologias para tratamento da \u00e1gua.<\/p>\n\n\n\n<p>Para ingressar, \u00e9 necess\u00e1rio ter diploma de curso de ensino superior e participar de um&nbsp;<strong>processo de sele\u00e7\u00e3o<\/strong>.<\/p>\n\n\n\n<p>Quem conclui um\u00a0<strong>mestrado<\/strong>\u00a0ou\u00a0<strong>doutorado<\/strong>\u00a0<strong>profissional<\/strong>\u00a0recebe diploma e geralmente segue\u00a0<strong>carreira no mercado de trabalho<\/strong>.<\/p>\n\n\n\n<figure class=\"wp-block-image size-full\"><img loading=\"lazy\" decoding=\"async\" width=\"729\" height=\"486\" src=\"https:\/\/desenvolvimento.bravo.st\/univatesblog\/wp-content\/uploads\/2022\/05\/1531752422.1893_300_300.jpg\" alt=\"\" class=\"wp-image-2152\" srcset=\"https:\/\/www.univates.br\/blog\/wp-content\/uploads\/2022\/05\/1531752422.1893_300_300.jpg 729w, https:\/\/www.univates.br\/blog\/wp-content\/uploads\/2022\/05\/1531752422.1893_300_300-600x400.jpg 600w, https:\/\/www.univates.br\/blog\/wp-content\/uploads\/2022\/05\/1531752422.1893_300_300-150x100.jpg 150w\" sizes=\"auto, (max-width: 729px) 100vw, 729px\" \/><figcaption>(Foto: Tuane Eggers)<\/figcaption><\/figure>\n\n\n\n<p>Os&nbsp;<strong>mestrados<\/strong>&nbsp;e&nbsp;<strong>doutorados profissionais<\/strong>&nbsp;s\u00e3o \u00f3timas&nbsp;<strong>op\u00e7\u00f5es<\/strong>&nbsp;para quem:<\/p>\n\n\n\n<p><strong>busca maior aprofundamento em determinada \u00e1rea<\/strong>;<\/p>\n\n\n\n<p><strong>tem o objetivo de desenvolver produtos, tecnologias ou processos inovadores<\/strong>&nbsp;que possam ser aplicados em ind\u00fastrias e escolas, por exemplo.<\/p>\n\n\n\n<p>Na&nbsp;<strong>Univates<\/strong>&nbsp;h\u00e1 dois&nbsp;<strong>PPGs profissionais<\/strong>: em&nbsp;<a href=\"https:\/\/www.univates.br\/ppgece\/\">Ensino de Ci\u00eancias Exatas (PPGECE)<\/a>&nbsp;e em&nbsp;<a href=\"https:\/\/www.univates.br\/ppgsas\/\">Sistemas Ambientais Sustent\u00e1veis (PPGSAS)<\/a>.<\/p>\n\n\n\n<p><strong>Mestrado e Doutorado Acad\u00eamico<\/strong>:&nbsp;esta&nbsp;<strong>modalidade de p\u00f3s-gradua\u00e7\u00e3o<\/strong>&nbsp;<em><strong>stricto sensu<\/strong><\/em>&nbsp;\u00e9 voltada para quem&nbsp;<strong>busca<\/strong>&nbsp;<strong>seguir carreira acad\u00eamica<\/strong>, seja como&nbsp;<strong>professor universit\u00e1rio<\/strong>&nbsp;ou como&nbsp;<strong>pesquisador<\/strong>. As pesquisas podem estar relacionadas \u00e0&nbsp;<strong>resolu\u00e7\u00e3o de problemas reais<\/strong>, mas tamb\u00e9m podem&nbsp;<strong>buscar responder quest\u00f5es te\u00f3ricas<\/strong>.<\/p>\n\n\n\n<p>Para ingressar, \u00e9 necess\u00e1rio ter diploma de curso de ensino superior e participar de um&nbsp;<strong>processo de sele\u00e7\u00e3o<\/strong>.<\/p>\n\n\n\n<p>Assim como os&nbsp;<strong>cursos&nbsp;<em>stricto sensu<\/em><\/strong>&nbsp;<strong>profissionais<\/strong>, a dura\u00e7\u00e3o dos&nbsp;<strong>cursos<\/strong>&nbsp;\u00e9 de dois anos para o&nbsp;<strong>mestrado<\/strong>&nbsp;e quatro anos para o&nbsp;<strong>doutorado<\/strong>. E quem conclui recebe diploma.<\/p>\n\n\n\n<div class=\"wp-block-media-text alignwide is-stacked-on-mobile\"><figure class=\"wp-block-media-text__media\"><img loading=\"lazy\" decoding=\"async\" width=\"291\" height=\"194\" src=\"https:\/\/desenvolvimento.bravo.st\/univatesblog\/wp-content\/uploads\/2022\/05\/1566563784.633.jpg\" alt=\"\" class=\"wp-image-1141 size-full\" srcset=\"https:\/\/www.univates.br\/blog\/wp-content\/uploads\/2022\/05\/1566563784.633.jpg 291w, https:\/\/www.univates.br\/blog\/wp-content\/uploads\/2022\/05\/1566563784.633-150x100.jpg 150w\" sizes=\"auto, (max-width: 291px) 100vw, 291px\" \/><\/figure><div class=\"wp-block-media-text__content\">\n<p>Os&nbsp;<strong>mestrados<\/strong>&nbsp;e&nbsp;<strong>doutorados acad\u00eamicos<\/strong>&nbsp;s\u00e3o \u00f3timas&nbsp;<strong>op\u00e7\u00f5es<\/strong>&nbsp;para quem:<\/p>\n\n\n\n<p><strong>planeja ser professor universit\u00e1rio<\/strong>;<\/p>\n\n\n\n<p>sempre sonhou em&nbsp;<strong>ser pesquisador<\/strong>;<\/p>\n\n\n\n<p>tem interesse em descobrir propriedades que podem n\u00e3o ser aplicadas diretamente, mas podem\u00a0<strong>influenciar outras pesquisas<\/strong>.<\/p>\n\n\n\n<p><em>(Foto: Bruna Alves)<\/em><\/p>\n<\/div><\/div>\n\n\n\n<p>Na&nbsp;<strong>Univates<\/strong>&nbsp;h\u00e1 tr\u00eas&nbsp;<strong>PPGs acad\u00eamicos<\/strong>: em&nbsp;<a href=\"https:\/\/www.univates.br\/ppgad\/\">Ambiente e Desenvolvimento (PPGAD)<\/a>, em&nbsp;<a href=\"https:\/\/www.univates.br\/ppgbiotec\/\">Biotecnologia (PPGBiotec)<\/a>&nbsp;e em&nbsp;<a href=\"https:\/\/www.univates.br\/ppgensino\/\">Ensino (PPGEnsino)<\/a>.<\/p>\n\n\n\n<p>Confira&nbsp;<a href=\"https:\/\/www.univates.br\/noticia\/22139-por-que-estudar-na-univates\">aqui&nbsp;<\/a>por que escolher a&nbsp;<strong>Univates<\/strong>.<\/p>\n","protected":false},"excerpt":{"rendered":"<p>Voc\u00ea sabia que existem v\u00e1rias&nbsp;modalidades de p\u00f3s-gradua\u00e7\u00e3o? Pois \u00e9, algumas s\u00e3o mais&nbsp;voltadas para o mercado, outras para a&nbsp;forma\u00e7\u00e3o de pesquisadores. Conhe\u00e7a as&nbsp;principais caracter\u00edsticas&nbsp;e escolha aquela que mais se encaixa nos seus&nbsp;planos de carreira. P\u00f3s-gradua\u00e7\u00e3o lato sensu, tamb\u00e9m chamado de especializa\u00e7\u00e3o\u2026<\/p>\n","protected":false},"author":2,"featured_media":0,"comment_status":"open","ping_status":"open","sticky":false,"template":"","format":"standard","meta":{"_acf_changed":false,"footnotes":""},"categories":[33,69],"class_list":["post-1140","post","type-post","status-publish","format-standard","hentry","category-carreira","category-pos-graduacao","autor-nicole-moras","area-pos-graduacao"],"acf":[],"yoast_head":"<!-- This site is optimized with the Yoast SEO plugin v27.3 - https:\/\/yoast.com\/product\/yoast-seo-wordpress\/ -->\n<title>Qual p\u00f3s-gradua\u00e7\u00e3o devo escolher? - Univates Blog<\/title>\n<meta name=\"robots\" content=\"index, follow, max-snippet:-1, max-image-preview:large, max-video-preview:-1\" \/>\n<link rel=\"canonical\" href=\"https:\/\/www.univates.br\/blog\/qual-pos-graduacao-devo-escolher\/\" \/>\n<meta property=\"og:locale\" content=\"pt_BR\" \/>\n<meta property=\"og:type\" content=\"article\" \/>\n<meta property=\"og:title\" content=\"Qual p\u00f3s-gradua\u00e7\u00e3o devo escolher? - Univates Blog\" \/>\n<meta property=\"og:description\" content=\"Voc\u00ea sabia que existem v\u00e1rias&nbsp;modalidades de p\u00f3s-gradua\u00e7\u00e3o? Pois \u00e9, algumas s\u00e3o mais&nbsp;voltadas para o mercado, outras para a&nbsp;forma\u00e7\u00e3o de pesquisadores. Conhe\u00e7a as&nbsp;principais caracter\u00edsticas&nbsp;e escolha aquela que mais se encaixa nos seus&nbsp;planos de carreira. P\u00f3s-gradua\u00e7\u00e3o lato sensu, tamb\u00e9m chamado de especializa\u00e7\u00e3o\u2026\" \/>\n<meta property=\"og:url\" content=\"https:\/\/www.univates.br\/blog\/qual-pos-graduacao-devo-escolher\/\" \/>\n<meta property=\"og:site_name\" content=\"Univates Blog\" \/>\n<meta property=\"article:published_time\" content=\"2022-05-09T16:46:47+00:00\" \/>\n<meta property=\"article:modified_time\" content=\"2023-12-20T23:44:12+00:00\" \/>\n<meta property=\"og:image\" content=\"https:\/\/desenvolvimento.bravo.st\/univatesblog\/wp-content\/uploads\/2022\/05\/1531752421.9773_300_300.jpg\" \/>\n<meta name=\"author\" content=\"Marketing Univates\" \/>\n<meta name=\"twitter:card\" content=\"summary_large_image\" \/>\n<meta name=\"twitter:label1\" content=\"Escrito por\" \/>\n\t<meta name=\"twitter:data1\" content=\"Marketing Univates\" \/>\n\t<meta name=\"twitter:label2\" content=\"Est. tempo de leitura\" \/>\n\t<meta name=\"twitter:data2\" content=\"5 minutos\" \/>\n<script type=\"application\/ld+json\" class=\"yoast-schema-graph\">{\"@context\":\"https:\\\/\\\/schema.org\",\"@graph\":[{\"@type\":\"Article\",\"@id\":\"https:\\\/\\\/www.univates.br\\\/blog\\\/qual-pos-graduacao-devo-escolher\\\/#article\",\"isPartOf\":{\"@id\":\"https:\\\/\\\/www.univates.br\\\/blog\\\/qual-pos-graduacao-devo-escolher\\\/\"},\"author\":{\"name\":\"Marketing Univates\",\"@id\":\"https:\\\/\\\/www.univates.br\\\/blog\\\/#\\\/schema\\\/person\\\/15c63917440cc5e70160c247b309af2f\"},\"headline\":\"Qual p\u00f3s-gradua\u00e7\u00e3o devo escolher?\",\"datePublished\":\"2022-05-09T16:46:47+00:00\",\"dateModified\":\"2023-12-20T23:44:12+00:00\",\"mainEntityOfPage\":{\"@id\":\"https:\\\/\\\/www.univates.br\\\/blog\\\/qual-pos-graduacao-devo-escolher\\\/\"},\"wordCount\":919,\"commentCount\":0,\"image\":{\"@id\":\"https:\\\/\\\/www.univates.br\\\/blog\\\/qual-pos-graduacao-devo-escolher\\\/#primaryimage\"},\"thumbnailUrl\":\"https:\\\/\\\/desenvolvimento.bravo.st\\\/univatesblog\\\/wp-content\\\/uploads\\\/2022\\\/05\\\/1531752421.9773_300_300.jpg\",\"articleSection\":[\"Carreira\",\"P\u00f3s-gradua\u00e7\u00e3o\"],\"inLanguage\":\"pt-BR\",\"potentialAction\":[{\"@type\":\"CommentAction\",\"name\":\"Comment\",\"target\":[\"https:\\\/\\\/www.univates.br\\\/blog\\\/qual-pos-graduacao-devo-escolher\\\/#respond\"]}]},{\"@type\":\"WebPage\",\"@id\":\"https:\\\/\\\/www.univates.br\\\/blog\\\/qual-pos-graduacao-devo-escolher\\\/\",\"url\":\"https:\\\/\\\/www.univates.br\\\/blog\\\/qual-pos-graduacao-devo-escolher\\\/\",\"name\":\"Qual p\u00f3s-gradua\u00e7\u00e3o devo escolher? - Univates Blog\",\"isPartOf\":{\"@id\":\"https:\\\/\\\/www.univates.br\\\/blog\\\/#website\"},\"primaryImageOfPage\":{\"@id\":\"https:\\\/\\\/www.univates.br\\\/blog\\\/qual-pos-graduacao-devo-escolher\\\/#primaryimage\"},\"image\":{\"@id\":\"https:\\\/\\\/www.univates.br\\\/blog\\\/qual-pos-graduacao-devo-escolher\\\/#primaryimage\"},\"thumbnailUrl\":\"https:\\\/\\\/desenvolvimento.bravo.st\\\/univatesblog\\\/wp-content\\\/uploads\\\/2022\\\/05\\\/1531752421.9773_300_300.jpg\",\"datePublished\":\"2022-05-09T16:46:47+00:00\",\"dateModified\":\"2023-12-20T23:44:12+00:00\",\"author\":{\"@id\":\"https:\\\/\\\/www.univates.br\\\/blog\\\/#\\\/schema\\\/person\\\/15c63917440cc5e70160c247b309af2f\"},\"breadcrumb\":{\"@id\":\"https:\\\/\\\/www.univates.br\\\/blog\\\/qual-pos-graduacao-devo-escolher\\\/#breadcrumb\"},\"inLanguage\":\"pt-BR\",\"potentialAction\":[{\"@type\":\"ReadAction\",\"target\":[\"https:\\\/\\\/www.univates.br\\\/blog\\\/qual-pos-graduacao-devo-escolher\\\/\"]}]},{\"@type\":\"ImageObject\",\"inLanguage\":\"pt-BR\",\"@id\":\"https:\\\/\\\/www.univates.br\\\/blog\\\/qual-pos-graduacao-devo-escolher\\\/#primaryimage\",\"url\":\"https:\\\/\\\/desenvolvimento.bravo.st\\\/univatesblog\\\/wp-content\\\/uploads\\\/2022\\\/05\\\/1531752421.9773_300_300.jpg\",\"contentUrl\":\"https:\\\/\\\/desenvolvimento.bravo.st\\\/univatesblog\\\/wp-content\\\/uploads\\\/2022\\\/05\\\/1531752421.9773_300_300.jpg\"},{\"@type\":\"BreadcrumbList\",\"@id\":\"https:\\\/\\\/www.univates.br\\\/blog\\\/qual-pos-graduacao-devo-escolher\\\/#breadcrumb\",\"itemListElement\":[{\"@type\":\"ListItem\",\"position\":1,\"name\":\"Home\",\"item\":\"https:\\\/\\\/www.univates.br\\\/blog\\\/\"},{\"@type\":\"ListItem\",\"position\":2,\"name\":\"Qual p\u00f3s-gradua\u00e7\u00e3o devo escolher?\"}]},{\"@type\":\"WebSite\",\"@id\":\"https:\\\/\\\/www.univates.br\\\/blog\\\/#website\",\"url\":\"https:\\\/\\\/www.univates.br\\\/blog\\\/\",\"name\":\"Univates Blog\",\"description\":\"\",\"potentialAction\":[{\"@type\":\"SearchAction\",\"target\":{\"@type\":\"EntryPoint\",\"urlTemplate\":\"https:\\\/\\\/www.univates.br\\\/blog\\\/?s={search_term_string}\"},\"query-input\":{\"@type\":\"PropertyValueSpecification\",\"valueRequired\":true,\"valueName\":\"search_term_string\"}}],\"inLanguage\":\"pt-BR\"},{\"@type\":\"Person\",\"@id\":\"https:\\\/\\\/www.univates.br\\\/blog\\\/#\\\/schema\\\/person\\\/15c63917440cc5e70160c247b309af2f\",\"name\":\"Marketing Univates\",\"image\":{\"@type\":\"ImageObject\",\"inLanguage\":\"pt-BR\",\"@id\":\"https:\\\/\\\/secure.gravatar.com\\\/avatar\\\/511f9e77a6a3d0cddd9074f69a722364bc7f787e73d4a0da1f727ba62704eda4?s=96&d=mm&r=g\",\"url\":\"https:\\\/\\\/secure.gravatar.com\\\/avatar\\\/511f9e77a6a3d0cddd9074f69a722364bc7f787e73d4a0da1f727ba62704eda4?s=96&d=mm&r=g\",\"contentUrl\":\"https:\\\/\\\/secure.gravatar.com\\\/avatar\\\/511f9e77a6a3d0cddd9074f69a722364bc7f787e73d4a0da1f727ba62704eda4?s=96&d=mm&r=g\",\"caption\":\"Marketing Univates\"},\"sameAs\":[\"http:\\\/\\\/univates.br\"],\"url\":\"https:\\\/\\\/www.univates.br\\\/blog\\\/author\\\/marketing\\\/\"}]}<\/script>\n<!-- \/ Yoast SEO plugin. -->","yoast_head_json":{"title":"Qual p\u00f3s-gradua\u00e7\u00e3o devo escolher? - Univates Blog","robots":{"index":"index","follow":"follow","max-snippet":"max-snippet:-1","max-image-preview":"max-image-preview:large","max-video-preview":"max-video-preview:-1"},"canonical":"https:\/\/www.univates.br\/blog\/qual-pos-graduacao-devo-escolher\/","og_locale":"pt_BR","og_type":"article","og_title":"Qual p\u00f3s-gradua\u00e7\u00e3o devo escolher? - Univates Blog","og_description":"Voc\u00ea sabia que existem v\u00e1rias&nbsp;modalidades de p\u00f3s-gradua\u00e7\u00e3o? Pois \u00e9, algumas s\u00e3o mais&nbsp;voltadas para o mercado, outras para a&nbsp;forma\u00e7\u00e3o de pesquisadores. Conhe\u00e7a as&nbsp;principais caracter\u00edsticas&nbsp;e escolha aquela que mais se encaixa nos seus&nbsp;planos de carreira. P\u00f3s-gradua\u00e7\u00e3o lato sensu, tamb\u00e9m chamado de especializa\u00e7\u00e3o\u2026","og_url":"https:\/\/www.univates.br\/blog\/qual-pos-graduacao-devo-escolher\/","og_site_name":"Univates Blog","article_published_time":"2022-05-09T16:46:47+00:00","article_modified_time":"2023-12-20T23:44:12+00:00","og_image":[{"url":"https:\/\/desenvolvimento.bravo.st\/univatesblog\/wp-content\/uploads\/2022\/05\/1531752421.9773_300_300.jpg","type":"","width":"","height":""}],"author":"Marketing Univates","twitter_card":"summary_large_image","twitter_misc":{"Escrito por":"Marketing Univates","Est. tempo de leitura":"5 minutos"},"schema":{"@context":"https:\/\/schema.org","@graph":[{"@type":"Article","@id":"https:\/\/www.univates.br\/blog\/qual-pos-graduacao-devo-escolher\/#article","isPartOf":{"@id":"https:\/\/www.univates.br\/blog\/qual-pos-graduacao-devo-escolher\/"},"author":{"name":"Marketing Univates","@id":"https:\/\/www.univates.br\/blog\/#\/schema\/person\/15c63917440cc5e70160c247b309af2f"},"headline":"Qual p\u00f3s-gradua\u00e7\u00e3o devo escolher?","datePublished":"2022-05-09T16:46:47+00:00","dateModified":"2023-12-20T23:44:12+00:00","mainEntityOfPage":{"@id":"https:\/\/www.univates.br\/blog\/qual-pos-graduacao-devo-escolher\/"},"wordCount":919,"commentCount":0,"image":{"@id":"https:\/\/www.univates.br\/blog\/qual-pos-graduacao-devo-escolher\/#primaryimage"},"thumbnailUrl":"https:\/\/desenvolvimento.bravo.st\/univatesblog\/wp-content\/uploads\/2022\/05\/1531752421.9773_300_300.jpg","articleSection":["Carreira","P\u00f3s-gradua\u00e7\u00e3o"],"inLanguage":"pt-BR","potentialAction":[{"@type":"CommentAction","name":"Comment","target":["https:\/\/www.univates.br\/blog\/qual-pos-graduacao-devo-escolher\/#respond"]}]},{"@type":"WebPage","@id":"https:\/\/www.univates.br\/blog\/qual-pos-graduacao-devo-escolher\/","url":"https:\/\/www.univates.br\/blog\/qual-pos-graduacao-devo-escolher\/","name":"Qual p\u00f3s-gradua\u00e7\u00e3o devo escolher? - Univates Blog","isPartOf":{"@id":"https:\/\/www.univates.br\/blog\/#website"},"primaryImageOfPage":{"@id":"https:\/\/www.univates.br\/blog\/qual-pos-graduacao-devo-escolher\/#primaryimage"},"image":{"@id":"https:\/\/www.univates.br\/blog\/qual-pos-graduacao-devo-escolher\/#primaryimage"},"thumbnailUrl":"https:\/\/desenvolvimento.bravo.st\/univatesblog\/wp-content\/uploads\/2022\/05\/1531752421.9773_300_300.jpg","datePublished":"2022-05-09T16:46:47+00:00","dateModified":"2023-12-20T23:44:12+00:00","author":{"@id":"https:\/\/www.univates.br\/blog\/#\/schema\/person\/15c63917440cc5e70160c247b309af2f"},"breadcrumb":{"@id":"https:\/\/www.univates.br\/blog\/qual-pos-graduacao-devo-escolher\/#breadcrumb"},"inLanguage":"pt-BR","potentialAction":[{"@type":"ReadAction","target":["https:\/\/www.univates.br\/blog\/qual-pos-graduacao-devo-escolher\/"]}]},{"@type":"ImageObject","inLanguage":"pt-BR","@id":"https:\/\/www.univates.br\/blog\/qual-pos-graduacao-devo-escolher\/#primaryimage","url":"https:\/\/desenvolvimento.bravo.st\/univatesblog\/wp-content\/uploads\/2022\/05\/1531752421.9773_300_300.jpg","contentUrl":"https:\/\/desenvolvimento.bravo.st\/univatesblog\/wp-content\/uploads\/2022\/05\/1531752421.9773_300_300.jpg"},{"@type":"BreadcrumbList","@id":"https:\/\/www.univates.br\/blog\/qual-pos-graduacao-devo-escolher\/#breadcrumb","itemListElement":[{"@type":"ListItem","position":1,"name":"Home","item":"https:\/\/www.univates.br\/blog\/"},{"@type":"ListItem","position":2,"name":"Qual p\u00f3s-gradua\u00e7\u00e3o devo escolher?"}]},{"@type":"WebSite","@id":"https:\/\/www.univates.br\/blog\/#website","url":"https:\/\/www.univates.br\/blog\/","name":"Univates Blog","description":"","potentialAction":[{"@type":"SearchAction","target":{"@type":"EntryPoint","urlTemplate":"https:\/\/www.univates.br\/blog\/?s={search_term_string}"},"query-input":{"@type":"PropertyValueSpecification","valueRequired":true,"valueName":"search_term_string"}}],"inLanguage":"pt-BR"},{"@type":"Person","@id":"https:\/\/www.univates.br\/blog\/#\/schema\/person\/15c63917440cc5e70160c247b309af2f","name":"Marketing Univates","image":{"@type":"ImageObject","inLanguage":"pt-BR","@id":"https:\/\/secure.gravatar.com\/avatar\/511f9e77a6a3d0cddd9074f69a722364bc7f787e73d4a0da1f727ba62704eda4?s=96&d=mm&r=g","url":"https:\/\/secure.gravatar.com\/avatar\/511f9e77a6a3d0cddd9074f69a722364bc7f787e73d4a0da1f727ba62704eda4?s=96&d=mm&r=g","contentUrl":"https:\/\/secure.gravatar.com\/avatar\/511f9e77a6a3d0cddd9074f69a722364bc7f787e73d4a0da1f727ba62704eda4?s=96&d=mm&r=g","caption":"Marketing Univates"},"sameAs":["http:\/\/univates.br"],"url":"https:\/\/www.univates.br\/blog\/author\/marketing\/"}]}},"_links":{"self":[{"href":"https:\/\/www.univates.br\/blog\/wp-json\/wp\/v2\/posts\/1140","targetHints":{"allow":["GET"]}}],"collection":[{"href":"https:\/\/www.univates.br\/blog\/wp-json\/wp\/v2\/posts"}],"about":[{"href":"https:\/\/www.univates.br\/blog\/wp-json\/wp\/v2\/types\/post"}],"author":[{"embeddable":true,"href":"https:\/\/www.univates.br\/blog\/wp-json\/wp\/v2\/users\/2"}],"replies":[{"embeddable":true,"href":"https:\/\/www.univates.br\/blog\/wp-json\/wp\/v2\/comments?post=1140"}],"version-history":[{"count":13,"href":"https:\/\/www.univates.br\/blog\/wp-json\/wp\/v2\/posts\/1140\/revisions"}],"predecessor-version":[{"id":5052,"href":"https:\/\/www.univates.br\/blog\/wp-json\/wp\/v2\/posts\/1140\/revisions\/5052"}],"wp:attachment":[{"href":"https:\/\/www.univates.br\/blog\/wp-json\/wp\/v2\/media?parent=1140"}],"wp:term":[{"taxonomy":"category","embeddable":true,"href":"https:\/\/www.univates.br\/blog\/wp-json\/wp\/v2\/categories?post=1140"}],"curies":[{"name":"wp","href":"https:\/\/api.w.org\/{rel}","templated":true}]}}