{"id":1144,"date":"2022-05-09T13:49:41","date_gmt":"2022-05-09T16:49:41","guid":{"rendered":"https:\/\/desenvolvimento.bravo.st\/univatesblog\/?p=1144"},"modified":"2024-01-18T13:52:37","modified_gmt":"2024-01-18T16:52:37","slug":"sera-que-voce-gostaria-de-ser-um-comunicador","status":"publish","type":"post","link":"https:\/\/www.univates.br\/blog\/sera-que-voce-gostaria-de-ser-um-comunicador\/","title":{"rendered":"Ser\u00e1 que voc\u00ea gostaria de ser um comunicador?"},"content":{"rendered":"\n<p>Se voc\u00ea tem&nbsp;<strong>interesse pelas pessoas<\/strong>,&nbsp;<strong>em saber como elas pensam<\/strong>,&nbsp;<strong>por que elas se comportam de determinada forma<\/strong>,&nbsp;<strong>por que compram uma marca e n\u00e3o outra<\/strong>:&nbsp;<em>it\u2019s a match!<\/em>&nbsp;Essa \u00e9 uma&nbsp;<strong>\u00e1rea<\/strong>&nbsp;que vai lhe interessar. Quem atua na&nbsp;<strong>\u00e1rea da comunica\u00e7\u00e3o<\/strong>&nbsp;(<a href=\"https:\/\/www.univates.br\/graduacao\/publicidade-e-propaganda\">Publicidade e Propaganda<\/a>,&nbsp;<a href=\"https:\/\/www.univates.br\/graduacao\/jornalismo\">Jornalismo<\/a>&nbsp;ou&nbsp;<a href=\"https:\/\/www.univates.br\/tecnicos\/comunicacao-visual\">T\u00e9cnico em Comunica\u00e7\u00e3o Visual<\/a>)&nbsp;<strong>gosta de conhecer pessoas<\/strong>,&nbsp;<strong>de saber o que elas pensam<\/strong>&nbsp;e&nbsp;<strong>como usam a criatividade para se comunicar<\/strong>.<\/p>\n\n\n\n<p>E, se voc\u00ea for t\u00edmido ou introvertido, n\u00e3o pense que isso \u00e9 um empecilho. Na verdade \u00e9 um mito achar que&nbsp;<strong>as pessoas da \u00e1rea da comunica\u00e7\u00e3o<\/strong>&nbsp;s\u00e3o todas grandes oradoras ou falantes. Tem v\u00e1rias&nbsp;<strong>\u00e1reas dentro da comunica\u00e7\u00e3o<\/strong>&nbsp;(como de&nbsp;<strong>cria\u00e7\u00e3o<\/strong>,&nbsp;<strong>planejamento<\/strong>) que exigem mais concentra\u00e7\u00e3o e aceitam perfis muito diferentes. Voc\u00ea pode trabalhar nos bastidores, por exemplo. Ao inv\u00e9s de apresentar um telejornal na televis\u00e3o, voc\u00ea ser\u00e1 o respons\u00e1vel por pensar em assuntos que virem pauta, fazer contato com os entrevistados e pode at\u00e9 acompanhar as grava\u00e7\u00f5es.<\/p>\n\n\n\n<p>Se identificou? Ent\u00e3o fica aqui e descubra quais as&nbsp;<strong>compet\u00eancias mais procuradas<\/strong>&nbsp;nesses profissionais!<\/p>\n\n\n\n<p><strong>1)<\/strong>&nbsp;<strong>Criatividade&nbsp;<\/strong><\/p>\n\n\n\n<p>Sim, a&nbsp;<strong>criatividade<\/strong>&nbsp;\u00e9 muito importante. Mas voc\u00ea sabia que ela pode ser desenvolvida? Isso mesmo, a&nbsp;<strong>criatividade<\/strong>&nbsp;envolve um&nbsp;<strong>processo chamado de matura\u00e7\u00e3o<\/strong>, no qual a pessoa usa todo o seu repert\u00f3rio de conhecimento (por isso&nbsp;<strong>ser curioso e conhecer de tudo um pouco<\/strong>&nbsp;\u00e9 muito bem-vindo para um&nbsp;<strong>comunicador<\/strong>) e as informa\u00e7\u00f5es sobre o produto ou servi\u00e7o a ser divulgado. Depois de pensar muito e se envolver no problema, \u00e9 preciso ter um ambiente que facilite o \u201ci<em>nsight<\/em>\u201d. Ou seja, parece que a&nbsp;<strong>ideia<\/strong>&nbsp;nasceu do nada, mas n\u00e3o \u00e9 assim! No momento de descanso (geralmente) nosso c\u00e9rebro faz sinapses que conectam tudo o que j\u00e1 pensamos e conhecemos do produto com&nbsp;<strong>aquilo que queremos comunicar<\/strong>.<\/p>\n\n\n\n<p><strong>2) Curiosidade<\/strong><\/p>\n\n\n\n<p>O&nbsp;<strong>bom comunicador<\/strong>&nbsp;\u00e9 um&nbsp;<strong>curioso<\/strong>. Ele gosta de&nbsp;<strong>falar sobre tudo<\/strong>,&nbsp;<strong>aprender um pouco sobre cada coisa<\/strong>. E isso \u00e9 muito importante, pois, como vimos, conhecimento e viv\u00eancias enchem nosso repert\u00f3rio cultural, o que \u00e9 decisivo para criar e ter boas&nbsp;<strong>ideias<\/strong>.<strong>&nbsp;<\/strong><\/p>\n\n\n\n<p><strong>3) Vontade de aprender sempre<\/strong><\/p>\n\n\n\n<p>A&nbsp;<strong>comunica\u00e7\u00e3o muda o tempo todo<\/strong>. Lembre-se que, h\u00e1 poucos anos, n\u00e3o existia redes sociais. E, mesmo assim, existia um&nbsp;<strong>mercado publicit\u00e1rio<\/strong>&nbsp;milion\u00e1rio. Os&nbsp;<strong>meios<\/strong>&nbsp;e&nbsp;<strong>canais<\/strong>&nbsp;mudam o tempo todo, mas a&nbsp;<strong>m\u00e1gica da comunica\u00e7\u00e3o<\/strong>&nbsp;\u00e9 sempre a mesma e envolve muita&nbsp;<strong>empatia<\/strong>!<\/p>\n\n\n\n<figure class=\"wp-block-image size-full\"><img loading=\"lazy\" decoding=\"async\" width=\"730\" height=\"1095\" src=\"https:\/\/desenvolvimento.bravo.st\/univatesblog\/wp-content\/uploads\/2022\/05\/1566565627.7126.jpg\" alt=\"\" class=\"wp-image-2155\" srcset=\"https:\/\/www.univates.br\/blog\/wp-content\/uploads\/2022\/05\/1566565627.7126.jpg 730w, https:\/\/www.univates.br\/blog\/wp-content\/uploads\/2022\/05\/1566565627.7126-400x600.jpg 400w, https:\/\/www.univates.br\/blog\/wp-content\/uploads\/2022\/05\/1566565627.7126-100x150.jpg 100w\" sizes=\"auto, (max-width: 730px) 100vw, 730px\" \/><figcaption>Foto: Elise Bozzetto<\/figcaption><\/figure>\n\n\n\n<p><strong>4) Capacidade de empatia<\/strong><\/p>\n\n\n\n<p>A&nbsp;<strong>caracter\u00edstica mais procurada<\/strong>&nbsp;num profissional da&nbsp;<strong>\u00e1rea da comunica\u00e7\u00e3o<\/strong>&nbsp;\u00e9 a&nbsp;<strong>empatia<\/strong>, ou seja, a capacidade de se colocar no lugar do outro. O&nbsp;<strong>comunicador<\/strong>&nbsp;faz um processo de imers\u00e3o na mente do consumidor para saber o que ele pensa, como age, com o que se identifica. N\u00e3o precisamos falar que isso potencializa, e muito, a&nbsp;<strong>capacidade de se relacionar com o mundo<\/strong>, n\u00e9? Pois ent\u00e3o, quem tem&nbsp;<strong>empatia<\/strong>&nbsp;tem muitas oportunidade de&nbsp;<strong>ver o mundo de diferentes pontos de vista<\/strong>. Fora que, trabalhando com&nbsp;<strong>jornalismo<\/strong>, por exemplo, voc\u00ea poder\u00e1 contar a vida de muitas pessoas, conhecer gente dos mais variados estilos, cren\u00e7as e culturas. Voc\u00ea poder\u00e1 descobrir um mundo totalmente desconhecido e contar isso para todos.<\/p>\n\n\n\n<p><strong>5) Curtir uma vida e um trabalho sem rotina ou roteiro predefinido<\/strong><\/p>\n\n\n\n<p>Quando a gente escolhe&nbsp;<strong>trabalhar com comunica\u00e7\u00e3o<\/strong>, a gente escolhe n\u00e3o ter rotina,&nbsp;<strong>fazer coisas diferentes<\/strong>, com pessoas diferentes, e isso \u00e9 muito bom! Pensa chegar no trabalho todo o dia sem saber como ser\u00e1? Claro, tem algumas coisas mais met\u00f3dicas que precisam ser feitas, como em qualquer profiss\u00e3o, mas ainda assim a&nbsp;<strong>comunica\u00e7\u00e3o<\/strong>&nbsp;lhe oferece uma&nbsp;<strong>infinidade de possibilidades e formas de trabalhar<\/strong>, e isso \u00e9 muito enriquecedor.<\/p>\n","protected":false},"excerpt":{"rendered":"<p>Se voc\u00ea tem&nbsp;interesse pelas pessoas,&nbsp;em saber como elas pensam,&nbsp;por que elas se comportam de determinada forma,&nbsp;por que compram uma marca e n\u00e3o outra:&nbsp;it\u2019s a match!&nbsp;Essa \u00e9 uma&nbsp;\u00e1rea&nbsp;que vai lhe interessar. Quem atua na&nbsp;\u00e1rea da comunica\u00e7\u00e3o&nbsp;(Publicidade e Propaganda,&nbsp;Jornalismo&nbsp;ou&nbsp;T\u00e9cnico em Comunica\u00e7\u00e3o Visual)&nbsp;gosta\u2026<\/p>\n","protected":false},"author":2,"featured_media":0,"comment_status":"open","ping_status":"open","sticky":false,"template":"","format":"standard","meta":{"_acf_changed":false,"footnotes":""},"categories":[33,64,23,67],"class_list":["post-1144","post","type-post","status-publish","format-standard","hentry","category-carreira","category-comunicacao-e-economia-criativa","category-estudos","category-explore","autor-elise-bozzetto","area-comunicacao-e-economia-criativa"],"acf":[],"yoast_head":"<!-- This site is optimized with the Yoast SEO plugin v27.3 - https:\/\/yoast.com\/product\/yoast-seo-wordpress\/ -->\n<title>Ser\u00e1 que voc\u00ea gostaria de ser um comunicador? - Univates Blog<\/title>\n<meta name=\"robots\" content=\"index, follow, max-snippet:-1, max-image-preview:large, max-video-preview:-1\" \/>\n<link rel=\"canonical\" href=\"https:\/\/www.univates.br\/blog\/sera-que-voce-gostaria-de-ser-um-comunicador\/\" \/>\n<meta property=\"og:locale\" content=\"pt_BR\" \/>\n<meta property=\"og:type\" content=\"article\" \/>\n<meta property=\"og:title\" content=\"Ser\u00e1 que voc\u00ea gostaria de ser um comunicador? - Univates Blog\" \/>\n<meta property=\"og:description\" content=\"Se voc\u00ea tem&nbsp;interesse pelas pessoas,&nbsp;em saber como elas pensam,&nbsp;por que elas se comportam de determinada forma,&nbsp;por que compram uma marca e n\u00e3o outra:&nbsp;it\u2019s a match!&nbsp;Essa \u00e9 uma&nbsp;\u00e1rea&nbsp;que vai lhe interessar. Quem atua na&nbsp;\u00e1rea da comunica\u00e7\u00e3o&nbsp;(Publicidade e Propaganda,&nbsp;Jornalismo&nbsp;ou&nbsp;T\u00e9cnico em Comunica\u00e7\u00e3o Visual)&nbsp;gosta\u2026\" \/>\n<meta property=\"og:url\" content=\"https:\/\/www.univates.br\/blog\/sera-que-voce-gostaria-de-ser-um-comunicador\/\" \/>\n<meta property=\"og:site_name\" content=\"Univates Blog\" \/>\n<meta property=\"article:published_time\" content=\"2022-05-09T16:49:41+00:00\" \/>\n<meta property=\"article:modified_time\" content=\"2024-01-18T16:52:37+00:00\" \/>\n<meta property=\"og:image\" content=\"https:\/\/desenvolvimento.bravo.st\/univatesblog\/wp-content\/uploads\/2022\/05\/1566565627.7126.jpg\" \/>\n<meta name=\"author\" content=\"Marketing Univates\" \/>\n<meta name=\"twitter:card\" content=\"summary_large_image\" \/>\n<meta name=\"twitter:label1\" content=\"Escrito por\" \/>\n\t<meta name=\"twitter:data1\" content=\"Marketing Univates\" \/>\n\t<meta name=\"twitter:label2\" content=\"Est. tempo de leitura\" \/>\n\t<meta name=\"twitter:data2\" content=\"4 minutos\" \/>\n<script type=\"application\/ld+json\" class=\"yoast-schema-graph\">{\"@context\":\"https:\\\/\\\/schema.org\",\"@graph\":[{\"@type\":\"Article\",\"@id\":\"https:\\\/\\\/www.univates.br\\\/blog\\\/sera-que-voce-gostaria-de-ser-um-comunicador\\\/#article\",\"isPartOf\":{\"@id\":\"https:\\\/\\\/www.univates.br\\\/blog\\\/sera-que-voce-gostaria-de-ser-um-comunicador\\\/\"},\"author\":{\"name\":\"Marketing Univates\",\"@id\":\"https:\\\/\\\/www.univates.br\\\/blog\\\/#\\\/schema\\\/person\\\/15c63917440cc5e70160c247b309af2f\"},\"headline\":\"Ser\u00e1 que voc\u00ea gostaria de ser um comunicador?\",\"datePublished\":\"2022-05-09T16:49:41+00:00\",\"dateModified\":\"2024-01-18T16:52:37+00:00\",\"mainEntityOfPage\":{\"@id\":\"https:\\\/\\\/www.univates.br\\\/blog\\\/sera-que-voce-gostaria-de-ser-um-comunicador\\\/\"},\"wordCount\":699,\"commentCount\":0,\"image\":{\"@id\":\"https:\\\/\\\/www.univates.br\\\/blog\\\/sera-que-voce-gostaria-de-ser-um-comunicador\\\/#primaryimage\"},\"thumbnailUrl\":\"https:\\\/\\\/desenvolvimento.bravo.st\\\/univatesblog\\\/wp-content\\\/uploads\\\/2022\\\/05\\\/1566565627.7126.jpg\",\"articleSection\":[\"Carreira\",\"Comunica\u00e7\u00e3o e Economia Criativa\",\"Estudos\",\"Explore\"],\"inLanguage\":\"pt-BR\",\"potentialAction\":[{\"@type\":\"CommentAction\",\"name\":\"Comment\",\"target\":[\"https:\\\/\\\/www.univates.br\\\/blog\\\/sera-que-voce-gostaria-de-ser-um-comunicador\\\/#respond\"]}]},{\"@type\":\"WebPage\",\"@id\":\"https:\\\/\\\/www.univates.br\\\/blog\\\/sera-que-voce-gostaria-de-ser-um-comunicador\\\/\",\"url\":\"https:\\\/\\\/www.univates.br\\\/blog\\\/sera-que-voce-gostaria-de-ser-um-comunicador\\\/\",\"name\":\"Ser\u00e1 que voc\u00ea gostaria de ser um comunicador? - Univates Blog\",\"isPartOf\":{\"@id\":\"https:\\\/\\\/www.univates.br\\\/blog\\\/#website\"},\"primaryImageOfPage\":{\"@id\":\"https:\\\/\\\/www.univates.br\\\/blog\\\/sera-que-voce-gostaria-de-ser-um-comunicador\\\/#primaryimage\"},\"image\":{\"@id\":\"https:\\\/\\\/www.univates.br\\\/blog\\\/sera-que-voce-gostaria-de-ser-um-comunicador\\\/#primaryimage\"},\"thumbnailUrl\":\"https:\\\/\\\/desenvolvimento.bravo.st\\\/univatesblog\\\/wp-content\\\/uploads\\\/2022\\\/05\\\/1566565627.7126.jpg\",\"datePublished\":\"2022-05-09T16:49:41+00:00\",\"dateModified\":\"2024-01-18T16:52:37+00:00\",\"author\":{\"@id\":\"https:\\\/\\\/www.univates.br\\\/blog\\\/#\\\/schema\\\/person\\\/15c63917440cc5e70160c247b309af2f\"},\"breadcrumb\":{\"@id\":\"https:\\\/\\\/www.univates.br\\\/blog\\\/sera-que-voce-gostaria-de-ser-um-comunicador\\\/#breadcrumb\"},\"inLanguage\":\"pt-BR\",\"potentialAction\":[{\"@type\":\"ReadAction\",\"target\":[\"https:\\\/\\\/www.univates.br\\\/blog\\\/sera-que-voce-gostaria-de-ser-um-comunicador\\\/\"]}]},{\"@type\":\"ImageObject\",\"inLanguage\":\"pt-BR\",\"@id\":\"https:\\\/\\\/www.univates.br\\\/blog\\\/sera-que-voce-gostaria-de-ser-um-comunicador\\\/#primaryimage\",\"url\":\"https:\\\/\\\/desenvolvimento.bravo.st\\\/univatesblog\\\/wp-content\\\/uploads\\\/2022\\\/05\\\/1566565627.7126.jpg\",\"contentUrl\":\"https:\\\/\\\/desenvolvimento.bravo.st\\\/univatesblog\\\/wp-content\\\/uploads\\\/2022\\\/05\\\/1566565627.7126.jpg\"},{\"@type\":\"BreadcrumbList\",\"@id\":\"https:\\\/\\\/www.univates.br\\\/blog\\\/sera-que-voce-gostaria-de-ser-um-comunicador\\\/#breadcrumb\",\"itemListElement\":[{\"@type\":\"ListItem\",\"position\":1,\"name\":\"Home\",\"item\":\"https:\\\/\\\/www.univates.br\\\/blog\\\/\"},{\"@type\":\"ListItem\",\"position\":2,\"name\":\"Ser\u00e1 que voc\u00ea gostaria de ser um comunicador?\"}]},{\"@type\":\"WebSite\",\"@id\":\"https:\\\/\\\/www.univates.br\\\/blog\\\/#website\",\"url\":\"https:\\\/\\\/www.univates.br\\\/blog\\\/\",\"name\":\"Univates Blog\",\"description\":\"\",\"potentialAction\":[{\"@type\":\"SearchAction\",\"target\":{\"@type\":\"EntryPoint\",\"urlTemplate\":\"https:\\\/\\\/www.univates.br\\\/blog\\\/?s={search_term_string}\"},\"query-input\":{\"@type\":\"PropertyValueSpecification\",\"valueRequired\":true,\"valueName\":\"search_term_string\"}}],\"inLanguage\":\"pt-BR\"},{\"@type\":\"Person\",\"@id\":\"https:\\\/\\\/www.univates.br\\\/blog\\\/#\\\/schema\\\/person\\\/15c63917440cc5e70160c247b309af2f\",\"name\":\"Marketing Univates\",\"image\":{\"@type\":\"ImageObject\",\"inLanguage\":\"pt-BR\",\"@id\":\"https:\\\/\\\/secure.gravatar.com\\\/avatar\\\/511f9e77a6a3d0cddd9074f69a722364bc7f787e73d4a0da1f727ba62704eda4?s=96&d=mm&r=g\",\"url\":\"https:\\\/\\\/secure.gravatar.com\\\/avatar\\\/511f9e77a6a3d0cddd9074f69a722364bc7f787e73d4a0da1f727ba62704eda4?s=96&d=mm&r=g\",\"contentUrl\":\"https:\\\/\\\/secure.gravatar.com\\\/avatar\\\/511f9e77a6a3d0cddd9074f69a722364bc7f787e73d4a0da1f727ba62704eda4?s=96&d=mm&r=g\",\"caption\":\"Marketing Univates\"},\"sameAs\":[\"http:\\\/\\\/univates.br\"],\"url\":\"https:\\\/\\\/www.univates.br\\\/blog\\\/author\\\/marketing\\\/\"}]}<\/script>\n<!-- \/ Yoast SEO plugin. -->","yoast_head_json":{"title":"Ser\u00e1 que voc\u00ea gostaria de ser um comunicador? - Univates Blog","robots":{"index":"index","follow":"follow","max-snippet":"max-snippet:-1","max-image-preview":"max-image-preview:large","max-video-preview":"max-video-preview:-1"},"canonical":"https:\/\/www.univates.br\/blog\/sera-que-voce-gostaria-de-ser-um-comunicador\/","og_locale":"pt_BR","og_type":"article","og_title":"Ser\u00e1 que voc\u00ea gostaria de ser um comunicador? - Univates Blog","og_description":"Se voc\u00ea tem&nbsp;interesse pelas pessoas,&nbsp;em saber como elas pensam,&nbsp;por que elas se comportam de determinada forma,&nbsp;por que compram uma marca e n\u00e3o outra:&nbsp;it\u2019s a match!&nbsp;Essa \u00e9 uma&nbsp;\u00e1rea&nbsp;que vai lhe interessar. Quem atua na&nbsp;\u00e1rea da comunica\u00e7\u00e3o&nbsp;(Publicidade e Propaganda,&nbsp;Jornalismo&nbsp;ou&nbsp;T\u00e9cnico em Comunica\u00e7\u00e3o Visual)&nbsp;gosta\u2026","og_url":"https:\/\/www.univates.br\/blog\/sera-que-voce-gostaria-de-ser-um-comunicador\/","og_site_name":"Univates Blog","article_published_time":"2022-05-09T16:49:41+00:00","article_modified_time":"2024-01-18T16:52:37+00:00","og_image":[{"url":"https:\/\/desenvolvimento.bravo.st\/univatesblog\/wp-content\/uploads\/2022\/05\/1566565627.7126.jpg","type":"","width":"","height":""}],"author":"Marketing Univates","twitter_card":"summary_large_image","twitter_misc":{"Escrito por":"Marketing Univates","Est. tempo de leitura":"4 minutos"},"schema":{"@context":"https:\/\/schema.org","@graph":[{"@type":"Article","@id":"https:\/\/www.univates.br\/blog\/sera-que-voce-gostaria-de-ser-um-comunicador\/#article","isPartOf":{"@id":"https:\/\/www.univates.br\/blog\/sera-que-voce-gostaria-de-ser-um-comunicador\/"},"author":{"name":"Marketing Univates","@id":"https:\/\/www.univates.br\/blog\/#\/schema\/person\/15c63917440cc5e70160c247b309af2f"},"headline":"Ser\u00e1 que voc\u00ea gostaria de ser um comunicador?","datePublished":"2022-05-09T16:49:41+00:00","dateModified":"2024-01-18T16:52:37+00:00","mainEntityOfPage":{"@id":"https:\/\/www.univates.br\/blog\/sera-que-voce-gostaria-de-ser-um-comunicador\/"},"wordCount":699,"commentCount":0,"image":{"@id":"https:\/\/www.univates.br\/blog\/sera-que-voce-gostaria-de-ser-um-comunicador\/#primaryimage"},"thumbnailUrl":"https:\/\/desenvolvimento.bravo.st\/univatesblog\/wp-content\/uploads\/2022\/05\/1566565627.7126.jpg","articleSection":["Carreira","Comunica\u00e7\u00e3o e Economia Criativa","Estudos","Explore"],"inLanguage":"pt-BR","potentialAction":[{"@type":"CommentAction","name":"Comment","target":["https:\/\/www.univates.br\/blog\/sera-que-voce-gostaria-de-ser-um-comunicador\/#respond"]}]},{"@type":"WebPage","@id":"https:\/\/www.univates.br\/blog\/sera-que-voce-gostaria-de-ser-um-comunicador\/","url":"https:\/\/www.univates.br\/blog\/sera-que-voce-gostaria-de-ser-um-comunicador\/","name":"Ser\u00e1 que voc\u00ea gostaria de ser um comunicador? - Univates Blog","isPartOf":{"@id":"https:\/\/www.univates.br\/blog\/#website"},"primaryImageOfPage":{"@id":"https:\/\/www.univates.br\/blog\/sera-que-voce-gostaria-de-ser-um-comunicador\/#primaryimage"},"image":{"@id":"https:\/\/www.univates.br\/blog\/sera-que-voce-gostaria-de-ser-um-comunicador\/#primaryimage"},"thumbnailUrl":"https:\/\/desenvolvimento.bravo.st\/univatesblog\/wp-content\/uploads\/2022\/05\/1566565627.7126.jpg","datePublished":"2022-05-09T16:49:41+00:00","dateModified":"2024-01-18T16:52:37+00:00","author":{"@id":"https:\/\/www.univates.br\/blog\/#\/schema\/person\/15c63917440cc5e70160c247b309af2f"},"breadcrumb":{"@id":"https:\/\/www.univates.br\/blog\/sera-que-voce-gostaria-de-ser-um-comunicador\/#breadcrumb"},"inLanguage":"pt-BR","potentialAction":[{"@type":"ReadAction","target":["https:\/\/www.univates.br\/blog\/sera-que-voce-gostaria-de-ser-um-comunicador\/"]}]},{"@type":"ImageObject","inLanguage":"pt-BR","@id":"https:\/\/www.univates.br\/blog\/sera-que-voce-gostaria-de-ser-um-comunicador\/#primaryimage","url":"https:\/\/desenvolvimento.bravo.st\/univatesblog\/wp-content\/uploads\/2022\/05\/1566565627.7126.jpg","contentUrl":"https:\/\/desenvolvimento.bravo.st\/univatesblog\/wp-content\/uploads\/2022\/05\/1566565627.7126.jpg"},{"@type":"BreadcrumbList","@id":"https:\/\/www.univates.br\/blog\/sera-que-voce-gostaria-de-ser-um-comunicador\/#breadcrumb","itemListElement":[{"@type":"ListItem","position":1,"name":"Home","item":"https:\/\/www.univates.br\/blog\/"},{"@type":"ListItem","position":2,"name":"Ser\u00e1 que voc\u00ea gostaria de ser um comunicador?"}]},{"@type":"WebSite","@id":"https:\/\/www.univates.br\/blog\/#website","url":"https:\/\/www.univates.br\/blog\/","name":"Univates Blog","description":"","potentialAction":[{"@type":"SearchAction","target":{"@type":"EntryPoint","urlTemplate":"https:\/\/www.univates.br\/blog\/?s={search_term_string}"},"query-input":{"@type":"PropertyValueSpecification","valueRequired":true,"valueName":"search_term_string"}}],"inLanguage":"pt-BR"},{"@type":"Person","@id":"https:\/\/www.univates.br\/blog\/#\/schema\/person\/15c63917440cc5e70160c247b309af2f","name":"Marketing Univates","image":{"@type":"ImageObject","inLanguage":"pt-BR","@id":"https:\/\/secure.gravatar.com\/avatar\/511f9e77a6a3d0cddd9074f69a722364bc7f787e73d4a0da1f727ba62704eda4?s=96&d=mm&r=g","url":"https:\/\/secure.gravatar.com\/avatar\/511f9e77a6a3d0cddd9074f69a722364bc7f787e73d4a0da1f727ba62704eda4?s=96&d=mm&r=g","contentUrl":"https:\/\/secure.gravatar.com\/avatar\/511f9e77a6a3d0cddd9074f69a722364bc7f787e73d4a0da1f727ba62704eda4?s=96&d=mm&r=g","caption":"Marketing Univates"},"sameAs":["http:\/\/univates.br"],"url":"https:\/\/www.univates.br\/blog\/author\/marketing\/"}]}},"_links":{"self":[{"href":"https:\/\/www.univates.br\/blog\/wp-json\/wp\/v2\/posts\/1144","targetHints":{"allow":["GET"]}}],"collection":[{"href":"https:\/\/www.univates.br\/blog\/wp-json\/wp\/v2\/posts"}],"about":[{"href":"https:\/\/www.univates.br\/blog\/wp-json\/wp\/v2\/types\/post"}],"author":[{"embeddable":true,"href":"https:\/\/www.univates.br\/blog\/wp-json\/wp\/v2\/users\/2"}],"replies":[{"embeddable":true,"href":"https:\/\/www.univates.br\/blog\/wp-json\/wp\/v2\/comments?post=1144"}],"version-history":[{"count":14,"href":"https:\/\/www.univates.br\/blog\/wp-json\/wp\/v2\/posts\/1144\/revisions"}],"predecessor-version":[{"id":5050,"href":"https:\/\/www.univates.br\/blog\/wp-json\/wp\/v2\/posts\/1144\/revisions\/5050"}],"wp:attachment":[{"href":"https:\/\/www.univates.br\/blog\/wp-json\/wp\/v2\/media?parent=1144"}],"wp:term":[{"taxonomy":"category","embeddable":true,"href":"https:\/\/www.univates.br\/blog\/wp-json\/wp\/v2\/categories?post=1144"}],"curies":[{"name":"wp","href":"https:\/\/api.w.org\/{rel}","templated":true}]}}