{"id":1147,"date":"2022-05-09T13:52:37","date_gmt":"2022-05-09T16:52:37","guid":{"rendered":"https:\/\/desenvolvimento.bravo.st\/univatesblog\/?p=1147"},"modified":"2024-01-18T13:52:28","modified_gmt":"2024-01-18T16:52:28","slug":"intercambio-academico-durante-o-curso-tecnico","status":"publish","type":"post","link":"https:\/\/www.univates.br\/blog\/intercambio-academico-durante-o-curso-tecnico\/","title":{"rendered":"Interc\u00e2mbio acad\u00eamico durante o Curso T\u00e9cnico?"},"content":{"rendered":"\n<p>Voc\u00ea sabia que a&nbsp;<strong>Univates<\/strong>&nbsp;oferece aos&nbsp;<strong>alunos dos&nbsp;<\/strong><a href=\"https:\/\/www.univates.br\/tecnicos\/\">cursos t\u00e9cnicos<\/a>&nbsp;a&nbsp;<strong>possibilidade<\/strong>&nbsp;de realiza\u00e7\u00e3o de&nbsp;<strong>interc\u00e2mbio acad\u00eamico<\/strong>? Isso mesmo! Al\u00e9m de serem capacitados com conhecimentos te\u00f3ricos e pr\u00e1ticos voltados \u00e0 \u00e1rea de trabalho escolhida, os estudantes t\u00eam a&nbsp;<strong>oportunidade<\/strong>&nbsp;de&nbsp;<strong>vivenciar uma experi\u00eancia internacional<\/strong>, que faz com que o profissional entre no&nbsp;<strong>mercado de trabalho<\/strong>&nbsp;com ainda&nbsp;<strong>mais qualifica\u00e7\u00e3o<\/strong>.<\/p>\n\n\n\n<p>Quer\u00a0<strong>saber mais<\/strong>? Ent\u00e3o venha com a gente!<\/p>\n\n\n\n<figure class=\"wp-block-image size-full\"><img loading=\"lazy\" decoding=\"async\" width=\"729\" height=\"486\" src=\"https:\/\/desenvolvimento.bravo.st\/univatesblog\/wp-content\/uploads\/2022\/05\/1566567765.9533-1.jpg\" alt=\"\" class=\"wp-image-2158\" srcset=\"https:\/\/www.univates.br\/blog\/wp-content\/uploads\/2022\/05\/1566567765.9533-1.jpg 729w, https:\/\/www.univates.br\/blog\/wp-content\/uploads\/2022\/05\/1566567765.9533-1-600x400.jpg 600w, https:\/\/www.univates.br\/blog\/wp-content\/uploads\/2022\/05\/1566567765.9533-1-150x100.jpg 150w\" sizes=\"auto, (max-width: 729px) 100vw, 729px\" \/><figcaption>Foto: Tuane Eggers<\/figcaption><\/figure>\n\n\n\n<p>A&nbsp;<strong>oportunidade<\/strong>&nbsp;surgiu na metade de 2017, e desde l\u00e1 oito estudantes j\u00e1 foram&nbsp;<strong>estudar<\/strong>&nbsp;em&nbsp;<strong>outro pa\u00eds<\/strong>. Na lista de parceiros est\u00e3o<strong>&nbsp;Chile<\/strong>&nbsp;e&nbsp;<strong>Portugal<\/strong>. Entre os alunos que realizaram&nbsp;<strong>interc\u00e2mbio<\/strong>&nbsp;est\u00e3o os estudantes do&nbsp;<a href=\"https:\/\/www.univates.br\/tecnicos\/comunicacao-visual\">T\u00e9cnico em Comunica\u00e7\u00e3o Visual<\/a>&nbsp;Rafael Gauer e Ariela Vit\u00f3ria. Eles estiveram no Instituto Polit\u00e9cnico de Leiria (IPLeiria), em&nbsp;<strong>Portugal<\/strong>, em 2017. \u201cEssa&nbsp;<strong>oportunidade<\/strong>&nbsp;ajudar\u00e1 muito profissionalmente, pois s\u00e3o poucos os profissionais com esse n\u00edvel de forma\u00e7\u00e3o que realizaram&nbsp;<strong>interc\u00e2mbio<\/strong>, colocando-nos com um&nbsp;<strong>diferencial<\/strong>&nbsp;no&nbsp;<strong>mercado de trabalho<\/strong>, al\u00e9m de aprendermos novas t\u00e9cnicas em nossa \u00e1rea de atua\u00e7\u00e3o\u201d, afirma Rafael.<\/p>\n\n\n\n<p>O&nbsp;<strong>curso<\/strong>&nbsp;em que os alunos estiveram matriculados em&nbsp;<strong>Portugal<\/strong>&nbsp;tamb\u00e9m \u00e9 de&nbsp;<strong>n\u00edvel t\u00e9cnico<\/strong>, por isso ambos os estudantes afirmam que n\u00e3o tiveram dificuldades. Sobre a experi\u00eancia, Rafael destaca o&nbsp;<strong>enriquecimento cultural e intelectual<\/strong>. \u201cPosso dizer que foi a melhor e mais desafiadora experi\u00eancia da minha vida\u201d. J\u00e1 sobre a institui\u00e7\u00e3o de ensino, Ariela afirma que, por ser uma escola voltada \u00e0s artes, havia inspira\u00e7\u00e3o por todos os lados. \u201cEstou ansiosa para p\u00f4r em pr\u00e1tica tudo o que aprendi\u201d, conta.&nbsp;<\/p>\n\n\n\n<h2 class=\"wp-block-heading\">E a cultura?<\/h2>\n\n\n\n<div class=\"wp-block-media-text alignwide is-stacked-on-mobile\"><figure class=\"wp-block-media-text__media\"><img loading=\"lazy\" decoding=\"async\" width=\"291\" height=\"194\" src=\"https:\/\/desenvolvimento.bravo.st\/univatesblog\/wp-content\/uploads\/2022\/05\/1529681446.9417_300_300.jpg\" alt=\"\" class=\"wp-image-1148 size-full\" srcset=\"https:\/\/www.univates.br\/blog\/wp-content\/uploads\/2022\/05\/1529681446.9417_300_300.jpg 291w, https:\/\/www.univates.br\/blog\/wp-content\/uploads\/2022\/05\/1529681446.9417_300_300-150x100.jpg 150w\" sizes=\"auto, (max-width: 291px) 100vw, 291px\" \/><\/figure><div class=\"wp-block-media-text__content\">\n<p>Para os estudantes, a conviv\u00eancia com pessoas de outras nacionalidades mostra que, apesar das\u00a0<strong>diferentes culturas<\/strong>, vive-se de modo muito parecido. \u201cA experi\u00eancia tamb\u00e9m nos faz dar mais valor \u00e0\u00a0<strong>cultura<\/strong>\u00a0do nosso pa\u00eds, pois temos uma vis\u00e3o diferente daquela com a qual estamos habituados\u201d, conta Rafael.<\/p>\n\n\n\n<p><em>(Foto: Divulga\u00e7\u00e3o)<\/em><\/p>\n<\/div><\/div>\n","protected":false},"excerpt":{"rendered":"<p>Voc\u00ea sabia que a&nbsp;Univates&nbsp;oferece aos&nbsp;alunos dos&nbsp;cursos t\u00e9cnicos&nbsp;a&nbsp;possibilidade&nbsp;de realiza\u00e7\u00e3o de&nbsp;interc\u00e2mbio acad\u00eamico? Isso mesmo! Al\u00e9m de serem capacitados com conhecimentos te\u00f3ricos e pr\u00e1ticos voltados \u00e0 \u00e1rea de trabalho escolhida, os estudantes t\u00eam a&nbsp;oportunidade&nbsp;de&nbsp;vivenciar uma experi\u00eancia internacional, que faz com que o profissional\u2026<\/p>\n","protected":false},"author":2,"featured_media":0,"comment_status":"open","ping_status":"open","sticky":false,"template":"","format":"standard","meta":{"_acf_changed":false,"footnotes":""},"categories":[15,23,67,7],"class_list":["post-1147","post","type-post","status-publish","format-standard","hentry","category-cursos-tecnicos","category-estudos","category-explore","category-univates","autor-ana-amelia-ritt","area-cursos-tecnicos"],"acf":[],"yoast_head":"<!-- This site is optimized with the Yoast SEO plugin v27.3 - https:\/\/yoast.com\/product\/yoast-seo-wordpress\/ -->\n<title>Interc\u00e2mbio acad\u00eamico durante o Curso T\u00e9cnico? - Univates Blog<\/title>\n<meta name=\"robots\" content=\"index, follow, max-snippet:-1, max-image-preview:large, max-video-preview:-1\" \/>\n<link rel=\"canonical\" href=\"https:\/\/www.univates.br\/blog\/intercambio-academico-durante-o-curso-tecnico\/\" \/>\n<meta property=\"og:locale\" content=\"pt_BR\" \/>\n<meta property=\"og:type\" content=\"article\" \/>\n<meta property=\"og:title\" content=\"Interc\u00e2mbio acad\u00eamico durante o Curso T\u00e9cnico? - Univates Blog\" \/>\n<meta property=\"og:description\" content=\"Voc\u00ea sabia que a&nbsp;Univates&nbsp;oferece aos&nbsp;alunos dos&nbsp;cursos t\u00e9cnicos&nbsp;a&nbsp;possibilidade&nbsp;de realiza\u00e7\u00e3o de&nbsp;interc\u00e2mbio acad\u00eamico? Isso mesmo! Al\u00e9m de serem capacitados com conhecimentos te\u00f3ricos e pr\u00e1ticos voltados \u00e0 \u00e1rea de trabalho escolhida, os estudantes t\u00eam a&nbsp;oportunidade&nbsp;de&nbsp;vivenciar uma experi\u00eancia internacional, que faz com que o profissional\u2026\" \/>\n<meta property=\"og:url\" content=\"https:\/\/www.univates.br\/blog\/intercambio-academico-durante-o-curso-tecnico\/\" \/>\n<meta property=\"og:site_name\" content=\"Univates Blog\" \/>\n<meta property=\"article:published_time\" content=\"2022-05-09T16:52:37+00:00\" \/>\n<meta property=\"article:modified_time\" content=\"2024-01-18T16:52:28+00:00\" \/>\n<meta property=\"og:image\" content=\"https:\/\/desenvolvimento.bravo.st\/univatesblog\/wp-content\/uploads\/2022\/05\/1566567765.9533-1.jpg\" \/>\n<meta name=\"author\" content=\"Marketing Univates\" \/>\n<meta name=\"twitter:card\" content=\"summary_large_image\" \/>\n<meta name=\"twitter:label1\" content=\"Escrito por\" \/>\n\t<meta name=\"twitter:data1\" content=\"Marketing Univates\" \/>\n\t<meta name=\"twitter:label2\" content=\"Est. tempo de leitura\" \/>\n\t<meta name=\"twitter:data2\" content=\"3 minutos\" \/>\n<script type=\"application\/ld+json\" class=\"yoast-schema-graph\">{\"@context\":\"https:\\\/\\\/schema.org\",\"@graph\":[{\"@type\":\"Article\",\"@id\":\"https:\\\/\\\/www.univates.br\\\/blog\\\/intercambio-academico-durante-o-curso-tecnico\\\/#article\",\"isPartOf\":{\"@id\":\"https:\\\/\\\/www.univates.br\\\/blog\\\/intercambio-academico-durante-o-curso-tecnico\\\/\"},\"author\":{\"name\":\"Marketing Univates\",\"@id\":\"https:\\\/\\\/www.univates.br\\\/blog\\\/#\\\/schema\\\/person\\\/15c63917440cc5e70160c247b309af2f\"},\"headline\":\"Interc\u00e2mbio acad\u00eamico durante o Curso T\u00e9cnico?\",\"datePublished\":\"2022-05-09T16:52:37+00:00\",\"dateModified\":\"2024-01-18T16:52:28+00:00\",\"mainEntityOfPage\":{\"@id\":\"https:\\\/\\\/www.univates.br\\\/blog\\\/intercambio-academico-durante-o-curso-tecnico\\\/\"},\"wordCount\":385,\"commentCount\":0,\"image\":{\"@id\":\"https:\\\/\\\/www.univates.br\\\/blog\\\/intercambio-academico-durante-o-curso-tecnico\\\/#primaryimage\"},\"thumbnailUrl\":\"https:\\\/\\\/desenvolvimento.bravo.st\\\/univatesblog\\\/wp-content\\\/uploads\\\/2022\\\/05\\\/1566567765.9533-1.jpg\",\"articleSection\":[\"Cursos T\u00e9cnicos\",\"Estudos\",\"Explore\",\"Univates\"],\"inLanguage\":\"pt-BR\",\"potentialAction\":[{\"@type\":\"CommentAction\",\"name\":\"Comment\",\"target\":[\"https:\\\/\\\/www.univates.br\\\/blog\\\/intercambio-academico-durante-o-curso-tecnico\\\/#respond\"]}]},{\"@type\":\"WebPage\",\"@id\":\"https:\\\/\\\/www.univates.br\\\/blog\\\/intercambio-academico-durante-o-curso-tecnico\\\/\",\"url\":\"https:\\\/\\\/www.univates.br\\\/blog\\\/intercambio-academico-durante-o-curso-tecnico\\\/\",\"name\":\"Interc\u00e2mbio acad\u00eamico durante o Curso T\u00e9cnico? - Univates Blog\",\"isPartOf\":{\"@id\":\"https:\\\/\\\/www.univates.br\\\/blog\\\/#website\"},\"primaryImageOfPage\":{\"@id\":\"https:\\\/\\\/www.univates.br\\\/blog\\\/intercambio-academico-durante-o-curso-tecnico\\\/#primaryimage\"},\"image\":{\"@id\":\"https:\\\/\\\/www.univates.br\\\/blog\\\/intercambio-academico-durante-o-curso-tecnico\\\/#primaryimage\"},\"thumbnailUrl\":\"https:\\\/\\\/desenvolvimento.bravo.st\\\/univatesblog\\\/wp-content\\\/uploads\\\/2022\\\/05\\\/1566567765.9533-1.jpg\",\"datePublished\":\"2022-05-09T16:52:37+00:00\",\"dateModified\":\"2024-01-18T16:52:28+00:00\",\"author\":{\"@id\":\"https:\\\/\\\/www.univates.br\\\/blog\\\/#\\\/schema\\\/person\\\/15c63917440cc5e70160c247b309af2f\"},\"breadcrumb\":{\"@id\":\"https:\\\/\\\/www.univates.br\\\/blog\\\/intercambio-academico-durante-o-curso-tecnico\\\/#breadcrumb\"},\"inLanguage\":\"pt-BR\",\"potentialAction\":[{\"@type\":\"ReadAction\",\"target\":[\"https:\\\/\\\/www.univates.br\\\/blog\\\/intercambio-academico-durante-o-curso-tecnico\\\/\"]}]},{\"@type\":\"ImageObject\",\"inLanguage\":\"pt-BR\",\"@id\":\"https:\\\/\\\/www.univates.br\\\/blog\\\/intercambio-academico-durante-o-curso-tecnico\\\/#primaryimage\",\"url\":\"https:\\\/\\\/desenvolvimento.bravo.st\\\/univatesblog\\\/wp-content\\\/uploads\\\/2022\\\/05\\\/1566567765.9533-1.jpg\",\"contentUrl\":\"https:\\\/\\\/desenvolvimento.bravo.st\\\/univatesblog\\\/wp-content\\\/uploads\\\/2022\\\/05\\\/1566567765.9533-1.jpg\"},{\"@type\":\"BreadcrumbList\",\"@id\":\"https:\\\/\\\/www.univates.br\\\/blog\\\/intercambio-academico-durante-o-curso-tecnico\\\/#breadcrumb\",\"itemListElement\":[{\"@type\":\"ListItem\",\"position\":1,\"name\":\"Home\",\"item\":\"https:\\\/\\\/www.univates.br\\\/blog\\\/\"},{\"@type\":\"ListItem\",\"position\":2,\"name\":\"Interc\u00e2mbio acad\u00eamico durante o Curso T\u00e9cnico?\"}]},{\"@type\":\"WebSite\",\"@id\":\"https:\\\/\\\/www.univates.br\\\/blog\\\/#website\",\"url\":\"https:\\\/\\\/www.univates.br\\\/blog\\\/\",\"name\":\"Univates Blog\",\"description\":\"\",\"potentialAction\":[{\"@type\":\"SearchAction\",\"target\":{\"@type\":\"EntryPoint\",\"urlTemplate\":\"https:\\\/\\\/www.univates.br\\\/blog\\\/?s={search_term_string}\"},\"query-input\":{\"@type\":\"PropertyValueSpecification\",\"valueRequired\":true,\"valueName\":\"search_term_string\"}}],\"inLanguage\":\"pt-BR\"},{\"@type\":\"Person\",\"@id\":\"https:\\\/\\\/www.univates.br\\\/blog\\\/#\\\/schema\\\/person\\\/15c63917440cc5e70160c247b309af2f\",\"name\":\"Marketing Univates\",\"image\":{\"@type\":\"ImageObject\",\"inLanguage\":\"pt-BR\",\"@id\":\"https:\\\/\\\/secure.gravatar.com\\\/avatar\\\/511f9e77a6a3d0cddd9074f69a722364bc7f787e73d4a0da1f727ba62704eda4?s=96&d=mm&r=g\",\"url\":\"https:\\\/\\\/secure.gravatar.com\\\/avatar\\\/511f9e77a6a3d0cddd9074f69a722364bc7f787e73d4a0da1f727ba62704eda4?s=96&d=mm&r=g\",\"contentUrl\":\"https:\\\/\\\/secure.gravatar.com\\\/avatar\\\/511f9e77a6a3d0cddd9074f69a722364bc7f787e73d4a0da1f727ba62704eda4?s=96&d=mm&r=g\",\"caption\":\"Marketing Univates\"},\"sameAs\":[\"http:\\\/\\\/univates.br\"],\"url\":\"https:\\\/\\\/www.univates.br\\\/blog\\\/author\\\/marketing\\\/\"}]}<\/script>\n<!-- \/ Yoast SEO plugin. -->","yoast_head_json":{"title":"Interc\u00e2mbio acad\u00eamico durante o Curso T\u00e9cnico? - Univates Blog","robots":{"index":"index","follow":"follow","max-snippet":"max-snippet:-1","max-image-preview":"max-image-preview:large","max-video-preview":"max-video-preview:-1"},"canonical":"https:\/\/www.univates.br\/blog\/intercambio-academico-durante-o-curso-tecnico\/","og_locale":"pt_BR","og_type":"article","og_title":"Interc\u00e2mbio acad\u00eamico durante o Curso T\u00e9cnico? - Univates Blog","og_description":"Voc\u00ea sabia que a&nbsp;Univates&nbsp;oferece aos&nbsp;alunos dos&nbsp;cursos t\u00e9cnicos&nbsp;a&nbsp;possibilidade&nbsp;de realiza\u00e7\u00e3o de&nbsp;interc\u00e2mbio acad\u00eamico? Isso mesmo! Al\u00e9m de serem capacitados com conhecimentos te\u00f3ricos e pr\u00e1ticos voltados \u00e0 \u00e1rea de trabalho escolhida, os estudantes t\u00eam a&nbsp;oportunidade&nbsp;de&nbsp;vivenciar uma experi\u00eancia internacional, que faz com que o profissional\u2026","og_url":"https:\/\/www.univates.br\/blog\/intercambio-academico-durante-o-curso-tecnico\/","og_site_name":"Univates Blog","article_published_time":"2022-05-09T16:52:37+00:00","article_modified_time":"2024-01-18T16:52:28+00:00","og_image":[{"url":"https:\/\/desenvolvimento.bravo.st\/univatesblog\/wp-content\/uploads\/2022\/05\/1566567765.9533-1.jpg","type":"","width":"","height":""}],"author":"Marketing Univates","twitter_card":"summary_large_image","twitter_misc":{"Escrito por":"Marketing Univates","Est. tempo de leitura":"3 minutos"},"schema":{"@context":"https:\/\/schema.org","@graph":[{"@type":"Article","@id":"https:\/\/www.univates.br\/blog\/intercambio-academico-durante-o-curso-tecnico\/#article","isPartOf":{"@id":"https:\/\/www.univates.br\/blog\/intercambio-academico-durante-o-curso-tecnico\/"},"author":{"name":"Marketing Univates","@id":"https:\/\/www.univates.br\/blog\/#\/schema\/person\/15c63917440cc5e70160c247b309af2f"},"headline":"Interc\u00e2mbio acad\u00eamico durante o Curso T\u00e9cnico?","datePublished":"2022-05-09T16:52:37+00:00","dateModified":"2024-01-18T16:52:28+00:00","mainEntityOfPage":{"@id":"https:\/\/www.univates.br\/blog\/intercambio-academico-durante-o-curso-tecnico\/"},"wordCount":385,"commentCount":0,"image":{"@id":"https:\/\/www.univates.br\/blog\/intercambio-academico-durante-o-curso-tecnico\/#primaryimage"},"thumbnailUrl":"https:\/\/desenvolvimento.bravo.st\/univatesblog\/wp-content\/uploads\/2022\/05\/1566567765.9533-1.jpg","articleSection":["Cursos T\u00e9cnicos","Estudos","Explore","Univates"],"inLanguage":"pt-BR","potentialAction":[{"@type":"CommentAction","name":"Comment","target":["https:\/\/www.univates.br\/blog\/intercambio-academico-durante-o-curso-tecnico\/#respond"]}]},{"@type":"WebPage","@id":"https:\/\/www.univates.br\/blog\/intercambio-academico-durante-o-curso-tecnico\/","url":"https:\/\/www.univates.br\/blog\/intercambio-academico-durante-o-curso-tecnico\/","name":"Interc\u00e2mbio acad\u00eamico durante o Curso T\u00e9cnico? - Univates Blog","isPartOf":{"@id":"https:\/\/www.univates.br\/blog\/#website"},"primaryImageOfPage":{"@id":"https:\/\/www.univates.br\/blog\/intercambio-academico-durante-o-curso-tecnico\/#primaryimage"},"image":{"@id":"https:\/\/www.univates.br\/blog\/intercambio-academico-durante-o-curso-tecnico\/#primaryimage"},"thumbnailUrl":"https:\/\/desenvolvimento.bravo.st\/univatesblog\/wp-content\/uploads\/2022\/05\/1566567765.9533-1.jpg","datePublished":"2022-05-09T16:52:37+00:00","dateModified":"2024-01-18T16:52:28+00:00","author":{"@id":"https:\/\/www.univates.br\/blog\/#\/schema\/person\/15c63917440cc5e70160c247b309af2f"},"breadcrumb":{"@id":"https:\/\/www.univates.br\/blog\/intercambio-academico-durante-o-curso-tecnico\/#breadcrumb"},"inLanguage":"pt-BR","potentialAction":[{"@type":"ReadAction","target":["https:\/\/www.univates.br\/blog\/intercambio-academico-durante-o-curso-tecnico\/"]}]},{"@type":"ImageObject","inLanguage":"pt-BR","@id":"https:\/\/www.univates.br\/blog\/intercambio-academico-durante-o-curso-tecnico\/#primaryimage","url":"https:\/\/desenvolvimento.bravo.st\/univatesblog\/wp-content\/uploads\/2022\/05\/1566567765.9533-1.jpg","contentUrl":"https:\/\/desenvolvimento.bravo.st\/univatesblog\/wp-content\/uploads\/2022\/05\/1566567765.9533-1.jpg"},{"@type":"BreadcrumbList","@id":"https:\/\/www.univates.br\/blog\/intercambio-academico-durante-o-curso-tecnico\/#breadcrumb","itemListElement":[{"@type":"ListItem","position":1,"name":"Home","item":"https:\/\/www.univates.br\/blog\/"},{"@type":"ListItem","position":2,"name":"Interc\u00e2mbio acad\u00eamico durante o Curso T\u00e9cnico?"}]},{"@type":"WebSite","@id":"https:\/\/www.univates.br\/blog\/#website","url":"https:\/\/www.univates.br\/blog\/","name":"Univates Blog","description":"","potentialAction":[{"@type":"SearchAction","target":{"@type":"EntryPoint","urlTemplate":"https:\/\/www.univates.br\/blog\/?s={search_term_string}"},"query-input":{"@type":"PropertyValueSpecification","valueRequired":true,"valueName":"search_term_string"}}],"inLanguage":"pt-BR"},{"@type":"Person","@id":"https:\/\/www.univates.br\/blog\/#\/schema\/person\/15c63917440cc5e70160c247b309af2f","name":"Marketing Univates","image":{"@type":"ImageObject","inLanguage":"pt-BR","@id":"https:\/\/secure.gravatar.com\/avatar\/511f9e77a6a3d0cddd9074f69a722364bc7f787e73d4a0da1f727ba62704eda4?s=96&d=mm&r=g","url":"https:\/\/secure.gravatar.com\/avatar\/511f9e77a6a3d0cddd9074f69a722364bc7f787e73d4a0da1f727ba62704eda4?s=96&d=mm&r=g","contentUrl":"https:\/\/secure.gravatar.com\/avatar\/511f9e77a6a3d0cddd9074f69a722364bc7f787e73d4a0da1f727ba62704eda4?s=96&d=mm&r=g","caption":"Marketing Univates"},"sameAs":["http:\/\/univates.br"],"url":"https:\/\/www.univates.br\/blog\/author\/marketing\/"}]}},"_links":{"self":[{"href":"https:\/\/www.univates.br\/blog\/wp-json\/wp\/v2\/posts\/1147","targetHints":{"allow":["GET"]}}],"collection":[{"href":"https:\/\/www.univates.br\/blog\/wp-json\/wp\/v2\/posts"}],"about":[{"href":"https:\/\/www.univates.br\/blog\/wp-json\/wp\/v2\/types\/post"}],"author":[{"embeddable":true,"href":"https:\/\/www.univates.br\/blog\/wp-json\/wp\/v2\/users\/2"}],"replies":[{"embeddable":true,"href":"https:\/\/www.univates.br\/blog\/wp-json\/wp\/v2\/comments?post=1147"}],"version-history":[{"count":17,"href":"https:\/\/www.univates.br\/blog\/wp-json\/wp\/v2\/posts\/1147\/revisions"}],"predecessor-version":[{"id":5048,"href":"https:\/\/www.univates.br\/blog\/wp-json\/wp\/v2\/posts\/1147\/revisions\/5048"}],"wp:attachment":[{"href":"https:\/\/www.univates.br\/blog\/wp-json\/wp\/v2\/media?parent=1147"}],"wp:term":[{"taxonomy":"category","embeddable":true,"href":"https:\/\/www.univates.br\/blog\/wp-json\/wp\/v2\/categories?post=1147"}],"curies":[{"name":"wp","href":"https:\/\/api.w.org\/{rel}","templated":true}]}}