{"id":1151,"date":"2022-05-09T14:04:17","date_gmt":"2022-05-09T17:04:17","guid":{"rendered":"https:\/\/desenvolvimento.bravo.st\/univatesblog\/?p=1151"},"modified":"2024-01-18T13:52:22","modified_gmt":"2024-01-18T16:52:22","slug":"9-livros-de-design-para-voce-curtir","status":"publish","type":"post","link":"https:\/\/www.univates.br\/blog\/9-livros-de-design-para-voce-curtir\/","title":{"rendered":"9 livros de design para voc\u00ea curtir"},"content":{"rendered":"\n<p>Fomos atr\u00e1s do coordenador do&nbsp;<strong>curso de<\/strong>&nbsp;<a href=\"https:\/\/www.univates.br\/graduacao\/design\">Design<\/a>&nbsp;da&nbsp;<strong>Univates<\/strong>, professor Rodrigo Brod, e de diplomados e alunos para dar&nbsp;<strong>dicas de livros da \u00e1rea<\/strong>. S\u00e3o exemplares que&nbsp;<strong>exploram trabalhos legais<\/strong>,<strong>&nbsp;incentivam a criatividade<\/strong>&nbsp;e&nbsp;<strong>contribuem para a aquisi\u00e7\u00e3o de conhecimento<\/strong>. O melhor \u00e9 que todas as&nbsp;<strong>obras<\/strong>&nbsp;podem ser retiradas na&nbsp;<a href=\"https:\/\/www.univates.br\/biblioteca\/\">Biblioteca da Univates<\/a>. Ficou curioso? Venha conferir as&nbsp;<strong>sugest\u00f5es<\/strong>&nbsp;do pessoal:<\/p>\n\n\n\n<h2 class=\"wp-block-heading\">1) Morte aos papagaios &#8211; Gustavo Piqueira<\/h2>\n\n\n\n<div class=\"wp-block-media-text alignwide is-stacked-on-mobile\"><figure class=\"wp-block-media-text__media\"><img loading=\"lazy\" decoding=\"async\" width=\"292\" height=\"292\" src=\"https:\/\/desenvolvimento.bravo.st\/univatesblog\/wp-content\/uploads\/2022\/05\/1528808641.918_300_300.jpg\" alt=\"\" class=\"wp-image-1152 size-full\" srcset=\"https:\/\/www.univates.br\/blog\/wp-content\/uploads\/2022\/05\/1528808641.918_300_300.jpg 292w, https:\/\/www.univates.br\/blog\/wp-content\/uploads\/2022\/05\/1528808641.918_300_300-150x150.jpg 150w\" sizes=\"auto, (max-width: 292px) 100vw, 292px\" \/><\/figure><div class=\"wp-block-media-text__content\">\n<p>Gustavo Piqueira j\u00e1 esteve na\u00a0<strong>Univates<\/strong>\u00a0para uma aula inaugural do\u00a0<strong><em>curso de<\/em>\u00a0Design<\/strong>\u00a0e, segundo Brod, \u00e9 um dos designers gr\u00e1ficos mais incr\u00edveis do Brasil. Este \u00e9 um dos seus primeiros\u00a0<strong>livros<\/strong>, direcionado a\u00a0<strong>estudantes de<\/strong>\u00a0<em><strong>Design<\/strong><\/em>\u00a0e iniciantes na \u00e1rea. Mas na verdade n\u00e3o fala bem sobre\u00a0<em><strong>design<\/strong><\/em>. Ou ser\u00e1 que fala? S\u00f3 lendo para saber.<\/p>\n\n\n\n<p><em>(Foto: Divulga\u00e7\u00e3o)<\/em><\/p>\n<\/div><\/div>\n\n\n\n<h2 class=\"wp-block-heading\">2) Design: hist\u00f3ria, teoria e pr\u00e1tica do design de produtos &#8211; Bernhard B\u00fcrdek<\/h2>\n\n\n\n<div class=\"wp-block-media-text alignwide is-stacked-on-mobile\"><figure class=\"wp-block-media-text__media\"><img loading=\"lazy\" decoding=\"async\" width=\"292\" height=\"292\" src=\"https:\/\/desenvolvimento.bravo.st\/univatesblog\/wp-content\/uploads\/2022\/05\/1528808641.9896_300_300.jpg\" alt=\"\" class=\"wp-image-1153 size-full\" srcset=\"https:\/\/www.univates.br\/blog\/wp-content\/uploads\/2022\/05\/1528808641.9896_300_300.jpg 292w, https:\/\/www.univates.br\/blog\/wp-content\/uploads\/2022\/05\/1528808641.9896_300_300-150x150.jpg 150w\" sizes=\"auto, (max-width: 292px) 100vw, 292px\" \/><\/figure><div class=\"wp-block-media-text__content\">\n<p>Essencial para quem quer compreender\u00a0<strong>como o\u00a0<em>design<\/em>\u00a0evoluiu tecnol\u00f3gica e culturalmente<\/strong>.\u00a0<strong>Leitura<\/strong>\u00a0acess\u00edvel at\u00e9 mesmo para quem n\u00e3o \u00e9 da \u00e1rea, com ilustra\u00e7\u00f5es muito legais e \u00f3timos exemplos. \ud83d\ude42<\/p>\n\n\n\n<p><em>(Foto: Divulga\u00e7\u00e3o)<\/em><\/p>\n<\/div><\/div>\n\n\n\n<div class=\"bloco-gutenberg\">\n\n    <a href=\"https:\/\/materiais.univates.br\/mercado-de-trabalho-modalidade\" target=\"_blank\" class=\"guten-material\" style=\"background-color: #01e37f; color: #0a0a0a;\">\n                    <img decoding=\"async\" src=\"https:\/\/www.univates.br\/blog\/wp-content\/uploads\/2022\/05\/Design-sem-nome-4.png\" loading=\"lazy\">\n                <div class=\"texto\">\n                            <span>Descubra como se destacar no mercado de trabalho<\/span>\n                            <strong>Baixar e-book<\/strong>\n                    <\/div>\n    <\/a>\n    <\/div>\n\n\n<h2 class=\"wp-block-heading\">3) Linha do tempo do design gr\u00e1fico no Brasil &#8211; Chico Homem de Melo e Elaine Ramos<\/h2>\n\n\n\n<div class=\"wp-block-media-text alignwide is-stacked-on-mobile\"><figure class=\"wp-block-media-text__media\"><img loading=\"lazy\" decoding=\"async\" width=\"291\" height=\"332\" src=\"https:\/\/desenvolvimento.bravo.st\/univatesblog\/wp-content\/uploads\/2022\/05\/1528808642.0062_300_300.jpg\" alt=\"\" class=\"wp-image-1154 size-full\" srcset=\"https:\/\/www.univates.br\/blog\/wp-content\/uploads\/2022\/05\/1528808642.0062_300_300.jpg 291w, https:\/\/www.univates.br\/blog\/wp-content\/uploads\/2022\/05\/1528808642.0062_300_300-131x150.jpg 131w\" sizes=\"auto, (max-width: 291px) 100vw, 291px\" \/><\/figure><div class=\"wp-block-media-text__content\">\n<p>Segundo o professor, esse \u00e9 um bel\u00edssimo\u00a0<strong>livro<\/strong>\u00a0e uma bel\u00edssima curadoria dos autores sobre a\u00a0<strong>hist\u00f3ria do\u00a0<em>design<\/em>\u00a0gr\u00e1fico brasileiro<\/strong>. \u201cPara ver a riqueza do nosso\u00a0<strong><em>design<\/em><\/strong>\u00a0e deixar um pouco o\u00a0<em>Pinterest<\/em>\u00a0de lado\u201d, provoca Brod.<\/p>\n\n\n\n<p><em>(Foto: Divulga\u00e7\u00e3o)<\/em><\/p>\n<\/div><\/div>\n\n\n\n<h2 class=\"wp-block-heading\">4) Logo design &#8211; Taschen<\/h2>\n\n\n\n<div class=\"wp-block-media-text alignwide is-stacked-on-mobile\"><figure class=\"wp-block-media-text__media\"><img loading=\"lazy\" decoding=\"async\" width=\"292\" height=\"392\" src=\"https:\/\/desenvolvimento.bravo.st\/univatesblog\/wp-content\/uploads\/2022\/05\/1528808642.6986_300_300.jpg\" alt=\"\" class=\"wp-image-1155 size-full\" srcset=\"https:\/\/www.univates.br\/blog\/wp-content\/uploads\/2022\/05\/1528808642.6986_300_300.jpg 292w, https:\/\/www.univates.br\/blog\/wp-content\/uploads\/2022\/05\/1528808642.6986_300_300-112x150.jpg 112w\" sizes=\"auto, (max-width: 292px) 100vw, 292px\" \/><\/figure><div class=\"wp-block-media-text__content\">\n<p>Este n\u00e3o \u00e9 um\u00a0<strong>livro<\/strong>\u00a0te\u00f3rico, mas uma \u201cbiblioteca\u201d com as<strong>\u00a0melhores refer\u00eancias<\/strong>. Para se perder nas p\u00e1ginas! Na\u00a0<a href=\"https:\/\/www.univates.br\/biblioteca\/\">Biblioteca da Univates<\/a>\u00a0h\u00e1 as edi\u00e7\u00f5es 1, 2 e 3, al\u00e9m de\u00a0<strong>livros<\/strong>\u00a0de tem\u00e1tica semelhante, como o\u00a0<em>Los Logos<\/em>.<\/p>\n\n\n\n<p><em>(Foto: Divulga\u00e7\u00e3o)<\/em><\/p>\n<\/div><\/div>\n\n\n\n<div class=\"bloco-gutenberg\">\n\n    <a href=\"https:\/\/materiais.univates.br\/saiba-qual-profissao-e-a-sua-cara\" target=\"_blank\" class=\"guten-material\" style=\"background-color: #ff5d4a; color: #0a0a0a;\">\n                    <img decoding=\"async\" src=\"https:\/\/www.univates.br\/blog\/wp-content\/uploads\/2022\/05\/Design-sem-nome-4.png\" loading=\"lazy\">\n                <div class=\"texto\">\n                            <span>Saiba qual profiss\u00e3o \u00e9 a sua cara<\/span>\n                            <strong>Baixar e-book<\/strong>\n                    <\/div>\n    <\/a>\n    <\/div>\n\n\n<h2 class=\"wp-block-heading\">5) 1000 extra\/ordinary objects &#8211; Taschen<\/h2>\n\n\n\n<div class=\"wp-block-media-text alignwide is-stacked-on-mobile\"><figure class=\"wp-block-media-text__media\"><img loading=\"lazy\" decoding=\"async\" width=\"292\" height=\"407\" src=\"https:\/\/desenvolvimento.bravo.st\/univatesblog\/wp-content\/uploads\/2022\/05\/1528808642.2539_300_300.jpg\" alt=\"\" class=\"wp-image-1156 size-full\" srcset=\"https:\/\/www.univates.br\/blog\/wp-content\/uploads\/2022\/05\/1528808642.2539_300_300.jpg 292w, https:\/\/www.univates.br\/blog\/wp-content\/uploads\/2022\/05\/1528808642.2539_300_300-108x150.jpg 108w\" sizes=\"auto, (max-width: 292px) 100vw, 292px\" \/><\/figure><div class=\"wp-block-media-text__content\">\n<p>Na mesma linha do\u00a0<em>Logo Design<\/em>, mas com objetos. Imperd\u00edvel!\u00a0<\/p>\n\n\n\n<p><em>(Foto: Divulga\u00e7\u00e3o)<\/em><\/p>\n<\/div><\/div>\n\n\n\n<h2 class=\"wp-block-heading\">6) Visual harmony: proportion in graphic design &#8211; SendPoints<a rel=\"noreferrer noopener\" href=\"https:\/\/materiais.univates.br\/mercado-de-trabalho-modalidade\" target=\"_blank\"><\/a><\/h2>\n\n\n\n<div class=\"wp-block-media-text alignwide is-stacked-on-mobile\"><figure class=\"wp-block-media-text__media\"><img loading=\"lazy\" decoding=\"async\" width=\"292\" height=\"292\" src=\"https:\/\/desenvolvimento.bravo.st\/univatesblog\/wp-content\/uploads\/2022\/05\/1528808642.6408_300_300.jpg\" alt=\"\" class=\"wp-image-1157 size-full\" srcset=\"https:\/\/www.univates.br\/blog\/wp-content\/uploads\/2022\/05\/1528808642.6408_300_300.jpg 292w, https:\/\/www.univates.br\/blog\/wp-content\/uploads\/2022\/05\/1528808642.6408_300_300-150x150.jpg 150w\" sizes=\"auto, (max-width: 292px) 100vw, 292px\" \/><\/figure><div class=\"wp-block-media-text__content\">\n<p><strong><em>Design<\/em><\/strong>\u00a0\u00e9\u00a0<strong>express\u00e3o<\/strong>, mas tamb\u00e9m est\u00e1 intimamente relacionado com\u00a0<strong>harmonia<\/strong>\u00a0e\u00a0<strong>propor\u00e7\u00f5es<\/strong>. Este\u00a0<strong>livro<\/strong>\u00a0trata disso e, olha que m\u00e1ximo, tem dois trabalhos feitos pelo est\u00fadio do coordenador do\u00a0<strong>curso de\u00a0<em>Design\u00a0<\/em><\/strong>da\u00a0<strong>Univates<\/strong>!<\/p>\n\n\n\n<p><em>(Foto: Divulga\u00e7\u00e3o)<\/em><\/p>\n<\/div><\/div>\n\n\n\n<h2 class=\"wp-block-heading\">7) Materiologia: o guia criativo de materiais e tecnologias &#8211; Daniel Kula e Eloide Ternaux<\/h2>\n\n\n\n<div class=\"wp-block-media-text alignwide is-stacked-on-mobile\"><figure class=\"wp-block-media-text__media\"><img loading=\"lazy\" decoding=\"async\" width=\"292\" height=\"436\" src=\"https:\/\/desenvolvimento.bravo.st\/univatesblog\/wp-content\/uploads\/2022\/05\/1528808642.0172_300_300.jpg\" alt=\"\" class=\"wp-image-1158 size-full\" srcset=\"https:\/\/www.univates.br\/blog\/wp-content\/uploads\/2022\/05\/1528808642.0172_300_300.jpg 292w, https:\/\/www.univates.br\/blog\/wp-content\/uploads\/2022\/05\/1528808642.0172_300_300-100x150.jpg 100w\" sizes=\"auto, (max-width: 292px) 100vw, 292px\" \/><\/figure><div class=\"wp-block-media-text__content\">\n<p>Voc\u00ea \u00e9 curioso e\u00a0<strong>quer saber como e de que os produtos s\u00e3o feitos<\/strong>? Ent\u00e3o esse\u00a0<strong>livro<\/strong>\u00a0\u00e9 para voc\u00ea! Um\u00a0<strong>guia<\/strong>\u00a0f\u00e1cil e intuitivo para\u00a0<strong>entender materiais e tecnologias<\/strong>.<\/p>\n\n\n\n<p><em>(Foto: Divulga\u00e7\u00e3o)<\/em><\/p>\n<\/div><\/div>\n\n\n\n<div class=\"bloco-gutenberg\">\n\n    <a href=\"https:\/\/materiais.univates.br\/mercado-de-trabalho-modalidade\" target=\"_blank\" class=\"guten-material\" style=\"background-color: #01e37f; color: #0a0a0a;\">\n                    <img decoding=\"async\" src=\"https:\/\/www.univates.br\/blog\/wp-content\/uploads\/2022\/05\/Design-sem-nome-4.png\" loading=\"lazy\">\n                <div class=\"texto\">\n                            <span>Descubra como se destacar no mercado de trabalho<\/span>\n                            <strong>Baixar e-book<\/strong>\n                    <\/div>\n    <\/a>\n    <\/div>\n\n\n<h2 class=\"wp-block-heading\">8) Psicodin\u00e2mica das cores em comunica\u00e7\u00e3o &#8211; Modesto Farina, Clotilde Perez e Dorinho Bastos<\/h2>\n\n\n\n<div class=\"wp-block-media-text alignwide is-stacked-on-mobile\"><figure class=\"wp-block-media-text__media\"><img loading=\"lazy\" decoding=\"async\" width=\"292\" height=\"363\" src=\"https:\/\/desenvolvimento.bravo.st\/univatesblog\/wp-content\/uploads\/2022\/05\/1528808642.627_300_300.jpg\" alt=\"\" class=\"wp-image-1159 size-full\" srcset=\"https:\/\/www.univates.br\/blog\/wp-content\/uploads\/2022\/05\/1528808642.627_300_300.jpg 292w, https:\/\/www.univates.br\/blog\/wp-content\/uploads\/2022\/05\/1528808642.627_300_300-121x150.jpg 121w\" sizes=\"auto, (max-width: 292px) 100vw, 292px\" \/><\/figure><div class=\"wp-block-media-text__content\">\n<p>O que seria do azul se todos gostassem do amarelo? Entender\u00a0<strong>como as cores influenciam percep\u00e7\u00f5es e emo\u00e7\u00f5es<\/strong>\u00a0\u00e9 essencial para qualquer\u00a0<em>designer<\/em>.\u00a0<\/p>\n\n\n\n<p><em>(Foto: Divulga\u00e7\u00e3o)<\/em><\/p>\n<\/div><\/div>\n\n\n\n<h2 class=\"wp-block-heading\">9) Pensar com tipos: guia para designers, escritores, editores e estudantes &#8211; Ellen Lupton<\/h2>\n\n\n\n<div class=\"wp-block-media-text alignwide is-stacked-on-mobile\"><figure class=\"wp-block-media-text__media\"><img loading=\"lazy\" decoding=\"async\" width=\"292\" height=\"352\" src=\"https:\/\/desenvolvimento.bravo.st\/univatesblog\/wp-content\/uploads\/2022\/05\/1528808642.2641_300_300.jpg\" alt=\"\" class=\"wp-image-1160 size-full\" srcset=\"https:\/\/www.univates.br\/blog\/wp-content\/uploads\/2022\/05\/1528808642.2641_300_300.jpg 292w, https:\/\/www.univates.br\/blog\/wp-content\/uploads\/2022\/05\/1528808642.2641_300_300-124x150.jpg 124w\" sizes=\"auto, (max-width: 292px) 100vw, 292px\" \/><\/figure><div class=\"wp-block-media-text__content\">\n<p>Um\u00a0<strong>livro<\/strong>\u00a0para apaixonados (e para quem quer se apaixonar) por\u00a0<strong>tipografia<\/strong>. Ellen Lupton \u00e9 refer\u00eancia mundial na \u00e1rea e sua\u00a0<strong>obra<\/strong>\u00a0\u00e9 utilizada por<strong>\u00a0cursos de\u00a0<em>Design<\/em><\/strong>\u00a0no mundo todo.<\/p>\n\n\n\n<p><em>(Foto: Divulga\u00e7\u00e3o)<\/em><\/p>\n<\/div><\/div>\n","protected":false},"excerpt":{"rendered":"<p>Fomos atr\u00e1s do coordenador do&nbsp;curso de&nbsp;Design&nbsp;da&nbsp;Univates, professor Rodrigo Brod, e de diplomados e alunos para dar&nbsp;dicas de livros da \u00e1rea. S\u00e3o exemplares que&nbsp;exploram trabalhos legais,&nbsp;incentivam a criatividade&nbsp;e&nbsp;contribuem para a aquisi\u00e7\u00e3o de conhecimento. O melhor \u00e9 que todas as&nbsp;obras&nbsp;podem ser retiradas\u2026<\/p>\n","protected":false},"author":2,"featured_media":0,"comment_status":"open","ping_status":"open","sticky":false,"template":"","format":"standard","meta":{"_acf_changed":false,"footnotes":""},"categories":[64,23,67],"class_list":["post-1151","post","type-post","status-publish","format-standard","hentry","category-comunicacao-e-economia-criativa","category-estudos","category-explore","autor-ana-amelia-ritt","curso-design","area-comunicacao-e-economia-criativa"],"acf":[],"yoast_head":"<!-- This site is optimized with the Yoast SEO plugin v27.3 - https:\/\/yoast.com\/product\/yoast-seo-wordpress\/ -->\n<title>9 livros de design para voc\u00ea curtir - Univates Blog<\/title>\n<meta name=\"robots\" content=\"index, follow, max-snippet:-1, max-image-preview:large, max-video-preview:-1\" \/>\n<link rel=\"canonical\" href=\"https:\/\/www.univates.br\/blog\/9-livros-de-design-para-voce-curtir\/\" \/>\n<meta property=\"og:locale\" content=\"pt_BR\" \/>\n<meta property=\"og:type\" content=\"article\" \/>\n<meta property=\"og:title\" content=\"9 livros de design para voc\u00ea curtir - Univates Blog\" \/>\n<meta property=\"og:description\" content=\"Fomos atr\u00e1s do coordenador do&nbsp;curso de&nbsp;Design&nbsp;da&nbsp;Univates, professor Rodrigo Brod, e de diplomados e alunos para dar&nbsp;dicas de livros da \u00e1rea. S\u00e3o exemplares que&nbsp;exploram trabalhos legais,&nbsp;incentivam a criatividade&nbsp;e&nbsp;contribuem para a aquisi\u00e7\u00e3o de conhecimento. O melhor \u00e9 que todas as&nbsp;obras&nbsp;podem ser retiradas\u2026\" \/>\n<meta property=\"og:url\" content=\"https:\/\/www.univates.br\/blog\/9-livros-de-design-para-voce-curtir\/\" \/>\n<meta property=\"og:site_name\" content=\"Univates Blog\" \/>\n<meta property=\"article:published_time\" content=\"2022-05-09T17:04:17+00:00\" \/>\n<meta property=\"article:modified_time\" content=\"2024-01-18T16:52:22+00:00\" \/>\n<meta property=\"og:image\" content=\"https:\/\/desenvolvimento.bravo.st\/univatesblog\/wp-content\/uploads\/2022\/05\/1528808641.918_300_300.jpg\" \/>\n<meta name=\"author\" content=\"Marketing Univates\" \/>\n<meta name=\"twitter:card\" content=\"summary_large_image\" \/>\n<meta name=\"twitter:label1\" content=\"Escrito por\" \/>\n\t<meta name=\"twitter:data1\" content=\"Marketing Univates\" \/>\n\t<meta name=\"twitter:label2\" content=\"Est. tempo de leitura\" \/>\n\t<meta name=\"twitter:data2\" content=\"5 minutos\" \/>\n<script type=\"application\/ld+json\" class=\"yoast-schema-graph\">{\"@context\":\"https:\\\/\\\/schema.org\",\"@graph\":[{\"@type\":\"Article\",\"@id\":\"https:\\\/\\\/www.univates.br\\\/blog\\\/9-livros-de-design-para-voce-curtir\\\/#article\",\"isPartOf\":{\"@id\":\"https:\\\/\\\/www.univates.br\\\/blog\\\/9-livros-de-design-para-voce-curtir\\\/\"},\"author\":{\"name\":\"Marketing Univates\",\"@id\":\"https:\\\/\\\/www.univates.br\\\/blog\\\/#\\\/schema\\\/person\\\/15c63917440cc5e70160c247b309af2f\"},\"headline\":\"9 livros de design para voc\u00ea curtir\",\"datePublished\":\"2022-05-09T17:04:17+00:00\",\"dateModified\":\"2024-01-18T16:52:22+00:00\",\"mainEntityOfPage\":{\"@id\":\"https:\\\/\\\/www.univates.br\\\/blog\\\/9-livros-de-design-para-voce-curtir\\\/\"},\"wordCount\":518,\"commentCount\":0,\"image\":{\"@id\":\"https:\\\/\\\/www.univates.br\\\/blog\\\/9-livros-de-design-para-voce-curtir\\\/#primaryimage\"},\"thumbnailUrl\":\"https:\\\/\\\/desenvolvimento.bravo.st\\\/univatesblog\\\/wp-content\\\/uploads\\\/2022\\\/05\\\/1528808641.918_300_300.jpg\",\"articleSection\":[\"Comunica\u00e7\u00e3o e Economia Criativa\",\"Estudos\",\"Explore\"],\"inLanguage\":\"pt-BR\",\"potentialAction\":[{\"@type\":\"CommentAction\",\"name\":\"Comment\",\"target\":[\"https:\\\/\\\/www.univates.br\\\/blog\\\/9-livros-de-design-para-voce-curtir\\\/#respond\"]}]},{\"@type\":\"WebPage\",\"@id\":\"https:\\\/\\\/www.univates.br\\\/blog\\\/9-livros-de-design-para-voce-curtir\\\/\",\"url\":\"https:\\\/\\\/www.univates.br\\\/blog\\\/9-livros-de-design-para-voce-curtir\\\/\",\"name\":\"9 livros de design para voc\u00ea curtir - Univates Blog\",\"isPartOf\":{\"@id\":\"https:\\\/\\\/www.univates.br\\\/blog\\\/#website\"},\"primaryImageOfPage\":{\"@id\":\"https:\\\/\\\/www.univates.br\\\/blog\\\/9-livros-de-design-para-voce-curtir\\\/#primaryimage\"},\"image\":{\"@id\":\"https:\\\/\\\/www.univates.br\\\/blog\\\/9-livros-de-design-para-voce-curtir\\\/#primaryimage\"},\"thumbnailUrl\":\"https:\\\/\\\/desenvolvimento.bravo.st\\\/univatesblog\\\/wp-content\\\/uploads\\\/2022\\\/05\\\/1528808641.918_300_300.jpg\",\"datePublished\":\"2022-05-09T17:04:17+00:00\",\"dateModified\":\"2024-01-18T16:52:22+00:00\",\"author\":{\"@id\":\"https:\\\/\\\/www.univates.br\\\/blog\\\/#\\\/schema\\\/person\\\/15c63917440cc5e70160c247b309af2f\"},\"breadcrumb\":{\"@id\":\"https:\\\/\\\/www.univates.br\\\/blog\\\/9-livros-de-design-para-voce-curtir\\\/#breadcrumb\"},\"inLanguage\":\"pt-BR\",\"potentialAction\":[{\"@type\":\"ReadAction\",\"target\":[\"https:\\\/\\\/www.univates.br\\\/blog\\\/9-livros-de-design-para-voce-curtir\\\/\"]}]},{\"@type\":\"ImageObject\",\"inLanguage\":\"pt-BR\",\"@id\":\"https:\\\/\\\/www.univates.br\\\/blog\\\/9-livros-de-design-para-voce-curtir\\\/#primaryimage\",\"url\":\"https:\\\/\\\/desenvolvimento.bravo.st\\\/univatesblog\\\/wp-content\\\/uploads\\\/2022\\\/05\\\/1528808641.918_300_300.jpg\",\"contentUrl\":\"https:\\\/\\\/desenvolvimento.bravo.st\\\/univatesblog\\\/wp-content\\\/uploads\\\/2022\\\/05\\\/1528808641.918_300_300.jpg\"},{\"@type\":\"BreadcrumbList\",\"@id\":\"https:\\\/\\\/www.univates.br\\\/blog\\\/9-livros-de-design-para-voce-curtir\\\/#breadcrumb\",\"itemListElement\":[{\"@type\":\"ListItem\",\"position\":1,\"name\":\"Home\",\"item\":\"https:\\\/\\\/www.univates.br\\\/blog\\\/\"},{\"@type\":\"ListItem\",\"position\":2,\"name\":\"9 livros de design para voc\u00ea curtir\"}]},{\"@type\":\"WebSite\",\"@id\":\"https:\\\/\\\/www.univates.br\\\/blog\\\/#website\",\"url\":\"https:\\\/\\\/www.univates.br\\\/blog\\\/\",\"name\":\"Univates Blog\",\"description\":\"\",\"potentialAction\":[{\"@type\":\"SearchAction\",\"target\":{\"@type\":\"EntryPoint\",\"urlTemplate\":\"https:\\\/\\\/www.univates.br\\\/blog\\\/?s={search_term_string}\"},\"query-input\":{\"@type\":\"PropertyValueSpecification\",\"valueRequired\":true,\"valueName\":\"search_term_string\"}}],\"inLanguage\":\"pt-BR\"},{\"@type\":\"Person\",\"@id\":\"https:\\\/\\\/www.univates.br\\\/blog\\\/#\\\/schema\\\/person\\\/15c63917440cc5e70160c247b309af2f\",\"name\":\"Marketing Univates\",\"image\":{\"@type\":\"ImageObject\",\"inLanguage\":\"pt-BR\",\"@id\":\"https:\\\/\\\/secure.gravatar.com\\\/avatar\\\/511f9e77a6a3d0cddd9074f69a722364bc7f787e73d4a0da1f727ba62704eda4?s=96&d=mm&r=g\",\"url\":\"https:\\\/\\\/secure.gravatar.com\\\/avatar\\\/511f9e77a6a3d0cddd9074f69a722364bc7f787e73d4a0da1f727ba62704eda4?s=96&d=mm&r=g\",\"contentUrl\":\"https:\\\/\\\/secure.gravatar.com\\\/avatar\\\/511f9e77a6a3d0cddd9074f69a722364bc7f787e73d4a0da1f727ba62704eda4?s=96&d=mm&r=g\",\"caption\":\"Marketing Univates\"},\"sameAs\":[\"http:\\\/\\\/univates.br\"],\"url\":\"https:\\\/\\\/www.univates.br\\\/blog\\\/author\\\/marketing\\\/\"}]}<\/script>\n<!-- \/ Yoast SEO plugin. -->","yoast_head_json":{"title":"9 livros de design para voc\u00ea curtir - Univates Blog","robots":{"index":"index","follow":"follow","max-snippet":"max-snippet:-1","max-image-preview":"max-image-preview:large","max-video-preview":"max-video-preview:-1"},"canonical":"https:\/\/www.univates.br\/blog\/9-livros-de-design-para-voce-curtir\/","og_locale":"pt_BR","og_type":"article","og_title":"9 livros de design para voc\u00ea curtir - Univates Blog","og_description":"Fomos atr\u00e1s do coordenador do&nbsp;curso de&nbsp;Design&nbsp;da&nbsp;Univates, professor Rodrigo Brod, e de diplomados e alunos para dar&nbsp;dicas de livros da \u00e1rea. S\u00e3o exemplares que&nbsp;exploram trabalhos legais,&nbsp;incentivam a criatividade&nbsp;e&nbsp;contribuem para a aquisi\u00e7\u00e3o de conhecimento. O melhor \u00e9 que todas as&nbsp;obras&nbsp;podem ser retiradas\u2026","og_url":"https:\/\/www.univates.br\/blog\/9-livros-de-design-para-voce-curtir\/","og_site_name":"Univates Blog","article_published_time":"2022-05-09T17:04:17+00:00","article_modified_time":"2024-01-18T16:52:22+00:00","og_image":[{"url":"https:\/\/desenvolvimento.bravo.st\/univatesblog\/wp-content\/uploads\/2022\/05\/1528808641.918_300_300.jpg","type":"","width":"","height":""}],"author":"Marketing Univates","twitter_card":"summary_large_image","twitter_misc":{"Escrito por":"Marketing Univates","Est. tempo de leitura":"5 minutos"},"schema":{"@context":"https:\/\/schema.org","@graph":[{"@type":"Article","@id":"https:\/\/www.univates.br\/blog\/9-livros-de-design-para-voce-curtir\/#article","isPartOf":{"@id":"https:\/\/www.univates.br\/blog\/9-livros-de-design-para-voce-curtir\/"},"author":{"name":"Marketing Univates","@id":"https:\/\/www.univates.br\/blog\/#\/schema\/person\/15c63917440cc5e70160c247b309af2f"},"headline":"9 livros de design para voc\u00ea curtir","datePublished":"2022-05-09T17:04:17+00:00","dateModified":"2024-01-18T16:52:22+00:00","mainEntityOfPage":{"@id":"https:\/\/www.univates.br\/blog\/9-livros-de-design-para-voce-curtir\/"},"wordCount":518,"commentCount":0,"image":{"@id":"https:\/\/www.univates.br\/blog\/9-livros-de-design-para-voce-curtir\/#primaryimage"},"thumbnailUrl":"https:\/\/desenvolvimento.bravo.st\/univatesblog\/wp-content\/uploads\/2022\/05\/1528808641.918_300_300.jpg","articleSection":["Comunica\u00e7\u00e3o e Economia Criativa","Estudos","Explore"],"inLanguage":"pt-BR","potentialAction":[{"@type":"CommentAction","name":"Comment","target":["https:\/\/www.univates.br\/blog\/9-livros-de-design-para-voce-curtir\/#respond"]}]},{"@type":"WebPage","@id":"https:\/\/www.univates.br\/blog\/9-livros-de-design-para-voce-curtir\/","url":"https:\/\/www.univates.br\/blog\/9-livros-de-design-para-voce-curtir\/","name":"9 livros de design para voc\u00ea curtir - Univates Blog","isPartOf":{"@id":"https:\/\/www.univates.br\/blog\/#website"},"primaryImageOfPage":{"@id":"https:\/\/www.univates.br\/blog\/9-livros-de-design-para-voce-curtir\/#primaryimage"},"image":{"@id":"https:\/\/www.univates.br\/blog\/9-livros-de-design-para-voce-curtir\/#primaryimage"},"thumbnailUrl":"https:\/\/desenvolvimento.bravo.st\/univatesblog\/wp-content\/uploads\/2022\/05\/1528808641.918_300_300.jpg","datePublished":"2022-05-09T17:04:17+00:00","dateModified":"2024-01-18T16:52:22+00:00","author":{"@id":"https:\/\/www.univates.br\/blog\/#\/schema\/person\/15c63917440cc5e70160c247b309af2f"},"breadcrumb":{"@id":"https:\/\/www.univates.br\/blog\/9-livros-de-design-para-voce-curtir\/#breadcrumb"},"inLanguage":"pt-BR","potentialAction":[{"@type":"ReadAction","target":["https:\/\/www.univates.br\/blog\/9-livros-de-design-para-voce-curtir\/"]}]},{"@type":"ImageObject","inLanguage":"pt-BR","@id":"https:\/\/www.univates.br\/blog\/9-livros-de-design-para-voce-curtir\/#primaryimage","url":"https:\/\/desenvolvimento.bravo.st\/univatesblog\/wp-content\/uploads\/2022\/05\/1528808641.918_300_300.jpg","contentUrl":"https:\/\/desenvolvimento.bravo.st\/univatesblog\/wp-content\/uploads\/2022\/05\/1528808641.918_300_300.jpg"},{"@type":"BreadcrumbList","@id":"https:\/\/www.univates.br\/blog\/9-livros-de-design-para-voce-curtir\/#breadcrumb","itemListElement":[{"@type":"ListItem","position":1,"name":"Home","item":"https:\/\/www.univates.br\/blog\/"},{"@type":"ListItem","position":2,"name":"9 livros de design para voc\u00ea curtir"}]},{"@type":"WebSite","@id":"https:\/\/www.univates.br\/blog\/#website","url":"https:\/\/www.univates.br\/blog\/","name":"Univates Blog","description":"","potentialAction":[{"@type":"SearchAction","target":{"@type":"EntryPoint","urlTemplate":"https:\/\/www.univates.br\/blog\/?s={search_term_string}"},"query-input":{"@type":"PropertyValueSpecification","valueRequired":true,"valueName":"search_term_string"}}],"inLanguage":"pt-BR"},{"@type":"Person","@id":"https:\/\/www.univates.br\/blog\/#\/schema\/person\/15c63917440cc5e70160c247b309af2f","name":"Marketing Univates","image":{"@type":"ImageObject","inLanguage":"pt-BR","@id":"https:\/\/secure.gravatar.com\/avatar\/511f9e77a6a3d0cddd9074f69a722364bc7f787e73d4a0da1f727ba62704eda4?s=96&d=mm&r=g","url":"https:\/\/secure.gravatar.com\/avatar\/511f9e77a6a3d0cddd9074f69a722364bc7f787e73d4a0da1f727ba62704eda4?s=96&d=mm&r=g","contentUrl":"https:\/\/secure.gravatar.com\/avatar\/511f9e77a6a3d0cddd9074f69a722364bc7f787e73d4a0da1f727ba62704eda4?s=96&d=mm&r=g","caption":"Marketing Univates"},"sameAs":["http:\/\/univates.br"],"url":"https:\/\/www.univates.br\/blog\/author\/marketing\/"}]}},"_links":{"self":[{"href":"https:\/\/www.univates.br\/blog\/wp-json\/wp\/v2\/posts\/1151","targetHints":{"allow":["GET"]}}],"collection":[{"href":"https:\/\/www.univates.br\/blog\/wp-json\/wp\/v2\/posts"}],"about":[{"href":"https:\/\/www.univates.br\/blog\/wp-json\/wp\/v2\/types\/post"}],"author":[{"embeddable":true,"href":"https:\/\/www.univates.br\/blog\/wp-json\/wp\/v2\/users\/2"}],"replies":[{"embeddable":true,"href":"https:\/\/www.univates.br\/blog\/wp-json\/wp\/v2\/comments?post=1151"}],"version-history":[{"count":13,"href":"https:\/\/www.univates.br\/blog\/wp-json\/wp\/v2\/posts\/1151\/revisions"}],"predecessor-version":[{"id":4253,"href":"https:\/\/www.univates.br\/blog\/wp-json\/wp\/v2\/posts\/1151\/revisions\/4253"}],"wp:attachment":[{"href":"https:\/\/www.univates.br\/blog\/wp-json\/wp\/v2\/media?parent=1151"}],"wp:term":[{"taxonomy":"category","embeddable":true,"href":"https:\/\/www.univates.br\/blog\/wp-json\/wp\/v2\/categories?post=1151"}],"curies":[{"name":"wp","href":"https:\/\/api.w.org\/{rel}","templated":true}]}}