{"id":1167,"date":"2022-05-09T14:10:04","date_gmt":"2022-05-09T17:10:04","guid":{"rendered":"https:\/\/desenvolvimento.bravo.st\/univatesblog\/?p=1167"},"modified":"2023-12-20T20:40:28","modified_gmt":"2023-12-20T23:40:28","slug":"confira-os-motivos-para-fazer-um-curso-tecnico-na-nossa-universidade","status":"publish","type":"post","link":"https:\/\/www.univates.br\/blog\/confira-os-motivos-para-fazer-um-curso-tecnico-na-nossa-universidade\/","title":{"rendered":"Confira os motivos para fazer um curso t\u00e9cnico na nossa Universidade"},"content":{"rendered":"\n<p>Os&nbsp;<strong>cursos t\u00e9cnicos<\/strong>&nbsp;s\u00e3o de&nbsp;<strong>curto prazo<\/strong>&nbsp;e&nbsp;<strong>favorecem r\u00e1pida inser\u00e7\u00e3o no mercado de trabalho<\/strong>, mas isso voc\u00ea j\u00e1 sabe, n\u00e3o \u00e9 mesmo? O que talvez voc\u00ea n\u00e3o sabe \u00e9 que a&nbsp;<strong>Univates<\/strong>&nbsp;tem&nbsp;20 anos de tradi\u00e7\u00e3o em&nbsp;<strong>cursos t\u00e9cnicos<\/strong>, uma&nbsp;<strong>\u00f3tima infraestrutura<\/strong>&nbsp;e muito mais. E voc\u00ea&nbsp;<strong>nem precisa ter conclu\u00eddo o ensino m\u00e9dio<\/strong>! D\u00e1 para&nbsp;<strong>cursar os dois<\/strong>&nbsp;ao mesmo tempo. Bacana, n\u00e3o? Confira&nbsp;<strong>outros motivos para estudar na Univates fazendo um curso t\u00e9cnico<\/strong>.<\/p>\n\n\n\n<p><strong>Curso para colocar a \u201cm\u00e3o na massa\u201d<\/strong><\/p>\n\n\n\n<p>Os&nbsp;<strong>cursos t\u00e9cnicos<\/strong>&nbsp;oferecidos pela&nbsp;<strong>Univates<\/strong>&nbsp;s\u00e3o&nbsp;<strong>direcionados para o mercado de trabalho<\/strong>&nbsp;e compostos por&nbsp;<strong>disciplinas pr\u00e1ticas<\/strong>, que permitem que voc\u00ea coloque \u201c<strong>a m\u00e3o na massa<\/strong>\u201d antes mesmo de entrar no&nbsp;<strong>mercado de trabalho<\/strong>. Para isso, est\u00e3o dispon\u00edveis&nbsp;<strong>laborat\u00f3rios bem equipados<\/strong>&nbsp;que lhe proporcionam um&nbsp;<strong>diferencial competitivo<\/strong>&nbsp;que o&nbsp;<strong>mercado<\/strong>&nbsp;espera de voc\u00ea. E se voc\u00ea ainda quiser aprofundar os conhecimentos te\u00f3ricos, pode pensar em fazer uma&nbsp;<strong>gradua\u00e7\u00e3o<\/strong>.<\/p>\n\n\n\n<h2 class=\"wp-block-heading\">Laborat\u00f3rios e infraestrutura top<\/h2>\n\n\n\n<figure class=\"wp-block-image size-full\"><img loading=\"lazy\" decoding=\"async\" width=\"729\" height=\"486\" src=\"https:\/\/desenvolvimento.bravo.st\/univatesblog\/wp-content\/uploads\/2022\/05\/1527623549.6566_300_300.jpg\" alt=\"\" class=\"wp-image-2163\" srcset=\"https:\/\/www.univates.br\/blog\/wp-content\/uploads\/2022\/05\/1527623549.6566_300_300.jpg 729w, https:\/\/www.univates.br\/blog\/wp-content\/uploads\/2022\/05\/1527623549.6566_300_300-600x400.jpg 600w, https:\/\/www.univates.br\/blog\/wp-content\/uploads\/2022\/05\/1527623549.6566_300_300-150x100.jpg 150w\" sizes=\"auto, (max-width: 729px) 100vw, 729px\" \/><figcaption>Foto: Tuane Eggers<\/figcaption><\/figure>\n\n\n\n<p>Os\u00a0<strong>estudantes dos cursos t\u00e9cnicos<\/strong>\u00a0utilizam\u00a0<strong>os mesmos laborat\u00f3rios que os cursos de gradua\u00e7\u00e3o e p\u00f3s-gradua\u00e7\u00e3o<\/strong>. Se voc\u00ea fizer o t\u00e9cnico em Enfermagem, por exemplo, ter\u00e1 aula nos mesmos laborat\u00f3rios utilizados pelos alunos do curso de Medicina ou da gradua\u00e7\u00e3o em Enfermagem. S\u00f3 para voc\u00ea ter uma ideia, temos os laborat\u00f3rios de Anatomia, Inform\u00e1tica, de Termodin\u00e2mica e Mec\u00e2nica Automotiva, de Automa\u00e7\u00e3o Industrial, Edifica\u00e7\u00f5es e mais outros 208 laborat\u00f3rios, museus e salas especiais. Confira a lista completa\u00a0<a href=\"https:\/\/www.univates.br\/espaco-academico\/laboratorios-ensino\">aqui<\/a>. Os\u00a0<strong>estudantes dos cursos t\u00e9cnicos<\/strong>\u00a0tamb\u00e9m t\u00eam\u00a0<strong>acesso a toda a infraestrutura da Univates<\/strong>, como a pista atl\u00e9tica com certifica\u00e7\u00e3o internacional.<\/p>\n\n\n\n<h2 class=\"wp-block-heading\">R\u00e1pida inser\u00e7\u00e3o no mercado de trabalho<\/h2>\n\n\n\n<p>Com dura\u00e7\u00e3o m\u00e9dia de dois a tr\u00eas anos, os&nbsp;<strong>cursos t\u00e9cnicos<\/strong>&nbsp;garantem&nbsp;<strong>r\u00e1pida forma\u00e7\u00e3o<\/strong>&nbsp;e, consequentemente,&nbsp;<strong>r\u00e1pido ingresso no mercado de trabalho<\/strong>. Ainda mais porque&nbsp;<strong>muitos estudantes come\u00e7am a trabalhar<\/strong>&nbsp;na sua \u00e1rea de estudos&nbsp;<strong>antes mesmo de concluir o curso<\/strong>. E como as empresas buscam&nbsp;<strong>profissionais qualificados<\/strong>, com estudos t\u00e9cnicos que tenham, al\u00e9m da&nbsp;<strong>base te\u00f3rica<\/strong>, a&nbsp;<strong>pr\u00e1tica<\/strong>&nbsp;que um&nbsp;<strong>curso t\u00e9cnico<\/strong>&nbsp;oferece, os&nbsp;<strong>estudantes dos cursos t\u00e9cnicos da Univates<\/strong>&nbsp;t\u00eam tudo para ingressar no&nbsp;<strong>mercado de trabalho<\/strong>.<a href=\"https:\/\/materiais.univates.br\/e-book-saiba-qual-profissao-e-a-sua-cara\" target=\"_blank\" rel=\"noreferrer noopener\"><\/a><\/p>\n\n\n\n<h2 class=\"wp-block-heading\">20 anos de tradi\u00e7\u00e3o<\/h2>\n\n\n\n<p>H\u00e1 20 anos a&nbsp;<strong>Univates<\/strong>&nbsp;oferece&nbsp;<strong>cursos t\u00e9cnicos<\/strong>, ou seja, temos&nbsp;<strong>vasta experi\u00eancia em realizar cursos<\/strong>&nbsp;<strong>que ofere\u00e7am forma\u00e7\u00e3o s\u00f3lida<\/strong>&nbsp;e pr\u00f3xima ao que o&nbsp;<strong>mercado de trabalho<\/strong>&nbsp;espera dos profissionais. Hoje s\u00e3o aproximadamente 1.700 alunos em sala de aula e mais de 3 mil diplomados.<\/p>\n\n\n\n<h2 class=\"wp-block-heading\">Curta dura\u00e7\u00e3o e valor acess\u00edvel<\/h2>\n\n\n\n<p>Por ser&nbsp;<strong>mais curto do que uma gradua\u00e7\u00e3o<\/strong>, os&nbsp;<strong>cursos t\u00e9cnicos<\/strong>&nbsp;tamb\u00e9m se tornam&nbsp;<strong>mais vantajosos<\/strong>&nbsp;para quem quer ter conhecimento em determinada \u00e1rea e&nbsp;<strong>tem or\u00e7amento mais apertado<\/strong>. Sem contar que existe a&nbsp;<strong>op\u00e7\u00e3o de financiamento<\/strong>&nbsp;pr\u00f3prio da&nbsp;<strong>Univates<\/strong>, o Credivates 2.0, em que \u00e9 poss\u00edvel pagar o&nbsp;<strong>curso<\/strong>&nbsp;no dobro do tempo que voc\u00ea fizer as disciplinas. Isso quer dizer que voc\u00ea pode fazer todas as disciplinas em dois anos e pagar o&nbsp;<strong>curso<\/strong>&nbsp;em quatro anos. Bom, n\u00e9?<\/p>\n\n\n\n<h2 class=\"wp-block-heading\">Oportunidade de fazer interc\u00e2mbio<\/h2>\n\n\n\n<figure class=\"wp-block-image size-full\"><img loading=\"lazy\" decoding=\"async\" width=\"729\" height=\"486\" src=\"https:\/\/desenvolvimento.bravo.st\/univatesblog\/wp-content\/uploads\/2022\/05\/1527623549.8493_300_300.jpg\" alt=\"\" class=\"wp-image-2164\" srcset=\"https:\/\/www.univates.br\/blog\/wp-content\/uploads\/2022\/05\/1527623549.8493_300_300.jpg 729w, https:\/\/www.univates.br\/blog\/wp-content\/uploads\/2022\/05\/1527623549.8493_300_300-600x400.jpg 600w, https:\/\/www.univates.br\/blog\/wp-content\/uploads\/2022\/05\/1527623549.8493_300_300-150x100.jpg 150w\" sizes=\"auto, (max-width: 729px) 100vw, 729px\" \/><figcaption>Foto: Tuane Eggers<\/figcaption><\/figure>\n\n\n\n<p>Voc\u00ea sabia que&nbsp;<strong>\u00e9 poss\u00edvel fazer interc\u00e2mbio estudantil sendo aluno dos cursos t\u00e9cnicos<\/strong>? Sim! A cada semestre, a Diretoria de Rela\u00e7\u00f5es Internacionais lan\u00e7a editais espec\u00edficos para&nbsp;<strong>estudantes de cursos t\u00e9cnicos<\/strong>&nbsp;estudarem em&nbsp;<strong>universidades estrangeiras<\/strong>. Atualmente quatro estudantes est\u00e3o no&nbsp;<strong>exterior<\/strong>, outros quatro j\u00e1 finalizaram o&nbsp;<strong>interc\u00e2mbio<\/strong>&nbsp;e um est\u00e1 arrumando as malas para partir em agosto.<a href=\"https:\/\/materiais.univates.br\/mercado-de-trabalho-modalidade\" target=\"_blank\" rel=\"noreferrer noopener\"><\/a><\/p>\n\n\n\n<h2 class=\"wp-block-heading\">Forma\u00e7\u00e3o humanista<\/h2>\n\n\n\n<p>Na&nbsp;<strong>Univates<\/strong>, entendemos que os&nbsp;<strong>cursos t\u00e9cnicos<\/strong>&nbsp;n\u00e3o devem atender apenas \u00e0s&nbsp;<strong>demandas do mercado<\/strong>, mas precisam tamb\u00e9m&nbsp;<strong>ter a preocupa\u00e7\u00e3o de formar profissionais com adequada postura \u00e9tico profissional<\/strong>, para que possamos tamb\u00e9m ser pessoas melhores, contribuindo para modificar as suas condi\u00e7\u00f5es sociais, suas rela\u00e7\u00f5es e atua\u00e7\u00f5es na sociedade, favorecendo o&nbsp;<strong>crescimento de uma regi\u00e3o e pa\u00eds<\/strong>&nbsp;de forma mais pr\u00f3spera e menos desigual, e \u00e9 esta nossa postura e preocupa\u00e7\u00e3o na gest\u00e3o dos&nbsp;<strong>cursos t\u00e9cnicos<\/strong>&nbsp;<strong>da Univates<\/strong>.<\/p>\n\n\n\n<h2 class=\"wp-block-heading\">Somos Universidade!<\/h2>\n\n\n\n<p>Mesmo que os&nbsp;<strong>cursos t\u00e9cnicos<\/strong>&nbsp;n\u00e3o sejam cursos universit\u00e1rios, nossos estudantes podem ter&nbsp;<strong>contato com muitas oportunidades<\/strong>&nbsp;justamente porque somos uma&nbsp;<strong>Universidade<\/strong>. Os&nbsp;<strong>alunos dos cursos t\u00e9cnicos<\/strong>&nbsp;podem ser&nbsp;<strong>volunt\u00e1rios nos projetos de extens\u00e3o<\/strong>&nbsp;e, assim, estar em&nbsp;<strong>contato com a comunidade<\/strong>. Tamb\u00e9m podem&nbsp;<strong>participar de todos os eventos promovidos pela Institui\u00e7\u00e3o<\/strong>, como o Criexp &#8211; o maior evento do Sul do pa\u00eds em criatividade, inova\u00e7\u00e3o e empreendedorismo.<\/p>\n\n\n\n<h2 class=\"wp-block-heading\">Biblioteca moderna<\/h2>\n\n\n\n<figure class=\"wp-block-image size-full\"><img loading=\"lazy\" decoding=\"async\" width=\"729\" height=\"486\" src=\"https:\/\/desenvolvimento.bravo.st\/univatesblog\/wp-content\/uploads\/2022\/05\/1527623548.3021_300_300-1.jpg\" alt=\"\" class=\"wp-image-2166\" srcset=\"https:\/\/www.univates.br\/blog\/wp-content\/uploads\/2022\/05\/1527623548.3021_300_300-1.jpg 729w, https:\/\/www.univates.br\/blog\/wp-content\/uploads\/2022\/05\/1527623548.3021_300_300-1-600x400.jpg 600w, https:\/\/www.univates.br\/blog\/wp-content\/uploads\/2022\/05\/1527623548.3021_300_300-1-150x100.jpg 150w\" sizes=\"auto, (max-width: 729px) 100vw, 729px\" \/><figcaption>Foto: Tuane Eggers<\/figcaption><\/figure>\n\n\n\n<p>Instalada com&nbsp;<strong>100% de tecnologia de identifica\u00e7\u00e3o por radiofrequ\u00eancia<\/strong>, a&nbsp;<strong>Biblioteca da Univates<\/strong>&nbsp;\u00e9 considerada&nbsp;<strong>a mais moderna do Brasil<\/strong>&nbsp;e tamb\u00e9m&nbsp;<strong>uma das mais modernas da Am\u00e9rica Latina<\/strong>. Um local constitu\u00eddo por terminais de autoatendimento, localiza\u00e7\u00e3o de livros em mapa 3D, servi\u00e7o de autodevolu\u00e7\u00e3o e&nbsp;<strong>mais de 160 mil exemplares no acervo<\/strong>. Com uma&nbsp;<strong>estrutura de cinco andares<\/strong>, respons\u00e1vel por armazenar conhecimento e difundi-lo entre estudantes, professores e intelectuais, a&nbsp;<strong>Biblioteca da Univates<\/strong>&nbsp;\u00e9&nbsp;<strong>ponto de refer\u00eancia<\/strong>&nbsp;para aqueles que buscam&nbsp;<strong>cultura<\/strong>&nbsp;e&nbsp;<strong>inova\u00e7\u00e3o<\/strong>. Em cada andar, al\u00e9m das tradicionais estantes de livros,&nbsp;<em>lounges<\/em>&nbsp;com pufes se tornam um convite para que estudantes e visitantes descansem, se alimentem ou destinem um tempo para conversar no intervalo de estudos. No outro lado, computadores, mesas e salas de estudo fazem do local um espa\u00e7o marcado por tra\u00e7os contempor\u00e2neos e multiculturais. E&nbsp;<strong>tudo isso dispon\u00edvel para os estudantes de cursos t\u00e9cnicos<\/strong>, claro!<a href=\"https:\/\/materiais.univates.br\/com-que-curso-eu-vou-modalidade\" target=\"_blank\" rel=\"noreferrer noopener\"><\/a><\/p>\n\n\n\n<h2 class=\"wp-block-heading\">Professores com experi\u00eancia<\/h2>\n\n\n\n<p>Os&nbsp;<strong>professores<\/strong>&nbsp;t\u00eam&nbsp;<strong>ampla experi\u00eancia no mundo do trabalho<\/strong>&nbsp;e ministram disciplinas relacionadas com a sua \u00e1rea de atua\u00e7\u00e3o. Assim,&nbsp;<strong>levam a experi\u00eancia para a sala de aula<\/strong>&nbsp;e&nbsp;<strong>conectam a teoria com a pr\u00e1tica<\/strong>&nbsp;atrelada \u00e0s inova\u00e7\u00f5es e avan\u00e7os tecnol\u00f3gicos do&nbsp;<strong>mercado<\/strong>.<\/p>\n\n\n\n<h2 class=\"wp-block-heading\">Pode ser cursado junto com o Ensino M\u00e9dio<\/h2>\n\n\n\n<p>Se voc\u00ea \u00e9&nbsp;<strong>estudante de ensino m\u00e9dio<\/strong>, saiba que&nbsp;<strong>n\u00e3o precisa da conclus\u00e3o deste para ingressar em um curso t\u00e9cnico<\/strong>&nbsp;e&nbsp;<strong>n\u00e3o h\u00e1 processo seletivo<\/strong>, tipo prova. Somente inscri\u00e7\u00e3o e matr\u00edcula nos per\u00edodos predefinidos. Foi isso que o Maurique Schmitt, estudante de Manuten\u00e7\u00e3o Automotiva, resolveu fazer.<\/p>\n\n\n\n<blockquote class=\"wp-block-quote is-layout-flow wp-block-quote-is-layout-flow\"><p>&#8220;Decidi fazer um curso t\u00e9cnico durante o ensino m\u00e9dio, pois queria aproveitar o &#8220;embalo&#8221;. J\u00e1 que estou estudando, pensei que seria mais f\u00e1cil fazer os dois ao mesmo tempo. Decidi n\u00e3o fazer muitas disciplinas, pois n\u00e3o quero passar do meu limite, quero ir bem tanto no col\u00e9gio quanto na Univates, al\u00e9m de n\u00e3o deixar de fazer o que gosto no meu tempo livre, como futebol, shopping\u2026&#8221; (Maurique Schmitt, estudante de Manuten\u00e7\u00e3o Automotiva).<\/p><\/blockquote>\n\n\n\n<p>A exce\u00e7\u00e3o \u00e9 o&nbsp;<strong>curso t\u00e9cnico<\/strong>&nbsp;em Radiologia, que tem como requisitos para a matr\u00edcula que o aluno tenha conclu\u00eddo o Ensino M\u00e9dio e 18 anos completos. Ah,&nbsp;<strong>para receber o diploma do curso t\u00e9cnico<\/strong>&nbsp;voc\u00ea&nbsp;<strong>precisa ter conclu\u00eddo o ensino m\u00e9dio<\/strong>, ent\u00e3o nada de parar os estudos na escola, hein?<\/p>\n\n\n\n<h2 class=\"wp-block-heading\">Tecb\u00f4nus<\/h2>\n\n\n\n<p>Quem conclui um&nbsp;<strong>curso t\u00e9cnico<\/strong>&nbsp;na&nbsp;<strong>Univates<\/strong>&nbsp;tem acesso ao&nbsp;<strong>Tecb\u00f4nus<\/strong>, um&nbsp;<strong>benef\u00edcio<\/strong>&nbsp;que garante 50% de desconto no primeiro trimestre de um&nbsp;<strong>curso<\/strong>&nbsp;na modalidade a dist\u00e2ncia ou uma disciplina gratuita na&nbsp;<strong>gradua\u00e7\u00e3o<\/strong>&nbsp;presencial.<a href=\"https:\/\/www.univates.br\/blog\/\/post\/23016-confira-os-motivos-para-fazer-um-curso-tecnico-na-nossa-universidade#popup\"><\/a><\/p>\n","protected":false},"excerpt":{"rendered":"<p>Os&nbsp;cursos t\u00e9cnicos&nbsp;s\u00e3o de&nbsp;curto prazo&nbsp;e&nbsp;favorecem r\u00e1pida inser\u00e7\u00e3o no mercado de trabalho, mas isso voc\u00ea j\u00e1 sabe, n\u00e3o \u00e9 mesmo? O que talvez voc\u00ea n\u00e3o sabe \u00e9 que a&nbsp;Univates&nbsp;tem&nbsp;20 anos de tradi\u00e7\u00e3o em&nbsp;cursos t\u00e9cnicos, uma&nbsp;\u00f3tima infraestrutura&nbsp;e muito mais. E voc\u00ea&nbsp;nem precisa ter\u2026<\/p>\n","protected":false},"author":2,"featured_media":0,"comment_status":"open","ping_status":"open","sticky":false,"template":"","format":"standard","meta":{"_acf_changed":false,"footnotes":""},"categories":[15,7],"class_list":["post-1167","post","type-post","status-publish","format-standard","hentry","category-cursos-tecnicos","category-univates","autor-nicole-moras","area-cursos-tecnicos"],"acf":[],"yoast_head":"<!-- This site is optimized with the Yoast SEO plugin v27.3 - https:\/\/yoast.com\/product\/yoast-seo-wordpress\/ -->\n<title>Confira os motivos para fazer um curso t\u00e9cnico na nossa Universidade - Univates Blog<\/title>\n<meta name=\"robots\" content=\"index, follow, max-snippet:-1, max-image-preview:large, max-video-preview:-1\" \/>\n<link rel=\"canonical\" href=\"https:\/\/www.univates.br\/blog\/confira-os-motivos-para-fazer-um-curso-tecnico-na-nossa-universidade\/\" \/>\n<meta property=\"og:locale\" content=\"pt_BR\" \/>\n<meta property=\"og:type\" content=\"article\" \/>\n<meta property=\"og:title\" content=\"Confira os motivos para fazer um curso t\u00e9cnico na nossa Universidade - Univates Blog\" \/>\n<meta property=\"og:description\" content=\"Os&nbsp;cursos t\u00e9cnicos&nbsp;s\u00e3o de&nbsp;curto prazo&nbsp;e&nbsp;favorecem r\u00e1pida inser\u00e7\u00e3o no mercado de trabalho, mas isso voc\u00ea j\u00e1 sabe, n\u00e3o \u00e9 mesmo? O que talvez voc\u00ea n\u00e3o sabe \u00e9 que a&nbsp;Univates&nbsp;tem&nbsp;20 anos de tradi\u00e7\u00e3o em&nbsp;cursos t\u00e9cnicos, uma&nbsp;\u00f3tima infraestrutura&nbsp;e muito mais. E voc\u00ea&nbsp;nem precisa ter\u2026\" \/>\n<meta property=\"og:url\" content=\"https:\/\/www.univates.br\/blog\/confira-os-motivos-para-fazer-um-curso-tecnico-na-nossa-universidade\/\" \/>\n<meta property=\"og:site_name\" content=\"Univates Blog\" \/>\n<meta property=\"article:published_time\" content=\"2022-05-09T17:10:04+00:00\" \/>\n<meta property=\"article:modified_time\" content=\"2023-12-20T23:40:28+00:00\" \/>\n<meta property=\"og:image\" content=\"https:\/\/desenvolvimento.bravo.st\/univatesblog\/wp-content\/uploads\/2022\/05\/1527623549.6566_300_300.jpg\" \/>\n<meta name=\"author\" content=\"Marketing Univates\" \/>\n<meta name=\"twitter:card\" content=\"summary_large_image\" \/>\n<meta name=\"twitter:label1\" content=\"Escrito por\" \/>\n\t<meta name=\"twitter:data1\" content=\"Marketing Univates\" \/>\n\t<meta name=\"twitter:label2\" content=\"Est. tempo de leitura\" \/>\n\t<meta name=\"twitter:data2\" content=\"7 minutos\" \/>\n<script type=\"application\/ld+json\" class=\"yoast-schema-graph\">{\"@context\":\"https:\\\/\\\/schema.org\",\"@graph\":[{\"@type\":\"Article\",\"@id\":\"https:\\\/\\\/www.univates.br\\\/blog\\\/confira-os-motivos-para-fazer-um-curso-tecnico-na-nossa-universidade\\\/#article\",\"isPartOf\":{\"@id\":\"https:\\\/\\\/www.univates.br\\\/blog\\\/confira-os-motivos-para-fazer-um-curso-tecnico-na-nossa-universidade\\\/\"},\"author\":{\"name\":\"Marketing Univates\",\"@id\":\"https:\\\/\\\/www.univates.br\\\/blog\\\/#\\\/schema\\\/person\\\/15c63917440cc5e70160c247b309af2f\"},\"headline\":\"Confira os motivos para fazer um curso t\u00e9cnico na nossa Universidade\",\"datePublished\":\"2022-05-09T17:10:04+00:00\",\"dateModified\":\"2023-12-20T23:40:28+00:00\",\"mainEntityOfPage\":{\"@id\":\"https:\\\/\\\/www.univates.br\\\/blog\\\/confira-os-motivos-para-fazer-um-curso-tecnico-na-nossa-universidade\\\/\"},\"wordCount\":1412,\"commentCount\":0,\"image\":{\"@id\":\"https:\\\/\\\/www.univates.br\\\/blog\\\/confira-os-motivos-para-fazer-um-curso-tecnico-na-nossa-universidade\\\/#primaryimage\"},\"thumbnailUrl\":\"https:\\\/\\\/desenvolvimento.bravo.st\\\/univatesblog\\\/wp-content\\\/uploads\\\/2022\\\/05\\\/1527623549.6566_300_300.jpg\",\"articleSection\":[\"Cursos T\u00e9cnicos\",\"Univates\"],\"inLanguage\":\"pt-BR\",\"potentialAction\":[{\"@type\":\"CommentAction\",\"name\":\"Comment\",\"target\":[\"https:\\\/\\\/www.univates.br\\\/blog\\\/confira-os-motivos-para-fazer-um-curso-tecnico-na-nossa-universidade\\\/#respond\"]}]},{\"@type\":\"WebPage\",\"@id\":\"https:\\\/\\\/www.univates.br\\\/blog\\\/confira-os-motivos-para-fazer-um-curso-tecnico-na-nossa-universidade\\\/\",\"url\":\"https:\\\/\\\/www.univates.br\\\/blog\\\/confira-os-motivos-para-fazer-um-curso-tecnico-na-nossa-universidade\\\/\",\"name\":\"Confira os motivos para fazer um curso t\u00e9cnico na nossa Universidade - Univates Blog\",\"isPartOf\":{\"@id\":\"https:\\\/\\\/www.univates.br\\\/blog\\\/#website\"},\"primaryImageOfPage\":{\"@id\":\"https:\\\/\\\/www.univates.br\\\/blog\\\/confira-os-motivos-para-fazer-um-curso-tecnico-na-nossa-universidade\\\/#primaryimage\"},\"image\":{\"@id\":\"https:\\\/\\\/www.univates.br\\\/blog\\\/confira-os-motivos-para-fazer-um-curso-tecnico-na-nossa-universidade\\\/#primaryimage\"},\"thumbnailUrl\":\"https:\\\/\\\/desenvolvimento.bravo.st\\\/univatesblog\\\/wp-content\\\/uploads\\\/2022\\\/05\\\/1527623549.6566_300_300.jpg\",\"datePublished\":\"2022-05-09T17:10:04+00:00\",\"dateModified\":\"2023-12-20T23:40:28+00:00\",\"author\":{\"@id\":\"https:\\\/\\\/www.univates.br\\\/blog\\\/#\\\/schema\\\/person\\\/15c63917440cc5e70160c247b309af2f\"},\"breadcrumb\":{\"@id\":\"https:\\\/\\\/www.univates.br\\\/blog\\\/confira-os-motivos-para-fazer-um-curso-tecnico-na-nossa-universidade\\\/#breadcrumb\"},\"inLanguage\":\"pt-BR\",\"potentialAction\":[{\"@type\":\"ReadAction\",\"target\":[\"https:\\\/\\\/www.univates.br\\\/blog\\\/confira-os-motivos-para-fazer-um-curso-tecnico-na-nossa-universidade\\\/\"]}]},{\"@type\":\"ImageObject\",\"inLanguage\":\"pt-BR\",\"@id\":\"https:\\\/\\\/www.univates.br\\\/blog\\\/confira-os-motivos-para-fazer-um-curso-tecnico-na-nossa-universidade\\\/#primaryimage\",\"url\":\"https:\\\/\\\/desenvolvimento.bravo.st\\\/univatesblog\\\/wp-content\\\/uploads\\\/2022\\\/05\\\/1527623549.6566_300_300.jpg\",\"contentUrl\":\"https:\\\/\\\/desenvolvimento.bravo.st\\\/univatesblog\\\/wp-content\\\/uploads\\\/2022\\\/05\\\/1527623549.6566_300_300.jpg\"},{\"@type\":\"BreadcrumbList\",\"@id\":\"https:\\\/\\\/www.univates.br\\\/blog\\\/confira-os-motivos-para-fazer-um-curso-tecnico-na-nossa-universidade\\\/#breadcrumb\",\"itemListElement\":[{\"@type\":\"ListItem\",\"position\":1,\"name\":\"Home\",\"item\":\"https:\\\/\\\/www.univates.br\\\/blog\\\/\"},{\"@type\":\"ListItem\",\"position\":2,\"name\":\"Confira os motivos para fazer um curso t\u00e9cnico na nossa Universidade\"}]},{\"@type\":\"WebSite\",\"@id\":\"https:\\\/\\\/www.univates.br\\\/blog\\\/#website\",\"url\":\"https:\\\/\\\/www.univates.br\\\/blog\\\/\",\"name\":\"Univates Blog\",\"description\":\"\",\"potentialAction\":[{\"@type\":\"SearchAction\",\"target\":{\"@type\":\"EntryPoint\",\"urlTemplate\":\"https:\\\/\\\/www.univates.br\\\/blog\\\/?s={search_term_string}\"},\"query-input\":{\"@type\":\"PropertyValueSpecification\",\"valueRequired\":true,\"valueName\":\"search_term_string\"}}],\"inLanguage\":\"pt-BR\"},{\"@type\":\"Person\",\"@id\":\"https:\\\/\\\/www.univates.br\\\/blog\\\/#\\\/schema\\\/person\\\/15c63917440cc5e70160c247b309af2f\",\"name\":\"Marketing Univates\",\"image\":{\"@type\":\"ImageObject\",\"inLanguage\":\"pt-BR\",\"@id\":\"https:\\\/\\\/secure.gravatar.com\\\/avatar\\\/511f9e77a6a3d0cddd9074f69a722364bc7f787e73d4a0da1f727ba62704eda4?s=96&d=mm&r=g\",\"url\":\"https:\\\/\\\/secure.gravatar.com\\\/avatar\\\/511f9e77a6a3d0cddd9074f69a722364bc7f787e73d4a0da1f727ba62704eda4?s=96&d=mm&r=g\",\"contentUrl\":\"https:\\\/\\\/secure.gravatar.com\\\/avatar\\\/511f9e77a6a3d0cddd9074f69a722364bc7f787e73d4a0da1f727ba62704eda4?s=96&d=mm&r=g\",\"caption\":\"Marketing Univates\"},\"sameAs\":[\"http:\\\/\\\/univates.br\"],\"url\":\"https:\\\/\\\/www.univates.br\\\/blog\\\/author\\\/marketing\\\/\"}]}<\/script>\n<!-- \/ Yoast SEO plugin. -->","yoast_head_json":{"title":"Confira os motivos para fazer um curso t\u00e9cnico na nossa Universidade - Univates Blog","robots":{"index":"index","follow":"follow","max-snippet":"max-snippet:-1","max-image-preview":"max-image-preview:large","max-video-preview":"max-video-preview:-1"},"canonical":"https:\/\/www.univates.br\/blog\/confira-os-motivos-para-fazer-um-curso-tecnico-na-nossa-universidade\/","og_locale":"pt_BR","og_type":"article","og_title":"Confira os motivos para fazer um curso t\u00e9cnico na nossa Universidade - Univates Blog","og_description":"Os&nbsp;cursos t\u00e9cnicos&nbsp;s\u00e3o de&nbsp;curto prazo&nbsp;e&nbsp;favorecem r\u00e1pida inser\u00e7\u00e3o no mercado de trabalho, mas isso voc\u00ea j\u00e1 sabe, n\u00e3o \u00e9 mesmo? O que talvez voc\u00ea n\u00e3o sabe \u00e9 que a&nbsp;Univates&nbsp;tem&nbsp;20 anos de tradi\u00e7\u00e3o em&nbsp;cursos t\u00e9cnicos, uma&nbsp;\u00f3tima infraestrutura&nbsp;e muito mais. E voc\u00ea&nbsp;nem precisa ter\u2026","og_url":"https:\/\/www.univates.br\/blog\/confira-os-motivos-para-fazer-um-curso-tecnico-na-nossa-universidade\/","og_site_name":"Univates Blog","article_published_time":"2022-05-09T17:10:04+00:00","article_modified_time":"2023-12-20T23:40:28+00:00","og_image":[{"url":"https:\/\/desenvolvimento.bravo.st\/univatesblog\/wp-content\/uploads\/2022\/05\/1527623549.6566_300_300.jpg","type":"","width":"","height":""}],"author":"Marketing Univates","twitter_card":"summary_large_image","twitter_misc":{"Escrito por":"Marketing Univates","Est. tempo de leitura":"7 minutos"},"schema":{"@context":"https:\/\/schema.org","@graph":[{"@type":"Article","@id":"https:\/\/www.univates.br\/blog\/confira-os-motivos-para-fazer-um-curso-tecnico-na-nossa-universidade\/#article","isPartOf":{"@id":"https:\/\/www.univates.br\/blog\/confira-os-motivos-para-fazer-um-curso-tecnico-na-nossa-universidade\/"},"author":{"name":"Marketing Univates","@id":"https:\/\/www.univates.br\/blog\/#\/schema\/person\/15c63917440cc5e70160c247b309af2f"},"headline":"Confira os motivos para fazer um curso t\u00e9cnico na nossa Universidade","datePublished":"2022-05-09T17:10:04+00:00","dateModified":"2023-12-20T23:40:28+00:00","mainEntityOfPage":{"@id":"https:\/\/www.univates.br\/blog\/confira-os-motivos-para-fazer-um-curso-tecnico-na-nossa-universidade\/"},"wordCount":1412,"commentCount":0,"image":{"@id":"https:\/\/www.univates.br\/blog\/confira-os-motivos-para-fazer-um-curso-tecnico-na-nossa-universidade\/#primaryimage"},"thumbnailUrl":"https:\/\/desenvolvimento.bravo.st\/univatesblog\/wp-content\/uploads\/2022\/05\/1527623549.6566_300_300.jpg","articleSection":["Cursos T\u00e9cnicos","Univates"],"inLanguage":"pt-BR","potentialAction":[{"@type":"CommentAction","name":"Comment","target":["https:\/\/www.univates.br\/blog\/confira-os-motivos-para-fazer-um-curso-tecnico-na-nossa-universidade\/#respond"]}]},{"@type":"WebPage","@id":"https:\/\/www.univates.br\/blog\/confira-os-motivos-para-fazer-um-curso-tecnico-na-nossa-universidade\/","url":"https:\/\/www.univates.br\/blog\/confira-os-motivos-para-fazer-um-curso-tecnico-na-nossa-universidade\/","name":"Confira os motivos para fazer um curso t\u00e9cnico na nossa Universidade - Univates Blog","isPartOf":{"@id":"https:\/\/www.univates.br\/blog\/#website"},"primaryImageOfPage":{"@id":"https:\/\/www.univates.br\/blog\/confira-os-motivos-para-fazer-um-curso-tecnico-na-nossa-universidade\/#primaryimage"},"image":{"@id":"https:\/\/www.univates.br\/blog\/confira-os-motivos-para-fazer-um-curso-tecnico-na-nossa-universidade\/#primaryimage"},"thumbnailUrl":"https:\/\/desenvolvimento.bravo.st\/univatesblog\/wp-content\/uploads\/2022\/05\/1527623549.6566_300_300.jpg","datePublished":"2022-05-09T17:10:04+00:00","dateModified":"2023-12-20T23:40:28+00:00","author":{"@id":"https:\/\/www.univates.br\/blog\/#\/schema\/person\/15c63917440cc5e70160c247b309af2f"},"breadcrumb":{"@id":"https:\/\/www.univates.br\/blog\/confira-os-motivos-para-fazer-um-curso-tecnico-na-nossa-universidade\/#breadcrumb"},"inLanguage":"pt-BR","potentialAction":[{"@type":"ReadAction","target":["https:\/\/www.univates.br\/blog\/confira-os-motivos-para-fazer-um-curso-tecnico-na-nossa-universidade\/"]}]},{"@type":"ImageObject","inLanguage":"pt-BR","@id":"https:\/\/www.univates.br\/blog\/confira-os-motivos-para-fazer-um-curso-tecnico-na-nossa-universidade\/#primaryimage","url":"https:\/\/desenvolvimento.bravo.st\/univatesblog\/wp-content\/uploads\/2022\/05\/1527623549.6566_300_300.jpg","contentUrl":"https:\/\/desenvolvimento.bravo.st\/univatesblog\/wp-content\/uploads\/2022\/05\/1527623549.6566_300_300.jpg"},{"@type":"BreadcrumbList","@id":"https:\/\/www.univates.br\/blog\/confira-os-motivos-para-fazer-um-curso-tecnico-na-nossa-universidade\/#breadcrumb","itemListElement":[{"@type":"ListItem","position":1,"name":"Home","item":"https:\/\/www.univates.br\/blog\/"},{"@type":"ListItem","position":2,"name":"Confira os motivos para fazer um curso t\u00e9cnico na nossa Universidade"}]},{"@type":"WebSite","@id":"https:\/\/www.univates.br\/blog\/#website","url":"https:\/\/www.univates.br\/blog\/","name":"Univates Blog","description":"","potentialAction":[{"@type":"SearchAction","target":{"@type":"EntryPoint","urlTemplate":"https:\/\/www.univates.br\/blog\/?s={search_term_string}"},"query-input":{"@type":"PropertyValueSpecification","valueRequired":true,"valueName":"search_term_string"}}],"inLanguage":"pt-BR"},{"@type":"Person","@id":"https:\/\/www.univates.br\/blog\/#\/schema\/person\/15c63917440cc5e70160c247b309af2f","name":"Marketing Univates","image":{"@type":"ImageObject","inLanguage":"pt-BR","@id":"https:\/\/secure.gravatar.com\/avatar\/511f9e77a6a3d0cddd9074f69a722364bc7f787e73d4a0da1f727ba62704eda4?s=96&d=mm&r=g","url":"https:\/\/secure.gravatar.com\/avatar\/511f9e77a6a3d0cddd9074f69a722364bc7f787e73d4a0da1f727ba62704eda4?s=96&d=mm&r=g","contentUrl":"https:\/\/secure.gravatar.com\/avatar\/511f9e77a6a3d0cddd9074f69a722364bc7f787e73d4a0da1f727ba62704eda4?s=96&d=mm&r=g","caption":"Marketing Univates"},"sameAs":["http:\/\/univates.br"],"url":"https:\/\/www.univates.br\/blog\/author\/marketing\/"}]}},"_links":{"self":[{"href":"https:\/\/www.univates.br\/blog\/wp-json\/wp\/v2\/posts\/1167","targetHints":{"allow":["GET"]}}],"collection":[{"href":"https:\/\/www.univates.br\/blog\/wp-json\/wp\/v2\/posts"}],"about":[{"href":"https:\/\/www.univates.br\/blog\/wp-json\/wp\/v2\/types\/post"}],"author":[{"embeddable":true,"href":"https:\/\/www.univates.br\/blog\/wp-json\/wp\/v2\/users\/2"}],"replies":[{"embeddable":true,"href":"https:\/\/www.univates.br\/blog\/wp-json\/wp\/v2\/comments?post=1167"}],"version-history":[{"count":14,"href":"https:\/\/www.univates.br\/blog\/wp-json\/wp\/v2\/posts\/1167\/revisions"}],"predecessor-version":[{"id":5046,"href":"https:\/\/www.univates.br\/blog\/wp-json\/wp\/v2\/posts\/1167\/revisions\/5046"}],"wp:attachment":[{"href":"https:\/\/www.univates.br\/blog\/wp-json\/wp\/v2\/media?parent=1167"}],"wp:term":[{"taxonomy":"category","embeddable":true,"href":"https:\/\/www.univates.br\/blog\/wp-json\/wp\/v2\/categories?post=1167"}],"curies":[{"name":"wp","href":"https:\/\/api.w.org\/{rel}","templated":true}]}}