{"id":1190,"date":"2022-05-09T14:30:23","date_gmt":"2022-05-09T17:30:23","guid":{"rendered":"https:\/\/desenvolvimento.bravo.st\/univatesblog\/?p=1190"},"modified":"2023-12-20T09:27:07","modified_gmt":"2023-12-20T12:27:07","slug":"10-caracteristicas-que-o-profissional-de-gestao-deve-ter","status":"publish","type":"post","link":"https:\/\/www.univates.br\/blog\/10-caracteristicas-que-o-profissional-de-gestao-deve-ter\/","title":{"rendered":"10 caracter\u00edsticas que o profissional de gest\u00e3o deve ter"},"content":{"rendered":"\n<p>O&nbsp;<strong>profissional de gest\u00e3o<\/strong>&nbsp;\u00e9 quem planeja e conduz todos os&nbsp;<strong>processos<\/strong>&nbsp;dentro de uma&nbsp;<strong>empresa<\/strong>. Al\u00e9m disso, ele ajuda as&nbsp;<strong>equipes<\/strong>&nbsp;a alcan\u00e7arem os resultados esperados. Achou interessante? Ent\u00e3o confira&nbsp;<strong>10 caracter\u00edsticas que um gestor deve ter<\/strong>&nbsp;para entregar&nbsp;<strong>solu\u00e7\u00f5es com efici\u00eancia<\/strong>&nbsp;e veja se essa \u00e1rea \u00e9 a sua praia. \ud83d\ude42<\/p>\n\n\n\n<figure class=\"wp-block-image size-full\"><img loading=\"lazy\" decoding=\"async\" width=\"729\" height=\"486\" src=\"https:\/\/desenvolvimento.bravo.st\/univatesblog\/wp-content\/uploads\/2022\/05\/1524683510.8516_300_300.jpg\" alt=\"\" class=\"wp-image-2182\" srcset=\"https:\/\/www.univates.br\/blog\/wp-content\/uploads\/2022\/05\/1524683510.8516_300_300.jpg 729w, https:\/\/www.univates.br\/blog\/wp-content\/uploads\/2022\/05\/1524683510.8516_300_300-600x400.jpg 600w, https:\/\/www.univates.br\/blog\/wp-content\/uploads\/2022\/05\/1524683510.8516_300_300-150x100.jpg 150w\" sizes=\"auto, (max-width: 729px) 100vw, 729px\" \/><figcaption>Foto: Tuane Eggers<\/figcaption><\/figure>\n\n\n\n<h2 class=\"wp-block-heading\">Controlar processos<\/h2>\n\n\n\n<p><strong>Capacidade de reunir<\/strong>,\u00a0<strong>processar<\/strong>,\u00a0<strong>interpretar<\/strong>\u00a0e\u00a0<strong>filtrar as informa\u00e7\u00f5es<\/strong>\u00a0cont\u00e1beis mais importantes para a\u00a0<strong>gest\u00e3o<\/strong>\u00a0<strong>de uma organiza\u00e7\u00e3o<\/strong>. Isso tudo acompanhando as tend\u00eancias da economia e da pol\u00edtica, que influenciam a estabilidade econ\u00f4mica e, consequentemente, as\u00a0<strong>empresas<\/strong>.<\/p>\n\n\n\n<h2 class=\"wp-block-heading\">Gest\u00e3o de equipes e autogest\u00e3o<\/h2>\n\n\n\n<p><strong>Planejar<\/strong>,&nbsp;<strong>delegar<\/strong>&nbsp;<strong>tarefas e direcionar a\u00e7\u00f5es para um objetivo concreto<\/strong>, gerenciando o tempo e entendendo as diferentes formas de trabalho dos&nbsp;<strong>colaboradores<\/strong>&nbsp;e de si mesmo.<a href=\"https:\/\/materiais.univates.br\/mercado-de-trabalho-modalidade\" target=\"_blank\" rel=\"noreferrer noopener\"><\/a><\/p>\n\n\n\n<h2 class=\"wp-block-heading\">Planejamento e estrat\u00e9gia<\/h2>\n\n\n\n<div class=\"wp-block-media-text alignwide is-stacked-on-mobile\"><figure class=\"wp-block-media-text__media\"><img loading=\"lazy\" decoding=\"async\" width=\"291\" height=\"194\" src=\"https:\/\/desenvolvimento.bravo.st\/univatesblog\/wp-content\/uploads\/2022\/05\/1524683510.7396_300_300.jpg\" alt=\"\" class=\"wp-image-1191 size-full\" srcset=\"https:\/\/www.univates.br\/blog\/wp-content\/uploads\/2022\/05\/1524683510.7396_300_300.jpg 291w, https:\/\/www.univates.br\/blog\/wp-content\/uploads\/2022\/05\/1524683510.7396_300_300-150x100.jpg 150w\" sizes=\"auto, (max-width: 291px) 100vw, 291px\" \/><\/figure><div class=\"wp-block-media-text__content\">\n<p><strong>Elaborar<\/strong>\u00a0e\u00a0<strong>implementar planos<\/strong>\u00a0em todos os\u00a0<strong>n\u00edveis organizacionais<\/strong>, orientando para a condu\u00e7\u00e3o de atividades e do trabalho em\u00a0<strong>equipe<\/strong>.<\/p>\n\n\n\n<p><em>(Foto: Tuane Eggers)<\/em><\/p>\n<\/div><\/div>\n\n\n\n<h2 class=\"wp-block-heading\">Orienta\u00e7\u00e3o para o mercado<\/h2>\n\n\n\n<p><strong>Entendimento de que o mercado \u00e9 o centro dos neg\u00f3cios<\/strong>&nbsp;e de que a&nbsp;<strong>organiza\u00e7\u00e3o depende dele<\/strong>&nbsp;para sua sobreviv\u00eancia. Logo, \u00e9 necess\u00e1rio&nbsp;<strong>coletar informa\u00e7\u00f5es sobre o mercado<\/strong>,&nbsp;<strong>divulg\u00e1-las internamente<\/strong>&nbsp;e&nbsp;<strong>responder ao mercado com solu\u00e7\u00f5es<\/strong>&nbsp;para suas demandas.<\/p>\n\n\n\n<h2 class=\"wp-block-heading\">Comunica\u00e7\u00e3o<\/h2>\n\n\n\n<div class=\"wp-block-media-text alignwide is-stacked-on-mobile\"><figure class=\"wp-block-media-text__media\"><img loading=\"lazy\" decoding=\"async\" width=\"291\" height=\"194\" src=\"https:\/\/desenvolvimento.bravo.st\/univatesblog\/wp-content\/uploads\/2022\/05\/1524683511.0627_300_300.jpg\" alt=\"\" class=\"wp-image-1192 size-full\" srcset=\"https:\/\/www.univates.br\/blog\/wp-content\/uploads\/2022\/05\/1524683511.0627_300_300.jpg 291w, https:\/\/www.univates.br\/blog\/wp-content\/uploads\/2022\/05\/1524683511.0627_300_300-150x100.jpg 150w\" sizes=\"auto, (max-width: 291px) 100vw, 291px\" \/><\/figure><div class=\"wp-block-media-text__content\">\n<p>Ter a\u00a0<strong>capacidade de se comunicar e se expressar<\/strong>\u00a0interagindo com pessoas de diferentes culturas. Essa\u00a0<strong>caracter\u00edstica<\/strong>\u00a0<strong>\u00e9<\/strong>\u00a0<strong>essencial para negociar com organiza\u00e7\u00f5es nacionais e internacionais<\/strong>.\u00a0<\/p>\n\n\n\n<p><em>(Foto: Elise Bozzetto)<\/em><\/p>\n<\/div><\/div>\n\n\n\n<div class=\"bloco-gutenberg\">\n\n    <a href=\"https:\/\/materiais.univates.br\/com-que-curso-eu-vou-modalidade\" target=\"_blank\" class=\"guten-material\" style=\"background-color: #6b00e8; \">\n                    <img decoding=\"async\" src=\"https:\/\/www.univates.br\/blog\/wp-content\/uploads\/2022\/05\/Design-sem-nome-3.png\" loading=\"lazy\">\n                <div class=\"texto\">\n                            <span>Descubra seu perfil profissional e qual curso \u00e9 perfeito pra voc\u00ea<\/span>\n                            <strong>Baixar e-book<\/strong>\n                    <\/div>\n    <\/a>\n    <\/div>\n\n\n<h2 class=\"wp-block-heading\">Tomada de decis\u00e3o e resolu\u00e7\u00e3o de conflitos<a rel=\"noreferrer noopener\" href=\"https:\/\/materiais.univates.br\/com-que-curso-eu-vou-modalidade\" target=\"_blank\"><\/a><\/h2>\n\n\n\n<p><strong>Planejar<\/strong>,&nbsp;<strong>tomar decis\u00f5es<\/strong>,&nbsp;<strong>conduzir<\/strong>,&nbsp;<strong>analisar<\/strong>&nbsp;e&nbsp;<strong>avaliar negocia\u00e7\u00f5es<\/strong>, considerando os&nbsp;<strong>objetivos organizacionais<\/strong>, compartilhando-as com outros&nbsp;<strong>colaboradores<\/strong>, e de&nbsp;<strong>medir conflitos visando \u00e0 resolu\u00e7\u00e3o de problemas<\/strong>&nbsp;diante dos fatos do mundo contempor\u00e2neo \u00e9 uma importante&nbsp;<strong>caracter\u00edstica<\/strong>&nbsp;do&nbsp;<strong>gestor<\/strong>.<\/p>\n\n\n\n<h2 class=\"wp-block-heading\">Empreender e desenvolver projetos<\/h2>\n\n\n\n<p><strong>Gerar<\/strong>,&nbsp;<strong>expor ideias e solu\u00e7\u00f5es para problemas<\/strong>, propondo projetos, produtos e servi\u00e7os voltados \u00e0&nbsp;<strong>gera\u00e7\u00e3o de valor<\/strong>&nbsp;para determinado p\u00fablico estrat\u00e9gico.<\/p>\n\n\n\n<h2 class=\"wp-block-heading\">Orienta\u00e7\u00e3o para resultados<\/h2>\n\n\n\n<p><strong>Planejar<\/strong>&nbsp;e&nbsp;<strong>viabilizar projetos organizacionais<\/strong>, norteados pela&nbsp;<strong>obten\u00e7\u00e3o de resultados econ\u00f4mico-financeiros e de capta\u00e7\u00e3o<\/strong>&nbsp;<strong>e reten\u00e7\u00e3o de clientes<\/strong>, visando ao<strong>&nbsp;desenvolvimento da organiza\u00e7\u00e3o<\/strong>&nbsp;com foco no longo prazo.&nbsp;<\/p>\n\n\n\n<h2 class=\"wp-block-heading\">Lideran\u00e7a e proatividade<\/h2>\n\n\n\n<div class=\"wp-block-media-text alignwide is-stacked-on-mobile\"><figure class=\"wp-block-media-text__media\"><img loading=\"lazy\" decoding=\"async\" width=\"291\" height=\"194\" src=\"https:\/\/desenvolvimento.bravo.st\/univatesblog\/wp-content\/uploads\/2022\/05\/1524683510.9557_300_300.jpg\" alt=\"\" class=\"wp-image-1193 size-full\" srcset=\"https:\/\/www.univates.br\/blog\/wp-content\/uploads\/2022\/05\/1524683510.9557_300_300.jpg 291w, https:\/\/www.univates.br\/blog\/wp-content\/uploads\/2022\/05\/1524683510.9557_300_300-150x100.jpg 150w\" sizes=\"auto, (max-width: 291px) 100vw, 291px\" \/><\/figure><div class=\"wp-block-media-text__content\">\n<p><strong>Habilidade de expor suas ideias<\/strong>,\u00a0<strong>persuadir e argumentar de maneira consistente<\/strong>\u00a0visando \u00e0\u00a0<strong>busca de solu\u00e7\u00f5es<\/strong>\u00a0em conjunto com as\u00a0<strong>equipes<\/strong>\u00a0e\u00a0<strong>adotar uma postura cr\u00edtica e proativa<\/strong>\u00a0na\u00a0<strong>busca de conhecimentos<\/strong>,\u00a0<strong>argumentos<\/strong>,\u00a0<strong>evid\u00eancias<\/strong>,\u00a0<strong>discursos<\/strong>\u00a0e\u00a0<strong>interpreta\u00e7\u00f5es<\/strong>\u00a0com rela\u00e7\u00e3o a eventos e processos nacionais e internacionais.<\/p>\n\n\n\n<p><em>(Foto: Tuane Eggers)<\/em><\/p>\n<\/div><\/div>\n\n\n\n<div class=\"bloco-gutenberg\">\n\n    <a href=\"https:\/\/materiais.univates.br\/saiba-qual-profissao-e-a-sua-cara\" target=\"_blank\" class=\"guten-material\" style=\"background-color: #ff5d4a; color: #0a0a0a;\">\n                    <img decoding=\"async\" src=\"https:\/\/www.univates.br\/blog\/wp-content\/uploads\/2022\/05\/Design-sem-nome-4.png\" loading=\"lazy\">\n                <div class=\"texto\">\n                            <span>Saiba qual profiss\u00e3o \u00e9 a sua cara<\/span>\n                            <strong>Baixar e-book<\/strong>\n                    <\/div>\n    <\/a>\n    <\/div>\n\n\n<h2 class=\"wp-block-heading\">Busca por atualiza\u00e7\u00e3o cont\u00ednua<\/h2>\n\n\n\n<p><strong>Conhecer os detalhes e as novidades<\/strong>&nbsp;n\u00e3o s\u00f3 da sua \u00e1rea de atua\u00e7\u00e3o, mas de todas as relacionadas a ela. O&nbsp;<strong>profissional deve ter s\u00f3lidos conhecimentos de base na \u00e1rea da gest\u00e3o\/contabilidade<\/strong>, complementados por cursos nessas \u00e1reas e em \u00e1reas afins.<\/p>\n","protected":false},"excerpt":{"rendered":"<p>O&nbsp;profissional de gest\u00e3o&nbsp;\u00e9 quem planeja e conduz todos os&nbsp;processos&nbsp;dentro de uma&nbsp;empresa. Al\u00e9m disso, ele ajuda as&nbsp;equipes&nbsp;a alcan\u00e7arem os resultados esperados. Achou interessante? Ent\u00e3o confira&nbsp;10 caracter\u00edsticas que um gestor deve ter&nbsp;para entregar&nbsp;solu\u00e7\u00f5es com efici\u00eancia&nbsp;e veja se essa \u00e1rea \u00e9 a sua\u2026<\/p>\n","protected":false},"author":2,"featured_media":0,"comment_status":"open","ping_status":"open","sticky":false,"template":"","format":"standard","meta":{"_acf_changed":false,"footnotes":""},"categories":[33],"class_list":["post-1190","post","type-post","status-publish","format-standard","hentry","category-carreira","autor-ana-amelia-ritt","area-gestao"],"acf":[],"yoast_head":"<!-- This site is optimized with the Yoast SEO plugin v27.3 - https:\/\/yoast.com\/product\/yoast-seo-wordpress\/ -->\n<title>10 caracter\u00edsticas que o profissional de gest\u00e3o deve ter - Univates Blog<\/title>\n<meta name=\"robots\" content=\"index, follow, max-snippet:-1, max-image-preview:large, max-video-preview:-1\" \/>\n<link rel=\"canonical\" href=\"https:\/\/www.univates.br\/blog\/10-caracteristicas-que-o-profissional-de-gestao-deve-ter\/\" \/>\n<meta property=\"og:locale\" content=\"pt_BR\" \/>\n<meta property=\"og:type\" content=\"article\" \/>\n<meta property=\"og:title\" content=\"10 caracter\u00edsticas que o profissional de gest\u00e3o deve ter - Univates Blog\" \/>\n<meta property=\"og:description\" content=\"O&nbsp;profissional de gest\u00e3o&nbsp;\u00e9 quem planeja e conduz todos os&nbsp;processos&nbsp;dentro de uma&nbsp;empresa. Al\u00e9m disso, ele ajuda as&nbsp;equipes&nbsp;a alcan\u00e7arem os resultados esperados. Achou interessante? Ent\u00e3o confira&nbsp;10 caracter\u00edsticas que um gestor deve ter&nbsp;para entregar&nbsp;solu\u00e7\u00f5es com efici\u00eancia&nbsp;e veja se essa \u00e1rea \u00e9 a sua\u2026\" \/>\n<meta property=\"og:url\" content=\"https:\/\/www.univates.br\/blog\/10-caracteristicas-que-o-profissional-de-gestao-deve-ter\/\" \/>\n<meta property=\"og:site_name\" content=\"Univates Blog\" \/>\n<meta property=\"article:published_time\" content=\"2022-05-09T17:30:23+00:00\" \/>\n<meta property=\"article:modified_time\" content=\"2023-12-20T12:27:07+00:00\" \/>\n<meta property=\"og:image\" content=\"https:\/\/desenvolvimento.bravo.st\/univatesblog\/wp-content\/uploads\/2022\/05\/1524683510.8516_300_300.jpg\" \/>\n<meta name=\"author\" content=\"Marketing Univates\" \/>\n<meta name=\"twitter:card\" content=\"summary_large_image\" \/>\n<meta name=\"twitter:label1\" content=\"Escrito por\" \/>\n\t<meta name=\"twitter:data1\" content=\"Marketing Univates\" \/>\n\t<meta name=\"twitter:label2\" content=\"Est. tempo de leitura\" \/>\n\t<meta name=\"twitter:data2\" content=\"4 minutos\" \/>\n<script type=\"application\/ld+json\" class=\"yoast-schema-graph\">{\"@context\":\"https:\\\/\\\/schema.org\",\"@graph\":[{\"@type\":\"Article\",\"@id\":\"https:\\\/\\\/www.univates.br\\\/blog\\\/10-caracteristicas-que-o-profissional-de-gestao-deve-ter\\\/#article\",\"isPartOf\":{\"@id\":\"https:\\\/\\\/www.univates.br\\\/blog\\\/10-caracteristicas-que-o-profissional-de-gestao-deve-ter\\\/\"},\"author\":{\"name\":\"Marketing Univates\",\"@id\":\"https:\\\/\\\/www.univates.br\\\/blog\\\/#\\\/schema\\\/person\\\/15c63917440cc5e70160c247b309af2f\"},\"headline\":\"10 caracter\u00edsticas que o profissional de gest\u00e3o deve ter\",\"datePublished\":\"2022-05-09T17:30:23+00:00\",\"dateModified\":\"2023-12-20T12:27:07+00:00\",\"mainEntityOfPage\":{\"@id\":\"https:\\\/\\\/www.univates.br\\\/blog\\\/10-caracteristicas-que-o-profissional-de-gestao-deve-ter\\\/\"},\"wordCount\":530,\"commentCount\":0,\"image\":{\"@id\":\"https:\\\/\\\/www.univates.br\\\/blog\\\/10-caracteristicas-que-o-profissional-de-gestao-deve-ter\\\/#primaryimage\"},\"thumbnailUrl\":\"https:\\\/\\\/desenvolvimento.bravo.st\\\/univatesblog\\\/wp-content\\\/uploads\\\/2022\\\/05\\\/1524683510.8516_300_300.jpg\",\"articleSection\":[\"Carreira\"],\"inLanguage\":\"pt-BR\",\"potentialAction\":[{\"@type\":\"CommentAction\",\"name\":\"Comment\",\"target\":[\"https:\\\/\\\/www.univates.br\\\/blog\\\/10-caracteristicas-que-o-profissional-de-gestao-deve-ter\\\/#respond\"]}]},{\"@type\":\"WebPage\",\"@id\":\"https:\\\/\\\/www.univates.br\\\/blog\\\/10-caracteristicas-que-o-profissional-de-gestao-deve-ter\\\/\",\"url\":\"https:\\\/\\\/www.univates.br\\\/blog\\\/10-caracteristicas-que-o-profissional-de-gestao-deve-ter\\\/\",\"name\":\"10 caracter\u00edsticas que o profissional de gest\u00e3o deve ter - Univates Blog\",\"isPartOf\":{\"@id\":\"https:\\\/\\\/www.univates.br\\\/blog\\\/#website\"},\"primaryImageOfPage\":{\"@id\":\"https:\\\/\\\/www.univates.br\\\/blog\\\/10-caracteristicas-que-o-profissional-de-gestao-deve-ter\\\/#primaryimage\"},\"image\":{\"@id\":\"https:\\\/\\\/www.univates.br\\\/blog\\\/10-caracteristicas-que-o-profissional-de-gestao-deve-ter\\\/#primaryimage\"},\"thumbnailUrl\":\"https:\\\/\\\/desenvolvimento.bravo.st\\\/univatesblog\\\/wp-content\\\/uploads\\\/2022\\\/05\\\/1524683510.8516_300_300.jpg\",\"datePublished\":\"2022-05-09T17:30:23+00:00\",\"dateModified\":\"2023-12-20T12:27:07+00:00\",\"author\":{\"@id\":\"https:\\\/\\\/www.univates.br\\\/blog\\\/#\\\/schema\\\/person\\\/15c63917440cc5e70160c247b309af2f\"},\"breadcrumb\":{\"@id\":\"https:\\\/\\\/www.univates.br\\\/blog\\\/10-caracteristicas-que-o-profissional-de-gestao-deve-ter\\\/#breadcrumb\"},\"inLanguage\":\"pt-BR\",\"potentialAction\":[{\"@type\":\"ReadAction\",\"target\":[\"https:\\\/\\\/www.univates.br\\\/blog\\\/10-caracteristicas-que-o-profissional-de-gestao-deve-ter\\\/\"]}]},{\"@type\":\"ImageObject\",\"inLanguage\":\"pt-BR\",\"@id\":\"https:\\\/\\\/www.univates.br\\\/blog\\\/10-caracteristicas-que-o-profissional-de-gestao-deve-ter\\\/#primaryimage\",\"url\":\"https:\\\/\\\/desenvolvimento.bravo.st\\\/univatesblog\\\/wp-content\\\/uploads\\\/2022\\\/05\\\/1524683510.8516_300_300.jpg\",\"contentUrl\":\"https:\\\/\\\/desenvolvimento.bravo.st\\\/univatesblog\\\/wp-content\\\/uploads\\\/2022\\\/05\\\/1524683510.8516_300_300.jpg\"},{\"@type\":\"BreadcrumbList\",\"@id\":\"https:\\\/\\\/www.univates.br\\\/blog\\\/10-caracteristicas-que-o-profissional-de-gestao-deve-ter\\\/#breadcrumb\",\"itemListElement\":[{\"@type\":\"ListItem\",\"position\":1,\"name\":\"Home\",\"item\":\"https:\\\/\\\/www.univates.br\\\/blog\\\/\"},{\"@type\":\"ListItem\",\"position\":2,\"name\":\"10 caracter\u00edsticas que o profissional de gest\u00e3o deve ter\"}]},{\"@type\":\"WebSite\",\"@id\":\"https:\\\/\\\/www.univates.br\\\/blog\\\/#website\",\"url\":\"https:\\\/\\\/www.univates.br\\\/blog\\\/\",\"name\":\"Univates Blog\",\"description\":\"\",\"potentialAction\":[{\"@type\":\"SearchAction\",\"target\":{\"@type\":\"EntryPoint\",\"urlTemplate\":\"https:\\\/\\\/www.univates.br\\\/blog\\\/?s={search_term_string}\"},\"query-input\":{\"@type\":\"PropertyValueSpecification\",\"valueRequired\":true,\"valueName\":\"search_term_string\"}}],\"inLanguage\":\"pt-BR\"},{\"@type\":\"Person\",\"@id\":\"https:\\\/\\\/www.univates.br\\\/blog\\\/#\\\/schema\\\/person\\\/15c63917440cc5e70160c247b309af2f\",\"name\":\"Marketing Univates\",\"image\":{\"@type\":\"ImageObject\",\"inLanguage\":\"pt-BR\",\"@id\":\"https:\\\/\\\/secure.gravatar.com\\\/avatar\\\/511f9e77a6a3d0cddd9074f69a722364bc7f787e73d4a0da1f727ba62704eda4?s=96&d=mm&r=g\",\"url\":\"https:\\\/\\\/secure.gravatar.com\\\/avatar\\\/511f9e77a6a3d0cddd9074f69a722364bc7f787e73d4a0da1f727ba62704eda4?s=96&d=mm&r=g\",\"contentUrl\":\"https:\\\/\\\/secure.gravatar.com\\\/avatar\\\/511f9e77a6a3d0cddd9074f69a722364bc7f787e73d4a0da1f727ba62704eda4?s=96&d=mm&r=g\",\"caption\":\"Marketing Univates\"},\"sameAs\":[\"http:\\\/\\\/univates.br\"],\"url\":\"https:\\\/\\\/www.univates.br\\\/blog\\\/author\\\/marketing\\\/\"}]}<\/script>\n<!-- \/ Yoast SEO plugin. -->","yoast_head_json":{"title":"10 caracter\u00edsticas que o profissional de gest\u00e3o deve ter - Univates Blog","robots":{"index":"index","follow":"follow","max-snippet":"max-snippet:-1","max-image-preview":"max-image-preview:large","max-video-preview":"max-video-preview:-1"},"canonical":"https:\/\/www.univates.br\/blog\/10-caracteristicas-que-o-profissional-de-gestao-deve-ter\/","og_locale":"pt_BR","og_type":"article","og_title":"10 caracter\u00edsticas que o profissional de gest\u00e3o deve ter - Univates Blog","og_description":"O&nbsp;profissional de gest\u00e3o&nbsp;\u00e9 quem planeja e conduz todos os&nbsp;processos&nbsp;dentro de uma&nbsp;empresa. Al\u00e9m disso, ele ajuda as&nbsp;equipes&nbsp;a alcan\u00e7arem os resultados esperados. Achou interessante? Ent\u00e3o confira&nbsp;10 caracter\u00edsticas que um gestor deve ter&nbsp;para entregar&nbsp;solu\u00e7\u00f5es com efici\u00eancia&nbsp;e veja se essa \u00e1rea \u00e9 a sua\u2026","og_url":"https:\/\/www.univates.br\/blog\/10-caracteristicas-que-o-profissional-de-gestao-deve-ter\/","og_site_name":"Univates Blog","article_published_time":"2022-05-09T17:30:23+00:00","article_modified_time":"2023-12-20T12:27:07+00:00","og_image":[{"url":"https:\/\/desenvolvimento.bravo.st\/univatesblog\/wp-content\/uploads\/2022\/05\/1524683510.8516_300_300.jpg","type":"","width":"","height":""}],"author":"Marketing Univates","twitter_card":"summary_large_image","twitter_misc":{"Escrito por":"Marketing Univates","Est. tempo de leitura":"4 minutos"},"schema":{"@context":"https:\/\/schema.org","@graph":[{"@type":"Article","@id":"https:\/\/www.univates.br\/blog\/10-caracteristicas-que-o-profissional-de-gestao-deve-ter\/#article","isPartOf":{"@id":"https:\/\/www.univates.br\/blog\/10-caracteristicas-que-o-profissional-de-gestao-deve-ter\/"},"author":{"name":"Marketing Univates","@id":"https:\/\/www.univates.br\/blog\/#\/schema\/person\/15c63917440cc5e70160c247b309af2f"},"headline":"10 caracter\u00edsticas que o profissional de gest\u00e3o deve ter","datePublished":"2022-05-09T17:30:23+00:00","dateModified":"2023-12-20T12:27:07+00:00","mainEntityOfPage":{"@id":"https:\/\/www.univates.br\/blog\/10-caracteristicas-que-o-profissional-de-gestao-deve-ter\/"},"wordCount":530,"commentCount":0,"image":{"@id":"https:\/\/www.univates.br\/blog\/10-caracteristicas-que-o-profissional-de-gestao-deve-ter\/#primaryimage"},"thumbnailUrl":"https:\/\/desenvolvimento.bravo.st\/univatesblog\/wp-content\/uploads\/2022\/05\/1524683510.8516_300_300.jpg","articleSection":["Carreira"],"inLanguage":"pt-BR","potentialAction":[{"@type":"CommentAction","name":"Comment","target":["https:\/\/www.univates.br\/blog\/10-caracteristicas-que-o-profissional-de-gestao-deve-ter\/#respond"]}]},{"@type":"WebPage","@id":"https:\/\/www.univates.br\/blog\/10-caracteristicas-que-o-profissional-de-gestao-deve-ter\/","url":"https:\/\/www.univates.br\/blog\/10-caracteristicas-que-o-profissional-de-gestao-deve-ter\/","name":"10 caracter\u00edsticas que o profissional de gest\u00e3o deve ter - Univates Blog","isPartOf":{"@id":"https:\/\/www.univates.br\/blog\/#website"},"primaryImageOfPage":{"@id":"https:\/\/www.univates.br\/blog\/10-caracteristicas-que-o-profissional-de-gestao-deve-ter\/#primaryimage"},"image":{"@id":"https:\/\/www.univates.br\/blog\/10-caracteristicas-que-o-profissional-de-gestao-deve-ter\/#primaryimage"},"thumbnailUrl":"https:\/\/desenvolvimento.bravo.st\/univatesblog\/wp-content\/uploads\/2022\/05\/1524683510.8516_300_300.jpg","datePublished":"2022-05-09T17:30:23+00:00","dateModified":"2023-12-20T12:27:07+00:00","author":{"@id":"https:\/\/www.univates.br\/blog\/#\/schema\/person\/15c63917440cc5e70160c247b309af2f"},"breadcrumb":{"@id":"https:\/\/www.univates.br\/blog\/10-caracteristicas-que-o-profissional-de-gestao-deve-ter\/#breadcrumb"},"inLanguage":"pt-BR","potentialAction":[{"@type":"ReadAction","target":["https:\/\/www.univates.br\/blog\/10-caracteristicas-que-o-profissional-de-gestao-deve-ter\/"]}]},{"@type":"ImageObject","inLanguage":"pt-BR","@id":"https:\/\/www.univates.br\/blog\/10-caracteristicas-que-o-profissional-de-gestao-deve-ter\/#primaryimage","url":"https:\/\/desenvolvimento.bravo.st\/univatesblog\/wp-content\/uploads\/2022\/05\/1524683510.8516_300_300.jpg","contentUrl":"https:\/\/desenvolvimento.bravo.st\/univatesblog\/wp-content\/uploads\/2022\/05\/1524683510.8516_300_300.jpg"},{"@type":"BreadcrumbList","@id":"https:\/\/www.univates.br\/blog\/10-caracteristicas-que-o-profissional-de-gestao-deve-ter\/#breadcrumb","itemListElement":[{"@type":"ListItem","position":1,"name":"Home","item":"https:\/\/www.univates.br\/blog\/"},{"@type":"ListItem","position":2,"name":"10 caracter\u00edsticas que o profissional de gest\u00e3o deve ter"}]},{"@type":"WebSite","@id":"https:\/\/www.univates.br\/blog\/#website","url":"https:\/\/www.univates.br\/blog\/","name":"Univates Blog","description":"","potentialAction":[{"@type":"SearchAction","target":{"@type":"EntryPoint","urlTemplate":"https:\/\/www.univates.br\/blog\/?s={search_term_string}"},"query-input":{"@type":"PropertyValueSpecification","valueRequired":true,"valueName":"search_term_string"}}],"inLanguage":"pt-BR"},{"@type":"Person","@id":"https:\/\/www.univates.br\/blog\/#\/schema\/person\/15c63917440cc5e70160c247b309af2f","name":"Marketing Univates","image":{"@type":"ImageObject","inLanguage":"pt-BR","@id":"https:\/\/secure.gravatar.com\/avatar\/511f9e77a6a3d0cddd9074f69a722364bc7f787e73d4a0da1f727ba62704eda4?s=96&d=mm&r=g","url":"https:\/\/secure.gravatar.com\/avatar\/511f9e77a6a3d0cddd9074f69a722364bc7f787e73d4a0da1f727ba62704eda4?s=96&d=mm&r=g","contentUrl":"https:\/\/secure.gravatar.com\/avatar\/511f9e77a6a3d0cddd9074f69a722364bc7f787e73d4a0da1f727ba62704eda4?s=96&d=mm&r=g","caption":"Marketing Univates"},"sameAs":["http:\/\/univates.br"],"url":"https:\/\/www.univates.br\/blog\/author\/marketing\/"}]}},"_links":{"self":[{"href":"https:\/\/www.univates.br\/blog\/wp-json\/wp\/v2\/posts\/1190","targetHints":{"allow":["GET"]}}],"collection":[{"href":"https:\/\/www.univates.br\/blog\/wp-json\/wp\/v2\/posts"}],"about":[{"href":"https:\/\/www.univates.br\/blog\/wp-json\/wp\/v2\/types\/post"}],"author":[{"embeddable":true,"href":"https:\/\/www.univates.br\/blog\/wp-json\/wp\/v2\/users\/2"}],"replies":[{"embeddable":true,"href":"https:\/\/www.univates.br\/blog\/wp-json\/wp\/v2\/comments?post=1190"}],"version-history":[{"count":5,"href":"https:\/\/www.univates.br\/blog\/wp-json\/wp\/v2\/posts\/1190\/revisions"}],"predecessor-version":[{"id":2184,"href":"https:\/\/www.univates.br\/blog\/wp-json\/wp\/v2\/posts\/1190\/revisions\/2184"}],"wp:attachment":[{"href":"https:\/\/www.univates.br\/blog\/wp-json\/wp\/v2\/media?parent=1190"}],"wp:term":[{"taxonomy":"category","embeddable":true,"href":"https:\/\/www.univates.br\/blog\/wp-json\/wp\/v2\/categories?post=1190"}],"curies":[{"name":"wp","href":"https:\/\/api.w.org\/{rel}","templated":true}]}}