{"id":1196,"date":"2022-05-09T14:32:36","date_gmt":"2022-05-09T17:32:36","guid":{"rendered":"https:\/\/desenvolvimento.bravo.st\/univatesblog\/?p=1196"},"modified":"2024-01-18T13:43:22","modified_gmt":"2024-01-18T16:43:22","slug":"cerca-de-25-dos-estudantes-de-cursos-tecnicos-iniciam-formacao-antes-de-concluir-o-ensino-medio","status":"publish","type":"post","link":"https:\/\/www.univates.br\/blog\/cerca-de-25-dos-estudantes-de-cursos-tecnicos-iniciam-formacao-antes-de-concluir-o-ensino-medio\/","title":{"rendered":"Cerca de 25% dos estudantes de cursos t\u00e9cnicos iniciam forma\u00e7\u00e3o antes de concluir o Ensino M\u00e9dio"},"content":{"rendered":"\n<figure class=\"wp-block-image size-full\"><img loading=\"lazy\" decoding=\"async\" width=\"3888\" height=\"2592\" src=\"https:\/\/www.univates.br\/blog\/\/wp-content\/uploads\/2022\/08\/20121123142023_img_0553-min.jpg\" alt=\"\" class=\"wp-image-2500\"\/><figcaption>Foto: Elise Bozzetto<\/figcaption><\/figure>\n\n\n\n<p>Al\u00e9m de habilitar o estudante para uma&nbsp;<strong>profiss\u00e3o<\/strong>&nbsp;em um curto espa\u00e7o de tempo e com facilidade para a entrada no&nbsp;<strong>mercado de trabalho<\/strong>, os&nbsp;<a href=\"https:\/\/univates.br\/tecnicos\">cursos t\u00e9cnicos<\/a>&nbsp;tamb\u00e9m t\u00eam o diferencial de poderem ser cursados durante o Ensino M\u00e9dio. Isso ocorre, na Univates, para cerca de 25% dos matriculados no Centro de Educa\u00e7\u00e3o Profissional.<\/p>\n\n\n\n<p>Esse \u00e9 o caso do estudante de manuten\u00e7\u00e3o automotiva Maurique Schmitt, de Arroio do Meio, que decidiu fazer um curso t\u00e9cnico durante o ensino m\u00e9dio, pois queria aproveitar o &#8220;embalo&#8221;. \u201cJ\u00e1 que estou estudando, pensei que seria mais f\u00e1cil fazer os dois ao mesmo tempo. Sei de pessoas que est\u00e3o h\u00e1 anos sem estudar e decidiram come\u00e7ar o curso t\u00e9cnico &#8211; foi dif\u00edcil at\u00e9 pegarem o embalo novamente! Decidi n\u00e3o fazer muitas disciplinas, pois n\u00e3o quero passar do meu limite, quero ir bem tanto no col\u00e9gio quanto na Univates, al\u00e9m de n\u00e3o deixar de fazer o que gosto no meu tempo livre, como futebol, shopping\u2026\u201d, explica ele.<\/p>\n\n\n\n<div class=\"bloco-gutenberg\">\n\n    <a href=\"https:\/\/materiais.univates.br\/mercado-de-trabalho-modalidade\" target=\"_blank\" class=\"guten-material\" style=\"background-color: #01e37f; color: #0a0a0a;\">\n                    <img decoding=\"async\" src=\"https:\/\/www.univates.br\/blog\/wp-content\/uploads\/2022\/05\/Design-sem-nome-4.png\" loading=\"lazy\">\n                <div class=\"texto\">\n                            <span>Descubra como se destacar no mercado de trabalho<\/span>\n                            <strong>Baixar e-book<\/strong>\n                    <\/div>\n    <\/a>\n    <\/div>\n\n\n<p>Schmitt pretende trabalhar assim que concluir o Ensino M\u00e9dio. \u201cEsse \u00e9 outro motivo de eu come\u00e7ar o curso t\u00e9cnico durante o ensino m\u00e9dio. J\u00e1 que n\u00e3o est\u00e1 f\u00e1cil conseguir emprego, ser\u00e1 uma boa eu terminar o ensino m\u00e9dio com uma parte do curso conclu\u00eddo. Tenho certeza que isso me ajudar\u00e1 muito para conseguir um trabalho na \u00e1rea\u201d, acrescentou ele, que pretende ainda fazer uma gradua\u00e7\u00e3o em Engenharia Mec\u00e2nica. \u201cAssim espero me aperfei\u00e7oar cada vez mais no trabalho que eu realizar. E tenho certeza que a Univates ir\u00e1 me proporcionar as melhores aulas, pois seu ensino, na minha opini\u00e3o, \u00e9 excelente\u201d, finaliza ele.<\/p>\n\n\n\n<p>Quem tamb\u00e9m teve essa experi\u00eancia \u00e9 Jo\u00e3o Arthur Gerhardt Schuh, de Lajeado. Ele ingressou no t\u00e9cnico em Inform\u00e1tica no final do Ensino M\u00e9dio. \u201cSempre tive a ideia de conciliar a escola com um curso t\u00e9cnico, pois sabia que o curso t\u00e9cnico era o caminho mais r\u00e1pido para o mercado de trabalho e tamb\u00e9m porque sempre preferi um m\u00e9todo de ensino mais pr\u00e1tico do que te\u00f3rico\u201d, explicou ele, que agora j\u00e1 concluiu o Ensino M\u00e9dio e trocou sua matr\u00edcula para o curso t\u00e9cnico em Comunica\u00e7\u00e3o Visual. \u201cDurante o curso j\u00e1 comecei a trabalhar na \u00e1rea e estou sempre atr\u00e1s de mais. No momento meu foco \u00e9 trabalhar em um local que me d\u00ea mais experi\u00eancia no setor e, pretendo, sim, fazer gradua\u00e7\u00e3o na \u00e1rea, provavelmente design gr\u00e1fico\u201d, finalizou ele.<\/p>\n\n\n\n<p>Para ingressar nos cursos t\u00e9cnicos n\u00e3o \u00e9 necess\u00e1rio ter conclu\u00eddo o Ensino M\u00e9dio (a n\u00e3o ser o T\u00e9cnico em Radiologia, que exige Ensino M\u00e9dio conclu\u00eddo e idade m\u00ednima de 18 anos). A realiza\u00e7\u00e3o pode ser feita de forma concomitante, mas, para receber o diploma de t\u00e9cnico, o estudante dever\u00e1 ter conclu\u00eddo o Ensino M\u00e9dio.<\/p>\n\n\n\n<p>Mais informa\u00e7\u00f5es podem ser conferidas no site&nbsp;<a href=\"https:\/\/www.univates.br\/tecnicos\">www.univates.br\/tecnicos<\/a>, com o CEP, pelo telefone (51) 3714-7000, ramal 5024, ou pelo e-mail&nbsp;<a href=\"mailto:cep@univates.br\">cep@univates.br<\/a>.<a href=\"https:\/\/www.univates.br\/blog\/\/post\/22200-cerca-de-25-dos-estudantes-de-cursos-tecnicos-iniciam-formacao-antes-de-concluir-o-ensino-medio#popup\"><\/a><\/p>\n","protected":false},"excerpt":{"rendered":"<p>Al\u00e9m de habilitar o estudante para uma&nbsp;profiss\u00e3o&nbsp;em um curto espa\u00e7o de tempo e com facilidade para a entrada no&nbsp;mercado de trabalho, os&nbsp;cursos t\u00e9cnicos&nbsp;tamb\u00e9m t\u00eam o diferencial de poderem ser cursados durante o Ensino M\u00e9dio. Isso ocorre, na Univates, para cerca\u2026<\/p>\n","protected":false},"author":2,"featured_media":0,"comment_status":"open","ping_status":"open","sticky":false,"template":"","format":"standard","meta":{"_acf_changed":false,"footnotes":""},"categories":[15,23],"class_list":["post-1196","post","type-post","status-publish","format-standard","hentry","category-cursos-tecnicos","category-estudos","autor-nicole-moras","area-cursos-tecnicos"],"acf":[],"yoast_head":"<!-- This site is optimized with the Yoast SEO plugin v27.3 - https:\/\/yoast.com\/product\/yoast-seo-wordpress\/ -->\n<title>Cerca de 25% dos estudantes de cursos t\u00e9cnicos iniciam forma\u00e7\u00e3o antes de concluir o Ensino M\u00e9dio - Univates Blog<\/title>\n<meta name=\"robots\" content=\"index, follow, max-snippet:-1, max-image-preview:large, max-video-preview:-1\" \/>\n<link rel=\"canonical\" href=\"https:\/\/www.univates.br\/blog\/cerca-de-25-dos-estudantes-de-cursos-tecnicos-iniciam-formacao-antes-de-concluir-o-ensino-medio\/\" \/>\n<meta property=\"og:locale\" content=\"pt_BR\" \/>\n<meta property=\"og:type\" content=\"article\" \/>\n<meta property=\"og:title\" content=\"Cerca de 25% dos estudantes de cursos t\u00e9cnicos iniciam forma\u00e7\u00e3o antes de concluir o Ensino M\u00e9dio - Univates Blog\" \/>\n<meta property=\"og:description\" content=\"Al\u00e9m de habilitar o estudante para uma&nbsp;profiss\u00e3o&nbsp;em um curto espa\u00e7o de tempo e com facilidade para a entrada no&nbsp;mercado de trabalho, os&nbsp;cursos t\u00e9cnicos&nbsp;tamb\u00e9m t\u00eam o diferencial de poderem ser cursados durante o Ensino M\u00e9dio. Isso ocorre, na Univates, para cerca\u2026\" \/>\n<meta property=\"og:url\" content=\"https:\/\/www.univates.br\/blog\/cerca-de-25-dos-estudantes-de-cursos-tecnicos-iniciam-formacao-antes-de-concluir-o-ensino-medio\/\" \/>\n<meta property=\"og:site_name\" content=\"Univates Blog\" \/>\n<meta property=\"article:published_time\" content=\"2022-05-09T17:32:36+00:00\" \/>\n<meta property=\"article:modified_time\" content=\"2024-01-18T16:43:22+00:00\" \/>\n<meta property=\"og:image\" content=\"https:\/\/www.univates.br\/blog\/\/wp-content\/uploads\/2022\/08\/20121123142023_img_0553-min.jpg\" \/>\n<meta name=\"author\" content=\"Marketing Univates\" \/>\n<meta name=\"twitter:card\" content=\"summary_large_image\" \/>\n<meta name=\"twitter:label1\" content=\"Escrito por\" \/>\n\t<meta name=\"twitter:data1\" content=\"Marketing Univates\" \/>\n\t<meta name=\"twitter:label2\" content=\"Est. tempo de leitura\" \/>\n\t<meta name=\"twitter:data2\" content=\"3 minutos\" \/>\n<script type=\"application\/ld+json\" class=\"yoast-schema-graph\">{\"@context\":\"https:\\\/\\\/schema.org\",\"@graph\":[{\"@type\":\"Article\",\"@id\":\"https:\\\/\\\/www.univates.br\\\/blog\\\/cerca-de-25-dos-estudantes-de-cursos-tecnicos-iniciam-formacao-antes-de-concluir-o-ensino-medio\\\/#article\",\"isPartOf\":{\"@id\":\"https:\\\/\\\/www.univates.br\\\/blog\\\/cerca-de-25-dos-estudantes-de-cursos-tecnicos-iniciam-formacao-antes-de-concluir-o-ensino-medio\\\/\"},\"author\":{\"name\":\"Marketing Univates\",\"@id\":\"https:\\\/\\\/www.univates.br\\\/blog\\\/#\\\/schema\\\/person\\\/15c63917440cc5e70160c247b309af2f\"},\"headline\":\"Cerca de 25% dos estudantes de cursos t\u00e9cnicos iniciam forma\u00e7\u00e3o antes de concluir o Ensino M\u00e9dio\",\"datePublished\":\"2022-05-09T17:32:36+00:00\",\"dateModified\":\"2024-01-18T16:43:22+00:00\",\"mainEntityOfPage\":{\"@id\":\"https:\\\/\\\/www.univates.br\\\/blog\\\/cerca-de-25-dos-estudantes-de-cursos-tecnicos-iniciam-formacao-antes-de-concluir-o-ensino-medio\\\/\"},\"wordCount\":558,\"commentCount\":0,\"image\":{\"@id\":\"https:\\\/\\\/www.univates.br\\\/blog\\\/cerca-de-25-dos-estudantes-de-cursos-tecnicos-iniciam-formacao-antes-de-concluir-o-ensino-medio\\\/#primaryimage\"},\"thumbnailUrl\":\"https:\\\/\\\/www.univates.br\\\/blog\\\/\\\/wp-content\\\/uploads\\\/2022\\\/08\\\/20121123142023_img_0553-min.jpg\",\"articleSection\":[\"Cursos T\u00e9cnicos\",\"Estudos\"],\"inLanguage\":\"pt-BR\",\"potentialAction\":[{\"@type\":\"CommentAction\",\"name\":\"Comment\",\"target\":[\"https:\\\/\\\/www.univates.br\\\/blog\\\/cerca-de-25-dos-estudantes-de-cursos-tecnicos-iniciam-formacao-antes-de-concluir-o-ensino-medio\\\/#respond\"]}]},{\"@type\":\"WebPage\",\"@id\":\"https:\\\/\\\/www.univates.br\\\/blog\\\/cerca-de-25-dos-estudantes-de-cursos-tecnicos-iniciam-formacao-antes-de-concluir-o-ensino-medio\\\/\",\"url\":\"https:\\\/\\\/www.univates.br\\\/blog\\\/cerca-de-25-dos-estudantes-de-cursos-tecnicos-iniciam-formacao-antes-de-concluir-o-ensino-medio\\\/\",\"name\":\"Cerca de 25% dos estudantes de cursos t\u00e9cnicos iniciam forma\u00e7\u00e3o antes de concluir o Ensino M\u00e9dio - Univates Blog\",\"isPartOf\":{\"@id\":\"https:\\\/\\\/www.univates.br\\\/blog\\\/#website\"},\"primaryImageOfPage\":{\"@id\":\"https:\\\/\\\/www.univates.br\\\/blog\\\/cerca-de-25-dos-estudantes-de-cursos-tecnicos-iniciam-formacao-antes-de-concluir-o-ensino-medio\\\/#primaryimage\"},\"image\":{\"@id\":\"https:\\\/\\\/www.univates.br\\\/blog\\\/cerca-de-25-dos-estudantes-de-cursos-tecnicos-iniciam-formacao-antes-de-concluir-o-ensino-medio\\\/#primaryimage\"},\"thumbnailUrl\":\"https:\\\/\\\/www.univates.br\\\/blog\\\/\\\/wp-content\\\/uploads\\\/2022\\\/08\\\/20121123142023_img_0553-min.jpg\",\"datePublished\":\"2022-05-09T17:32:36+00:00\",\"dateModified\":\"2024-01-18T16:43:22+00:00\",\"author\":{\"@id\":\"https:\\\/\\\/www.univates.br\\\/blog\\\/#\\\/schema\\\/person\\\/15c63917440cc5e70160c247b309af2f\"},\"breadcrumb\":{\"@id\":\"https:\\\/\\\/www.univates.br\\\/blog\\\/cerca-de-25-dos-estudantes-de-cursos-tecnicos-iniciam-formacao-antes-de-concluir-o-ensino-medio\\\/#breadcrumb\"},\"inLanguage\":\"pt-BR\",\"potentialAction\":[{\"@type\":\"ReadAction\",\"target\":[\"https:\\\/\\\/www.univates.br\\\/blog\\\/cerca-de-25-dos-estudantes-de-cursos-tecnicos-iniciam-formacao-antes-de-concluir-o-ensino-medio\\\/\"]}]},{\"@type\":\"ImageObject\",\"inLanguage\":\"pt-BR\",\"@id\":\"https:\\\/\\\/www.univates.br\\\/blog\\\/cerca-de-25-dos-estudantes-de-cursos-tecnicos-iniciam-formacao-antes-de-concluir-o-ensino-medio\\\/#primaryimage\",\"url\":\"https:\\\/\\\/www.univates.br\\\/blog\\\/\\\/wp-content\\\/uploads\\\/2022\\\/08\\\/20121123142023_img_0553-min.jpg\",\"contentUrl\":\"https:\\\/\\\/www.univates.br\\\/blog\\\/\\\/wp-content\\\/uploads\\\/2022\\\/08\\\/20121123142023_img_0553-min.jpg\"},{\"@type\":\"BreadcrumbList\",\"@id\":\"https:\\\/\\\/www.univates.br\\\/blog\\\/cerca-de-25-dos-estudantes-de-cursos-tecnicos-iniciam-formacao-antes-de-concluir-o-ensino-medio\\\/#breadcrumb\",\"itemListElement\":[{\"@type\":\"ListItem\",\"position\":1,\"name\":\"Home\",\"item\":\"https:\\\/\\\/www.univates.br\\\/blog\\\/\"},{\"@type\":\"ListItem\",\"position\":2,\"name\":\"Cerca de 25% dos estudantes de cursos t\u00e9cnicos iniciam forma\u00e7\u00e3o antes de concluir o Ensino M\u00e9dio\"}]},{\"@type\":\"WebSite\",\"@id\":\"https:\\\/\\\/www.univates.br\\\/blog\\\/#website\",\"url\":\"https:\\\/\\\/www.univates.br\\\/blog\\\/\",\"name\":\"Univates Blog\",\"description\":\"\",\"potentialAction\":[{\"@type\":\"SearchAction\",\"target\":{\"@type\":\"EntryPoint\",\"urlTemplate\":\"https:\\\/\\\/www.univates.br\\\/blog\\\/?s={search_term_string}\"},\"query-input\":{\"@type\":\"PropertyValueSpecification\",\"valueRequired\":true,\"valueName\":\"search_term_string\"}}],\"inLanguage\":\"pt-BR\"},{\"@type\":\"Person\",\"@id\":\"https:\\\/\\\/www.univates.br\\\/blog\\\/#\\\/schema\\\/person\\\/15c63917440cc5e70160c247b309af2f\",\"name\":\"Marketing Univates\",\"image\":{\"@type\":\"ImageObject\",\"inLanguage\":\"pt-BR\",\"@id\":\"https:\\\/\\\/secure.gravatar.com\\\/avatar\\\/511f9e77a6a3d0cddd9074f69a722364bc7f787e73d4a0da1f727ba62704eda4?s=96&d=mm&r=g\",\"url\":\"https:\\\/\\\/secure.gravatar.com\\\/avatar\\\/511f9e77a6a3d0cddd9074f69a722364bc7f787e73d4a0da1f727ba62704eda4?s=96&d=mm&r=g\",\"contentUrl\":\"https:\\\/\\\/secure.gravatar.com\\\/avatar\\\/511f9e77a6a3d0cddd9074f69a722364bc7f787e73d4a0da1f727ba62704eda4?s=96&d=mm&r=g\",\"caption\":\"Marketing Univates\"},\"sameAs\":[\"http:\\\/\\\/univates.br\"],\"url\":\"https:\\\/\\\/www.univates.br\\\/blog\\\/author\\\/marketing\\\/\"}]}<\/script>\n<!-- \/ Yoast SEO plugin. -->","yoast_head_json":{"title":"Cerca de 25% dos estudantes de cursos t\u00e9cnicos iniciam forma\u00e7\u00e3o antes de concluir o Ensino M\u00e9dio - Univates Blog","robots":{"index":"index","follow":"follow","max-snippet":"max-snippet:-1","max-image-preview":"max-image-preview:large","max-video-preview":"max-video-preview:-1"},"canonical":"https:\/\/www.univates.br\/blog\/cerca-de-25-dos-estudantes-de-cursos-tecnicos-iniciam-formacao-antes-de-concluir-o-ensino-medio\/","og_locale":"pt_BR","og_type":"article","og_title":"Cerca de 25% dos estudantes de cursos t\u00e9cnicos iniciam forma\u00e7\u00e3o antes de concluir o Ensino M\u00e9dio - Univates Blog","og_description":"Al\u00e9m de habilitar o estudante para uma&nbsp;profiss\u00e3o&nbsp;em um curto espa\u00e7o de tempo e com facilidade para a entrada no&nbsp;mercado de trabalho, os&nbsp;cursos t\u00e9cnicos&nbsp;tamb\u00e9m t\u00eam o diferencial de poderem ser cursados durante o Ensino M\u00e9dio. Isso ocorre, na Univates, para cerca\u2026","og_url":"https:\/\/www.univates.br\/blog\/cerca-de-25-dos-estudantes-de-cursos-tecnicos-iniciam-formacao-antes-de-concluir-o-ensino-medio\/","og_site_name":"Univates Blog","article_published_time":"2022-05-09T17:32:36+00:00","article_modified_time":"2024-01-18T16:43:22+00:00","og_image":[{"url":"https:\/\/www.univates.br\/blog\/\/wp-content\/uploads\/2022\/08\/20121123142023_img_0553-min.jpg","type":"","width":"","height":""}],"author":"Marketing Univates","twitter_card":"summary_large_image","twitter_misc":{"Escrito por":"Marketing Univates","Est. tempo de leitura":"3 minutos"},"schema":{"@context":"https:\/\/schema.org","@graph":[{"@type":"Article","@id":"https:\/\/www.univates.br\/blog\/cerca-de-25-dos-estudantes-de-cursos-tecnicos-iniciam-formacao-antes-de-concluir-o-ensino-medio\/#article","isPartOf":{"@id":"https:\/\/www.univates.br\/blog\/cerca-de-25-dos-estudantes-de-cursos-tecnicos-iniciam-formacao-antes-de-concluir-o-ensino-medio\/"},"author":{"name":"Marketing Univates","@id":"https:\/\/www.univates.br\/blog\/#\/schema\/person\/15c63917440cc5e70160c247b309af2f"},"headline":"Cerca de 25% dos estudantes de cursos t\u00e9cnicos iniciam forma\u00e7\u00e3o antes de concluir o Ensino M\u00e9dio","datePublished":"2022-05-09T17:32:36+00:00","dateModified":"2024-01-18T16:43:22+00:00","mainEntityOfPage":{"@id":"https:\/\/www.univates.br\/blog\/cerca-de-25-dos-estudantes-de-cursos-tecnicos-iniciam-formacao-antes-de-concluir-o-ensino-medio\/"},"wordCount":558,"commentCount":0,"image":{"@id":"https:\/\/www.univates.br\/blog\/cerca-de-25-dos-estudantes-de-cursos-tecnicos-iniciam-formacao-antes-de-concluir-o-ensino-medio\/#primaryimage"},"thumbnailUrl":"https:\/\/www.univates.br\/blog\/\/wp-content\/uploads\/2022\/08\/20121123142023_img_0553-min.jpg","articleSection":["Cursos T\u00e9cnicos","Estudos"],"inLanguage":"pt-BR","potentialAction":[{"@type":"CommentAction","name":"Comment","target":["https:\/\/www.univates.br\/blog\/cerca-de-25-dos-estudantes-de-cursos-tecnicos-iniciam-formacao-antes-de-concluir-o-ensino-medio\/#respond"]}]},{"@type":"WebPage","@id":"https:\/\/www.univates.br\/blog\/cerca-de-25-dos-estudantes-de-cursos-tecnicos-iniciam-formacao-antes-de-concluir-o-ensino-medio\/","url":"https:\/\/www.univates.br\/blog\/cerca-de-25-dos-estudantes-de-cursos-tecnicos-iniciam-formacao-antes-de-concluir-o-ensino-medio\/","name":"Cerca de 25% dos estudantes de cursos t\u00e9cnicos iniciam forma\u00e7\u00e3o antes de concluir o Ensino M\u00e9dio - Univates Blog","isPartOf":{"@id":"https:\/\/www.univates.br\/blog\/#website"},"primaryImageOfPage":{"@id":"https:\/\/www.univates.br\/blog\/cerca-de-25-dos-estudantes-de-cursos-tecnicos-iniciam-formacao-antes-de-concluir-o-ensino-medio\/#primaryimage"},"image":{"@id":"https:\/\/www.univates.br\/blog\/cerca-de-25-dos-estudantes-de-cursos-tecnicos-iniciam-formacao-antes-de-concluir-o-ensino-medio\/#primaryimage"},"thumbnailUrl":"https:\/\/www.univates.br\/blog\/\/wp-content\/uploads\/2022\/08\/20121123142023_img_0553-min.jpg","datePublished":"2022-05-09T17:32:36+00:00","dateModified":"2024-01-18T16:43:22+00:00","author":{"@id":"https:\/\/www.univates.br\/blog\/#\/schema\/person\/15c63917440cc5e70160c247b309af2f"},"breadcrumb":{"@id":"https:\/\/www.univates.br\/blog\/cerca-de-25-dos-estudantes-de-cursos-tecnicos-iniciam-formacao-antes-de-concluir-o-ensino-medio\/#breadcrumb"},"inLanguage":"pt-BR","potentialAction":[{"@type":"ReadAction","target":["https:\/\/www.univates.br\/blog\/cerca-de-25-dos-estudantes-de-cursos-tecnicos-iniciam-formacao-antes-de-concluir-o-ensino-medio\/"]}]},{"@type":"ImageObject","inLanguage":"pt-BR","@id":"https:\/\/www.univates.br\/blog\/cerca-de-25-dos-estudantes-de-cursos-tecnicos-iniciam-formacao-antes-de-concluir-o-ensino-medio\/#primaryimage","url":"https:\/\/www.univates.br\/blog\/\/wp-content\/uploads\/2022\/08\/20121123142023_img_0553-min.jpg","contentUrl":"https:\/\/www.univates.br\/blog\/\/wp-content\/uploads\/2022\/08\/20121123142023_img_0553-min.jpg"},{"@type":"BreadcrumbList","@id":"https:\/\/www.univates.br\/blog\/cerca-de-25-dos-estudantes-de-cursos-tecnicos-iniciam-formacao-antes-de-concluir-o-ensino-medio\/#breadcrumb","itemListElement":[{"@type":"ListItem","position":1,"name":"Home","item":"https:\/\/www.univates.br\/blog\/"},{"@type":"ListItem","position":2,"name":"Cerca de 25% dos estudantes de cursos t\u00e9cnicos iniciam forma\u00e7\u00e3o antes de concluir o Ensino M\u00e9dio"}]},{"@type":"WebSite","@id":"https:\/\/www.univates.br\/blog\/#website","url":"https:\/\/www.univates.br\/blog\/","name":"Univates Blog","description":"","potentialAction":[{"@type":"SearchAction","target":{"@type":"EntryPoint","urlTemplate":"https:\/\/www.univates.br\/blog\/?s={search_term_string}"},"query-input":{"@type":"PropertyValueSpecification","valueRequired":true,"valueName":"search_term_string"}}],"inLanguage":"pt-BR"},{"@type":"Person","@id":"https:\/\/www.univates.br\/blog\/#\/schema\/person\/15c63917440cc5e70160c247b309af2f","name":"Marketing Univates","image":{"@type":"ImageObject","inLanguage":"pt-BR","@id":"https:\/\/secure.gravatar.com\/avatar\/511f9e77a6a3d0cddd9074f69a722364bc7f787e73d4a0da1f727ba62704eda4?s=96&d=mm&r=g","url":"https:\/\/secure.gravatar.com\/avatar\/511f9e77a6a3d0cddd9074f69a722364bc7f787e73d4a0da1f727ba62704eda4?s=96&d=mm&r=g","contentUrl":"https:\/\/secure.gravatar.com\/avatar\/511f9e77a6a3d0cddd9074f69a722364bc7f787e73d4a0da1f727ba62704eda4?s=96&d=mm&r=g","caption":"Marketing Univates"},"sameAs":["http:\/\/univates.br"],"url":"https:\/\/www.univates.br\/blog\/author\/marketing\/"}]}},"_links":{"self":[{"href":"https:\/\/www.univates.br\/blog\/wp-json\/wp\/v2\/posts\/1196","targetHints":{"allow":["GET"]}}],"collection":[{"href":"https:\/\/www.univates.br\/blog\/wp-json\/wp\/v2\/posts"}],"about":[{"href":"https:\/\/www.univates.br\/blog\/wp-json\/wp\/v2\/types\/post"}],"author":[{"embeddable":true,"href":"https:\/\/www.univates.br\/blog\/wp-json\/wp\/v2\/users\/2"}],"replies":[{"embeddable":true,"href":"https:\/\/www.univates.br\/blog\/wp-json\/wp\/v2\/comments?post=1196"}],"version-history":[{"count":17,"href":"https:\/\/www.univates.br\/blog\/wp-json\/wp\/v2\/posts\/1196\/revisions"}],"predecessor-version":[{"id":5042,"href":"https:\/\/www.univates.br\/blog\/wp-json\/wp\/v2\/posts\/1196\/revisions\/5042"}],"wp:attachment":[{"href":"https:\/\/www.univates.br\/blog\/wp-json\/wp\/v2\/media?parent=1196"}],"wp:term":[{"taxonomy":"category","embeddable":true,"href":"https:\/\/www.univates.br\/blog\/wp-json\/wp\/v2\/categories?post=1196"}],"curies":[{"name":"wp","href":"https:\/\/api.w.org\/{rel}","templated":true}]}}