{"id":1212,"date":"2022-05-09T14:47:46","date_gmt":"2022-05-09T17:47:46","guid":{"rendered":"https:\/\/desenvolvimento.bravo.st\/univatesblog\/?p=1212"},"modified":"2023-12-20T13:42:42","modified_gmt":"2023-12-20T16:42:42","slug":"5-motivos-para-estudar-estetica-e-cosmetica","status":"publish","type":"post","link":"https:\/\/www.univates.br\/blog\/5-motivos-para-estudar-estetica-e-cosmetica\/","title":{"rendered":"5 motivos para estudar Est\u00e9tica e Cosm\u00e9tica na nossa Universidade"},"content":{"rendered":"\n<h2 class=\"wp-block-heading\">1 &#8211; Nosso curso \u00e9 o melhor do RS!<\/h2>\n\n\n\n<p>Sim, a gente pode comemorar. O&nbsp;<strong>curso de Est\u00e9tica e Cosm\u00e9tica da Univates<\/strong>&nbsp;\u00e9 o&nbsp;<strong>\u00fanico do Estado avaliado com nota 5 (m\u00e1xima) no Enade<\/strong>. Resultados da avalia\u00e7\u00e3o do ensino superior divulgados pelo MEC em novembro de 2017 colocam novamente o&nbsp;<strong>curso de Tecnologia em Est\u00e9tica e Cosm\u00e9tica<\/strong>&nbsp;em&nbsp;<strong>1\u00ba lugar no Rio Grande do Sul<\/strong>.&nbsp;<\/p>\n\n\n\n<figure class=\"wp-block-image size-full\"><img loading=\"lazy\" decoding=\"async\" width=\"1800\" height=\"1200\" src=\"https:\/\/www.univates.br\/blog\/\/wp-content\/uploads\/2022\/06\/20121227141714_img_6401.jpg\" alt=\"\" class=\"wp-image-2272\"\/><figcaption class=\"wp-element-caption\">Foto: Elise Bozzetto.<\/figcaption><\/figure>\n\n\n\n<h2 class=\"wp-block-heading\">2 &#8211; Curso din\u00e2mico, com viv\u00eancias pr\u00e1ticas<\/h2>\n\n\n\n<p>Os&nbsp;<strong>estudantes s\u00e3o estimulados<\/strong>&nbsp;desde os primeiros semestres&nbsp;<strong>a praticarem as t\u00e9cnicas aprendidas nas disciplinas<\/strong>, primeiramente nos colegas e depois nos volunt\u00e1rios da comunidade. Uma&nbsp;<strong>\u00f3tima oportunidade<\/strong>&nbsp;n\u00e3o s\u00f3 para aprender mas tamb\u00e9m para ajudar na autoestima e bem-estar das pessoas!<a rel=\"noreferrer noopener\" href=\"https:\/\/materiais.univates.br\/e-book-saiba-qual-profissao-e-a-sua-cara\" target=\"_blank\"><\/a><\/p>\n\n\n\n<figure class=\"wp-block-image size-full\"><img loading=\"lazy\" decoding=\"async\" width=\"729\" height=\"486\" src=\"https:\/\/desenvolvimento.bravo.st\/univatesblog\/wp-content\/uploads\/2022\/05\/1516209032.0098.jpg\" alt=\"\" class=\"wp-image-2194\" srcset=\"https:\/\/www.univates.br\/blog\/wp-content\/uploads\/2022\/05\/1516209032.0098.jpg 729w, https:\/\/www.univates.br\/blog\/wp-content\/uploads\/2022\/05\/1516209032.0098-600x400.jpg 600w, https:\/\/www.univates.br\/blog\/wp-content\/uploads\/2022\/05\/1516209032.0098-150x100.jpg 150w\" sizes=\"auto, (max-width: 729px) 100vw, 729px\" \/><figcaption class=\"wp-element-caption\">Foto: Tuane Eggers<\/figcaption><\/figure>\n\n\n\n<div class=\"bloco-gutenberg\">\n\n    <a href=\"https:\/\/materiais.univates.br\/saiba-qual-profissao-e-a-sua-cara\" target=\"_blank\" class=\"guten-material\" style=\"background-color: #ff5d4a; color: #0a0a0a;\">\n                    <img decoding=\"async\" src=\"https:\/\/www.univates.br\/blog\/wp-content\/uploads\/2022\/05\/Design-sem-nome-4.png\" loading=\"lazy\">\n                <div class=\"texto\">\n                            <span>Saiba qual profiss\u00e3o \u00e9 a sua cara<\/span>\n                            <strong>Baixar e-book<\/strong>\n                    <\/div>\n    <\/a>\n    <\/div>\n\n\n<h2 class=\"wp-block-heading\">3 &#8211; V\u00e1rias \u00e1reas de atua\u00e7\u00e3o: est\u00e9tica facial, capilar e corporal<\/h2>\n\n\n\n<p>As&nbsp;<strong>disciplinas finais do curso<\/strong>&nbsp;s\u00e3o compostas por&nbsp;<strong>atendimentos acompanhados por professores supervisores<\/strong>, nos quais os estudantes s\u00e3o estimulados \u00e0&nbsp;<strong>independ\u00eancia<\/strong>&nbsp;e \u00e0&nbsp;<strong>constru\u00e7\u00e3o do plano e condu\u00e7\u00e3o de tratamento<\/strong>. Ou seja, voc\u00ea se forma um&nbsp;<strong>profissional aut\u00f4nomo e confiante<\/strong>.<\/p>\n\n\n\n<h2 class=\"wp-block-heading\">4 &#8211; Inovadora estrutura curricular distribu\u00edda em n\u00facleos<\/h2>\n\n\n\n<p>Os&nbsp;<strong>n\u00facleos<\/strong>&nbsp;s\u00e3o uma&nbsp;<strong>inova\u00e7\u00e3o na matriz curricular<\/strong>&nbsp;do&nbsp;<strong>curso<\/strong>&nbsp;da&nbsp;<strong>Univates<\/strong>&nbsp;e v\u00eam para proporcionar ao estudante uma&nbsp;<strong>participa\u00e7\u00e3o mais ativa<\/strong>. Al\u00e9m disso, os m\u00f3dulos permitem&nbsp;<strong>maior integra\u00e7\u00e3o com a comunidade acad\u00eamica<\/strong>&nbsp;pois prev\u00ea&nbsp;<strong>projetos integradores<\/strong>.<\/p>\n\n\n\n<h2 class=\"wp-block-heading\">5 &#8211; Corpo docente que \u00e9 refer\u00eancia no pa\u00eds<\/h2>\n\n\n\n<p>Os\u00a0<strong>professores do curso<\/strong>\u00a0s\u00e3o\u00a0<strong>profissionais com qualifica\u00e7\u00e3o acad\u00eamica<\/strong>. Al\u00e9m disso, s\u00e3o\u00a0<strong>refer\u00eancia no mercado da \u00e1rea da est\u00e9tica<\/strong>. Temos muito orgulho de contar com um\u00a0<strong>colegiado que \u00e9 tido como refer\u00eancia na \u00e1rea da est\u00e9tica do Pa\u00eds<\/strong>!<a href=\"https:\/\/www.univates.br\/blog\/\/post\/22134-5-motivos-para-estudar-estetica-e-cosmetica-na-nossa-universidade#popup\"><\/a><\/p>\n","protected":false},"excerpt":{"rendered":"<p>1 &#8211; Nosso curso \u00e9 o melhor do RS! Sim, a gente pode comemorar. O&nbsp;curso de Est\u00e9tica e Cosm\u00e9tica da Univates&nbsp;\u00e9 o&nbsp;\u00fanico do Estado avaliado com nota 5 (m\u00e1xima) no Enade. Resultados da avalia\u00e7\u00e3o do ensino superior divulgados pelo MEC\u2026<\/p>\n","protected":false},"author":2,"featured_media":0,"comment_status":"open","ping_status":"open","sticky":false,"template":"","format":"standard","meta":{"_acf_changed":false,"footnotes":""},"categories":[7],"class_list":["post-1212","post","type-post","status-publish","format-standard","hentry","category-univates","autor-elise-bozzetto","curso-estetica","area-saude"],"acf":[],"yoast_head":"<!-- This site is optimized with the Yoast SEO plugin v27.3 - https:\/\/yoast.com\/product\/yoast-seo-wordpress\/ -->\n<title>5 motivos para estudar Est\u00e9tica e Cosm\u00e9tica na nossa Universidade - Univates Blog<\/title>\n<meta name=\"description\" content=\"Confira neste post, 5 motivos incr\u00edveis que v\u00e3o fazer voc\u00ea querer cursar Est\u00e9tica e Cosm\u00e9tica na Univates!\" \/>\n<meta name=\"robots\" content=\"index, follow, max-snippet:-1, max-image-preview:large, max-video-preview:-1\" \/>\n<link rel=\"canonical\" href=\"https:\/\/www.univates.br\/blog\/5-motivos-para-estudar-estetica-e-cosmetica\/\" \/>\n<meta property=\"og:locale\" content=\"pt_BR\" \/>\n<meta property=\"og:type\" content=\"article\" \/>\n<meta property=\"og:title\" content=\"5 motivos para estudar Est\u00e9tica e Cosm\u00e9tica na nossa Universidade - Univates Blog\" \/>\n<meta property=\"og:description\" content=\"Confira neste post, 5 motivos incr\u00edveis que v\u00e3o fazer voc\u00ea querer cursar Est\u00e9tica e Cosm\u00e9tica na Univates!\" \/>\n<meta property=\"og:url\" content=\"https:\/\/www.univates.br\/blog\/5-motivos-para-estudar-estetica-e-cosmetica\/\" \/>\n<meta property=\"og:site_name\" content=\"Univates Blog\" \/>\n<meta property=\"article:published_time\" content=\"2022-05-09T17:47:46+00:00\" \/>\n<meta property=\"article:modified_time\" content=\"2023-12-20T16:42:42+00:00\" \/>\n<meta property=\"og:image\" content=\"https:\/\/www.univates.br\/blog\/\/wp-content\/uploads\/2022\/06\/20121227141714_img_6401.jpg\" \/>\n<meta name=\"author\" content=\"Marketing Univates\" \/>\n<meta name=\"twitter:card\" content=\"summary_large_image\" \/>\n<meta name=\"twitter:label1\" content=\"Escrito por\" \/>\n\t<meta name=\"twitter:data1\" content=\"Marketing Univates\" \/>\n\t<meta name=\"twitter:label2\" content=\"Est. tempo de leitura\" \/>\n\t<meta name=\"twitter:data2\" content=\"2 minutos\" \/>\n<script type=\"application\/ld+json\" class=\"yoast-schema-graph\">{\"@context\":\"https:\\\/\\\/schema.org\",\"@graph\":[{\"@type\":\"Article\",\"@id\":\"https:\\\/\\\/www.univates.br\\\/blog\\\/5-motivos-para-estudar-estetica-e-cosmetica\\\/#article\",\"isPartOf\":{\"@id\":\"https:\\\/\\\/www.univates.br\\\/blog\\\/5-motivos-para-estudar-estetica-e-cosmetica\\\/\"},\"author\":{\"name\":\"Marketing Univates\",\"@id\":\"https:\\\/\\\/www.univates.br\\\/blog\\\/#\\\/schema\\\/person\\\/15c63917440cc5e70160c247b309af2f\"},\"headline\":\"5 motivos para estudar Est\u00e9tica e Cosm\u00e9tica na nossa Universidade\",\"datePublished\":\"2022-05-09T17:47:46+00:00\",\"dateModified\":\"2023-12-20T16:42:42+00:00\",\"mainEntityOfPage\":{\"@id\":\"https:\\\/\\\/www.univates.br\\\/blog\\\/5-motivos-para-estudar-estetica-e-cosmetica\\\/\"},\"wordCount\":336,\"commentCount\":0,\"image\":{\"@id\":\"https:\\\/\\\/www.univates.br\\\/blog\\\/5-motivos-para-estudar-estetica-e-cosmetica\\\/#primaryimage\"},\"thumbnailUrl\":\"https:\\\/\\\/www.univates.br\\\/blog\\\/\\\/wp-content\\\/uploads\\\/2022\\\/06\\\/20121227141714_img_6401.jpg\",\"articleSection\":[\"Univates\"],\"inLanguage\":\"pt-BR\",\"potentialAction\":[{\"@type\":\"CommentAction\",\"name\":\"Comment\",\"target\":[\"https:\\\/\\\/www.univates.br\\\/blog\\\/5-motivos-para-estudar-estetica-e-cosmetica\\\/#respond\"]}]},{\"@type\":\"WebPage\",\"@id\":\"https:\\\/\\\/www.univates.br\\\/blog\\\/5-motivos-para-estudar-estetica-e-cosmetica\\\/\",\"url\":\"https:\\\/\\\/www.univates.br\\\/blog\\\/5-motivos-para-estudar-estetica-e-cosmetica\\\/\",\"name\":\"5 motivos para estudar Est\u00e9tica e Cosm\u00e9tica na nossa Universidade - Univates Blog\",\"isPartOf\":{\"@id\":\"https:\\\/\\\/www.univates.br\\\/blog\\\/#website\"},\"primaryImageOfPage\":{\"@id\":\"https:\\\/\\\/www.univates.br\\\/blog\\\/5-motivos-para-estudar-estetica-e-cosmetica\\\/#primaryimage\"},\"image\":{\"@id\":\"https:\\\/\\\/www.univates.br\\\/blog\\\/5-motivos-para-estudar-estetica-e-cosmetica\\\/#primaryimage\"},\"thumbnailUrl\":\"https:\\\/\\\/www.univates.br\\\/blog\\\/\\\/wp-content\\\/uploads\\\/2022\\\/06\\\/20121227141714_img_6401.jpg\",\"datePublished\":\"2022-05-09T17:47:46+00:00\",\"dateModified\":\"2023-12-20T16:42:42+00:00\",\"author\":{\"@id\":\"https:\\\/\\\/www.univates.br\\\/blog\\\/#\\\/schema\\\/person\\\/15c63917440cc5e70160c247b309af2f\"},\"description\":\"Confira neste post, 5 motivos incr\u00edveis que v\u00e3o fazer voc\u00ea querer cursar Est\u00e9tica e Cosm\u00e9tica na Univates!\",\"breadcrumb\":{\"@id\":\"https:\\\/\\\/www.univates.br\\\/blog\\\/5-motivos-para-estudar-estetica-e-cosmetica\\\/#breadcrumb\"},\"inLanguage\":\"pt-BR\",\"potentialAction\":[{\"@type\":\"ReadAction\",\"target\":[\"https:\\\/\\\/www.univates.br\\\/blog\\\/5-motivos-para-estudar-estetica-e-cosmetica\\\/\"]}]},{\"@type\":\"ImageObject\",\"inLanguage\":\"pt-BR\",\"@id\":\"https:\\\/\\\/www.univates.br\\\/blog\\\/5-motivos-para-estudar-estetica-e-cosmetica\\\/#primaryimage\",\"url\":\"https:\\\/\\\/www.univates.br\\\/blog\\\/\\\/wp-content\\\/uploads\\\/2022\\\/06\\\/20121227141714_img_6401.jpg\",\"contentUrl\":\"https:\\\/\\\/www.univates.br\\\/blog\\\/\\\/wp-content\\\/uploads\\\/2022\\\/06\\\/20121227141714_img_6401.jpg\"},{\"@type\":\"BreadcrumbList\",\"@id\":\"https:\\\/\\\/www.univates.br\\\/blog\\\/5-motivos-para-estudar-estetica-e-cosmetica\\\/#breadcrumb\",\"itemListElement\":[{\"@type\":\"ListItem\",\"position\":1,\"name\":\"Home\",\"item\":\"https:\\\/\\\/www.univates.br\\\/blog\\\/\"},{\"@type\":\"ListItem\",\"position\":2,\"name\":\"5 motivos para estudar Est\u00e9tica e Cosm\u00e9tica na nossa Universidade\"}]},{\"@type\":\"WebSite\",\"@id\":\"https:\\\/\\\/www.univates.br\\\/blog\\\/#website\",\"url\":\"https:\\\/\\\/www.univates.br\\\/blog\\\/\",\"name\":\"Univates Blog\",\"description\":\"\",\"potentialAction\":[{\"@type\":\"SearchAction\",\"target\":{\"@type\":\"EntryPoint\",\"urlTemplate\":\"https:\\\/\\\/www.univates.br\\\/blog\\\/?s={search_term_string}\"},\"query-input\":{\"@type\":\"PropertyValueSpecification\",\"valueRequired\":true,\"valueName\":\"search_term_string\"}}],\"inLanguage\":\"pt-BR\"},{\"@type\":\"Person\",\"@id\":\"https:\\\/\\\/www.univates.br\\\/blog\\\/#\\\/schema\\\/person\\\/15c63917440cc5e70160c247b309af2f\",\"name\":\"Marketing Univates\",\"image\":{\"@type\":\"ImageObject\",\"inLanguage\":\"pt-BR\",\"@id\":\"https:\\\/\\\/secure.gravatar.com\\\/avatar\\\/511f9e77a6a3d0cddd9074f69a722364bc7f787e73d4a0da1f727ba62704eda4?s=96&d=mm&r=g\",\"url\":\"https:\\\/\\\/secure.gravatar.com\\\/avatar\\\/511f9e77a6a3d0cddd9074f69a722364bc7f787e73d4a0da1f727ba62704eda4?s=96&d=mm&r=g\",\"contentUrl\":\"https:\\\/\\\/secure.gravatar.com\\\/avatar\\\/511f9e77a6a3d0cddd9074f69a722364bc7f787e73d4a0da1f727ba62704eda4?s=96&d=mm&r=g\",\"caption\":\"Marketing Univates\"},\"sameAs\":[\"http:\\\/\\\/univates.br\"],\"url\":\"https:\\\/\\\/www.univates.br\\\/blog\\\/author\\\/marketing\\\/\"}]}<\/script>\n<!-- \/ Yoast SEO plugin. -->","yoast_head_json":{"title":"5 motivos para estudar Est\u00e9tica e Cosm\u00e9tica na nossa Universidade - Univates Blog","description":"Confira neste post, 5 motivos incr\u00edveis que v\u00e3o fazer voc\u00ea querer cursar Est\u00e9tica e Cosm\u00e9tica na Univates!","robots":{"index":"index","follow":"follow","max-snippet":"max-snippet:-1","max-image-preview":"max-image-preview:large","max-video-preview":"max-video-preview:-1"},"canonical":"https:\/\/www.univates.br\/blog\/5-motivos-para-estudar-estetica-e-cosmetica\/","og_locale":"pt_BR","og_type":"article","og_title":"5 motivos para estudar Est\u00e9tica e Cosm\u00e9tica na nossa Universidade - Univates Blog","og_description":"Confira neste post, 5 motivos incr\u00edveis que v\u00e3o fazer voc\u00ea querer cursar Est\u00e9tica e Cosm\u00e9tica na Univates!","og_url":"https:\/\/www.univates.br\/blog\/5-motivos-para-estudar-estetica-e-cosmetica\/","og_site_name":"Univates Blog","article_published_time":"2022-05-09T17:47:46+00:00","article_modified_time":"2023-12-20T16:42:42+00:00","og_image":[{"url":"https:\/\/www.univates.br\/blog\/\/wp-content\/uploads\/2022\/06\/20121227141714_img_6401.jpg","type":"","width":"","height":""}],"author":"Marketing Univates","twitter_card":"summary_large_image","twitter_misc":{"Escrito por":"Marketing Univates","Est. tempo de leitura":"2 minutos"},"schema":{"@context":"https:\/\/schema.org","@graph":[{"@type":"Article","@id":"https:\/\/www.univates.br\/blog\/5-motivos-para-estudar-estetica-e-cosmetica\/#article","isPartOf":{"@id":"https:\/\/www.univates.br\/blog\/5-motivos-para-estudar-estetica-e-cosmetica\/"},"author":{"name":"Marketing Univates","@id":"https:\/\/www.univates.br\/blog\/#\/schema\/person\/15c63917440cc5e70160c247b309af2f"},"headline":"5 motivos para estudar Est\u00e9tica e Cosm\u00e9tica na nossa Universidade","datePublished":"2022-05-09T17:47:46+00:00","dateModified":"2023-12-20T16:42:42+00:00","mainEntityOfPage":{"@id":"https:\/\/www.univates.br\/blog\/5-motivos-para-estudar-estetica-e-cosmetica\/"},"wordCount":336,"commentCount":0,"image":{"@id":"https:\/\/www.univates.br\/blog\/5-motivos-para-estudar-estetica-e-cosmetica\/#primaryimage"},"thumbnailUrl":"https:\/\/www.univates.br\/blog\/\/wp-content\/uploads\/2022\/06\/20121227141714_img_6401.jpg","articleSection":["Univates"],"inLanguage":"pt-BR","potentialAction":[{"@type":"CommentAction","name":"Comment","target":["https:\/\/www.univates.br\/blog\/5-motivos-para-estudar-estetica-e-cosmetica\/#respond"]}]},{"@type":"WebPage","@id":"https:\/\/www.univates.br\/blog\/5-motivos-para-estudar-estetica-e-cosmetica\/","url":"https:\/\/www.univates.br\/blog\/5-motivos-para-estudar-estetica-e-cosmetica\/","name":"5 motivos para estudar Est\u00e9tica e Cosm\u00e9tica na nossa Universidade - Univates Blog","isPartOf":{"@id":"https:\/\/www.univates.br\/blog\/#website"},"primaryImageOfPage":{"@id":"https:\/\/www.univates.br\/blog\/5-motivos-para-estudar-estetica-e-cosmetica\/#primaryimage"},"image":{"@id":"https:\/\/www.univates.br\/blog\/5-motivos-para-estudar-estetica-e-cosmetica\/#primaryimage"},"thumbnailUrl":"https:\/\/www.univates.br\/blog\/\/wp-content\/uploads\/2022\/06\/20121227141714_img_6401.jpg","datePublished":"2022-05-09T17:47:46+00:00","dateModified":"2023-12-20T16:42:42+00:00","author":{"@id":"https:\/\/www.univates.br\/blog\/#\/schema\/person\/15c63917440cc5e70160c247b309af2f"},"description":"Confira neste post, 5 motivos incr\u00edveis que v\u00e3o fazer voc\u00ea querer cursar Est\u00e9tica e Cosm\u00e9tica na Univates!","breadcrumb":{"@id":"https:\/\/www.univates.br\/blog\/5-motivos-para-estudar-estetica-e-cosmetica\/#breadcrumb"},"inLanguage":"pt-BR","potentialAction":[{"@type":"ReadAction","target":["https:\/\/www.univates.br\/blog\/5-motivos-para-estudar-estetica-e-cosmetica\/"]}]},{"@type":"ImageObject","inLanguage":"pt-BR","@id":"https:\/\/www.univates.br\/blog\/5-motivos-para-estudar-estetica-e-cosmetica\/#primaryimage","url":"https:\/\/www.univates.br\/blog\/\/wp-content\/uploads\/2022\/06\/20121227141714_img_6401.jpg","contentUrl":"https:\/\/www.univates.br\/blog\/\/wp-content\/uploads\/2022\/06\/20121227141714_img_6401.jpg"},{"@type":"BreadcrumbList","@id":"https:\/\/www.univates.br\/blog\/5-motivos-para-estudar-estetica-e-cosmetica\/#breadcrumb","itemListElement":[{"@type":"ListItem","position":1,"name":"Home","item":"https:\/\/www.univates.br\/blog\/"},{"@type":"ListItem","position":2,"name":"5 motivos para estudar Est\u00e9tica e Cosm\u00e9tica na nossa Universidade"}]},{"@type":"WebSite","@id":"https:\/\/www.univates.br\/blog\/#website","url":"https:\/\/www.univates.br\/blog\/","name":"Univates Blog","description":"","potentialAction":[{"@type":"SearchAction","target":{"@type":"EntryPoint","urlTemplate":"https:\/\/www.univates.br\/blog\/?s={search_term_string}"},"query-input":{"@type":"PropertyValueSpecification","valueRequired":true,"valueName":"search_term_string"}}],"inLanguage":"pt-BR"},{"@type":"Person","@id":"https:\/\/www.univates.br\/blog\/#\/schema\/person\/15c63917440cc5e70160c247b309af2f","name":"Marketing Univates","image":{"@type":"ImageObject","inLanguage":"pt-BR","@id":"https:\/\/secure.gravatar.com\/avatar\/511f9e77a6a3d0cddd9074f69a722364bc7f787e73d4a0da1f727ba62704eda4?s=96&d=mm&r=g","url":"https:\/\/secure.gravatar.com\/avatar\/511f9e77a6a3d0cddd9074f69a722364bc7f787e73d4a0da1f727ba62704eda4?s=96&d=mm&r=g","contentUrl":"https:\/\/secure.gravatar.com\/avatar\/511f9e77a6a3d0cddd9074f69a722364bc7f787e73d4a0da1f727ba62704eda4?s=96&d=mm&r=g","caption":"Marketing Univates"},"sameAs":["http:\/\/univates.br"],"url":"https:\/\/www.univates.br\/blog\/author\/marketing\/"}]}},"_links":{"self":[{"href":"https:\/\/www.univates.br\/blog\/wp-json\/wp\/v2\/posts\/1212","targetHints":{"allow":["GET"]}}],"collection":[{"href":"https:\/\/www.univates.br\/blog\/wp-json\/wp\/v2\/posts"}],"about":[{"href":"https:\/\/www.univates.br\/blog\/wp-json\/wp\/v2\/types\/post"}],"author":[{"embeddable":true,"href":"https:\/\/www.univates.br\/blog\/wp-json\/wp\/v2\/users\/2"}],"replies":[{"embeddable":true,"href":"https:\/\/www.univates.br\/blog\/wp-json\/wp\/v2\/comments?post=1212"}],"version-history":[{"count":15,"href":"https:\/\/www.univates.br\/blog\/wp-json\/wp\/v2\/posts\/1212\/revisions"}],"predecessor-version":[{"id":4206,"href":"https:\/\/www.univates.br\/blog\/wp-json\/wp\/v2\/posts\/1212\/revisions\/4206"}],"wp:attachment":[{"href":"https:\/\/www.univates.br\/blog\/wp-json\/wp\/v2\/media?parent=1212"}],"wp:term":[{"taxonomy":"category","embeddable":true,"href":"https:\/\/www.univates.br\/blog\/wp-json\/wp\/v2\/categories?post=1212"}],"curies":[{"name":"wp","href":"https:\/\/api.w.org\/{rel}","templated":true}]}}