{"id":1230,"date":"2022-05-09T15:04:09","date_gmt":"2022-05-09T18:04:09","guid":{"rendered":"https:\/\/desenvolvimento.bravo.st\/univatesblog\/?p=1230"},"modified":"2024-01-18T13:43:17","modified_gmt":"2024-01-18T16:43:17","slug":"cinco-motivos-para-voce-realizar-intercambio-academico","status":"publish","type":"post","link":"https:\/\/www.univates.br\/blog\/cinco-motivos-para-voce-realizar-intercambio-academico\/","title":{"rendered":"Cinco motivos para voc\u00ea realizar interc\u00e2mbio acad\u00eamico"},"content":{"rendered":"\n<p>&#8211; Viv\u00eancia de nova cultura;<br>&#8211; Amplia\u00e7\u00e3o de compreens\u00e3o do mundo;<br>&#8211; Conhecimento internacional acad\u00eamico;<br>&#8211; Crescimento profissional;<br>&#8211; Desenvolvimento de novos objetivos e vis\u00f5es pessoais.<\/p>\n\n\n\n<p>Foi justamente por isso que Daniela Diesel e Jose Alberto Roma\u00f1a Diaz passaram. Ela realizou mestrado sandu\u00edche em Portugal (e atualmente realiza doutorado no pa\u00eds) e ele, que \u00e9 da Col\u00f4mbia, est\u00e1 realizando mestrado aqui.&nbsp;<strong>Conhe\u00e7a a hist\u00f3ria deles:<\/strong><\/p>\n\n\n\n<figure class=\"wp-block-image size-full\"><img loading=\"lazy\" decoding=\"async\" width=\"729\" height=\"486\" src=\"https:\/\/desenvolvimento.bravo.st\/univatesblog\/wp-content\/uploads\/2022\/05\/1508847706.2053.jpg\" alt=\"\" class=\"wp-image-2209\" srcset=\"https:\/\/www.univates.br\/blog\/wp-content\/uploads\/2022\/05\/1508847706.2053.jpg 729w, https:\/\/www.univates.br\/blog\/wp-content\/uploads\/2022\/05\/1508847706.2053-600x400.jpg 600w, https:\/\/www.univates.br\/blog\/wp-content\/uploads\/2022\/05\/1508847706.2053-150x100.jpg 150w\" sizes=\"auto, (max-width: 729px) 100vw, 729px\" \/><figcaption>Foto: Elise Bozzetto<\/figcaption><\/figure>\n\n\n\n<div class=\"bloco-gutenberg\">\n\n    <a href=\"https:\/\/materiais.univates.br\/mercado-de-trabalho-modalidade\" target=\"_blank\" class=\"guten-material\" style=\"background-color: #01e37f; color: #0a0a0a;\">\n                    <img decoding=\"async\" src=\"https:\/\/www.univates.br\/blog\/wp-content\/uploads\/2022\/05\/Design-sem-nome-4.png\" loading=\"lazy\">\n                <div class=\"texto\">\n                            <span>Descubra como se destacar no mercado de trabalho<\/span>\n                            <strong>Baixar e-book<\/strong>\n                    <\/div>\n    <\/a>\n    <\/div>\n\n\n<h2 class=\"wp-block-heading\">Passagem na m\u00e3o<\/h2>\n\n\n\n<p>A diplomada do <a href=\"https:\/\/www.univates.br\/ppgensino\/\">Programa de P\u00f3s-Gradua\u00e7\u00e3o (PPG) em Ensino da Univates<\/a> Daniela Diesel embarcou para Portugal em setembro de 2016. Daniela esteve na Universidade do Algarve por meio de uma bolsa de estudos do Programa do Erasmus Mundus, que oferecia apenas tr\u00eas vagas para toda a Am\u00e9rica Latina. Hoje, ela \u00e9 doutoranda da Universidade de Lisboa.<\/p>\n\n\n\n<p>J\u00e1 Jose Alberto Roma\u00f1a Diaz iniciou o interc\u00e2mbio acad\u00eamico em 2014 no curso de Psicologia da Univates. O estudante da Corpora\u00e7\u00e3o Universit\u00e1ria Minuto de Deus (Uniminuto), parceira da Institui\u00e7\u00e3o, concluiu o curso de gradua\u00e7\u00e3o na Univates e, em seguida, participou da sele\u00e7\u00e3o para o mestrado em Ensino.&nbsp;<\/p>\n\n\n\n<h2 class=\"wp-block-heading\">Aproxima\u00e7\u00e3o internacional atrav\u00e9s do interc\u00e2mbio<\/h2>\n\n\n\n<p>At\u00e9 julho de 2017 Daniela buscou aproxima\u00e7\u00e3o com projetos de pesquisas portugueses, al\u00e9m de realizar trabalho volunt\u00e1rio em uma Institui\u00e7\u00e3o de Trissomia 21, que atende crian\u00e7as com S\u00edndrome de Down. No local deu aulas de psicomotricidade, nata\u00e7\u00e3o e equoterapia. Al\u00e9m disso, ela participou de congressos e semin\u00e1rios, apresentando parte da pesquisa desenvolvida ao longo do mestrado.&nbsp;<\/p>\n\n\n\n<blockquote class=\"wp-block-quote is-layout-flow wp-block-quote-is-layout-flow\"><p>&#8220;Essas participa\u00e7\u00f5es foram muito importantes para troca de conhecimentos com profissionais de outros pa\u00edses. Uma experi\u00eancia internacional faz com que voc\u00ea olhe para si mesmo, como pessoa ou profissional, enxergando novas perspectivas, diferentes contextos e realidades.&#8221; (Mestra em Ensino pela Univates, Daniela Diesel)<\/p><\/blockquote>\n\n\n\n<div class=\"wp-block-media-text alignwide is-stacked-on-mobile\"><figure class=\"wp-block-media-text__media\"><img loading=\"lazy\" decoding=\"async\" width=\"291\" height=\"194\" src=\"https:\/\/desenvolvimento.bravo.st\/univatesblog\/wp-content\/uploads\/2022\/05\/1508847705.9422.jpg\" alt=\"\" class=\"wp-image-1231 size-full\" srcset=\"https:\/\/www.univates.br\/blog\/wp-content\/uploads\/2022\/05\/1508847705.9422.jpg 291w, https:\/\/www.univates.br\/blog\/wp-content\/uploads\/2022\/05\/1508847705.9422-150x100.jpg 150w\" sizes=\"auto, (max-width: 291px) 100vw, 291px\" \/><\/figure><div class=\"wp-block-media-text__content\">\n<p>Daniela tamb\u00e9m tamb\u00e9m coletou dados atrav\u00e9s de grupos focais com estudantes do Ensino M\u00e9dio. \u201cA inser\u00e7\u00e3o na realidade educacional portuguesa possibilitou perceber que os anseios desses jovens estudantes s\u00e3o muito similares aos anseios e \u00e0s inquietudes apresentadas pelos participantes da pesquisa realizada no Vale do Taquari\u201d, conta. Recentemente ela est\u00e1 realizando doutorado em Educa\u00e7\u00e3o na especialidade Technology Enhanced Learning and Societal Challenges da Universidade de Lisboa, al\u00e9m de receber uma bolsa de estudos da Funda\u00e7\u00e3o de Ci\u00eancia e Tecnologia de Portugal.<\/p>\n\n\n\n<p><em>(Foto: Bruna Alves)<\/em><\/p>\n<\/div><\/div>\n\n\n\n<h2 class=\"wp-block-heading\">Novas portas<\/h2>\n\n\n\n<p>J\u00e1 Diaz, durante o interc\u00e2mbio da gradua\u00e7\u00e3o, inseriu-se no grupo de pesquisa Curr\u00edculo, Espa\u00e7o e Movimento (CEM) da Univates, que teve forte influ\u00eancia na decis\u00e3o dele de ficar no Brasil. \u201cPor meio do projeto de pesquisa realizei uma participa\u00e7\u00e3o no Iber\u00ea Camargo, em Porto Alegre. Essa oportunidade me fez conhecer o <a href=\"https:\/\/museudeartedorio.org.br\/\">Museu de Arte do Rio de Janeiro (MAR)<\/a> e o espa\u00e7o me chamou a aten\u00e7\u00e3o e tornou-se objeto de pesquisa da minha disserta\u00e7\u00e3o de mestrado\u201d, conta ao explicar que analisou o local como um espa\u00e7o poroso. \u201cO MAR faz parte de uma reconfigura\u00e7\u00e3o urban\u00edstica. Ele fica no centro do Rio de Janeiro e quer se tornar uma marca como os demais pontos tur\u00edsticos. Al\u00e9m disso, o ambiente possui um contexto pol\u00edtico-social importante e j\u00e1 na sua arquitetura sugere uma proposta educativa\u201d, conta Diaz.<\/p>\n\n\n\n<p>Sobre o interc\u00e2mbio, o&nbsp;colombiano afirma que a oportunidade surgiu como uma experi\u00eancia desafiadora, principalmente na quest\u00e3o do idioma, mas \u00e9 positiva.<\/p>\n\n\n\n<div class=\"wp-block-media-text alignwide is-stacked-on-mobile\"><figure class=\"wp-block-media-text__media\"><img loading=\"lazy\" decoding=\"async\" width=\"291\" height=\"194\" src=\"https:\/\/desenvolvimento.bravo.st\/univatesblog\/wp-content\/uploads\/2022\/05\/1508847706.0688.jpg\" alt=\"\" class=\"wp-image-1232 size-full\" srcset=\"https:\/\/www.univates.br\/blog\/wp-content\/uploads\/2022\/05\/1508847706.0688.jpg 291w, https:\/\/www.univates.br\/blog\/wp-content\/uploads\/2022\/05\/1508847706.0688-150x100.jpg 150w\" sizes=\"auto, (max-width: 291px) 100vw, 291px\" \/><\/figure><div class=\"wp-block-media-text__content\">\n<blockquote class=\"wp-block-quote is-layout-flow wp-block-quote-is-layout-flow\"><p>&#8220;O interc\u00e2mbio faz com que voc\u00ea veja o mundo de maneira diferente. Apesar de a pesquisa ser semelhante com rela\u00e7\u00e3o aos autores pesquisados, o conv\u00edvio com pessoas que pensam e argumentam diferente enriquece e possibilita abrang\u00eancia. O seu fazer profissional \u00e9 permeado pelas viv\u00eancias&#8221; (mestrando Jose Alberto Roma\u00f1a Diaz)<\/p><p><em>(Foto: Ana Am\u00e9lia Ritt)<\/em><\/p><\/blockquote>\n<\/div><\/div>\n","protected":false},"excerpt":{"rendered":"<p>&#8211; Viv\u00eancia de nova cultura;&#8211; Amplia\u00e7\u00e3o de compreens\u00e3o do mundo;&#8211; Conhecimento internacional acad\u00eamico;&#8211; Crescimento profissional;&#8211; Desenvolvimento de novos objetivos e vis\u00f5es pessoais. Foi justamente por isso que Daniela Diesel e Jose Alberto Roma\u00f1a Diaz passaram. Ela realizou mestrado sandu\u00edche em\u2026<\/p>\n","protected":false},"author":2,"featured_media":0,"comment_status":"open","ping_status":"open","sticky":false,"template":"","format":"standard","meta":{"_acf_changed":false,"footnotes":""},"categories":[23],"class_list":["post-1230","post","type-post","status-publish","format-standard","hentry","category-estudos","autor-ana-amelia-ritt"],"acf":[],"yoast_head":"<!-- This site is optimized with the Yoast SEO plugin v27.3 - https:\/\/yoast.com\/product\/yoast-seo-wordpress\/ -->\n<title>Cinco motivos para voc\u00ea realizar interc\u00e2mbio acad\u00eamico - Univates Blog<\/title>\n<meta name=\"description\" content=\"Confira cinco motivos para voc\u00ea um realizar interc\u00e2mbio acad\u00eamico e conhe\u00e7a a hist\u00f3ria de alunos que j\u00e1 viveram a experi\u00eancia.\" \/>\n<meta name=\"robots\" content=\"index, follow, max-snippet:-1, max-image-preview:large, max-video-preview:-1\" \/>\n<link rel=\"canonical\" href=\"https:\/\/www.univates.br\/blog\/cinco-motivos-para-voce-realizar-intercambio-academico\/\" \/>\n<meta property=\"og:locale\" content=\"pt_BR\" \/>\n<meta property=\"og:type\" content=\"article\" \/>\n<meta property=\"og:title\" content=\"Cinco motivos para voc\u00ea realizar interc\u00e2mbio acad\u00eamico - Univates Blog\" \/>\n<meta property=\"og:description\" content=\"Confira cinco motivos para voc\u00ea um realizar interc\u00e2mbio acad\u00eamico e conhe\u00e7a a hist\u00f3ria de alunos que j\u00e1 viveram a experi\u00eancia.\" \/>\n<meta property=\"og:url\" content=\"https:\/\/www.univates.br\/blog\/cinco-motivos-para-voce-realizar-intercambio-academico\/\" \/>\n<meta property=\"og:site_name\" content=\"Univates Blog\" \/>\n<meta property=\"article:published_time\" content=\"2022-05-09T18:04:09+00:00\" \/>\n<meta property=\"article:modified_time\" content=\"2024-01-18T16:43:17+00:00\" \/>\n<meta property=\"og:image\" content=\"https:\/\/desenvolvimento.bravo.st\/univatesblog\/wp-content\/uploads\/2022\/05\/1508847706.2053.jpg\" \/>\n<meta name=\"author\" content=\"Marketing Univates\" \/>\n<meta name=\"twitter:card\" content=\"summary_large_image\" \/>\n<meta name=\"twitter:label1\" content=\"Escrito por\" \/>\n\t<meta name=\"twitter:data1\" content=\"Marketing Univates\" \/>\n\t<meta name=\"twitter:label2\" content=\"Est. tempo de leitura\" \/>\n\t<meta name=\"twitter:data2\" content=\"4 minutos\" \/>\n<script type=\"application\/ld+json\" class=\"yoast-schema-graph\">{\"@context\":\"https:\\\/\\\/schema.org\",\"@graph\":[{\"@type\":\"Article\",\"@id\":\"https:\\\/\\\/www.univates.br\\\/blog\\\/cinco-motivos-para-voce-realizar-intercambio-academico\\\/#article\",\"isPartOf\":{\"@id\":\"https:\\\/\\\/www.univates.br\\\/blog\\\/cinco-motivos-para-voce-realizar-intercambio-academico\\\/\"},\"author\":{\"name\":\"Marketing Univates\",\"@id\":\"https:\\\/\\\/www.univates.br\\\/blog\\\/#\\\/schema\\\/person\\\/15c63917440cc5e70160c247b309af2f\"},\"headline\":\"Cinco motivos para voc\u00ea realizar interc\u00e2mbio acad\u00eamico\",\"datePublished\":\"2022-05-09T18:04:09+00:00\",\"dateModified\":\"2024-01-18T16:43:17+00:00\",\"mainEntityOfPage\":{\"@id\":\"https:\\\/\\\/www.univates.br\\\/blog\\\/cinco-motivos-para-voce-realizar-intercambio-academico\\\/\"},\"wordCount\":653,\"commentCount\":0,\"image\":{\"@id\":\"https:\\\/\\\/www.univates.br\\\/blog\\\/cinco-motivos-para-voce-realizar-intercambio-academico\\\/#primaryimage\"},\"thumbnailUrl\":\"https:\\\/\\\/desenvolvimento.bravo.st\\\/univatesblog\\\/wp-content\\\/uploads\\\/2022\\\/05\\\/1508847706.2053.jpg\",\"articleSection\":[\"Estudos\"],\"inLanguage\":\"pt-BR\",\"potentialAction\":[{\"@type\":\"CommentAction\",\"name\":\"Comment\",\"target\":[\"https:\\\/\\\/www.univates.br\\\/blog\\\/cinco-motivos-para-voce-realizar-intercambio-academico\\\/#respond\"]}]},{\"@type\":\"WebPage\",\"@id\":\"https:\\\/\\\/www.univates.br\\\/blog\\\/cinco-motivos-para-voce-realizar-intercambio-academico\\\/\",\"url\":\"https:\\\/\\\/www.univates.br\\\/blog\\\/cinco-motivos-para-voce-realizar-intercambio-academico\\\/\",\"name\":\"Cinco motivos para voc\u00ea realizar interc\u00e2mbio acad\u00eamico - Univates Blog\",\"isPartOf\":{\"@id\":\"https:\\\/\\\/www.univates.br\\\/blog\\\/#website\"},\"primaryImageOfPage\":{\"@id\":\"https:\\\/\\\/www.univates.br\\\/blog\\\/cinco-motivos-para-voce-realizar-intercambio-academico\\\/#primaryimage\"},\"image\":{\"@id\":\"https:\\\/\\\/www.univates.br\\\/blog\\\/cinco-motivos-para-voce-realizar-intercambio-academico\\\/#primaryimage\"},\"thumbnailUrl\":\"https:\\\/\\\/desenvolvimento.bravo.st\\\/univatesblog\\\/wp-content\\\/uploads\\\/2022\\\/05\\\/1508847706.2053.jpg\",\"datePublished\":\"2022-05-09T18:04:09+00:00\",\"dateModified\":\"2024-01-18T16:43:17+00:00\",\"author\":{\"@id\":\"https:\\\/\\\/www.univates.br\\\/blog\\\/#\\\/schema\\\/person\\\/15c63917440cc5e70160c247b309af2f\"},\"description\":\"Confira cinco motivos para voc\u00ea um realizar interc\u00e2mbio acad\u00eamico e conhe\u00e7a a hist\u00f3ria de alunos que j\u00e1 viveram a experi\u00eancia.\",\"breadcrumb\":{\"@id\":\"https:\\\/\\\/www.univates.br\\\/blog\\\/cinco-motivos-para-voce-realizar-intercambio-academico\\\/#breadcrumb\"},\"inLanguage\":\"pt-BR\",\"potentialAction\":[{\"@type\":\"ReadAction\",\"target\":[\"https:\\\/\\\/www.univates.br\\\/blog\\\/cinco-motivos-para-voce-realizar-intercambio-academico\\\/\"]}]},{\"@type\":\"ImageObject\",\"inLanguage\":\"pt-BR\",\"@id\":\"https:\\\/\\\/www.univates.br\\\/blog\\\/cinco-motivos-para-voce-realizar-intercambio-academico\\\/#primaryimage\",\"url\":\"https:\\\/\\\/desenvolvimento.bravo.st\\\/univatesblog\\\/wp-content\\\/uploads\\\/2022\\\/05\\\/1508847706.2053.jpg\",\"contentUrl\":\"https:\\\/\\\/desenvolvimento.bravo.st\\\/univatesblog\\\/wp-content\\\/uploads\\\/2022\\\/05\\\/1508847706.2053.jpg\"},{\"@type\":\"BreadcrumbList\",\"@id\":\"https:\\\/\\\/www.univates.br\\\/blog\\\/cinco-motivos-para-voce-realizar-intercambio-academico\\\/#breadcrumb\",\"itemListElement\":[{\"@type\":\"ListItem\",\"position\":1,\"name\":\"Home\",\"item\":\"https:\\\/\\\/www.univates.br\\\/blog\\\/\"},{\"@type\":\"ListItem\",\"position\":2,\"name\":\"Cinco motivos para voc\u00ea realizar interc\u00e2mbio acad\u00eamico\"}]},{\"@type\":\"WebSite\",\"@id\":\"https:\\\/\\\/www.univates.br\\\/blog\\\/#website\",\"url\":\"https:\\\/\\\/www.univates.br\\\/blog\\\/\",\"name\":\"Univates Blog\",\"description\":\"\",\"potentialAction\":[{\"@type\":\"SearchAction\",\"target\":{\"@type\":\"EntryPoint\",\"urlTemplate\":\"https:\\\/\\\/www.univates.br\\\/blog\\\/?s={search_term_string}\"},\"query-input\":{\"@type\":\"PropertyValueSpecification\",\"valueRequired\":true,\"valueName\":\"search_term_string\"}}],\"inLanguage\":\"pt-BR\"},{\"@type\":\"Person\",\"@id\":\"https:\\\/\\\/www.univates.br\\\/blog\\\/#\\\/schema\\\/person\\\/15c63917440cc5e70160c247b309af2f\",\"name\":\"Marketing Univates\",\"image\":{\"@type\":\"ImageObject\",\"inLanguage\":\"pt-BR\",\"@id\":\"https:\\\/\\\/secure.gravatar.com\\\/avatar\\\/511f9e77a6a3d0cddd9074f69a722364bc7f787e73d4a0da1f727ba62704eda4?s=96&d=mm&r=g\",\"url\":\"https:\\\/\\\/secure.gravatar.com\\\/avatar\\\/511f9e77a6a3d0cddd9074f69a722364bc7f787e73d4a0da1f727ba62704eda4?s=96&d=mm&r=g\",\"contentUrl\":\"https:\\\/\\\/secure.gravatar.com\\\/avatar\\\/511f9e77a6a3d0cddd9074f69a722364bc7f787e73d4a0da1f727ba62704eda4?s=96&d=mm&r=g\",\"caption\":\"Marketing Univates\"},\"sameAs\":[\"http:\\\/\\\/univates.br\"],\"url\":\"https:\\\/\\\/www.univates.br\\\/blog\\\/author\\\/marketing\\\/\"}]}<\/script>\n<!-- \/ Yoast SEO plugin. -->","yoast_head_json":{"title":"Cinco motivos para voc\u00ea realizar interc\u00e2mbio acad\u00eamico - Univates Blog","description":"Confira cinco motivos para voc\u00ea um realizar interc\u00e2mbio acad\u00eamico e conhe\u00e7a a hist\u00f3ria de alunos que j\u00e1 viveram a experi\u00eancia.","robots":{"index":"index","follow":"follow","max-snippet":"max-snippet:-1","max-image-preview":"max-image-preview:large","max-video-preview":"max-video-preview:-1"},"canonical":"https:\/\/www.univates.br\/blog\/cinco-motivos-para-voce-realizar-intercambio-academico\/","og_locale":"pt_BR","og_type":"article","og_title":"Cinco motivos para voc\u00ea realizar interc\u00e2mbio acad\u00eamico - Univates Blog","og_description":"Confira cinco motivos para voc\u00ea um realizar interc\u00e2mbio acad\u00eamico e conhe\u00e7a a hist\u00f3ria de alunos que j\u00e1 viveram a experi\u00eancia.","og_url":"https:\/\/www.univates.br\/blog\/cinco-motivos-para-voce-realizar-intercambio-academico\/","og_site_name":"Univates Blog","article_published_time":"2022-05-09T18:04:09+00:00","article_modified_time":"2024-01-18T16:43:17+00:00","og_image":[{"url":"https:\/\/desenvolvimento.bravo.st\/univatesblog\/wp-content\/uploads\/2022\/05\/1508847706.2053.jpg","type":"","width":"","height":""}],"author":"Marketing Univates","twitter_card":"summary_large_image","twitter_misc":{"Escrito por":"Marketing Univates","Est. tempo de leitura":"4 minutos"},"schema":{"@context":"https:\/\/schema.org","@graph":[{"@type":"Article","@id":"https:\/\/www.univates.br\/blog\/cinco-motivos-para-voce-realizar-intercambio-academico\/#article","isPartOf":{"@id":"https:\/\/www.univates.br\/blog\/cinco-motivos-para-voce-realizar-intercambio-academico\/"},"author":{"name":"Marketing Univates","@id":"https:\/\/www.univates.br\/blog\/#\/schema\/person\/15c63917440cc5e70160c247b309af2f"},"headline":"Cinco motivos para voc\u00ea realizar interc\u00e2mbio acad\u00eamico","datePublished":"2022-05-09T18:04:09+00:00","dateModified":"2024-01-18T16:43:17+00:00","mainEntityOfPage":{"@id":"https:\/\/www.univates.br\/blog\/cinco-motivos-para-voce-realizar-intercambio-academico\/"},"wordCount":653,"commentCount":0,"image":{"@id":"https:\/\/www.univates.br\/blog\/cinco-motivos-para-voce-realizar-intercambio-academico\/#primaryimage"},"thumbnailUrl":"https:\/\/desenvolvimento.bravo.st\/univatesblog\/wp-content\/uploads\/2022\/05\/1508847706.2053.jpg","articleSection":["Estudos"],"inLanguage":"pt-BR","potentialAction":[{"@type":"CommentAction","name":"Comment","target":["https:\/\/www.univates.br\/blog\/cinco-motivos-para-voce-realizar-intercambio-academico\/#respond"]}]},{"@type":"WebPage","@id":"https:\/\/www.univates.br\/blog\/cinco-motivos-para-voce-realizar-intercambio-academico\/","url":"https:\/\/www.univates.br\/blog\/cinco-motivos-para-voce-realizar-intercambio-academico\/","name":"Cinco motivos para voc\u00ea realizar interc\u00e2mbio acad\u00eamico - Univates Blog","isPartOf":{"@id":"https:\/\/www.univates.br\/blog\/#website"},"primaryImageOfPage":{"@id":"https:\/\/www.univates.br\/blog\/cinco-motivos-para-voce-realizar-intercambio-academico\/#primaryimage"},"image":{"@id":"https:\/\/www.univates.br\/blog\/cinco-motivos-para-voce-realizar-intercambio-academico\/#primaryimage"},"thumbnailUrl":"https:\/\/desenvolvimento.bravo.st\/univatesblog\/wp-content\/uploads\/2022\/05\/1508847706.2053.jpg","datePublished":"2022-05-09T18:04:09+00:00","dateModified":"2024-01-18T16:43:17+00:00","author":{"@id":"https:\/\/www.univates.br\/blog\/#\/schema\/person\/15c63917440cc5e70160c247b309af2f"},"description":"Confira cinco motivos para voc\u00ea um realizar interc\u00e2mbio acad\u00eamico e conhe\u00e7a a hist\u00f3ria de alunos que j\u00e1 viveram a experi\u00eancia.","breadcrumb":{"@id":"https:\/\/www.univates.br\/blog\/cinco-motivos-para-voce-realizar-intercambio-academico\/#breadcrumb"},"inLanguage":"pt-BR","potentialAction":[{"@type":"ReadAction","target":["https:\/\/www.univates.br\/blog\/cinco-motivos-para-voce-realizar-intercambio-academico\/"]}]},{"@type":"ImageObject","inLanguage":"pt-BR","@id":"https:\/\/www.univates.br\/blog\/cinco-motivos-para-voce-realizar-intercambio-academico\/#primaryimage","url":"https:\/\/desenvolvimento.bravo.st\/univatesblog\/wp-content\/uploads\/2022\/05\/1508847706.2053.jpg","contentUrl":"https:\/\/desenvolvimento.bravo.st\/univatesblog\/wp-content\/uploads\/2022\/05\/1508847706.2053.jpg"},{"@type":"BreadcrumbList","@id":"https:\/\/www.univates.br\/blog\/cinco-motivos-para-voce-realizar-intercambio-academico\/#breadcrumb","itemListElement":[{"@type":"ListItem","position":1,"name":"Home","item":"https:\/\/www.univates.br\/blog\/"},{"@type":"ListItem","position":2,"name":"Cinco motivos para voc\u00ea realizar interc\u00e2mbio acad\u00eamico"}]},{"@type":"WebSite","@id":"https:\/\/www.univates.br\/blog\/#website","url":"https:\/\/www.univates.br\/blog\/","name":"Univates Blog","description":"","potentialAction":[{"@type":"SearchAction","target":{"@type":"EntryPoint","urlTemplate":"https:\/\/www.univates.br\/blog\/?s={search_term_string}"},"query-input":{"@type":"PropertyValueSpecification","valueRequired":true,"valueName":"search_term_string"}}],"inLanguage":"pt-BR"},{"@type":"Person","@id":"https:\/\/www.univates.br\/blog\/#\/schema\/person\/15c63917440cc5e70160c247b309af2f","name":"Marketing Univates","image":{"@type":"ImageObject","inLanguage":"pt-BR","@id":"https:\/\/secure.gravatar.com\/avatar\/511f9e77a6a3d0cddd9074f69a722364bc7f787e73d4a0da1f727ba62704eda4?s=96&d=mm&r=g","url":"https:\/\/secure.gravatar.com\/avatar\/511f9e77a6a3d0cddd9074f69a722364bc7f787e73d4a0da1f727ba62704eda4?s=96&d=mm&r=g","contentUrl":"https:\/\/secure.gravatar.com\/avatar\/511f9e77a6a3d0cddd9074f69a722364bc7f787e73d4a0da1f727ba62704eda4?s=96&d=mm&r=g","caption":"Marketing Univates"},"sameAs":["http:\/\/univates.br"],"url":"https:\/\/www.univates.br\/blog\/author\/marketing\/"}]}},"_links":{"self":[{"href":"https:\/\/www.univates.br\/blog\/wp-json\/wp\/v2\/posts\/1230","targetHints":{"allow":["GET"]}}],"collection":[{"href":"https:\/\/www.univates.br\/blog\/wp-json\/wp\/v2\/posts"}],"about":[{"href":"https:\/\/www.univates.br\/blog\/wp-json\/wp\/v2\/types\/post"}],"author":[{"embeddable":true,"href":"https:\/\/www.univates.br\/blog\/wp-json\/wp\/v2\/users\/2"}],"replies":[{"embeddable":true,"href":"https:\/\/www.univates.br\/blog\/wp-json\/wp\/v2\/comments?post=1230"}],"version-history":[{"count":7,"href":"https:\/\/www.univates.br\/blog\/wp-json\/wp\/v2\/posts\/1230\/revisions"}],"predecessor-version":[{"id":2749,"href":"https:\/\/www.univates.br\/blog\/wp-json\/wp\/v2\/posts\/1230\/revisions\/2749"}],"wp:attachment":[{"href":"https:\/\/www.univates.br\/blog\/wp-json\/wp\/v2\/media?parent=1230"}],"wp:term":[{"taxonomy":"category","embeddable":true,"href":"https:\/\/www.univates.br\/blog\/wp-json\/wp\/v2\/categories?post=1230"}],"curies":[{"name":"wp","href":"https:\/\/api.w.org\/{rel}","templated":true}]}}