{"id":2227,"date":"2022-05-30T11:44:53","date_gmt":"2022-05-30T14:44:53","guid":{"rendered":"https:\/\/www.univates.br\/blog\/\/?p=2227"},"modified":"2023-12-20T09:15:55","modified_gmt":"2023-12-20T12:15:55","slug":"vivencias-na-faculdade-motivam-estudante-a-empreender","status":"publish","type":"post","link":"https:\/\/www.univates.br\/blog\/vivencias-na-faculdade-motivam-estudante-a-empreender\/","title":{"rendered":"Viv\u00eancias em sala de aula motivam estudante a empreender"},"content":{"rendered":"\n<p>Ana K\u00e4fer tem 20 anos e est\u00e1 no \u00faltimo semestre do curso T\u00e9cnico em Publicidade na\u00a0<a href=\"https:\/\/www.univates.br\/\">Universidade do Vale do Taquari &#8211; Univates<\/a> e j\u00e1 come\u00e7ou a empreender na \u00e1rea. Comunicativa, ingressou no curso logo ap\u00f3s concluir o Ensino M\u00e9dio porque queria viver novas experi\u00eancias na universidade, sem perder o ritmo de estudos da vida escolar.\u00a0<\/p>\n\n\n\n<p>Al\u00e9m disso, a op\u00e7\u00e3o pelo t\u00e9cnico ocorreu devido a v\u00e1rios fatores: ap\u00f3s conversar com outros estudantes e egressos que compartilhavam suas viv\u00eancias, por ser uma oportunidade de profissionalizar-se em menos tempo, por as disciplinas serem voltadas \u00e0 pr\u00e1tica e o valor ser mais acess\u00edvel em rela\u00e7\u00e3o ao curso de gradua\u00e7\u00e3o.<a href=\"https:\/\/www.univates.br\/media\/noticias_responsivo\/31456\/\/AnaKafer_arquivopessoal_1653564900.4632.jpg?1653564900639\"><\/a><a href=\"https:\/\/www.univates.br\/media\/noticias_responsivo\/31456\/\/AnaKafer_arquivopessoal_1653564900.4632.jpg?1653564900639\"><\/a><a href=\"https:\/\/www.univates.br\/media\/noticias_responsivo\/31456\/\/AnaKafer_arquivopessoal_1653564900.4632.jpg?1653564900639\"><\/a><\/p>\n\n\n\n<figure class=\"wp-block-image size-full\"><img loading=\"lazy\" decoding=\"async\" width=\"1470\" height=\"1600\" src=\"https:\/\/www.univates.br\/blog\/\/wp-content\/uploads\/2022\/05\/AnaKafer_arquivopessoal.jpeg\" alt=\"\" class=\"wp-image-2233\"\/><figcaption>Foto: divulga\u00e7\u00e3o<\/figcaption><\/figure>\n\n\n\n<blockquote class=\"wp-block-quote is-layout-flow wp-block-quote-is-layout-flow\"><p>\u201cCursar o t\u00e9cnico \u00e9 uma experi\u00eancia inovadora, divertida e intensa. O curso \u00e9 mais curto que uma gradua\u00e7\u00e3o, mas te proporciona tantas experi\u00eancias diferentes que te desperta um leque de possibilidades para seguir. Al\u00e9m disso, ele te incentiva a entender na pr\u00e1tica como criar uma arte, elaborar um roteiro de v\u00eddeo, usar estrat\u00e9gias a favor do nosso trabalho com clientes, empresas e pessoas, al\u00e9m de entender a necessidade do consumidor\u201d, conta.<\/p><\/blockquote>\n\n\n\n<h2 class=\"wp-block-heading\">Oportunidade para empreender<\/h2>\n\n\n\n<p>Prestes a se formar, Ana afirma que se sente mais segura para seguir a carreira na qual acredita e feliz por poder explorar toda sua criatividade no trabalho. Ali\u00e1s, a oportunidade para atuar e empreender na \u00e1rea surgiu antes mesmo da conclus\u00e3o do curso.\u00a0<\/p>\n\n\n\n<p>Al\u00e9m disso, a estudante lembra que come\u00e7ou a trabalhar com comunica\u00e7\u00e3o ainda em 2020, quando estava no segundo semestre do curso. A primeira experi\u00eancia foi em um jornal e, no ano seguinte, ela resolveu empreender. Com um amigo, passou a ofertar servi\u00e7os de gerenciamento de redes sociais. Atualmente, al\u00e9m de tocar o pr\u00f3prio neg\u00f3cio, trabalha em uma ag\u00eancia de publicidade. \u201cSou head de conte\u00fado, social media e designer gr\u00e1fica\u201d, descreve.<\/p>\n\n\n\n<p>Para conquistar as oportunidades que surgiram, a jovem defende que o curso t\u00e9cnico foi um fator determinante e que \u00e9 preciso estar em constante aprendizado. Al\u00e9m disso, os conte\u00fados trabalhados em aula est\u00e3o constantemente presentes no dia a dia de trabalho.<\/p>\n\n\n\n<blockquote class=\"wp-block-quote is-layout-flow wp-block-quote-is-layout-flow\"><p>&#8220;<em>N\u00e3o tem nada mais legal do que se deparar com uma situa\u00e7\u00e3o, que antes poderia ser um quebra-cabe\u00e7a, e pensar \u2018eu vi isso na aula\u2019. Sentir aquela sensa\u00e7\u00e3o de desafio aceito!<\/em>&#8221; Ana K\u00e4fer<\/p><\/blockquote>\n\n\n\n<p><a href=\"https:\/\/www.univates.br\/tecnicos\/\">Confira os cursos t\u00e9cnicos que a Univates oferece<\/a> e veja qual mais combina com voc\u00ea.<\/p>\n\n\n\n<p>Quer fazer um curso t\u00e9cnico e ainda n\u00e3o sabe qual \u00e9 a sua cara? Leia o e-book gratuito clicando no bot\u00e3o abaixo! \ud83d\ude0a\ud83d\udc47<\/p>\n\n\n\n<div class=\"bloco-gutenberg\">\n\n    <a href=\"https:\/\/materiais.univates.br\/com-que-curso-eu-vou-modalidade\" target=\"_blank\" class=\"guten-material\" style=\"background-color: #6b00e8; \">\n                    <img decoding=\"async\" src=\"https:\/\/www.univates.br\/blog\/wp-content\/uploads\/2022\/05\/Design-sem-nome-3.png\" loading=\"lazy\">\n                <div class=\"texto\">\n                            <span>Descubra seu perfil profissional e qual curso \u00e9 perfeito pra voc\u00ea<\/span>\n                            <strong>Baixar e-book<\/strong>\n                    <\/div>\n    <\/a>\n    <\/div>","protected":false},"excerpt":{"rendered":"<p>Ana K\u00e4fer tem 20 anos e est\u00e1 no \u00faltimo semestre do curso T\u00e9cnico em Publicidade na\u00a0Universidade do Vale do Taquari &#8211; Univates e j\u00e1 come\u00e7ou a empreender na \u00e1rea. Comunicativa, ingressou no curso logo ap\u00f3s concluir o Ensino M\u00e9dio porque\u2026<\/p>\n","protected":false},"author":2,"featured_media":0,"comment_status":"open","ping_status":"open","sticky":false,"template":"","format":"standard","meta":{"_acf_changed":false,"footnotes":""},"categories":[33,7],"class_list":["post-2227","post","type-post","status-publish","format-standard","hentry","category-carreira","category-univates","autor-natalia-nissen","curso-cursos-tecnicos","area-gestao"],"acf":[],"yoast_head":"<!-- This site is optimized with the Yoast SEO plugin v27.3 - https:\/\/yoast.com\/product\/yoast-seo-wordpress\/ -->\n<title>Viv\u00eancias em sala de aula motivam estudante a empreender - Univates Blog<\/title>\n<meta name=\"description\" content=\"Entenda como a realiza\u00e7\u00e3o de um curso t\u00e9cnico pode te ajudar a empreender e se destacar no mercado de trabalho.\" \/>\n<meta name=\"robots\" content=\"index, follow, max-snippet:-1, max-image-preview:large, max-video-preview:-1\" \/>\n<link rel=\"canonical\" href=\"https:\/\/www.univates.br\/blog\/vivencias-na-faculdade-motivam-estudante-a-empreender\/\" \/>\n<meta property=\"og:locale\" content=\"pt_BR\" \/>\n<meta property=\"og:type\" content=\"article\" \/>\n<meta property=\"og:title\" content=\"Viv\u00eancias em sala de aula motivam estudante a empreender - Univates Blog\" \/>\n<meta property=\"og:description\" content=\"Entenda como a realiza\u00e7\u00e3o de um curso t\u00e9cnico pode te ajudar a empreender e se destacar no mercado de trabalho.\" \/>\n<meta property=\"og:url\" content=\"https:\/\/www.univates.br\/blog\/vivencias-na-faculdade-motivam-estudante-a-empreender\/\" \/>\n<meta property=\"og:site_name\" content=\"Univates Blog\" \/>\n<meta property=\"article:published_time\" content=\"2022-05-30T14:44:53+00:00\" \/>\n<meta property=\"article:modified_time\" content=\"2023-12-20T12:15:55+00:00\" \/>\n<meta property=\"og:image\" content=\"https:\/\/www.univates.br\/blog\/\/wp-content\/uploads\/2022\/05\/AnaKafer_arquivopessoal.jpeg\" \/>\n<meta name=\"author\" content=\"Marketing Univates\" \/>\n<meta name=\"twitter:card\" content=\"summary_large_image\" \/>\n<meta name=\"twitter:label1\" content=\"Escrito por\" \/>\n\t<meta name=\"twitter:data1\" content=\"Marketing Univates\" \/>\n\t<meta name=\"twitter:label2\" content=\"Est. tempo de leitura\" \/>\n\t<meta name=\"twitter:data2\" content=\"2 minutos\" \/>\n<script type=\"application\/ld+json\" class=\"yoast-schema-graph\">{\"@context\":\"https:\\\/\\\/schema.org\",\"@graph\":[{\"@type\":\"Article\",\"@id\":\"https:\\\/\\\/www.univates.br\\\/blog\\\/vivencias-na-faculdade-motivam-estudante-a-empreender\\\/#article\",\"isPartOf\":{\"@id\":\"https:\\\/\\\/www.univates.br\\\/blog\\\/vivencias-na-faculdade-motivam-estudante-a-empreender\\\/\"},\"author\":{\"name\":\"Marketing Univates\",\"@id\":\"https:\\\/\\\/www.univates.br\\\/blog\\\/#\\\/schema\\\/person\\\/15c63917440cc5e70160c247b309af2f\"},\"headline\":\"Viv\u00eancias em sala de aula motivam estudante a empreender\",\"datePublished\":\"2022-05-30T14:44:53+00:00\",\"dateModified\":\"2023-12-20T12:15:55+00:00\",\"mainEntityOfPage\":{\"@id\":\"https:\\\/\\\/www.univates.br\\\/blog\\\/vivencias-na-faculdade-motivam-estudante-a-empreender\\\/\"},\"wordCount\":462,\"commentCount\":0,\"image\":{\"@id\":\"https:\\\/\\\/www.univates.br\\\/blog\\\/vivencias-na-faculdade-motivam-estudante-a-empreender\\\/#primaryimage\"},\"thumbnailUrl\":\"https:\\\/\\\/www.univates.br\\\/blog\\\/\\\/wp-content\\\/uploads\\\/2022\\\/05\\\/AnaKafer_arquivopessoal.jpeg\",\"articleSection\":[\"Carreira\",\"Univates\"],\"inLanguage\":\"pt-BR\",\"potentialAction\":[{\"@type\":\"CommentAction\",\"name\":\"Comment\",\"target\":[\"https:\\\/\\\/www.univates.br\\\/blog\\\/vivencias-na-faculdade-motivam-estudante-a-empreender\\\/#respond\"]}]},{\"@type\":\"WebPage\",\"@id\":\"https:\\\/\\\/www.univates.br\\\/blog\\\/vivencias-na-faculdade-motivam-estudante-a-empreender\\\/\",\"url\":\"https:\\\/\\\/www.univates.br\\\/blog\\\/vivencias-na-faculdade-motivam-estudante-a-empreender\\\/\",\"name\":\"Viv\u00eancias em sala de aula motivam estudante a empreender - Univates Blog\",\"isPartOf\":{\"@id\":\"https:\\\/\\\/www.univates.br\\\/blog\\\/#website\"},\"primaryImageOfPage\":{\"@id\":\"https:\\\/\\\/www.univates.br\\\/blog\\\/vivencias-na-faculdade-motivam-estudante-a-empreender\\\/#primaryimage\"},\"image\":{\"@id\":\"https:\\\/\\\/www.univates.br\\\/blog\\\/vivencias-na-faculdade-motivam-estudante-a-empreender\\\/#primaryimage\"},\"thumbnailUrl\":\"https:\\\/\\\/www.univates.br\\\/blog\\\/\\\/wp-content\\\/uploads\\\/2022\\\/05\\\/AnaKafer_arquivopessoal.jpeg\",\"datePublished\":\"2022-05-30T14:44:53+00:00\",\"dateModified\":\"2023-12-20T12:15:55+00:00\",\"author\":{\"@id\":\"https:\\\/\\\/www.univates.br\\\/blog\\\/#\\\/schema\\\/person\\\/15c63917440cc5e70160c247b309af2f\"},\"description\":\"Entenda como a realiza\u00e7\u00e3o de um curso t\u00e9cnico pode te ajudar a empreender e se destacar no mercado de trabalho.\",\"breadcrumb\":{\"@id\":\"https:\\\/\\\/www.univates.br\\\/blog\\\/vivencias-na-faculdade-motivam-estudante-a-empreender\\\/#breadcrumb\"},\"inLanguage\":\"pt-BR\",\"potentialAction\":[{\"@type\":\"ReadAction\",\"target\":[\"https:\\\/\\\/www.univates.br\\\/blog\\\/vivencias-na-faculdade-motivam-estudante-a-empreender\\\/\"]}]},{\"@type\":\"ImageObject\",\"inLanguage\":\"pt-BR\",\"@id\":\"https:\\\/\\\/www.univates.br\\\/blog\\\/vivencias-na-faculdade-motivam-estudante-a-empreender\\\/#primaryimage\",\"url\":\"https:\\\/\\\/www.univates.br\\\/blog\\\/\\\/wp-content\\\/uploads\\\/2022\\\/05\\\/AnaKafer_arquivopessoal.jpeg\",\"contentUrl\":\"https:\\\/\\\/www.univates.br\\\/blog\\\/\\\/wp-content\\\/uploads\\\/2022\\\/05\\\/AnaKafer_arquivopessoal.jpeg\"},{\"@type\":\"BreadcrumbList\",\"@id\":\"https:\\\/\\\/www.univates.br\\\/blog\\\/vivencias-na-faculdade-motivam-estudante-a-empreender\\\/#breadcrumb\",\"itemListElement\":[{\"@type\":\"ListItem\",\"position\":1,\"name\":\"Home\",\"item\":\"https:\\\/\\\/www.univates.br\\\/blog\\\/\"},{\"@type\":\"ListItem\",\"position\":2,\"name\":\"Viv\u00eancias em sala de aula motivam estudante a empreender\"}]},{\"@type\":\"WebSite\",\"@id\":\"https:\\\/\\\/www.univates.br\\\/blog\\\/#website\",\"url\":\"https:\\\/\\\/www.univates.br\\\/blog\\\/\",\"name\":\"Univates Blog\",\"description\":\"\",\"potentialAction\":[{\"@type\":\"SearchAction\",\"target\":{\"@type\":\"EntryPoint\",\"urlTemplate\":\"https:\\\/\\\/www.univates.br\\\/blog\\\/?s={search_term_string}\"},\"query-input\":{\"@type\":\"PropertyValueSpecification\",\"valueRequired\":true,\"valueName\":\"search_term_string\"}}],\"inLanguage\":\"pt-BR\"},{\"@type\":\"Person\",\"@id\":\"https:\\\/\\\/www.univates.br\\\/blog\\\/#\\\/schema\\\/person\\\/15c63917440cc5e70160c247b309af2f\",\"name\":\"Marketing Univates\",\"image\":{\"@type\":\"ImageObject\",\"inLanguage\":\"pt-BR\",\"@id\":\"https:\\\/\\\/secure.gravatar.com\\\/avatar\\\/511f9e77a6a3d0cddd9074f69a722364bc7f787e73d4a0da1f727ba62704eda4?s=96&d=mm&r=g\",\"url\":\"https:\\\/\\\/secure.gravatar.com\\\/avatar\\\/511f9e77a6a3d0cddd9074f69a722364bc7f787e73d4a0da1f727ba62704eda4?s=96&d=mm&r=g\",\"contentUrl\":\"https:\\\/\\\/secure.gravatar.com\\\/avatar\\\/511f9e77a6a3d0cddd9074f69a722364bc7f787e73d4a0da1f727ba62704eda4?s=96&d=mm&r=g\",\"caption\":\"Marketing Univates\"},\"sameAs\":[\"http:\\\/\\\/univates.br\"],\"url\":\"https:\\\/\\\/www.univates.br\\\/blog\\\/author\\\/marketing\\\/\"}]}<\/script>\n<!-- \/ Yoast SEO plugin. -->","yoast_head_json":{"title":"Viv\u00eancias em sala de aula motivam estudante a empreender - Univates Blog","description":"Entenda como a realiza\u00e7\u00e3o de um curso t\u00e9cnico pode te ajudar a empreender e se destacar no mercado de trabalho.","robots":{"index":"index","follow":"follow","max-snippet":"max-snippet:-1","max-image-preview":"max-image-preview:large","max-video-preview":"max-video-preview:-1"},"canonical":"https:\/\/www.univates.br\/blog\/vivencias-na-faculdade-motivam-estudante-a-empreender\/","og_locale":"pt_BR","og_type":"article","og_title":"Viv\u00eancias em sala de aula motivam estudante a empreender - Univates Blog","og_description":"Entenda como a realiza\u00e7\u00e3o de um curso t\u00e9cnico pode te ajudar a empreender e se destacar no mercado de trabalho.","og_url":"https:\/\/www.univates.br\/blog\/vivencias-na-faculdade-motivam-estudante-a-empreender\/","og_site_name":"Univates Blog","article_published_time":"2022-05-30T14:44:53+00:00","article_modified_time":"2023-12-20T12:15:55+00:00","og_image":[{"url":"https:\/\/www.univates.br\/blog\/\/wp-content\/uploads\/2022\/05\/AnaKafer_arquivopessoal.jpeg","type":"","width":"","height":""}],"author":"Marketing Univates","twitter_card":"summary_large_image","twitter_misc":{"Escrito por":"Marketing Univates","Est. tempo de leitura":"2 minutos"},"schema":{"@context":"https:\/\/schema.org","@graph":[{"@type":"Article","@id":"https:\/\/www.univates.br\/blog\/vivencias-na-faculdade-motivam-estudante-a-empreender\/#article","isPartOf":{"@id":"https:\/\/www.univates.br\/blog\/vivencias-na-faculdade-motivam-estudante-a-empreender\/"},"author":{"name":"Marketing Univates","@id":"https:\/\/www.univates.br\/blog\/#\/schema\/person\/15c63917440cc5e70160c247b309af2f"},"headline":"Viv\u00eancias em sala de aula motivam estudante a empreender","datePublished":"2022-05-30T14:44:53+00:00","dateModified":"2023-12-20T12:15:55+00:00","mainEntityOfPage":{"@id":"https:\/\/www.univates.br\/blog\/vivencias-na-faculdade-motivam-estudante-a-empreender\/"},"wordCount":462,"commentCount":0,"image":{"@id":"https:\/\/www.univates.br\/blog\/vivencias-na-faculdade-motivam-estudante-a-empreender\/#primaryimage"},"thumbnailUrl":"https:\/\/www.univates.br\/blog\/\/wp-content\/uploads\/2022\/05\/AnaKafer_arquivopessoal.jpeg","articleSection":["Carreira","Univates"],"inLanguage":"pt-BR","potentialAction":[{"@type":"CommentAction","name":"Comment","target":["https:\/\/www.univates.br\/blog\/vivencias-na-faculdade-motivam-estudante-a-empreender\/#respond"]}]},{"@type":"WebPage","@id":"https:\/\/www.univates.br\/blog\/vivencias-na-faculdade-motivam-estudante-a-empreender\/","url":"https:\/\/www.univates.br\/blog\/vivencias-na-faculdade-motivam-estudante-a-empreender\/","name":"Viv\u00eancias em sala de aula motivam estudante a empreender - Univates Blog","isPartOf":{"@id":"https:\/\/www.univates.br\/blog\/#website"},"primaryImageOfPage":{"@id":"https:\/\/www.univates.br\/blog\/vivencias-na-faculdade-motivam-estudante-a-empreender\/#primaryimage"},"image":{"@id":"https:\/\/www.univates.br\/blog\/vivencias-na-faculdade-motivam-estudante-a-empreender\/#primaryimage"},"thumbnailUrl":"https:\/\/www.univates.br\/blog\/\/wp-content\/uploads\/2022\/05\/AnaKafer_arquivopessoal.jpeg","datePublished":"2022-05-30T14:44:53+00:00","dateModified":"2023-12-20T12:15:55+00:00","author":{"@id":"https:\/\/www.univates.br\/blog\/#\/schema\/person\/15c63917440cc5e70160c247b309af2f"},"description":"Entenda como a realiza\u00e7\u00e3o de um curso t\u00e9cnico pode te ajudar a empreender e se destacar no mercado de trabalho.","breadcrumb":{"@id":"https:\/\/www.univates.br\/blog\/vivencias-na-faculdade-motivam-estudante-a-empreender\/#breadcrumb"},"inLanguage":"pt-BR","potentialAction":[{"@type":"ReadAction","target":["https:\/\/www.univates.br\/blog\/vivencias-na-faculdade-motivam-estudante-a-empreender\/"]}]},{"@type":"ImageObject","inLanguage":"pt-BR","@id":"https:\/\/www.univates.br\/blog\/vivencias-na-faculdade-motivam-estudante-a-empreender\/#primaryimage","url":"https:\/\/www.univates.br\/blog\/\/wp-content\/uploads\/2022\/05\/AnaKafer_arquivopessoal.jpeg","contentUrl":"https:\/\/www.univates.br\/blog\/\/wp-content\/uploads\/2022\/05\/AnaKafer_arquivopessoal.jpeg"},{"@type":"BreadcrumbList","@id":"https:\/\/www.univates.br\/blog\/vivencias-na-faculdade-motivam-estudante-a-empreender\/#breadcrumb","itemListElement":[{"@type":"ListItem","position":1,"name":"Home","item":"https:\/\/www.univates.br\/blog\/"},{"@type":"ListItem","position":2,"name":"Viv\u00eancias em sala de aula motivam estudante a empreender"}]},{"@type":"WebSite","@id":"https:\/\/www.univates.br\/blog\/#website","url":"https:\/\/www.univates.br\/blog\/","name":"Univates Blog","description":"","potentialAction":[{"@type":"SearchAction","target":{"@type":"EntryPoint","urlTemplate":"https:\/\/www.univates.br\/blog\/?s={search_term_string}"},"query-input":{"@type":"PropertyValueSpecification","valueRequired":true,"valueName":"search_term_string"}}],"inLanguage":"pt-BR"},{"@type":"Person","@id":"https:\/\/www.univates.br\/blog\/#\/schema\/person\/15c63917440cc5e70160c247b309af2f","name":"Marketing Univates","image":{"@type":"ImageObject","inLanguage":"pt-BR","@id":"https:\/\/secure.gravatar.com\/avatar\/511f9e77a6a3d0cddd9074f69a722364bc7f787e73d4a0da1f727ba62704eda4?s=96&d=mm&r=g","url":"https:\/\/secure.gravatar.com\/avatar\/511f9e77a6a3d0cddd9074f69a722364bc7f787e73d4a0da1f727ba62704eda4?s=96&d=mm&r=g","contentUrl":"https:\/\/secure.gravatar.com\/avatar\/511f9e77a6a3d0cddd9074f69a722364bc7f787e73d4a0da1f727ba62704eda4?s=96&d=mm&r=g","caption":"Marketing Univates"},"sameAs":["http:\/\/univates.br"],"url":"https:\/\/www.univates.br\/blog\/author\/marketing\/"}]}},"_links":{"self":[{"href":"https:\/\/www.univates.br\/blog\/wp-json\/wp\/v2\/posts\/2227","targetHints":{"allow":["GET"]}}],"collection":[{"href":"https:\/\/www.univates.br\/blog\/wp-json\/wp\/v2\/posts"}],"about":[{"href":"https:\/\/www.univates.br\/blog\/wp-json\/wp\/v2\/types\/post"}],"author":[{"embeddable":true,"href":"https:\/\/www.univates.br\/blog\/wp-json\/wp\/v2\/users\/2"}],"replies":[{"embeddable":true,"href":"https:\/\/www.univates.br\/blog\/wp-json\/wp\/v2\/comments?post=2227"}],"version-history":[{"count":15,"href":"https:\/\/www.univates.br\/blog\/wp-json\/wp\/v2\/posts\/2227\/revisions"}],"predecessor-version":[{"id":4194,"href":"https:\/\/www.univates.br\/blog\/wp-json\/wp\/v2\/posts\/2227\/revisions\/4194"}],"wp:attachment":[{"href":"https:\/\/www.univates.br\/blog\/wp-json\/wp\/v2\/media?parent=2227"}],"wp:term":[{"taxonomy":"category","embeddable":true,"href":"https:\/\/www.univates.br\/blog\/wp-json\/wp\/v2\/categories?post=2227"}],"curies":[{"name":"wp","href":"https:\/\/api.w.org\/{rel}","templated":true}]}}