{"id":230,"date":"2022-04-29T11:48:20","date_gmt":"2022-04-29T14:48:20","guid":{"rendered":"https:\/\/desenvolvimento.bravo.st\/univatesblog\/?p=230"},"modified":"2024-01-18T13:42:39","modified_gmt":"2024-01-18T16:42:39","slug":"descubra-o-curso-que-mais-combina-com-voce-por-meio-do-seu-perfil-profissional","status":"publish","type":"post","link":"https:\/\/www.univates.br\/blog\/descubra-o-curso-que-mais-combina-com-voce-por-meio-do-seu-perfil-profissional\/","title":{"rendered":"Descubra o curso que mais combina com voc\u00ea por meio do seu perfil profissional"},"content":{"rendered":"\n<p>Para acertar na escolha do&nbsp;<strong>curso<\/strong>&nbsp;de gradua\u00e7\u00e3o que mais&nbsp;<strong>combina<\/strong>&nbsp;com voc\u00ea, \u00e9 fundamental entender suas habilidades. Tendo conhecimento sobre elas, fica f\u00e1cil tra\u00e7ar seu&nbsp;<strong>perfil profissional<\/strong>, que serve para, digamos assim, filtrar quais \u00e1reas do conhecimento s\u00e3o a sua cara e quais cursos contemplam essas \u00e1reas.&nbsp;<\/p>\n\n\n\n<p>Para descobrir tudo sobre seu&nbsp;<strong>perfil profissional<\/strong>, superindicamos a leitura deste&nbsp;<em>e-book<\/em>&nbsp;<a href=\"https:\/\/materiais.univates.br\/com-que-curso-eu-vou\">aqui<\/a>. Enquanto a oportunidade de conferi-lo com calma n\u00e3o chega, fique com um&nbsp;<em>spoiler<\/em>&nbsp;dos perfis e dos cursos correspondentes.&nbsp;<\/p>\n\n\n\n<figure class=\"wp-block-image size-full\"><img loading=\"lazy\" decoding=\"async\" width=\"5184\" height=\"3456\" src=\"https:\/\/www.univates.br\/blog\/\/wp-content\/uploads\/2023\/10\/2-1.jpg\" alt=\"\" class=\"wp-image-3785\"\/><figcaption class=\"wp-element-caption\">Foto: Nicole Mor\u00e1s<\/figcaption><\/figure>\n\n\n\n<div class=\"bloco-gutenberg\">\n\n    <a href=\"https:\/\/admission.worka.love\/chat\/univates?utm_source=Blog&#038;utm_content=Banner+do+blog&#038;link_identification=4000&#038;utm_medium=link\" target=\"_blank\" class=\"guten-material\" style=\"background-color: #ff5d4c; color: #0a0a0a;\">\n                    <img decoding=\"async\" src=\"https:\/\/www.univates.br\/blog\/wp-content\/uploads\/2022\/05\/Design-sem-nome-4.png\" loading=\"lazy\">\n                <div class=\"texto\">\n                            <span>Teste vocacional Gratuito!<\/span>\n                            <strong>Clique aqui e fa\u00e7a o teste de perfil<\/strong>\n                    <\/div>\n    <\/a>\n    <\/div>\n\n\n<h2 class=\"wp-block-heading\">1) \ud83c\udfa8 O Artes\u00e3o<\/h2>\n\n\n\n<p>Voc\u00ea gosta de estar sempre por dentro das novidades, \u00e9 criativo, din\u00e2mico e comunicativo? Ent\u00e3o voc\u00ea tem caracter\u00edsticas do Artes\u00e3o. Este&nbsp;<strong>perfil<\/strong>&nbsp;\u00e9 o de pessoas que apresentam grande capacidade de inovar, que t\u00eam destreza f\u00edsica, boa express\u00e3o corporal e acreditam que o trabalho deve ser tamb\u00e9m algo prazeroso. Quem \u00e9 mais chegado no racioc\u00ednio l\u00f3gico pode apostar em profiss\u00f5es que requeiram precis\u00e3o e acuidade. J\u00e1 quem \u00e9 mais voltado aos sentimentos e \u00e0 emo\u00e7\u00e3o pode se dar bem em carreiras relacionadas ao trato com pessoas.<\/p>\n\n\n\n<div class=\"wp-block-media-text alignwide is-stacked-on-mobile\" style=\"grid-template-columns:44% auto\"><figure class=\"wp-block-media-text__media\"><img loading=\"lazy\" decoding=\"async\" width=\"5184\" height=\"3456\" src=\"https:\/\/www.univates.br\/blog\/\/wp-content\/uploads\/2023\/10\/3-1.jpg\" alt=\"\" class=\"wp-image-3786 size-full\"\/><\/figure><div class=\"wp-block-media-text__content\">\n<p>Quais&nbsp;<strong>cursos<\/strong>&nbsp;mais&nbsp;<strong>combinam<\/strong>&nbsp;com o Artes\u00e3o? Educa\u00e7\u00e3o F\u00edsica (<a href=\"https:\/\/www.univates.br\/graduacao\/educacao-fisica-bacharelado\">bacharelado<\/a>&nbsp;e&nbsp;<a href=\"https:\/\/www.univates.br\/graduacao\/educacao-fisica-licenciatura\">licenciatura<\/a>),&nbsp;<a href=\"https:\/\/www.univates.br\/graduacao\/tecnologia-em-gastronomia\">Gastronomia<\/a>,&nbsp; <a href=\"https:\/\/www.univates.br\/graduacao\/publicidade-e-propaganda\">Publicidade e Propaganda<\/a>,&nbsp;<em><a href=\"https:\/\/www.univates.br\/graduacao\/design\">Design<\/a><\/em>&nbsp;e&nbsp;<a href=\"https:\/\/www.univates.br\/graduacao\/relacoes-internacionais\">Rela\u00e7\u00f5es Internacionais<\/a>.<\/p>\n\n\n\n<p><em>Foto: Elise Bozzetto<\/em><\/p>\n<\/div><\/div>\n\n\n\n<h2 class=\"wp-block-heading\">2) \ud83d\udcc8 O Guardi\u00e3o<\/h2>\n\n\n\n<figure class=\"wp-block-image size-full\"><img loading=\"lazy\" decoding=\"async\" width=\"5184\" height=\"3456\" src=\"https:\/\/www.univates.br\/blog\/\/wp-content\/uploads\/2023\/10\/4-1.jpg\" alt=\"\" class=\"wp-image-3787\"\/><figcaption class=\"wp-element-caption\">Foto: Tuane Eggers<\/figcaption><\/figure>\n\n\n\n<p>Voc\u00ea \u00e9 o respons\u00e1vel da turma, gosta de organiza\u00e7\u00e3o, de planejar e comandar as coisas? Pois esses s\u00e3o os atributos do Guardi\u00e3o. Este&nbsp;<strong>perfil<\/strong>&nbsp;\u00e9 o de pessoas muito comprometidas e que preferem lidar com fatos, quantidades e an\u00e1lises. Trabalham duro e t\u00eam um pezinho no mundo corporativo.<\/p>\n\n\n\n<h2 class=\"wp-block-heading\">3) \ud83e\udd14 O Intuitivo<\/h2>\n\n\n\n<div class=\"wp-block-media-text alignwide is-stacked-on-mobile is-vertically-aligned-center\"><figure class=\"wp-block-media-text__media\"><img loading=\"lazy\" decoding=\"async\" width=\"5184\" height=\"3456\" src=\"https:\/\/www.univates.br\/blog\/\/wp-content\/uploads\/2023\/10\/5-1.jpg\" alt=\"\" class=\"wp-image-3788 size-full\"\/><\/figure><div class=\"wp-block-media-text__content\">\n<p>Este \u00e9 o&nbsp;<strong>perfil<\/strong>&nbsp;das pessoas que gostam de lidar com pessoas. O Intuitivo \u00e9 entusiasmado e se interessa por quest\u00f5es humanas, al\u00e9m, claro, de ter uma grande intui\u00e7\u00e3o. Essas pessoas costumam gostar de ensinar e ajudar os outros a desenvolver o lado intelectual. S\u00e3o bons ouvintes e se preocupam com o pr\u00f3ximo, por isso costumam ser os conselheiros da turma. Al\u00e9m disso, gostam muito de artes e filosofia.<\/p>\n\n\n\n<p><em>Foto: Nicole Mor\u00e1s<\/em><\/p>\n<\/div><\/div>\n\n\n\n<p>Quais&nbsp;<strong>cursos<\/strong>&nbsp;mais&nbsp;<strong>combinam<\/strong>&nbsp;com o Intuitivo?&nbsp;<a href=\"https:\/\/www.univates.br\/graduacao\/enfermagem\">Enfermagem<\/a>,&nbsp;<a href=\"https:\/\/www.univates.br\/graduacao\/fisioterapia\">Fisioterapia<\/a>,&nbsp;<a href=\"https:\/\/www.univates.br\/graduacao\/ead-gestao-de-recursos-humanos\">Gest\u00e3o de Recursos Humanos<\/a>,&nbsp;<a href=\"https:\/\/www.univates.br\/graduacao\/ead-historia\">Hist\u00f3ria<\/a>,&nbsp;<a href=\"https:\/\/www.univates.br\/graduacao\/jornalismo\">Jornalismo<\/a>,&nbsp;<a href=\"https:\/\/www.univates.br\/graduacao\/letras\">Letras<\/a>,&nbsp;<a href=\"https:\/\/www.univates.br\/graduacao\/nutricao\">Nutri\u00e7\u00e3o<\/a>,&nbsp;<a href=\"https:\/\/www.univates.br\/graduacao\/pedagogia\">Pedagogia<\/a>,&nbsp;<a href=\"https:\/\/www.univates.br\/graduacao\/psicologia\">Psicologia<\/a>,&nbsp;<a href=\"https:\/\/www.univates.br\/graduacao\/medicina\">Medicina<\/a>,&nbsp;<a href=\"https:\/\/www.univates.br\/graduacao\/odontologia\">Odontologia<\/a>&nbsp;e&nbsp;<a href=\"https:\/\/www.univates.br\/graduacao\/biomedicina\">Biomedicina<\/a>.<\/p>\n\n\n\n<h2 class=\"wp-block-heading\">4) \ud83e\udde0 O Racional<\/h2>\n\n\n\n<p>Assim como o Intuitivo, as pessoas do&nbsp;<strong>perfil<\/strong>&nbsp;Racional tamb\u00e9m t\u00eam a intui\u00e7\u00e3o como uma das suas principais caracter\u00edsticas. Por\u00e9m, preferem lidar com atividades mais t\u00e9cnicas do que com outras pessoas. Quem se encaixa no&nbsp;<strong>perfil<\/strong>&nbsp;do Racional \u00e9 curioso, gosta de descobrir coisas e se interessa por ci\u00eancia e tecnologia. S\u00e3o pessoas com grande capacidade para identificar problemas concretos e facilidade para resolv\u00ea-los.<\/p>\n\n\n\n<figure class=\"wp-block-image size-full\"><img loading=\"lazy\" decoding=\"async\" width=\"5184\" height=\"3456\" src=\"https:\/\/www.univates.br\/blog\/\/wp-content\/uploads\/2023\/10\/6.jpg\" alt=\"\" class=\"wp-image-3789\"\/><figcaption class=\"wp-element-caption\">Foto: Divulga\u00e7\u00e3o<\/figcaption><\/figure>\n\n\n\n<p>Quais&nbsp;<strong>cursos<\/strong>&nbsp;mais&nbsp;<strong>combinam<\/strong>&nbsp;com o Racional?&nbsp;<a href=\"https:\/\/www.univates.br\/graduacao\/analise-e-desenvolvimento-de-sistemas\">An\u00e1lise de Sistemas<\/a>,&nbsp;<a href=\"https:\/\/www.univates.br\/graduacao\/arquitetura-e-urbanismo\">Arquitetura e Urbanismo<\/a>, Ci\u00eancias Biol\u00f3gicas (<a href=\"https:\/\/www.univates.br\/graduacao\/ead-ciencias-biologicas\">licenciatura<\/a>),&nbsp;<a href=\"https:\/\/www.univates.br\/graduacao\/ciencias-contabeis\">Ci\u00eancias Cont\u00e1beis<\/a>,&nbsp;<a href=\"https:\/\/www.univates.br\/graduacao\/engenharia-da-computacao\">Engenharia da Computa\u00e7\u00e3o<\/a>,&nbsp;<a href=\"https:\/\/www.univates.br\/graduacao\/engenharia-de-software\">Engenharia de&nbsp;<em>Software<\/em><\/a>,&nbsp;<a href=\"https:\/\/www.univates.br\/graduacao\/engenharia-eletrica\">Engenharia El\u00e9trica<\/a>,&nbsp;<a href=\"https:\/\/www.univates.br\/graduacao\/engenharia-quimica\">Engenharia Qu\u00edmica<\/a>,&nbsp;<a href=\"https:\/\/www.univates.br\/graduacao\/tecnologia-em-estetica-e-cosmetica\">Est\u00e9tica e Cosm\u00e9tica<\/a>,&nbsp;<a href=\"https:\/\/www.univates.br\/graduacao\/farmacia\">Farm\u00e1cia<\/a>&nbsp;e&nbsp;<a href=\"https:\/\/www.univates.br\/graduacao\/ead-gestao-da-tecnologia-da-informacao\">Gest\u00e3o da Tecnologia da Informa\u00e7\u00e3o<\/a>.<\/p>\n","protected":false},"excerpt":{"rendered":"<p>Para acertar na escolha do&nbsp;curso&nbsp;de gradua\u00e7\u00e3o que mais&nbsp;combina&nbsp;com voc\u00ea, \u00e9 fundamental entender suas habilidades. Tendo conhecimento sobre elas, fica f\u00e1cil tra\u00e7ar seu&nbsp;perfil profissional, que serve para, digamos assim, filtrar quais \u00e1reas do conhecimento s\u00e3o a sua cara e quais cursos\u2026<\/p>\n","protected":false},"author":2,"featured_media":0,"comment_status":"open","ping_status":"open","sticky":false,"template":"","format":"standard","meta":{"_acf_changed":false,"footnotes":""},"categories":[23],"class_list":["post-230","post","type-post","status-publish","format-standard","hentry","category-estudos"],"acf":[],"yoast_head":"<!-- This site is optimized with the Yoast SEO plugin v27.3 - https:\/\/yoast.com\/product\/yoast-seo-wordpress\/ -->\n<title>Descubra o curso que mais combina com voc\u00ea por meio do seu perfil profissional - Univates Blog<\/title>\n<meta name=\"robots\" content=\"index, follow, max-snippet:-1, max-image-preview:large, max-video-preview:-1\" \/>\n<link rel=\"canonical\" href=\"https:\/\/www.univates.br\/blog\/descubra-o-curso-que-mais-combina-com-voce-por-meio-do-seu-perfil-profissional\/\" \/>\n<meta property=\"og:locale\" content=\"pt_BR\" \/>\n<meta property=\"og:type\" content=\"article\" \/>\n<meta property=\"og:title\" content=\"Descubra o curso que mais combina com voc\u00ea por meio do seu perfil profissional - Univates Blog\" \/>\n<meta property=\"og:description\" content=\"Para acertar na escolha do&nbsp;curso&nbsp;de gradua\u00e7\u00e3o que mais&nbsp;combina&nbsp;com voc\u00ea, \u00e9 fundamental entender suas habilidades. Tendo conhecimento sobre elas, fica f\u00e1cil tra\u00e7ar seu&nbsp;perfil profissional, que serve para, digamos assim, filtrar quais \u00e1reas do conhecimento s\u00e3o a sua cara e quais cursos\u2026\" \/>\n<meta property=\"og:url\" content=\"https:\/\/www.univates.br\/blog\/descubra-o-curso-que-mais-combina-com-voce-por-meio-do-seu-perfil-profissional\/\" \/>\n<meta property=\"og:site_name\" content=\"Univates Blog\" \/>\n<meta property=\"article:published_time\" content=\"2022-04-29T14:48:20+00:00\" \/>\n<meta property=\"article:modified_time\" content=\"2024-01-18T16:42:39+00:00\" \/>\n<meta property=\"og:image\" content=\"https:\/\/www.univates.br\/blog\/\/wp-content\/uploads\/2023\/10\/2-1.jpg\" \/>\n<meta name=\"author\" content=\"Marketing Univates\" \/>\n<meta name=\"twitter:card\" content=\"summary_large_image\" \/>\n<meta name=\"twitter:label1\" content=\"Escrito por\" \/>\n\t<meta name=\"twitter:data1\" content=\"Marketing Univates\" \/>\n\t<meta name=\"twitter:label2\" content=\"Est. tempo de leitura\" \/>\n\t<meta name=\"twitter:data2\" content=\"4 minutos\" \/>\n<script type=\"application\/ld+json\" class=\"yoast-schema-graph\">{\"@context\":\"https:\\\/\\\/schema.org\",\"@graph\":[{\"@type\":\"Article\",\"@id\":\"https:\\\/\\\/www.univates.br\\\/blog\\\/descubra-o-curso-que-mais-combina-com-voce-por-meio-do-seu-perfil-profissional\\\/#article\",\"isPartOf\":{\"@id\":\"https:\\\/\\\/www.univates.br\\\/blog\\\/descubra-o-curso-que-mais-combina-com-voce-por-meio-do-seu-perfil-profissional\\\/\"},\"author\":{\"name\":\"Marketing Univates\",\"@id\":\"https:\\\/\\\/www.univates.br\\\/blog\\\/#\\\/schema\\\/person\\\/15c63917440cc5e70160c247b309af2f\"},\"headline\":\"Descubra o curso que mais combina com voc\u00ea por meio do seu perfil profissional\",\"datePublished\":\"2022-04-29T14:48:20+00:00\",\"dateModified\":\"2024-01-18T16:42:39+00:00\",\"mainEntityOfPage\":{\"@id\":\"https:\\\/\\\/www.univates.br\\\/blog\\\/descubra-o-curso-que-mais-combina-com-voce-por-meio-do-seu-perfil-profissional\\\/\"},\"wordCount\":583,\"commentCount\":0,\"image\":{\"@id\":\"https:\\\/\\\/www.univates.br\\\/blog\\\/descubra-o-curso-que-mais-combina-com-voce-por-meio-do-seu-perfil-profissional\\\/#primaryimage\"},\"thumbnailUrl\":\"https:\\\/\\\/www.univates.br\\\/blog\\\/\\\/wp-content\\\/uploads\\\/2023\\\/10\\\/2-1.jpg\",\"articleSection\":[\"Estudos\"],\"inLanguage\":\"pt-BR\",\"potentialAction\":[{\"@type\":\"CommentAction\",\"name\":\"Comment\",\"target\":[\"https:\\\/\\\/www.univates.br\\\/blog\\\/descubra-o-curso-que-mais-combina-com-voce-por-meio-do-seu-perfil-profissional\\\/#respond\"]}]},{\"@type\":\"WebPage\",\"@id\":\"https:\\\/\\\/www.univates.br\\\/blog\\\/descubra-o-curso-que-mais-combina-com-voce-por-meio-do-seu-perfil-profissional\\\/\",\"url\":\"https:\\\/\\\/www.univates.br\\\/blog\\\/descubra-o-curso-que-mais-combina-com-voce-por-meio-do-seu-perfil-profissional\\\/\",\"name\":\"Descubra o curso que mais combina com voc\u00ea por meio do seu perfil profissional - Univates Blog\",\"isPartOf\":{\"@id\":\"https:\\\/\\\/www.univates.br\\\/blog\\\/#website\"},\"primaryImageOfPage\":{\"@id\":\"https:\\\/\\\/www.univates.br\\\/blog\\\/descubra-o-curso-que-mais-combina-com-voce-por-meio-do-seu-perfil-profissional\\\/#primaryimage\"},\"image\":{\"@id\":\"https:\\\/\\\/www.univates.br\\\/blog\\\/descubra-o-curso-que-mais-combina-com-voce-por-meio-do-seu-perfil-profissional\\\/#primaryimage\"},\"thumbnailUrl\":\"https:\\\/\\\/www.univates.br\\\/blog\\\/\\\/wp-content\\\/uploads\\\/2023\\\/10\\\/2-1.jpg\",\"datePublished\":\"2022-04-29T14:48:20+00:00\",\"dateModified\":\"2024-01-18T16:42:39+00:00\",\"author\":{\"@id\":\"https:\\\/\\\/www.univates.br\\\/blog\\\/#\\\/schema\\\/person\\\/15c63917440cc5e70160c247b309af2f\"},\"breadcrumb\":{\"@id\":\"https:\\\/\\\/www.univates.br\\\/blog\\\/descubra-o-curso-que-mais-combina-com-voce-por-meio-do-seu-perfil-profissional\\\/#breadcrumb\"},\"inLanguage\":\"pt-BR\",\"potentialAction\":[{\"@type\":\"ReadAction\",\"target\":[\"https:\\\/\\\/www.univates.br\\\/blog\\\/descubra-o-curso-que-mais-combina-com-voce-por-meio-do-seu-perfil-profissional\\\/\"]}]},{\"@type\":\"ImageObject\",\"inLanguage\":\"pt-BR\",\"@id\":\"https:\\\/\\\/www.univates.br\\\/blog\\\/descubra-o-curso-que-mais-combina-com-voce-por-meio-do-seu-perfil-profissional\\\/#primaryimage\",\"url\":\"https:\\\/\\\/www.univates.br\\\/blog\\\/\\\/wp-content\\\/uploads\\\/2023\\\/10\\\/2-1.jpg\",\"contentUrl\":\"https:\\\/\\\/www.univates.br\\\/blog\\\/\\\/wp-content\\\/uploads\\\/2023\\\/10\\\/2-1.jpg\"},{\"@type\":\"BreadcrumbList\",\"@id\":\"https:\\\/\\\/www.univates.br\\\/blog\\\/descubra-o-curso-que-mais-combina-com-voce-por-meio-do-seu-perfil-profissional\\\/#breadcrumb\",\"itemListElement\":[{\"@type\":\"ListItem\",\"position\":1,\"name\":\"Home\",\"item\":\"https:\\\/\\\/www.univates.br\\\/blog\\\/\"},{\"@type\":\"ListItem\",\"position\":2,\"name\":\"Descubra o curso que mais combina com voc\u00ea por meio do seu perfil profissional\"}]},{\"@type\":\"WebSite\",\"@id\":\"https:\\\/\\\/www.univates.br\\\/blog\\\/#website\",\"url\":\"https:\\\/\\\/www.univates.br\\\/blog\\\/\",\"name\":\"Univates Blog\",\"description\":\"\",\"potentialAction\":[{\"@type\":\"SearchAction\",\"target\":{\"@type\":\"EntryPoint\",\"urlTemplate\":\"https:\\\/\\\/www.univates.br\\\/blog\\\/?s={search_term_string}\"},\"query-input\":{\"@type\":\"PropertyValueSpecification\",\"valueRequired\":true,\"valueName\":\"search_term_string\"}}],\"inLanguage\":\"pt-BR\"},{\"@type\":\"Person\",\"@id\":\"https:\\\/\\\/www.univates.br\\\/blog\\\/#\\\/schema\\\/person\\\/15c63917440cc5e70160c247b309af2f\",\"name\":\"Marketing Univates\",\"image\":{\"@type\":\"ImageObject\",\"inLanguage\":\"pt-BR\",\"@id\":\"https:\\\/\\\/secure.gravatar.com\\\/avatar\\\/511f9e77a6a3d0cddd9074f69a722364bc7f787e73d4a0da1f727ba62704eda4?s=96&d=mm&r=g\",\"url\":\"https:\\\/\\\/secure.gravatar.com\\\/avatar\\\/511f9e77a6a3d0cddd9074f69a722364bc7f787e73d4a0da1f727ba62704eda4?s=96&d=mm&r=g\",\"contentUrl\":\"https:\\\/\\\/secure.gravatar.com\\\/avatar\\\/511f9e77a6a3d0cddd9074f69a722364bc7f787e73d4a0da1f727ba62704eda4?s=96&d=mm&r=g\",\"caption\":\"Marketing Univates\"},\"sameAs\":[\"http:\\\/\\\/univates.br\"],\"url\":\"https:\\\/\\\/www.univates.br\\\/blog\\\/author\\\/marketing\\\/\"}]}<\/script>\n<!-- \/ Yoast SEO plugin. -->","yoast_head_json":{"title":"Descubra o curso que mais combina com voc\u00ea por meio do seu perfil profissional - Univates Blog","robots":{"index":"index","follow":"follow","max-snippet":"max-snippet:-1","max-image-preview":"max-image-preview:large","max-video-preview":"max-video-preview:-1"},"canonical":"https:\/\/www.univates.br\/blog\/descubra-o-curso-que-mais-combina-com-voce-por-meio-do-seu-perfil-profissional\/","og_locale":"pt_BR","og_type":"article","og_title":"Descubra o curso que mais combina com voc\u00ea por meio do seu perfil profissional - Univates Blog","og_description":"Para acertar na escolha do&nbsp;curso&nbsp;de gradua\u00e7\u00e3o que mais&nbsp;combina&nbsp;com voc\u00ea, \u00e9 fundamental entender suas habilidades. Tendo conhecimento sobre elas, fica f\u00e1cil tra\u00e7ar seu&nbsp;perfil profissional, que serve para, digamos assim, filtrar quais \u00e1reas do conhecimento s\u00e3o a sua cara e quais cursos\u2026","og_url":"https:\/\/www.univates.br\/blog\/descubra-o-curso-que-mais-combina-com-voce-por-meio-do-seu-perfil-profissional\/","og_site_name":"Univates Blog","article_published_time":"2022-04-29T14:48:20+00:00","article_modified_time":"2024-01-18T16:42:39+00:00","og_image":[{"url":"https:\/\/www.univates.br\/blog\/\/wp-content\/uploads\/2023\/10\/2-1.jpg","type":"","width":"","height":""}],"author":"Marketing Univates","twitter_card":"summary_large_image","twitter_misc":{"Escrito por":"Marketing Univates","Est. tempo de leitura":"4 minutos"},"schema":{"@context":"https:\/\/schema.org","@graph":[{"@type":"Article","@id":"https:\/\/www.univates.br\/blog\/descubra-o-curso-que-mais-combina-com-voce-por-meio-do-seu-perfil-profissional\/#article","isPartOf":{"@id":"https:\/\/www.univates.br\/blog\/descubra-o-curso-que-mais-combina-com-voce-por-meio-do-seu-perfil-profissional\/"},"author":{"name":"Marketing Univates","@id":"https:\/\/www.univates.br\/blog\/#\/schema\/person\/15c63917440cc5e70160c247b309af2f"},"headline":"Descubra o curso que mais combina com voc\u00ea por meio do seu perfil profissional","datePublished":"2022-04-29T14:48:20+00:00","dateModified":"2024-01-18T16:42:39+00:00","mainEntityOfPage":{"@id":"https:\/\/www.univates.br\/blog\/descubra-o-curso-que-mais-combina-com-voce-por-meio-do-seu-perfil-profissional\/"},"wordCount":583,"commentCount":0,"image":{"@id":"https:\/\/www.univates.br\/blog\/descubra-o-curso-que-mais-combina-com-voce-por-meio-do-seu-perfil-profissional\/#primaryimage"},"thumbnailUrl":"https:\/\/www.univates.br\/blog\/\/wp-content\/uploads\/2023\/10\/2-1.jpg","articleSection":["Estudos"],"inLanguage":"pt-BR","potentialAction":[{"@type":"CommentAction","name":"Comment","target":["https:\/\/www.univates.br\/blog\/descubra-o-curso-que-mais-combina-com-voce-por-meio-do-seu-perfil-profissional\/#respond"]}]},{"@type":"WebPage","@id":"https:\/\/www.univates.br\/blog\/descubra-o-curso-que-mais-combina-com-voce-por-meio-do-seu-perfil-profissional\/","url":"https:\/\/www.univates.br\/blog\/descubra-o-curso-que-mais-combina-com-voce-por-meio-do-seu-perfil-profissional\/","name":"Descubra o curso que mais combina com voc\u00ea por meio do seu perfil profissional - Univates Blog","isPartOf":{"@id":"https:\/\/www.univates.br\/blog\/#website"},"primaryImageOfPage":{"@id":"https:\/\/www.univates.br\/blog\/descubra-o-curso-que-mais-combina-com-voce-por-meio-do-seu-perfil-profissional\/#primaryimage"},"image":{"@id":"https:\/\/www.univates.br\/blog\/descubra-o-curso-que-mais-combina-com-voce-por-meio-do-seu-perfil-profissional\/#primaryimage"},"thumbnailUrl":"https:\/\/www.univates.br\/blog\/\/wp-content\/uploads\/2023\/10\/2-1.jpg","datePublished":"2022-04-29T14:48:20+00:00","dateModified":"2024-01-18T16:42:39+00:00","author":{"@id":"https:\/\/www.univates.br\/blog\/#\/schema\/person\/15c63917440cc5e70160c247b309af2f"},"breadcrumb":{"@id":"https:\/\/www.univates.br\/blog\/descubra-o-curso-que-mais-combina-com-voce-por-meio-do-seu-perfil-profissional\/#breadcrumb"},"inLanguage":"pt-BR","potentialAction":[{"@type":"ReadAction","target":["https:\/\/www.univates.br\/blog\/descubra-o-curso-que-mais-combina-com-voce-por-meio-do-seu-perfil-profissional\/"]}]},{"@type":"ImageObject","inLanguage":"pt-BR","@id":"https:\/\/www.univates.br\/blog\/descubra-o-curso-que-mais-combina-com-voce-por-meio-do-seu-perfil-profissional\/#primaryimage","url":"https:\/\/www.univates.br\/blog\/\/wp-content\/uploads\/2023\/10\/2-1.jpg","contentUrl":"https:\/\/www.univates.br\/blog\/\/wp-content\/uploads\/2023\/10\/2-1.jpg"},{"@type":"BreadcrumbList","@id":"https:\/\/www.univates.br\/blog\/descubra-o-curso-que-mais-combina-com-voce-por-meio-do-seu-perfil-profissional\/#breadcrumb","itemListElement":[{"@type":"ListItem","position":1,"name":"Home","item":"https:\/\/www.univates.br\/blog\/"},{"@type":"ListItem","position":2,"name":"Descubra o curso que mais combina com voc\u00ea por meio do seu perfil profissional"}]},{"@type":"WebSite","@id":"https:\/\/www.univates.br\/blog\/#website","url":"https:\/\/www.univates.br\/blog\/","name":"Univates Blog","description":"","potentialAction":[{"@type":"SearchAction","target":{"@type":"EntryPoint","urlTemplate":"https:\/\/www.univates.br\/blog\/?s={search_term_string}"},"query-input":{"@type":"PropertyValueSpecification","valueRequired":true,"valueName":"search_term_string"}}],"inLanguage":"pt-BR"},{"@type":"Person","@id":"https:\/\/www.univates.br\/blog\/#\/schema\/person\/15c63917440cc5e70160c247b309af2f","name":"Marketing Univates","image":{"@type":"ImageObject","inLanguage":"pt-BR","@id":"https:\/\/secure.gravatar.com\/avatar\/511f9e77a6a3d0cddd9074f69a722364bc7f787e73d4a0da1f727ba62704eda4?s=96&d=mm&r=g","url":"https:\/\/secure.gravatar.com\/avatar\/511f9e77a6a3d0cddd9074f69a722364bc7f787e73d4a0da1f727ba62704eda4?s=96&d=mm&r=g","contentUrl":"https:\/\/secure.gravatar.com\/avatar\/511f9e77a6a3d0cddd9074f69a722364bc7f787e73d4a0da1f727ba62704eda4?s=96&d=mm&r=g","caption":"Marketing Univates"},"sameAs":["http:\/\/univates.br"],"url":"https:\/\/www.univates.br\/blog\/author\/marketing\/"}]}},"_links":{"self":[{"href":"https:\/\/www.univates.br\/blog\/wp-json\/wp\/v2\/posts\/230","targetHints":{"allow":["GET"]}}],"collection":[{"href":"https:\/\/www.univates.br\/blog\/wp-json\/wp\/v2\/posts"}],"about":[{"href":"https:\/\/www.univates.br\/blog\/wp-json\/wp\/v2\/types\/post"}],"author":[{"embeddable":true,"href":"https:\/\/www.univates.br\/blog\/wp-json\/wp\/v2\/users\/2"}],"replies":[{"embeddable":true,"href":"https:\/\/www.univates.br\/blog\/wp-json\/wp\/v2\/comments?post=230"}],"version-history":[{"count":28,"href":"https:\/\/www.univates.br\/blog\/wp-json\/wp\/v2\/posts\/230\/revisions"}],"predecessor-version":[{"id":5165,"href":"https:\/\/www.univates.br\/blog\/wp-json\/wp\/v2\/posts\/230\/revisions\/5165"}],"wp:attachment":[{"href":"https:\/\/www.univates.br\/blog\/wp-json\/wp\/v2\/media?parent=230"}],"wp:term":[{"taxonomy":"category","embeddable":true,"href":"https:\/\/www.univates.br\/blog\/wp-json\/wp\/v2\/categories?post=230"}],"curies":[{"name":"wp","href":"https:\/\/api.w.org\/{rel}","templated":true}]}}