{"id":2316,"date":"2022-06-14T17:09:09","date_gmt":"2022-06-14T20:09:09","guid":{"rendered":"https:\/\/www.univates.br\/blog\/\/?p=2316"},"modified":"2024-01-18T13:52:05","modified_gmt":"2024-01-18T16:52:05","slug":"5-dicas-pra-voce-parar-de-procrastinar","status":"publish","type":"post","link":"https:\/\/www.univates.br\/blog\/5-dicas-pra-voce-parar-de-procrastinar\/","title":{"rendered":"5 Dicas Pra Voc\u00ea Parar De Procrastinar"},"content":{"rendered":"\n<p>Voc\u00ea \u00e9 daquelas pessoas que deixam as tarefas para a\u00a0<strong>\u00faltima hora<\/strong>, sempre\u00a0<strong>atrasando<\/strong>\u00a0as atividades,\u00a0<strong>n\u00e3o as fazendo<\/strong>\u00a0ou fazendo mas com\u00a0<strong>qualidade duvid\u00e1vel<\/strong>? Se sim, voc\u00ea est\u00e1 sofrendo do mal da\u00a0\ud83d\udc7b<strong>procrastina\u00e7\u00e3o\ud83d\udc7b<\/strong><\/p>\n\n\n\n<p>E para te ajudar a combater esse problema t\u00e3o comum hoje em dia, separamos&nbsp;<strong>5&nbsp;dicas<\/strong>&nbsp;de como parar de&nbsp;<strong>procrastinar<\/strong>. Segue o fio! \ud83e\uddf5<\/p>\n\n\n\n<div class=\"wp-block-media-text alignwide has-media-on-the-right is-stacked-on-mobile\" style=\"grid-template-columns:auto 44%\"><figure class=\"wp-block-media-text__media\"><img loading=\"lazy\" decoding=\"async\" width=\"1920\" height=\"1080\" src=\"https:\/\/www.univates.br\/blog\/\/wp-content\/uploads\/2022\/06\/pomodoro.jpg\" alt=\"\" class=\"wp-image-2381 size-full\"\/><\/figure><div class=\"wp-block-media-text__content\">\n<h2 class=\"wp-block-heading\"><strong>Dica n\u00ba1:&nbsp;T\u00e9cnica Pomodoro<\/strong><\/h2>\n\n\n\n<p>A <strong>t\u00e9cnica Pomodoro<\/strong> \u00e9 uma ferramenta de gest\u00e3o de tempo que pode servir para estudos ou trabalho.<\/p>\n\n\n\n<p>O m\u00e9todo tem a dura\u00e7\u00e3o de <strong>2 horas<\/strong>, divididas em per\u00edodos de <strong>30 minutos<\/strong> &#8211; subdivididos em <strong>25 minutos<\/strong> realizando atividades e <strong>5 minutos<\/strong> de descanso.<\/p>\n\n\n\n<p>Ap\u00f3s essas duas horas, sugere-se que fa\u00e7a um intervalo de <strong>30 minutos<\/strong>.<\/p>\n<\/div><\/div>\n\n\n\n<p>Nos intervalos, \u00e9 importante realmente <strong>descansar<\/strong> e n\u00e3o fazer nada que exija esfor\u00e7o mental, sen\u00e3o sua mente n\u00e3o ir\u00e1 organizar o que aprendeu da maneira adequada e seu <strong>rendimento<\/strong> ir\u00e1 decair. Durante o intervalo, voc\u00ea pode aproveitar para comer\/beber algo, dar uma caminhada, alongar, ver televis\u00e3o, ou o que achar melhor para relaxar.<\/p>\n\n\n\n<h2 class=\"wp-block-heading\"><strong>Dica n\u00ba2:\u00a0Lista de tarefas<\/strong><\/h2>\n\n\n\n<p>Elabore uma lista com&nbsp;<strong>pequenas tarefas do dia a dia<\/strong>, mesmo aquelas que voc\u00ea iria fazer de qualquer maneira, como&nbsp;<strong>tomar banho<\/strong>,&nbsp;<strong>carregar o celular<\/strong>,&nbsp;<strong>lavar a lou\u00e7a<\/strong>&nbsp;e assim por diante.<\/p>\n\n\n\n<p>Portanto, ao riscar esses itens da lista, voc\u00ea se sente\u00a0<strong>mais produtivo e animado<\/strong>\u00a0para seguir com as outras tarefas.<\/p>\n\n\n\n<div class=\"wp-block-media-text alignwide is-stacked-on-mobile\"><figure class=\"wp-block-media-text__media\"><img loading=\"lazy\" decoding=\"async\" width=\"5811\" height=\"3874\" src=\"https:\/\/www.univates.br\/blog\/\/wp-content\/uploads\/2022\/06\/pexels-mart-production-7550581-1-min.jpg\" alt=\"\" class=\"wp-image-2382 size-full\"\/><\/figure><div class=\"wp-block-media-text__content\">\n<h2 class=\"wp-block-heading\"><strong>Dica n\u00ba3:&nbsp;Fazer (<em>e cumprir<\/em>) cronogramas<\/strong><\/h2>\n\n\n\n<p>Muitas vezes, n\u00e3o definimos um cronograma de tarefas e vamos realizando elas aleatoriamente sem um planejamento, o que&nbsp;<strong>eleva<\/strong>&nbsp;nossa&nbsp;<strong>procrastina\u00e7\u00e3o<\/strong>.<\/p>\n\n\n\n<p>Mas montando um\u00a0<strong>cronograma<\/strong>, definimos prazos e hor\u00e1rios para realizar nossas atividades, fazendo com que levemos mais a s\u00e9rio a execu\u00e7\u00e3o dessas tarefas.<\/p>\n\n\n\n<p>Baixar <strong>aplicativos <\/strong>de organiza\u00e7\u00e3o podem ajudar muito. <a href=\"https:\/\/www.univates.br\/blog\/\/15-aplicativos-que-vao-te-ajudar-na-hora-de-estudar\/\">Confira nossas sugest\u00f5es de apps para estudos<\/a>.<\/p>\n<\/div><\/div>\n\n\n\n<div class=\"wp-block-media-text alignwide has-media-on-the-right is-stacked-on-mobile\"><figure class=\"wp-block-media-text__media\"><img loading=\"lazy\" decoding=\"async\" width=\"450\" height=\"292\" src=\"https:\/\/www.univates.br\/blog\/\/wp-content\/uploads\/2022\/06\/Definicao-de-prioridades-e-a-palavra-de.jpg\" alt=\"\" class=\"wp-image-2319 size-full\"\/><\/figure><div class=\"wp-block-media-text__content\">\n<h2 class=\"wp-block-heading\"><strong>Dica n\u00ba4:&nbsp;Definir prioridades<\/strong><\/h2>\n\n\n\n<p>Normalmente, vamos ficando cansados ao longo do dia e isso faz com que nossa\u00a0<strong>produtividade<\/strong>\u00a0baixe com o tempo e a\u00a0<strong>tend\u00eancia de procrastina\u00e7\u00e3o aumenta<\/strong>.<\/p>\n\n\n\n<p>Por isso, \u00e9 aconselhado que voc\u00ea elenque as tarefas&nbsp;<strong>mais importantes<\/strong>&nbsp;e as fa\u00e7a no&nbsp;<strong>in\u00edcio do dia<\/strong>, diminuindo as chances de fazer&nbsp;<strong>mal feito<\/strong>&nbsp;ou&nbsp;<strong>nem fazer<\/strong>.<\/p>\n<\/div><\/div>\n\n\n\n<h2 class=\"wp-block-heading\">Dica n\u00ba5:\u00a0N\u00e3o se repreenda por procrastinar<\/h2>\n\n\n\n<p>Ao se reprimir por procrastinar, voc\u00ea acaba&nbsp;<strong>desanimando<\/strong>&nbsp;e isso evita que melhoras sejam feitas.<\/p>\n\n\n\n<p>Por isso, \u00e9 preciso que voc\u00ea\u00a0<strong>se perdoe<\/strong>\u00a0por ter procrastinado e entenda o que fez de errado para\u00a0<strong>n\u00e3o repetir<\/strong>\u00a0nos dias seguintes.<\/p>\n\n\n\n<p><\/p>\n\n\n\n<p><strong><mark style=\"background-color:rgba(0, 0, 0, 0)\" class=\"has-inline-color has-black-color\">E a\u00ed, bora colocar as dicas em pr\u00e1tica? <\/mark><\/strong><\/p>\n\n\n\n<p><strong><mark style=\"background-color:rgba(0, 0, 0, 0)\" class=\"has-inline-color has-black-color\">Agora n\u00e3o tem mais desculpa para adiar suas tarefas, hein!<\/mark><\/strong> \ud83e\uddd0<\/p>\n\n\n\n<p><\/p>\n\n\n\n<div class=\"bloco-gutenberg\">\n\n    <a href=\"https:\/\/materiais.univates.br\/saiba-qual-profissao-e-a-sua-cara\" target=\"_blank\" class=\"guten-material\" style=\"background-color: #ff5d4a; color: #0a0a0a;\">\n                    <img decoding=\"async\" src=\"https:\/\/www.univates.br\/blog\/wp-content\/uploads\/2022\/05\/Design-sem-nome-4.png\" loading=\"lazy\">\n                <div class=\"texto\">\n                            <span>Saiba qual profiss\u00e3o \u00e9 a sua cara<\/span>\n                            <strong>Baixar e-book<\/strong>\n                    <\/div>\n    <\/a>\n    <\/div>","protected":false},"excerpt":{"rendered":"<p>Voc\u00ea \u00e9 daquelas pessoas que deixam as tarefas para a\u00a0\u00faltima hora, sempre\u00a0atrasando\u00a0as atividades,\u00a0n\u00e3o as fazendo\u00a0ou fazendo mas com\u00a0qualidade duvid\u00e1vel? Se sim, voc\u00ea est\u00e1 sofrendo do mal da\u00a0\ud83d\udc7bprocrastina\u00e7\u00e3o\ud83d\udc7b E para te ajudar a combater esse problema t\u00e3o comum hoje em dia,\u2026<\/p>\n","protected":false},"author":2,"featured_media":0,"comment_status":"open","ping_status":"open","sticky":false,"template":"","format":"standard","meta":{"_acf_changed":false,"footnotes":""},"categories":[23,67],"class_list":["post-2316","post","type-post","status-publish","format-standard","hentry","category-estudos","category-explore","autor-gabriel-siqueira"],"acf":[],"yoast_head":"<!-- This site is optimized with the Yoast SEO plugin v27.3 - https:\/\/yoast.com\/product\/yoast-seo-wordpress\/ -->\n<title>5 Dicas Pra Voc\u00ea Parar De Procrastinar - Univates Blog<\/title>\n<meta name=\"description\" content=\"Se voc\u00ea tem problemas para cumprir as tarefas dentro do prazo, \u00e9 essencial que voc\u00ea confira nossas dicas para voc\u00ea parar de procrastinar.\" \/>\n<meta name=\"robots\" content=\"index, follow, max-snippet:-1, max-image-preview:large, max-video-preview:-1\" \/>\n<link rel=\"canonical\" href=\"https:\/\/www.univates.br\/blog\/5-dicas-pra-voce-parar-de-procrastinar\/\" \/>\n<meta property=\"og:locale\" content=\"pt_BR\" \/>\n<meta property=\"og:type\" content=\"article\" \/>\n<meta property=\"og:title\" content=\"5 Dicas Pra Voc\u00ea Parar De Procrastinar - Univates Blog\" \/>\n<meta property=\"og:description\" content=\"Se voc\u00ea tem problemas para cumprir as tarefas dentro do prazo, \u00e9 essencial que voc\u00ea confira nossas dicas para voc\u00ea parar de procrastinar.\" \/>\n<meta property=\"og:url\" content=\"https:\/\/www.univates.br\/blog\/5-dicas-pra-voce-parar-de-procrastinar\/\" \/>\n<meta property=\"og:site_name\" content=\"Univates Blog\" \/>\n<meta property=\"article:published_time\" content=\"2022-06-14T20:09:09+00:00\" \/>\n<meta property=\"article:modified_time\" content=\"2024-01-18T16:52:05+00:00\" \/>\n<meta property=\"og:image\" content=\"https:\/\/www.univates.br\/blog\/\/wp-content\/uploads\/2022\/06\/pomodoro.jpg\" \/>\n<meta name=\"author\" content=\"Marketing Univates\" \/>\n<meta name=\"twitter:card\" content=\"summary_large_image\" \/>\n<meta name=\"twitter:label1\" content=\"Escrito por\" \/>\n\t<meta name=\"twitter:data1\" content=\"Marketing Univates\" \/>\n\t<meta name=\"twitter:label2\" content=\"Est. tempo de leitura\" \/>\n\t<meta name=\"twitter:data2\" content=\"3 minutos\" \/>\n<script type=\"application\/ld+json\" class=\"yoast-schema-graph\">{\"@context\":\"https:\\\/\\\/schema.org\",\"@graph\":[{\"@type\":\"Article\",\"@id\":\"https:\\\/\\\/www.univates.br\\\/blog\\\/5-dicas-pra-voce-parar-de-procrastinar\\\/#article\",\"isPartOf\":{\"@id\":\"https:\\\/\\\/www.univates.br\\\/blog\\\/5-dicas-pra-voce-parar-de-procrastinar\\\/\"},\"author\":{\"name\":\"Marketing Univates\",\"@id\":\"https:\\\/\\\/www.univates.br\\\/blog\\\/#\\\/schema\\\/person\\\/15c63917440cc5e70160c247b309af2f\"},\"headline\":\"5 Dicas Pra Voc\u00ea Parar De Procrastinar\",\"datePublished\":\"2022-06-14T20:09:09+00:00\",\"dateModified\":\"2024-01-18T16:52:05+00:00\",\"mainEntityOfPage\":{\"@id\":\"https:\\\/\\\/www.univates.br\\\/blog\\\/5-dicas-pra-voce-parar-de-procrastinar\\\/\"},\"wordCount\":464,\"commentCount\":0,\"image\":{\"@id\":\"https:\\\/\\\/www.univates.br\\\/blog\\\/5-dicas-pra-voce-parar-de-procrastinar\\\/#primaryimage\"},\"thumbnailUrl\":\"https:\\\/\\\/www.univates.br\\\/blog\\\/\\\/wp-content\\\/uploads\\\/2022\\\/06\\\/pomodoro.jpg\",\"articleSection\":[\"Estudos\",\"Explore\"],\"inLanguage\":\"pt-BR\",\"potentialAction\":[{\"@type\":\"CommentAction\",\"name\":\"Comment\",\"target\":[\"https:\\\/\\\/www.univates.br\\\/blog\\\/5-dicas-pra-voce-parar-de-procrastinar\\\/#respond\"]}]},{\"@type\":\"WebPage\",\"@id\":\"https:\\\/\\\/www.univates.br\\\/blog\\\/5-dicas-pra-voce-parar-de-procrastinar\\\/\",\"url\":\"https:\\\/\\\/www.univates.br\\\/blog\\\/5-dicas-pra-voce-parar-de-procrastinar\\\/\",\"name\":\"5 Dicas Pra Voc\u00ea Parar De Procrastinar - Univates Blog\",\"isPartOf\":{\"@id\":\"https:\\\/\\\/www.univates.br\\\/blog\\\/#website\"},\"primaryImageOfPage\":{\"@id\":\"https:\\\/\\\/www.univates.br\\\/blog\\\/5-dicas-pra-voce-parar-de-procrastinar\\\/#primaryimage\"},\"image\":{\"@id\":\"https:\\\/\\\/www.univates.br\\\/blog\\\/5-dicas-pra-voce-parar-de-procrastinar\\\/#primaryimage\"},\"thumbnailUrl\":\"https:\\\/\\\/www.univates.br\\\/blog\\\/\\\/wp-content\\\/uploads\\\/2022\\\/06\\\/pomodoro.jpg\",\"datePublished\":\"2022-06-14T20:09:09+00:00\",\"dateModified\":\"2024-01-18T16:52:05+00:00\",\"author\":{\"@id\":\"https:\\\/\\\/www.univates.br\\\/blog\\\/#\\\/schema\\\/person\\\/15c63917440cc5e70160c247b309af2f\"},\"description\":\"Se voc\u00ea tem problemas para cumprir as tarefas dentro do prazo, \u00e9 essencial que voc\u00ea confira nossas dicas para voc\u00ea parar de procrastinar.\",\"breadcrumb\":{\"@id\":\"https:\\\/\\\/www.univates.br\\\/blog\\\/5-dicas-pra-voce-parar-de-procrastinar\\\/#breadcrumb\"},\"inLanguage\":\"pt-BR\",\"potentialAction\":[{\"@type\":\"ReadAction\",\"target\":[\"https:\\\/\\\/www.univates.br\\\/blog\\\/5-dicas-pra-voce-parar-de-procrastinar\\\/\"]}]},{\"@type\":\"ImageObject\",\"inLanguage\":\"pt-BR\",\"@id\":\"https:\\\/\\\/www.univates.br\\\/blog\\\/5-dicas-pra-voce-parar-de-procrastinar\\\/#primaryimage\",\"url\":\"https:\\\/\\\/www.univates.br\\\/blog\\\/\\\/wp-content\\\/uploads\\\/2022\\\/06\\\/pomodoro.jpg\",\"contentUrl\":\"https:\\\/\\\/www.univates.br\\\/blog\\\/\\\/wp-content\\\/uploads\\\/2022\\\/06\\\/pomodoro.jpg\"},{\"@type\":\"BreadcrumbList\",\"@id\":\"https:\\\/\\\/www.univates.br\\\/blog\\\/5-dicas-pra-voce-parar-de-procrastinar\\\/#breadcrumb\",\"itemListElement\":[{\"@type\":\"ListItem\",\"position\":1,\"name\":\"Home\",\"item\":\"https:\\\/\\\/www.univates.br\\\/blog\\\/\"},{\"@type\":\"ListItem\",\"position\":2,\"name\":\"5 Dicas Pra Voc\u00ea Parar De Procrastinar\"}]},{\"@type\":\"WebSite\",\"@id\":\"https:\\\/\\\/www.univates.br\\\/blog\\\/#website\",\"url\":\"https:\\\/\\\/www.univates.br\\\/blog\\\/\",\"name\":\"Univates Blog\",\"description\":\"\",\"potentialAction\":[{\"@type\":\"SearchAction\",\"target\":{\"@type\":\"EntryPoint\",\"urlTemplate\":\"https:\\\/\\\/www.univates.br\\\/blog\\\/?s={search_term_string}\"},\"query-input\":{\"@type\":\"PropertyValueSpecification\",\"valueRequired\":true,\"valueName\":\"search_term_string\"}}],\"inLanguage\":\"pt-BR\"},{\"@type\":\"Person\",\"@id\":\"https:\\\/\\\/www.univates.br\\\/blog\\\/#\\\/schema\\\/person\\\/15c63917440cc5e70160c247b309af2f\",\"name\":\"Marketing Univates\",\"image\":{\"@type\":\"ImageObject\",\"inLanguage\":\"pt-BR\",\"@id\":\"https:\\\/\\\/secure.gravatar.com\\\/avatar\\\/511f9e77a6a3d0cddd9074f69a722364bc7f787e73d4a0da1f727ba62704eda4?s=96&d=mm&r=g\",\"url\":\"https:\\\/\\\/secure.gravatar.com\\\/avatar\\\/511f9e77a6a3d0cddd9074f69a722364bc7f787e73d4a0da1f727ba62704eda4?s=96&d=mm&r=g\",\"contentUrl\":\"https:\\\/\\\/secure.gravatar.com\\\/avatar\\\/511f9e77a6a3d0cddd9074f69a722364bc7f787e73d4a0da1f727ba62704eda4?s=96&d=mm&r=g\",\"caption\":\"Marketing Univates\"},\"sameAs\":[\"http:\\\/\\\/univates.br\"],\"url\":\"https:\\\/\\\/www.univates.br\\\/blog\\\/author\\\/marketing\\\/\"}]}<\/script>\n<!-- \/ Yoast SEO plugin. -->","yoast_head_json":{"title":"5 Dicas Pra Voc\u00ea Parar De Procrastinar - Univates Blog","description":"Se voc\u00ea tem problemas para cumprir as tarefas dentro do prazo, \u00e9 essencial que voc\u00ea confira nossas dicas para voc\u00ea parar de procrastinar.","robots":{"index":"index","follow":"follow","max-snippet":"max-snippet:-1","max-image-preview":"max-image-preview:large","max-video-preview":"max-video-preview:-1"},"canonical":"https:\/\/www.univates.br\/blog\/5-dicas-pra-voce-parar-de-procrastinar\/","og_locale":"pt_BR","og_type":"article","og_title":"5 Dicas Pra Voc\u00ea Parar De Procrastinar - Univates Blog","og_description":"Se voc\u00ea tem problemas para cumprir as tarefas dentro do prazo, \u00e9 essencial que voc\u00ea confira nossas dicas para voc\u00ea parar de procrastinar.","og_url":"https:\/\/www.univates.br\/blog\/5-dicas-pra-voce-parar-de-procrastinar\/","og_site_name":"Univates Blog","article_published_time":"2022-06-14T20:09:09+00:00","article_modified_time":"2024-01-18T16:52:05+00:00","og_image":[{"url":"https:\/\/www.univates.br\/blog\/\/wp-content\/uploads\/2022\/06\/pomodoro.jpg","type":"","width":"","height":""}],"author":"Marketing Univates","twitter_card":"summary_large_image","twitter_misc":{"Escrito por":"Marketing Univates","Est. tempo de leitura":"3 minutos"},"schema":{"@context":"https:\/\/schema.org","@graph":[{"@type":"Article","@id":"https:\/\/www.univates.br\/blog\/5-dicas-pra-voce-parar-de-procrastinar\/#article","isPartOf":{"@id":"https:\/\/www.univates.br\/blog\/5-dicas-pra-voce-parar-de-procrastinar\/"},"author":{"name":"Marketing Univates","@id":"https:\/\/www.univates.br\/blog\/#\/schema\/person\/15c63917440cc5e70160c247b309af2f"},"headline":"5 Dicas Pra Voc\u00ea Parar De Procrastinar","datePublished":"2022-06-14T20:09:09+00:00","dateModified":"2024-01-18T16:52:05+00:00","mainEntityOfPage":{"@id":"https:\/\/www.univates.br\/blog\/5-dicas-pra-voce-parar-de-procrastinar\/"},"wordCount":464,"commentCount":0,"image":{"@id":"https:\/\/www.univates.br\/blog\/5-dicas-pra-voce-parar-de-procrastinar\/#primaryimage"},"thumbnailUrl":"https:\/\/www.univates.br\/blog\/\/wp-content\/uploads\/2022\/06\/pomodoro.jpg","articleSection":["Estudos","Explore"],"inLanguage":"pt-BR","potentialAction":[{"@type":"CommentAction","name":"Comment","target":["https:\/\/www.univates.br\/blog\/5-dicas-pra-voce-parar-de-procrastinar\/#respond"]}]},{"@type":"WebPage","@id":"https:\/\/www.univates.br\/blog\/5-dicas-pra-voce-parar-de-procrastinar\/","url":"https:\/\/www.univates.br\/blog\/5-dicas-pra-voce-parar-de-procrastinar\/","name":"5 Dicas Pra Voc\u00ea Parar De Procrastinar - Univates Blog","isPartOf":{"@id":"https:\/\/www.univates.br\/blog\/#website"},"primaryImageOfPage":{"@id":"https:\/\/www.univates.br\/blog\/5-dicas-pra-voce-parar-de-procrastinar\/#primaryimage"},"image":{"@id":"https:\/\/www.univates.br\/blog\/5-dicas-pra-voce-parar-de-procrastinar\/#primaryimage"},"thumbnailUrl":"https:\/\/www.univates.br\/blog\/\/wp-content\/uploads\/2022\/06\/pomodoro.jpg","datePublished":"2022-06-14T20:09:09+00:00","dateModified":"2024-01-18T16:52:05+00:00","author":{"@id":"https:\/\/www.univates.br\/blog\/#\/schema\/person\/15c63917440cc5e70160c247b309af2f"},"description":"Se voc\u00ea tem problemas para cumprir as tarefas dentro do prazo, \u00e9 essencial que voc\u00ea confira nossas dicas para voc\u00ea parar de procrastinar.","breadcrumb":{"@id":"https:\/\/www.univates.br\/blog\/5-dicas-pra-voce-parar-de-procrastinar\/#breadcrumb"},"inLanguage":"pt-BR","potentialAction":[{"@type":"ReadAction","target":["https:\/\/www.univates.br\/blog\/5-dicas-pra-voce-parar-de-procrastinar\/"]}]},{"@type":"ImageObject","inLanguage":"pt-BR","@id":"https:\/\/www.univates.br\/blog\/5-dicas-pra-voce-parar-de-procrastinar\/#primaryimage","url":"https:\/\/www.univates.br\/blog\/\/wp-content\/uploads\/2022\/06\/pomodoro.jpg","contentUrl":"https:\/\/www.univates.br\/blog\/\/wp-content\/uploads\/2022\/06\/pomodoro.jpg"},{"@type":"BreadcrumbList","@id":"https:\/\/www.univates.br\/blog\/5-dicas-pra-voce-parar-de-procrastinar\/#breadcrumb","itemListElement":[{"@type":"ListItem","position":1,"name":"Home","item":"https:\/\/www.univates.br\/blog\/"},{"@type":"ListItem","position":2,"name":"5 Dicas Pra Voc\u00ea Parar De Procrastinar"}]},{"@type":"WebSite","@id":"https:\/\/www.univates.br\/blog\/#website","url":"https:\/\/www.univates.br\/blog\/","name":"Univates Blog","description":"","potentialAction":[{"@type":"SearchAction","target":{"@type":"EntryPoint","urlTemplate":"https:\/\/www.univates.br\/blog\/?s={search_term_string}"},"query-input":{"@type":"PropertyValueSpecification","valueRequired":true,"valueName":"search_term_string"}}],"inLanguage":"pt-BR"},{"@type":"Person","@id":"https:\/\/www.univates.br\/blog\/#\/schema\/person\/15c63917440cc5e70160c247b309af2f","name":"Marketing Univates","image":{"@type":"ImageObject","inLanguage":"pt-BR","@id":"https:\/\/secure.gravatar.com\/avatar\/511f9e77a6a3d0cddd9074f69a722364bc7f787e73d4a0da1f727ba62704eda4?s=96&d=mm&r=g","url":"https:\/\/secure.gravatar.com\/avatar\/511f9e77a6a3d0cddd9074f69a722364bc7f787e73d4a0da1f727ba62704eda4?s=96&d=mm&r=g","contentUrl":"https:\/\/secure.gravatar.com\/avatar\/511f9e77a6a3d0cddd9074f69a722364bc7f787e73d4a0da1f727ba62704eda4?s=96&d=mm&r=g","caption":"Marketing Univates"},"sameAs":["http:\/\/univates.br"],"url":"https:\/\/www.univates.br\/blog\/author\/marketing\/"}]}},"_links":{"self":[{"href":"https:\/\/www.univates.br\/blog\/wp-json\/wp\/v2\/posts\/2316","targetHints":{"allow":["GET"]}}],"collection":[{"href":"https:\/\/www.univates.br\/blog\/wp-json\/wp\/v2\/posts"}],"about":[{"href":"https:\/\/www.univates.br\/blog\/wp-json\/wp\/v2\/types\/post"}],"author":[{"embeddable":true,"href":"https:\/\/www.univates.br\/blog\/wp-json\/wp\/v2\/users\/2"}],"replies":[{"embeddable":true,"href":"https:\/\/www.univates.br\/blog\/wp-json\/wp\/v2\/comments?post=2316"}],"version-history":[{"count":38,"href":"https:\/\/www.univates.br\/blog\/wp-json\/wp\/v2\/posts\/2316\/revisions"}],"predecessor-version":[{"id":2718,"href":"https:\/\/www.univates.br\/blog\/wp-json\/wp\/v2\/posts\/2316\/revisions\/2718"}],"wp:attachment":[{"href":"https:\/\/www.univates.br\/blog\/wp-json\/wp\/v2\/media?parent=2316"}],"wp:term":[{"taxonomy":"category","embeddable":true,"href":"https:\/\/www.univates.br\/blog\/wp-json\/wp\/v2\/categories?post=2316"}],"curies":[{"name":"wp","href":"https:\/\/api.w.org\/{rel}","templated":true}]}}