{"id":2407,"date":"2022-07-13T09:00:00","date_gmt":"2022-07-13T12:00:00","guid":{"rendered":"https:\/\/www.univates.br\/blog\/\/?p=2407"},"modified":"2023-12-08T15:21:04","modified_gmt":"2023-12-08T18:21:04","slug":"importancia-de-fazer-um-plano-de-carreira-personalizado","status":"publish","type":"post","link":"https:\/\/www.univates.br\/blog\/importancia-de-fazer-um-plano-de-carreira-personalizado\/","title":{"rendered":"A Import\u00e2ncia De Fazer Um Plano De Carreira Personalizado"},"content":{"rendered":"\n<p>O mundo e o mercado de trabalho mudaram completamente. Com o aumento exponencial do acesso a cursos de gradua\u00e7\u00e3o e especializa\u00e7\u00e3o, os jovens, mais que nunca, est\u00e3o muito exigentes com os seus primeiros cargos e n\u00e3o t\u00eam medo de investir em um lugar novo.<\/p>\n\n\n\n<p>Isso \u00e9 evidenciado por dados do Instituto de Pesquisa Econ\u00f4mica Aplicada (IPEA), que descobriu que sete em cada dez pessoas entre 15 e 24 anos saem de seus cargos antes de completar um ano na empresa.<\/p>\n\n\n\n<p>Esses n\u00fameros mostram que os jovens sabem o que querem e onde precisam ir para consegui-lo, o que s\u00f3 \u00e9 poss\u00edvel gra\u00e7as a um plano de carreira personalizado, pensado nas necessidades e desejos individuais de cada um. Continue lendo o artigo para saber mais!<\/p>\n\n\n\n<h2 class=\"wp-block-heading\"><strong>O que \u00e9 um plano de carreira personalizado?<\/strong><\/h2>\n\n\n\n<p>Em primeiro lugar, um plano de carreira se define por um planejamento estrat\u00e9gico de crescimento profissional. Ele \u00e9 estruturado por diferentes coisas, como metas de produtividade, requisitos profissionalizantes (como cursos) e as famosas <em>soft skills<\/em> \u2014 habilidades comportamentais que normalmente envolvem o contato com outras pessoas.<\/p>\n\n\n\n<p>Com a personaliza\u00e7\u00e3o, \u00e9 poss\u00edvel focar em aproveitar seus pontos fortes e melhorar aquilo com que voc\u00ea tem dificuldade, sem precisar ficar preso \u00e0s normas empresariais.<\/p>\n\n\n\n<p>E, claro, voc\u00ea n\u00e3o precisa esperar ser contratado para come\u00e7ar a planejar seu futuro! Na verdade, quanto antes tiver certeza de onde quer chegar, melhor.<\/p>\n\n\n\n<p>Afinal, \u00e9 apenas com essa clareza que voc\u00ea consegue entender <a href=\"https:\/\/www.univates.br\/blog\/\/o-que-avaliar-para-escolher-curso-de-graduacao-ideal\/\">o que avaliar para escolher seu curso de gradua\u00e7\u00e3o<\/a>, uma vaga de emprego ou o ambiente de trabalho que deseja. Com um planejamento s\u00f3lido, \u00e9 poss\u00edvel saber exatamente no que investir e qual o pr\u00f3ximo passo.<\/p>\n\n\n\n<p>Por isso, tamb\u00e9m vamos explicar tudo que voc\u00ea precisa para come\u00e7ar a colocar isso em pr\u00e1tica. Confira!<\/p>\n\n\n\n<h2 class=\"wp-block-heading\"><strong>Saiba como planejar o seu futuro profissional!<\/strong><\/h2>\n\n\n\n<p>Para acertar no plano de carreira, algumas coisas s\u00e3o muito importantes.<\/p>\n\n\n\n<p>Em primeiro lugar, vem o autoconhecimento. Isso n\u00e3o \u00e9 s\u00f3 sobre qual curso da faculdade voc\u00ea mais gosta, mas tamb\u00e9m perguntas mais profundas, como o que o conceito de realiza\u00e7\u00e3o profissional significa para voc\u00ea.<\/p>\n\n\n\n<p>Aqui, o objetivo \u00e9 entender o que voc\u00ea considera como o seu objetivo ideal, suas for\u00e7as e fraquezas e o que precisa melhorar para chegar at\u00e9 l\u00e1. N\u00e3o \u00e9 um processo simples e existem muitos caminhos que podem ser tomados.<\/p>\n\n\n\n<p>Uma op\u00e7\u00e3o que vem ganhando cada vez mais destaque \u00e9 o empreendedorismo, j\u00e1 que permite a cria\u00e7\u00e3o de um projeto completamente \u00fanico e muito bem alinhado com quem voc\u00ea \u00e9 e seus objetivos.<\/p>\n\n\n\n<p>Que tal <a href=\"https:\/\/www.univates.br\/blog\/\/beneficios-do-empreendedorismo-social-para-a-comunidade\/\">conhecer o empreendedorismo social<\/a>, uma forma de come\u00e7ar a sua pr\u00f3pria empresa e ainda ajudar a comunidade? Confira!<\/p>\n","protected":false},"excerpt":{"rendered":"<p>Conhe\u00e7a os diferenciais do plano de carreira personalizado, como a \u00eanfase nas habilidades e desejos individuais, e saiba por que isso \u00e9 t\u00e3o importante!<\/p>\n","protected":false},"author":3,"featured_media":0,"comment_status":"open","ping_status":"open","sticky":false,"template":"","format":"standard","meta":{"_acf_changed":false,"footnotes":""},"categories":[33],"class_list":["post-2407","post","type-post","status-publish","format-standard","hentry","category-carreira"],"acf":[],"yoast_head":"<!-- This site is optimized with the Yoast SEO plugin v27.3 - https:\/\/yoast.com\/product\/yoast-seo-wordpress\/ -->\n<title>A Import\u00e2ncia De Fazer Um Plano De Carreira Personalizado<\/title>\n<meta name=\"description\" content=\"Um plano de carreira personalizado vai te dar muito mais certeza de quais s\u00e3o seus pr\u00f3ximos passos. Saiba mais!\" \/>\n<meta name=\"robots\" content=\"index, follow, max-snippet:-1, max-image-preview:large, max-video-preview:-1\" \/>\n<link rel=\"canonical\" href=\"https:\/\/www.univates.br\/blog\/importancia-de-fazer-um-plano-de-carreira-personalizado\/\" \/>\n<meta property=\"og:locale\" content=\"pt_BR\" \/>\n<meta property=\"og:type\" content=\"article\" \/>\n<meta property=\"og:title\" content=\"A Import\u00e2ncia De Fazer Um Plano De Carreira Personalizado\" \/>\n<meta property=\"og:description\" content=\"Um plano de carreira personalizado vai te dar muito mais certeza de quais s\u00e3o seus pr\u00f3ximos passos. Saiba mais!\" \/>\n<meta property=\"og:url\" content=\"https:\/\/www.univates.br\/blog\/importancia-de-fazer-um-plano-de-carreira-personalizado\/\" \/>\n<meta property=\"og:site_name\" content=\"Univates Blog\" \/>\n<meta property=\"article:published_time\" content=\"2022-07-13T12:00:00+00:00\" \/>\n<meta property=\"article:modified_time\" content=\"2023-12-08T18:21:04+00:00\" \/>\n<meta name=\"author\" content=\"mestre\" \/>\n<meta name=\"twitter:card\" content=\"summary_large_image\" \/>\n<meta name=\"twitter:label1\" content=\"Escrito por\" \/>\n\t<meta name=\"twitter:data1\" content=\"mestre\" \/>\n\t<meta name=\"twitter:label2\" content=\"Est. tempo de leitura\" \/>\n\t<meta name=\"twitter:data2\" content=\"3 minutos\" \/>\n<script type=\"application\/ld+json\" class=\"yoast-schema-graph\">{\"@context\":\"https:\\\/\\\/schema.org\",\"@graph\":[{\"@type\":\"Article\",\"@id\":\"https:\\\/\\\/www.univates.br\\\/blog\\\/importancia-de-fazer-um-plano-de-carreira-personalizado\\\/#article\",\"isPartOf\":{\"@id\":\"https:\\\/\\\/www.univates.br\\\/blog\\\/importancia-de-fazer-um-plano-de-carreira-personalizado\\\/\"},\"author\":{\"name\":\"mestre\",\"@id\":\"https:\\\/\\\/www.univates.br\\\/blog\\\/#\\\/schema\\\/person\\\/b5e60d66743155425f8296f61ab039b7\"},\"headline\":\"A Import\u00e2ncia De Fazer Um Plano De Carreira Personalizado\",\"datePublished\":\"2022-07-13T12:00:00+00:00\",\"dateModified\":\"2023-12-08T18:21:04+00:00\",\"mainEntityOfPage\":{\"@id\":\"https:\\\/\\\/www.univates.br\\\/blog\\\/importancia-de-fazer-um-plano-de-carreira-personalizado\\\/\"},\"wordCount\":463,\"commentCount\":0,\"articleSection\":[\"Carreira\"],\"inLanguage\":\"pt-BR\",\"potentialAction\":[{\"@type\":\"CommentAction\",\"name\":\"Comment\",\"target\":[\"https:\\\/\\\/www.univates.br\\\/blog\\\/importancia-de-fazer-um-plano-de-carreira-personalizado\\\/#respond\"]}]},{\"@type\":\"WebPage\",\"@id\":\"https:\\\/\\\/www.univates.br\\\/blog\\\/importancia-de-fazer-um-plano-de-carreira-personalizado\\\/\",\"url\":\"https:\\\/\\\/www.univates.br\\\/blog\\\/importancia-de-fazer-um-plano-de-carreira-personalizado\\\/\",\"name\":\"A Import\u00e2ncia De Fazer Um Plano De Carreira Personalizado\",\"isPartOf\":{\"@id\":\"https:\\\/\\\/www.univates.br\\\/blog\\\/#website\"},\"datePublished\":\"2022-07-13T12:00:00+00:00\",\"dateModified\":\"2023-12-08T18:21:04+00:00\",\"author\":{\"@id\":\"https:\\\/\\\/www.univates.br\\\/blog\\\/#\\\/schema\\\/person\\\/b5e60d66743155425f8296f61ab039b7\"},\"description\":\"Um plano de carreira personalizado vai te dar muito mais certeza de quais s\u00e3o seus pr\u00f3ximos passos. Saiba mais!\",\"breadcrumb\":{\"@id\":\"https:\\\/\\\/www.univates.br\\\/blog\\\/importancia-de-fazer-um-plano-de-carreira-personalizado\\\/#breadcrumb\"},\"inLanguage\":\"pt-BR\",\"potentialAction\":[{\"@type\":\"ReadAction\",\"target\":[\"https:\\\/\\\/www.univates.br\\\/blog\\\/importancia-de-fazer-um-plano-de-carreira-personalizado\\\/\"]}]},{\"@type\":\"BreadcrumbList\",\"@id\":\"https:\\\/\\\/www.univates.br\\\/blog\\\/importancia-de-fazer-um-plano-de-carreira-personalizado\\\/#breadcrumb\",\"itemListElement\":[{\"@type\":\"ListItem\",\"position\":1,\"name\":\"Home\",\"item\":\"https:\\\/\\\/www.univates.br\\\/blog\\\/\"},{\"@type\":\"ListItem\",\"position\":2,\"name\":\"A Import\u00e2ncia De Fazer Um Plano De Carreira Personalizado\"}]},{\"@type\":\"WebSite\",\"@id\":\"https:\\\/\\\/www.univates.br\\\/blog\\\/#website\",\"url\":\"https:\\\/\\\/www.univates.br\\\/blog\\\/\",\"name\":\"Univates Blog\",\"description\":\"\",\"potentialAction\":[{\"@type\":\"SearchAction\",\"target\":{\"@type\":\"EntryPoint\",\"urlTemplate\":\"https:\\\/\\\/www.univates.br\\\/blog\\\/?s={search_term_string}\"},\"query-input\":{\"@type\":\"PropertyValueSpecification\",\"valueRequired\":true,\"valueName\":\"search_term_string\"}}],\"inLanguage\":\"pt-BR\"},{\"@type\":\"Person\",\"@id\":\"https:\\\/\\\/www.univates.br\\\/blog\\\/#\\\/schema\\\/person\\\/b5e60d66743155425f8296f61ab039b7\",\"name\":\"mestre\",\"image\":{\"@type\":\"ImageObject\",\"inLanguage\":\"pt-BR\",\"@id\":\"https:\\\/\\\/secure.gravatar.com\\\/avatar\\\/31a270f52fdbf8b0362bf6c458a4421ca68b7662311293aef439c4f762a64dab?s=96&d=mm&r=g\",\"url\":\"https:\\\/\\\/secure.gravatar.com\\\/avatar\\\/31a270f52fdbf8b0362bf6c458a4421ca68b7662311293aef439c4f762a64dab?s=96&d=mm&r=g\",\"contentUrl\":\"https:\\\/\\\/secure.gravatar.com\\\/avatar\\\/31a270f52fdbf8b0362bf6c458a4421ca68b7662311293aef439c4f762a64dab?s=96&d=mm&r=g\",\"caption\":\"mestre\"},\"url\":\"https:\\\/\\\/www.univates.br\\\/blog\\\/author\\\/mestre\\\/\"}]}<\/script>\n<!-- \/ Yoast SEO plugin. -->","yoast_head_json":{"title":"A Import\u00e2ncia De Fazer Um Plano De Carreira Personalizado","description":"Um plano de carreira personalizado vai te dar muito mais certeza de quais s\u00e3o seus pr\u00f3ximos passos. Saiba mais!","robots":{"index":"index","follow":"follow","max-snippet":"max-snippet:-1","max-image-preview":"max-image-preview:large","max-video-preview":"max-video-preview:-1"},"canonical":"https:\/\/www.univates.br\/blog\/importancia-de-fazer-um-plano-de-carreira-personalizado\/","og_locale":"pt_BR","og_type":"article","og_title":"A Import\u00e2ncia De Fazer Um Plano De Carreira Personalizado","og_description":"Um plano de carreira personalizado vai te dar muito mais certeza de quais s\u00e3o seus pr\u00f3ximos passos. Saiba mais!","og_url":"https:\/\/www.univates.br\/blog\/importancia-de-fazer-um-plano-de-carreira-personalizado\/","og_site_name":"Univates Blog","article_published_time":"2022-07-13T12:00:00+00:00","article_modified_time":"2023-12-08T18:21:04+00:00","author":"mestre","twitter_card":"summary_large_image","twitter_misc":{"Escrito por":"mestre","Est. tempo de leitura":"3 minutos"},"schema":{"@context":"https:\/\/schema.org","@graph":[{"@type":"Article","@id":"https:\/\/www.univates.br\/blog\/importancia-de-fazer-um-plano-de-carreira-personalizado\/#article","isPartOf":{"@id":"https:\/\/www.univates.br\/blog\/importancia-de-fazer-um-plano-de-carreira-personalizado\/"},"author":{"name":"mestre","@id":"https:\/\/www.univates.br\/blog\/#\/schema\/person\/b5e60d66743155425f8296f61ab039b7"},"headline":"A Import\u00e2ncia De Fazer Um Plano De Carreira Personalizado","datePublished":"2022-07-13T12:00:00+00:00","dateModified":"2023-12-08T18:21:04+00:00","mainEntityOfPage":{"@id":"https:\/\/www.univates.br\/blog\/importancia-de-fazer-um-plano-de-carreira-personalizado\/"},"wordCount":463,"commentCount":0,"articleSection":["Carreira"],"inLanguage":"pt-BR","potentialAction":[{"@type":"CommentAction","name":"Comment","target":["https:\/\/www.univates.br\/blog\/importancia-de-fazer-um-plano-de-carreira-personalizado\/#respond"]}]},{"@type":"WebPage","@id":"https:\/\/www.univates.br\/blog\/importancia-de-fazer-um-plano-de-carreira-personalizado\/","url":"https:\/\/www.univates.br\/blog\/importancia-de-fazer-um-plano-de-carreira-personalizado\/","name":"A Import\u00e2ncia De Fazer Um Plano De Carreira Personalizado","isPartOf":{"@id":"https:\/\/www.univates.br\/blog\/#website"},"datePublished":"2022-07-13T12:00:00+00:00","dateModified":"2023-12-08T18:21:04+00:00","author":{"@id":"https:\/\/www.univates.br\/blog\/#\/schema\/person\/b5e60d66743155425f8296f61ab039b7"},"description":"Um plano de carreira personalizado vai te dar muito mais certeza de quais s\u00e3o seus pr\u00f3ximos passos. Saiba mais!","breadcrumb":{"@id":"https:\/\/www.univates.br\/blog\/importancia-de-fazer-um-plano-de-carreira-personalizado\/#breadcrumb"},"inLanguage":"pt-BR","potentialAction":[{"@type":"ReadAction","target":["https:\/\/www.univates.br\/blog\/importancia-de-fazer-um-plano-de-carreira-personalizado\/"]}]},{"@type":"BreadcrumbList","@id":"https:\/\/www.univates.br\/blog\/importancia-de-fazer-um-plano-de-carreira-personalizado\/#breadcrumb","itemListElement":[{"@type":"ListItem","position":1,"name":"Home","item":"https:\/\/www.univates.br\/blog\/"},{"@type":"ListItem","position":2,"name":"A Import\u00e2ncia De Fazer Um Plano De Carreira Personalizado"}]},{"@type":"WebSite","@id":"https:\/\/www.univates.br\/blog\/#website","url":"https:\/\/www.univates.br\/blog\/","name":"Univates Blog","description":"","potentialAction":[{"@type":"SearchAction","target":{"@type":"EntryPoint","urlTemplate":"https:\/\/www.univates.br\/blog\/?s={search_term_string}"},"query-input":{"@type":"PropertyValueSpecification","valueRequired":true,"valueName":"search_term_string"}}],"inLanguage":"pt-BR"},{"@type":"Person","@id":"https:\/\/www.univates.br\/blog\/#\/schema\/person\/b5e60d66743155425f8296f61ab039b7","name":"mestre","image":{"@type":"ImageObject","inLanguage":"pt-BR","@id":"https:\/\/secure.gravatar.com\/avatar\/31a270f52fdbf8b0362bf6c458a4421ca68b7662311293aef439c4f762a64dab?s=96&d=mm&r=g","url":"https:\/\/secure.gravatar.com\/avatar\/31a270f52fdbf8b0362bf6c458a4421ca68b7662311293aef439c4f762a64dab?s=96&d=mm&r=g","contentUrl":"https:\/\/secure.gravatar.com\/avatar\/31a270f52fdbf8b0362bf6c458a4421ca68b7662311293aef439c4f762a64dab?s=96&d=mm&r=g","caption":"mestre"},"url":"https:\/\/www.univates.br\/blog\/author\/mestre\/"}]}},"_links":{"self":[{"href":"https:\/\/www.univates.br\/blog\/wp-json\/wp\/v2\/posts\/2407","targetHints":{"allow":["GET"]}}],"collection":[{"href":"https:\/\/www.univates.br\/blog\/wp-json\/wp\/v2\/posts"}],"about":[{"href":"https:\/\/www.univates.br\/blog\/wp-json\/wp\/v2\/types\/post"}],"author":[{"embeddable":true,"href":"https:\/\/www.univates.br\/blog\/wp-json\/wp\/v2\/users\/3"}],"replies":[{"embeddable":true,"href":"https:\/\/www.univates.br\/blog\/wp-json\/wp\/v2\/comments?post=2407"}],"version-history":[{"count":3,"href":"https:\/\/www.univates.br\/blog\/wp-json\/wp\/v2\/posts\/2407\/revisions"}],"predecessor-version":[{"id":2419,"href":"https:\/\/www.univates.br\/blog\/wp-json\/wp\/v2\/posts\/2407\/revisions\/2419"}],"wp:attachment":[{"href":"https:\/\/www.univates.br\/blog\/wp-json\/wp\/v2\/media?parent=2407"}],"wp:term":[{"taxonomy":"category","embeddable":true,"href":"https:\/\/www.univates.br\/blog\/wp-json\/wp\/v2\/categories?post=2407"}],"curies":[{"name":"wp","href":"https:\/\/api.w.org\/{rel}","templated":true}]}}