{"id":2438,"date":"2022-07-07T08:35:00","date_gmt":"2022-07-07T11:35:00","guid":{"rendered":"https:\/\/www.univates.br\/blog\/\/?p=2438"},"modified":"2026-03-10T12:08:37","modified_gmt":"2026-03-10T15:08:37","slug":"6-diferencas-entre-graduacao-presencial-e-graduacao-ead","status":"publish","type":"post","link":"https:\/\/www.univates.br\/blog\/6-diferencas-entre-graduacao-presencial-e-graduacao-ead\/","title":{"rendered":"6 Diferen\u00e7as Entre Gradua\u00e7\u00e3o Presencial E Gradua\u00e7\u00e3o EAD"},"content":{"rendered":"\n<p>Antes de iniciar uma gradua\u00e7\u00e3o, muitas pessoas se perguntam a respeito de qual modalidade \u00e9 a melhor: <strong>Presencial <\/strong>ou <strong>EAD<\/strong>.<\/p>\n\n\n\n<p>A resposta \u00e9 que nenhuma delas \u00e9 melhor que a outra, apenas atendem a diferentes demandas e cabe a voc\u00ea definir qual delas combina mais com seus objetivos. <\/p>\n\n\n\n<p>Por isso, vou ajudar a esclarecer os principais pontos a serem observados e apontar algumas diferen\u00e7as entre as modalidades. Vamos l\u00e1?<\/p>\n\n\n\n<figure class=\"wp-block-image size-full\"><img loading=\"lazy\" decoding=\"async\" width=\"3888\" height=\"2592\" src=\"https:\/\/www.univates.br\/blog\/\/wp-content\/uploads\/2022\/06\/20121123142022_img_0551-min.jpg\" alt=\"\" class=\"wp-image-2443\"\/><figcaption class=\"wp-element-caption\">Foto: Elise Bozzetto<\/figcaption><\/figure>\n\n\n\n<h2 class=\"wp-block-heading\"><mark style=\"background-color:#f78da7\" class=\"has-inline-color\">1. Autonomia na gest\u00e3o do tempo \u23f1\ufe0f<\/mark><\/h2>\n\n\n\n<p>Este \u00e9 um ponto crucial a ser analisado, pois cada pessoa se comporta de maneira diferente no que diz respeito \u00e0 <strong>autonomia nos estudos e gest\u00e3o do tempo<\/strong>.<\/p>\n\n\n\n<p>Enquanto a <strong>gradua\u00e7\u00e3o presencial <\/strong>possui hor\u00e1rios de aulas definidas pontualmente, a <strong>gradua\u00e7\u00e3o EAD<\/strong> oferece uma flexibilidade de hor\u00e1rios bem maior, j\u00e1 que as aulas e as atividades podem ser realizadas em qualquer <strong>dia e hor\u00e1rio<\/strong>, conforme a <strong>disponibilidade<\/strong> do aluno.<\/p>\n\n\n\n<p>A <strong>flexibilidade <\/strong>oferecida pelo ensino a dist\u00e2ncia pode ser positiva para quem possui <strong>compromissos <\/strong>que n\u00e3o se conciliam com o hor\u00e1rio das aulas presenciais e precisa de <strong>autonomia <\/strong>para administrar seu tempo. J\u00e1 outros alunos costumam n\u00e3o se adaptar a essa modalidade e sentem a necessidade de frequentar as aulas <strong>presenciais<\/strong>, com hor\u00e1rios <strong>fixos<\/strong>.<\/p>\n\n\n\n<h2 class=\"wp-block-heading\"><mark style=\"background-color:#8ed1fc\" class=\"has-inline-color has-black-color\">2.<\/mark><mark style=\"background-color:#8ed1fc\" class=\"has-inline-color\"> Contato com colegas e professores \ud83d\udc65<\/mark><\/h2>\n\n\n\n<p>A <strong>gradua\u00e7\u00e3o presencial<\/strong> oferece o diferencial de estabelecer <strong>rela\u00e7\u00f5es mais pr\u00f3ximas<\/strong> entre professores e alunos, gerando <strong>trocas de ideias<\/strong> extremamente ricas e fundamentais para a forma\u00e7\u00e3o acad\u00eamica, al\u00e9m de propiciar um ambiente de <strong><em>networking<\/em><\/strong> que faz muita diferen\u00e7a no mercado de trabalho.<\/p>\n\n\n\n<p>Na <strong>gradua\u00e7\u00e3o EAD<\/strong>, a troca tamb\u00e9m existe! Por meio de <strong>bate-papos<\/strong> ou <strong>conversas<\/strong> nas videoaulas, os estudantes podem interagir entre si e com o professor, mas pode ser menos pr\u00f3xima em raz\u00e3o de ser por uma c\u00e2mera ou troca de mensagens de textos.<\/p>\n\n\n\n<h2 class=\"wp-block-heading\"><mark style=\"background-color:#7bdcb5\" class=\"has-inline-color\">3. Validade dos diplomas \ud83c\udf93<\/mark><\/h2>\n\n\n\n<p>Se voc\u00ea est\u00e1 pensando que pode haver <strong>diferen\u00e7a<\/strong> entre os diplomas de quem cursa uma gradua\u00e7\u00e3o a dist\u00e2ncia ou presencial, voc\u00ea est\u00e1 <strong>enganado<\/strong>!<\/p>\n\n\n\n<p>A forma de estudar pode at\u00e9 ser diferente em alguns aspectos, mas tanto o diploma de uma <strong>gradua\u00e7\u00e3o presencial<\/strong> quanto o de <strong>EAD <\/strong>possuem a mesma validade. Inclusive, no diploma aparecer\u00e1 o seu <strong>grau de especializa\u00e7\u00e3o na \u00e1rea<\/strong>, mas n\u00e3o constar\u00e1 o <strong>m\u00e9todo <\/strong>utilizado para consegui-lo.<\/p>\n\n\n\n<h2 class=\"wp-block-heading\"><mark style=\"background-color:#ff6900\" class=\"has-inline-color has-black-color\">4. Regulamenta\u00e7\u00e3o especial de algumas profiss\u00f5es<\/mark><mark style=\"background-color:#ff6900\" class=\"has-inline-color\"> \ud83d\udccc <\/mark><\/h2>\n\n\n\n<p>Alguns cursos s\u00e3o restritos ao <strong>ensino presencial<\/strong>, pois entende-se que possuem a necessidade de <strong>aulas pr\u00e1ticas<\/strong> e <strong>viv\u00eancias presenciais<\/strong>.<\/p>\n\n\n\n<p>Por exemplo, os cursos da \u00e1rea da <strong>sa\u00fade<\/strong> (Medicina, Fisioterapia, Psicologia, Odontologia&#8230;) existem apenas na modalidade <strong>presencial, <\/strong>para garantir n\u00e3o apenas a forma\u00e7\u00e3o<strong> t\u00e9cnica <\/strong>dos profissionais, mas tamb\u00e9m o devido preparo para <strong>cuidar da vida de outras pessoas<\/strong>.<\/p>\n\n\n\n<h2 class=\"wp-block-heading\"><mark style=\"background-color:#fcb900\" class=\"has-inline-color has-black-color\">5. Utiliza\u00e7\u00e3o de laborat\u00f3rios e infraestrutura imersiva<\/mark><mark style=\"background-color:#fcb900\" class=\"has-inline-color\"> \ud83d\udca1<\/mark><\/h2>\n\n\n\n<p>Um grande diferencial da <strong>gradua\u00e7\u00e3o presencial<\/strong> \u00e9 a realiza\u00e7\u00e3o de aulas em <strong>laborat\u00f3rios<\/strong>, <strong>salas tem\u00e1ticas<\/strong> e <strong>infraestrutura<\/strong> voltada para atender \u00e0s demandas pr\u00e1ticas do curso. Por isso, um ponto essencial a analisar \u00e9 o quanto essa estrutura faria diferen\u00e7a na sua forma\u00e7\u00e3o acad\u00eamica e profissional. <\/p>\n\n\n\n<p>\u27a1\ufe0f Aqui na <strong>Univates<\/strong>, os estudantes da <strong><a href=\"https:\/\/www.univates.br\/ead\/\">gradua\u00e7\u00e3o EAD<\/a> <\/strong>tamb\u00e9m podem utilizar os espa\u00e7os f\u00edsicos da universidade para estudo, apesar de as aulas serem ministradas de maneira virtual.<\/p>\n\n\n\n<h2 class=\"wp-block-heading\"><mark style=\"background-color:#00d084\" class=\"has-inline-color has-black-color\">6.<\/mark><mark style=\"background-color:#00d084\" class=\"has-inline-color\"> Diferen\u00e7a de valores \ud83d\udcb8<\/mark><\/h2>\n\n\n\n<p>Um dos principais pontos que diferencia as duas modalidades \u00e9 o<strong> valor das mensalidades<\/strong>. <\/p>\n\n\n\n<p>A <strong>gradua\u00e7\u00e3o EAD<\/strong> atende a uma turma maior de alunos e n\u00e3o necessita de uma estrutura f\u00edsica. Por isso, acaba se tornando muito mais barata e acess\u00edvel em compara\u00e7\u00e3o com a <strong>gradua\u00e7\u00e3o presencial<\/strong>, que conta com uma infraestrutura maior e, por isso, o <strong>investimento<\/strong> \u00e9 mais alto.<\/p>\n\n\n\n<p><mark style=\"background-color:#7feaea\" class=\"has-inline-color has-black-color\"><strong>E a\u00ed, j\u00e1 decidiu qual a melhor modalidade para voc\u00ea? Espero ter ajudado<\/strong>! \ud83d\ude0a<\/mark><\/p>\n\n\n\n<p><strong>Confira os cursos de <a href=\"https:\/\/www.univates.br\/graduacao\/\">gradua\u00e7\u00e3o presencial<\/a> da Univates.<\/strong><\/p>\n\n\n\n<p><strong>Confira os cursos de <a href=\"https:\/\/www.univates.br\/ead\/\">gradua\u00e7\u00e3o EAD<\/a> da Univates.<\/strong><\/p>\n\n\n\n<p><strong><a href=\"https:\/\/www.univates.br\/blog\/ead-na-faculdade\/\" target=\"_blank\" rel=\"noreferrer noopener\">EAD o que significa<\/a><\/strong><\/p>\n\n\n\n<p>Veja tamb\u00e9m: <a href=\"https:\/\/www.univates.br\/blog\/ead-na-faculdade\/\" target=\"_blank\" rel=\"noreferrer noopener\">Significado de EAD<\/a><\/p>\n","protected":false},"excerpt":{"rendered":"<p>Entender as principais diferen\u00e7as entre a Gradua\u00e7\u00e3o Presencial e Gradua\u00e7\u00e3o EAD \u00e9 fundamental para decidir o rumo da sua trilha profissional. Saiba mais!<\/p>\n","protected":false},"author":2,"featured_media":0,"comment_status":"open","ping_status":"open","sticky":false,"template":"","format":"standard","meta":{"_acf_changed":false,"footnotes":""},"categories":[23,67,28],"class_list":["post-2438","post","type-post","status-publish","format-standard","hentry","category-estudos","category-explore","category-graduacao-ead","autor-gabriel-siqueira"],"acf":[],"yoast_head":"<!-- This site is optimized with the Yoast SEO plugin v27.3 - https:\/\/yoast.com\/product\/yoast-seo-wordpress\/ -->\n<title>6 Diferen\u00e7as Entre Gradua\u00e7\u00e3o Presencial E Gradua\u00e7\u00e3o EAD - Univates Blog<\/title>\n<meta name=\"description\" content=\"Entenda as principais diferen\u00e7as entre a gradua\u00e7\u00e3o presencial e a gradua\u00e7\u00e3o EAD e descubra qual modalidade \u00e9 a ideal para voc\u00ea. %\" \/>\n<meta name=\"robots\" content=\"index, follow, max-snippet:-1, max-image-preview:large, max-video-preview:-1\" \/>\n<link rel=\"canonical\" href=\"https:\/\/www.univates.br\/blog\/6-diferencas-entre-graduacao-presencial-e-graduacao-ead\/\" \/>\n<meta property=\"og:locale\" content=\"pt_BR\" \/>\n<meta property=\"og:type\" content=\"article\" \/>\n<meta property=\"og:title\" content=\"6 Diferen\u00e7as Entre Gradua\u00e7\u00e3o Presencial E Gradua\u00e7\u00e3o EAD - Univates Blog\" \/>\n<meta property=\"og:description\" content=\"Entenda as principais diferen\u00e7as entre a gradua\u00e7\u00e3o presencial e a gradua\u00e7\u00e3o EAD e descubra qual modalidade \u00e9 a ideal para voc\u00ea. %\" \/>\n<meta property=\"og:url\" content=\"https:\/\/www.univates.br\/blog\/6-diferencas-entre-graduacao-presencial-e-graduacao-ead\/\" \/>\n<meta property=\"og:site_name\" content=\"Univates Blog\" \/>\n<meta property=\"article:published_time\" content=\"2022-07-07T11:35:00+00:00\" \/>\n<meta property=\"article:modified_time\" content=\"2026-03-10T15:08:37+00:00\" \/>\n<meta property=\"og:image\" content=\"https:\/\/www.univates.br\/blog\/wp-content\/uploads\/2022\/06\/20121123142022_img_0551-min.jpg\" \/>\n\t<meta property=\"og:image:width\" content=\"3888\" \/>\n\t<meta property=\"og:image:height\" content=\"2592\" \/>\n\t<meta property=\"og:image:type\" content=\"image\/jpeg\" \/>\n<meta name=\"author\" content=\"Marketing Univates\" \/>\n<meta name=\"twitter:card\" content=\"summary_large_image\" \/>\n<meta name=\"twitter:label1\" content=\"Escrito por\" \/>\n\t<meta name=\"twitter:data1\" content=\"Marketing Univates\" \/>\n\t<meta name=\"twitter:label2\" content=\"Est. tempo de leitura\" \/>\n\t<meta name=\"twitter:data2\" content=\"4 minutos\" \/>\n<script type=\"application\/ld+json\" class=\"yoast-schema-graph\">{\"@context\":\"https:\\\/\\\/schema.org\",\"@graph\":[{\"@type\":\"Article\",\"@id\":\"https:\\\/\\\/www.univates.br\\\/blog\\\/6-diferencas-entre-graduacao-presencial-e-graduacao-ead\\\/#article\",\"isPartOf\":{\"@id\":\"https:\\\/\\\/www.univates.br\\\/blog\\\/6-diferencas-entre-graduacao-presencial-e-graduacao-ead\\\/\"},\"author\":{\"name\":\"Marketing Univates\",\"@id\":\"https:\\\/\\\/www.univates.br\\\/blog\\\/#\\\/schema\\\/person\\\/15c63917440cc5e70160c247b309af2f\"},\"headline\":\"6 Diferen\u00e7as Entre Gradua\u00e7\u00e3o Presencial E Gradua\u00e7\u00e3o EAD\",\"datePublished\":\"2022-07-07T11:35:00+00:00\",\"dateModified\":\"2026-03-10T15:08:37+00:00\",\"mainEntityOfPage\":{\"@id\":\"https:\\\/\\\/www.univates.br\\\/blog\\\/6-diferencas-entre-graduacao-presencial-e-graduacao-ead\\\/\"},\"wordCount\":671,\"commentCount\":0,\"image\":{\"@id\":\"https:\\\/\\\/www.univates.br\\\/blog\\\/6-diferencas-entre-graduacao-presencial-e-graduacao-ead\\\/#primaryimage\"},\"thumbnailUrl\":\"https:\\\/\\\/www.univates.br\\\/blog\\\/\\\/wp-content\\\/uploads\\\/2022\\\/06\\\/20121123142022_img_0551-min.jpg\",\"articleSection\":[\"Estudos\",\"Explore\",\"Gradua\u00e7\u00e3o EAD\"],\"inLanguage\":\"pt-BR\",\"potentialAction\":[{\"@type\":\"CommentAction\",\"name\":\"Comment\",\"target\":[\"https:\\\/\\\/www.univates.br\\\/blog\\\/6-diferencas-entre-graduacao-presencial-e-graduacao-ead\\\/#respond\"]}]},{\"@type\":\"WebPage\",\"@id\":\"https:\\\/\\\/www.univates.br\\\/blog\\\/6-diferencas-entre-graduacao-presencial-e-graduacao-ead\\\/\",\"url\":\"https:\\\/\\\/www.univates.br\\\/blog\\\/6-diferencas-entre-graduacao-presencial-e-graduacao-ead\\\/\",\"name\":\"6 Diferen\u00e7as Entre Gradua\u00e7\u00e3o Presencial E Gradua\u00e7\u00e3o EAD - Univates Blog\",\"isPartOf\":{\"@id\":\"https:\\\/\\\/www.univates.br\\\/blog\\\/#website\"},\"primaryImageOfPage\":{\"@id\":\"https:\\\/\\\/www.univates.br\\\/blog\\\/6-diferencas-entre-graduacao-presencial-e-graduacao-ead\\\/#primaryimage\"},\"image\":{\"@id\":\"https:\\\/\\\/www.univates.br\\\/blog\\\/6-diferencas-entre-graduacao-presencial-e-graduacao-ead\\\/#primaryimage\"},\"thumbnailUrl\":\"https:\\\/\\\/www.univates.br\\\/blog\\\/\\\/wp-content\\\/uploads\\\/2022\\\/06\\\/20121123142022_img_0551-min.jpg\",\"datePublished\":\"2022-07-07T11:35:00+00:00\",\"dateModified\":\"2026-03-10T15:08:37+00:00\",\"author\":{\"@id\":\"https:\\\/\\\/www.univates.br\\\/blog\\\/#\\\/schema\\\/person\\\/15c63917440cc5e70160c247b309af2f\"},\"description\":\"Entenda as principais diferen\u00e7as entre a gradua\u00e7\u00e3o presencial e a gradua\u00e7\u00e3o EAD e descubra qual modalidade \u00e9 a ideal para voc\u00ea. %\",\"breadcrumb\":{\"@id\":\"https:\\\/\\\/www.univates.br\\\/blog\\\/6-diferencas-entre-graduacao-presencial-e-graduacao-ead\\\/#breadcrumb\"},\"inLanguage\":\"pt-BR\",\"potentialAction\":[{\"@type\":\"ReadAction\",\"target\":[\"https:\\\/\\\/www.univates.br\\\/blog\\\/6-diferencas-entre-graduacao-presencial-e-graduacao-ead\\\/\"]}]},{\"@type\":\"ImageObject\",\"inLanguage\":\"pt-BR\",\"@id\":\"https:\\\/\\\/www.univates.br\\\/blog\\\/6-diferencas-entre-graduacao-presencial-e-graduacao-ead\\\/#primaryimage\",\"url\":\"https:\\\/\\\/www.univates.br\\\/blog\\\/wp-content\\\/uploads\\\/2022\\\/06\\\/20121123142022_img_0551-min.jpg\",\"contentUrl\":\"https:\\\/\\\/www.univates.br\\\/blog\\\/wp-content\\\/uploads\\\/2022\\\/06\\\/20121123142022_img_0551-min.jpg\",\"width\":3888,\"height\":2592},{\"@type\":\"BreadcrumbList\",\"@id\":\"https:\\\/\\\/www.univates.br\\\/blog\\\/6-diferencas-entre-graduacao-presencial-e-graduacao-ead\\\/#breadcrumb\",\"itemListElement\":[{\"@type\":\"ListItem\",\"position\":1,\"name\":\"Home\",\"item\":\"https:\\\/\\\/www.univates.br\\\/blog\\\/\"},{\"@type\":\"ListItem\",\"position\":2,\"name\":\"6 Diferen\u00e7as Entre Gradua\u00e7\u00e3o Presencial E Gradua\u00e7\u00e3o EAD\"}]},{\"@type\":\"WebSite\",\"@id\":\"https:\\\/\\\/www.univates.br\\\/blog\\\/#website\",\"url\":\"https:\\\/\\\/www.univates.br\\\/blog\\\/\",\"name\":\"Univates Blog\",\"description\":\"\",\"potentialAction\":[{\"@type\":\"SearchAction\",\"target\":{\"@type\":\"EntryPoint\",\"urlTemplate\":\"https:\\\/\\\/www.univates.br\\\/blog\\\/?s={search_term_string}\"},\"query-input\":{\"@type\":\"PropertyValueSpecification\",\"valueRequired\":true,\"valueName\":\"search_term_string\"}}],\"inLanguage\":\"pt-BR\"},{\"@type\":\"Person\",\"@id\":\"https:\\\/\\\/www.univates.br\\\/blog\\\/#\\\/schema\\\/person\\\/15c63917440cc5e70160c247b309af2f\",\"name\":\"Marketing Univates\",\"image\":{\"@type\":\"ImageObject\",\"inLanguage\":\"pt-BR\",\"@id\":\"https:\\\/\\\/secure.gravatar.com\\\/avatar\\\/511f9e77a6a3d0cddd9074f69a722364bc7f787e73d4a0da1f727ba62704eda4?s=96&d=mm&r=g\",\"url\":\"https:\\\/\\\/secure.gravatar.com\\\/avatar\\\/511f9e77a6a3d0cddd9074f69a722364bc7f787e73d4a0da1f727ba62704eda4?s=96&d=mm&r=g\",\"contentUrl\":\"https:\\\/\\\/secure.gravatar.com\\\/avatar\\\/511f9e77a6a3d0cddd9074f69a722364bc7f787e73d4a0da1f727ba62704eda4?s=96&d=mm&r=g\",\"caption\":\"Marketing Univates\"},\"sameAs\":[\"http:\\\/\\\/univates.br\"],\"url\":\"https:\\\/\\\/www.univates.br\\\/blog\\\/author\\\/marketing\\\/\"}]}<\/script>\n<!-- \/ Yoast SEO plugin. -->","yoast_head_json":{"title":"6 Diferen\u00e7as Entre Gradua\u00e7\u00e3o Presencial E Gradua\u00e7\u00e3o EAD - Univates Blog","description":"Entenda as principais diferen\u00e7as entre a gradua\u00e7\u00e3o presencial e a gradua\u00e7\u00e3o EAD e descubra qual modalidade \u00e9 a ideal para voc\u00ea. %","robots":{"index":"index","follow":"follow","max-snippet":"max-snippet:-1","max-image-preview":"max-image-preview:large","max-video-preview":"max-video-preview:-1"},"canonical":"https:\/\/www.univates.br\/blog\/6-diferencas-entre-graduacao-presencial-e-graduacao-ead\/","og_locale":"pt_BR","og_type":"article","og_title":"6 Diferen\u00e7as Entre Gradua\u00e7\u00e3o Presencial E Gradua\u00e7\u00e3o EAD - Univates Blog","og_description":"Entenda as principais diferen\u00e7as entre a gradua\u00e7\u00e3o presencial e a gradua\u00e7\u00e3o EAD e descubra qual modalidade \u00e9 a ideal para voc\u00ea. %","og_url":"https:\/\/www.univates.br\/blog\/6-diferencas-entre-graduacao-presencial-e-graduacao-ead\/","og_site_name":"Univates Blog","article_published_time":"2022-07-07T11:35:00+00:00","article_modified_time":"2026-03-10T15:08:37+00:00","og_image":[{"width":3888,"height":2592,"url":"https:\/\/www.univates.br\/blog\/wp-content\/uploads\/2022\/06\/20121123142022_img_0551-min.jpg","type":"image\/jpeg"}],"author":"Marketing Univates","twitter_card":"summary_large_image","twitter_misc":{"Escrito por":"Marketing Univates","Est. tempo de leitura":"4 minutos"},"schema":{"@context":"https:\/\/schema.org","@graph":[{"@type":"Article","@id":"https:\/\/www.univates.br\/blog\/6-diferencas-entre-graduacao-presencial-e-graduacao-ead\/#article","isPartOf":{"@id":"https:\/\/www.univates.br\/blog\/6-diferencas-entre-graduacao-presencial-e-graduacao-ead\/"},"author":{"name":"Marketing Univates","@id":"https:\/\/www.univates.br\/blog\/#\/schema\/person\/15c63917440cc5e70160c247b309af2f"},"headline":"6 Diferen\u00e7as Entre Gradua\u00e7\u00e3o Presencial E Gradua\u00e7\u00e3o EAD","datePublished":"2022-07-07T11:35:00+00:00","dateModified":"2026-03-10T15:08:37+00:00","mainEntityOfPage":{"@id":"https:\/\/www.univates.br\/blog\/6-diferencas-entre-graduacao-presencial-e-graduacao-ead\/"},"wordCount":671,"commentCount":0,"image":{"@id":"https:\/\/www.univates.br\/blog\/6-diferencas-entre-graduacao-presencial-e-graduacao-ead\/#primaryimage"},"thumbnailUrl":"https:\/\/www.univates.br\/blog\/\/wp-content\/uploads\/2022\/06\/20121123142022_img_0551-min.jpg","articleSection":["Estudos","Explore","Gradua\u00e7\u00e3o EAD"],"inLanguage":"pt-BR","potentialAction":[{"@type":"CommentAction","name":"Comment","target":["https:\/\/www.univates.br\/blog\/6-diferencas-entre-graduacao-presencial-e-graduacao-ead\/#respond"]}]},{"@type":"WebPage","@id":"https:\/\/www.univates.br\/blog\/6-diferencas-entre-graduacao-presencial-e-graduacao-ead\/","url":"https:\/\/www.univates.br\/blog\/6-diferencas-entre-graduacao-presencial-e-graduacao-ead\/","name":"6 Diferen\u00e7as Entre Gradua\u00e7\u00e3o Presencial E Gradua\u00e7\u00e3o EAD - Univates Blog","isPartOf":{"@id":"https:\/\/www.univates.br\/blog\/#website"},"primaryImageOfPage":{"@id":"https:\/\/www.univates.br\/blog\/6-diferencas-entre-graduacao-presencial-e-graduacao-ead\/#primaryimage"},"image":{"@id":"https:\/\/www.univates.br\/blog\/6-diferencas-entre-graduacao-presencial-e-graduacao-ead\/#primaryimage"},"thumbnailUrl":"https:\/\/www.univates.br\/blog\/\/wp-content\/uploads\/2022\/06\/20121123142022_img_0551-min.jpg","datePublished":"2022-07-07T11:35:00+00:00","dateModified":"2026-03-10T15:08:37+00:00","author":{"@id":"https:\/\/www.univates.br\/blog\/#\/schema\/person\/15c63917440cc5e70160c247b309af2f"},"description":"Entenda as principais diferen\u00e7as entre a gradua\u00e7\u00e3o presencial e a gradua\u00e7\u00e3o EAD e descubra qual modalidade \u00e9 a ideal para voc\u00ea. %","breadcrumb":{"@id":"https:\/\/www.univates.br\/blog\/6-diferencas-entre-graduacao-presencial-e-graduacao-ead\/#breadcrumb"},"inLanguage":"pt-BR","potentialAction":[{"@type":"ReadAction","target":["https:\/\/www.univates.br\/blog\/6-diferencas-entre-graduacao-presencial-e-graduacao-ead\/"]}]},{"@type":"ImageObject","inLanguage":"pt-BR","@id":"https:\/\/www.univates.br\/blog\/6-diferencas-entre-graduacao-presencial-e-graduacao-ead\/#primaryimage","url":"https:\/\/www.univates.br\/blog\/wp-content\/uploads\/2022\/06\/20121123142022_img_0551-min.jpg","contentUrl":"https:\/\/www.univates.br\/blog\/wp-content\/uploads\/2022\/06\/20121123142022_img_0551-min.jpg","width":3888,"height":2592},{"@type":"BreadcrumbList","@id":"https:\/\/www.univates.br\/blog\/6-diferencas-entre-graduacao-presencial-e-graduacao-ead\/#breadcrumb","itemListElement":[{"@type":"ListItem","position":1,"name":"Home","item":"https:\/\/www.univates.br\/blog\/"},{"@type":"ListItem","position":2,"name":"6 Diferen\u00e7as Entre Gradua\u00e7\u00e3o Presencial E Gradua\u00e7\u00e3o EAD"}]},{"@type":"WebSite","@id":"https:\/\/www.univates.br\/blog\/#website","url":"https:\/\/www.univates.br\/blog\/","name":"Univates Blog","description":"","potentialAction":[{"@type":"SearchAction","target":{"@type":"EntryPoint","urlTemplate":"https:\/\/www.univates.br\/blog\/?s={search_term_string}"},"query-input":{"@type":"PropertyValueSpecification","valueRequired":true,"valueName":"search_term_string"}}],"inLanguage":"pt-BR"},{"@type":"Person","@id":"https:\/\/www.univates.br\/blog\/#\/schema\/person\/15c63917440cc5e70160c247b309af2f","name":"Marketing Univates","image":{"@type":"ImageObject","inLanguage":"pt-BR","@id":"https:\/\/secure.gravatar.com\/avatar\/511f9e77a6a3d0cddd9074f69a722364bc7f787e73d4a0da1f727ba62704eda4?s=96&d=mm&r=g","url":"https:\/\/secure.gravatar.com\/avatar\/511f9e77a6a3d0cddd9074f69a722364bc7f787e73d4a0da1f727ba62704eda4?s=96&d=mm&r=g","contentUrl":"https:\/\/secure.gravatar.com\/avatar\/511f9e77a6a3d0cddd9074f69a722364bc7f787e73d4a0da1f727ba62704eda4?s=96&d=mm&r=g","caption":"Marketing Univates"},"sameAs":["http:\/\/univates.br"],"url":"https:\/\/www.univates.br\/blog\/author\/marketing\/"}]}},"_links":{"self":[{"href":"https:\/\/www.univates.br\/blog\/wp-json\/wp\/v2\/posts\/2438","targetHints":{"allow":["GET"]}}],"collection":[{"href":"https:\/\/www.univates.br\/blog\/wp-json\/wp\/v2\/posts"}],"about":[{"href":"https:\/\/www.univates.br\/blog\/wp-json\/wp\/v2\/types\/post"}],"author":[{"embeddable":true,"href":"https:\/\/www.univates.br\/blog\/wp-json\/wp\/v2\/users\/2"}],"replies":[{"embeddable":true,"href":"https:\/\/www.univates.br\/blog\/wp-json\/wp\/v2\/comments?post=2438"}],"version-history":[{"count":28,"href":"https:\/\/www.univates.br\/blog\/wp-json\/wp\/v2\/posts\/2438\/revisions"}],"predecessor-version":[{"id":7377,"href":"https:\/\/www.univates.br\/blog\/wp-json\/wp\/v2\/posts\/2438\/revisions\/7377"}],"wp:attachment":[{"href":"https:\/\/www.univates.br\/blog\/wp-json\/wp\/v2\/media?parent=2438"}],"wp:term":[{"taxonomy":"category","embeddable":true,"href":"https:\/\/www.univates.br\/blog\/wp-json\/wp\/v2\/categories?post=2438"}],"curies":[{"name":"wp","href":"https:\/\/api.w.org\/{rel}","templated":true}]}}