{"id":2487,"date":"2022-08-17T09:00:00","date_gmt":"2022-08-17T12:00:00","guid":{"rendered":"https:\/\/www.univates.br\/blog\/\/?p=2487"},"modified":"2024-01-18T13:51:13","modified_gmt":"2024-01-18T16:51:13","slug":"descubra-o-seu-perfil-profissional","status":"publish","type":"post","link":"https:\/\/www.univates.br\/blog\/descubra-o-seu-perfil-profissional\/","title":{"rendered":"Descubra Qual \u00c9 O Seu Perfil Profissional"},"content":{"rendered":"\n<p>Todo perfil profissional \u00e9 necess\u00e1rio para o bom funcionamento de uma empresa, j\u00e1 que cada um tem seus pontos fortes. Por isso, conhecer o seu \u00e9 essencial para saber as fun\u00e7\u00f5es que melhor te acolhem dentro do mercado de trabalho!<\/p>\n\n\n\n<h2 class=\"wp-block-heading\"><strong>Conhe\u00e7a 4 perfis profissionais<\/strong><\/h2>\n\n\n\n<p>Entre cada perfil profissional apresentado aqui, voc\u00ea ver\u00e1 qualidades e pontos de aten\u00e7\u00e3o. Cada um trabalha de maneira bastante distinta e, \u00e0s vezes, voc\u00ea pode at\u00e9 se identificar com caracter\u00edsticas de mais de um. O importante \u00e9 encontrar aquele com mais correspond\u00eancia!<\/p>\n\n\n\n<p>Confira:<\/p>\n\n\n\n<h3 class=\"wp-block-heading\"><strong>Perfil comunicativo<\/strong><\/h3>\n\n\n\n<p>Os profissionais comunicadores dentro de uma empresa s\u00e3o:<\/p>\n\n\n\n<ul class=\"wp-block-list\"><li>agentes de motiva\u00e7\u00e3o;<\/li><li>persuasivos;<\/li><li>otimistas e emp\u00e1ticos;<\/li><li>mediadores excelentes de conflito;<\/li><li>qualificados para atendimento;<\/li><li>menos cr\u00edticos com a viabilidade das tarefas.<\/li><\/ul>\n\n\n\n<h3 class=\"wp-block-heading\"><strong>Perfil planejador<\/strong><\/h3>\n\n\n\n<p>Os colaboradores planejadores tendem a:<\/p>\n\n\n\n<ul class=\"wp-block-list\"><li>serem organizados;<\/li><li>manter uma rotina r\u00edgida;<\/li><li>ter um ritmo constante de execu\u00e7\u00e3o;<\/li><li>trabalhar bem em equipe;<\/li><li>gostarem de controle;<\/li><li>terem vis\u00f5es menos otimistas.<\/li><\/ul>\n\n\n\n<h3 class=\"wp-block-heading\"><strong>Perfil executor<\/strong><\/h3>\n\n\n\n<p>Os tra\u00e7os mais comuns encontrados no perfil executor s\u00e3o:<\/p>\n\n\n\n<ul class=\"wp-block-list\"><li>autoconfian\u00e7a;<\/li><li>senso de competitividade;<\/li><li>gosto por desafios e obst\u00e1culos;<\/li><li>disposi\u00e7\u00e3o para lidar com riscos;<\/li><li>necessidade de liberdade;<\/li><li>resist\u00eancia a regras.<\/li><\/ul>\n\n\n\n<h3 class=\"wp-block-heading\"><strong>Perfil analista<\/strong><\/h3>\n\n\n\n<p>Para profissionais anal\u00edticos, vemos uma tend\u00eancia \u00e0s seguintes caracter\u00edsticas:<\/p>\n\n\n\n<ul class=\"wp-block-list\"><li>afinidade com racioc\u00ednio l\u00f3gico;<\/li><li>capacidade de an\u00e1lise;<\/li><li>detalhismo;<\/li><li>adapta\u00e7\u00e3o com rotinas e processos;<\/li><li>gosto por estabilidade;<\/li><li>perfeccionismo.<\/li><\/ul>\n\n\n\n<h2 class=\"wp-block-heading\"><strong>Qual \u00e9 a import\u00e2ncia de conhecer seu perfil profissional?<\/strong><\/h2>\n\n\n\n<p>E ent\u00e3o, agora voc\u00ea sabe qual o seu perfil profissional? Como dissemos, reconhecer isso vai te ajudar a identificar suas for\u00e7as e fraquezas. Essa \u00e9 uma forma muito direta e simples de entender que tipo de treinamento e capacita\u00e7\u00e3o s\u00e3o necess\u00e1rios para crescer dentro de determinada empresa.<\/p>\n\n\n\n<p>Assim, tamb\u00e9m \u00e9 poss\u00edvel entender os perfis que melhor correspondem com a realidade do trabalho de cada \u00e1rea, o que \u00e9 essencial para <a href=\"https:\/\/www.univates.br\/blog\/\/o-que-avaliar-para-escolher-curso-de-graduacao-ideal\/\">escolher o curso de gradua\u00e7\u00e3o ideal<\/a>, pois permite que voc\u00ea se prepare e evite frustra\u00e7\u00f5es.<\/p>\n\n\n\n<p>Ou seja, reconhecer em qual dos perfis profissionais voc\u00ea melhor se encaixa abre espa\u00e7o para um planejamento assertivo da sua carreira, porque apresenta os pr\u00f3ximos passos de maneira bastante clara.<\/p>\n\n\n\n<p>O mundo do mercado de trabalho pode parecer muito complicado, mas analisar seu comportamento, qualidades e pontos de melhoria \u00e9 um \u00f3timo primeiro passo. Por isso, agora que j\u00e1 sabe que tipo de profissional voc\u00ea \u00e9, conhe\u00e7a em mais detalhes <a href=\"https:\/\/www.univates.br\/blog\/\/importancia-de-fazer-um-plano-de-carreira-personalizado\/\">a import\u00e2ncia de criar seu plano de carreira personalizado<\/a> e continue enfrentando essa jornada!<\/p>\n","protected":false},"excerpt":{"rendered":"<p>Ao conhecer seu perfil profissional, voc\u00ea pode se preparar melhor para a gradua\u00e7\u00e3o e para o mercado de trabalho. Afinal, determinadas fun\u00e7\u00f5es t\u00eam mais afinidades com perfis espec\u00edficos. Saiba mais!<\/p>\n","protected":false},"author":3,"featured_media":0,"comment_status":"open","ping_status":"open","sticky":false,"template":"","format":"standard","meta":{"_acf_changed":false,"footnotes":""},"categories":[23,67],"class_list":["post-2487","post","type-post","status-publish","format-standard","hentry","category-estudos","category-explore"],"acf":[],"yoast_head":"<!-- This site is optimized with the Yoast SEO plugin v27.3 - https:\/\/yoast.com\/product\/yoast-seo-wordpress\/ -->\n<title>Descubra Qual \u00c9 O Seu Perfil Profissional | Blog Univates<\/title>\n<meta name=\"description\" content=\"Saber o seu perfil profissional \u00e9 importante para saber o tipo de trabalho que melhor funciona para voc\u00ea e identificar pontos de melhoria.\" \/>\n<meta name=\"robots\" content=\"index, follow, max-snippet:-1, max-image-preview:large, max-video-preview:-1\" \/>\n<link rel=\"canonical\" href=\"https:\/\/www.univates.br\/blog\/descubra-o-seu-perfil-profissional\/\" \/>\n<meta property=\"og:locale\" content=\"pt_BR\" \/>\n<meta property=\"og:type\" content=\"article\" \/>\n<meta property=\"og:title\" content=\"Descubra Qual \u00c9 O Seu Perfil Profissional | Blog Univates\" \/>\n<meta property=\"og:description\" content=\"Saber o seu perfil profissional \u00e9 importante para saber o tipo de trabalho que melhor funciona para voc\u00ea e identificar pontos de melhoria.\" \/>\n<meta property=\"og:url\" content=\"https:\/\/www.univates.br\/blog\/descubra-o-seu-perfil-profissional\/\" \/>\n<meta property=\"og:site_name\" content=\"Univates Blog\" \/>\n<meta property=\"article:published_time\" content=\"2022-08-17T12:00:00+00:00\" \/>\n<meta property=\"article:modified_time\" content=\"2024-01-18T16:51:13+00:00\" \/>\n<meta name=\"author\" content=\"mestre\" \/>\n<meta name=\"twitter:card\" content=\"summary_large_image\" \/>\n<meta name=\"twitter:label1\" content=\"Escrito por\" \/>\n\t<meta name=\"twitter:data1\" content=\"mestre\" \/>\n\t<meta name=\"twitter:label2\" content=\"Est. tempo de leitura\" \/>\n\t<meta name=\"twitter:data2\" content=\"3 minutos\" \/>\n<script type=\"application\/ld+json\" class=\"yoast-schema-graph\">{\"@context\":\"https:\\\/\\\/schema.org\",\"@graph\":[{\"@type\":\"Article\",\"@id\":\"https:\\\/\\\/www.univates.br\\\/blog\\\/descubra-o-seu-perfil-profissional\\\/#article\",\"isPartOf\":{\"@id\":\"https:\\\/\\\/www.univates.br\\\/blog\\\/descubra-o-seu-perfil-profissional\\\/\"},\"author\":{\"name\":\"mestre\",\"@id\":\"https:\\\/\\\/www.univates.br\\\/blog\\\/#\\\/schema\\\/person\\\/b5e60d66743155425f8296f61ab039b7\"},\"headline\":\"Descubra Qual \u00c9 O Seu Perfil Profissional\",\"datePublished\":\"2022-08-17T12:00:00+00:00\",\"dateModified\":\"2024-01-18T16:51:13+00:00\",\"mainEntityOfPage\":{\"@id\":\"https:\\\/\\\/www.univates.br\\\/blog\\\/descubra-o-seu-perfil-profissional\\\/\"},\"wordCount\":421,\"commentCount\":0,\"articleSection\":[\"Estudos\",\"Explore\"],\"inLanguage\":\"pt-BR\",\"potentialAction\":[{\"@type\":\"CommentAction\",\"name\":\"Comment\",\"target\":[\"https:\\\/\\\/www.univates.br\\\/blog\\\/descubra-o-seu-perfil-profissional\\\/#respond\"]}]},{\"@type\":\"WebPage\",\"@id\":\"https:\\\/\\\/www.univates.br\\\/blog\\\/descubra-o-seu-perfil-profissional\\\/\",\"url\":\"https:\\\/\\\/www.univates.br\\\/blog\\\/descubra-o-seu-perfil-profissional\\\/\",\"name\":\"Descubra Qual \u00c9 O Seu Perfil Profissional | Blog Univates\",\"isPartOf\":{\"@id\":\"https:\\\/\\\/www.univates.br\\\/blog\\\/#website\"},\"datePublished\":\"2022-08-17T12:00:00+00:00\",\"dateModified\":\"2024-01-18T16:51:13+00:00\",\"author\":{\"@id\":\"https:\\\/\\\/www.univates.br\\\/blog\\\/#\\\/schema\\\/person\\\/b5e60d66743155425f8296f61ab039b7\"},\"description\":\"Saber o seu perfil profissional \u00e9 importante para saber o tipo de trabalho que melhor funciona para voc\u00ea e identificar pontos de melhoria.\",\"breadcrumb\":{\"@id\":\"https:\\\/\\\/www.univates.br\\\/blog\\\/descubra-o-seu-perfil-profissional\\\/#breadcrumb\"},\"inLanguage\":\"pt-BR\",\"potentialAction\":[{\"@type\":\"ReadAction\",\"target\":[\"https:\\\/\\\/www.univates.br\\\/blog\\\/descubra-o-seu-perfil-profissional\\\/\"]}]},{\"@type\":\"BreadcrumbList\",\"@id\":\"https:\\\/\\\/www.univates.br\\\/blog\\\/descubra-o-seu-perfil-profissional\\\/#breadcrumb\",\"itemListElement\":[{\"@type\":\"ListItem\",\"position\":1,\"name\":\"Home\",\"item\":\"https:\\\/\\\/www.univates.br\\\/blog\\\/\"},{\"@type\":\"ListItem\",\"position\":2,\"name\":\"Descubra Qual \u00c9 O Seu Perfil Profissional\"}]},{\"@type\":\"WebSite\",\"@id\":\"https:\\\/\\\/www.univates.br\\\/blog\\\/#website\",\"url\":\"https:\\\/\\\/www.univates.br\\\/blog\\\/\",\"name\":\"Univates Blog\",\"description\":\"\",\"potentialAction\":[{\"@type\":\"SearchAction\",\"target\":{\"@type\":\"EntryPoint\",\"urlTemplate\":\"https:\\\/\\\/www.univates.br\\\/blog\\\/?s={search_term_string}\"},\"query-input\":{\"@type\":\"PropertyValueSpecification\",\"valueRequired\":true,\"valueName\":\"search_term_string\"}}],\"inLanguage\":\"pt-BR\"},{\"@type\":\"Person\",\"@id\":\"https:\\\/\\\/www.univates.br\\\/blog\\\/#\\\/schema\\\/person\\\/b5e60d66743155425f8296f61ab039b7\",\"name\":\"mestre\",\"image\":{\"@type\":\"ImageObject\",\"inLanguage\":\"pt-BR\",\"@id\":\"https:\\\/\\\/secure.gravatar.com\\\/avatar\\\/31a270f52fdbf8b0362bf6c458a4421ca68b7662311293aef439c4f762a64dab?s=96&d=mm&r=g\",\"url\":\"https:\\\/\\\/secure.gravatar.com\\\/avatar\\\/31a270f52fdbf8b0362bf6c458a4421ca68b7662311293aef439c4f762a64dab?s=96&d=mm&r=g\",\"contentUrl\":\"https:\\\/\\\/secure.gravatar.com\\\/avatar\\\/31a270f52fdbf8b0362bf6c458a4421ca68b7662311293aef439c4f762a64dab?s=96&d=mm&r=g\",\"caption\":\"mestre\"},\"url\":\"https:\\\/\\\/www.univates.br\\\/blog\\\/author\\\/mestre\\\/\"}]}<\/script>\n<!-- \/ Yoast SEO plugin. -->","yoast_head_json":{"title":"Descubra Qual \u00c9 O Seu Perfil Profissional | Blog Univates","description":"Saber o seu perfil profissional \u00e9 importante para saber o tipo de trabalho que melhor funciona para voc\u00ea e identificar pontos de melhoria.","robots":{"index":"index","follow":"follow","max-snippet":"max-snippet:-1","max-image-preview":"max-image-preview:large","max-video-preview":"max-video-preview:-1"},"canonical":"https:\/\/www.univates.br\/blog\/descubra-o-seu-perfil-profissional\/","og_locale":"pt_BR","og_type":"article","og_title":"Descubra Qual \u00c9 O Seu Perfil Profissional | Blog Univates","og_description":"Saber o seu perfil profissional \u00e9 importante para saber o tipo de trabalho que melhor funciona para voc\u00ea e identificar pontos de melhoria.","og_url":"https:\/\/www.univates.br\/blog\/descubra-o-seu-perfil-profissional\/","og_site_name":"Univates Blog","article_published_time":"2022-08-17T12:00:00+00:00","article_modified_time":"2024-01-18T16:51:13+00:00","author":"mestre","twitter_card":"summary_large_image","twitter_misc":{"Escrito por":"mestre","Est. tempo de leitura":"3 minutos"},"schema":{"@context":"https:\/\/schema.org","@graph":[{"@type":"Article","@id":"https:\/\/www.univates.br\/blog\/descubra-o-seu-perfil-profissional\/#article","isPartOf":{"@id":"https:\/\/www.univates.br\/blog\/descubra-o-seu-perfil-profissional\/"},"author":{"name":"mestre","@id":"https:\/\/www.univates.br\/blog\/#\/schema\/person\/b5e60d66743155425f8296f61ab039b7"},"headline":"Descubra Qual \u00c9 O Seu Perfil Profissional","datePublished":"2022-08-17T12:00:00+00:00","dateModified":"2024-01-18T16:51:13+00:00","mainEntityOfPage":{"@id":"https:\/\/www.univates.br\/blog\/descubra-o-seu-perfil-profissional\/"},"wordCount":421,"commentCount":0,"articleSection":["Estudos","Explore"],"inLanguage":"pt-BR","potentialAction":[{"@type":"CommentAction","name":"Comment","target":["https:\/\/www.univates.br\/blog\/descubra-o-seu-perfil-profissional\/#respond"]}]},{"@type":"WebPage","@id":"https:\/\/www.univates.br\/blog\/descubra-o-seu-perfil-profissional\/","url":"https:\/\/www.univates.br\/blog\/descubra-o-seu-perfil-profissional\/","name":"Descubra Qual \u00c9 O Seu Perfil Profissional | Blog Univates","isPartOf":{"@id":"https:\/\/www.univates.br\/blog\/#website"},"datePublished":"2022-08-17T12:00:00+00:00","dateModified":"2024-01-18T16:51:13+00:00","author":{"@id":"https:\/\/www.univates.br\/blog\/#\/schema\/person\/b5e60d66743155425f8296f61ab039b7"},"description":"Saber o seu perfil profissional \u00e9 importante para saber o tipo de trabalho que melhor funciona para voc\u00ea e identificar pontos de melhoria.","breadcrumb":{"@id":"https:\/\/www.univates.br\/blog\/descubra-o-seu-perfil-profissional\/#breadcrumb"},"inLanguage":"pt-BR","potentialAction":[{"@type":"ReadAction","target":["https:\/\/www.univates.br\/blog\/descubra-o-seu-perfil-profissional\/"]}]},{"@type":"BreadcrumbList","@id":"https:\/\/www.univates.br\/blog\/descubra-o-seu-perfil-profissional\/#breadcrumb","itemListElement":[{"@type":"ListItem","position":1,"name":"Home","item":"https:\/\/www.univates.br\/blog\/"},{"@type":"ListItem","position":2,"name":"Descubra Qual \u00c9 O Seu Perfil Profissional"}]},{"@type":"WebSite","@id":"https:\/\/www.univates.br\/blog\/#website","url":"https:\/\/www.univates.br\/blog\/","name":"Univates Blog","description":"","potentialAction":[{"@type":"SearchAction","target":{"@type":"EntryPoint","urlTemplate":"https:\/\/www.univates.br\/blog\/?s={search_term_string}"},"query-input":{"@type":"PropertyValueSpecification","valueRequired":true,"valueName":"search_term_string"}}],"inLanguage":"pt-BR"},{"@type":"Person","@id":"https:\/\/www.univates.br\/blog\/#\/schema\/person\/b5e60d66743155425f8296f61ab039b7","name":"mestre","image":{"@type":"ImageObject","inLanguage":"pt-BR","@id":"https:\/\/secure.gravatar.com\/avatar\/31a270f52fdbf8b0362bf6c458a4421ca68b7662311293aef439c4f762a64dab?s=96&d=mm&r=g","url":"https:\/\/secure.gravatar.com\/avatar\/31a270f52fdbf8b0362bf6c458a4421ca68b7662311293aef439c4f762a64dab?s=96&d=mm&r=g","contentUrl":"https:\/\/secure.gravatar.com\/avatar\/31a270f52fdbf8b0362bf6c458a4421ca68b7662311293aef439c4f762a64dab?s=96&d=mm&r=g","caption":"mestre"},"url":"https:\/\/www.univates.br\/blog\/author\/mestre\/"}]}},"_links":{"self":[{"href":"https:\/\/www.univates.br\/blog\/wp-json\/wp\/v2\/posts\/2487","targetHints":{"allow":["GET"]}}],"collection":[{"href":"https:\/\/www.univates.br\/blog\/wp-json\/wp\/v2\/posts"}],"about":[{"href":"https:\/\/www.univates.br\/blog\/wp-json\/wp\/v2\/types\/post"}],"author":[{"embeddable":true,"href":"https:\/\/www.univates.br\/blog\/wp-json\/wp\/v2\/users\/3"}],"replies":[{"embeddable":true,"href":"https:\/\/www.univates.br\/blog\/wp-json\/wp\/v2\/comments?post=2487"}],"version-history":[{"count":2,"href":"https:\/\/www.univates.br\/blog\/wp-json\/wp\/v2\/posts\/2487\/revisions"}],"predecessor-version":[{"id":2490,"href":"https:\/\/www.univates.br\/blog\/wp-json\/wp\/v2\/posts\/2487\/revisions\/2490"}],"wp:attachment":[{"href":"https:\/\/www.univates.br\/blog\/wp-json\/wp\/v2\/media?parent=2487"}],"wp:term":[{"taxonomy":"category","embeddable":true,"href":"https:\/\/www.univates.br\/blog\/wp-json\/wp\/v2\/categories?post=2487"}],"curies":[{"name":"wp","href":"https:\/\/api.w.org\/{rel}","templated":true}]}}