{"id":2751,"date":"2022-09-28T09:00:00","date_gmt":"2022-09-28T12:00:00","guid":{"rendered":"https:\/\/www.univates.br\/blog\/\/?p=2751"},"modified":"2023-12-20T20:30:00","modified_gmt":"2023-12-20T23:30:00","slug":"profissional-da-tecnologia-qual-faculdade-escolher","status":"publish","type":"post","link":"https:\/\/www.univates.br\/blog\/profissional-da-tecnologia-qual-faculdade-escolher\/","title":{"rendered":"Quero Ser um Profissional da \u00c1rea da Tecnologia: Qual Faculdade Escolher?"},"content":{"rendered":"\n<p>A tecnologia faz parte do nosso dia a dia e \u00e9 praticamente imposs\u00edvel viver sem ela: fazer pesquisas na internet, mandar mensagens para amigos e at\u00e9 mesmo acompanhar a conta banc\u00e1ria s\u00e3o a\u00e7\u00f5es que dependem do desenvolvimento dessa \u00e1rea.<\/p>\n\n\n\n<p>Por isso, devido ao amplo campo a ser explorado e \u00e0 import\u00e2ncia da tecnologia atualmente, \u00e9 fundamental saber que faculdade escolher para seguir o caminho que o estudante deseja e que aborde os assuntos que estejam alinhados \u00e0 sua jornada profissional.<\/p>\n\n\n\n<p>\u00c9 preciso que o curso e a institui\u00e7\u00e3o ofere\u00e7am uma estrutura capaz de preparar o estudante para esse tipo de universo t\u00e3o conectado \u00e0s vidas das pessoas \u2014 um desafio para o qual a Univates est\u00e1 preparada.<\/p>\n\n\n\n<p>Continue a leitura e saiba mais!<\/p>\n\n\n\n<h2 class=\"wp-block-heading\"><strong>Qual faculdade escolher para estudar na \u00e1rea da tecnologia?<\/strong><\/h2>\n\n\n\n<p>A Univates reconhece a relev\u00e2ncia dos avan\u00e7os tecnol\u00f3gicos no cotidiano das pessoas, direcionando esfor\u00e7os para oferecer uma forma\u00e7\u00e3o completa aos futuros profissionais da \u00e1rea. Por isso, somos a op\u00e7\u00e3o certa quando voc\u00ea pensa em qual faculdade escolher.<\/p>\n\n\n\n<p>Veja um pouco da nossa rela\u00e7\u00e3o com a tecnologia:<\/p>\n\n\n\n<figure class=\"wp-block-embed is-type-video is-provider-youtube wp-block-embed-youtube wp-embed-aspect-16-9 wp-has-aspect-ratio\"><div class=\"wp-block-embed__wrapper\">\n<iframe loading=\"lazy\" title=\"O Black Mirror \u00e9 real - Univates Experience\" width=\"500\" height=\"281\" src=\"https:\/\/www.youtube.com\/embed\/cXnNVZwhU80?feature=oembed\" frameborder=\"0\" allow=\"accelerometer; autoplay; clipboard-write; encrypted-media; gyroscope; picture-in-picture; web-share\" referrerpolicy=\"strict-origin-when-cross-origin\" allowfullscreen><\/iframe>\n<\/div><\/figure>\n\n\n\n<p>Al\u00e9m disso, a Universidade oferece v\u00e1rias modalidades de forma\u00e7\u00e3o, como:<\/p>\n\n\n\n<ul class=\"wp-block-list\"><li>gradua\u00e7\u00f5es presenciais e EAD com at\u00e9 quatro anos de dura\u00e7\u00e3o;<\/li><li>cursos t\u00e9cnicos com, em m\u00e9dia, dois anos de dura\u00e7\u00e3o;<\/li><li>projetos de extens\u00e3o imersivos que duram menos de um ano.<\/li><\/ul>\n\n\n\n<p>Somos uma institui\u00e7\u00e3o completa, com cursos diversos em todas as modalidades. Dessa forma, nossa infraestrutura est\u00e1 preparada para estudantes que precisam de conte\u00fado de qualidade e de um ambiente prop\u00edcio para o crescimento profissional.<\/p>\n\n\n\n<p>Veja os cursos que s\u00e3o ofertados:<\/p>\n\n\n\n<h3 class=\"wp-block-heading\"><strong>Gradua\u00e7\u00e3o presencial<\/strong><\/h3>\n\n\n\n<p>A Universidade tem dois cursos presenciais na \u00e1rea da tecnologia:<\/p>\n\n\n\n<ul class=\"wp-block-list\"><li><a href=\"https:\/\/www.univates.br\/graduacao\/engenharia-da-computacao\/informacoes-do-curso\">Bacharelado em Engenharia da Computa\u00e7\u00e3o<\/a>;<\/li><li><a href=\"https:\/\/www.univates.br\/graduacao\/engenharia-de-software\">Bacharelado em Engenharia de <em>Software<\/em><\/a>.<\/li><\/ul>\n\n\n\n<p>Os alunos s\u00e3o capacitados para desenvolver <em>softwares<\/em>, sistemas, testes e solu\u00e7\u00f5es para problemas da computa\u00e7\u00e3o, entre v\u00e1rias outras compet\u00eancias. Outro ponto \u00e9 que podem aproveitar os <a href=\"https:\/\/www.univates.br\/blog\/\/univates-diferenciais-e-impacto-na-carreira-dos-alunos\/\">diferenciais da Univates<\/a>, como a infraestrutura empreendedora e a Incubadora Tecnol\u00f3gica, no dia a dia de estudos!<\/p>\n\n\n\n<h3 class=\"wp-block-heading\"><strong>Gradua\u00e7\u00e3o EAD<\/strong><\/h3>\n\n\n\n<p>Para aqueles que preferem o EAD (ensino a dist\u00e2ncia), a Univates tem duas op\u00e7\u00f5es de forma\u00e7\u00e3o:<\/p>\n\n\n\n<ul class=\"wp-block-list\"><li><a href=\"https:\/\/www.univates.br\/graduacao\/analise-e-desenvolvimento-de-sistemas\">Superior de Tecnologia em An\u00e1lise e Desenvolvimento de Sistemas<\/a>;<\/li><li><a href=\"https:\/\/www.univates.br\/graduacao\/ead-gestao-da-tecnologia-da-informacao\">Superior de Tecnologia em Gest\u00e3o da Tecnologia da Informa\u00e7\u00e3o<\/a>.<\/li><\/ul>\n\n\n\n<p>Assim como nos cursos presenciais, os estudantes t\u00eam todo o suporte para serem profissionais capacitados na \u00e1rea da tecnologia da informa\u00e7\u00e3o. Al\u00e9m disso, podem acessar a infraestrutura da Universidade mesmo estando matriculados em cursos a dist\u00e2ncia.<\/p>\n\n\n\n<ul class=\"wp-block-list\"><li>Saiba mais: <a href=\"https:\/\/www.univates.br\/blog\/\/conheca-a-graduacao-ead-da-univates\/\">Conhe\u00e7a A Gradua\u00e7\u00e3o EAD Da Univates<\/a><\/li><\/ul>\n\n\n\n<h3 class=\"wp-block-heading\"><strong>Cursos t\u00e9cnicos<\/strong><\/h3>\n\n\n\n<p>Os cursos t\u00e9cnicos s\u00e3o focados em capacitar profissionais para o mercado de trabalho com mais rapidez. Na Univates voc\u00ea pode fazer:<\/p>\n\n\n\n<ul class=\"wp-block-list\"><li><a href=\"https:\/\/www.univates.br\/tecnicos\/informatica\">T\u00e9cnico em Inform\u00e1tica<\/a>;<\/li><li><a href=\"https:\/\/www.univates.br\/tecnicos\/manutencao-e-suporte-em-informatica\">T\u00e9cnico em Manuten\u00e7\u00e3o e Suporte de Inform\u00e1tica<\/a>;<\/li><li><a href=\"https:\/\/www.univates.br\/tecnicos\/eletroeletronica\">T\u00e9cnico em Eletroeletr\u00f4nica<\/a>.<\/li><\/ul>\n\n\n\n<p>Cada curso se compromete a especializar os estudantes em uma \u00e1rea espec\u00edfica, auxiliando seu preparo para atividades t\u00e9cnicas da \u00e1rea que \u00e9 estudada. Por ser uma forma\u00e7\u00e3o com foco na pr\u00e1tica, \u00e9 poss\u00edvel encontrar emprego e come\u00e7ar a trabalhar na \u00e1rea ainda antes de terminar o curso.&nbsp;<\/p>\n\n\n\n<h3 class=\"wp-block-heading\"><strong>Extens\u00e3o<\/strong><\/h3>\n\n\n\n<p>E n\u00e3o \u00e9 s\u00f3 isso! Para quem quer se aprofundar na \u00e1rea da tecnologia ainda mais r\u00e1pido, a Univates oferece o <a href=\"https:\/\/www.univates.br\/crieti\">CRIE_TI<\/a>, que dura apenas dez meses! E o melhor: voc\u00ea pode realizar o pagamento ap\u00f3s finalizar o curso.<\/p>\n\n\n\n<p>\u00c9 uma forma\u00e7\u00e3o presencial, intensiva e imersiva, que conta com a parceria de grandes empresas de tecnologia. Os estudantes podem ainda incluir cursos de idiomas e resid\u00eancia estudantil no curso.<\/p>\n\n\n\n<p>E agora, j\u00e1 entende por que a Univates \u00e9 a resposta para qual faculdade escolher para aqueles que desejam se desenvolver na \u00e1rea da tecnologia? Saiba mais detalhes sobre as <a href=\"https:\/\/www.univates.br\/espaco-academico\/formas-de-ingresso\">formas de ingresso na Univates<\/a> e conquiste seus objetivos!<\/p>\n","protected":false},"excerpt":{"rendered":"<p>Conhe\u00e7a um panorama geral dos diferentes cursos de forma\u00e7\u00e3o na \u00e1rea da tecnologia e saiba qual faculdade escolher para os seus objetivos!<\/p>\n","protected":false},"author":3,"featured_media":0,"comment_status":"open","ping_status":"open","sticky":false,"template":"","format":"standard","meta":{"_acf_changed":false,"footnotes":""},"categories":[33],"class_list":["post-2751","post","type-post","status-publish","format-standard","hentry","category-carreira","area-tecnologias"],"acf":[],"yoast_head":"<!-- This site is optimized with the Yoast SEO plugin v27.3 - https:\/\/yoast.com\/product\/yoast-seo-wordpress\/ -->\n<title>Ser Profissional da \u00c1rea da Tecnologia: Qual Faculdade Escolher?<\/title>\n<meta name=\"description\" content=\"Existem muitas op\u00e7\u00f5es de forma\u00e7\u00e3o na \u00e1rea da tecnologia. Conhe\u00e7a um panorama geral e saiba qual faculdade escolher para o seu objetivo!\" \/>\n<meta name=\"robots\" content=\"index, follow, max-snippet:-1, max-image-preview:large, max-video-preview:-1\" \/>\n<link rel=\"canonical\" href=\"https:\/\/www.univates.br\/blog\/profissional-da-tecnologia-qual-faculdade-escolher\/\" \/>\n<meta property=\"og:locale\" content=\"pt_BR\" \/>\n<meta property=\"og:type\" content=\"article\" \/>\n<meta property=\"og:title\" content=\"Ser Profissional da \u00c1rea da Tecnologia: Qual Faculdade Escolher?\" \/>\n<meta property=\"og:description\" content=\"Existem muitas op\u00e7\u00f5es de forma\u00e7\u00e3o na \u00e1rea da tecnologia. Conhe\u00e7a um panorama geral e saiba qual faculdade escolher para o seu objetivo!\" \/>\n<meta property=\"og:url\" content=\"https:\/\/www.univates.br\/blog\/profissional-da-tecnologia-qual-faculdade-escolher\/\" \/>\n<meta property=\"og:site_name\" content=\"Univates Blog\" \/>\n<meta property=\"article:published_time\" content=\"2022-09-28T12:00:00+00:00\" \/>\n<meta property=\"article:modified_time\" content=\"2023-12-20T23:30:00+00:00\" \/>\n<meta name=\"author\" content=\"mestre\" \/>\n<meta name=\"twitter:card\" content=\"summary_large_image\" \/>\n<meta name=\"twitter:label1\" content=\"Escrito por\" \/>\n\t<meta name=\"twitter:data1\" content=\"mestre\" \/>\n\t<meta name=\"twitter:label2\" content=\"Est. tempo de leitura\" \/>\n\t<meta name=\"twitter:data2\" content=\"4 minutos\" \/>\n<script type=\"application\/ld+json\" class=\"yoast-schema-graph\">{\"@context\":\"https:\\\/\\\/schema.org\",\"@graph\":[{\"@type\":\"Article\",\"@id\":\"https:\\\/\\\/www.univates.br\\\/blog\\\/profissional-da-tecnologia-qual-faculdade-escolher\\\/#article\",\"isPartOf\":{\"@id\":\"https:\\\/\\\/www.univates.br\\\/blog\\\/profissional-da-tecnologia-qual-faculdade-escolher\\\/\"},\"author\":{\"name\":\"mestre\",\"@id\":\"https:\\\/\\\/www.univates.br\\\/blog\\\/#\\\/schema\\\/person\\\/b5e60d66743155425f8296f61ab039b7\"},\"headline\":\"Quero Ser um Profissional da \u00c1rea da Tecnologia: Qual Faculdade Escolher?\",\"datePublished\":\"2022-09-28T12:00:00+00:00\",\"dateModified\":\"2023-12-20T23:30:00+00:00\",\"mainEntityOfPage\":{\"@id\":\"https:\\\/\\\/www.univates.br\\\/blog\\\/profissional-da-tecnologia-qual-faculdade-escolher\\\/\"},\"wordCount\":673,\"commentCount\":0,\"articleSection\":[\"Carreira\"],\"inLanguage\":\"pt-BR\",\"potentialAction\":[{\"@type\":\"CommentAction\",\"name\":\"Comment\",\"target\":[\"https:\\\/\\\/www.univates.br\\\/blog\\\/profissional-da-tecnologia-qual-faculdade-escolher\\\/#respond\"]}]},{\"@type\":\"WebPage\",\"@id\":\"https:\\\/\\\/www.univates.br\\\/blog\\\/profissional-da-tecnologia-qual-faculdade-escolher\\\/\",\"url\":\"https:\\\/\\\/www.univates.br\\\/blog\\\/profissional-da-tecnologia-qual-faculdade-escolher\\\/\",\"name\":\"Ser Profissional da \u00c1rea da Tecnologia: Qual Faculdade Escolher?\",\"isPartOf\":{\"@id\":\"https:\\\/\\\/www.univates.br\\\/blog\\\/#website\"},\"datePublished\":\"2022-09-28T12:00:00+00:00\",\"dateModified\":\"2023-12-20T23:30:00+00:00\",\"author\":{\"@id\":\"https:\\\/\\\/www.univates.br\\\/blog\\\/#\\\/schema\\\/person\\\/b5e60d66743155425f8296f61ab039b7\"},\"description\":\"Existem muitas op\u00e7\u00f5es de forma\u00e7\u00e3o na \u00e1rea da tecnologia. Conhe\u00e7a um panorama geral e saiba qual faculdade escolher para o seu objetivo!\",\"breadcrumb\":{\"@id\":\"https:\\\/\\\/www.univates.br\\\/blog\\\/profissional-da-tecnologia-qual-faculdade-escolher\\\/#breadcrumb\"},\"inLanguage\":\"pt-BR\",\"potentialAction\":[{\"@type\":\"ReadAction\",\"target\":[\"https:\\\/\\\/www.univates.br\\\/blog\\\/profissional-da-tecnologia-qual-faculdade-escolher\\\/\"]}]},{\"@type\":\"BreadcrumbList\",\"@id\":\"https:\\\/\\\/www.univates.br\\\/blog\\\/profissional-da-tecnologia-qual-faculdade-escolher\\\/#breadcrumb\",\"itemListElement\":[{\"@type\":\"ListItem\",\"position\":1,\"name\":\"Home\",\"item\":\"https:\\\/\\\/www.univates.br\\\/blog\\\/\"},{\"@type\":\"ListItem\",\"position\":2,\"name\":\"Quero Ser um Profissional da \u00c1rea da Tecnologia: Qual Faculdade Escolher?\"}]},{\"@type\":\"WebSite\",\"@id\":\"https:\\\/\\\/www.univates.br\\\/blog\\\/#website\",\"url\":\"https:\\\/\\\/www.univates.br\\\/blog\\\/\",\"name\":\"Univates Blog\",\"description\":\"\",\"potentialAction\":[{\"@type\":\"SearchAction\",\"target\":{\"@type\":\"EntryPoint\",\"urlTemplate\":\"https:\\\/\\\/www.univates.br\\\/blog\\\/?s={search_term_string}\"},\"query-input\":{\"@type\":\"PropertyValueSpecification\",\"valueRequired\":true,\"valueName\":\"search_term_string\"}}],\"inLanguage\":\"pt-BR\"},{\"@type\":\"Person\",\"@id\":\"https:\\\/\\\/www.univates.br\\\/blog\\\/#\\\/schema\\\/person\\\/b5e60d66743155425f8296f61ab039b7\",\"name\":\"mestre\",\"image\":{\"@type\":\"ImageObject\",\"inLanguage\":\"pt-BR\",\"@id\":\"https:\\\/\\\/secure.gravatar.com\\\/avatar\\\/31a270f52fdbf8b0362bf6c458a4421ca68b7662311293aef439c4f762a64dab?s=96&d=mm&r=g\",\"url\":\"https:\\\/\\\/secure.gravatar.com\\\/avatar\\\/31a270f52fdbf8b0362bf6c458a4421ca68b7662311293aef439c4f762a64dab?s=96&d=mm&r=g\",\"contentUrl\":\"https:\\\/\\\/secure.gravatar.com\\\/avatar\\\/31a270f52fdbf8b0362bf6c458a4421ca68b7662311293aef439c4f762a64dab?s=96&d=mm&r=g\",\"caption\":\"mestre\"},\"url\":\"https:\\\/\\\/www.univates.br\\\/blog\\\/author\\\/mestre\\\/\"}]}<\/script>\n<!-- \/ Yoast SEO plugin. -->","yoast_head_json":{"title":"Ser Profissional da \u00c1rea da Tecnologia: Qual Faculdade Escolher?","description":"Existem muitas op\u00e7\u00f5es de forma\u00e7\u00e3o na \u00e1rea da tecnologia. Conhe\u00e7a um panorama geral e saiba qual faculdade escolher para o seu objetivo!","robots":{"index":"index","follow":"follow","max-snippet":"max-snippet:-1","max-image-preview":"max-image-preview:large","max-video-preview":"max-video-preview:-1"},"canonical":"https:\/\/www.univates.br\/blog\/profissional-da-tecnologia-qual-faculdade-escolher\/","og_locale":"pt_BR","og_type":"article","og_title":"Ser Profissional da \u00c1rea da Tecnologia: Qual Faculdade Escolher?","og_description":"Existem muitas op\u00e7\u00f5es de forma\u00e7\u00e3o na \u00e1rea da tecnologia. Conhe\u00e7a um panorama geral e saiba qual faculdade escolher para o seu objetivo!","og_url":"https:\/\/www.univates.br\/blog\/profissional-da-tecnologia-qual-faculdade-escolher\/","og_site_name":"Univates Blog","article_published_time":"2022-09-28T12:00:00+00:00","article_modified_time":"2023-12-20T23:30:00+00:00","author":"mestre","twitter_card":"summary_large_image","twitter_misc":{"Escrito por":"mestre","Est. tempo de leitura":"4 minutos"},"schema":{"@context":"https:\/\/schema.org","@graph":[{"@type":"Article","@id":"https:\/\/www.univates.br\/blog\/profissional-da-tecnologia-qual-faculdade-escolher\/#article","isPartOf":{"@id":"https:\/\/www.univates.br\/blog\/profissional-da-tecnologia-qual-faculdade-escolher\/"},"author":{"name":"mestre","@id":"https:\/\/www.univates.br\/blog\/#\/schema\/person\/b5e60d66743155425f8296f61ab039b7"},"headline":"Quero Ser um Profissional da \u00c1rea da Tecnologia: Qual Faculdade Escolher?","datePublished":"2022-09-28T12:00:00+00:00","dateModified":"2023-12-20T23:30:00+00:00","mainEntityOfPage":{"@id":"https:\/\/www.univates.br\/blog\/profissional-da-tecnologia-qual-faculdade-escolher\/"},"wordCount":673,"commentCount":0,"articleSection":["Carreira"],"inLanguage":"pt-BR","potentialAction":[{"@type":"CommentAction","name":"Comment","target":["https:\/\/www.univates.br\/blog\/profissional-da-tecnologia-qual-faculdade-escolher\/#respond"]}]},{"@type":"WebPage","@id":"https:\/\/www.univates.br\/blog\/profissional-da-tecnologia-qual-faculdade-escolher\/","url":"https:\/\/www.univates.br\/blog\/profissional-da-tecnologia-qual-faculdade-escolher\/","name":"Ser Profissional da \u00c1rea da Tecnologia: Qual Faculdade Escolher?","isPartOf":{"@id":"https:\/\/www.univates.br\/blog\/#website"},"datePublished":"2022-09-28T12:00:00+00:00","dateModified":"2023-12-20T23:30:00+00:00","author":{"@id":"https:\/\/www.univates.br\/blog\/#\/schema\/person\/b5e60d66743155425f8296f61ab039b7"},"description":"Existem muitas op\u00e7\u00f5es de forma\u00e7\u00e3o na \u00e1rea da tecnologia. Conhe\u00e7a um panorama geral e saiba qual faculdade escolher para o seu objetivo!","breadcrumb":{"@id":"https:\/\/www.univates.br\/blog\/profissional-da-tecnologia-qual-faculdade-escolher\/#breadcrumb"},"inLanguage":"pt-BR","potentialAction":[{"@type":"ReadAction","target":["https:\/\/www.univates.br\/blog\/profissional-da-tecnologia-qual-faculdade-escolher\/"]}]},{"@type":"BreadcrumbList","@id":"https:\/\/www.univates.br\/blog\/profissional-da-tecnologia-qual-faculdade-escolher\/#breadcrumb","itemListElement":[{"@type":"ListItem","position":1,"name":"Home","item":"https:\/\/www.univates.br\/blog\/"},{"@type":"ListItem","position":2,"name":"Quero Ser um Profissional da \u00c1rea da Tecnologia: Qual Faculdade Escolher?"}]},{"@type":"WebSite","@id":"https:\/\/www.univates.br\/blog\/#website","url":"https:\/\/www.univates.br\/blog\/","name":"Univates Blog","description":"","potentialAction":[{"@type":"SearchAction","target":{"@type":"EntryPoint","urlTemplate":"https:\/\/www.univates.br\/blog\/?s={search_term_string}"},"query-input":{"@type":"PropertyValueSpecification","valueRequired":true,"valueName":"search_term_string"}}],"inLanguage":"pt-BR"},{"@type":"Person","@id":"https:\/\/www.univates.br\/blog\/#\/schema\/person\/b5e60d66743155425f8296f61ab039b7","name":"mestre","image":{"@type":"ImageObject","inLanguage":"pt-BR","@id":"https:\/\/secure.gravatar.com\/avatar\/31a270f52fdbf8b0362bf6c458a4421ca68b7662311293aef439c4f762a64dab?s=96&d=mm&r=g","url":"https:\/\/secure.gravatar.com\/avatar\/31a270f52fdbf8b0362bf6c458a4421ca68b7662311293aef439c4f762a64dab?s=96&d=mm&r=g","contentUrl":"https:\/\/secure.gravatar.com\/avatar\/31a270f52fdbf8b0362bf6c458a4421ca68b7662311293aef439c4f762a64dab?s=96&d=mm&r=g","caption":"mestre"},"url":"https:\/\/www.univates.br\/blog\/author\/mestre\/"}]}},"_links":{"self":[{"href":"https:\/\/www.univates.br\/blog\/wp-json\/wp\/v2\/posts\/2751","targetHints":{"allow":["GET"]}}],"collection":[{"href":"https:\/\/www.univates.br\/blog\/wp-json\/wp\/v2\/posts"}],"about":[{"href":"https:\/\/www.univates.br\/blog\/wp-json\/wp\/v2\/types\/post"}],"author":[{"embeddable":true,"href":"https:\/\/www.univates.br\/blog\/wp-json\/wp\/v2\/users\/3"}],"replies":[{"embeddable":true,"href":"https:\/\/www.univates.br\/blog\/wp-json\/wp\/v2\/comments?post=2751"}],"version-history":[{"count":10,"href":"https:\/\/www.univates.br\/blog\/wp-json\/wp\/v2\/posts\/2751\/revisions"}],"predecessor-version":[{"id":5037,"href":"https:\/\/www.univates.br\/blog\/wp-json\/wp\/v2\/posts\/2751\/revisions\/5037"}],"wp:attachment":[{"href":"https:\/\/www.univates.br\/blog\/wp-json\/wp\/v2\/media?parent=2751"}],"wp:term":[{"taxonomy":"category","embeddable":true,"href":"https:\/\/www.univates.br\/blog\/wp-json\/wp\/v2\/categories?post=2751"}],"curies":[{"name":"wp","href":"https:\/\/api.w.org\/{rel}","templated":true}]}}