{"id":2785,"date":"2022-10-19T09:00:00","date_gmt":"2022-10-19T12:00:00","guid":{"rendered":"https:\/\/www.univates.br\/blog\/\/?p=2785"},"modified":"2023-12-08T15:00:30","modified_gmt":"2023-12-08T18:00:30","slug":"o-que-e-projeto-de-extensao","status":"publish","type":"post","link":"https:\/\/www.univates.br\/blog\/o-que-e-projeto-de-extensao\/","title":{"rendered":"O que \u00e9 Projeto de Extens\u00e3o? Conhe\u00e7a esse Diferencial da Univates"},"content":{"rendered":"\n<p>Na transi\u00e7\u00e3o entre o Ensino M\u00e9dio e a universidade, \u00e9 comum aparecerem muitas d\u00favidas sobre novos termos e atividades dos cursos de gradua\u00e7\u00e3o. Por isso, neste artigo vamos explicar o que \u00e9 projeto de extens\u00e3o, uma iniciativa muito presente na Univates e que tem enorme contribui\u00e7\u00e3o para a forma\u00e7\u00e3o dos alunos.<\/p>\n\n\n\n<p>Continue lendo e saiba mais!<\/p>\n\n\n\n<h2 class=\"wp-block-heading\"><strong>O que \u00e9 projeto de extens\u00e3o?<\/strong><\/h2>\n\n\n\n<p>Na Univates h\u00e1 uma vis\u00e3o bastante espec\u00edfica sobre o que s\u00e3o os nossos <a href=\"https:\/\/www.univates.br\/extensao\/projetos-de-extensao\">projetos de extens\u00e3o<\/a>: a troca de conhecimentos entre universidade e sociedade, em uma rela\u00e7\u00e3o direta e rec\u00edproca.<\/p>\n\n\n\n<p>Temos esse posicionamento porque somos uma universidade comunit\u00e1ria. Ou seja, todo o dinheiro arrecadado pela Institui\u00e7\u00e3o \u00e9 revertido em melhorias na infraestrutura local e para a comunidade da regi\u00e3o.<\/p>\n\n\n\n<p>Um exemplo \u00e9 o projeto <a href=\"https:\/\/www.univates.br\/extensao\/projetos-de-extensao\/alfabeletrar\">Alfabeletrar<\/a>, que promove pr\u00e1ticas did\u00e1tico-pedag\u00f3gicas de alfabetiza\u00e7\u00e3o e letramento para alunos do primeiro ano do Ensino Fundamental, bem como para a turma de alfabetiza\u00e7\u00e3o da Educa\u00e7\u00e3o de Jovens e Adultos (EJA). O projeto conta com a participa\u00e7\u00e3o de diplomados da Univates, acad\u00eamicos e volunt\u00e1rios.<\/p>\n\n\n\n<h2 class=\"wp-block-heading\"><strong>Por que participar de um projeto de extens\u00e3o?<\/strong><\/h2>\n\n\n\n<p>Ao participar de um dos projetos de extens\u00e3o oferecidos pela Univates, os alunos e diplomados adquirem experi\u00eancias incompar\u00e1veis, tanto no \u00e2mbito acad\u00eamico e profissional quanto no \u00e2mbito pessoal, como:<\/p>\n\n\n\n<ul class=\"wp-block-list\"><li>participar criticamente no contexto social da regi\u00e3o do Vale do Taquari, onde atuamos;<\/li><li>estreitar as rela\u00e7\u00f5es com professores e comunidade;<\/li><li>encontrar oportunidades de ensino e de aprendizagem;<\/li><li>absorver uma vis\u00e3o interdisciplinar entre as \u00e1reas de conhecimento que envolvem cada projeto;<\/li><li>aproximar-se da comunidade local;<\/li><li>aplicar o conhecimento acad\u00eamico de ensino e pesquisa ao contexto sociocultural, reconhecendo o impacto do que \u00e9 produzido na Universidade sobre a sociedade.<\/li><\/ul>\n\n\n\n<h2 class=\"wp-block-heading\"><strong>Como a Univates promove projetos de extens\u00e3o<\/strong><\/h2>\n\n\n\n<p>Na Univates, os projetos de extens\u00e3o s\u00e3o divididos em seis grandes \u00e1reas:<\/p>\n\n\n\n<ul class=\"wp-block-list\"><li>Ambiente, Desenvolvimento e Mem\u00f3ria Social;<\/li><li>Arte, Est\u00e9tica e Linguagem;<\/li><li>Ci\u00eancias Exatas e Engenharia;<\/li><li>Direitos Humanos, Inclus\u00e3o e Acessibilidade;<\/li><li>Educa\u00e7\u00e3o e Forma\u00e7\u00e3o;<\/li><li>Sa\u00fade e Qualidade de Vida.<\/li><\/ul>\n\n\n\n<p>Dessa forma, os alunos podem encontrar projetos dentro dos campos de conhecimento pelos quais t\u00eam mais interesse.<\/p>\n\n\n\n<p>Al\u00e9m disso, a Universidade tamb\u00e9m tem iniciativas como o <a href=\"https:\/\/www.univates.br\/maisacao\/\">+A\u00e7\u00e3o<\/a>: uma plataforma para que pessoas f\u00edsicas e jur\u00eddicas proponham demandas que a Univates possa atender. Assim, mapeamos as necessidades da comunidade para dar corpo aos projetos de extens\u00e3o.<\/p>\n\n\n\n<p>Gostou de entender o que \u00e9 projeto de extens\u00e3o e como a Universidade promove essa experi\u00eancia para a comunidade? Ent\u00e3o saiba que voc\u00ea pode fazer parte disso! Conhe\u00e7a as nossas <a href=\"https:\/\/www.univates.br\/espaco-academico\/formas-de-ingresso\">formas de ingresso<\/a> e torne-se um aluno da Univates.<\/p>\n","protected":false},"excerpt":{"rendered":"<p>Voc\u00ea tem vontade de compartilhar os seus conhecimentos com a comunidade e aplicar o que voc\u00ea aprende na universidade? Ent\u00e3o conhe\u00e7a o que \u00e9 projeto de extens\u00e3o dentro da Univates!<\/p>\n","protected":false},"author":3,"featured_media":0,"comment_status":"open","ping_status":"open","sticky":false,"template":"","format":"standard","meta":{"_acf_changed":false,"footnotes":""},"categories":[23,7],"class_list":["post-2785","post","type-post","status-publish","format-standard","hentry","category-estudos","category-univates"],"acf":[],"yoast_head":"<!-- This site is optimized with the Yoast SEO plugin v27.3 - https:\/\/yoast.com\/product\/yoast-seo-wordpress\/ -->\n<title>O que \u00e9 Projeto de Extens\u00e3o? Conhe\u00e7a o Diferencial da Univates<\/title>\n<meta name=\"description\" content=\"Entenda o que \u00e9 projeto de extens\u00e3o e saiba como a Univates trabalha essa iniciativa dentro da Universidade!\" \/>\n<meta name=\"robots\" content=\"index, follow, max-snippet:-1, max-image-preview:large, max-video-preview:-1\" \/>\n<link rel=\"canonical\" href=\"https:\/\/www.univates.br\/blog\/o-que-e-projeto-de-extensao\/\" \/>\n<meta property=\"og:locale\" content=\"pt_BR\" \/>\n<meta property=\"og:type\" content=\"article\" \/>\n<meta property=\"og:title\" content=\"O que \u00e9 Projeto de Extens\u00e3o? Conhe\u00e7a o Diferencial da Univates\" \/>\n<meta property=\"og:description\" content=\"Entenda o que \u00e9 projeto de extens\u00e3o e saiba como a Univates trabalha essa iniciativa dentro da Universidade!\" \/>\n<meta property=\"og:url\" content=\"https:\/\/www.univates.br\/blog\/o-que-e-projeto-de-extensao\/\" \/>\n<meta property=\"og:site_name\" content=\"Univates Blog\" \/>\n<meta property=\"article:published_time\" content=\"2022-10-19T12:00:00+00:00\" \/>\n<meta property=\"article:modified_time\" content=\"2023-12-08T18:00:30+00:00\" \/>\n<meta name=\"author\" content=\"mestre\" \/>\n<meta name=\"twitter:card\" content=\"summary_large_image\" \/>\n<meta name=\"twitter:label1\" content=\"Escrito por\" \/>\n\t<meta name=\"twitter:data1\" content=\"mestre\" \/>\n\t<meta name=\"twitter:label2\" content=\"Est. tempo de leitura\" \/>\n\t<meta name=\"twitter:data2\" content=\"3 minutos\" \/>\n<script type=\"application\/ld+json\" class=\"yoast-schema-graph\">{\"@context\":\"https:\\\/\\\/schema.org\",\"@graph\":[{\"@type\":\"Article\",\"@id\":\"https:\\\/\\\/www.univates.br\\\/blog\\\/o-que-e-projeto-de-extensao\\\/#article\",\"isPartOf\":{\"@id\":\"https:\\\/\\\/www.univates.br\\\/blog\\\/o-que-e-projeto-de-extensao\\\/\"},\"author\":{\"name\":\"mestre\",\"@id\":\"https:\\\/\\\/www.univates.br\\\/blog\\\/#\\\/schema\\\/person\\\/b5e60d66743155425f8296f61ab039b7\"},\"headline\":\"O que \u00e9 Projeto de Extens\u00e3o? Conhe\u00e7a esse Diferencial da Univates\",\"datePublished\":\"2022-10-19T12:00:00+00:00\",\"dateModified\":\"2023-12-08T18:00:30+00:00\",\"mainEntityOfPage\":{\"@id\":\"https:\\\/\\\/www.univates.br\\\/blog\\\/o-que-e-projeto-de-extensao\\\/\"},\"wordCount\":474,\"commentCount\":0,\"articleSection\":[\"Estudos\",\"Univates\"],\"inLanguage\":\"pt-BR\",\"potentialAction\":[{\"@type\":\"CommentAction\",\"name\":\"Comment\",\"target\":[\"https:\\\/\\\/www.univates.br\\\/blog\\\/o-que-e-projeto-de-extensao\\\/#respond\"]}]},{\"@type\":\"WebPage\",\"@id\":\"https:\\\/\\\/www.univates.br\\\/blog\\\/o-que-e-projeto-de-extensao\\\/\",\"url\":\"https:\\\/\\\/www.univates.br\\\/blog\\\/o-que-e-projeto-de-extensao\\\/\",\"name\":\"O que \u00e9 Projeto de Extens\u00e3o? Conhe\u00e7a o Diferencial da Univates\",\"isPartOf\":{\"@id\":\"https:\\\/\\\/www.univates.br\\\/blog\\\/#website\"},\"datePublished\":\"2022-10-19T12:00:00+00:00\",\"dateModified\":\"2023-12-08T18:00:30+00:00\",\"author\":{\"@id\":\"https:\\\/\\\/www.univates.br\\\/blog\\\/#\\\/schema\\\/person\\\/b5e60d66743155425f8296f61ab039b7\"},\"description\":\"Entenda o que \u00e9 projeto de extens\u00e3o e saiba como a Univates trabalha essa iniciativa dentro da Universidade!\",\"breadcrumb\":{\"@id\":\"https:\\\/\\\/www.univates.br\\\/blog\\\/o-que-e-projeto-de-extensao\\\/#breadcrumb\"},\"inLanguage\":\"pt-BR\",\"potentialAction\":[{\"@type\":\"ReadAction\",\"target\":[\"https:\\\/\\\/www.univates.br\\\/blog\\\/o-que-e-projeto-de-extensao\\\/\"]}]},{\"@type\":\"BreadcrumbList\",\"@id\":\"https:\\\/\\\/www.univates.br\\\/blog\\\/o-que-e-projeto-de-extensao\\\/#breadcrumb\",\"itemListElement\":[{\"@type\":\"ListItem\",\"position\":1,\"name\":\"Home\",\"item\":\"https:\\\/\\\/www.univates.br\\\/blog\\\/\"},{\"@type\":\"ListItem\",\"position\":2,\"name\":\"O que \u00e9 Projeto de Extens\u00e3o? Conhe\u00e7a esse Diferencial da Univates\"}]},{\"@type\":\"WebSite\",\"@id\":\"https:\\\/\\\/www.univates.br\\\/blog\\\/#website\",\"url\":\"https:\\\/\\\/www.univates.br\\\/blog\\\/\",\"name\":\"Univates Blog\",\"description\":\"\",\"potentialAction\":[{\"@type\":\"SearchAction\",\"target\":{\"@type\":\"EntryPoint\",\"urlTemplate\":\"https:\\\/\\\/www.univates.br\\\/blog\\\/?s={search_term_string}\"},\"query-input\":{\"@type\":\"PropertyValueSpecification\",\"valueRequired\":true,\"valueName\":\"search_term_string\"}}],\"inLanguage\":\"pt-BR\"},{\"@type\":\"Person\",\"@id\":\"https:\\\/\\\/www.univates.br\\\/blog\\\/#\\\/schema\\\/person\\\/b5e60d66743155425f8296f61ab039b7\",\"name\":\"mestre\",\"image\":{\"@type\":\"ImageObject\",\"inLanguage\":\"pt-BR\",\"@id\":\"https:\\\/\\\/secure.gravatar.com\\\/avatar\\\/31a270f52fdbf8b0362bf6c458a4421ca68b7662311293aef439c4f762a64dab?s=96&d=mm&r=g\",\"url\":\"https:\\\/\\\/secure.gravatar.com\\\/avatar\\\/31a270f52fdbf8b0362bf6c458a4421ca68b7662311293aef439c4f762a64dab?s=96&d=mm&r=g\",\"contentUrl\":\"https:\\\/\\\/secure.gravatar.com\\\/avatar\\\/31a270f52fdbf8b0362bf6c458a4421ca68b7662311293aef439c4f762a64dab?s=96&d=mm&r=g\",\"caption\":\"mestre\"},\"url\":\"https:\\\/\\\/www.univates.br\\\/blog\\\/author\\\/mestre\\\/\"}]}<\/script>\n<!-- \/ Yoast SEO plugin. -->","yoast_head_json":{"title":"O que \u00e9 Projeto de Extens\u00e3o? Conhe\u00e7a o Diferencial da Univates","description":"Entenda o que \u00e9 projeto de extens\u00e3o e saiba como a Univates trabalha essa iniciativa dentro da Universidade!","robots":{"index":"index","follow":"follow","max-snippet":"max-snippet:-1","max-image-preview":"max-image-preview:large","max-video-preview":"max-video-preview:-1"},"canonical":"https:\/\/www.univates.br\/blog\/o-que-e-projeto-de-extensao\/","og_locale":"pt_BR","og_type":"article","og_title":"O que \u00e9 Projeto de Extens\u00e3o? Conhe\u00e7a o Diferencial da Univates","og_description":"Entenda o que \u00e9 projeto de extens\u00e3o e saiba como a Univates trabalha essa iniciativa dentro da Universidade!","og_url":"https:\/\/www.univates.br\/blog\/o-que-e-projeto-de-extensao\/","og_site_name":"Univates Blog","article_published_time":"2022-10-19T12:00:00+00:00","article_modified_time":"2023-12-08T18:00:30+00:00","author":"mestre","twitter_card":"summary_large_image","twitter_misc":{"Escrito por":"mestre","Est. tempo de leitura":"3 minutos"},"schema":{"@context":"https:\/\/schema.org","@graph":[{"@type":"Article","@id":"https:\/\/www.univates.br\/blog\/o-que-e-projeto-de-extensao\/#article","isPartOf":{"@id":"https:\/\/www.univates.br\/blog\/o-que-e-projeto-de-extensao\/"},"author":{"name":"mestre","@id":"https:\/\/www.univates.br\/blog\/#\/schema\/person\/b5e60d66743155425f8296f61ab039b7"},"headline":"O que \u00e9 Projeto de Extens\u00e3o? Conhe\u00e7a esse Diferencial da Univates","datePublished":"2022-10-19T12:00:00+00:00","dateModified":"2023-12-08T18:00:30+00:00","mainEntityOfPage":{"@id":"https:\/\/www.univates.br\/blog\/o-que-e-projeto-de-extensao\/"},"wordCount":474,"commentCount":0,"articleSection":["Estudos","Univates"],"inLanguage":"pt-BR","potentialAction":[{"@type":"CommentAction","name":"Comment","target":["https:\/\/www.univates.br\/blog\/o-que-e-projeto-de-extensao\/#respond"]}]},{"@type":"WebPage","@id":"https:\/\/www.univates.br\/blog\/o-que-e-projeto-de-extensao\/","url":"https:\/\/www.univates.br\/blog\/o-que-e-projeto-de-extensao\/","name":"O que \u00e9 Projeto de Extens\u00e3o? Conhe\u00e7a o Diferencial da Univates","isPartOf":{"@id":"https:\/\/www.univates.br\/blog\/#website"},"datePublished":"2022-10-19T12:00:00+00:00","dateModified":"2023-12-08T18:00:30+00:00","author":{"@id":"https:\/\/www.univates.br\/blog\/#\/schema\/person\/b5e60d66743155425f8296f61ab039b7"},"description":"Entenda o que \u00e9 projeto de extens\u00e3o e saiba como a Univates trabalha essa iniciativa dentro da Universidade!","breadcrumb":{"@id":"https:\/\/www.univates.br\/blog\/o-que-e-projeto-de-extensao\/#breadcrumb"},"inLanguage":"pt-BR","potentialAction":[{"@type":"ReadAction","target":["https:\/\/www.univates.br\/blog\/o-que-e-projeto-de-extensao\/"]}]},{"@type":"BreadcrumbList","@id":"https:\/\/www.univates.br\/blog\/o-que-e-projeto-de-extensao\/#breadcrumb","itemListElement":[{"@type":"ListItem","position":1,"name":"Home","item":"https:\/\/www.univates.br\/blog\/"},{"@type":"ListItem","position":2,"name":"O que \u00e9 Projeto de Extens\u00e3o? Conhe\u00e7a esse Diferencial da Univates"}]},{"@type":"WebSite","@id":"https:\/\/www.univates.br\/blog\/#website","url":"https:\/\/www.univates.br\/blog\/","name":"Univates Blog","description":"","potentialAction":[{"@type":"SearchAction","target":{"@type":"EntryPoint","urlTemplate":"https:\/\/www.univates.br\/blog\/?s={search_term_string}"},"query-input":{"@type":"PropertyValueSpecification","valueRequired":true,"valueName":"search_term_string"}}],"inLanguage":"pt-BR"},{"@type":"Person","@id":"https:\/\/www.univates.br\/blog\/#\/schema\/person\/b5e60d66743155425f8296f61ab039b7","name":"mestre","image":{"@type":"ImageObject","inLanguage":"pt-BR","@id":"https:\/\/secure.gravatar.com\/avatar\/31a270f52fdbf8b0362bf6c458a4421ca68b7662311293aef439c4f762a64dab?s=96&d=mm&r=g","url":"https:\/\/secure.gravatar.com\/avatar\/31a270f52fdbf8b0362bf6c458a4421ca68b7662311293aef439c4f762a64dab?s=96&d=mm&r=g","contentUrl":"https:\/\/secure.gravatar.com\/avatar\/31a270f52fdbf8b0362bf6c458a4421ca68b7662311293aef439c4f762a64dab?s=96&d=mm&r=g","caption":"mestre"},"url":"https:\/\/www.univates.br\/blog\/author\/mestre\/"}]}},"_links":{"self":[{"href":"https:\/\/www.univates.br\/blog\/wp-json\/wp\/v2\/posts\/2785","targetHints":{"allow":["GET"]}}],"collection":[{"href":"https:\/\/www.univates.br\/blog\/wp-json\/wp\/v2\/posts"}],"about":[{"href":"https:\/\/www.univates.br\/blog\/wp-json\/wp\/v2\/types\/post"}],"author":[{"embeddable":true,"href":"https:\/\/www.univates.br\/blog\/wp-json\/wp\/v2\/users\/3"}],"replies":[{"embeddable":true,"href":"https:\/\/www.univates.br\/blog\/wp-json\/wp\/v2\/comments?post=2785"}],"version-history":[{"count":2,"href":"https:\/\/www.univates.br\/blog\/wp-json\/wp\/v2\/posts\/2785\/revisions"}],"predecessor-version":[{"id":2788,"href":"https:\/\/www.univates.br\/blog\/wp-json\/wp\/v2\/posts\/2785\/revisions\/2788"}],"wp:attachment":[{"href":"https:\/\/www.univates.br\/blog\/wp-json\/wp\/v2\/media?parent=2785"}],"wp:term":[{"taxonomy":"category","embeddable":true,"href":"https:\/\/www.univates.br\/blog\/wp-json\/wp\/v2\/categories?post=2785"}],"curies":[{"name":"wp","href":"https:\/\/api.w.org\/{rel}","templated":true}]}}