{"id":2804,"date":"2022-11-16T09:00:00","date_gmt":"2022-11-16T12:00:00","guid":{"rendered":"https:\/\/www.univates.br\/blog\/\/?p=2804"},"modified":"2023-12-20T13:36:16","modified_gmt":"2023-12-20T16:36:16","slug":"gestao-da-tecnologia-da-informacao-o-que-faz","status":"publish","type":"post","link":"https:\/\/www.univates.br\/blog\/gestao-da-tecnologia-da-informacao-o-que-faz\/","title":{"rendered":"Gest\u00e3o da Tecnologia da Informa\u00e7\u00e3o: O Que Faz o Profissional da \u00c1rea"},"content":{"rendered":"\n<p>As carreiras voltadas \u00e0 tecnologia est\u00e3o em alta. Al\u00e9m da atua\u00e7\u00e3o no \u00e2mbito operacional das empresas, os profissionais do ramo tamb\u00e9m encontram oportunidades para trabalhar como gestores.<\/p>\n\n\n\n<p>Neste artigo vamos explicar o que faz um profissional da gest\u00e3o da tecnologia da informa\u00e7\u00e3o e como um estudante pode chegar a esse cargo. Continue a leitura e aproveite!<\/p>\n\n\n\n<h2 class=\"wp-block-heading\"><strong>O que faz um profissional de gest\u00e3o de tecnologia da informa\u00e7\u00e3o?<\/strong><\/h2>\n\n\n\n<p>O profissional de gest\u00e3o da tecnologia da informa\u00e7\u00e3o \u00e9 respons\u00e1vel por gerir processos e equipes voltados aos recursos de tecnologia. Isso envolve muitas camadas dentro de uma empresa, como:<\/p>\n\n\n\n<ul class=\"wp-block-list\"><li>atualiza\u00e7\u00e3o de rotinas de trabalho;<\/li><li>treinamento de equipes para atuar com os <em>softwares<\/em> da empresa;<\/li><li>elabora\u00e7\u00e3o de melhorias e otimiza\u00e7\u00f5es dos processos;<\/li><li>acompanhamento do desenvolvimento de colaboradores;<\/li><li>supervis\u00e3o de seguran\u00e7a cibern\u00e9tica;<\/li><li>administra\u00e7\u00e3o de bancos de dados.<\/li><\/ul>\n\n\n\n<p>Ou seja, o gestor precisa ter familiaridade com v\u00e1rios aspectos da tecnologia utilizada pela empresa e ainda ter compet\u00eancias de lideran\u00e7a, sendo capaz de identificar pontos de melhoria e de se comunicar com a equipe de maneira motivadora. Por isso, depende da jun\u00e7\u00e3o de <em>hard skills<\/em>, as habilidades t\u00e9cnicas, e <em>soft skills<\/em>, as habilidades comportamentais.<\/p>\n\n\n\n<ul class=\"wp-block-list\"><li><strong>Veja tamb\u00e9m: <\/strong><a href=\"https:\/\/www.univates.br\/blog\/\/descubra-o-seu-perfil-profissional\/\"><strong>Descubra Qual \u00c9 O Seu Perfil Profissional<\/strong><\/a><\/li><\/ul>\n\n\n\n<h2 class=\"wp-block-heading\"><strong>Como trabalhar com gest\u00e3o de tecnologia da informa\u00e7\u00e3o?<\/strong><\/h2>\n\n\n\n<p>Para se tornar um gestor de tecnologia da informa\u00e7\u00e3o, \u00e9 preciso se preparar tecnicamente com um <a href=\"https:\/\/www.univates.br\/blog\/\/o-que-avaliar-para-escolher-curso-de-graduacao-ideal\/\">curso de gradua\u00e7\u00e3o<\/a> completo e com qualidade comprovada para conseguir acompanhar todas as \u00e1reas que precisam de supervis\u00e3o.<\/p>\n\n\n\n<p>Outro ponto de extrema import\u00e2ncia \u00e9 buscar formas de se desenvolver em quesitos de lideran\u00e7a e comunica\u00e7\u00e3o. Assim, al\u00e9m de garantir o bom funcionamento de <em>softwares<\/em> e bancos de dados, voc\u00ea tamb\u00e9m ser\u00e1 capaz de guiar equipes inteiras de maneira estrat\u00e9gica.<\/p>\n\n\n\n<p>As gradua\u00e7\u00f5es mais indicadas s\u00e3o:<\/p>\n\n\n\n<ul class=\"wp-block-list\"><li>Tecnologia da Informa\u00e7\u00e3o;<\/li><li>Engenharia da Computa\u00e7\u00e3o;<\/li><li>An\u00e1lise e Desenvolvimento de Sistemas.<\/li><\/ul>\n\n\n\n<p>Al\u00e9m disso, \u00e9 poss\u00edvel participar de <a href=\"https:\/\/www.univates.br\/blog\/\/o-que-e-projeto-de-extensao\/\">projetos de extens\u00e3o<\/a> para trabalhar suas <em>soft skills<\/em> de maneira din\u00e2mica e em diversas situa\u00e7\u00f5es, preparando-se ainda mais para compartilhar seu conhecimento no ambiente de trabalho.<\/p>\n\n\n\n<p>Quer saber onde estudar para aproveitar oportunidades como essa e conseguir se desenvolver at\u00e9 chegar \u00e0 carreira de gest\u00e3o de tecnologia de informa\u00e7\u00e3o? Veja <a href=\"https:\/\/www.univates.br\/blog\/\/profissional-da-tecnologia-qual-faculdade-escolher\/\">qual faculdade escolher para se tornar um profissional da \u00e1rea da tecnologia<\/a>!<\/p>\n","protected":false},"excerpt":{"rendered":"<p>Voc\u00ea tem interesse em entender o que a \u00e1rea de gest\u00e3o da tecnologia da informa\u00e7\u00e3o faz? Clique e confira as compet\u00eancias desse profissional e o que \u00e9 necess\u00e1rio para trabalhar na fun\u00e7\u00e3o!<\/p>\n","protected":false},"author":3,"featured_media":0,"comment_status":"open","ping_status":"open","sticky":false,"template":"","format":"standard","meta":{"_acf_changed":false,"footnotes":""},"categories":[33],"class_list":["post-2804","post","type-post","status-publish","format-standard","hentry","category-carreira","curso-gestao-da-tecnologia-da-informacao","area-gestao","area-tecnologias"],"acf":[],"yoast_head":"<!-- This site is optimized with the Yoast SEO plugin v27.3 - https:\/\/yoast.com\/product\/yoast-seo-wordpress\/ -->\n<title>Gest\u00e3o da Tecnologia da Informa\u00e7\u00e3o: o que faz? | Blog Univates<\/title>\n<meta name=\"description\" content=\"Saiba o que faz um profissional da gest\u00e3o da tecnologia da informa\u00e7\u00e3o e conhe\u00e7a o caminho para conquistar essa carreira!\" \/>\n<meta name=\"robots\" content=\"index, follow, max-snippet:-1, max-image-preview:large, max-video-preview:-1\" \/>\n<link rel=\"canonical\" href=\"https:\/\/www.univates.br\/blog\/gestao-da-tecnologia-da-informacao-o-que-faz\/\" \/>\n<meta property=\"og:locale\" content=\"pt_BR\" \/>\n<meta property=\"og:type\" content=\"article\" \/>\n<meta property=\"og:title\" content=\"Gest\u00e3o da Tecnologia da Informa\u00e7\u00e3o: o que faz? | Blog Univates\" \/>\n<meta property=\"og:description\" content=\"Saiba o que faz um profissional da gest\u00e3o da tecnologia da informa\u00e7\u00e3o e conhe\u00e7a o caminho para conquistar essa carreira!\" \/>\n<meta property=\"og:url\" content=\"https:\/\/www.univates.br\/blog\/gestao-da-tecnologia-da-informacao-o-que-faz\/\" \/>\n<meta property=\"og:site_name\" content=\"Univates Blog\" \/>\n<meta property=\"article:published_time\" content=\"2022-11-16T12:00:00+00:00\" \/>\n<meta property=\"article:modified_time\" content=\"2023-12-20T16:36:16+00:00\" \/>\n<meta name=\"author\" content=\"mestre\" \/>\n<meta name=\"twitter:card\" content=\"summary_large_image\" \/>\n<meta name=\"twitter:label1\" content=\"Escrito por\" \/>\n\t<meta name=\"twitter:data1\" content=\"mestre\" \/>\n\t<meta name=\"twitter:label2\" content=\"Est. tempo de leitura\" \/>\n\t<meta name=\"twitter:data2\" content=\"3 minutos\" \/>\n<script type=\"application\/ld+json\" class=\"yoast-schema-graph\">{\"@context\":\"https:\\\/\\\/schema.org\",\"@graph\":[{\"@type\":\"Article\",\"@id\":\"https:\\\/\\\/www.univates.br\\\/blog\\\/gestao-da-tecnologia-da-informacao-o-que-faz\\\/#article\",\"isPartOf\":{\"@id\":\"https:\\\/\\\/www.univates.br\\\/blog\\\/gestao-da-tecnologia-da-informacao-o-que-faz\\\/\"},\"author\":{\"name\":\"mestre\",\"@id\":\"https:\\\/\\\/www.univates.br\\\/blog\\\/#\\\/schema\\\/person\\\/b5e60d66743155425f8296f61ab039b7\"},\"headline\":\"Gest\u00e3o da Tecnologia da Informa\u00e7\u00e3o: O Que Faz o Profissional da \u00c1rea\",\"datePublished\":\"2022-11-16T12:00:00+00:00\",\"dateModified\":\"2023-12-20T16:36:16+00:00\",\"mainEntityOfPage\":{\"@id\":\"https:\\\/\\\/www.univates.br\\\/blog\\\/gestao-da-tecnologia-da-informacao-o-que-faz\\\/\"},\"wordCount\":417,\"commentCount\":0,\"articleSection\":[\"Carreira\"],\"inLanguage\":\"pt-BR\",\"potentialAction\":[{\"@type\":\"CommentAction\",\"name\":\"Comment\",\"target\":[\"https:\\\/\\\/www.univates.br\\\/blog\\\/gestao-da-tecnologia-da-informacao-o-que-faz\\\/#respond\"]}]},{\"@type\":\"WebPage\",\"@id\":\"https:\\\/\\\/www.univates.br\\\/blog\\\/gestao-da-tecnologia-da-informacao-o-que-faz\\\/\",\"url\":\"https:\\\/\\\/www.univates.br\\\/blog\\\/gestao-da-tecnologia-da-informacao-o-que-faz\\\/\",\"name\":\"Gest\u00e3o da Tecnologia da Informa\u00e7\u00e3o: o que faz? | Blog Univates\",\"isPartOf\":{\"@id\":\"https:\\\/\\\/www.univates.br\\\/blog\\\/#website\"},\"datePublished\":\"2022-11-16T12:00:00+00:00\",\"dateModified\":\"2023-12-20T16:36:16+00:00\",\"author\":{\"@id\":\"https:\\\/\\\/www.univates.br\\\/blog\\\/#\\\/schema\\\/person\\\/b5e60d66743155425f8296f61ab039b7\"},\"description\":\"Saiba o que faz um profissional da gest\u00e3o da tecnologia da informa\u00e7\u00e3o e conhe\u00e7a o caminho para conquistar essa carreira!\",\"breadcrumb\":{\"@id\":\"https:\\\/\\\/www.univates.br\\\/blog\\\/gestao-da-tecnologia-da-informacao-o-que-faz\\\/#breadcrumb\"},\"inLanguage\":\"pt-BR\",\"potentialAction\":[{\"@type\":\"ReadAction\",\"target\":[\"https:\\\/\\\/www.univates.br\\\/blog\\\/gestao-da-tecnologia-da-informacao-o-que-faz\\\/\"]}]},{\"@type\":\"BreadcrumbList\",\"@id\":\"https:\\\/\\\/www.univates.br\\\/blog\\\/gestao-da-tecnologia-da-informacao-o-que-faz\\\/#breadcrumb\",\"itemListElement\":[{\"@type\":\"ListItem\",\"position\":1,\"name\":\"Home\",\"item\":\"https:\\\/\\\/www.univates.br\\\/blog\\\/\"},{\"@type\":\"ListItem\",\"position\":2,\"name\":\"Gest\u00e3o da Tecnologia da Informa\u00e7\u00e3o: O Que Faz o Profissional da \u00c1rea\"}]},{\"@type\":\"WebSite\",\"@id\":\"https:\\\/\\\/www.univates.br\\\/blog\\\/#website\",\"url\":\"https:\\\/\\\/www.univates.br\\\/blog\\\/\",\"name\":\"Univates Blog\",\"description\":\"\",\"potentialAction\":[{\"@type\":\"SearchAction\",\"target\":{\"@type\":\"EntryPoint\",\"urlTemplate\":\"https:\\\/\\\/www.univates.br\\\/blog\\\/?s={search_term_string}\"},\"query-input\":{\"@type\":\"PropertyValueSpecification\",\"valueRequired\":true,\"valueName\":\"search_term_string\"}}],\"inLanguage\":\"pt-BR\"},{\"@type\":\"Person\",\"@id\":\"https:\\\/\\\/www.univates.br\\\/blog\\\/#\\\/schema\\\/person\\\/b5e60d66743155425f8296f61ab039b7\",\"name\":\"mestre\",\"image\":{\"@type\":\"ImageObject\",\"inLanguage\":\"pt-BR\",\"@id\":\"https:\\\/\\\/secure.gravatar.com\\\/avatar\\\/31a270f52fdbf8b0362bf6c458a4421ca68b7662311293aef439c4f762a64dab?s=96&d=mm&r=g\",\"url\":\"https:\\\/\\\/secure.gravatar.com\\\/avatar\\\/31a270f52fdbf8b0362bf6c458a4421ca68b7662311293aef439c4f762a64dab?s=96&d=mm&r=g\",\"contentUrl\":\"https:\\\/\\\/secure.gravatar.com\\\/avatar\\\/31a270f52fdbf8b0362bf6c458a4421ca68b7662311293aef439c4f762a64dab?s=96&d=mm&r=g\",\"caption\":\"mestre\"},\"url\":\"https:\\\/\\\/www.univates.br\\\/blog\\\/author\\\/mestre\\\/\"}]}<\/script>\n<!-- \/ Yoast SEO plugin. -->","yoast_head_json":{"title":"Gest\u00e3o da Tecnologia da Informa\u00e7\u00e3o: o que faz? | Blog Univates","description":"Saiba o que faz um profissional da gest\u00e3o da tecnologia da informa\u00e7\u00e3o e conhe\u00e7a o caminho para conquistar essa carreira!","robots":{"index":"index","follow":"follow","max-snippet":"max-snippet:-1","max-image-preview":"max-image-preview:large","max-video-preview":"max-video-preview:-1"},"canonical":"https:\/\/www.univates.br\/blog\/gestao-da-tecnologia-da-informacao-o-que-faz\/","og_locale":"pt_BR","og_type":"article","og_title":"Gest\u00e3o da Tecnologia da Informa\u00e7\u00e3o: o que faz? | Blog Univates","og_description":"Saiba o que faz um profissional da gest\u00e3o da tecnologia da informa\u00e7\u00e3o e conhe\u00e7a o caminho para conquistar essa carreira!","og_url":"https:\/\/www.univates.br\/blog\/gestao-da-tecnologia-da-informacao-o-que-faz\/","og_site_name":"Univates Blog","article_published_time":"2022-11-16T12:00:00+00:00","article_modified_time":"2023-12-20T16:36:16+00:00","author":"mestre","twitter_card":"summary_large_image","twitter_misc":{"Escrito por":"mestre","Est. tempo de leitura":"3 minutos"},"schema":{"@context":"https:\/\/schema.org","@graph":[{"@type":"Article","@id":"https:\/\/www.univates.br\/blog\/gestao-da-tecnologia-da-informacao-o-que-faz\/#article","isPartOf":{"@id":"https:\/\/www.univates.br\/blog\/gestao-da-tecnologia-da-informacao-o-que-faz\/"},"author":{"name":"mestre","@id":"https:\/\/www.univates.br\/blog\/#\/schema\/person\/b5e60d66743155425f8296f61ab039b7"},"headline":"Gest\u00e3o da Tecnologia da Informa\u00e7\u00e3o: O Que Faz o Profissional da \u00c1rea","datePublished":"2022-11-16T12:00:00+00:00","dateModified":"2023-12-20T16:36:16+00:00","mainEntityOfPage":{"@id":"https:\/\/www.univates.br\/blog\/gestao-da-tecnologia-da-informacao-o-que-faz\/"},"wordCount":417,"commentCount":0,"articleSection":["Carreira"],"inLanguage":"pt-BR","potentialAction":[{"@type":"CommentAction","name":"Comment","target":["https:\/\/www.univates.br\/blog\/gestao-da-tecnologia-da-informacao-o-que-faz\/#respond"]}]},{"@type":"WebPage","@id":"https:\/\/www.univates.br\/blog\/gestao-da-tecnologia-da-informacao-o-que-faz\/","url":"https:\/\/www.univates.br\/blog\/gestao-da-tecnologia-da-informacao-o-que-faz\/","name":"Gest\u00e3o da Tecnologia da Informa\u00e7\u00e3o: o que faz? | Blog Univates","isPartOf":{"@id":"https:\/\/www.univates.br\/blog\/#website"},"datePublished":"2022-11-16T12:00:00+00:00","dateModified":"2023-12-20T16:36:16+00:00","author":{"@id":"https:\/\/www.univates.br\/blog\/#\/schema\/person\/b5e60d66743155425f8296f61ab039b7"},"description":"Saiba o que faz um profissional da gest\u00e3o da tecnologia da informa\u00e7\u00e3o e conhe\u00e7a o caminho para conquistar essa carreira!","breadcrumb":{"@id":"https:\/\/www.univates.br\/blog\/gestao-da-tecnologia-da-informacao-o-que-faz\/#breadcrumb"},"inLanguage":"pt-BR","potentialAction":[{"@type":"ReadAction","target":["https:\/\/www.univates.br\/blog\/gestao-da-tecnologia-da-informacao-o-que-faz\/"]}]},{"@type":"BreadcrumbList","@id":"https:\/\/www.univates.br\/blog\/gestao-da-tecnologia-da-informacao-o-que-faz\/#breadcrumb","itemListElement":[{"@type":"ListItem","position":1,"name":"Home","item":"https:\/\/www.univates.br\/blog\/"},{"@type":"ListItem","position":2,"name":"Gest\u00e3o da Tecnologia da Informa\u00e7\u00e3o: O Que Faz o Profissional da \u00c1rea"}]},{"@type":"WebSite","@id":"https:\/\/www.univates.br\/blog\/#website","url":"https:\/\/www.univates.br\/blog\/","name":"Univates Blog","description":"","potentialAction":[{"@type":"SearchAction","target":{"@type":"EntryPoint","urlTemplate":"https:\/\/www.univates.br\/blog\/?s={search_term_string}"},"query-input":{"@type":"PropertyValueSpecification","valueRequired":true,"valueName":"search_term_string"}}],"inLanguage":"pt-BR"},{"@type":"Person","@id":"https:\/\/www.univates.br\/blog\/#\/schema\/person\/b5e60d66743155425f8296f61ab039b7","name":"mestre","image":{"@type":"ImageObject","inLanguage":"pt-BR","@id":"https:\/\/secure.gravatar.com\/avatar\/31a270f52fdbf8b0362bf6c458a4421ca68b7662311293aef439c4f762a64dab?s=96&d=mm&r=g","url":"https:\/\/secure.gravatar.com\/avatar\/31a270f52fdbf8b0362bf6c458a4421ca68b7662311293aef439c4f762a64dab?s=96&d=mm&r=g","contentUrl":"https:\/\/secure.gravatar.com\/avatar\/31a270f52fdbf8b0362bf6c458a4421ca68b7662311293aef439c4f762a64dab?s=96&d=mm&r=g","caption":"mestre"},"url":"https:\/\/www.univates.br\/blog\/author\/mestre\/"}]}},"_links":{"self":[{"href":"https:\/\/www.univates.br\/blog\/wp-json\/wp\/v2\/posts\/2804","targetHints":{"allow":["GET"]}}],"collection":[{"href":"https:\/\/www.univates.br\/blog\/wp-json\/wp\/v2\/posts"}],"about":[{"href":"https:\/\/www.univates.br\/blog\/wp-json\/wp\/v2\/types\/post"}],"author":[{"embeddable":true,"href":"https:\/\/www.univates.br\/blog\/wp-json\/wp\/v2\/users\/3"}],"replies":[{"embeddable":true,"href":"https:\/\/www.univates.br\/blog\/wp-json\/wp\/v2\/comments?post=2804"}],"version-history":[{"count":10,"href":"https:\/\/www.univates.br\/blog\/wp-json\/wp\/v2\/posts\/2804\/revisions"}],"predecessor-version":[{"id":4743,"href":"https:\/\/www.univates.br\/blog\/wp-json\/wp\/v2\/posts\/2804\/revisions\/4743"}],"wp:attachment":[{"href":"https:\/\/www.univates.br\/blog\/wp-json\/wp\/v2\/media?parent=2804"}],"wp:term":[{"taxonomy":"category","embeddable":true,"href":"https:\/\/www.univates.br\/blog\/wp-json\/wp\/v2\/categories?post=2804"}],"curies":[{"name":"wp","href":"https:\/\/api.w.org\/{rel}","templated":true}]}}