{"id":294,"date":"2022-05-05T08:37:54","date_gmt":"2022-05-05T11:37:54","guid":{"rendered":"https:\/\/desenvolvimento.bravo.st\/univatesblog\/?p=294"},"modified":"2024-01-18T13:42:34","modified_gmt":"2024-01-18T16:42:34","slug":"quiz-qual-pais-e-a-sua-cara","status":"publish","type":"post","link":"https:\/\/www.univates.br\/blog\/quiz-qual-pais-e-a-sua-cara\/","title":{"rendered":"[QUIZ] Qual pa\u00eds \u00e9 a sua cara?"},"content":{"rendered":"\n<p>\u2708\ufe0e&nbsp;Sabia que, sendo estudante da Univates, voc\u00ea pode realizar&nbsp;<strong>interc\u00e2mbio acad\u00eamico<\/strong>&nbsp;e morar temporariamente em algum continente do mundo*? Pois \u00e9! A Institui\u00e7\u00e3o possui conv\u00eanios com universidades localizadas na Europa, Am\u00e9rica do Norte, Am\u00e9rica do Sul e at\u00e9 mesmo na \u00c1sia. Se, apesar de desejar muito viver uma experi\u00eancia internacional, voc\u00ea ainda tem d\u00favidas a respeito de para onde deve ir, responda ao quiz que preparamos e descubra, de uma vez por todas, qual&nbsp;<strong>pa\u00eds<\/strong>&nbsp;\u00e9 a&nbsp;<strong>sua cara<\/strong>&nbsp;(no p\u00e1reo est\u00e3o Portugal, Estados Unidos, China e Col\u00f4mbia). Juramos, de dedinhos cruzados, que nosso unidunit\u00ea, al\u00e9m de divertido, \u00e9 incrivelmente certeiro. Quer pagar para ver?<\/p>\n\n\n\n<figure class=\"wp-block-image size-full\"><img loading=\"lazy\" decoding=\"async\" width=\"879\" height=\"576\" src=\"https:\/\/desenvolvimento.bravo.st\/univatesblog\/wp-content\/uploads\/2022\/05\/pexels-andrea-piacquadio-3769138_1614365062.7491.jpg\" alt=\"\" class=\"wp-image-295\" srcset=\"https:\/\/www.univates.br\/blog\/wp-content\/uploads\/2022\/05\/pexels-andrea-piacquadio-3769138_1614365062.7491.jpg 879w, https:\/\/www.univates.br\/blog\/wp-content\/uploads\/2022\/05\/pexels-andrea-piacquadio-3769138_1614365062.7491-600x393.jpg 600w, https:\/\/www.univates.br\/blog\/wp-content\/uploads\/2022\/05\/pexels-andrea-piacquadio-3769138_1614365062.7491-150x98.jpg 150w\" sizes=\"auto, (max-width: 879px) 100vw, 879px\" \/><figcaption>Universo: voc\u00ea atrai o que diz. Todos n\u00f3s: viagens, viagens, viagens! (Foto: Divulga\u00e7\u00e3o\/Pexels)<\/figcaption><\/figure>\n\n\n\n<p>1\ufe0f\u20e3&nbsp;<em>Let\u2019s start*<\/em>: qual programa de final de semana \u00e9 mais a&nbsp;<strong>sua cara<\/strong>?<\/p>\n\n\n\n<figure class=\"wp-block-image size-full is-resized\"><img loading=\"lazy\" decoding=\"async\" src=\"https:\/\/desenvolvimento.bravo.st\/univatesblog\/wp-content\/uploads\/2022\/05\/meme7-1_1614365263.1182.jpg\" alt=\"\" class=\"wp-image-300\" width=\"729\" height=\"513\" srcset=\"https:\/\/www.univates.br\/blog\/wp-content\/uploads\/2022\/05\/meme7-1_1614365263.1182.jpg 729w, https:\/\/www.univates.br\/blog\/wp-content\/uploads\/2022\/05\/meme7-1_1614365263.1182-600x422.jpg 600w, https:\/\/www.univates.br\/blog\/wp-content\/uploads\/2022\/05\/meme7-1_1614365263.1182-150x106.jpg 150w\" sizes=\"auto, (max-width: 729px) 100vw, 729px\" \/><figcaption>Foto: Divulga\u00e7\u00e3o\/Facebook<\/figcaption><\/figure>\n\n\n\n<p>\ud83c\uddf5\ud83c\uddf9&nbsp;Adoro sair para conhecer lugares hist\u00f3ricos. Fico mais louco do que o&nbsp;<em>Batman<\/em>&nbsp;quando tenho a oportunidade de visitar locais como museus, memoriais, igrejas, castelos e monumentos famosos.<\/p>\n\n\n\n<p>\ud83c\uddfa\ud83c\uddf8&nbsp;Amo de paix\u00e3o reunir uma turma de amigos e, com ela, ir ao&nbsp;<em>shopping<\/em>&nbsp;para bater perna. Por mais que tente, n\u00e3o consigo resistir ao cart\u00e3o de cr\u00e9dito da minha m\u00e3e e aos hamb\u00fargueres do&nbsp;<em>McDonalds<\/em>!<\/p>\n\n\n\n<p>\ud83c\udde8\ud83c\uddf3&nbsp;Curto sair da rotina e experimentar coisas diferentes. Quando vou a restaurantes, por exemplo, nunca pe\u00e7o um prato de arroz, feij\u00e3o e batata frita&nbsp;<s>(uma refei\u00e7\u00e3o assim a gente saboreia em casa, concorda?)<\/s>. Meu neg\u00f3cio \u00e9 provar comidinhas que podem ir desde uma tradicional barca de sushi a uma tigela de sopa de ninhos de andorinha.<\/p>\n\n\n\n<p>\ud83c\udde8\ud83c\uddf4&nbsp;Gosto de passar meu tempo livre na praia. Aposto que ainda vou conseguir juntar grana para me hospedar, durante uma semana inteirinha, na ilha de&nbsp;<em>San Andr\u00e9s<\/em>, ponto tur\u00edstico colombiano que re\u00fane \u00e1guas cristalinas, gente bonita e muita divers\u00e3o.<\/p>\n\n\n\n<p>2\ufe0f\u20e3&nbsp;Escolha o combo de comida que \u00e9 a&nbsp;<strong>sua cara<\/strong>&nbsp;e que vai ser capaz de matar sua fome de le\u00e3o por algumas horinhas:<\/p>\n\n\n\n<figure class=\"wp-block-image size-full\"><img loading=\"lazy\" decoding=\"async\" width=\"730\" height=\"932\" src=\"https:\/\/desenvolvimento.bravo.st\/univatesblog\/wp-content\/uploads\/2022\/05\/4cd4758516f71df6b6fe5d38d766052c_1614365654.7918-1.jpg\" alt=\"\" class=\"wp-image-302\" srcset=\"https:\/\/www.univates.br\/blog\/wp-content\/uploads\/2022\/05\/4cd4758516f71df6b6fe5d38d766052c_1614365654.7918-1.jpg 730w, https:\/\/www.univates.br\/blog\/wp-content\/uploads\/2022\/05\/4cd4758516f71df6b6fe5d38d766052c_1614365654.7918-1-470x600.jpg 470w, https:\/\/www.univates.br\/blog\/wp-content\/uploads\/2022\/05\/4cd4758516f71df6b6fe5d38d766052c_1614365654.7918-1-117x150.jpg 117w\" sizes=\"auto, (max-width: 730px) 100vw, 730px\" \/><figcaption>Foto: Divulga\u00e7\u00e3o\/Facebook<\/figcaption><\/figure>\n\n\n\n<p>\ud83c\uddf5\ud83c\uddf9&nbsp;Uma tigela recheada de doces (como quindins, fios de ovos e past\u00e9is de nata, por exemplo) + uma x\u00edcara de caf\u00e9 preto para espantar o sono e ficar na pilha.<\/p>\n\n\n\n<p>\ud83c\uddfa\ud83c\uddf8&nbsp;Um&nbsp;<em>cheeseburguer<\/em>&nbsp;duplo + um copo grande de refrigerante + dois&nbsp;<em>cookies<\/em>&nbsp;com gotas de chocolate (important\u00edssimos para auxiliar na digest\u00e3o e levar serotonina ao c\u00e9rebro).<\/p>\n\n\n\n<p>\ud83c\udde8\ud83c\uddf3&nbsp;Dois espetinhos de estrela do mar (entrada) + um sandu\u00edche de pato com goiabada (prato principal) + uma tigela pequena de creme chin\u00eas (sobremesa). Ah, e para beber, uma ta\u00e7a de vinho medicinal, por favor!<\/p>\n\n\n\n<p>\ud83c\udde8\ud83c\uddf4&nbsp;Uma tigela de arroz de coco + duas arepas colombianas (massinhas de p\u00e3o preparadas com milho mo\u00eddo ou farinha de milho pr\u00e9-cozido) + um copo de chicha (bebida \u00e0 base de gr\u00e3os, ra\u00edzes e cereais fermentados).<\/p>\n\n\n\n<p>3\ufe0f\u20e3&nbsp;Depois de comer at\u00e9 a barriga doer, que tal assistir a um filminho? Escolha aquele que \u00e9 a&nbsp;<strong>sua cara<\/strong>&nbsp;e que voc\u00ea poderia ver em&nbsp;<em>loop<\/em>&nbsp;por toda a eternidade:<\/p>\n\n\n\n<figure class=\"wp-block-image size-full is-resized\"><img loading=\"lazy\" decoding=\"async\" src=\"https:\/\/desenvolvimento.bravo.st\/univatesblog\/wp-content\/uploads\/2022\/05\/memes-vamos-assistir-um-filme-sim-so-nao-vai-dormir-em-001_1614365962.872-1.jpg\" alt=\"\" class=\"wp-image-304\" width=\"730\" height=\"762\" srcset=\"https:\/\/www.univates.br\/blog\/wp-content\/uploads\/2022\/05\/memes-vamos-assistir-um-filme-sim-so-nao-vai-dormir-em-001_1614365962.872-1.jpg 730w, https:\/\/www.univates.br\/blog\/wp-content\/uploads\/2022\/05\/memes-vamos-assistir-um-filme-sim-so-nao-vai-dormir-em-001_1614365962.872-1-575x600.jpg 575w, https:\/\/www.univates.br\/blog\/wp-content\/uploads\/2022\/05\/memes-vamos-assistir-um-filme-sim-so-nao-vai-dormir-em-001_1614365962.872-1-144x150.jpg 144w\" sizes=\"auto, (max-width: 730px) 100vw, 730px\" \/><figcaption>Foto: Divulga\u00e7\u00e3o\/Facebook.<\/figcaption><\/figure>\n\n\n\n<p>\ud83c\uddf5\ud83c\uddf9 Trem Noturno para Lisboa (2013): a obra cinematogr\u00e1fica tem como protagonista um professor su\u00ed\u00e7o chamado Raimund Gregorius, que, depois de evitar o suic\u00eddio de uma mulher portuguesa, precisa decifrar o significado de um livro e um bilhete de trem misteriosos.<\/p>\n\n\n\n<p>\ud83c\uddfa\ud83c\uddf8&nbsp;O Massacre da Serra El\u00e9trica (1974): ambientado em uma estrada no meio do nada do Texas, o filme detalha o drama de cinco jovens que, voltando para casa depois de uma ida ao cemit\u00e9rio, topam com&nbsp;<em>Leatherface<\/em>, um psicopata que tentar\u00e1 elimin\u00e1-los do mapa.<\/p>\n\n\n\n<p>\ud83c\udde8\ud83c\uddf3&nbsp;Mestres do&nbsp;<em>Yin-Yang<\/em>&nbsp;&#8211; O Sonho da Eternidade (2020): o enredo cinematogr\u00e1fico gira em torno das a\u00e7\u00f5es tomadas pelos Mestres&nbsp;<em>Yin-Yang<\/em>&nbsp;para destruir uma serpente demon\u00edaca que est\u00e1 aterrorizando o Reino da China.<\/p>\n\n\n\n<p>\ud83c\udde8\ud83c\uddf4&nbsp;As Viagens do Vento (2009): o filme, escrito e dirigido pelo cineasta colombiano Ciro Guerra, retrata a jornada de um m\u00fasico, que viaja longas dist\u00e2ncias apenas para visitar um de seus antigos professores.<\/p>\n\n\n\n<p>4\ufe0f\u20e3&nbsp;Por \u00faltimo, eleja, entre as tr\u00eas palavrinhas abaixo, a que mais lhe chama a aten\u00e7\u00e3o:<\/p>\n\n\n\n<figure class=\"wp-block-image size-full\"><img loading=\"lazy\" decoding=\"async\" width=\"729\" height=\"456\" src=\"https:\/\/desenvolvimento.bravo.st\/univatesblog\/wp-content\/uploads\/2022\/05\/899faab2860b6077cb32b3a248c96695-gpMedium_1614366242.939.jpg\" alt=\"\" class=\"wp-image-305\" srcset=\"https:\/\/www.univates.br\/blog\/wp-content\/uploads\/2022\/05\/899faab2860b6077cb32b3a248c96695-gpMedium_1614366242.939.jpg 729w, https:\/\/www.univates.br\/blog\/wp-content\/uploads\/2022\/05\/899faab2860b6077cb32b3a248c96695-gpMedium_1614366242.939-600x375.jpg 600w, https:\/\/www.univates.br\/blog\/wp-content\/uploads\/2022\/05\/899faab2860b6077cb32b3a248c96695-gpMedium_1614366242.939-150x94.jpg 150w\" sizes=\"auto, (max-width: 729px) 100vw, 729px\" \/><figcaption>Quem lembra do dia em que a Gl\u00f3ria Pires provou ser um dicion\u00e1rio ambulante? (Foto: Divulga\u00e7\u00e3o\/Twitter)<\/figcaption><\/figure>\n\n\n\n<p>\ud83c\uddf5\ud83c\uddf9&nbsp;<em>Sandes<\/em>&nbsp;(\u00e9 o apelido carinhoso que os portugueses deram ao lancho sandu\u00edche).<\/p>\n\n\n\n<p>\ud83c\uddfa\ud83c\uddf8&nbsp;<em>Gubbins<\/em>&nbsp;(o termo \u00e9 utilizado informalmente por pessoas que falam ingl\u00eas para fazer refer\u00eancia a itens diversos, inven\u00e7\u00f5es).<\/p>\n\n\n\n<p>\ud83c\udde8\ud83c\uddf3&nbsp;\u5b66\u672f\u4ea4\u6d41 (<strong>interc\u00e2mbio acad\u00eamico<\/strong>, traduzido do chin\u00eas simplificado).<\/p>\n\n\n\n<p>\ud83c\udde8\ud83c\uddf4&nbsp;<em>Ch\u00e9vere<\/em>&nbsp;(o termo \u00e9 utilizado pelos colombianos para fazer refer\u00eancia a algo que \u00e9 muito legal).<\/p>\n\n\n\n<h2 class=\"wp-block-heading\">Qual pa\u00eds \u00e9 a sua cara? Descubra abaixo! \ud83e\uddf3<\/h2>\n\n\n\n<p><em>&#8211; Se voc\u00ea marcou mais&nbsp;<\/em>\ud83c\uddf5\ud83c\uddf9:<\/p>\n\n\n\n<figure class=\"wp-block-image size-full is-resized\"><img loading=\"lazy\" decoding=\"async\" src=\"https:\/\/desenvolvimento.bravo.st\/univatesblog\/wp-content\/uploads\/2022\/05\/pexels-lisa-fotios-1534560_1614366805.2489.jpg\" alt=\"\" class=\"wp-image-306\" width=\"731\" height=\"487\" srcset=\"https:\/\/www.univates.br\/blog\/wp-content\/uploads\/2022\/05\/pexels-lisa-fotios-1534560_1614366805.2489.jpg 729w, https:\/\/www.univates.br\/blog\/wp-content\/uploads\/2022\/05\/pexels-lisa-fotios-1534560_1614366805.2489-600x400.jpg 600w, https:\/\/www.univates.br\/blog\/wp-content\/uploads\/2022\/05\/pexels-lisa-fotios-1534560_1614366805.2489-150x100.jpg 150w\" sizes=\"auto, (max-width: 731px) 100vw, 731px\" \/><figcaption>Foto: Divulga\u00e7\u00e3o\/Pexels.<\/figcaption><\/figure>\n\n\n\n<p>Pelo visto Portugal deu&nbsp;<em>match<\/em>&nbsp;com algu\u00e9m por aqui\u2026 O&nbsp;<strong>pa\u00eds<\/strong>, que \u00e9 a&nbsp;<strong>sua cara<\/strong>&nbsp;pelo fato de reunir uma s\u00e9rie de coisas (locais hist\u00f3ricos e bons doces, por exemplo) que voc\u00ea aprecia, est\u00e1 localizado no sudoeste da Europa, abriga 10,28 milh\u00f5es de habitantes e, nos \u00faltimos tempos, virou um dos&nbsp;<em>points<\/em>&nbsp;preferidos de viajantes e imigrantes. N\u00e3o \u00e9 para menos: al\u00e9m de contar com praias e paisagens de tirar o f\u00f4lego, a Rep\u00fablica Portuguesa (como \u00e9 oficialmente chamada) tamb\u00e9m tem uma das melhores educa\u00e7\u00f5es do mundo, de acordo com uma reportagem veiculada pela Revista Exame no ano de 2019.&nbsp;<\/p>\n\n\n\n<p>Conhe\u00e7a as institui\u00e7\u00f5es que possuem conv\u00eanio com a Univates em Portugal:&nbsp;Universidade dos A\u00e7ores, Universidade do Porto, Instituto Polit\u00e9cnico da Maia, Universidade Lus\u00f3fona de Humanidades e Tecnologia, Universidade do Algarve, Instituto Universit\u00e1rio da Maia,&nbsp;<em>IADE Creativity University<\/em>&nbsp;e Instituto Polit\u00e9cnico de Leiria.<\/p>\n\n\n\n<p><em>&#8211; Se voc\u00ea marcou mais<\/em>&nbsp;\ud83c\uddfa\ud83c\uddf8:<\/p>\n\n\n\n<figure class=\"wp-block-image size-full\"><img loading=\"lazy\" decoding=\"async\" width=\"729\" height=\"486\" src=\"https:\/\/desenvolvimento.bravo.st\/univatesblog\/wp-content\/uploads\/2022\/05\/pexels-enric-cruz-lopez-6039193_1614367319.3613.jpg\" alt=\"\" class=\"wp-image-307\" srcset=\"https:\/\/www.univates.br\/blog\/wp-content\/uploads\/2022\/05\/pexels-enric-cruz-lopez-6039193_1614367319.3613.jpg 729w, https:\/\/www.univates.br\/blog\/wp-content\/uploads\/2022\/05\/pexels-enric-cruz-lopez-6039193_1614367319.3613-600x400.jpg 600w, https:\/\/www.univates.br\/blog\/wp-content\/uploads\/2022\/05\/pexels-enric-cruz-lopez-6039193_1614367319.3613-150x100.jpg 150w\" sizes=\"auto, (max-width: 729px) 100vw, 729px\" \/><figcaption>Foto: Divulga\u00e7\u00e3o\/Pexels<\/figcaption><\/figure>\n\n\n\n<p>Voc\u00ea seria&nbsp;<em>very happy*<\/em>&nbsp;morando e estudando nos Estados Unidos pelo fato de curtir uma vida agitada e repleta de comodidades. O&nbsp;<strong>pa\u00eds<\/strong>, que \u00e9 a&nbsp;<strong>sua cara<\/strong>, est\u00e1 localizado na Am\u00e9rica do Norte (logo abaixo do Canad\u00e1), abriga uma popula\u00e7\u00e3o de 328,2 milh\u00f5es de habitantes e figura na lista das na\u00e7\u00f5es que mais se destacam quando o assunto \u00e9 educa\u00e7\u00e3o. N\u00f3s aqui da Univates sabemos que cursar uma faculdade na terra do Tio Sam nem sempre sai barato e, justamente por isso, temos conv\u00eanios com institui\u00e7\u00f5es que oferecem bons descontos aos alunos. J\u00e1 pensou que maravilha realizar um&nbsp;<strong>interc\u00e2mbio acad\u00eamico<\/strong>&nbsp;gastando pouco e, o que \u00e9 ainda melhor, se divertindo muito?<\/p>\n\n\n\n<p>Conhe\u00e7a as institui\u00e7\u00f5es que possuem conv\u00eanio com a Univates nos Estados Unidos:&nbsp;<em>Censa International College<\/em>&nbsp;e&nbsp;<em>University of California &#8211; San Diego<\/em>.&nbsp;<\/p>\n\n\n\n<p><em>&#8211; Se voc\u00ea marcou mais&nbsp;<\/em>\ud83c\udde8\ud83c\uddf3:&nbsp;<\/p>\n\n\n\n<figure class=\"wp-block-image size-full\"><img loading=\"lazy\" decoding=\"async\" width=\"729\" height=\"486\" src=\"https:\/\/desenvolvimento.bravo.st\/univatesblog\/wp-content\/uploads\/2022\/05\/pexels-lian-rodriguez-2875254_1614367658.1968.jpg\" alt=\"\" class=\"wp-image-308\" srcset=\"https:\/\/www.univates.br\/blog\/wp-content\/uploads\/2022\/05\/pexels-lian-rodriguez-2875254_1614367658.1968.jpg 729w, https:\/\/www.univates.br\/blog\/wp-content\/uploads\/2022\/05\/pexels-lian-rodriguez-2875254_1614367658.1968-600x400.jpg 600w, https:\/\/www.univates.br\/blog\/wp-content\/uploads\/2022\/05\/pexels-lian-rodriguez-2875254_1614367658.1968-150x100.jpg 150w\" sizes=\"auto, (max-width: 729px) 100vw, 729px\" \/><figcaption>Foto: Divulga\u00e7\u00e3o\/Pexels<\/figcaption><\/figure>\n\n\n\n<p>Voc\u00ea curte experimentar tudo o que \u00e9 diferente e, por isso, se daria superbem morando e estudando na China. O&nbsp;<strong>pa\u00eds<\/strong>, que \u00e9 a&nbsp;<strong>sua cara<\/strong>, est\u00e1 localizado no continente asi\u00e1tico, abriga 1,44 bilh\u00e3o de habitantes (sendo considerado, portanto, a na\u00e7\u00e3o mais populosa do mundo) e conta com um sistema educacional consolidado. Por l\u00e1 existem muitas universidades de ponta que oferecem cursos de gradua\u00e7\u00e3o, mestrado e doutorado.<\/p>\n\n\n\n<p>Conhe\u00e7a as institui\u00e7\u00f5es que possuem conv\u00eanio com a Univates na China e em Macau (regi\u00e3o aut\u00f4noma localizada na costa sul do&nbsp;<strong>pa\u00eds<\/strong>&nbsp;asi\u00e1tico):&nbsp;<em>University of Shanghai for Science and Technology<\/em>,&nbsp;<em>City University of Macau<\/em>, Instituto Polit\u00e9cnico de Macau e&nbsp;<em>Macau University of Science and Technology<\/em>.&nbsp;<\/p>\n\n\n\n<p><em>&#8211; Se voc\u00ea marcou mais&nbsp;<\/em>\ud83c\udde8\ud83c\uddf4:&nbsp;<\/p>\n\n\n\n<figure class=\"wp-block-image size-full\"><img loading=\"lazy\" decoding=\"async\" width=\"729\" height=\"486\" src=\"https:\/\/desenvolvimento.bravo.st\/univatesblog\/wp-content\/uploads\/2022\/05\/pexels-luis-quintero-1559699_1614368098.6296.jpg\" alt=\"\" class=\"wp-image-309\" srcset=\"https:\/\/www.univates.br\/blog\/wp-content\/uploads\/2022\/05\/pexels-luis-quintero-1559699_1614368098.6296.jpg 729w, https:\/\/www.univates.br\/blog\/wp-content\/uploads\/2022\/05\/pexels-luis-quintero-1559699_1614368098.6296-600x400.jpg 600w, https:\/\/www.univates.br\/blog\/wp-content\/uploads\/2022\/05\/pexels-luis-quintero-1559699_1614368098.6296-150x100.jpg 150w\" sizes=\"auto, (max-width: 729px) 100vw, 729px\" \/><figcaption>Foto: Divulga\u00e7\u00e3o\/Pexels<\/figcaption><\/figure>\n\n\n\n<p>Voc\u00ea acredita que, para estudar e se divertir, n\u00e3o \u00e9 necess\u00e1rio viajar para muito longe. Localizada na Am\u00e9rica do Sul, a Col\u00f4mbia pode ser uma op\u00e7\u00e3o interessante para quem deseja viver uma experi\u00eancia internacional logo ali, pertinho de casa. O&nbsp;<strong>pa\u00eds<\/strong>, que \u00e9 a&nbsp;<strong>sua cara<\/strong>, est\u00e1 distante apenas 3.232 quil\u00f4metros do Brasil, abriga um pouco menos de cinquenta milh\u00f5es de habitantes e sedia um grande n\u00famero de institui\u00e7\u00f5es de ensino superior que recebem alunos vindos dos quatro cantos do mundo.<\/p>\n\n\n\n<p>Conhe\u00e7a as institui\u00e7\u00f5es que possuem conv\u00eanio com a Univates na Col\u00f4mbia:&nbsp;<em>Corporaci\u00f3n Universitaria Minuto de Dios<\/em>,&nbsp;<em>Universidad de San Buenaventura<\/em>,&nbsp;<em>Universidad Pedag\u00f3gica Nacional<\/em>,&nbsp;<em>Universidad EAN<\/em>,&nbsp;<em>Corporaci\u00f3n Unificada Nacional<\/em>,&nbsp;<em>Corporaci\u00f3n Universitaria Americana<\/em>,&nbsp;<em>Universidad Pontificia Bolivariana<\/em>&nbsp;e&nbsp;<em>Universidad Pedag\u00f3gica y Tecnol\u00f3gica de Colombia<\/em>.<\/p>\n\n\n\n<p><em>*Para informa\u00e7\u00f5es a respeito de como funciona o&nbsp;<strong>interc\u00e2mbio acad\u00eamico<\/strong>&nbsp;na Univates, entre em contato com a Assessoria para Assuntos Interinstitucionais e Internacionais&nbsp;<a href=\"https:\/\/www.univates.br\/dri\/\">(AAII)<\/a>.<\/em><\/p>\n\n\n\n<p><em>*Let\u2019s start: vamos come\u00e7ar (traduzido do ingl\u00eas).&nbsp;<\/em><\/p>\n\n\n\n<p><em>*Very happy: muito feliz (traduzido do ingl\u00eas).&nbsp;<\/em><\/p>\n","protected":false},"excerpt":{"rendered":"<p>\u2708\ufe0e&nbsp;Sabia que, sendo estudante da Univates, voc\u00ea pode realizar&nbsp;interc\u00e2mbio acad\u00eamico&nbsp;e morar temporariamente em algum continente do mundo*? Pois \u00e9! A Institui\u00e7\u00e3o possui conv\u00eanios com universidades localizadas na Europa, Am\u00e9rica do Norte, Am\u00e9rica do Sul e at\u00e9 mesmo na \u00c1sia. Se,\u2026<\/p>\n","protected":false},"author":2,"featured_media":0,"comment_status":"open","ping_status":"open","sticky":false,"template":"","format":"standard","meta":{"_acf_changed":false,"footnotes":""},"categories":[23],"class_list":["post-294","post","type-post","status-publish","format-standard","hentry","category-estudos","autor-lais-pontin-matos"],"acf":[],"yoast_head":"<!-- This site is optimized with the Yoast SEO plugin v27.3 - https:\/\/yoast.com\/product\/yoast-seo-wordpress\/ -->\n<title>[QUIZ] Qual pa\u00eds \u00e9 a sua cara? - Univates Blog<\/title>\n<meta name=\"robots\" content=\"index, follow, max-snippet:-1, max-image-preview:large, max-video-preview:-1\" \/>\n<link rel=\"canonical\" href=\"https:\/\/www.univates.br\/blog\/quiz-qual-pais-e-a-sua-cara\/\" \/>\n<meta property=\"og:locale\" content=\"pt_BR\" \/>\n<meta property=\"og:type\" content=\"article\" \/>\n<meta property=\"og:title\" content=\"[QUIZ] Qual pa\u00eds \u00e9 a sua cara? - Univates Blog\" \/>\n<meta property=\"og:description\" content=\"\u2708\ufe0e&nbsp;Sabia que, sendo estudante da Univates, voc\u00ea pode realizar&nbsp;interc\u00e2mbio acad\u00eamico&nbsp;e morar temporariamente em algum continente do mundo*? Pois \u00e9! A Institui\u00e7\u00e3o possui conv\u00eanios com universidades localizadas na Europa, Am\u00e9rica do Norte, Am\u00e9rica do Sul e at\u00e9 mesmo na \u00c1sia. Se,\u2026\" \/>\n<meta property=\"og:url\" content=\"https:\/\/www.univates.br\/blog\/quiz-qual-pais-e-a-sua-cara\/\" \/>\n<meta property=\"og:site_name\" content=\"Univates Blog\" \/>\n<meta property=\"article:published_time\" content=\"2022-05-05T11:37:54+00:00\" \/>\n<meta property=\"article:modified_time\" content=\"2024-01-18T16:42:34+00:00\" \/>\n<meta property=\"og:image\" content=\"https:\/\/desenvolvimento.bravo.st\/univatesblog\/wp-content\/uploads\/2022\/05\/pexels-andrea-piacquadio-3769138_1614365062.7491.jpg\" \/>\n<meta name=\"author\" content=\"Marketing Univates\" \/>\n<meta name=\"twitter:card\" content=\"summary_large_image\" \/>\n<meta name=\"twitter:label1\" content=\"Escrito por\" \/>\n\t<meta name=\"twitter:data1\" content=\"Marketing Univates\" \/>\n\t<meta name=\"twitter:label2\" content=\"Est. tempo de leitura\" \/>\n\t<meta name=\"twitter:data2\" content=\"10 minutos\" \/>\n<script type=\"application\/ld+json\" class=\"yoast-schema-graph\">{\"@context\":\"https:\\\/\\\/schema.org\",\"@graph\":[{\"@type\":\"Article\",\"@id\":\"https:\\\/\\\/www.univates.br\\\/blog\\\/quiz-qual-pais-e-a-sua-cara\\\/#article\",\"isPartOf\":{\"@id\":\"https:\\\/\\\/www.univates.br\\\/blog\\\/quiz-qual-pais-e-a-sua-cara\\\/\"},\"author\":{\"name\":\"Marketing Univates\",\"@id\":\"https:\\\/\\\/www.univates.br\\\/blog\\\/#\\\/schema\\\/person\\\/15c63917440cc5e70160c247b309af2f\"},\"headline\":\"[QUIZ] Qual pa\u00eds \u00e9 a sua cara?\",\"datePublished\":\"2022-05-05T11:37:54+00:00\",\"dateModified\":\"2024-01-18T16:42:34+00:00\",\"mainEntityOfPage\":{\"@id\":\"https:\\\/\\\/www.univates.br\\\/blog\\\/quiz-qual-pais-e-a-sua-cara\\\/\"},\"wordCount\":1528,\"commentCount\":0,\"image\":{\"@id\":\"https:\\\/\\\/www.univates.br\\\/blog\\\/quiz-qual-pais-e-a-sua-cara\\\/#primaryimage\"},\"thumbnailUrl\":\"https:\\\/\\\/desenvolvimento.bravo.st\\\/univatesblog\\\/wp-content\\\/uploads\\\/2022\\\/05\\\/pexels-andrea-piacquadio-3769138_1614365062.7491.jpg\",\"articleSection\":[\"Estudos\"],\"inLanguage\":\"pt-BR\",\"potentialAction\":[{\"@type\":\"CommentAction\",\"name\":\"Comment\",\"target\":[\"https:\\\/\\\/www.univates.br\\\/blog\\\/quiz-qual-pais-e-a-sua-cara\\\/#respond\"]}]},{\"@type\":\"WebPage\",\"@id\":\"https:\\\/\\\/www.univates.br\\\/blog\\\/quiz-qual-pais-e-a-sua-cara\\\/\",\"url\":\"https:\\\/\\\/www.univates.br\\\/blog\\\/quiz-qual-pais-e-a-sua-cara\\\/\",\"name\":\"[QUIZ] Qual pa\u00eds \u00e9 a sua cara? - Univates Blog\",\"isPartOf\":{\"@id\":\"https:\\\/\\\/www.univates.br\\\/blog\\\/#website\"},\"primaryImageOfPage\":{\"@id\":\"https:\\\/\\\/www.univates.br\\\/blog\\\/quiz-qual-pais-e-a-sua-cara\\\/#primaryimage\"},\"image\":{\"@id\":\"https:\\\/\\\/www.univates.br\\\/blog\\\/quiz-qual-pais-e-a-sua-cara\\\/#primaryimage\"},\"thumbnailUrl\":\"https:\\\/\\\/desenvolvimento.bravo.st\\\/univatesblog\\\/wp-content\\\/uploads\\\/2022\\\/05\\\/pexels-andrea-piacquadio-3769138_1614365062.7491.jpg\",\"datePublished\":\"2022-05-05T11:37:54+00:00\",\"dateModified\":\"2024-01-18T16:42:34+00:00\",\"author\":{\"@id\":\"https:\\\/\\\/www.univates.br\\\/blog\\\/#\\\/schema\\\/person\\\/15c63917440cc5e70160c247b309af2f\"},\"breadcrumb\":{\"@id\":\"https:\\\/\\\/www.univates.br\\\/blog\\\/quiz-qual-pais-e-a-sua-cara\\\/#breadcrumb\"},\"inLanguage\":\"pt-BR\",\"potentialAction\":[{\"@type\":\"ReadAction\",\"target\":[\"https:\\\/\\\/www.univates.br\\\/blog\\\/quiz-qual-pais-e-a-sua-cara\\\/\"]}]},{\"@type\":\"ImageObject\",\"inLanguage\":\"pt-BR\",\"@id\":\"https:\\\/\\\/www.univates.br\\\/blog\\\/quiz-qual-pais-e-a-sua-cara\\\/#primaryimage\",\"url\":\"https:\\\/\\\/desenvolvimento.bravo.st\\\/univatesblog\\\/wp-content\\\/uploads\\\/2022\\\/05\\\/pexels-andrea-piacquadio-3769138_1614365062.7491.jpg\",\"contentUrl\":\"https:\\\/\\\/desenvolvimento.bravo.st\\\/univatesblog\\\/wp-content\\\/uploads\\\/2022\\\/05\\\/pexels-andrea-piacquadio-3769138_1614365062.7491.jpg\"},{\"@type\":\"BreadcrumbList\",\"@id\":\"https:\\\/\\\/www.univates.br\\\/blog\\\/quiz-qual-pais-e-a-sua-cara\\\/#breadcrumb\",\"itemListElement\":[{\"@type\":\"ListItem\",\"position\":1,\"name\":\"Home\",\"item\":\"https:\\\/\\\/www.univates.br\\\/blog\\\/\"},{\"@type\":\"ListItem\",\"position\":2,\"name\":\"[QUIZ] Qual pa\u00eds \u00e9 a sua cara?\"}]},{\"@type\":\"WebSite\",\"@id\":\"https:\\\/\\\/www.univates.br\\\/blog\\\/#website\",\"url\":\"https:\\\/\\\/www.univates.br\\\/blog\\\/\",\"name\":\"Univates Blog\",\"description\":\"\",\"potentialAction\":[{\"@type\":\"SearchAction\",\"target\":{\"@type\":\"EntryPoint\",\"urlTemplate\":\"https:\\\/\\\/www.univates.br\\\/blog\\\/?s={search_term_string}\"},\"query-input\":{\"@type\":\"PropertyValueSpecification\",\"valueRequired\":true,\"valueName\":\"search_term_string\"}}],\"inLanguage\":\"pt-BR\"},{\"@type\":\"Person\",\"@id\":\"https:\\\/\\\/www.univates.br\\\/blog\\\/#\\\/schema\\\/person\\\/15c63917440cc5e70160c247b309af2f\",\"name\":\"Marketing Univates\",\"image\":{\"@type\":\"ImageObject\",\"inLanguage\":\"pt-BR\",\"@id\":\"https:\\\/\\\/secure.gravatar.com\\\/avatar\\\/511f9e77a6a3d0cddd9074f69a722364bc7f787e73d4a0da1f727ba62704eda4?s=96&d=mm&r=g\",\"url\":\"https:\\\/\\\/secure.gravatar.com\\\/avatar\\\/511f9e77a6a3d0cddd9074f69a722364bc7f787e73d4a0da1f727ba62704eda4?s=96&d=mm&r=g\",\"contentUrl\":\"https:\\\/\\\/secure.gravatar.com\\\/avatar\\\/511f9e77a6a3d0cddd9074f69a722364bc7f787e73d4a0da1f727ba62704eda4?s=96&d=mm&r=g\",\"caption\":\"Marketing Univates\"},\"sameAs\":[\"http:\\\/\\\/univates.br\"],\"url\":\"https:\\\/\\\/www.univates.br\\\/blog\\\/author\\\/marketing\\\/\"}]}<\/script>\n<!-- \/ Yoast SEO plugin. -->","yoast_head_json":{"title":"[QUIZ] Qual pa\u00eds \u00e9 a sua cara? - Univates Blog","robots":{"index":"index","follow":"follow","max-snippet":"max-snippet:-1","max-image-preview":"max-image-preview:large","max-video-preview":"max-video-preview:-1"},"canonical":"https:\/\/www.univates.br\/blog\/quiz-qual-pais-e-a-sua-cara\/","og_locale":"pt_BR","og_type":"article","og_title":"[QUIZ] Qual pa\u00eds \u00e9 a sua cara? - Univates Blog","og_description":"\u2708\ufe0e&nbsp;Sabia que, sendo estudante da Univates, voc\u00ea pode realizar&nbsp;interc\u00e2mbio acad\u00eamico&nbsp;e morar temporariamente em algum continente do mundo*? Pois \u00e9! A Institui\u00e7\u00e3o possui conv\u00eanios com universidades localizadas na Europa, Am\u00e9rica do Norte, Am\u00e9rica do Sul e at\u00e9 mesmo na \u00c1sia. Se,\u2026","og_url":"https:\/\/www.univates.br\/blog\/quiz-qual-pais-e-a-sua-cara\/","og_site_name":"Univates Blog","article_published_time":"2022-05-05T11:37:54+00:00","article_modified_time":"2024-01-18T16:42:34+00:00","og_image":[{"url":"https:\/\/desenvolvimento.bravo.st\/univatesblog\/wp-content\/uploads\/2022\/05\/pexels-andrea-piacquadio-3769138_1614365062.7491.jpg","type":"","width":"","height":""}],"author":"Marketing Univates","twitter_card":"summary_large_image","twitter_misc":{"Escrito por":"Marketing Univates","Est. tempo de leitura":"10 minutos"},"schema":{"@context":"https:\/\/schema.org","@graph":[{"@type":"Article","@id":"https:\/\/www.univates.br\/blog\/quiz-qual-pais-e-a-sua-cara\/#article","isPartOf":{"@id":"https:\/\/www.univates.br\/blog\/quiz-qual-pais-e-a-sua-cara\/"},"author":{"name":"Marketing Univates","@id":"https:\/\/www.univates.br\/blog\/#\/schema\/person\/15c63917440cc5e70160c247b309af2f"},"headline":"[QUIZ] Qual pa\u00eds \u00e9 a sua cara?","datePublished":"2022-05-05T11:37:54+00:00","dateModified":"2024-01-18T16:42:34+00:00","mainEntityOfPage":{"@id":"https:\/\/www.univates.br\/blog\/quiz-qual-pais-e-a-sua-cara\/"},"wordCount":1528,"commentCount":0,"image":{"@id":"https:\/\/www.univates.br\/blog\/quiz-qual-pais-e-a-sua-cara\/#primaryimage"},"thumbnailUrl":"https:\/\/desenvolvimento.bravo.st\/univatesblog\/wp-content\/uploads\/2022\/05\/pexels-andrea-piacquadio-3769138_1614365062.7491.jpg","articleSection":["Estudos"],"inLanguage":"pt-BR","potentialAction":[{"@type":"CommentAction","name":"Comment","target":["https:\/\/www.univates.br\/blog\/quiz-qual-pais-e-a-sua-cara\/#respond"]}]},{"@type":"WebPage","@id":"https:\/\/www.univates.br\/blog\/quiz-qual-pais-e-a-sua-cara\/","url":"https:\/\/www.univates.br\/blog\/quiz-qual-pais-e-a-sua-cara\/","name":"[QUIZ] Qual pa\u00eds \u00e9 a sua cara? - Univates Blog","isPartOf":{"@id":"https:\/\/www.univates.br\/blog\/#website"},"primaryImageOfPage":{"@id":"https:\/\/www.univates.br\/blog\/quiz-qual-pais-e-a-sua-cara\/#primaryimage"},"image":{"@id":"https:\/\/www.univates.br\/blog\/quiz-qual-pais-e-a-sua-cara\/#primaryimage"},"thumbnailUrl":"https:\/\/desenvolvimento.bravo.st\/univatesblog\/wp-content\/uploads\/2022\/05\/pexels-andrea-piacquadio-3769138_1614365062.7491.jpg","datePublished":"2022-05-05T11:37:54+00:00","dateModified":"2024-01-18T16:42:34+00:00","author":{"@id":"https:\/\/www.univates.br\/blog\/#\/schema\/person\/15c63917440cc5e70160c247b309af2f"},"breadcrumb":{"@id":"https:\/\/www.univates.br\/blog\/quiz-qual-pais-e-a-sua-cara\/#breadcrumb"},"inLanguage":"pt-BR","potentialAction":[{"@type":"ReadAction","target":["https:\/\/www.univates.br\/blog\/quiz-qual-pais-e-a-sua-cara\/"]}]},{"@type":"ImageObject","inLanguage":"pt-BR","@id":"https:\/\/www.univates.br\/blog\/quiz-qual-pais-e-a-sua-cara\/#primaryimage","url":"https:\/\/desenvolvimento.bravo.st\/univatesblog\/wp-content\/uploads\/2022\/05\/pexels-andrea-piacquadio-3769138_1614365062.7491.jpg","contentUrl":"https:\/\/desenvolvimento.bravo.st\/univatesblog\/wp-content\/uploads\/2022\/05\/pexels-andrea-piacquadio-3769138_1614365062.7491.jpg"},{"@type":"BreadcrumbList","@id":"https:\/\/www.univates.br\/blog\/quiz-qual-pais-e-a-sua-cara\/#breadcrumb","itemListElement":[{"@type":"ListItem","position":1,"name":"Home","item":"https:\/\/www.univates.br\/blog\/"},{"@type":"ListItem","position":2,"name":"[QUIZ] Qual pa\u00eds \u00e9 a sua cara?"}]},{"@type":"WebSite","@id":"https:\/\/www.univates.br\/blog\/#website","url":"https:\/\/www.univates.br\/blog\/","name":"Univates Blog","description":"","potentialAction":[{"@type":"SearchAction","target":{"@type":"EntryPoint","urlTemplate":"https:\/\/www.univates.br\/blog\/?s={search_term_string}"},"query-input":{"@type":"PropertyValueSpecification","valueRequired":true,"valueName":"search_term_string"}}],"inLanguage":"pt-BR"},{"@type":"Person","@id":"https:\/\/www.univates.br\/blog\/#\/schema\/person\/15c63917440cc5e70160c247b309af2f","name":"Marketing Univates","image":{"@type":"ImageObject","inLanguage":"pt-BR","@id":"https:\/\/secure.gravatar.com\/avatar\/511f9e77a6a3d0cddd9074f69a722364bc7f787e73d4a0da1f727ba62704eda4?s=96&d=mm&r=g","url":"https:\/\/secure.gravatar.com\/avatar\/511f9e77a6a3d0cddd9074f69a722364bc7f787e73d4a0da1f727ba62704eda4?s=96&d=mm&r=g","contentUrl":"https:\/\/secure.gravatar.com\/avatar\/511f9e77a6a3d0cddd9074f69a722364bc7f787e73d4a0da1f727ba62704eda4?s=96&d=mm&r=g","caption":"Marketing Univates"},"sameAs":["http:\/\/univates.br"],"url":"https:\/\/www.univates.br\/blog\/author\/marketing\/"}]}},"_links":{"self":[{"href":"https:\/\/www.univates.br\/blog\/wp-json\/wp\/v2\/posts\/294","targetHints":{"allow":["GET"]}}],"collection":[{"href":"https:\/\/www.univates.br\/blog\/wp-json\/wp\/v2\/posts"}],"about":[{"href":"https:\/\/www.univates.br\/blog\/wp-json\/wp\/v2\/types\/post"}],"author":[{"embeddable":true,"href":"https:\/\/www.univates.br\/blog\/wp-json\/wp\/v2\/users\/2"}],"replies":[{"embeddable":true,"href":"https:\/\/www.univates.br\/blog\/wp-json\/wp\/v2\/comments?post=294"}],"version-history":[{"count":9,"href":"https:\/\/www.univates.br\/blog\/wp-json\/wp\/v2\/posts\/294\/revisions"}],"predecessor-version":[{"id":4676,"href":"https:\/\/www.univates.br\/blog\/wp-json\/wp\/v2\/posts\/294\/revisions\/4676"}],"wp:attachment":[{"href":"https:\/\/www.univates.br\/blog\/wp-json\/wp\/v2\/media?parent=294"}],"wp:term":[{"taxonomy":"category","embeddable":true,"href":"https:\/\/www.univates.br\/blog\/wp-json\/wp\/v2\/categories?post=294"}],"curies":[{"name":"wp","href":"https:\/\/api.w.org\/{rel}","templated":true}]}}