{"id":3005,"date":"2023-04-12T13:28:58","date_gmt":"2023-04-12T16:28:58","guid":{"rendered":"https:\/\/www.univates.br\/blog\/\/?p=3005"},"modified":"2025-03-25T15:34:44","modified_gmt":"2025-03-25T18:34:44","slug":"o-que-falar-em-uma-entrevista-de-emprego","status":"publish","type":"post","link":"https:\/\/www.univates.br\/blog\/o-que-falar-em-uma-entrevista-de-emprego\/","title":{"rendered":"<strong>O que falar em uma entrevista de emprego?<\/strong>"},"content":{"rendered":"\n<p>N\u00e3o tem jeito: em algum momento da vida, voc\u00ea vai passar por uma entrevista de emprego e precisar falar a respeito de si mesmo. No <em>post<\/em> de hoje, reunimos dicas do que dizer durante a conversa para se dar bem e conseguir uma vaga de trabalho. Confira. &nbsp;\ud83d\udcbc<\/p>\n\n\n<div class=\"wp-block-image\">\n<figure class=\"aligncenter size-full\"><img loading=\"lazy\" decoding=\"async\" width=\"5184\" height=\"3456\" src=\"https:\/\/www.univates.br\/blog\/wp-content\/uploads\/2023\/04\/Imagens-posts-blog-2025-03-25T150056.727.jpg\" alt=\"\" class=\"wp-image-6285\"\/><figcaption class=\"wp-element-caption\">Foto: Divulga\u00e7\u00e3o\/Pexels<\/figcaption><\/figure>\n<\/div>\n\n\n<h2 class=\"wp-block-heading\">1) <strong>Fale sobre si mesmo (mas tome cuidado para n\u00e3o parecer arrogante)<\/strong><\/h2>\n\n\n\n<div class=\"wp-block-media-text is-stacked-on-mobile\"><figure class=\"wp-block-media-text__media\"><img loading=\"lazy\" decoding=\"async\" width=\"5184\" height=\"3456\" src=\"https:\/\/www.univates.br\/blog\/wp-content\/uploads\/2023\/04\/Imagens-posts-blog-2025-03-25T150402.894.jpg\" alt=\"\" class=\"wp-image-6286 size-full\"\/><\/figure><div class=\"wp-block-media-text__content\">\n<p><\/p>\n\n\n\n<p>No in\u00edcio de uma entrevista de emprego, os recrutadores geralmente pedem que as pessoas falem sobre si mesmas, ressaltando seus pontos fortes e fracos. Essa \u00e9 a oportunidade perfeita para voc\u00ea \u201cvender seu peixe\u201d, portanto destaque as qualidades que acredita serem \u00fateis para a vaga \u00e0 qual est\u00e1 se candidatando.<\/p>\n<\/div><\/div>\n\n\n\n<p>Lembre-se de se manter realista sobre seus pontos fortes e demonstre humildade ao falar deles, afinal, voc\u00ea estar\u00e1 passando por uma sele\u00e7\u00e3o com mais pessoas e precisa cativar o recrutador.<\/p>\n\n\n\n<p><a href=\"https:\/\/www.univates.br\/blog\/descubra-o-seu-perfil-profissional\/\">Descubra qual \u00e9 o seu perfil profissional<\/a><\/p>\n\n\n\n<p><a href=\"https:\/\/www.univates.br\/blog\/descubra-o-curso-que-mais-combina-com-voce-por-meio-do-seu-perfil-profissional\/\">Descubra o curso que mais combina com voc\u00ea por meio do seu perfil profissional<\/a><\/p>\n\n\n\n<p><a href=\"https:\/\/www.univates.br\/blog\/como-descobrir-sua-vocacao-na-faculdade\/\">Como descobrir sua voca\u00e7\u00e3o na faculdade?<\/a><\/p>\n\n\n\n<h2 class=\"wp-block-heading\">2) <strong>Fale sobre suas experi\u00eancias profissionais passadas (se tiver)<\/strong><\/h2>\n\n\n\n<p>Em uma entrevista de emprego, voc\u00ea vai precisar falar sobre suas experi\u00eancias profissionais anteriores. Em um primeiro momento, comente a respeito das fun\u00e7\u00f5es desempenhadas na \u00faltima empresa em que trabalhou e, em seguida, se considerar relevante, relate outras atividades executadas em um passado mais distante.<\/p>\n\n\n\n<div class=\"wp-block-media-text is-stacked-on-mobile\"><figure class=\"wp-block-media-text__media\"><img loading=\"lazy\" decoding=\"async\" width=\"5184\" height=\"3456\" src=\"https:\/\/www.univates.br\/blog\/wp-content\/uploads\/2023\/04\/Imagens-posts-blog-2025-03-25T150547.701-1.jpg\" alt=\"\" class=\"wp-image-6296 size-full\"\/><\/figure><div class=\"wp-block-media-text__content\">\n<p><\/p>\n\n\n\n<p>Caso esteja buscando emprego pela primeira vez, informe ao recrutador quais s\u00e3o suas qualifica\u00e7\u00f5es t\u00e9cnicas. Fez algum curso interessante que o deixou com brilho nos olhos? Ent\u00e3o fale ao entrevistador! Assim, \u00e9 poss\u00edvel mostrar que, mesmo sem ter experi\u00eancias profissionais, voc\u00ea est\u00e1 se esfor\u00e7ando para turbinar seu curr\u00edculo e se destacar entre outros candidatos.<\/p>\n<\/div><\/div>\n\n\n\n<p><a href=\"https:\/\/www.univates.br\/blog\/soft-skills-o-que-sao\/\"><em>Soft skills<\/em>: exemplos, o que s\u00e3o e qual a import\u00e2ncia<\/a><\/p>\n\n\n\n<h2 class=\"wp-block-heading\">3) <strong>Fale sobre suas aspira\u00e7\u00f5es profissionais futuras<\/strong><\/h2>\n\n\n\n<p>Durante uma entrevista de emprego, \u00e9 importante que voc\u00ea exponha suas aspira\u00e7\u00f5es profissionais futuras. N\u00e3o fique com vergonha de falar sobre suas metas e seus objetivos, pois, no final das contas, ser\u00e3o eles que o motivar\u00e3o em momentos mais conturbados.<\/p>\n\n\n\n<p>Os recrutadores costumam ver com bons olhos candidatos que <a href=\"https:\/\/www.univates.br\/blog\/importancia-de-fazer-um-plano-de-carreira-personalizado\/\">pensam em suas carreiras em longo prazo<\/a>, ou seja, que mostram motiva\u00e7\u00e3o para crescer profissionalmente.<\/p>\n\n\n\n<p><a href=\"https:\/\/www.univates.br\/blog\/plataforma-de-carreira-passo-a-passo\/\">Plataforma de Carreira passo a passo<\/a><\/p>\n\n\n\n<p><a href=\"https:\/\/www.univates.br\/blog\/conheca-15-profissoes-do-futuro-e-saiba-como-se-preparar-para-elas\/\">Conhe\u00e7a 15 profiss\u00f5es do futuro e saiba como se preparar para elas<\/a><\/p>\n\n\n\n<h2 class=\"wp-block-heading\">4) <strong>Tenha na ponta da l\u00edngua informa\u00e7\u00f5es sobre a empresa em que deseja trabalhar<\/strong><\/h2>\n\n\n\n<div class=\"wp-block-media-text is-stacked-on-mobile\"><figure class=\"wp-block-media-text__media\"><img loading=\"lazy\" decoding=\"async\" width=\"5184\" height=\"3456\" src=\"https:\/\/www.univates.br\/blog\/wp-content\/uploads\/2023\/04\/Imagens-posts-blog-2025-03-25T150756.728.jpg\" alt=\"\" class=\"wp-image-6297 size-full\"\/><\/figure><div class=\"wp-block-media-text__content\">\n<p><\/p>\n\n\n\n<p>Nunca (mas nunca mesmo!) v\u00e1 a uma entrevista de emprego sem realizar uma pesquisa a respeito da organiza\u00e7\u00e3o na qual voc\u00ea deseja atuar. Atualmente, obter informa\u00e7\u00f5es sobre pessoas e empresas \u00e9 muito f\u00e1cil: tudo est\u00e1 dispon\u00edvel na internet. Basta usar os motores de busca a seu favor!<\/p>\n<\/div><\/div>\n\n\n\n<p>Quando o recrutador fizer a cl\u00e1ssica perguntinha \u201co que voc\u00ea sabe sobre nossa empresa?\u201d, fale sobre a hist\u00f3ria da institui\u00e7\u00e3o, seus valores, seus princ\u00edpios e sua miss\u00e3o. Eventualmente, tamb\u00e9m \u00e9 poss\u00edvel citar projetos e iniciativas idealizados pela organiza\u00e7\u00e3o. Enfim, quanto mais conhecimento voc\u00ea demonstrar, melhor!<\/p>\n\n\n\n<h2 class=\"wp-block-heading\">\u274c <strong>DICA B\u00d4NUS: o que voc\u00ea N\u00c3O DEVE falar em uma entrevista de emprego?<\/strong><\/h2>\n\n\n\n<p>\u274c G\u00edrias;<\/p>\n\n\n\n<p>\u274c Palavr\u00f5es;<\/p>\n\n\n\n<p>\u274c Mentiras;<\/p>\n\n\n\n<p>\u274c Falar mal dos gestores e\/ou dos colegas de trabalho que voc\u00ea j\u00e1 teve;<\/p>\n\n\n\n<p>\u274c Falar mal das empresas em que voc\u00ea j\u00e1 trabalhou;<\/p>\n\n\n\n<p>\u274c Divulgar informa\u00e7\u00f5es confidenciais das empresas pelas quais voc\u00ea j\u00e1 passou.<\/p>\n\n\n\n<h2 class=\"wp-block-heading\">Fim \ud83d\udc99 <\/h2>\n\n\n\n<p>Seguindo essas dicas, voc\u00ea estar\u00e1 muito mais preparado para enfrentar uma entrevista de emprego com confian\u00e7a e aumentar suas chances de conquistar a vaga desejada. Lembre-se de se expressar com clareza, demonstrar interesse pela empresa e ser sincero sobre suas habilidades e objetivos. Boa sorte! \ud83d\ude80<\/p>\n","protected":false},"excerpt":{"rendered":"<p>Veja dicas do que dizer para se dar bem e conseguir uma vaga de trabalho. <\/p>\n","protected":false},"author":2,"featured_media":0,"comment_status":"open","ping_status":"open","sticky":true,"template":"","format":"standard","meta":{"_acf_changed":false,"footnotes":""},"categories":[33],"class_list":["post-3005","post","type-post","status-publish","format-standard","hentry","category-carreira","autor-lais-pontin-matos"],"acf":[],"yoast_head":"<!-- This site is optimized with the Yoast SEO plugin v27.3 - https:\/\/yoast.com\/product\/yoast-seo-wordpress\/ -->\n<title>O que falar em uma entrevista de emprego? - Univates Blog<\/title>\n<meta name=\"description\" content=\"Preparamos um conte\u00fado com dicas do que voc\u00ea deve falar em uma entrevista de emprego para se dar bem e conseguir uma vaga de trabalho.\" \/>\n<meta name=\"robots\" content=\"index, follow, max-snippet:-1, max-image-preview:large, max-video-preview:-1\" \/>\n<link rel=\"canonical\" href=\"https:\/\/www.univates.br\/blog\/o-que-falar-em-uma-entrevista-de-emprego\/\" \/>\n<meta property=\"og:locale\" content=\"pt_BR\" \/>\n<meta property=\"og:type\" content=\"article\" \/>\n<meta property=\"og:title\" content=\"O que falar em uma entrevista de emprego? - Univates Blog\" \/>\n<meta property=\"og:description\" content=\"Preparamos um conte\u00fado com dicas do que voc\u00ea deve falar em uma entrevista de emprego para se dar bem e conseguir uma vaga de trabalho.\" \/>\n<meta property=\"og:url\" content=\"https:\/\/www.univates.br\/blog\/o-que-falar-em-uma-entrevista-de-emprego\/\" \/>\n<meta property=\"og:site_name\" content=\"Univates Blog\" \/>\n<meta property=\"article:published_time\" content=\"2023-04-12T16:28:58+00:00\" \/>\n<meta property=\"article:modified_time\" content=\"2025-03-25T18:34:44+00:00\" \/>\n<meta property=\"og:image\" content=\"https:\/\/www.univates.br\/blog\/wp-content\/uploads\/2023\/04\/Imagens-posts-blog-2025-03-25T150056.727.jpg\" \/>\n<meta name=\"author\" content=\"Marketing Univates\" \/>\n<meta name=\"twitter:card\" content=\"summary_large_image\" \/>\n<meta name=\"twitter:label1\" content=\"Escrito por\" \/>\n\t<meta name=\"twitter:data1\" content=\"Marketing Univates\" \/>\n\t<meta name=\"twitter:label2\" content=\"Est. tempo de leitura\" \/>\n\t<meta name=\"twitter:data2\" content=\"5 minutos\" \/>\n<script type=\"application\/ld+json\" class=\"yoast-schema-graph\">{\"@context\":\"https:\\\/\\\/schema.org\",\"@graph\":[{\"@type\":\"Article\",\"@id\":\"https:\\\/\\\/www.univates.br\\\/blog\\\/o-que-falar-em-uma-entrevista-de-emprego\\\/#article\",\"isPartOf\":{\"@id\":\"https:\\\/\\\/www.univates.br\\\/blog\\\/o-que-falar-em-uma-entrevista-de-emprego\\\/\"},\"author\":{\"name\":\"Marketing Univates\",\"@id\":\"https:\\\/\\\/www.univates.br\\\/blog\\\/#\\\/schema\\\/person\\\/15c63917440cc5e70160c247b309af2f\"},\"headline\":\"O que falar em uma entrevista de emprego?\",\"datePublished\":\"2023-04-12T16:28:58+00:00\",\"dateModified\":\"2025-03-25T18:34:44+00:00\",\"mainEntityOfPage\":{\"@id\":\"https:\\\/\\\/www.univates.br\\\/blog\\\/o-que-falar-em-uma-entrevista-de-emprego\\\/\"},\"wordCount\":621,\"commentCount\":0,\"image\":{\"@id\":\"https:\\\/\\\/www.univates.br\\\/blog\\\/o-que-falar-em-uma-entrevista-de-emprego\\\/#primaryimage\"},\"thumbnailUrl\":\"https:\\\/\\\/www.univates.br\\\/blog\\\/wp-content\\\/uploads\\\/2023\\\/04\\\/Imagens-posts-blog-2025-03-25T150056.727.jpg\",\"articleSection\":[\"Carreira\"],\"inLanguage\":\"pt-BR\",\"potentialAction\":[{\"@type\":\"CommentAction\",\"name\":\"Comment\",\"target\":[\"https:\\\/\\\/www.univates.br\\\/blog\\\/o-que-falar-em-uma-entrevista-de-emprego\\\/#respond\"]}]},{\"@type\":\"WebPage\",\"@id\":\"https:\\\/\\\/www.univates.br\\\/blog\\\/o-que-falar-em-uma-entrevista-de-emprego\\\/\",\"url\":\"https:\\\/\\\/www.univates.br\\\/blog\\\/o-que-falar-em-uma-entrevista-de-emprego\\\/\",\"name\":\"O que falar em uma entrevista de emprego? - Univates Blog\",\"isPartOf\":{\"@id\":\"https:\\\/\\\/www.univates.br\\\/blog\\\/#website\"},\"primaryImageOfPage\":{\"@id\":\"https:\\\/\\\/www.univates.br\\\/blog\\\/o-que-falar-em-uma-entrevista-de-emprego\\\/#primaryimage\"},\"image\":{\"@id\":\"https:\\\/\\\/www.univates.br\\\/blog\\\/o-que-falar-em-uma-entrevista-de-emprego\\\/#primaryimage\"},\"thumbnailUrl\":\"https:\\\/\\\/www.univates.br\\\/blog\\\/wp-content\\\/uploads\\\/2023\\\/04\\\/Imagens-posts-blog-2025-03-25T150056.727.jpg\",\"datePublished\":\"2023-04-12T16:28:58+00:00\",\"dateModified\":\"2025-03-25T18:34:44+00:00\",\"author\":{\"@id\":\"https:\\\/\\\/www.univates.br\\\/blog\\\/#\\\/schema\\\/person\\\/15c63917440cc5e70160c247b309af2f\"},\"description\":\"Preparamos um conte\u00fado com dicas do que voc\u00ea deve falar em uma entrevista de emprego para se dar bem e conseguir uma vaga de trabalho.\",\"breadcrumb\":{\"@id\":\"https:\\\/\\\/www.univates.br\\\/blog\\\/o-que-falar-em-uma-entrevista-de-emprego\\\/#breadcrumb\"},\"inLanguage\":\"pt-BR\",\"potentialAction\":[{\"@type\":\"ReadAction\",\"target\":[\"https:\\\/\\\/www.univates.br\\\/blog\\\/o-que-falar-em-uma-entrevista-de-emprego\\\/\"]}]},{\"@type\":\"ImageObject\",\"inLanguage\":\"pt-BR\",\"@id\":\"https:\\\/\\\/www.univates.br\\\/blog\\\/o-que-falar-em-uma-entrevista-de-emprego\\\/#primaryimage\",\"url\":\"https:\\\/\\\/www.univates.br\\\/blog\\\/wp-content\\\/uploads\\\/2023\\\/04\\\/Imagens-posts-blog-2025-03-25T150056.727.jpg\",\"contentUrl\":\"https:\\\/\\\/www.univates.br\\\/blog\\\/wp-content\\\/uploads\\\/2023\\\/04\\\/Imagens-posts-blog-2025-03-25T150056.727.jpg\",\"width\":5184,\"height\":3456},{\"@type\":\"BreadcrumbList\",\"@id\":\"https:\\\/\\\/www.univates.br\\\/blog\\\/o-que-falar-em-uma-entrevista-de-emprego\\\/#breadcrumb\",\"itemListElement\":[{\"@type\":\"ListItem\",\"position\":1,\"name\":\"Home\",\"item\":\"https:\\\/\\\/www.univates.br\\\/blog\\\/\"},{\"@type\":\"ListItem\",\"position\":2,\"name\":\"O que falar em uma entrevista de emprego?\"}]},{\"@type\":\"WebSite\",\"@id\":\"https:\\\/\\\/www.univates.br\\\/blog\\\/#website\",\"url\":\"https:\\\/\\\/www.univates.br\\\/blog\\\/\",\"name\":\"Univates Blog\",\"description\":\"\",\"potentialAction\":[{\"@type\":\"SearchAction\",\"target\":{\"@type\":\"EntryPoint\",\"urlTemplate\":\"https:\\\/\\\/www.univates.br\\\/blog\\\/?s={search_term_string}\"},\"query-input\":{\"@type\":\"PropertyValueSpecification\",\"valueRequired\":true,\"valueName\":\"search_term_string\"}}],\"inLanguage\":\"pt-BR\"},{\"@type\":\"Person\",\"@id\":\"https:\\\/\\\/www.univates.br\\\/blog\\\/#\\\/schema\\\/person\\\/15c63917440cc5e70160c247b309af2f\",\"name\":\"Marketing Univates\",\"image\":{\"@type\":\"ImageObject\",\"inLanguage\":\"pt-BR\",\"@id\":\"https:\\\/\\\/secure.gravatar.com\\\/avatar\\\/511f9e77a6a3d0cddd9074f69a722364bc7f787e73d4a0da1f727ba62704eda4?s=96&d=mm&r=g\",\"url\":\"https:\\\/\\\/secure.gravatar.com\\\/avatar\\\/511f9e77a6a3d0cddd9074f69a722364bc7f787e73d4a0da1f727ba62704eda4?s=96&d=mm&r=g\",\"contentUrl\":\"https:\\\/\\\/secure.gravatar.com\\\/avatar\\\/511f9e77a6a3d0cddd9074f69a722364bc7f787e73d4a0da1f727ba62704eda4?s=96&d=mm&r=g\",\"caption\":\"Marketing Univates\"},\"sameAs\":[\"http:\\\/\\\/univates.br\"],\"url\":\"https:\\\/\\\/www.univates.br\\\/blog\\\/author\\\/marketing\\\/\"}]}<\/script>\n<!-- \/ Yoast SEO plugin. -->","yoast_head_json":{"title":"O que falar em uma entrevista de emprego? - Univates Blog","description":"Preparamos um conte\u00fado com dicas do que voc\u00ea deve falar em uma entrevista de emprego para se dar bem e conseguir uma vaga de trabalho.","robots":{"index":"index","follow":"follow","max-snippet":"max-snippet:-1","max-image-preview":"max-image-preview:large","max-video-preview":"max-video-preview:-1"},"canonical":"https:\/\/www.univates.br\/blog\/o-que-falar-em-uma-entrevista-de-emprego\/","og_locale":"pt_BR","og_type":"article","og_title":"O que falar em uma entrevista de emprego? - Univates Blog","og_description":"Preparamos um conte\u00fado com dicas do que voc\u00ea deve falar em uma entrevista de emprego para se dar bem e conseguir uma vaga de trabalho.","og_url":"https:\/\/www.univates.br\/blog\/o-que-falar-em-uma-entrevista-de-emprego\/","og_site_name":"Univates Blog","article_published_time":"2023-04-12T16:28:58+00:00","article_modified_time":"2025-03-25T18:34:44+00:00","og_image":[{"url":"https:\/\/www.univates.br\/blog\/wp-content\/uploads\/2023\/04\/Imagens-posts-blog-2025-03-25T150056.727.jpg","type":"","width":"","height":""}],"author":"Marketing Univates","twitter_card":"summary_large_image","twitter_misc":{"Escrito por":"Marketing Univates","Est. tempo de leitura":"5 minutos"},"schema":{"@context":"https:\/\/schema.org","@graph":[{"@type":"Article","@id":"https:\/\/www.univates.br\/blog\/o-que-falar-em-uma-entrevista-de-emprego\/#article","isPartOf":{"@id":"https:\/\/www.univates.br\/blog\/o-que-falar-em-uma-entrevista-de-emprego\/"},"author":{"name":"Marketing Univates","@id":"https:\/\/www.univates.br\/blog\/#\/schema\/person\/15c63917440cc5e70160c247b309af2f"},"headline":"O que falar em uma entrevista de emprego?","datePublished":"2023-04-12T16:28:58+00:00","dateModified":"2025-03-25T18:34:44+00:00","mainEntityOfPage":{"@id":"https:\/\/www.univates.br\/blog\/o-que-falar-em-uma-entrevista-de-emprego\/"},"wordCount":621,"commentCount":0,"image":{"@id":"https:\/\/www.univates.br\/blog\/o-que-falar-em-uma-entrevista-de-emprego\/#primaryimage"},"thumbnailUrl":"https:\/\/www.univates.br\/blog\/wp-content\/uploads\/2023\/04\/Imagens-posts-blog-2025-03-25T150056.727.jpg","articleSection":["Carreira"],"inLanguage":"pt-BR","potentialAction":[{"@type":"CommentAction","name":"Comment","target":["https:\/\/www.univates.br\/blog\/o-que-falar-em-uma-entrevista-de-emprego\/#respond"]}]},{"@type":"WebPage","@id":"https:\/\/www.univates.br\/blog\/o-que-falar-em-uma-entrevista-de-emprego\/","url":"https:\/\/www.univates.br\/blog\/o-que-falar-em-uma-entrevista-de-emprego\/","name":"O que falar em uma entrevista de emprego? - Univates Blog","isPartOf":{"@id":"https:\/\/www.univates.br\/blog\/#website"},"primaryImageOfPage":{"@id":"https:\/\/www.univates.br\/blog\/o-que-falar-em-uma-entrevista-de-emprego\/#primaryimage"},"image":{"@id":"https:\/\/www.univates.br\/blog\/o-que-falar-em-uma-entrevista-de-emprego\/#primaryimage"},"thumbnailUrl":"https:\/\/www.univates.br\/blog\/wp-content\/uploads\/2023\/04\/Imagens-posts-blog-2025-03-25T150056.727.jpg","datePublished":"2023-04-12T16:28:58+00:00","dateModified":"2025-03-25T18:34:44+00:00","author":{"@id":"https:\/\/www.univates.br\/blog\/#\/schema\/person\/15c63917440cc5e70160c247b309af2f"},"description":"Preparamos um conte\u00fado com dicas do que voc\u00ea deve falar em uma entrevista de emprego para se dar bem e conseguir uma vaga de trabalho.","breadcrumb":{"@id":"https:\/\/www.univates.br\/blog\/o-que-falar-em-uma-entrevista-de-emprego\/#breadcrumb"},"inLanguage":"pt-BR","potentialAction":[{"@type":"ReadAction","target":["https:\/\/www.univates.br\/blog\/o-que-falar-em-uma-entrevista-de-emprego\/"]}]},{"@type":"ImageObject","inLanguage":"pt-BR","@id":"https:\/\/www.univates.br\/blog\/o-que-falar-em-uma-entrevista-de-emprego\/#primaryimage","url":"https:\/\/www.univates.br\/blog\/wp-content\/uploads\/2023\/04\/Imagens-posts-blog-2025-03-25T150056.727.jpg","contentUrl":"https:\/\/www.univates.br\/blog\/wp-content\/uploads\/2023\/04\/Imagens-posts-blog-2025-03-25T150056.727.jpg","width":5184,"height":3456},{"@type":"BreadcrumbList","@id":"https:\/\/www.univates.br\/blog\/o-que-falar-em-uma-entrevista-de-emprego\/#breadcrumb","itemListElement":[{"@type":"ListItem","position":1,"name":"Home","item":"https:\/\/www.univates.br\/blog\/"},{"@type":"ListItem","position":2,"name":"O que falar em uma entrevista de emprego?"}]},{"@type":"WebSite","@id":"https:\/\/www.univates.br\/blog\/#website","url":"https:\/\/www.univates.br\/blog\/","name":"Univates Blog","description":"","potentialAction":[{"@type":"SearchAction","target":{"@type":"EntryPoint","urlTemplate":"https:\/\/www.univates.br\/blog\/?s={search_term_string}"},"query-input":{"@type":"PropertyValueSpecification","valueRequired":true,"valueName":"search_term_string"}}],"inLanguage":"pt-BR"},{"@type":"Person","@id":"https:\/\/www.univates.br\/blog\/#\/schema\/person\/15c63917440cc5e70160c247b309af2f","name":"Marketing Univates","image":{"@type":"ImageObject","inLanguage":"pt-BR","@id":"https:\/\/secure.gravatar.com\/avatar\/511f9e77a6a3d0cddd9074f69a722364bc7f787e73d4a0da1f727ba62704eda4?s=96&d=mm&r=g","url":"https:\/\/secure.gravatar.com\/avatar\/511f9e77a6a3d0cddd9074f69a722364bc7f787e73d4a0da1f727ba62704eda4?s=96&d=mm&r=g","contentUrl":"https:\/\/secure.gravatar.com\/avatar\/511f9e77a6a3d0cddd9074f69a722364bc7f787e73d4a0da1f727ba62704eda4?s=96&d=mm&r=g","caption":"Marketing Univates"},"sameAs":["http:\/\/univates.br"],"url":"https:\/\/www.univates.br\/blog\/author\/marketing\/"}]}},"_links":{"self":[{"href":"https:\/\/www.univates.br\/blog\/wp-json\/wp\/v2\/posts\/3005","targetHints":{"allow":["GET"]}}],"collection":[{"href":"https:\/\/www.univates.br\/blog\/wp-json\/wp\/v2\/posts"}],"about":[{"href":"https:\/\/www.univates.br\/blog\/wp-json\/wp\/v2\/types\/post"}],"author":[{"embeddable":true,"href":"https:\/\/www.univates.br\/blog\/wp-json\/wp\/v2\/users\/2"}],"replies":[{"embeddable":true,"href":"https:\/\/www.univates.br\/blog\/wp-json\/wp\/v2\/comments?post=3005"}],"version-history":[{"count":20,"href":"https:\/\/www.univates.br\/blog\/wp-json\/wp\/v2\/posts\/3005\/revisions"}],"predecessor-version":[{"id":6299,"href":"https:\/\/www.univates.br\/blog\/wp-json\/wp\/v2\/posts\/3005\/revisions\/6299"}],"wp:attachment":[{"href":"https:\/\/www.univates.br\/blog\/wp-json\/wp\/v2\/media?parent=3005"}],"wp:term":[{"taxonomy":"category","embeddable":true,"href":"https:\/\/www.univates.br\/blog\/wp-json\/wp\/v2\/categories?post=3005"}],"curies":[{"name":"wp","href":"https:\/\/api.w.org\/{rel}","templated":true}]}}