{"id":3031,"date":"2023-04-28T14:56:27","date_gmt":"2023-04-28T17:56:27","guid":{"rendered":"https:\/\/www.univates.br\/blog\/\/?p=3031"},"modified":"2023-12-20T16:22:50","modified_gmt":"2023-12-20T19:22:50","slug":"o-que-colocar-no-curriculo","status":"publish","type":"post","link":"https:\/\/www.univates.br\/blog\/o-que-colocar-no-curriculo\/","title":{"rendered":"O que colocar no curr\u00edculo?"},"content":{"rendered":"\n<p>A pergunta que n\u00e3o quer calar \u00e9 a seguinte: o que colocar no curr\u00edculo para chamar a aten\u00e7\u00e3o dos recrutadores e se destacar em um processo seletivo? Como sabemos que h\u00e1 muitas d\u00favidas a respeito do assunto, resolvemos preparar um <em>post<\/em> esclarecedor. Nele, voc\u00ea vai encontrar dicas sobre como montar o documento que \u00e9 seu cart\u00e3o de visita em qualquer entrevista de emprego. Confira. <\/p>\n\n\n<div class=\"wp-block-image\">\n<figure class=\"aligncenter size-full\"><img loading=\"lazy\" decoding=\"async\" width=\"3999\" height=\"2666\" src=\"https:\/\/www.univates.br\/blog\/\/wp-content\/uploads\/2023\/04\/pexels-markus-winkler-4101343.jpg\" alt=\"\" class=\"wp-image-3032\"\/><figcaption class=\"wp-element-caption\">Foto: Divulga\u00e7\u00e3o\/Pexels<\/figcaption><\/figure>\n<\/div>\n\n\n<h2 class=\"wp-block-heading\"><strong>1) Comece incluindo suas informa\u00e7\u00f5es pessoais<\/strong><\/h2>\n\n\n\n<p>A primeira informa\u00e7\u00e3o que voc\u00ea deve colocar no curr\u00edculo s\u00e3o seus dados pessoais, como nome, endere\u00e7o, n\u00famero(s) de telefone, <em>e-mail <\/em>e uma foto (caso se sinta \u00e0 vontade para faz\u00ea-lo), j\u00e1 que \u00e9 por meio deles que os <a href=\"https:\/\/www.univates.br\/blog\/\/o-que-falar-em-uma-entrevista-de-emprego\/\">recrutadores ir\u00e3o contat\u00e1-lo<\/a>. Insira esses dados no in\u00edcio do documento e n\u00e3o esque\u00e7a de mant\u00ea-los sempre atualizados, <em>ok<\/em>?&nbsp;<\/p>\n\n\n\n<h2 class=\"wp-block-heading\"><strong>2) Fale tamb\u00e9m sobre seus objetivos profissionais<\/strong><\/h2>\n\n\n\n<p>Logo depois de citar seus dados pessoais, voc\u00ea pode escrever brevemente sobre seus <a href=\"https:\/\/www.univates.br\/blog\/\/importancia-de-fazer-um-plano-de-carreira-personalizado\/\">objetivos profissionais<\/a>. Fa\u00e7a um resumo detalhando o cargo que procura e as habilidades que possui para exerc\u00ea-lo. Assim, ao lerem seu curr\u00edculo, os recrutadores ter\u00e3o no\u00e7\u00e3o das suas capacidades e saber\u00e3o como agir para aproveit\u00e1-las ao m\u00e1ximo.<\/p>\n\n\n\n<p><a href=\"https:\/\/www.univates.br\/blog\/\/descubra-o-seu-perfil-profissional\/\">Descubra qual \u00e9 o seu perfil profissional<\/a><\/p>\n\n\n\n<h2 class=\"wp-block-heading\"><strong>3) Cite suas qualifica\u00e7\u00f5es acad\u00eamicas<\/strong><\/h2>\n\n\n\n<p>O estudo \u00e9 muito importante para quem deseja construir uma carreira de sucesso e conquistar um bom lugar no mercado de trabalho. Sendo assim, n\u00e3o deixe de colocar no seu curr\u00edculo suas qualifica\u00e7\u00f5es acad\u00eamicas. Fez ou est\u00e1 fazendo um <a href=\"https:\/\/www.univates.br\/blog\/\/confira-os-motivos-para-fazer-um-curso-tecnico-na-nossa-universidade\/\">curso t\u00e9cnico<\/a>, uma <a href=\"https:\/\/www.univates.br\/blog\/\/o-que-avaliar-para-escolher-curso-de-graduacao-ideal\/\">gradua\u00e7\u00e3o<\/a> ou uma <a href=\"https:\/\/www.univates.br\/blog\/\/qual-pos-graduacao-escolher\/\">p\u00f3s-gradua\u00e7\u00e3o<\/a>? Ent\u00e3o acrescente a informa\u00e7\u00e3o ao documento, listando tamb\u00e9m a institui\u00e7\u00e3o de ensino na qual estudou, as datas de in\u00edcio e t\u00e9rmino do curso e as notas obtidas, se forem relevantes. Ah, aqui tamb\u00e9m vale mencionar se voc\u00ea domina outro idioma al\u00e9m do portugu\u00eas.<\/p>\n\n\n\n<h2 class=\"wp-block-heading\"><strong>4) Comente a respeito das suas experi\u00eancias profissionais (se tiver)<\/strong><\/h2>\n\n\n\n<p>Outra informa\u00e7\u00e3o important\u00edssima para colocar no curr\u00edculo s\u00e3o as experi\u00eancias de trabalho que voc\u00ea j\u00e1 teve. Fa\u00e7a um breve resumo sobre seu hist\u00f3rico profissional, comentando a respeito dos cargos que ocupou e das atribui\u00e7\u00f5es relacionadas a eles e citando o tempo (meses ou anos) em que permaneceu nos <a href=\"https:\/\/www.univates.br\/blog\/\/conheca-15-profissoes-do-futuro-e-saiba-como-se-preparar-para-elas\/\">empregos<\/a> anteriores.<\/p>\n\n\n\n<p>Se voc\u00ea n\u00e3o tem nenhum tipo de experi\u00eancia de trabalho, n\u00e3o \u00e9 preciso entrar em p\u00e2nico: os recrutadores tamb\u00e9m avaliam as qualifica\u00e7\u00f5es acad\u00eamicas dos candidatos. \u00c9 por isso que muitas pessoas n\u00e3o hesitam em acrescentar ao curr\u00edculo as \u201catividades extracurriculares\u201d (como <em>workshops<\/em>, projetos de voluntariado, treinamentos, participa\u00e7\u00e3o em competi\u00e7\u00f5es estudantis, <a href=\"https:\/\/www.univates.br\/blog\/\/como-funciona-intercambio-univates\/\">interc\u00e2mbio<\/a> etc.) que j\u00e1 realizaram.<\/p>\n\n\n\n<h2 class=\"wp-block-heading\">5) <strong>Fale sobre suas habilidades t\u00e9cnicas e comportamentais<\/strong><\/h2>\n\n\n\n<p>Uma boa ideia \u00e9 colocar no curr\u00edculo as habilidades t\u00e9cnicas e comportamentais (chamadas de <a href=\"https:\/\/www.univates.br\/blog\/\/soft-skills-o-que-sao\/\"><em>soft<\/em> <em>skills<\/em><\/a>) que voc\u00ea tem e que considera que podem ser relevantes para a vaga de trabalho que deseja ocupar. Tome cuidado para n\u00e3o exagerar no n\u00famero de qualidades nem mentir sobre elas, <em>ok<\/em>?<\/p>\n\n\n\n<h2 class=\"wp-block-heading\"><strong>6) Liste os pr\u00eamios que j\u00e1 conquistou<\/strong><\/h2>\n\n\n\n<div class=\"wp-block-media-text alignwide is-stacked-on-mobile\"><figure class=\"wp-block-media-text__media\"><img loading=\"lazy\" decoding=\"async\" width=\"6000\" height=\"4000\" src=\"https:\/\/www.univates.br\/blog\/\/wp-content\/uploads\/2023\/04\/pexels-andrea-piacquadio-3760069.jpg\" alt=\"\" class=\"wp-image-3036 size-full\"\/><\/figure><div class=\"wp-block-media-text__content\">\n<p><\/p>\n\n\n\n<p>Nada como \u201cfechar\u201d o curr\u00edculo com chave de ouro, n\u00e3o \u00e9? Na parte final do documento, uma boa pedida \u00e9 listar os pr\u00eamios acad\u00eamicos e profissionais que voc\u00ea j\u00e1 conquistou, escrevendo brevemente sobre os reconhecimentos que teve e que podem mostrar aos recrutadores que, sim, eles est\u00e3o diante da pessoa certa para preencher a vaga. Depois, \u00e9 s\u00f3 comemorar a contrata\u00e7\u00e3o!<\/p>\n<\/div><\/div>\n\n\n\n<p>Come\u00e7ar um curso ou pensar em atingir um grau maior por meio de mais diplomas \u00e9 tamb\u00e9m um diferencial explorado em muitas avalia\u00e7\u00f5es, por isso, pense no seu futuro e no crescimento profissional e tenha um planejamento de carreira para sua vida. Na Univates, oferecemos <a href=\"https:\/\/www.univates.br\/blog\/\/descubra-o-curso-que-mais-combina-com-voce-por-meio-do-seu-perfil-profissional\/\">diversos cursos<\/a> que podem ajud\u00e1-lo nessa jornada.&nbsp;<\/p>\n","protected":false},"excerpt":{"rendered":"<p>Saiba quais informa\u00e7\u00f5es devem constar no documento que \u00e9 seu cart\u00e3o de visita em qualquer entrevista de emprego.  <\/p>\n","protected":false},"author":2,"featured_media":0,"comment_status":"open","ping_status":"open","sticky":true,"template":"","format":"standard","meta":{"_acf_changed":false,"footnotes":""},"categories":[33],"class_list":["post-3031","post","type-post","status-publish","format-standard","hentry","category-carreira","autor-lais-pontin-matos"],"acf":[],"yoast_head":"<!-- This site is optimized with the Yoast SEO plugin v27.3 - https:\/\/yoast.com\/product\/yoast-seo-wordpress\/ -->\n<title>O que colocar no curr\u00edculo? - Univates Blog<\/title>\n<meta name=\"description\" content=\"Preparamos um conte\u00fado com dicas do que colocar no curr\u00edculo para chamar a aten\u00e7\u00e3o dos recrutadores e se destacar em um processo seletivo.\" \/>\n<meta name=\"robots\" content=\"index, follow, max-snippet:-1, max-image-preview:large, max-video-preview:-1\" \/>\n<link rel=\"canonical\" href=\"https:\/\/www.univates.br\/blog\/o-que-colocar-no-curriculo\/\" \/>\n<meta property=\"og:locale\" content=\"pt_BR\" \/>\n<meta property=\"og:type\" content=\"article\" \/>\n<meta property=\"og:title\" content=\"O que colocar no curr\u00edculo? - Univates Blog\" \/>\n<meta property=\"og:description\" content=\"Preparamos um conte\u00fado com dicas do que colocar no curr\u00edculo para chamar a aten\u00e7\u00e3o dos recrutadores e se destacar em um processo seletivo.\" \/>\n<meta property=\"og:url\" content=\"https:\/\/www.univates.br\/blog\/o-que-colocar-no-curriculo\/\" \/>\n<meta property=\"og:site_name\" content=\"Univates Blog\" \/>\n<meta property=\"article:published_time\" content=\"2023-04-28T17:56:27+00:00\" \/>\n<meta property=\"article:modified_time\" content=\"2023-12-20T19:22:50+00:00\" \/>\n<meta property=\"og:image\" content=\"https:\/\/www.univates.br\/blog\/\/wp-content\/uploads\/2023\/04\/pexels-markus-winkler-4101343.jpg\" \/>\n<meta name=\"author\" content=\"Marketing Univates\" \/>\n<meta name=\"twitter:card\" content=\"summary_large_image\" \/>\n<meta name=\"twitter:label1\" content=\"Escrito por\" \/>\n\t<meta name=\"twitter:data1\" content=\"Marketing Univates\" \/>\n\t<meta name=\"twitter:label2\" content=\"Est. tempo de leitura\" \/>\n\t<meta name=\"twitter:data2\" content=\"4 minutos\" \/>\n<script type=\"application\/ld+json\" class=\"yoast-schema-graph\">{\"@context\":\"https:\\\/\\\/schema.org\",\"@graph\":[{\"@type\":\"Article\",\"@id\":\"https:\\\/\\\/www.univates.br\\\/blog\\\/o-que-colocar-no-curriculo\\\/#article\",\"isPartOf\":{\"@id\":\"https:\\\/\\\/www.univates.br\\\/blog\\\/o-que-colocar-no-curriculo\\\/\"},\"author\":{\"name\":\"Marketing Univates\",\"@id\":\"https:\\\/\\\/www.univates.br\\\/blog\\\/#\\\/schema\\\/person\\\/15c63917440cc5e70160c247b309af2f\"},\"headline\":\"O que colocar no curr\u00edculo?\",\"datePublished\":\"2023-04-28T17:56:27+00:00\",\"dateModified\":\"2023-12-20T19:22:50+00:00\",\"mainEntityOfPage\":{\"@id\":\"https:\\\/\\\/www.univates.br\\\/blog\\\/o-que-colocar-no-curriculo\\\/\"},\"wordCount\":652,\"commentCount\":0,\"image\":{\"@id\":\"https:\\\/\\\/www.univates.br\\\/blog\\\/o-que-colocar-no-curriculo\\\/#primaryimage\"},\"thumbnailUrl\":\"https:\\\/\\\/www.univates.br\\\/blog\\\/\\\/wp-content\\\/uploads\\\/2023\\\/04\\\/pexels-markus-winkler-4101343.jpg\",\"articleSection\":[\"Carreira\"],\"inLanguage\":\"pt-BR\",\"potentialAction\":[{\"@type\":\"CommentAction\",\"name\":\"Comment\",\"target\":[\"https:\\\/\\\/www.univates.br\\\/blog\\\/o-que-colocar-no-curriculo\\\/#respond\"]}]},{\"@type\":\"WebPage\",\"@id\":\"https:\\\/\\\/www.univates.br\\\/blog\\\/o-que-colocar-no-curriculo\\\/\",\"url\":\"https:\\\/\\\/www.univates.br\\\/blog\\\/o-que-colocar-no-curriculo\\\/\",\"name\":\"O que colocar no curr\u00edculo? - Univates Blog\",\"isPartOf\":{\"@id\":\"https:\\\/\\\/www.univates.br\\\/blog\\\/#website\"},\"primaryImageOfPage\":{\"@id\":\"https:\\\/\\\/www.univates.br\\\/blog\\\/o-que-colocar-no-curriculo\\\/#primaryimage\"},\"image\":{\"@id\":\"https:\\\/\\\/www.univates.br\\\/blog\\\/o-que-colocar-no-curriculo\\\/#primaryimage\"},\"thumbnailUrl\":\"https:\\\/\\\/www.univates.br\\\/blog\\\/\\\/wp-content\\\/uploads\\\/2023\\\/04\\\/pexels-markus-winkler-4101343.jpg\",\"datePublished\":\"2023-04-28T17:56:27+00:00\",\"dateModified\":\"2023-12-20T19:22:50+00:00\",\"author\":{\"@id\":\"https:\\\/\\\/www.univates.br\\\/blog\\\/#\\\/schema\\\/person\\\/15c63917440cc5e70160c247b309af2f\"},\"description\":\"Preparamos um conte\u00fado com dicas do que colocar no curr\u00edculo para chamar a aten\u00e7\u00e3o dos recrutadores e se destacar em um processo seletivo.\",\"breadcrumb\":{\"@id\":\"https:\\\/\\\/www.univates.br\\\/blog\\\/o-que-colocar-no-curriculo\\\/#breadcrumb\"},\"inLanguage\":\"pt-BR\",\"potentialAction\":[{\"@type\":\"ReadAction\",\"target\":[\"https:\\\/\\\/www.univates.br\\\/blog\\\/o-que-colocar-no-curriculo\\\/\"]}]},{\"@type\":\"ImageObject\",\"inLanguage\":\"pt-BR\",\"@id\":\"https:\\\/\\\/www.univates.br\\\/blog\\\/o-que-colocar-no-curriculo\\\/#primaryimage\",\"url\":\"https:\\\/\\\/www.univates.br\\\/blog\\\/\\\/wp-content\\\/uploads\\\/2023\\\/04\\\/pexels-markus-winkler-4101343.jpg\",\"contentUrl\":\"https:\\\/\\\/www.univates.br\\\/blog\\\/\\\/wp-content\\\/uploads\\\/2023\\\/04\\\/pexels-markus-winkler-4101343.jpg\"},{\"@type\":\"BreadcrumbList\",\"@id\":\"https:\\\/\\\/www.univates.br\\\/blog\\\/o-que-colocar-no-curriculo\\\/#breadcrumb\",\"itemListElement\":[{\"@type\":\"ListItem\",\"position\":1,\"name\":\"Home\",\"item\":\"https:\\\/\\\/www.univates.br\\\/blog\\\/\"},{\"@type\":\"ListItem\",\"position\":2,\"name\":\"O que colocar no curr\u00edculo?\"}]},{\"@type\":\"WebSite\",\"@id\":\"https:\\\/\\\/www.univates.br\\\/blog\\\/#website\",\"url\":\"https:\\\/\\\/www.univates.br\\\/blog\\\/\",\"name\":\"Univates Blog\",\"description\":\"\",\"potentialAction\":[{\"@type\":\"SearchAction\",\"target\":{\"@type\":\"EntryPoint\",\"urlTemplate\":\"https:\\\/\\\/www.univates.br\\\/blog\\\/?s={search_term_string}\"},\"query-input\":{\"@type\":\"PropertyValueSpecification\",\"valueRequired\":true,\"valueName\":\"search_term_string\"}}],\"inLanguage\":\"pt-BR\"},{\"@type\":\"Person\",\"@id\":\"https:\\\/\\\/www.univates.br\\\/blog\\\/#\\\/schema\\\/person\\\/15c63917440cc5e70160c247b309af2f\",\"name\":\"Marketing Univates\",\"image\":{\"@type\":\"ImageObject\",\"inLanguage\":\"pt-BR\",\"@id\":\"https:\\\/\\\/secure.gravatar.com\\\/avatar\\\/511f9e77a6a3d0cddd9074f69a722364bc7f787e73d4a0da1f727ba62704eda4?s=96&d=mm&r=g\",\"url\":\"https:\\\/\\\/secure.gravatar.com\\\/avatar\\\/511f9e77a6a3d0cddd9074f69a722364bc7f787e73d4a0da1f727ba62704eda4?s=96&d=mm&r=g\",\"contentUrl\":\"https:\\\/\\\/secure.gravatar.com\\\/avatar\\\/511f9e77a6a3d0cddd9074f69a722364bc7f787e73d4a0da1f727ba62704eda4?s=96&d=mm&r=g\",\"caption\":\"Marketing Univates\"},\"sameAs\":[\"http:\\\/\\\/univates.br\"],\"url\":\"https:\\\/\\\/www.univates.br\\\/blog\\\/author\\\/marketing\\\/\"}]}<\/script>\n<!-- \/ Yoast SEO plugin. -->","yoast_head_json":{"title":"O que colocar no curr\u00edculo? - Univates Blog","description":"Preparamos um conte\u00fado com dicas do que colocar no curr\u00edculo para chamar a aten\u00e7\u00e3o dos recrutadores e se destacar em um processo seletivo.","robots":{"index":"index","follow":"follow","max-snippet":"max-snippet:-1","max-image-preview":"max-image-preview:large","max-video-preview":"max-video-preview:-1"},"canonical":"https:\/\/www.univates.br\/blog\/o-que-colocar-no-curriculo\/","og_locale":"pt_BR","og_type":"article","og_title":"O que colocar no curr\u00edculo? - Univates Blog","og_description":"Preparamos um conte\u00fado com dicas do que colocar no curr\u00edculo para chamar a aten\u00e7\u00e3o dos recrutadores e se destacar em um processo seletivo.","og_url":"https:\/\/www.univates.br\/blog\/o-que-colocar-no-curriculo\/","og_site_name":"Univates Blog","article_published_time":"2023-04-28T17:56:27+00:00","article_modified_time":"2023-12-20T19:22:50+00:00","og_image":[{"url":"https:\/\/www.univates.br\/blog\/\/wp-content\/uploads\/2023\/04\/pexels-markus-winkler-4101343.jpg","type":"","width":"","height":""}],"author":"Marketing Univates","twitter_card":"summary_large_image","twitter_misc":{"Escrito por":"Marketing Univates","Est. tempo de leitura":"4 minutos"},"schema":{"@context":"https:\/\/schema.org","@graph":[{"@type":"Article","@id":"https:\/\/www.univates.br\/blog\/o-que-colocar-no-curriculo\/#article","isPartOf":{"@id":"https:\/\/www.univates.br\/blog\/o-que-colocar-no-curriculo\/"},"author":{"name":"Marketing Univates","@id":"https:\/\/www.univates.br\/blog\/#\/schema\/person\/15c63917440cc5e70160c247b309af2f"},"headline":"O que colocar no curr\u00edculo?","datePublished":"2023-04-28T17:56:27+00:00","dateModified":"2023-12-20T19:22:50+00:00","mainEntityOfPage":{"@id":"https:\/\/www.univates.br\/blog\/o-que-colocar-no-curriculo\/"},"wordCount":652,"commentCount":0,"image":{"@id":"https:\/\/www.univates.br\/blog\/o-que-colocar-no-curriculo\/#primaryimage"},"thumbnailUrl":"https:\/\/www.univates.br\/blog\/\/wp-content\/uploads\/2023\/04\/pexels-markus-winkler-4101343.jpg","articleSection":["Carreira"],"inLanguage":"pt-BR","potentialAction":[{"@type":"CommentAction","name":"Comment","target":["https:\/\/www.univates.br\/blog\/o-que-colocar-no-curriculo\/#respond"]}]},{"@type":"WebPage","@id":"https:\/\/www.univates.br\/blog\/o-que-colocar-no-curriculo\/","url":"https:\/\/www.univates.br\/blog\/o-que-colocar-no-curriculo\/","name":"O que colocar no curr\u00edculo? - Univates Blog","isPartOf":{"@id":"https:\/\/www.univates.br\/blog\/#website"},"primaryImageOfPage":{"@id":"https:\/\/www.univates.br\/blog\/o-que-colocar-no-curriculo\/#primaryimage"},"image":{"@id":"https:\/\/www.univates.br\/blog\/o-que-colocar-no-curriculo\/#primaryimage"},"thumbnailUrl":"https:\/\/www.univates.br\/blog\/\/wp-content\/uploads\/2023\/04\/pexels-markus-winkler-4101343.jpg","datePublished":"2023-04-28T17:56:27+00:00","dateModified":"2023-12-20T19:22:50+00:00","author":{"@id":"https:\/\/www.univates.br\/blog\/#\/schema\/person\/15c63917440cc5e70160c247b309af2f"},"description":"Preparamos um conte\u00fado com dicas do que colocar no curr\u00edculo para chamar a aten\u00e7\u00e3o dos recrutadores e se destacar em um processo seletivo.","breadcrumb":{"@id":"https:\/\/www.univates.br\/blog\/o-que-colocar-no-curriculo\/#breadcrumb"},"inLanguage":"pt-BR","potentialAction":[{"@type":"ReadAction","target":["https:\/\/www.univates.br\/blog\/o-que-colocar-no-curriculo\/"]}]},{"@type":"ImageObject","inLanguage":"pt-BR","@id":"https:\/\/www.univates.br\/blog\/o-que-colocar-no-curriculo\/#primaryimage","url":"https:\/\/www.univates.br\/blog\/\/wp-content\/uploads\/2023\/04\/pexels-markus-winkler-4101343.jpg","contentUrl":"https:\/\/www.univates.br\/blog\/\/wp-content\/uploads\/2023\/04\/pexels-markus-winkler-4101343.jpg"},{"@type":"BreadcrumbList","@id":"https:\/\/www.univates.br\/blog\/o-que-colocar-no-curriculo\/#breadcrumb","itemListElement":[{"@type":"ListItem","position":1,"name":"Home","item":"https:\/\/www.univates.br\/blog\/"},{"@type":"ListItem","position":2,"name":"O que colocar no curr\u00edculo?"}]},{"@type":"WebSite","@id":"https:\/\/www.univates.br\/blog\/#website","url":"https:\/\/www.univates.br\/blog\/","name":"Univates Blog","description":"","potentialAction":[{"@type":"SearchAction","target":{"@type":"EntryPoint","urlTemplate":"https:\/\/www.univates.br\/blog\/?s={search_term_string}"},"query-input":{"@type":"PropertyValueSpecification","valueRequired":true,"valueName":"search_term_string"}}],"inLanguage":"pt-BR"},{"@type":"Person","@id":"https:\/\/www.univates.br\/blog\/#\/schema\/person\/15c63917440cc5e70160c247b309af2f","name":"Marketing Univates","image":{"@type":"ImageObject","inLanguage":"pt-BR","@id":"https:\/\/secure.gravatar.com\/avatar\/511f9e77a6a3d0cddd9074f69a722364bc7f787e73d4a0da1f727ba62704eda4?s=96&d=mm&r=g","url":"https:\/\/secure.gravatar.com\/avatar\/511f9e77a6a3d0cddd9074f69a722364bc7f787e73d4a0da1f727ba62704eda4?s=96&d=mm&r=g","contentUrl":"https:\/\/secure.gravatar.com\/avatar\/511f9e77a6a3d0cddd9074f69a722364bc7f787e73d4a0da1f727ba62704eda4?s=96&d=mm&r=g","caption":"Marketing Univates"},"sameAs":["http:\/\/univates.br"],"url":"https:\/\/www.univates.br\/blog\/author\/marketing\/"}]}},"_links":{"self":[{"href":"https:\/\/www.univates.br\/blog\/wp-json\/wp\/v2\/posts\/3031","targetHints":{"allow":["GET"]}}],"collection":[{"href":"https:\/\/www.univates.br\/blog\/wp-json\/wp\/v2\/posts"}],"about":[{"href":"https:\/\/www.univates.br\/blog\/wp-json\/wp\/v2\/types\/post"}],"author":[{"embeddable":true,"href":"https:\/\/www.univates.br\/blog\/wp-json\/wp\/v2\/users\/2"}],"replies":[{"embeddable":true,"href":"https:\/\/www.univates.br\/blog\/wp-json\/wp\/v2\/comments?post=3031"}],"version-history":[{"count":16,"href":"https:\/\/www.univates.br\/blog\/wp-json\/wp\/v2\/posts\/3031\/revisions"}],"predecessor-version":[{"id":4994,"href":"https:\/\/www.univates.br\/blog\/wp-json\/wp\/v2\/posts\/3031\/revisions\/4994"}],"wp:attachment":[{"href":"https:\/\/www.univates.br\/blog\/wp-json\/wp\/v2\/media?parent=3031"}],"wp:term":[{"taxonomy":"category","embeddable":true,"href":"https:\/\/www.univates.br\/blog\/wp-json\/wp\/v2\/categories?post=3031"}],"curies":[{"name":"wp","href":"https:\/\/api.w.org\/{rel}","templated":true}]}}