{"id":3449,"date":"2023-09-13T17:10:57","date_gmt":"2023-09-13T20:10:57","guid":{"rendered":"https:\/\/www.univates.br\/blog\/\/?p=3449"},"modified":"2024-01-18T13:48:54","modified_gmt":"2024-01-18T16:48:54","slug":"escuta-ativa","status":"publish","type":"post","link":"https:\/\/www.univates.br\/blog\/escuta-ativa\/","title":{"rendered":"Escuta ativa: o que \u00e9 e como desenvolver?"},"content":{"rendered":"\n<p>Escuta ativa: o que \u00e9 e como desenvolver? O fato \u00e9 que, na correria do dia a dia, nem sempre conseguimos dedicar a aten\u00e7\u00e3o necess\u00e1ria para compreender profundamente o que os outros est\u00e3o tentando nos dizer. Aprender a escutar ativamente \u00e9 fundamental para melhorar nossos relacionamentos pessoais e profissionais, afinal de contas, \u00e9 por meio dessa habilidade que podemos construir conex\u00f5es genu\u00ednas com as pessoas ao nosso redor. No <em>post<\/em> de hoje, vamos falar mais sobre a pr\u00e1tica da escuta ativa e entender a import\u00e2ncia de aprimor\u00e1-la. Fique de ouvidos bem abertos para n\u00e3o perder nenhuma informa\u00e7\u00e3o a respeito do assunto!<\/p>\n\n\n<div class=\"wp-block-image\">\n<figure class=\"aligncenter size-full\"><img loading=\"lazy\" decoding=\"async\" width=\"5760\" height=\"3840\" src=\"https:\/\/www.univates.br\/blog\/\/wp-content\/uploads\/2023\/09\/mulher-europeia-de-cabelo-ruivo-.jpg\" alt=\"Escuta ativa: o que \u00e9 e como desenvolver?\" class=\"wp-image-3450\"\/><figcaption class=\"wp-element-caption\">Foto: Divulga\u00e7\u00e3o\/Freepik<\/figcaption><\/figure>\n<\/div>\n\n\n<h2 class=\"wp-block-heading\"><strong>Aqui vai uma perguntinha para come\u00e7armos nosso papo: voc\u00ea ouve ou escuta o que lhe dizem?<\/strong><\/h2>\n\n\n\n<p>E a\u00ed, qual \u00e9 a sua resposta para o questionamento que acabamos de fazer? Embora as palavras ouvir e escutar sejam utilizadas muitas vezes como sin\u00f4nimos, elas t\u00eam significados diferentes. Pois \u00e9! N\u00e3o \u00e9 todo mundo que sabe disso\u2026<\/p>\n\n\n\n<p>O significado da palavra escutar refere-se \u00e0 <strong>a\u00e7\u00e3o de prestar aten\u00e7\u00e3o<\/strong> de forma ativa e consciente ao que est\u00e1 sendo dito ou aos sons ao redor. Ou seja, quando voc\u00ea escuta, est\u00e1, de fato, absorvendo as informa\u00e7\u00f5es transmitidas e tentando tirar o m\u00e1ximo proveito delas.<\/p>\n\n\n\n<p>E quanto ao ato de ouvir? Bem, sabe quando voc\u00ea leva uma bronca da sua m\u00e3e e at\u00e9 mexe a cabe\u00e7a para cima e para baixo a fim de demonstrar que concorda com o que ela est\u00e1 falando, mas, na verdade, n\u00e3o tem a menor ideia do que est\u00e1 sendo dito? Isto \u00e9 ouvir: <strong>receber mensagens e informa\u00e7\u00f5es de modo passivo<\/strong>, sem procurar entend\u00ea-las ou question\u00e1-las. A express\u00e3o popular <em>\u201cEntrar por um ouvido e sair por outro\u201d<\/em> se aplica muito a esse tipo de contexto. Nem precisamos mencionar que n\u00e3o \u00e9 nada legal n\u00e3o prestar aten\u00e7\u00e3o \u00e0s pessoas ao nosso redor e ao ambiente em que vivemos!<\/p>\n\n\n\n<h2 class=\"wp-block-heading\"><strong>Qual \u00e9 a import\u00e2ncia da escuta ativa? Descubra aqui!<\/strong><\/h2>\n\n\n\n<p>Tendo em vista tudo o que conversamos at\u00e9 aqui, imaginamos que voc\u00ea j\u00e1 tenha entendido um pouco mais sobre o conceito de escuta ativa, certo? Quem domina essa habilidade geralmente consegue se aprofundar nas rela\u00e7\u00f5es interpessoais e compreender as necessidades, as perspectivas e at\u00e9 mesmo as emo\u00e7\u00f5es dos outros. Assim, al\u00e9m de serem \u00f3timas comunicadoras, as pessoas que escutam ativamente tamb\u00e9m s\u00e3o capazes de acolher empaticamente&nbsp; o pr\u00f3ximo, criando um espa\u00e7o para que ele se expresse e se sinta valorizado.<\/p>\n\n\n\n<div class=\"wp-block-media-text is-stacked-on-mobile\"><figure class=\"wp-block-media-text__media\"><img loading=\"lazy\" decoding=\"async\" width=\"4806\" height=\"3204\" src=\"https:\/\/www.univates.br\/blog\/\/wp-content\/uploads\/2023\/09\/pexels-mental-health-america-mh.jpg\" alt=\"\" class=\"wp-image-3453 size-full\"\/><\/figure><div class=\"wp-block-media-text__content\">\n<p><\/p>\n\n\n\n<p>Viu s\u00f3 como ser emp\u00e1tico e praticar a escuta ativa pode ser transformador n\u00e3o apenas para si mesmo, mas tamb\u00e9m para as rela\u00e7\u00f5es que voc\u00ea constr\u00f3i com quem vive ao seu redor? Al\u00e9m de fortalecer suas conex\u00f5es com o mundo, a habilidade de compreender as pessoas vai ajud\u00e1-lo a minimizar mal-entendidos, resolver problemas, promover o respeito e a colabora\u00e7\u00e3o e criar ambientes mais harm\u00f4nicos e inclusivos. <\/p>\n<\/div><\/div>\n\n\n\n<h2 class=\"wp-block-heading\"><strong>Dicas para desenvolver ou aprimorar a escuta ativa&nbsp;<\/strong><\/h2>\n\n\n\n<p>Oba, chegamos \u00e0 melhor parte deste <em>post<\/em>: na se\u00e7\u00e3o de dicas! Se voc\u00ea deseja desenvolver ou aprimorar sua escuta ativa, precisa conferir as sugest\u00f5es a seguir. Siga o fio:<\/p>\n\n\n\n<ul class=\"wp-block-list\">\n<li><strong>Esteja verdadeiramente presente: <\/strong>quando estiver conversando com algu\u00e9m, dedique toda a sua aten\u00e7\u00e3o \u00e0 pessoa. Evite se distrair com seu celular ou com pensamentos paralelos (deixe para lidar com eles depois!). Por meio da linguagem corporal expressiva, mostre que voc\u00ea est\u00e1 focado na conversa. Desse modo, \u00e9 poss\u00edvel construir uma conex\u00e3o muito mais profunda e significativa com seu interlocutor!<\/li>\n<\/ul>\n\n\n\n<ul class=\"wp-block-list\">\n<li><strong>Fa\u00e7a contato visual: <\/strong>\u00e9 superverdade quando dizem que, \u00e0s vezes, um olhar pode valer mais do que mil palavras! Fa\u00e7a contato visual com a pessoa com quem voc\u00ea est\u00e1 conversando. Assim, ela vai perceber seu interesse e sua disposi\u00e7\u00e3o em escut\u00e1-la.<\/li>\n<\/ul>\n\n\n\n<ul class=\"wp-block-list\">\n<li><strong>Evite interrup\u00e7\u00f5es: <\/strong>al\u00e9m de ser falta de educa\u00e7\u00e3o, interromper algu\u00e9m que est\u00e1 falando pode prejudicar o fluxo da comunica\u00e7\u00e3o e, consequentemente, a qualidade da conversa. Tendo em vista tudo isso, procure escutar a pessoa at\u00e9 ela concluir sua fala. Em seguida, fa\u00e7a suas considera\u00e7\u00f5es.<\/li>\n<\/ul>\n\n\n\n<ul class=\"wp-block-list\">\n<li><strong>Fa\u00e7a perguntas abertas: <\/strong>n\u00e3o \u00e9 chato quando os questionamentos s\u00e3o respondidos somente com \u201csim\u201d ou \u201cn\u00e3o\u201d? Para evitar respostas superficiais que nada acrescentam \u00e0 conversa, use e abuse de perguntas que fa\u00e7am a pessoa com quem voc\u00ea est\u00e1 conversando compartilhar informa\u00e7\u00f5es, pensamentos e emo\u00e7\u00f5es de modo mais abrangente. Em vez de, por exemplo, perguntar <em>\u201cGostou de assistir ao filme?\u201d<\/em>, pergunte <em>\u201cNa sua opini\u00e3o, qual foi a melhor cena do filme? Por qu\u00ea?\u201d<\/em>. Dessa forma, o papo tende a render por horas a fio!<\/li>\n<\/ul>\n\n\n\n<ul class=\"wp-block-list\">\n<li><strong>Fa\u00e7a cursos para qualificar sua escuta ativa: <\/strong>sabia que, fazendo cursos como os de <a href=\"https:\/\/www.univates.br\/cursoscrie\/curso\/1450-comunicacao-eficaz\">Comunica\u00e7\u00e3o Eficaz<\/a>, <a href=\"https:\/\/www.univates.br\/cursoscrie\/curso\/1447-desenvolvimento-pessoal\">Desenvolvimento Pessoal<\/a>, <a href=\"https:\/\/www.univates.br\/cursoscrie\/curso\/1448-trabalho-em-equipe\">Trabalho em Equipe<\/a>, <a href=\"https:\/\/www.univates.br\/cursoscrie\/curso\/1470-os-desafios-de-falar-em-publico\">Os Desafios de Falar em P\u00fablico<\/a>, <a href=\"https:\/\/www.univates.br\/cursoscrie\/curso\/1512-comunicacao-nao-violenta-principios-e-aplicacoes\">Comunica\u00e7\u00e3o N\u00e3o Violenta: Princ\u00edpios e Aplica\u00e7\u00f5es<\/a> e <a href=\"https:\/\/www.univates.br\/cursoscrie\/curso\/1551-autoconhecimento-os-pilares-da-inteligencia-emocional\">Autoconhecimento: Os Pilares da Intelig\u00eancia Emocional<\/a>, voc\u00ea pode se conhecer melhor, aprimorar suas habilidades de comunica\u00e7\u00e3o e se tornar um ouvinte mais emp\u00e1tico? Pois \u00e9! Se puder, invista nesse tipo de forma\u00e7\u00e3o para expandir suas capacidades e se destacar em suas intera\u00e7\u00f5es pessoais e profissionais, combinado?&nbsp;<\/li>\n<\/ul>\n\n\n\n<h2 class=\"wp-block-heading\">Curtiu nosso conte\u00fado? <\/h2>\n\n\n\n<p>E a\u00ed, curtiu saber mais a respeito da pr\u00e1tica da escuta ativa e da import\u00e2ncia que ela tem para melhorar a comunica\u00e7\u00e3o e os relacionamentos pessoais e profissionais? Esperamos que as informa\u00e7\u00f5es do nosso <em>post<\/em> ajudem voc\u00ea a estabelecer la\u00e7os s\u00f3lidos e profundos com as pessoas que fazem parte do seu mundo!<\/p>\n","protected":false},"excerpt":{"rendered":"<p>Saiba mais sobre a habilidade que \u00e9 essencial na comunica\u00e7\u00e3o e no desenvolvimento pessoal. <\/p>\n","protected":false},"author":2,"featured_media":0,"comment_status":"open","ping_status":"open","sticky":true,"template":"","format":"standard","meta":{"_acf_changed":false,"footnotes":""},"categories":[23,67],"class_list":["post-3449","post","type-post","status-publish","format-standard","hentry","category-estudos","category-explore","autor-lais-pontin-matos"],"acf":[],"yoast_head":"<!-- This site is optimized with the Yoast SEO plugin v27.3 - https:\/\/yoast.com\/product\/yoast-seo-wordpress\/ -->\n<title>Escuta ativa: o que \u00e9 e como desenvolver? - Univates Blog<\/title>\n<meta name=\"description\" content=\"Escuta ativa: o que \u00e9 e como desenvolver? Hoje vamos falar sobre uma habilidade essencial na comunica\u00e7\u00e3o e no desenvolvimento pessoal.\" \/>\n<meta name=\"robots\" content=\"index, follow, max-snippet:-1, max-image-preview:large, max-video-preview:-1\" \/>\n<link rel=\"canonical\" href=\"https:\/\/www.univates.br\/blog\/escuta-ativa\/\" \/>\n<meta property=\"og:locale\" content=\"pt_BR\" \/>\n<meta property=\"og:type\" content=\"article\" \/>\n<meta property=\"og:title\" content=\"Escuta ativa: o que \u00e9 e como desenvolver? - Univates Blog\" \/>\n<meta property=\"og:description\" content=\"Escuta ativa: o que \u00e9 e como desenvolver? Hoje vamos falar sobre uma habilidade essencial na comunica\u00e7\u00e3o e no desenvolvimento pessoal.\" \/>\n<meta property=\"og:url\" content=\"https:\/\/www.univates.br\/blog\/escuta-ativa\/\" \/>\n<meta property=\"og:site_name\" content=\"Univates Blog\" \/>\n<meta property=\"article:published_time\" content=\"2023-09-13T20:10:57+00:00\" \/>\n<meta property=\"article:modified_time\" content=\"2024-01-18T16:48:54+00:00\" \/>\n<meta property=\"og:image\" content=\"https:\/\/www.univates.br\/blog\/\/wp-content\/uploads\/2023\/09\/mulher-europeia-de-cabelo-ruivo-.jpg\" \/>\n<meta name=\"author\" content=\"Marketing Univates\" \/>\n<meta name=\"twitter:card\" content=\"summary_large_image\" \/>\n<meta name=\"twitter:label1\" content=\"Escrito por\" \/>\n\t<meta name=\"twitter:data1\" content=\"Marketing Univates\" \/>\n\t<meta name=\"twitter:label2\" content=\"Est. tempo de leitura\" \/>\n\t<meta name=\"twitter:data2\" content=\"6 minutos\" \/>\n<script type=\"application\/ld+json\" class=\"yoast-schema-graph\">{\"@context\":\"https:\\\/\\\/schema.org\",\"@graph\":[{\"@type\":\"Article\",\"@id\":\"https:\\\/\\\/www.univates.br\\\/blog\\\/escuta-ativa\\\/#article\",\"isPartOf\":{\"@id\":\"https:\\\/\\\/www.univates.br\\\/blog\\\/escuta-ativa\\\/\"},\"author\":{\"name\":\"Marketing Univates\",\"@id\":\"https:\\\/\\\/www.univates.br\\\/blog\\\/#\\\/schema\\\/person\\\/15c63917440cc5e70160c247b309af2f\"},\"headline\":\"Escuta ativa: o que \u00e9 e como desenvolver?\",\"datePublished\":\"2023-09-13T20:10:57+00:00\",\"dateModified\":\"2024-01-18T16:48:54+00:00\",\"mainEntityOfPage\":{\"@id\":\"https:\\\/\\\/www.univates.br\\\/blog\\\/escuta-ativa\\\/\"},\"wordCount\":948,\"commentCount\":0,\"image\":{\"@id\":\"https:\\\/\\\/www.univates.br\\\/blog\\\/escuta-ativa\\\/#primaryimage\"},\"thumbnailUrl\":\"https:\\\/\\\/www.univates.br\\\/blog\\\/\\\/wp-content\\\/uploads\\\/2023\\\/09\\\/mulher-europeia-de-cabelo-ruivo-.jpg\",\"articleSection\":[\"Estudos\",\"Explore\"],\"inLanguage\":\"pt-BR\",\"potentialAction\":[{\"@type\":\"CommentAction\",\"name\":\"Comment\",\"target\":[\"https:\\\/\\\/www.univates.br\\\/blog\\\/escuta-ativa\\\/#respond\"]}]},{\"@type\":\"WebPage\",\"@id\":\"https:\\\/\\\/www.univates.br\\\/blog\\\/escuta-ativa\\\/\",\"url\":\"https:\\\/\\\/www.univates.br\\\/blog\\\/escuta-ativa\\\/\",\"name\":\"Escuta ativa: o que \u00e9 e como desenvolver? - Univates Blog\",\"isPartOf\":{\"@id\":\"https:\\\/\\\/www.univates.br\\\/blog\\\/#website\"},\"primaryImageOfPage\":{\"@id\":\"https:\\\/\\\/www.univates.br\\\/blog\\\/escuta-ativa\\\/#primaryimage\"},\"image\":{\"@id\":\"https:\\\/\\\/www.univates.br\\\/blog\\\/escuta-ativa\\\/#primaryimage\"},\"thumbnailUrl\":\"https:\\\/\\\/www.univates.br\\\/blog\\\/\\\/wp-content\\\/uploads\\\/2023\\\/09\\\/mulher-europeia-de-cabelo-ruivo-.jpg\",\"datePublished\":\"2023-09-13T20:10:57+00:00\",\"dateModified\":\"2024-01-18T16:48:54+00:00\",\"author\":{\"@id\":\"https:\\\/\\\/www.univates.br\\\/blog\\\/#\\\/schema\\\/person\\\/15c63917440cc5e70160c247b309af2f\"},\"description\":\"Escuta ativa: o que \u00e9 e como desenvolver? Hoje vamos falar sobre uma habilidade essencial na comunica\u00e7\u00e3o e no desenvolvimento pessoal.\",\"breadcrumb\":{\"@id\":\"https:\\\/\\\/www.univates.br\\\/blog\\\/escuta-ativa\\\/#breadcrumb\"},\"inLanguage\":\"pt-BR\",\"potentialAction\":[{\"@type\":\"ReadAction\",\"target\":[\"https:\\\/\\\/www.univates.br\\\/blog\\\/escuta-ativa\\\/\"]}]},{\"@type\":\"ImageObject\",\"inLanguage\":\"pt-BR\",\"@id\":\"https:\\\/\\\/www.univates.br\\\/blog\\\/escuta-ativa\\\/#primaryimage\",\"url\":\"https:\\\/\\\/www.univates.br\\\/blog\\\/\\\/wp-content\\\/uploads\\\/2023\\\/09\\\/mulher-europeia-de-cabelo-ruivo-.jpg\",\"contentUrl\":\"https:\\\/\\\/www.univates.br\\\/blog\\\/\\\/wp-content\\\/uploads\\\/2023\\\/09\\\/mulher-europeia-de-cabelo-ruivo-.jpg\"},{\"@type\":\"BreadcrumbList\",\"@id\":\"https:\\\/\\\/www.univates.br\\\/blog\\\/escuta-ativa\\\/#breadcrumb\",\"itemListElement\":[{\"@type\":\"ListItem\",\"position\":1,\"name\":\"Home\",\"item\":\"https:\\\/\\\/www.univates.br\\\/blog\\\/\"},{\"@type\":\"ListItem\",\"position\":2,\"name\":\"Escuta ativa: o que \u00e9 e como desenvolver?\"}]},{\"@type\":\"WebSite\",\"@id\":\"https:\\\/\\\/www.univates.br\\\/blog\\\/#website\",\"url\":\"https:\\\/\\\/www.univates.br\\\/blog\\\/\",\"name\":\"Univates Blog\",\"description\":\"\",\"potentialAction\":[{\"@type\":\"SearchAction\",\"target\":{\"@type\":\"EntryPoint\",\"urlTemplate\":\"https:\\\/\\\/www.univates.br\\\/blog\\\/?s={search_term_string}\"},\"query-input\":{\"@type\":\"PropertyValueSpecification\",\"valueRequired\":true,\"valueName\":\"search_term_string\"}}],\"inLanguage\":\"pt-BR\"},{\"@type\":\"Person\",\"@id\":\"https:\\\/\\\/www.univates.br\\\/blog\\\/#\\\/schema\\\/person\\\/15c63917440cc5e70160c247b309af2f\",\"name\":\"Marketing Univates\",\"image\":{\"@type\":\"ImageObject\",\"inLanguage\":\"pt-BR\",\"@id\":\"https:\\\/\\\/secure.gravatar.com\\\/avatar\\\/511f9e77a6a3d0cddd9074f69a722364bc7f787e73d4a0da1f727ba62704eda4?s=96&d=mm&r=g\",\"url\":\"https:\\\/\\\/secure.gravatar.com\\\/avatar\\\/511f9e77a6a3d0cddd9074f69a722364bc7f787e73d4a0da1f727ba62704eda4?s=96&d=mm&r=g\",\"contentUrl\":\"https:\\\/\\\/secure.gravatar.com\\\/avatar\\\/511f9e77a6a3d0cddd9074f69a722364bc7f787e73d4a0da1f727ba62704eda4?s=96&d=mm&r=g\",\"caption\":\"Marketing Univates\"},\"sameAs\":[\"http:\\\/\\\/univates.br\"],\"url\":\"https:\\\/\\\/www.univates.br\\\/blog\\\/author\\\/marketing\\\/\"}]}<\/script>\n<!-- \/ Yoast SEO plugin. -->","yoast_head_json":{"title":"Escuta ativa: o que \u00e9 e como desenvolver? - Univates Blog","description":"Escuta ativa: o que \u00e9 e como desenvolver? Hoje vamos falar sobre uma habilidade essencial na comunica\u00e7\u00e3o e no desenvolvimento pessoal.","robots":{"index":"index","follow":"follow","max-snippet":"max-snippet:-1","max-image-preview":"max-image-preview:large","max-video-preview":"max-video-preview:-1"},"canonical":"https:\/\/www.univates.br\/blog\/escuta-ativa\/","og_locale":"pt_BR","og_type":"article","og_title":"Escuta ativa: o que \u00e9 e como desenvolver? - Univates Blog","og_description":"Escuta ativa: o que \u00e9 e como desenvolver? Hoje vamos falar sobre uma habilidade essencial na comunica\u00e7\u00e3o e no desenvolvimento pessoal.","og_url":"https:\/\/www.univates.br\/blog\/escuta-ativa\/","og_site_name":"Univates Blog","article_published_time":"2023-09-13T20:10:57+00:00","article_modified_time":"2024-01-18T16:48:54+00:00","og_image":[{"url":"https:\/\/www.univates.br\/blog\/\/wp-content\/uploads\/2023\/09\/mulher-europeia-de-cabelo-ruivo-.jpg","type":"","width":"","height":""}],"author":"Marketing Univates","twitter_card":"summary_large_image","twitter_misc":{"Escrito por":"Marketing Univates","Est. tempo de leitura":"6 minutos"},"schema":{"@context":"https:\/\/schema.org","@graph":[{"@type":"Article","@id":"https:\/\/www.univates.br\/blog\/escuta-ativa\/#article","isPartOf":{"@id":"https:\/\/www.univates.br\/blog\/escuta-ativa\/"},"author":{"name":"Marketing Univates","@id":"https:\/\/www.univates.br\/blog\/#\/schema\/person\/15c63917440cc5e70160c247b309af2f"},"headline":"Escuta ativa: o que \u00e9 e como desenvolver?","datePublished":"2023-09-13T20:10:57+00:00","dateModified":"2024-01-18T16:48:54+00:00","mainEntityOfPage":{"@id":"https:\/\/www.univates.br\/blog\/escuta-ativa\/"},"wordCount":948,"commentCount":0,"image":{"@id":"https:\/\/www.univates.br\/blog\/escuta-ativa\/#primaryimage"},"thumbnailUrl":"https:\/\/www.univates.br\/blog\/\/wp-content\/uploads\/2023\/09\/mulher-europeia-de-cabelo-ruivo-.jpg","articleSection":["Estudos","Explore"],"inLanguage":"pt-BR","potentialAction":[{"@type":"CommentAction","name":"Comment","target":["https:\/\/www.univates.br\/blog\/escuta-ativa\/#respond"]}]},{"@type":"WebPage","@id":"https:\/\/www.univates.br\/blog\/escuta-ativa\/","url":"https:\/\/www.univates.br\/blog\/escuta-ativa\/","name":"Escuta ativa: o que \u00e9 e como desenvolver? - Univates Blog","isPartOf":{"@id":"https:\/\/www.univates.br\/blog\/#website"},"primaryImageOfPage":{"@id":"https:\/\/www.univates.br\/blog\/escuta-ativa\/#primaryimage"},"image":{"@id":"https:\/\/www.univates.br\/blog\/escuta-ativa\/#primaryimage"},"thumbnailUrl":"https:\/\/www.univates.br\/blog\/\/wp-content\/uploads\/2023\/09\/mulher-europeia-de-cabelo-ruivo-.jpg","datePublished":"2023-09-13T20:10:57+00:00","dateModified":"2024-01-18T16:48:54+00:00","author":{"@id":"https:\/\/www.univates.br\/blog\/#\/schema\/person\/15c63917440cc5e70160c247b309af2f"},"description":"Escuta ativa: o que \u00e9 e como desenvolver? Hoje vamos falar sobre uma habilidade essencial na comunica\u00e7\u00e3o e no desenvolvimento pessoal.","breadcrumb":{"@id":"https:\/\/www.univates.br\/blog\/escuta-ativa\/#breadcrumb"},"inLanguage":"pt-BR","potentialAction":[{"@type":"ReadAction","target":["https:\/\/www.univates.br\/blog\/escuta-ativa\/"]}]},{"@type":"ImageObject","inLanguage":"pt-BR","@id":"https:\/\/www.univates.br\/blog\/escuta-ativa\/#primaryimage","url":"https:\/\/www.univates.br\/blog\/\/wp-content\/uploads\/2023\/09\/mulher-europeia-de-cabelo-ruivo-.jpg","contentUrl":"https:\/\/www.univates.br\/blog\/\/wp-content\/uploads\/2023\/09\/mulher-europeia-de-cabelo-ruivo-.jpg"},{"@type":"BreadcrumbList","@id":"https:\/\/www.univates.br\/blog\/escuta-ativa\/#breadcrumb","itemListElement":[{"@type":"ListItem","position":1,"name":"Home","item":"https:\/\/www.univates.br\/blog\/"},{"@type":"ListItem","position":2,"name":"Escuta ativa: o que \u00e9 e como desenvolver?"}]},{"@type":"WebSite","@id":"https:\/\/www.univates.br\/blog\/#website","url":"https:\/\/www.univates.br\/blog\/","name":"Univates Blog","description":"","potentialAction":[{"@type":"SearchAction","target":{"@type":"EntryPoint","urlTemplate":"https:\/\/www.univates.br\/blog\/?s={search_term_string}"},"query-input":{"@type":"PropertyValueSpecification","valueRequired":true,"valueName":"search_term_string"}}],"inLanguage":"pt-BR"},{"@type":"Person","@id":"https:\/\/www.univates.br\/blog\/#\/schema\/person\/15c63917440cc5e70160c247b309af2f","name":"Marketing Univates","image":{"@type":"ImageObject","inLanguage":"pt-BR","@id":"https:\/\/secure.gravatar.com\/avatar\/511f9e77a6a3d0cddd9074f69a722364bc7f787e73d4a0da1f727ba62704eda4?s=96&d=mm&r=g","url":"https:\/\/secure.gravatar.com\/avatar\/511f9e77a6a3d0cddd9074f69a722364bc7f787e73d4a0da1f727ba62704eda4?s=96&d=mm&r=g","contentUrl":"https:\/\/secure.gravatar.com\/avatar\/511f9e77a6a3d0cddd9074f69a722364bc7f787e73d4a0da1f727ba62704eda4?s=96&d=mm&r=g","caption":"Marketing Univates"},"sameAs":["http:\/\/univates.br"],"url":"https:\/\/www.univates.br\/blog\/author\/marketing\/"}]}},"_links":{"self":[{"href":"https:\/\/www.univates.br\/blog\/wp-json\/wp\/v2\/posts\/3449","targetHints":{"allow":["GET"]}}],"collection":[{"href":"https:\/\/www.univates.br\/blog\/wp-json\/wp\/v2\/posts"}],"about":[{"href":"https:\/\/www.univates.br\/blog\/wp-json\/wp\/v2\/types\/post"}],"author":[{"embeddable":true,"href":"https:\/\/www.univates.br\/blog\/wp-json\/wp\/v2\/users\/2"}],"replies":[{"embeddable":true,"href":"https:\/\/www.univates.br\/blog\/wp-json\/wp\/v2\/comments?post=3449"}],"version-history":[{"count":7,"href":"https:\/\/www.univates.br\/blog\/wp-json\/wp\/v2\/posts\/3449\/revisions"}],"predecessor-version":[{"id":3459,"href":"https:\/\/www.univates.br\/blog\/wp-json\/wp\/v2\/posts\/3449\/revisions\/3459"}],"wp:attachment":[{"href":"https:\/\/www.univates.br\/blog\/wp-json\/wp\/v2\/media?parent=3449"}],"wp:term":[{"taxonomy":"category","embeddable":true,"href":"https:\/\/www.univates.br\/blog\/wp-json\/wp\/v2\/categories?post=3449"}],"curies":[{"name":"wp","href":"https:\/\/api.w.org\/{rel}","templated":true}]}}