{"id":420,"date":"2022-05-05T13:28:22","date_gmt":"2022-05-05T16:28:22","guid":{"rendered":"https:\/\/desenvolvimento.bravo.st\/univatesblog\/?p=420"},"modified":"2023-12-20T15:53:59","modified_gmt":"2023-12-20T18:53:59","slug":"onde-posso-trabalhar-depois-de-formado-no-curso-de-gestao-de-cooperativas","status":"publish","type":"post","link":"https:\/\/www.univates.br\/blog\/onde-posso-trabalhar-depois-de-formado-no-curso-de-gestao-de-cooperativas\/","title":{"rendered":"Onde posso trabalhar depois de formado no curso de Gest\u00e3o de Cooperativas?"},"content":{"rendered":"\n<div class=\"wp-block-media-text alignwide is-stacked-on-mobile\"><figure class=\"wp-block-media-text__media\"><img loading=\"lazy\" decoding=\"async\" width=\"291\" height=\"194\" src=\"https:\/\/desenvolvimento.bravo.st\/univatesblog\/wp-content\/uploads\/2022\/05\/IMG_8901_1604437761.2692.jpg\" alt=\"\" class=\"wp-image-421 size-full\" srcset=\"https:\/\/www.univates.br\/blog\/wp-content\/uploads\/2022\/05\/IMG_8901_1604437761.2692.jpg 291w, https:\/\/www.univates.br\/blog\/wp-content\/uploads\/2022\/05\/IMG_8901_1604437761.2692-150x100.jpg 150w\" sizes=\"auto, (max-width: 291px) 100vw, 291px\" \/><\/figure><div class=\"wp-block-media-text__content\">\n<p>Precisando de ajuda para descobrir onde voc\u00ea poder\u00e1&nbsp;<strong>trabalhar<\/strong>&nbsp;depois de formado no curso de&nbsp;<strong><a href=\"https:\/\/www.univates.br\/graduacao\/ead-gestao-de-cooperativas\">Gest\u00e3o de Cooperativas<\/a><\/strong>? Se sim, n\u00e3o deixe de conferir este&nbsp;<em>post<\/em>, que re\u00fane, al\u00e9m das principais atribui\u00e7\u00f5es dos diplomados, informa\u00e7\u00f5es sobre como anda o&nbsp;<strong>mercado de trabalho<\/strong>&nbsp;da \u00e1rea. Fique ligado:&nbsp;<\/p>\n\n\n\n<p><em>(Foto: Tuane Eggers)<\/em><\/p>\n<\/div><\/div>\n\n\n\n<p>Ao se formar no curso de&nbsp;<strong>Gest\u00e3o de Cooperativas<\/strong>, voc\u00ea estar\u00e1 habilitado para desempenhar as atividades de planejamento e gest\u00e3o de cooperativas e seus respectivos setores e neg\u00f3cios, atuando de forma integrada nas \u00e1reas de&nbsp;<em>marketing<\/em>, finan\u00e7as, recursos humanos e produ\u00e7\u00e3o. Poder\u00e1 desenvolver, gerenciar e incentivar atividades referentes ao associativismo, al\u00e9m de elaborar projetos em comunidades urbanas e rurais, implantar e gerenciar os diversos setores de uma cooperativa e emitir parecer t\u00e9cnico em sua \u00e1rea de forma\u00e7\u00e3o.&nbsp;<\/p>\n\n\n\n<p>Como&nbsp;<strong>gestor de cooperativas<\/strong>, voc\u00ea poder\u00e1&nbsp;<strong>trabalhar<\/strong>&nbsp;em organiza\u00e7\u00f5es cooperativas de qualquer natureza (como, por exemplo, financeiras, de servi\u00e7os, de produ\u00e7\u00e3o ou industrializa\u00e7\u00e3o de alimentos), nas quais participar\u00e1 dos processos de tomada de decis\u00e3o, da an\u00e1lise do ambiente econ\u00f4mico e das condi\u00e7\u00f5es financeiras da organiza\u00e7\u00e3o, coordenando a\u00e7\u00f5es estrat\u00e9gicas e gerenciando servi\u00e7os.&nbsp;&nbsp;<\/p>\n\n\n\n<p><a href=\"https:\/\/www.univates.br\/blog\/\/post\/estou-formadoa-e-agora-conheca-historias-de-sucesso-que-podem-te-inspirar\">Estou formado(a), e agora? Conhe\u00e7a hist\u00f3rias de sucesso que podem te inspirar!<\/a><\/p>\n\n\n\n<figure class=\"wp-block-image size-full\"><img loading=\"lazy\" decoding=\"async\" width=\"729\" height=\"486\" src=\"https:\/\/desenvolvimento.bravo.st\/univatesblog\/wp-content\/uploads\/2022\/05\/IMG_8886_1604438424.3831.jpg\" alt=\"\" class=\"wp-image-422\" srcset=\"https:\/\/www.univates.br\/blog\/wp-content\/uploads\/2022\/05\/IMG_8886_1604438424.3831.jpg 729w, https:\/\/www.univates.br\/blog\/wp-content\/uploads\/2022\/05\/IMG_8886_1604438424.3831-600x400.jpg 600w, https:\/\/www.univates.br\/blog\/wp-content\/uploads\/2022\/05\/IMG_8886_1604438424.3831-150x100.jpg 150w\" sizes=\"auto, (max-width: 729px) 100vw, 729px\" \/><figcaption>Foto: Tuane Eggers<\/figcaption><\/figure>\n\n\n\n<p><a href=\"https:\/\/www.univates.br\/blog\/\/post\/gestao-na-pratica-experiencias-geram-conhecimentos-para-o-mercado-de-trabalho\">Gest\u00e3o na pr\u00e1tica: experi\u00eancias geram conhecimentos para o mercado de trabalho\u00a0<\/a><\/p>\n\n\n\n<p><a href=\"https:\/\/www.univates.br\/blog\/\/post\/vivencia-no-exterior-e-uma-das-oportunidades-para-os-alunos-da-area-de-gestao-da-nossa-universidade\">Viv\u00eancia no exterior \u00e9 uma das oportunidades para os alunos da \u00e1rea de gest\u00e3o da nossa Universidade<\/a><\/p>\n\n\n\n<p><a href=\"https:\/\/www.univates.br\/blog\/\/post\/dicas-de-filmes-e-series-para-quem-curte-as-areas-de-gestao-empreendedorismo-e-financas\">Dicas de filmes e s\u00e9ries para quem curte as \u00e1reas de gest\u00e3o, empreendedorismo e finan\u00e7as<\/a><\/p>\n","protected":false},"excerpt":{"rendered":"<p>Precisando de ajuda para descobrir onde voc\u00ea poder\u00e1&nbsp;trabalhar&nbsp;depois de formado no curso de&nbsp;Gest\u00e3o de Cooperativas? Se sim, n\u00e3o deixe de conferir este&nbsp;post, que re\u00fane, al\u00e9m das principais atribui\u00e7\u00f5es dos diplomados, informa\u00e7\u00f5es sobre como anda o&nbsp;mercado de trabalho&nbsp;da \u00e1rea. Fique ligado:&nbsp;\u2026<\/p>\n","protected":false},"author":2,"featured_media":0,"comment_status":"open","ping_status":"open","sticky":false,"template":"","format":"standard","meta":{"_acf_changed":false,"footnotes":""},"categories":[33],"class_list":["post-420","post","type-post","status-publish","format-standard","hentry","category-carreira","autor-lais-pontin-matos","curso-gestao-de-cooperativas","area-gestao"],"acf":[],"yoast_head":"<!-- This site is optimized with the Yoast SEO plugin v27.3 - https:\/\/yoast.com\/product\/yoast-seo-wordpress\/ -->\n<title>Onde posso trabalhar depois de formado no curso de Gest\u00e3o de Cooperativas? - Univates Blog<\/title>\n<meta name=\"robots\" content=\"index, follow, max-snippet:-1, max-image-preview:large, max-video-preview:-1\" \/>\n<link rel=\"canonical\" href=\"https:\/\/www.univates.br\/blog\/onde-posso-trabalhar-depois-de-formado-no-curso-de-gestao-de-cooperativas\/\" \/>\n<meta property=\"og:locale\" content=\"pt_BR\" \/>\n<meta property=\"og:type\" content=\"article\" \/>\n<meta property=\"og:title\" content=\"Onde posso trabalhar depois de formado no curso de Gest\u00e3o de Cooperativas? - Univates Blog\" \/>\n<meta property=\"og:description\" content=\"Precisando de ajuda para descobrir onde voc\u00ea poder\u00e1&nbsp;trabalhar&nbsp;depois de formado no curso de&nbsp;Gest\u00e3o de Cooperativas? Se sim, n\u00e3o deixe de conferir este&nbsp;post, que re\u00fane, al\u00e9m das principais atribui\u00e7\u00f5es dos diplomados, informa\u00e7\u00f5es sobre como anda o&nbsp;mercado de trabalho&nbsp;da \u00e1rea. Fique ligado:&nbsp;\u2026\" \/>\n<meta property=\"og:url\" content=\"https:\/\/www.univates.br\/blog\/onde-posso-trabalhar-depois-de-formado-no-curso-de-gestao-de-cooperativas\/\" \/>\n<meta property=\"og:site_name\" content=\"Univates Blog\" \/>\n<meta property=\"article:published_time\" content=\"2022-05-05T16:28:22+00:00\" \/>\n<meta property=\"article:modified_time\" content=\"2023-12-20T18:53:59+00:00\" \/>\n<meta property=\"og:image\" content=\"https:\/\/desenvolvimento.bravo.st\/univatesblog\/wp-content\/uploads\/2022\/05\/IMG_8901_1604437761.2692.jpg\" \/>\n<meta name=\"author\" content=\"Marketing Univates\" \/>\n<meta name=\"twitter:card\" content=\"summary_large_image\" \/>\n<meta name=\"twitter:label1\" content=\"Escrito por\" \/>\n\t<meta name=\"twitter:data1\" content=\"Marketing Univates\" \/>\n\t<meta name=\"twitter:label2\" content=\"Est. tempo de leitura\" \/>\n\t<meta name=\"twitter:data2\" content=\"2 minutos\" \/>\n<script type=\"application\/ld+json\" class=\"yoast-schema-graph\">{\"@context\":\"https:\\\/\\\/schema.org\",\"@graph\":[{\"@type\":\"Article\",\"@id\":\"https:\\\/\\\/www.univates.br\\\/blog\\\/onde-posso-trabalhar-depois-de-formado-no-curso-de-gestao-de-cooperativas\\\/#article\",\"isPartOf\":{\"@id\":\"https:\\\/\\\/www.univates.br\\\/blog\\\/onde-posso-trabalhar-depois-de-formado-no-curso-de-gestao-de-cooperativas\\\/\"},\"author\":{\"name\":\"Marketing Univates\",\"@id\":\"https:\\\/\\\/www.univates.br\\\/blog\\\/#\\\/schema\\\/person\\\/15c63917440cc5e70160c247b309af2f\"},\"headline\":\"Onde posso trabalhar depois de formado no curso de Gest\u00e3o de Cooperativas?\",\"datePublished\":\"2022-05-05T16:28:22+00:00\",\"dateModified\":\"2023-12-20T18:53:59+00:00\",\"mainEntityOfPage\":{\"@id\":\"https:\\\/\\\/www.univates.br\\\/blog\\\/onde-posso-trabalhar-depois-de-formado-no-curso-de-gestao-de-cooperativas\\\/\"},\"wordCount\":299,\"commentCount\":0,\"image\":{\"@id\":\"https:\\\/\\\/www.univates.br\\\/blog\\\/onde-posso-trabalhar-depois-de-formado-no-curso-de-gestao-de-cooperativas\\\/#primaryimage\"},\"thumbnailUrl\":\"https:\\\/\\\/desenvolvimento.bravo.st\\\/univatesblog\\\/wp-content\\\/uploads\\\/2022\\\/05\\\/IMG_8901_1604437761.2692.jpg\",\"articleSection\":[\"Carreira\"],\"inLanguage\":\"pt-BR\",\"potentialAction\":[{\"@type\":\"CommentAction\",\"name\":\"Comment\",\"target\":[\"https:\\\/\\\/www.univates.br\\\/blog\\\/onde-posso-trabalhar-depois-de-formado-no-curso-de-gestao-de-cooperativas\\\/#respond\"]}]},{\"@type\":\"WebPage\",\"@id\":\"https:\\\/\\\/www.univates.br\\\/blog\\\/onde-posso-trabalhar-depois-de-formado-no-curso-de-gestao-de-cooperativas\\\/\",\"url\":\"https:\\\/\\\/www.univates.br\\\/blog\\\/onde-posso-trabalhar-depois-de-formado-no-curso-de-gestao-de-cooperativas\\\/\",\"name\":\"Onde posso trabalhar depois de formado no curso de Gest\u00e3o de Cooperativas? - Univates Blog\",\"isPartOf\":{\"@id\":\"https:\\\/\\\/www.univates.br\\\/blog\\\/#website\"},\"primaryImageOfPage\":{\"@id\":\"https:\\\/\\\/www.univates.br\\\/blog\\\/onde-posso-trabalhar-depois-de-formado-no-curso-de-gestao-de-cooperativas\\\/#primaryimage\"},\"image\":{\"@id\":\"https:\\\/\\\/www.univates.br\\\/blog\\\/onde-posso-trabalhar-depois-de-formado-no-curso-de-gestao-de-cooperativas\\\/#primaryimage\"},\"thumbnailUrl\":\"https:\\\/\\\/desenvolvimento.bravo.st\\\/univatesblog\\\/wp-content\\\/uploads\\\/2022\\\/05\\\/IMG_8901_1604437761.2692.jpg\",\"datePublished\":\"2022-05-05T16:28:22+00:00\",\"dateModified\":\"2023-12-20T18:53:59+00:00\",\"author\":{\"@id\":\"https:\\\/\\\/www.univates.br\\\/blog\\\/#\\\/schema\\\/person\\\/15c63917440cc5e70160c247b309af2f\"},\"breadcrumb\":{\"@id\":\"https:\\\/\\\/www.univates.br\\\/blog\\\/onde-posso-trabalhar-depois-de-formado-no-curso-de-gestao-de-cooperativas\\\/#breadcrumb\"},\"inLanguage\":\"pt-BR\",\"potentialAction\":[{\"@type\":\"ReadAction\",\"target\":[\"https:\\\/\\\/www.univates.br\\\/blog\\\/onde-posso-trabalhar-depois-de-formado-no-curso-de-gestao-de-cooperativas\\\/\"]}]},{\"@type\":\"ImageObject\",\"inLanguage\":\"pt-BR\",\"@id\":\"https:\\\/\\\/www.univates.br\\\/blog\\\/onde-posso-trabalhar-depois-de-formado-no-curso-de-gestao-de-cooperativas\\\/#primaryimage\",\"url\":\"https:\\\/\\\/desenvolvimento.bravo.st\\\/univatesblog\\\/wp-content\\\/uploads\\\/2022\\\/05\\\/IMG_8901_1604437761.2692.jpg\",\"contentUrl\":\"https:\\\/\\\/desenvolvimento.bravo.st\\\/univatesblog\\\/wp-content\\\/uploads\\\/2022\\\/05\\\/IMG_8901_1604437761.2692.jpg\"},{\"@type\":\"BreadcrumbList\",\"@id\":\"https:\\\/\\\/www.univates.br\\\/blog\\\/onde-posso-trabalhar-depois-de-formado-no-curso-de-gestao-de-cooperativas\\\/#breadcrumb\",\"itemListElement\":[{\"@type\":\"ListItem\",\"position\":1,\"name\":\"Home\",\"item\":\"https:\\\/\\\/www.univates.br\\\/blog\\\/\"},{\"@type\":\"ListItem\",\"position\":2,\"name\":\"Onde posso trabalhar depois de formado no curso de Gest\u00e3o de Cooperativas?\"}]},{\"@type\":\"WebSite\",\"@id\":\"https:\\\/\\\/www.univates.br\\\/blog\\\/#website\",\"url\":\"https:\\\/\\\/www.univates.br\\\/blog\\\/\",\"name\":\"Univates Blog\",\"description\":\"\",\"potentialAction\":[{\"@type\":\"SearchAction\",\"target\":{\"@type\":\"EntryPoint\",\"urlTemplate\":\"https:\\\/\\\/www.univates.br\\\/blog\\\/?s={search_term_string}\"},\"query-input\":{\"@type\":\"PropertyValueSpecification\",\"valueRequired\":true,\"valueName\":\"search_term_string\"}}],\"inLanguage\":\"pt-BR\"},{\"@type\":\"Person\",\"@id\":\"https:\\\/\\\/www.univates.br\\\/blog\\\/#\\\/schema\\\/person\\\/15c63917440cc5e70160c247b309af2f\",\"name\":\"Marketing Univates\",\"image\":{\"@type\":\"ImageObject\",\"inLanguage\":\"pt-BR\",\"@id\":\"https:\\\/\\\/secure.gravatar.com\\\/avatar\\\/511f9e77a6a3d0cddd9074f69a722364bc7f787e73d4a0da1f727ba62704eda4?s=96&d=mm&r=g\",\"url\":\"https:\\\/\\\/secure.gravatar.com\\\/avatar\\\/511f9e77a6a3d0cddd9074f69a722364bc7f787e73d4a0da1f727ba62704eda4?s=96&d=mm&r=g\",\"contentUrl\":\"https:\\\/\\\/secure.gravatar.com\\\/avatar\\\/511f9e77a6a3d0cddd9074f69a722364bc7f787e73d4a0da1f727ba62704eda4?s=96&d=mm&r=g\",\"caption\":\"Marketing Univates\"},\"sameAs\":[\"http:\\\/\\\/univates.br\"],\"url\":\"https:\\\/\\\/www.univates.br\\\/blog\\\/author\\\/marketing\\\/\"}]}<\/script>\n<!-- \/ Yoast SEO plugin. -->","yoast_head_json":{"title":"Onde posso trabalhar depois de formado no curso de Gest\u00e3o de Cooperativas? - Univates Blog","robots":{"index":"index","follow":"follow","max-snippet":"max-snippet:-1","max-image-preview":"max-image-preview:large","max-video-preview":"max-video-preview:-1"},"canonical":"https:\/\/www.univates.br\/blog\/onde-posso-trabalhar-depois-de-formado-no-curso-de-gestao-de-cooperativas\/","og_locale":"pt_BR","og_type":"article","og_title":"Onde posso trabalhar depois de formado no curso de Gest\u00e3o de Cooperativas? - Univates Blog","og_description":"Precisando de ajuda para descobrir onde voc\u00ea poder\u00e1&nbsp;trabalhar&nbsp;depois de formado no curso de&nbsp;Gest\u00e3o de Cooperativas? Se sim, n\u00e3o deixe de conferir este&nbsp;post, que re\u00fane, al\u00e9m das principais atribui\u00e7\u00f5es dos diplomados, informa\u00e7\u00f5es sobre como anda o&nbsp;mercado de trabalho&nbsp;da \u00e1rea. Fique ligado:&nbsp;\u2026","og_url":"https:\/\/www.univates.br\/blog\/onde-posso-trabalhar-depois-de-formado-no-curso-de-gestao-de-cooperativas\/","og_site_name":"Univates Blog","article_published_time":"2022-05-05T16:28:22+00:00","article_modified_time":"2023-12-20T18:53:59+00:00","og_image":[{"url":"https:\/\/desenvolvimento.bravo.st\/univatesblog\/wp-content\/uploads\/2022\/05\/IMG_8901_1604437761.2692.jpg","type":"","width":"","height":""}],"author":"Marketing Univates","twitter_card":"summary_large_image","twitter_misc":{"Escrito por":"Marketing Univates","Est. tempo de leitura":"2 minutos"},"schema":{"@context":"https:\/\/schema.org","@graph":[{"@type":"Article","@id":"https:\/\/www.univates.br\/blog\/onde-posso-trabalhar-depois-de-formado-no-curso-de-gestao-de-cooperativas\/#article","isPartOf":{"@id":"https:\/\/www.univates.br\/blog\/onde-posso-trabalhar-depois-de-formado-no-curso-de-gestao-de-cooperativas\/"},"author":{"name":"Marketing Univates","@id":"https:\/\/www.univates.br\/blog\/#\/schema\/person\/15c63917440cc5e70160c247b309af2f"},"headline":"Onde posso trabalhar depois de formado no curso de Gest\u00e3o de Cooperativas?","datePublished":"2022-05-05T16:28:22+00:00","dateModified":"2023-12-20T18:53:59+00:00","mainEntityOfPage":{"@id":"https:\/\/www.univates.br\/blog\/onde-posso-trabalhar-depois-de-formado-no-curso-de-gestao-de-cooperativas\/"},"wordCount":299,"commentCount":0,"image":{"@id":"https:\/\/www.univates.br\/blog\/onde-posso-trabalhar-depois-de-formado-no-curso-de-gestao-de-cooperativas\/#primaryimage"},"thumbnailUrl":"https:\/\/desenvolvimento.bravo.st\/univatesblog\/wp-content\/uploads\/2022\/05\/IMG_8901_1604437761.2692.jpg","articleSection":["Carreira"],"inLanguage":"pt-BR","potentialAction":[{"@type":"CommentAction","name":"Comment","target":["https:\/\/www.univates.br\/blog\/onde-posso-trabalhar-depois-de-formado-no-curso-de-gestao-de-cooperativas\/#respond"]}]},{"@type":"WebPage","@id":"https:\/\/www.univates.br\/blog\/onde-posso-trabalhar-depois-de-formado-no-curso-de-gestao-de-cooperativas\/","url":"https:\/\/www.univates.br\/blog\/onde-posso-trabalhar-depois-de-formado-no-curso-de-gestao-de-cooperativas\/","name":"Onde posso trabalhar depois de formado no curso de Gest\u00e3o de Cooperativas? - Univates Blog","isPartOf":{"@id":"https:\/\/www.univates.br\/blog\/#website"},"primaryImageOfPage":{"@id":"https:\/\/www.univates.br\/blog\/onde-posso-trabalhar-depois-de-formado-no-curso-de-gestao-de-cooperativas\/#primaryimage"},"image":{"@id":"https:\/\/www.univates.br\/blog\/onde-posso-trabalhar-depois-de-formado-no-curso-de-gestao-de-cooperativas\/#primaryimage"},"thumbnailUrl":"https:\/\/desenvolvimento.bravo.st\/univatesblog\/wp-content\/uploads\/2022\/05\/IMG_8901_1604437761.2692.jpg","datePublished":"2022-05-05T16:28:22+00:00","dateModified":"2023-12-20T18:53:59+00:00","author":{"@id":"https:\/\/www.univates.br\/blog\/#\/schema\/person\/15c63917440cc5e70160c247b309af2f"},"breadcrumb":{"@id":"https:\/\/www.univates.br\/blog\/onde-posso-trabalhar-depois-de-formado-no-curso-de-gestao-de-cooperativas\/#breadcrumb"},"inLanguage":"pt-BR","potentialAction":[{"@type":"ReadAction","target":["https:\/\/www.univates.br\/blog\/onde-posso-trabalhar-depois-de-formado-no-curso-de-gestao-de-cooperativas\/"]}]},{"@type":"ImageObject","inLanguage":"pt-BR","@id":"https:\/\/www.univates.br\/blog\/onde-posso-trabalhar-depois-de-formado-no-curso-de-gestao-de-cooperativas\/#primaryimage","url":"https:\/\/desenvolvimento.bravo.st\/univatesblog\/wp-content\/uploads\/2022\/05\/IMG_8901_1604437761.2692.jpg","contentUrl":"https:\/\/desenvolvimento.bravo.st\/univatesblog\/wp-content\/uploads\/2022\/05\/IMG_8901_1604437761.2692.jpg"},{"@type":"BreadcrumbList","@id":"https:\/\/www.univates.br\/blog\/onde-posso-trabalhar-depois-de-formado-no-curso-de-gestao-de-cooperativas\/#breadcrumb","itemListElement":[{"@type":"ListItem","position":1,"name":"Home","item":"https:\/\/www.univates.br\/blog\/"},{"@type":"ListItem","position":2,"name":"Onde posso trabalhar depois de formado no curso de Gest\u00e3o de Cooperativas?"}]},{"@type":"WebSite","@id":"https:\/\/www.univates.br\/blog\/#website","url":"https:\/\/www.univates.br\/blog\/","name":"Univates Blog","description":"","potentialAction":[{"@type":"SearchAction","target":{"@type":"EntryPoint","urlTemplate":"https:\/\/www.univates.br\/blog\/?s={search_term_string}"},"query-input":{"@type":"PropertyValueSpecification","valueRequired":true,"valueName":"search_term_string"}}],"inLanguage":"pt-BR"},{"@type":"Person","@id":"https:\/\/www.univates.br\/blog\/#\/schema\/person\/15c63917440cc5e70160c247b309af2f","name":"Marketing Univates","image":{"@type":"ImageObject","inLanguage":"pt-BR","@id":"https:\/\/secure.gravatar.com\/avatar\/511f9e77a6a3d0cddd9074f69a722364bc7f787e73d4a0da1f727ba62704eda4?s=96&d=mm&r=g","url":"https:\/\/secure.gravatar.com\/avatar\/511f9e77a6a3d0cddd9074f69a722364bc7f787e73d4a0da1f727ba62704eda4?s=96&d=mm&r=g","contentUrl":"https:\/\/secure.gravatar.com\/avatar\/511f9e77a6a3d0cddd9074f69a722364bc7f787e73d4a0da1f727ba62704eda4?s=96&d=mm&r=g","caption":"Marketing Univates"},"sameAs":["http:\/\/univates.br"],"url":"https:\/\/www.univates.br\/blog\/author\/marketing\/"}]}},"_links":{"self":[{"href":"https:\/\/www.univates.br\/blog\/wp-json\/wp\/v2\/posts\/420","targetHints":{"allow":["GET"]}}],"collection":[{"href":"https:\/\/www.univates.br\/blog\/wp-json\/wp\/v2\/posts"}],"about":[{"href":"https:\/\/www.univates.br\/blog\/wp-json\/wp\/v2\/types\/post"}],"author":[{"embeddable":true,"href":"https:\/\/www.univates.br\/blog\/wp-json\/wp\/v2\/users\/2"}],"replies":[{"embeddable":true,"href":"https:\/\/www.univates.br\/blog\/wp-json\/wp\/v2\/comments?post=420"}],"version-history":[{"count":11,"href":"https:\/\/www.univates.br\/blog\/wp-json\/wp\/v2\/posts\/420\/revisions"}],"predecessor-version":[{"id":4953,"href":"https:\/\/www.univates.br\/blog\/wp-json\/wp\/v2\/posts\/420\/revisions\/4953"}],"wp:attachment":[{"href":"https:\/\/www.univates.br\/blog\/wp-json\/wp\/v2\/media?parent=420"}],"wp:term":[{"taxonomy":"category","embeddable":true,"href":"https:\/\/www.univates.br\/blog\/wp-json\/wp\/v2\/categories?post=420"}],"curies":[{"name":"wp","href":"https:\/\/api.w.org\/{rel}","templated":true}]}}