{"id":430,"date":"2022-05-05T13:33:15","date_gmt":"2022-05-05T16:33:15","guid":{"rendered":"https:\/\/desenvolvimento.bravo.st\/univatesblog\/?p=430"},"modified":"2023-12-20T15:51:02","modified_gmt":"2023-12-20T18:51:02","slug":"onde-posso-trabalhar-depois-de-formado-no-curso-de-pedagogia-licenciatura","status":"publish","type":"post","link":"https:\/\/www.univates.br\/blog\/onde-posso-trabalhar-depois-de-formado-no-curso-de-pedagogia-licenciatura\/","title":{"rendered":"Onde posso trabalhar depois de formado no curso de Pedagogia &#8211; licenciatura?"},"content":{"rendered":"\n<div class=\"wp-block-media-text alignwide is-stacked-on-mobile\"><figure class=\"wp-block-media-text__media\"><img loading=\"lazy\" decoding=\"async\" width=\"291\" height=\"194\" src=\"https:\/\/desenvolvimento.bravo.st\/univatesblog\/wp-content\/uploads\/2022\/05\/PedagogiaC_elise_bozzetto_5_manipulada_1604433603.44.jpg\" alt=\"\" class=\"wp-image-431 size-full\" srcset=\"https:\/\/www.univates.br\/blog\/wp-content\/uploads\/2022\/05\/PedagogiaC_elise_bozzetto_5_manipulada_1604433603.44.jpg 291w, https:\/\/www.univates.br\/blog\/wp-content\/uploads\/2022\/05\/PedagogiaC_elise_bozzetto_5_manipulada_1604433603.44-150x100.jpg 150w\" sizes=\"auto, (max-width: 291px) 100vw, 291px\" \/><\/figure><div class=\"wp-block-media-text__content\">\n<p>Precisando de ajuda para descobrir onde voc\u00ea poder\u00e1&nbsp;<strong>trabalhar<\/strong>&nbsp;ap\u00f3s se formar no curso de&nbsp;<strong><a href=\"https:\/\/www.univates.br\/graduacao\/pedagogia\">Pedagogia &#8211; licenciatura<\/a><\/strong>? Se sim, n\u00e3o deixe de ler este&nbsp;<em>post<\/em>, que re\u00fane, al\u00e9m das principais atribui\u00e7\u00f5es dos diplomados, informa\u00e7\u00f5es sobre como anda o&nbsp;<strong>mercado de trabalho<\/strong>&nbsp;da \u00e1rea. Fique ligado:&nbsp;<\/p>\n\n\n\n<p><em>(Foto: Tuane Eggers)<\/em><\/p>\n<\/div><\/div>\n\n\n\n<p>O curso de&nbsp;<strong>Pedagogia &#8211; licenciatura<\/strong>&nbsp;ir\u00e1 prepar\u00e1-lo para&nbsp;<strong>trabalhar<\/strong>&nbsp;em espa\u00e7os escolares e n\u00e3o escolares nos quais sejam previstos conhecimentos pedag\u00f3gicos.&nbsp;<\/p>\n\n\n\n<p>Licenciando-se em&nbsp;<strong>Pedagogia<\/strong>, voc\u00ea ir\u00e1&nbsp;<strong>trabalhar<\/strong>&nbsp;lecionando para alunos da Educa\u00e7\u00e3o Infantil, dos anos iniciais do Ensino Fundamental e do Ensino M\u00e9dio. Poder\u00e1 atuar em cursos de educa\u00e7\u00e3o profissional na \u00e1rea de servi\u00e7os e apoio escolar, na gest\u00e3o de processos educativos, na organiza\u00e7\u00e3o e funcionamento de sistemas e institui\u00e7\u00f5es de ensino, no desenvolvimento de pesquisas, na elabora\u00e7\u00e3o de projetos de gest\u00e3o escolar e ainda no planejamento, administra\u00e7\u00e3o e avalia\u00e7\u00e3o de programas educacionais. A&nbsp;<strong>pedagogia<\/strong>&nbsp;realizada em espa\u00e7os n\u00e3o escolares (em hospitais e empresas, por exemplo) tamb\u00e9m atende \u00e0 demanda educacional fora da sala de aula, por isso a atua\u00e7\u00e3o do profissional da educa\u00e7\u00e3o \u00e9 indispens\u00e1vel nesses locais.&nbsp;<\/p>\n\n\n\n<p><a href=\"https:\/\/www.univates.br\/blog\/\/post\/estou-formadoa-e-agora-conheca-historias-de-sucesso-que-podem-te-inspirar\">Estou formado(a), e agora? Conhe\u00e7a hist\u00f3rias de sucesso que podem te inspirar!<\/a><\/p>\n\n\n\n<h2 class=\"wp-block-heading\">B\u00d4NUS: conhe\u00e7a o curso de Pedagogia &#8211; licenciatura<\/h2>\n\n\n\n<p>D\u00ea&nbsp;<em>play<\/em>&nbsp;no v\u00eddeo abaixo para entender como funciona o curso de&nbsp;<strong>Pedagogia &#8211; licenciatura<\/strong>:&nbsp;<\/p>\n\n\n\n<figure class=\"wp-block-embed is-type-video is-provider-youtube wp-block-embed-youtube wp-embed-aspect-16-9 wp-has-aspect-ratio\"><div class=\"wp-block-embed__wrapper\">\n<iframe loading=\"lazy\" title=\"Pedagogia Univates\" width=\"500\" height=\"281\" src=\"https:\/\/www.youtube.com\/embed\/0G1U2pLsYa4?start=4&#038;feature=oembed\" frameborder=\"0\" allow=\"accelerometer; autoplay; clipboard-write; encrypted-media; gyroscope; picture-in-picture; web-share\" referrerpolicy=\"strict-origin-when-cross-origin\" allowfullscreen><\/iframe>\n<\/div><\/figure>\n\n\n\n<p><a href=\"https:\/\/www.univates.br\/blog\/\/post\/curso-de-pedagogia-da-nossa-universidade-e-o-melhor-do-sul-do-brasil\">Curso de Pedagogia da nossa Universidade \u00e9 o melhor do Sul do Brasil\u00a0<\/a><\/p>\n\n\n\n<p><a href=\"https:\/\/www.univates.br\/blog\/\/post\/como-a-faculdade-de-pedagogia-pode-qualificar-sua-carreira\">Como a faculdade de Pedagogia pode qualificar sua carreira?<\/a><\/p>\n","protected":false},"excerpt":{"rendered":"<p>Precisando de ajuda para descobrir onde voc\u00ea poder\u00e1&nbsp;trabalhar&nbsp;ap\u00f3s se formar no curso de&nbsp;Pedagogia &#8211; licenciatura? Se sim, n\u00e3o deixe de ler este&nbsp;post, que re\u00fane, al\u00e9m das principais atribui\u00e7\u00f5es dos diplomados, informa\u00e7\u00f5es sobre como anda o&nbsp;mercado de trabalho&nbsp;da \u00e1rea. Fique ligado:&nbsp;\u2026<\/p>\n","protected":false},"author":2,"featured_media":0,"comment_status":"open","ping_status":"open","sticky":false,"template":"","format":"standard","meta":{"_acf_changed":false,"footnotes":""},"categories":[33,31],"class_list":["post-430","post","type-post","status-publish","format-standard","hentry","category-carreira","category-licenciatura","autor-lais-pontin-matos","curso-pedagogia","area-licenciaturas"],"acf":[],"yoast_head":"<!-- This site is optimized with the Yoast SEO plugin v27.3 - https:\/\/yoast.com\/product\/yoast-seo-wordpress\/ -->\n<title>Onde posso trabalhar depois de formado no curso de Pedagogia - licenciatura? - Univates Blog<\/title>\n<meta name=\"robots\" content=\"index, follow, max-snippet:-1, max-image-preview:large, max-video-preview:-1\" \/>\n<link rel=\"canonical\" href=\"https:\/\/www.univates.br\/blog\/onde-posso-trabalhar-depois-de-formado-no-curso-de-pedagogia-licenciatura\/\" \/>\n<meta property=\"og:locale\" content=\"pt_BR\" \/>\n<meta property=\"og:type\" content=\"article\" \/>\n<meta property=\"og:title\" content=\"Onde posso trabalhar depois de formado no curso de Pedagogia - licenciatura? - Univates Blog\" \/>\n<meta property=\"og:description\" content=\"Precisando de ajuda para descobrir onde voc\u00ea poder\u00e1&nbsp;trabalhar&nbsp;ap\u00f3s se formar no curso de&nbsp;Pedagogia &#8211; licenciatura? Se sim, n\u00e3o deixe de ler este&nbsp;post, que re\u00fane, al\u00e9m das principais atribui\u00e7\u00f5es dos diplomados, informa\u00e7\u00f5es sobre como anda o&nbsp;mercado de trabalho&nbsp;da \u00e1rea. Fique ligado:&nbsp;\u2026\" \/>\n<meta property=\"og:url\" content=\"https:\/\/www.univates.br\/blog\/onde-posso-trabalhar-depois-de-formado-no-curso-de-pedagogia-licenciatura\/\" \/>\n<meta property=\"og:site_name\" content=\"Univates Blog\" \/>\n<meta property=\"article:published_time\" content=\"2022-05-05T16:33:15+00:00\" \/>\n<meta property=\"article:modified_time\" content=\"2023-12-20T18:51:02+00:00\" \/>\n<meta property=\"og:image\" content=\"https:\/\/desenvolvimento.bravo.st\/univatesblog\/wp-content\/uploads\/2022\/05\/PedagogiaC_elise_bozzetto_5_manipulada_1604433603.44.jpg\" \/>\n<meta name=\"author\" content=\"Marketing Univates\" \/>\n<meta name=\"twitter:card\" content=\"summary_large_image\" \/>\n<meta name=\"twitter:label1\" content=\"Escrito por\" \/>\n\t<meta name=\"twitter:data1\" content=\"Marketing Univates\" \/>\n\t<meta name=\"twitter:label2\" content=\"Est. tempo de leitura\" \/>\n\t<meta name=\"twitter:data2\" content=\"2 minutos\" \/>\n<script type=\"application\/ld+json\" class=\"yoast-schema-graph\">{\"@context\":\"https:\\\/\\\/schema.org\",\"@graph\":[{\"@type\":\"Article\",\"@id\":\"https:\\\/\\\/www.univates.br\\\/blog\\\/onde-posso-trabalhar-depois-de-formado-no-curso-de-pedagogia-licenciatura\\\/#article\",\"isPartOf\":{\"@id\":\"https:\\\/\\\/www.univates.br\\\/blog\\\/onde-posso-trabalhar-depois-de-formado-no-curso-de-pedagogia-licenciatura\\\/\"},\"author\":{\"name\":\"Marketing Univates\",\"@id\":\"https:\\\/\\\/www.univates.br\\\/blog\\\/#\\\/schema\\\/person\\\/15c63917440cc5e70160c247b309af2f\"},\"headline\":\"Onde posso trabalhar depois de formado no curso de Pedagogia &#8211; licenciatura?\",\"datePublished\":\"2022-05-05T16:33:15+00:00\",\"dateModified\":\"2023-12-20T18:51:02+00:00\",\"mainEntityOfPage\":{\"@id\":\"https:\\\/\\\/www.univates.br\\\/blog\\\/onde-posso-trabalhar-depois-de-formado-no-curso-de-pedagogia-licenciatura\\\/\"},\"wordCount\":311,\"commentCount\":0,\"image\":{\"@id\":\"https:\\\/\\\/www.univates.br\\\/blog\\\/onde-posso-trabalhar-depois-de-formado-no-curso-de-pedagogia-licenciatura\\\/#primaryimage\"},\"thumbnailUrl\":\"https:\\\/\\\/desenvolvimento.bravo.st\\\/univatesblog\\\/wp-content\\\/uploads\\\/2022\\\/05\\\/PedagogiaC_elise_bozzetto_5_manipulada_1604433603.44.jpg\",\"articleSection\":[\"Carreira\",\"Licenciatura\"],\"inLanguage\":\"pt-BR\",\"potentialAction\":[{\"@type\":\"CommentAction\",\"name\":\"Comment\",\"target\":[\"https:\\\/\\\/www.univates.br\\\/blog\\\/onde-posso-trabalhar-depois-de-formado-no-curso-de-pedagogia-licenciatura\\\/#respond\"]}]},{\"@type\":\"WebPage\",\"@id\":\"https:\\\/\\\/www.univates.br\\\/blog\\\/onde-posso-trabalhar-depois-de-formado-no-curso-de-pedagogia-licenciatura\\\/\",\"url\":\"https:\\\/\\\/www.univates.br\\\/blog\\\/onde-posso-trabalhar-depois-de-formado-no-curso-de-pedagogia-licenciatura\\\/\",\"name\":\"Onde posso trabalhar depois de formado no curso de Pedagogia - licenciatura? - Univates Blog\",\"isPartOf\":{\"@id\":\"https:\\\/\\\/www.univates.br\\\/blog\\\/#website\"},\"primaryImageOfPage\":{\"@id\":\"https:\\\/\\\/www.univates.br\\\/blog\\\/onde-posso-trabalhar-depois-de-formado-no-curso-de-pedagogia-licenciatura\\\/#primaryimage\"},\"image\":{\"@id\":\"https:\\\/\\\/www.univates.br\\\/blog\\\/onde-posso-trabalhar-depois-de-formado-no-curso-de-pedagogia-licenciatura\\\/#primaryimage\"},\"thumbnailUrl\":\"https:\\\/\\\/desenvolvimento.bravo.st\\\/univatesblog\\\/wp-content\\\/uploads\\\/2022\\\/05\\\/PedagogiaC_elise_bozzetto_5_manipulada_1604433603.44.jpg\",\"datePublished\":\"2022-05-05T16:33:15+00:00\",\"dateModified\":\"2023-12-20T18:51:02+00:00\",\"author\":{\"@id\":\"https:\\\/\\\/www.univates.br\\\/blog\\\/#\\\/schema\\\/person\\\/15c63917440cc5e70160c247b309af2f\"},\"breadcrumb\":{\"@id\":\"https:\\\/\\\/www.univates.br\\\/blog\\\/onde-posso-trabalhar-depois-de-formado-no-curso-de-pedagogia-licenciatura\\\/#breadcrumb\"},\"inLanguage\":\"pt-BR\",\"potentialAction\":[{\"@type\":\"ReadAction\",\"target\":[\"https:\\\/\\\/www.univates.br\\\/blog\\\/onde-posso-trabalhar-depois-de-formado-no-curso-de-pedagogia-licenciatura\\\/\"]}]},{\"@type\":\"ImageObject\",\"inLanguage\":\"pt-BR\",\"@id\":\"https:\\\/\\\/www.univates.br\\\/blog\\\/onde-posso-trabalhar-depois-de-formado-no-curso-de-pedagogia-licenciatura\\\/#primaryimage\",\"url\":\"https:\\\/\\\/desenvolvimento.bravo.st\\\/univatesblog\\\/wp-content\\\/uploads\\\/2022\\\/05\\\/PedagogiaC_elise_bozzetto_5_manipulada_1604433603.44.jpg\",\"contentUrl\":\"https:\\\/\\\/desenvolvimento.bravo.st\\\/univatesblog\\\/wp-content\\\/uploads\\\/2022\\\/05\\\/PedagogiaC_elise_bozzetto_5_manipulada_1604433603.44.jpg\"},{\"@type\":\"BreadcrumbList\",\"@id\":\"https:\\\/\\\/www.univates.br\\\/blog\\\/onde-posso-trabalhar-depois-de-formado-no-curso-de-pedagogia-licenciatura\\\/#breadcrumb\",\"itemListElement\":[{\"@type\":\"ListItem\",\"position\":1,\"name\":\"Home\",\"item\":\"https:\\\/\\\/www.univates.br\\\/blog\\\/\"},{\"@type\":\"ListItem\",\"position\":2,\"name\":\"Onde posso trabalhar depois de formado no curso de Pedagogia &#8211; licenciatura?\"}]},{\"@type\":\"WebSite\",\"@id\":\"https:\\\/\\\/www.univates.br\\\/blog\\\/#website\",\"url\":\"https:\\\/\\\/www.univates.br\\\/blog\\\/\",\"name\":\"Univates Blog\",\"description\":\"\",\"potentialAction\":[{\"@type\":\"SearchAction\",\"target\":{\"@type\":\"EntryPoint\",\"urlTemplate\":\"https:\\\/\\\/www.univates.br\\\/blog\\\/?s={search_term_string}\"},\"query-input\":{\"@type\":\"PropertyValueSpecification\",\"valueRequired\":true,\"valueName\":\"search_term_string\"}}],\"inLanguage\":\"pt-BR\"},{\"@type\":\"Person\",\"@id\":\"https:\\\/\\\/www.univates.br\\\/blog\\\/#\\\/schema\\\/person\\\/15c63917440cc5e70160c247b309af2f\",\"name\":\"Marketing Univates\",\"image\":{\"@type\":\"ImageObject\",\"inLanguage\":\"pt-BR\",\"@id\":\"https:\\\/\\\/secure.gravatar.com\\\/avatar\\\/511f9e77a6a3d0cddd9074f69a722364bc7f787e73d4a0da1f727ba62704eda4?s=96&d=mm&r=g\",\"url\":\"https:\\\/\\\/secure.gravatar.com\\\/avatar\\\/511f9e77a6a3d0cddd9074f69a722364bc7f787e73d4a0da1f727ba62704eda4?s=96&d=mm&r=g\",\"contentUrl\":\"https:\\\/\\\/secure.gravatar.com\\\/avatar\\\/511f9e77a6a3d0cddd9074f69a722364bc7f787e73d4a0da1f727ba62704eda4?s=96&d=mm&r=g\",\"caption\":\"Marketing Univates\"},\"sameAs\":[\"http:\\\/\\\/univates.br\"],\"url\":\"https:\\\/\\\/www.univates.br\\\/blog\\\/author\\\/marketing\\\/\"}]}<\/script>\n<!-- \/ Yoast SEO plugin. -->","yoast_head_json":{"title":"Onde posso trabalhar depois de formado no curso de Pedagogia - licenciatura? - Univates Blog","robots":{"index":"index","follow":"follow","max-snippet":"max-snippet:-1","max-image-preview":"max-image-preview:large","max-video-preview":"max-video-preview:-1"},"canonical":"https:\/\/www.univates.br\/blog\/onde-posso-trabalhar-depois-de-formado-no-curso-de-pedagogia-licenciatura\/","og_locale":"pt_BR","og_type":"article","og_title":"Onde posso trabalhar depois de formado no curso de Pedagogia - licenciatura? - Univates Blog","og_description":"Precisando de ajuda para descobrir onde voc\u00ea poder\u00e1&nbsp;trabalhar&nbsp;ap\u00f3s se formar no curso de&nbsp;Pedagogia &#8211; licenciatura? Se sim, n\u00e3o deixe de ler este&nbsp;post, que re\u00fane, al\u00e9m das principais atribui\u00e7\u00f5es dos diplomados, informa\u00e7\u00f5es sobre como anda o&nbsp;mercado de trabalho&nbsp;da \u00e1rea. Fique ligado:&nbsp;\u2026","og_url":"https:\/\/www.univates.br\/blog\/onde-posso-trabalhar-depois-de-formado-no-curso-de-pedagogia-licenciatura\/","og_site_name":"Univates Blog","article_published_time":"2022-05-05T16:33:15+00:00","article_modified_time":"2023-12-20T18:51:02+00:00","og_image":[{"url":"https:\/\/desenvolvimento.bravo.st\/univatesblog\/wp-content\/uploads\/2022\/05\/PedagogiaC_elise_bozzetto_5_manipulada_1604433603.44.jpg","type":"","width":"","height":""}],"author":"Marketing Univates","twitter_card":"summary_large_image","twitter_misc":{"Escrito por":"Marketing Univates","Est. tempo de leitura":"2 minutos"},"schema":{"@context":"https:\/\/schema.org","@graph":[{"@type":"Article","@id":"https:\/\/www.univates.br\/blog\/onde-posso-trabalhar-depois-de-formado-no-curso-de-pedagogia-licenciatura\/#article","isPartOf":{"@id":"https:\/\/www.univates.br\/blog\/onde-posso-trabalhar-depois-de-formado-no-curso-de-pedagogia-licenciatura\/"},"author":{"name":"Marketing Univates","@id":"https:\/\/www.univates.br\/blog\/#\/schema\/person\/15c63917440cc5e70160c247b309af2f"},"headline":"Onde posso trabalhar depois de formado no curso de Pedagogia &#8211; licenciatura?","datePublished":"2022-05-05T16:33:15+00:00","dateModified":"2023-12-20T18:51:02+00:00","mainEntityOfPage":{"@id":"https:\/\/www.univates.br\/blog\/onde-posso-trabalhar-depois-de-formado-no-curso-de-pedagogia-licenciatura\/"},"wordCount":311,"commentCount":0,"image":{"@id":"https:\/\/www.univates.br\/blog\/onde-posso-trabalhar-depois-de-formado-no-curso-de-pedagogia-licenciatura\/#primaryimage"},"thumbnailUrl":"https:\/\/desenvolvimento.bravo.st\/univatesblog\/wp-content\/uploads\/2022\/05\/PedagogiaC_elise_bozzetto_5_manipulada_1604433603.44.jpg","articleSection":["Carreira","Licenciatura"],"inLanguage":"pt-BR","potentialAction":[{"@type":"CommentAction","name":"Comment","target":["https:\/\/www.univates.br\/blog\/onde-posso-trabalhar-depois-de-formado-no-curso-de-pedagogia-licenciatura\/#respond"]}]},{"@type":"WebPage","@id":"https:\/\/www.univates.br\/blog\/onde-posso-trabalhar-depois-de-formado-no-curso-de-pedagogia-licenciatura\/","url":"https:\/\/www.univates.br\/blog\/onde-posso-trabalhar-depois-de-formado-no-curso-de-pedagogia-licenciatura\/","name":"Onde posso trabalhar depois de formado no curso de Pedagogia - licenciatura? - Univates Blog","isPartOf":{"@id":"https:\/\/www.univates.br\/blog\/#website"},"primaryImageOfPage":{"@id":"https:\/\/www.univates.br\/blog\/onde-posso-trabalhar-depois-de-formado-no-curso-de-pedagogia-licenciatura\/#primaryimage"},"image":{"@id":"https:\/\/www.univates.br\/blog\/onde-posso-trabalhar-depois-de-formado-no-curso-de-pedagogia-licenciatura\/#primaryimage"},"thumbnailUrl":"https:\/\/desenvolvimento.bravo.st\/univatesblog\/wp-content\/uploads\/2022\/05\/PedagogiaC_elise_bozzetto_5_manipulada_1604433603.44.jpg","datePublished":"2022-05-05T16:33:15+00:00","dateModified":"2023-12-20T18:51:02+00:00","author":{"@id":"https:\/\/www.univates.br\/blog\/#\/schema\/person\/15c63917440cc5e70160c247b309af2f"},"breadcrumb":{"@id":"https:\/\/www.univates.br\/blog\/onde-posso-trabalhar-depois-de-formado-no-curso-de-pedagogia-licenciatura\/#breadcrumb"},"inLanguage":"pt-BR","potentialAction":[{"@type":"ReadAction","target":["https:\/\/www.univates.br\/blog\/onde-posso-trabalhar-depois-de-formado-no-curso-de-pedagogia-licenciatura\/"]}]},{"@type":"ImageObject","inLanguage":"pt-BR","@id":"https:\/\/www.univates.br\/blog\/onde-posso-trabalhar-depois-de-formado-no-curso-de-pedagogia-licenciatura\/#primaryimage","url":"https:\/\/desenvolvimento.bravo.st\/univatesblog\/wp-content\/uploads\/2022\/05\/PedagogiaC_elise_bozzetto_5_manipulada_1604433603.44.jpg","contentUrl":"https:\/\/desenvolvimento.bravo.st\/univatesblog\/wp-content\/uploads\/2022\/05\/PedagogiaC_elise_bozzetto_5_manipulada_1604433603.44.jpg"},{"@type":"BreadcrumbList","@id":"https:\/\/www.univates.br\/blog\/onde-posso-trabalhar-depois-de-formado-no-curso-de-pedagogia-licenciatura\/#breadcrumb","itemListElement":[{"@type":"ListItem","position":1,"name":"Home","item":"https:\/\/www.univates.br\/blog\/"},{"@type":"ListItem","position":2,"name":"Onde posso trabalhar depois de formado no curso de Pedagogia &#8211; licenciatura?"}]},{"@type":"WebSite","@id":"https:\/\/www.univates.br\/blog\/#website","url":"https:\/\/www.univates.br\/blog\/","name":"Univates Blog","description":"","potentialAction":[{"@type":"SearchAction","target":{"@type":"EntryPoint","urlTemplate":"https:\/\/www.univates.br\/blog\/?s={search_term_string}"},"query-input":{"@type":"PropertyValueSpecification","valueRequired":true,"valueName":"search_term_string"}}],"inLanguage":"pt-BR"},{"@type":"Person","@id":"https:\/\/www.univates.br\/blog\/#\/schema\/person\/15c63917440cc5e70160c247b309af2f","name":"Marketing Univates","image":{"@type":"ImageObject","inLanguage":"pt-BR","@id":"https:\/\/secure.gravatar.com\/avatar\/511f9e77a6a3d0cddd9074f69a722364bc7f787e73d4a0da1f727ba62704eda4?s=96&d=mm&r=g","url":"https:\/\/secure.gravatar.com\/avatar\/511f9e77a6a3d0cddd9074f69a722364bc7f787e73d4a0da1f727ba62704eda4?s=96&d=mm&r=g","contentUrl":"https:\/\/secure.gravatar.com\/avatar\/511f9e77a6a3d0cddd9074f69a722364bc7f787e73d4a0da1f727ba62704eda4?s=96&d=mm&r=g","caption":"Marketing Univates"},"sameAs":["http:\/\/univates.br"],"url":"https:\/\/www.univates.br\/blog\/author\/marketing\/"}]}},"_links":{"self":[{"href":"https:\/\/www.univates.br\/blog\/wp-json\/wp\/v2\/posts\/430","targetHints":{"allow":["GET"]}}],"collection":[{"href":"https:\/\/www.univates.br\/blog\/wp-json\/wp\/v2\/posts"}],"about":[{"href":"https:\/\/www.univates.br\/blog\/wp-json\/wp\/v2\/types\/post"}],"author":[{"embeddable":true,"href":"https:\/\/www.univates.br\/blog\/wp-json\/wp\/v2\/users\/2"}],"replies":[{"embeddable":true,"href":"https:\/\/www.univates.br\/blog\/wp-json\/wp\/v2\/comments?post=430"}],"version-history":[{"count":11,"href":"https:\/\/www.univates.br\/blog\/wp-json\/wp\/v2\/posts\/430\/revisions"}],"predecessor-version":[{"id":4944,"href":"https:\/\/www.univates.br\/blog\/wp-json\/wp\/v2\/posts\/430\/revisions\/4944"}],"wp:attachment":[{"href":"https:\/\/www.univates.br\/blog\/wp-json\/wp\/v2\/media?parent=430"}],"wp:term":[{"taxonomy":"category","embeddable":true,"href":"https:\/\/www.univates.br\/blog\/wp-json\/wp\/v2\/categories?post=430"}],"curies":[{"name":"wp","href":"https:\/\/api.w.org\/{rel}","templated":true}]}}