{"id":5282,"date":"2024-01-17T17:08:50","date_gmt":"2024-01-17T20:08:50","guid":{"rendered":"https:\/\/www.univates.br\/blog\/\/?p=5282"},"modified":"2024-01-18T13:47:39","modified_gmt":"2024-01-18T16:47:39","slug":"mindfulness-o-que-e-e-como-aplicar","status":"publish","type":"post","link":"https:\/\/www.univates.br\/blog\/mindfulness-o-que-e-e-como-aplicar\/","title":{"rendered":"Mindfulness: o que \u00e9 e como aplicar no seu dia a dia?"},"content":{"rendered":"\n<p><em>Mindfulness<\/em>: o que \u00e9 e como aplicar no seu dia a dia? Respire, inspire e n\u00e3o pire: dando uma espiada no<em> post<\/em> de hoje, voc\u00ea vai descobrir como incorporar esta pr\u00e1tica de aten\u00e7\u00e3o plena a sua rotina e desenvolver uma <a href=\"https:\/\/www.univates.br\/blog\/\/mindset-o-que-e-como-desenvolver\/\">mentalidade<\/a> mais consciente e equilibrada. Veja quais estrat\u00e9gias adotar para focar no momento presente e aproveit\u00e1-lo ao m\u00e1ximo! \ud83e\uddd8\u200d\u2640\ufe0f<strong>\ud83c\udf3f<\/strong><\/p>\n\n\n\n<figure class=\"wp-block-image size-full\"><img loading=\"lazy\" decoding=\"async\" width=\"8424\" height=\"5616\" src=\"https:\/\/www.univates.br\/blog\/\/wp-content\/uploads\/2024\/01\/Imagens-posts-blog-61.jpg\" alt=\"\" class=\"wp-image-5283\"\/><\/figure>\n\n\n\n<h2 class=\"wp-block-heading\"><strong>O que \u00e9 <em>mindfulness<\/em>?<\/strong><\/h2>\n\n\n\n<p>Bem, antes de mais nada, devemos ter em mente que <em>mindfulness<\/em> \u00e9 mais do que uma simples t\u00e9cnica de medita\u00e7\u00e3o. Essa abordagem milenar, proveniente das tradi\u00e7\u00f5es budistas, envolve o foco no momento presente. Em linhas gerais, isso significa que o <em>mindfulness<\/em> \u00e9 uma pr\u00e1tica que nos convida a estar completamente presentes nas experi\u00eancias do aqui e agora.<\/p>\n\n\n\n<div class=\"wp-block-media-text is-stacked-on-mobile\"><figure class=\"wp-block-media-text__media\"><img loading=\"lazy\" decoding=\"async\" width=\"8424\" height=\"5616\" src=\"https:\/\/www.univates.br\/blog\/\/wp-content\/uploads\/2024\/01\/Imagens-posts-blog-62.jpg\" alt=\"\" class=\"wp-image-5284 size-full\"\/><\/figure><div class=\"wp-block-media-text__content\">\n<p>Ao aplicar o <em>Mindfulness<\/em> em nosso dia a dia, adquirimos a incr\u00edvel habilidade de observar nossos pensamentos e emo\u00e7\u00f5es sem julgamentos, abrindo espa\u00e7o para uma compreens\u00e3o mais profunda de n\u00f3s mesmos. Essa pr\u00e1tica nos auxilia a desenvolver uma atitude de aceita\u00e7\u00e3o em rela\u00e7\u00e3o a eventos e situa\u00e7\u00f5es, permitindo-nos assim desfrutar de uma vida mais plena e significativa.<\/p>\n<\/div><\/div>\n\n\n\n<p>Al\u00e9m disso, o <em>mindfulness<\/em> tamb\u00e9m pode ajudar a melhorar a concentra\u00e7\u00e3o e a clareza mental. \u00c9 que, ao treinarmos nossa mente para se concentrar no presente, fortalecemos nossa capacidade de lidar com tarefas di\u00e1rias com aten\u00e7\u00e3o e efic\u00e1cia. A pr\u00e1tica contribui ainda para a redu\u00e7\u00e3o do estresse, j\u00e1 que nos permite estabelecer rela\u00e7\u00f5es mais equilibradas com nossos sentimentos.<\/p>\n\n\n\n<h2 class=\"wp-block-heading\"><strong>Como incorporar o <em>mindfulness<\/em> ao dia a dia?<\/strong><\/h2>\n\n\n\n<p>Siga nossas dicas para aplicar o <em>mindfulness<\/em> ao seu dia a dia e colher os benef\u00edcios desta pr\u00e1tica transformadora.<\/p>\n\n\n\n<ul class=\"wp-block-list\">\n<li><strong>Medite regularmente: <\/strong>reserve alguns minutos todas as manh\u00e3s ou noites para realizar sess\u00f5es de medita\u00e7\u00e3o. V\u00e1 aumentando gradualmente a dura\u00e7\u00e3o dessas sess\u00f5es conforme for se familiarizando com a pr\u00e1tica. Al\u00e9m disso, aproveite para explorar diferentes abordagens (como a medita\u00e7\u00e3o guiada, a medita\u00e7\u00e3o focada ou a medita\u00e7\u00e3o com mantras) para descobrir aquela que mais combina com seu estilo.<\/li>\n<\/ul>\n\n\n\n<ul class=\"wp-block-list\">\n<li><strong>Pratique a escuta ativa: <\/strong>reserve momentos ao longo do dia para <a href=\"https:\/\/www.univates.br\/blog\/\/escuta-ativa\/\">praticar a escuta ativa<\/a>. N\u00e3o se esque\u00e7a de se concentrar completamente na pessoa com quem voc\u00ea est\u00e1 falando, evitando distra\u00e7\u00f5es e julgamentos.\u00a0<\/li>\n<\/ul>\n\n\n\n<ul class=\"wp-block-list\">\n<li><strong>Fa\u00e7a pausas conscientes: <\/strong>ao fechar os olhos por alguns minutos, respirar profundamente ou fazer exerc\u00edcios de relaxamento, por exemplo, voc\u00ea permite que sua mente desacelere e se reconecte com o momento presente. Essas pequenas pausas contribuem para aliviar as tens\u00f5es do dia a dia e estimular a criatividade e a clareza de pensamentos.<\/li>\n<\/ul>\n\n\n\n<ul class=\"wp-block-list\">\n<li><strong>Reconhe\u00e7a e aprecie suas conquistas: <\/strong>expressar gratid\u00e3o por suas realiza\u00e7\u00f5es, sejam elas pessoais ou profissionais, pode fortalecer sua conex\u00e3o com o momento presente. Assim sendo, aprenda a reconhecer e celebrar cada uma de suas conquistas.<\/li>\n<\/ul>\n\n\n\n<ul class=\"wp-block-list\">\n<li><strong>Cultive a aten\u00e7\u00e3o plena nas atividades di\u00e1rias: <\/strong>ao realizar tarefas cotidianas, como estudar ou trabalhar, concentre-se completamente no que est\u00e1 fazendo. Evite se distrair, por exemplo, com as notifica\u00e7\u00f5es do celular, preocupa\u00e7\u00f5es futuras ou pensamentos dispersos, permitindo-se vivenciar plenamente cada momento.<\/li>\n<\/ul>\n\n\n\n<h2 class=\"wp-block-heading\"><strong>Pessoas focadas v\u00e3o mais longe!<\/strong><\/h2>\n\n\n\n<div class=\"wp-block-media-text is-stacked-on-mobile\" style=\"grid-template-columns:40% auto\"><figure class=\"wp-block-media-text__media\"><img loading=\"lazy\" decoding=\"async\" width=\"8424\" height=\"5616\" src=\"https:\/\/www.univates.br\/blog\/\/wp-content\/uploads\/2024\/01\/Imagens-posts-blog-63.jpg\" alt=\"\" class=\"wp-image-5285 size-full\"\/><\/figure><div class=\"wp-block-media-text__content\">\n<p>O foco \u00e9 uma habilidade essencial, principalmente para os estudantes. No momento de prestar o <a href=\"https:\/\/www.univates.br\/blog\/\/como-fazer-uma-redacao-para-vestibular\/\">vestibular<\/a> para o <a href=\"https:\/\/www.univates.br\/graduacao\/\">curso dos sonhos<\/a> ou realizar aquela prova para a qual voc\u00ea estudou a semana inteira, a capacidade de manter a aten\u00e7\u00e3o plena se torna uma aliada e tanto.<\/p>\n<\/div><\/div>\n\n\n\n<p>Quer descobrir como otimizar sua rotina de estudos e aumentar sua concentra\u00e7\u00e3o? Ent\u00e3o clique nos <em>links <\/em>abaixo e confira os conte\u00fados especiais que preparamos sobre o assunto.<\/p>\n\n\n\n<p><a href=\"https:\/\/www.univates.br\/blog\/\/dicas-de-estudo-saiba-como-estudar-melhor\/\">Dicas de estudo &#8211; saiba como estudar melhor&nbsp;<\/a><\/p>\n\n\n\n<p><a href=\"https:\/\/www.univates.br\/blog\/\/como-aumentar-a-produtividade-nos-estudos\/\">Como aumentar a produtividade nos estudos&nbsp;<\/a><\/p>\n\n\n\n<p><a href=\"https:\/\/www.univates.br\/blog\/\/aplicativo-para-ajudar-nos-estudos\/\">7 aplicativos para ajudar nos estudos e otimizar a rotina&nbsp;<\/a><\/p>\n\n\n\n<p><a href=\"https:\/\/www.univates.br\/blog\/\/cinco-dicas-para-organizar-seus-estudos-em-casa\/\">Cinco dicas para organizar seus estudos em casa&nbsp;<\/a><\/p>\n\n\n\n<p><a href=\"https:\/\/www.univates.br\/blog\/\/como-preparar-seu-ambiente-para-estudar-em-casa\/\">Saiba como preparar seu ambiente para estudar em casa e melhorar seu desempenho&nbsp;<\/a><\/p>\n\n\n\n<p><a href=\"https:\/\/www.univates.br\/blog\/\/sites-para-estudar\/\">Conhe\u00e7a 05 <em>sites<\/em> confi\u00e1veis para estudar&nbsp;<\/a><\/p>\n\n\n\n<p><a href=\"https:\/\/www.univates.br\/blog\/\/metodos-de-estudo-incriveis\/\">Conhe\u00e7a cinco m\u00e9todos de estudo incr\u00edveis!&nbsp;<\/a><\/p>\n\n\n\n<p><a href=\"https:\/\/www.univates.br\/blog\/\/metodos-de-aprendizagem-rapida-para-absorver-mais-conteudo\/\">Veja 4 m\u00e9todos de aprendizagem r\u00e1pida para absorver mais conhecimento\u00a0<\/a><\/p>\n\n\n\n<p><a href=\"https:\/\/www.univates.br\/blog\/\/dicas-para-melhorar-a-memoria\/\">Quatro dicas para melhorar a mem\u00f3ria<\/a><\/p>\n\n\n\n<p>Vimos que o <em>mindfulness<\/em> oferece in\u00fameros benef\u00edcios na busca do equil\u00edbrio e da consci\u00eancia plena. Ao incorporar pr\u00e1ticas simples ao seu dia a dia, \u00e9 poss\u00edvel desenvolver uma mentalidade focada no presente. Permita-se meditar regularmente, fazer pausas conscientes e apreciar suas conquistas. No final das contas, s\u00e3o essas a\u00e7\u00f5es que transformar\u00e3o sua jornada e moldar\u00e3o seu futuro! \ud83d\udc4f\ud83d\ude80<\/p>\n","protected":false},"excerpt":{"rendered":"<p>Mindfulness: o que \u00e9 e como aplicar no seu dia a dia? Respire, inspire e n\u00e3o pire: dando uma espiada no post de hoje, voc\u00ea vai descobrir como incorporar esta pr\u00e1tica de aten\u00e7\u00e3o plena a sua rotina e desenvolver uma\u2026<\/p>\n","protected":false},"author":2,"featured_media":0,"comment_status":"open","ping_status":"open","sticky":false,"template":"","format":"standard","meta":{"_acf_changed":false,"footnotes":""},"categories":[33,23],"class_list":["post-5282","post","type-post","status-publish","format-standard","hentry","category-carreira","category-estudos","autor-lais-pontin-matos"],"acf":[],"yoast_head":"<!-- This site is optimized with the Yoast SEO plugin v27.3 - https:\/\/yoast.com\/product\/yoast-seo-wordpress\/ -->\n<title>Mindfulness: o que \u00e9 e como aplicar no seu dia a dia? - Univates Blog<\/title>\n<meta name=\"description\" content=\"Mindfulness: o que \u00e9 e como aplicar? Descubra como incorporar esta pr\u00e1tica de aten\u00e7\u00e3o a sua rotina e desenvolver uma mentalidade equilibrada.\" \/>\n<meta name=\"robots\" content=\"index, follow, max-snippet:-1, max-image-preview:large, max-video-preview:-1\" \/>\n<link rel=\"canonical\" href=\"https:\/\/www.univates.br\/blog\/mindfulness-o-que-e-e-como-aplicar\/\" \/>\n<meta property=\"og:locale\" content=\"pt_BR\" \/>\n<meta property=\"og:type\" content=\"article\" \/>\n<meta property=\"og:title\" content=\"Mindfulness: o que \u00e9 e como aplicar no seu dia a dia? - Univates Blog\" \/>\n<meta property=\"og:description\" content=\"Mindfulness: o que \u00e9 e como aplicar? Descubra como incorporar esta pr\u00e1tica de aten\u00e7\u00e3o a sua rotina e desenvolver uma mentalidade equilibrada.\" \/>\n<meta property=\"og:url\" content=\"https:\/\/www.univates.br\/blog\/mindfulness-o-que-e-e-como-aplicar\/\" \/>\n<meta property=\"og:site_name\" content=\"Univates Blog\" \/>\n<meta property=\"article:published_time\" content=\"2024-01-17T20:08:50+00:00\" \/>\n<meta property=\"article:modified_time\" content=\"2024-01-18T16:47:39+00:00\" \/>\n<meta property=\"og:image\" content=\"https:\/\/www.univates.br\/blog\/\/wp-content\/uploads\/2024\/01\/Imagens-posts-blog-61.jpg\" \/>\n<meta name=\"author\" content=\"Marketing Univates\" \/>\n<meta name=\"twitter:card\" content=\"summary_large_image\" \/>\n<meta name=\"twitter:label1\" content=\"Escrito por\" \/>\n\t<meta name=\"twitter:data1\" content=\"Marketing Univates\" \/>\n\t<meta name=\"twitter:label2\" content=\"Est. tempo de leitura\" \/>\n\t<meta name=\"twitter:data2\" content=\"5 minutos\" \/>\n<script type=\"application\/ld+json\" class=\"yoast-schema-graph\">{\"@context\":\"https:\\\/\\\/schema.org\",\"@graph\":[{\"@type\":\"Article\",\"@id\":\"https:\\\/\\\/www.univates.br\\\/blog\\\/mindfulness-o-que-e-e-como-aplicar\\\/#article\",\"isPartOf\":{\"@id\":\"https:\\\/\\\/www.univates.br\\\/blog\\\/mindfulness-o-que-e-e-como-aplicar\\\/\"},\"author\":{\"name\":\"Marketing Univates\",\"@id\":\"https:\\\/\\\/www.univates.br\\\/blog\\\/#\\\/schema\\\/person\\\/15c63917440cc5e70160c247b309af2f\"},\"headline\":\"Mindfulness: o que \u00e9 e como aplicar no seu dia a dia?\",\"datePublished\":\"2024-01-17T20:08:50+00:00\",\"dateModified\":\"2024-01-18T16:47:39+00:00\",\"mainEntityOfPage\":{\"@id\":\"https:\\\/\\\/www.univates.br\\\/blog\\\/mindfulness-o-que-e-e-como-aplicar\\\/\"},\"wordCount\":774,\"commentCount\":0,\"image\":{\"@id\":\"https:\\\/\\\/www.univates.br\\\/blog\\\/mindfulness-o-que-e-e-como-aplicar\\\/#primaryimage\"},\"thumbnailUrl\":\"https:\\\/\\\/www.univates.br\\\/blog\\\/\\\/wp-content\\\/uploads\\\/2024\\\/01\\\/Imagens-posts-blog-61.jpg\",\"articleSection\":[\"Carreira\",\"Estudos\"],\"inLanguage\":\"pt-BR\",\"potentialAction\":[{\"@type\":\"CommentAction\",\"name\":\"Comment\",\"target\":[\"https:\\\/\\\/www.univates.br\\\/blog\\\/mindfulness-o-que-e-e-como-aplicar\\\/#respond\"]}]},{\"@type\":\"WebPage\",\"@id\":\"https:\\\/\\\/www.univates.br\\\/blog\\\/mindfulness-o-que-e-e-como-aplicar\\\/\",\"url\":\"https:\\\/\\\/www.univates.br\\\/blog\\\/mindfulness-o-que-e-e-como-aplicar\\\/\",\"name\":\"Mindfulness: o que \u00e9 e como aplicar no seu dia a dia? - Univates Blog\",\"isPartOf\":{\"@id\":\"https:\\\/\\\/www.univates.br\\\/blog\\\/#website\"},\"primaryImageOfPage\":{\"@id\":\"https:\\\/\\\/www.univates.br\\\/blog\\\/mindfulness-o-que-e-e-como-aplicar\\\/#primaryimage\"},\"image\":{\"@id\":\"https:\\\/\\\/www.univates.br\\\/blog\\\/mindfulness-o-que-e-e-como-aplicar\\\/#primaryimage\"},\"thumbnailUrl\":\"https:\\\/\\\/www.univates.br\\\/blog\\\/\\\/wp-content\\\/uploads\\\/2024\\\/01\\\/Imagens-posts-blog-61.jpg\",\"datePublished\":\"2024-01-17T20:08:50+00:00\",\"dateModified\":\"2024-01-18T16:47:39+00:00\",\"author\":{\"@id\":\"https:\\\/\\\/www.univates.br\\\/blog\\\/#\\\/schema\\\/person\\\/15c63917440cc5e70160c247b309af2f\"},\"description\":\"Mindfulness: o que \u00e9 e como aplicar? Descubra como incorporar esta pr\u00e1tica de aten\u00e7\u00e3o a sua rotina e desenvolver uma mentalidade equilibrada.\",\"breadcrumb\":{\"@id\":\"https:\\\/\\\/www.univates.br\\\/blog\\\/mindfulness-o-que-e-e-como-aplicar\\\/#breadcrumb\"},\"inLanguage\":\"pt-BR\",\"potentialAction\":[{\"@type\":\"ReadAction\",\"target\":[\"https:\\\/\\\/www.univates.br\\\/blog\\\/mindfulness-o-que-e-e-como-aplicar\\\/\"]}]},{\"@type\":\"ImageObject\",\"inLanguage\":\"pt-BR\",\"@id\":\"https:\\\/\\\/www.univates.br\\\/blog\\\/mindfulness-o-que-e-e-como-aplicar\\\/#primaryimage\",\"url\":\"https:\\\/\\\/www.univates.br\\\/blog\\\/\\\/wp-content\\\/uploads\\\/2024\\\/01\\\/Imagens-posts-blog-61.jpg\",\"contentUrl\":\"https:\\\/\\\/www.univates.br\\\/blog\\\/\\\/wp-content\\\/uploads\\\/2024\\\/01\\\/Imagens-posts-blog-61.jpg\"},{\"@type\":\"BreadcrumbList\",\"@id\":\"https:\\\/\\\/www.univates.br\\\/blog\\\/mindfulness-o-que-e-e-como-aplicar\\\/#breadcrumb\",\"itemListElement\":[{\"@type\":\"ListItem\",\"position\":1,\"name\":\"Home\",\"item\":\"https:\\\/\\\/www.univates.br\\\/blog\\\/\"},{\"@type\":\"ListItem\",\"position\":2,\"name\":\"Mindfulness: o que \u00e9 e como aplicar no seu dia a dia?\"}]},{\"@type\":\"WebSite\",\"@id\":\"https:\\\/\\\/www.univates.br\\\/blog\\\/#website\",\"url\":\"https:\\\/\\\/www.univates.br\\\/blog\\\/\",\"name\":\"Univates Blog\",\"description\":\"\",\"potentialAction\":[{\"@type\":\"SearchAction\",\"target\":{\"@type\":\"EntryPoint\",\"urlTemplate\":\"https:\\\/\\\/www.univates.br\\\/blog\\\/?s={search_term_string}\"},\"query-input\":{\"@type\":\"PropertyValueSpecification\",\"valueRequired\":true,\"valueName\":\"search_term_string\"}}],\"inLanguage\":\"pt-BR\"},{\"@type\":\"Person\",\"@id\":\"https:\\\/\\\/www.univates.br\\\/blog\\\/#\\\/schema\\\/person\\\/15c63917440cc5e70160c247b309af2f\",\"name\":\"Marketing Univates\",\"image\":{\"@type\":\"ImageObject\",\"inLanguage\":\"pt-BR\",\"@id\":\"https:\\\/\\\/secure.gravatar.com\\\/avatar\\\/511f9e77a6a3d0cddd9074f69a722364bc7f787e73d4a0da1f727ba62704eda4?s=96&d=mm&r=g\",\"url\":\"https:\\\/\\\/secure.gravatar.com\\\/avatar\\\/511f9e77a6a3d0cddd9074f69a722364bc7f787e73d4a0da1f727ba62704eda4?s=96&d=mm&r=g\",\"contentUrl\":\"https:\\\/\\\/secure.gravatar.com\\\/avatar\\\/511f9e77a6a3d0cddd9074f69a722364bc7f787e73d4a0da1f727ba62704eda4?s=96&d=mm&r=g\",\"caption\":\"Marketing Univates\"},\"sameAs\":[\"http:\\\/\\\/univates.br\"],\"url\":\"https:\\\/\\\/www.univates.br\\\/blog\\\/author\\\/marketing\\\/\"}]}<\/script>\n<!-- \/ Yoast SEO plugin. -->","yoast_head_json":{"title":"Mindfulness: o que \u00e9 e como aplicar no seu dia a dia? - Univates Blog","description":"Mindfulness: o que \u00e9 e como aplicar? Descubra como incorporar esta pr\u00e1tica de aten\u00e7\u00e3o a sua rotina e desenvolver uma mentalidade equilibrada.","robots":{"index":"index","follow":"follow","max-snippet":"max-snippet:-1","max-image-preview":"max-image-preview:large","max-video-preview":"max-video-preview:-1"},"canonical":"https:\/\/www.univates.br\/blog\/mindfulness-o-que-e-e-como-aplicar\/","og_locale":"pt_BR","og_type":"article","og_title":"Mindfulness: o que \u00e9 e como aplicar no seu dia a dia? - Univates Blog","og_description":"Mindfulness: o que \u00e9 e como aplicar? Descubra como incorporar esta pr\u00e1tica de aten\u00e7\u00e3o a sua rotina e desenvolver uma mentalidade equilibrada.","og_url":"https:\/\/www.univates.br\/blog\/mindfulness-o-que-e-e-como-aplicar\/","og_site_name":"Univates Blog","article_published_time":"2024-01-17T20:08:50+00:00","article_modified_time":"2024-01-18T16:47:39+00:00","og_image":[{"url":"https:\/\/www.univates.br\/blog\/\/wp-content\/uploads\/2024\/01\/Imagens-posts-blog-61.jpg","type":"","width":"","height":""}],"author":"Marketing Univates","twitter_card":"summary_large_image","twitter_misc":{"Escrito por":"Marketing Univates","Est. tempo de leitura":"5 minutos"},"schema":{"@context":"https:\/\/schema.org","@graph":[{"@type":"Article","@id":"https:\/\/www.univates.br\/blog\/mindfulness-o-que-e-e-como-aplicar\/#article","isPartOf":{"@id":"https:\/\/www.univates.br\/blog\/mindfulness-o-que-e-e-como-aplicar\/"},"author":{"name":"Marketing Univates","@id":"https:\/\/www.univates.br\/blog\/#\/schema\/person\/15c63917440cc5e70160c247b309af2f"},"headline":"Mindfulness: o que \u00e9 e como aplicar no seu dia a dia?","datePublished":"2024-01-17T20:08:50+00:00","dateModified":"2024-01-18T16:47:39+00:00","mainEntityOfPage":{"@id":"https:\/\/www.univates.br\/blog\/mindfulness-o-que-e-e-como-aplicar\/"},"wordCount":774,"commentCount":0,"image":{"@id":"https:\/\/www.univates.br\/blog\/mindfulness-o-que-e-e-como-aplicar\/#primaryimage"},"thumbnailUrl":"https:\/\/www.univates.br\/blog\/\/wp-content\/uploads\/2024\/01\/Imagens-posts-blog-61.jpg","articleSection":["Carreira","Estudos"],"inLanguage":"pt-BR","potentialAction":[{"@type":"CommentAction","name":"Comment","target":["https:\/\/www.univates.br\/blog\/mindfulness-o-que-e-e-como-aplicar\/#respond"]}]},{"@type":"WebPage","@id":"https:\/\/www.univates.br\/blog\/mindfulness-o-que-e-e-como-aplicar\/","url":"https:\/\/www.univates.br\/blog\/mindfulness-o-que-e-e-como-aplicar\/","name":"Mindfulness: o que \u00e9 e como aplicar no seu dia a dia? - Univates Blog","isPartOf":{"@id":"https:\/\/www.univates.br\/blog\/#website"},"primaryImageOfPage":{"@id":"https:\/\/www.univates.br\/blog\/mindfulness-o-que-e-e-como-aplicar\/#primaryimage"},"image":{"@id":"https:\/\/www.univates.br\/blog\/mindfulness-o-que-e-e-como-aplicar\/#primaryimage"},"thumbnailUrl":"https:\/\/www.univates.br\/blog\/\/wp-content\/uploads\/2024\/01\/Imagens-posts-blog-61.jpg","datePublished":"2024-01-17T20:08:50+00:00","dateModified":"2024-01-18T16:47:39+00:00","author":{"@id":"https:\/\/www.univates.br\/blog\/#\/schema\/person\/15c63917440cc5e70160c247b309af2f"},"description":"Mindfulness: o que \u00e9 e como aplicar? Descubra como incorporar esta pr\u00e1tica de aten\u00e7\u00e3o a sua rotina e desenvolver uma mentalidade equilibrada.","breadcrumb":{"@id":"https:\/\/www.univates.br\/blog\/mindfulness-o-que-e-e-como-aplicar\/#breadcrumb"},"inLanguage":"pt-BR","potentialAction":[{"@type":"ReadAction","target":["https:\/\/www.univates.br\/blog\/mindfulness-o-que-e-e-como-aplicar\/"]}]},{"@type":"ImageObject","inLanguage":"pt-BR","@id":"https:\/\/www.univates.br\/blog\/mindfulness-o-que-e-e-como-aplicar\/#primaryimage","url":"https:\/\/www.univates.br\/blog\/\/wp-content\/uploads\/2024\/01\/Imagens-posts-blog-61.jpg","contentUrl":"https:\/\/www.univates.br\/blog\/\/wp-content\/uploads\/2024\/01\/Imagens-posts-blog-61.jpg"},{"@type":"BreadcrumbList","@id":"https:\/\/www.univates.br\/blog\/mindfulness-o-que-e-e-como-aplicar\/#breadcrumb","itemListElement":[{"@type":"ListItem","position":1,"name":"Home","item":"https:\/\/www.univates.br\/blog\/"},{"@type":"ListItem","position":2,"name":"Mindfulness: o que \u00e9 e como aplicar no seu dia a dia?"}]},{"@type":"WebSite","@id":"https:\/\/www.univates.br\/blog\/#website","url":"https:\/\/www.univates.br\/blog\/","name":"Univates Blog","description":"","potentialAction":[{"@type":"SearchAction","target":{"@type":"EntryPoint","urlTemplate":"https:\/\/www.univates.br\/blog\/?s={search_term_string}"},"query-input":{"@type":"PropertyValueSpecification","valueRequired":true,"valueName":"search_term_string"}}],"inLanguage":"pt-BR"},{"@type":"Person","@id":"https:\/\/www.univates.br\/blog\/#\/schema\/person\/15c63917440cc5e70160c247b309af2f","name":"Marketing Univates","image":{"@type":"ImageObject","inLanguage":"pt-BR","@id":"https:\/\/secure.gravatar.com\/avatar\/511f9e77a6a3d0cddd9074f69a722364bc7f787e73d4a0da1f727ba62704eda4?s=96&d=mm&r=g","url":"https:\/\/secure.gravatar.com\/avatar\/511f9e77a6a3d0cddd9074f69a722364bc7f787e73d4a0da1f727ba62704eda4?s=96&d=mm&r=g","contentUrl":"https:\/\/secure.gravatar.com\/avatar\/511f9e77a6a3d0cddd9074f69a722364bc7f787e73d4a0da1f727ba62704eda4?s=96&d=mm&r=g","caption":"Marketing Univates"},"sameAs":["http:\/\/univates.br"],"url":"https:\/\/www.univates.br\/blog\/author\/marketing\/"}]}},"_links":{"self":[{"href":"https:\/\/www.univates.br\/blog\/wp-json\/wp\/v2\/posts\/5282","targetHints":{"allow":["GET"]}}],"collection":[{"href":"https:\/\/www.univates.br\/blog\/wp-json\/wp\/v2\/posts"}],"about":[{"href":"https:\/\/www.univates.br\/blog\/wp-json\/wp\/v2\/types\/post"}],"author":[{"embeddable":true,"href":"https:\/\/www.univates.br\/blog\/wp-json\/wp\/v2\/users\/2"}],"replies":[{"embeddable":true,"href":"https:\/\/www.univates.br\/blog\/wp-json\/wp\/v2\/comments?post=5282"}],"version-history":[{"count":2,"href":"https:\/\/www.univates.br\/blog\/wp-json\/wp\/v2\/posts\/5282\/revisions"}],"predecessor-version":[{"id":5287,"href":"https:\/\/www.univates.br\/blog\/wp-json\/wp\/v2\/posts\/5282\/revisions\/5287"}],"wp:attachment":[{"href":"https:\/\/www.univates.br\/blog\/wp-json\/wp\/v2\/media?parent=5282"}],"wp:term":[{"taxonomy":"category","embeddable":true,"href":"https:\/\/www.univates.br\/blog\/wp-json\/wp\/v2\/categories?post=5282"}],"curies":[{"name":"wp","href":"https:\/\/api.w.org\/{rel}","templated":true}]}}