{"id":5299,"date":"2024-01-23T08:44:32","date_gmt":"2024-01-23T11:44:32","guid":{"rendered":"https:\/\/www.univates.br\/blog\/\/?p=5299"},"modified":"2024-01-23T08:44:32","modified_gmt":"2024-01-23T11:44:32","slug":"sera-que-voce-leva-jeito-para-empreender","status":"publish","type":"post","link":"https:\/\/www.univates.br\/blog\/sera-que-voce-leva-jeito-para-empreender\/","title":{"rendered":"Ser\u00e1 que voc\u00ea leva jeito para empreender? Descubra aqui!"},"content":{"rendered":"\n<p>Ser\u00e1 que voc\u00ea leva jeito para empreender? Descubra aqui! O <em>post<\/em> de hoje foi especialmente preparado para todos aqueles que sonham em abrir o pr\u00f3prio neg\u00f3cio, mas que talvez estejam se perguntando se t\u00eam perfil empreendedor. Chega de d\u00favidas: leia nosso conte\u00fado para entender de uma vez por todas se a <a href=\"https:\/\/www.univates.br\/blog\/\/dicas-de-filmes-e-series-para-quem-curte-as-areas-de-gestao-empreendedorismo-e-financas\/\">\u00e1rea do empreendedorismo<\/a> \u00e9 mesmo para voc\u00ea! \ud83d\udcbc\ud83d\udcc8<\/p>\n\n\n\n<figure class=\"wp-block-image size-full\"><img loading=\"lazy\" decoding=\"async\" width=\"5184\" height=\"3456\" src=\"https:\/\/www.univates.br\/blog\/\/wp-content\/uploads\/2024\/01\/Imagens-posts-blog-65.jpg\" alt=\"\" class=\"wp-image-5301\"\/><\/figure>\n\n\n\n<h2 class=\"wp-block-heading\"><strong>O conceito de empreendedorismo e suas v\u00e1rias caracter\u00edsticas<\/strong><\/h2>\n\n\n\n<p>Antes de revelarmos os sinais que indicam que voc\u00ea leva jeito para empreender, vamos falar um pouco mais sobre o conceito de empreendedorismo e suas caracter\u00edsticas. Ali\u00e1s, engana-se quem acredita que o empreendedorismo se limita apenas \u00e0 cria\u00e7\u00e3o de um neg\u00f3cio. Na verdade, ele representa uma abordagem abrangente e inovadora para a resolu\u00e7\u00e3o de problemas e a busca de oportunidades no cen\u00e1rio empresarial.\u00a0<\/p>\n\n\n\n<p>Veja s\u00f3 tudo o que o empreendedorismo envolve:<\/p>\n\n\n\n<ul class=\"wp-block-list\">\n<li>uma abordagem proativa na busca de solu\u00e7\u00f5es;<\/li>\n<\/ul>\n\n\n\n<ul class=\"wp-block-list\">\n<li>a disposi\u00e7\u00e3o para assumir riscos calculados;<\/li>\n<\/ul>\n\n\n\n<ul class=\"wp-block-list\">\n<li>a habilidade de aprender com experi\u00eancias, sejam elas de sucesso ou fracasso;<\/li>\n<\/ul>\n\n\n\n<ul class=\"wp-block-list\">\n<li>a paix\u00e3o e motiva\u00e7\u00e3o por perseguir metas em longo prazo;\u00a0<\/li>\n<\/ul>\n\n\n\n<ul class=\"wp-block-list\">\n<li>uma vis\u00e3o clara do mercado e das oportunidades existentes.<\/li>\n<\/ul>\n\n\n\n<div class=\"wp-block-media-text is-stacked-on-mobile\"><figure class=\"wp-block-media-text__media\"><img loading=\"lazy\" decoding=\"async\" width=\"5184\" height=\"3456\" src=\"https:\/\/www.univates.br\/blog\/\/wp-content\/uploads\/2024\/01\/Imagens-posts-blog-67-1.jpg\" alt=\"\" class=\"wp-image-5304 size-full\"\/><\/figure><div class=\"wp-block-media-text__content\">\n<p>Empreender \u00e9, portanto, uma tarefa din\u00e2mica e desafiadora que requer n\u00e3o apenas habilidades pr\u00e1ticas, mas tamb\u00e9m uma mentalidade resiliente e criativa. Vamos descobrir se voc\u00ea tem o que \u00e9 preciso para ser um empreendedor de sucesso?<\/p>\n<\/div><\/div>\n\n\n\n<h2 class=\"wp-block-heading\"><strong>Sinais que indicam que voc\u00ea leva jeito para empreender<\/strong><\/h2>\n\n\n\n<ul class=\"wp-block-list\">\n<li><strong>Voc\u00ea \u00e9 apaixonado por desafios e n\u00e3o foge deles:<\/strong> se voc\u00ea curte resolver problemas complexos e encara essas situa\u00e7\u00f5es como oportunidades de crescimento, \u00e9 poss\u00edvel que tenha a mentalidade empreendedora necess\u00e1ria para transformar desafios em conquistas. Al\u00e9m disso, a disposi\u00e7\u00e3o para enfrentar obst\u00e1culos tamb\u00e9m pode indicar uma habilidade natural de lidar com a incerteza e a ambiguidade, muito presentes no universo dos neg\u00f3cios.<\/li>\n<\/ul>\n\n\n\n<ul class=\"wp-block-list\">\n<li><strong>Voc\u00ea n\u00e3o tem medo de mudan\u00e7as e consegue se adaptar superbem a elas: <\/strong>a habilidade de abra\u00e7ar mudan\u00e7as e aprender com elas \u00e9 muito apreciada no universo dos neg\u00f3cios, j\u00e1 que o mercado empresarial est\u00e1 sempre se reinventando. Assim, se voc\u00ea tem a capacidade de se manter \u00e1gil diante das transforma\u00e7\u00f5es e extrair aprendizados valiosos de cada experi\u00eancia, pode ser que esteja naturalmente inclinado a empreender e se destacar nesse cen\u00e1rio din\u00e2mico.<\/li>\n<\/ul>\n\n\n\n<ul class=\"wp-block-list\">\n<li><strong>Voc\u00ea gosta de assumir riscos (calculados, \u00e9 claro): <\/strong>a disposi\u00e7\u00e3o para sair da zona de conforto, tomar decis\u00f5es ousadas e enfrentar incertezas pode indicar que voc\u00ea tem talento para empreender. N\u00e3o \u00e9 todo mundo que possui a habilidade de arriscar de maneira calculada e estrat\u00e9gica, visto que isso requer uma combina\u00e7\u00e3o \u00fanica de coragem, an\u00e1lise cr\u00edtica e vis\u00e3o de oportunidades.<\/li>\n<\/ul>\n\n\n\n<ul class=\"wp-block-list\">\n<li><strong>Voc\u00ea \u00e9 resiliente e persistente: <\/strong>a capacidade de lidar com falhas, rejei\u00e7\u00f5es e contratempos \u00e9 fundamental para empreendedores. Assim, se voc\u00ea demonstra resili\u00eancia, aprendendo com os fracassos e persistindo diante das dificuldades, pode ser um sinal claro de que possui algumas das caracter\u00edsticas necess\u00e1rias para enfrentar os altos e baixos do mundo dos neg\u00f3cios.<\/li>\n<\/ul>\n\n\n\n<ul class=\"wp-block-list\">\n<li><strong>Voc\u00ea gosta de estudar e est\u00e1 sempre disposto a buscar conhecimento: <\/strong>h\u00e1 quem diga que para empreender basta somente ter um sonho e muita coragem e determina\u00e7\u00e3o, mas isso n\u00e3o \u00e9 verdade! No universo empreendedor, a busca constante por informa\u00e7\u00f5es e aprimoramento \u00e9 um diferencial crucial. Para fazer parte dele, voc\u00ea precisa estudar e se manter atualizado sobre as tend\u00eancias e estrat\u00e9gias de mercado, por exemplo.<\/li>\n<\/ul>\n\n\n\n<h2 class=\"wp-block-heading\"><strong>Que tal fazer uma gradua\u00e7\u00e3o para adquirir ou aprimorar seus conhecimentos na \u00e1rea do empreendedorismo?<\/strong><\/h2>\n\n\n\n<p>Optar por fazer uma gradua\u00e7\u00e3o na \u00e1rea de empreendedorismo pode proporcionar a voc\u00ea uma base s\u00f3lida de conhecimentos te\u00f3ricos e pr\u00e1ticos. Ali\u00e1s, al\u00e9m da tradicional faculdade de <a href=\"https:\/\/www.univates.br\/graduacao\/administracao-de-empresas\">Administra\u00e7\u00e3o de Empresas<\/a>, existem diversas outras op\u00e7\u00f5es de cursos que contribuem para o desenvolvimento de habilidades empreendedoras.<\/p>\n\n\n\n<div class=\"wp-block-media-text is-stacked-on-mobile\"><figure class=\"wp-block-media-text__media\"><img loading=\"lazy\" decoding=\"async\" width=\"5184\" height=\"3456\" src=\"https:\/\/www.univates.br\/blog\/\/wp-content\/uploads\/2024\/01\/Imagens-posts-blog-66.jpg\" alt=\"\" class=\"wp-image-5302 size-full\"\/><\/figure><div class=\"wp-block-media-text__content\">\n<p>Os cursos de <a href=\"https:\/\/www.univates.br\/graduacao\/ead-gestao-comercial\">Gest\u00e3o Comercial<\/a>, <a href=\"https:\/\/www.univates.br\/graduacao\/ead-gestao-de-cooperativas\">Gest\u00e3o de Cooperativas<\/a>, <a href=\"https:\/\/www.univates.br\/graduacao\/tecnologia-de-gestao-de-micro-e-pequenas-empresas\">Gest\u00e3o de Micro e Pequenas Empresas<\/a>, <a href=\"https:\/\/www.univates.br\/graduacao\/ead-logistica\">Log\u00edstica<\/a> e <a href=\"https:\/\/www.univates.br\/graduacao\/processos-gerenciais-ead\">Processos Gerenciais<\/a>, por exemplo, oferecem uma abordagem pr\u00e1tica e voltada para o desenvolvimento de compet\u00eancias essenciais para empreendedores. Por isso, ao realizar qualquer um deles, voc\u00ea ser\u00e1 capacitado para enfrentar os desafios do mundo dos neg\u00f3cios de maneira estrat\u00e9gica e eficaz. Legal, n\u00e3o \u00e9?\u00a0<\/p>\n<\/div><\/div>\n\n\n\n<p><a href=\"https:\/\/www.univates.br\/blog\/\/onde-posso-trabalhar-depois-de-formado-no-curso-de-gestao-de-cooperativas\/\">Onde posso trabalhar depois de formado no curso de Gest\u00e3o de Cooperativas?&nbsp;<\/a><\/p>\n\n\n\n<p><a href=\"https:\/\/www.univates.br\/blog\/\/onde-posso-trabalhar-depois-de-formado-no-curso-de-gestao-de-micro-e-pequenas-empresas\/\">Descubra onde trabalhar depois de formado no curso de Gest\u00e3o de Micro e Pequenas Empresas?\u00a0<\/a><\/p>\n\n\n\n<p><a href=\"https:\/\/www.univates.br\/blog\/\/onde-posso-trabalhar-depois-de-formado-no-curso-de-processos-gerenciais\/\">Onde posso trabalhar depois de formado no curso de Processos Gerenciais?<\/a><\/p>\n\n\n\n<p>Esperamos que nosso conte\u00fado tenha ajudado voc\u00ea a descobrir se leva jeito para empreender. Apesar de ser repleto de desafios, o caminho do empreendedorismo oferece in\u00fameras oportunidades de crescimento e realiza\u00e7\u00e3o pessoal. Se voc\u00ea acredita que tem o que \u00e9 necess\u00e1rio para percorr\u00ea-lo com determina\u00e7\u00e3o, paix\u00e3o, dedica\u00e7\u00e3o e sabedoria, siga em frente sem olhar para tr\u00e1s! \ud83d\udee3\ufe0f\ud83d\udc4f<\/p>\n","protected":false},"excerpt":{"rendered":"<p>Ser\u00e1 que voc\u00ea leva jeito para empreender? Descubra aqui! O post de hoje foi especialmente preparado para todos aqueles que sonham em abrir o pr\u00f3prio neg\u00f3cio, mas que talvez estejam se perguntando se t\u00eam perfil empreendedor. Chega de d\u00favidas: leia\u2026<\/p>\n","protected":false},"author":2,"featured_media":0,"comment_status":"open","ping_status":"open","sticky":false,"template":"","format":"standard","meta":{"_acf_changed":false,"footnotes":""},"categories":[7],"class_list":["post-5299","post","type-post","status-publish","format-standard","hentry","category-univates","autor-lais-pontin-matos","curso-administracao","curso-gestao-comercial","curso-gestao-de-cooperativas","curso-gestao-de-recursos-humanos","curso-gestao-financeira","curso-logistica","area-gestao"],"acf":[],"yoast_head":"<!-- This site is optimized with the Yoast SEO plugin v27.3 - https:\/\/yoast.com\/product\/yoast-seo-wordpress\/ -->\n<title>Ser\u00e1 que voc\u00ea leva jeito para empreender? Descubra aqui! - Univates Blog<\/title>\n<meta name=\"description\" content=\"Ser\u00e1 que voc\u00ea leva jeito para empreender? Preparamos um conte\u00fado que vai ajud\u00e1-lo a entender se o empreendedorismo \u00e9 a sua praia.\" \/>\n<meta name=\"robots\" content=\"index, follow, max-snippet:-1, max-image-preview:large, max-video-preview:-1\" \/>\n<link rel=\"canonical\" href=\"https:\/\/www.univates.br\/blog\/sera-que-voce-leva-jeito-para-empreender\/\" \/>\n<meta property=\"og:locale\" content=\"pt_BR\" \/>\n<meta property=\"og:type\" content=\"article\" \/>\n<meta property=\"og:title\" content=\"Ser\u00e1 que voc\u00ea leva jeito para empreender? Descubra aqui! - Univates Blog\" \/>\n<meta property=\"og:description\" content=\"Ser\u00e1 que voc\u00ea leva jeito para empreender? Preparamos um conte\u00fado que vai ajud\u00e1-lo a entender se o empreendedorismo \u00e9 a sua praia.\" \/>\n<meta property=\"og:url\" content=\"https:\/\/www.univates.br\/blog\/sera-que-voce-leva-jeito-para-empreender\/\" \/>\n<meta property=\"og:site_name\" content=\"Univates Blog\" \/>\n<meta property=\"article:published_time\" content=\"2024-01-23T11:44:32+00:00\" \/>\n<meta property=\"og:image\" content=\"https:\/\/www.univates.br\/blog\/\/wp-content\/uploads\/2024\/01\/Imagens-posts-blog-65.jpg\" \/>\n<meta name=\"author\" content=\"Marketing Univates\" \/>\n<meta name=\"twitter:card\" content=\"summary_large_image\" \/>\n<meta name=\"twitter:label1\" content=\"Escrito por\" \/>\n\t<meta name=\"twitter:data1\" content=\"Marketing Univates\" \/>\n\t<meta name=\"twitter:label2\" content=\"Est. tempo de leitura\" \/>\n\t<meta name=\"twitter:data2\" content=\"5 minutos\" \/>\n<script type=\"application\/ld+json\" class=\"yoast-schema-graph\">{\"@context\":\"https:\\\/\\\/schema.org\",\"@graph\":[{\"@type\":\"Article\",\"@id\":\"https:\\\/\\\/www.univates.br\\\/blog\\\/sera-que-voce-leva-jeito-para-empreender\\\/#article\",\"isPartOf\":{\"@id\":\"https:\\\/\\\/www.univates.br\\\/blog\\\/sera-que-voce-leva-jeito-para-empreender\\\/\"},\"author\":{\"name\":\"Marketing Univates\",\"@id\":\"https:\\\/\\\/www.univates.br\\\/blog\\\/#\\\/schema\\\/person\\\/15c63917440cc5e70160c247b309af2f\"},\"headline\":\"Ser\u00e1 que voc\u00ea leva jeito para empreender? Descubra aqui!\",\"datePublished\":\"2024-01-23T11:44:32+00:00\",\"mainEntityOfPage\":{\"@id\":\"https:\\\/\\\/www.univates.br\\\/blog\\\/sera-que-voce-leva-jeito-para-empreender\\\/\"},\"wordCount\":837,\"commentCount\":0,\"image\":{\"@id\":\"https:\\\/\\\/www.univates.br\\\/blog\\\/sera-que-voce-leva-jeito-para-empreender\\\/#primaryimage\"},\"thumbnailUrl\":\"https:\\\/\\\/www.univates.br\\\/blog\\\/\\\/wp-content\\\/uploads\\\/2024\\\/01\\\/Imagens-posts-blog-65.jpg\",\"articleSection\":[\"Univates\"],\"inLanguage\":\"pt-BR\",\"potentialAction\":[{\"@type\":\"CommentAction\",\"name\":\"Comment\",\"target\":[\"https:\\\/\\\/www.univates.br\\\/blog\\\/sera-que-voce-leva-jeito-para-empreender\\\/#respond\"]}]},{\"@type\":\"WebPage\",\"@id\":\"https:\\\/\\\/www.univates.br\\\/blog\\\/sera-que-voce-leva-jeito-para-empreender\\\/\",\"url\":\"https:\\\/\\\/www.univates.br\\\/blog\\\/sera-que-voce-leva-jeito-para-empreender\\\/\",\"name\":\"Ser\u00e1 que voc\u00ea leva jeito para empreender? Descubra aqui! - Univates Blog\",\"isPartOf\":{\"@id\":\"https:\\\/\\\/www.univates.br\\\/blog\\\/#website\"},\"primaryImageOfPage\":{\"@id\":\"https:\\\/\\\/www.univates.br\\\/blog\\\/sera-que-voce-leva-jeito-para-empreender\\\/#primaryimage\"},\"image\":{\"@id\":\"https:\\\/\\\/www.univates.br\\\/blog\\\/sera-que-voce-leva-jeito-para-empreender\\\/#primaryimage\"},\"thumbnailUrl\":\"https:\\\/\\\/www.univates.br\\\/blog\\\/\\\/wp-content\\\/uploads\\\/2024\\\/01\\\/Imagens-posts-blog-65.jpg\",\"datePublished\":\"2024-01-23T11:44:32+00:00\",\"author\":{\"@id\":\"https:\\\/\\\/www.univates.br\\\/blog\\\/#\\\/schema\\\/person\\\/15c63917440cc5e70160c247b309af2f\"},\"description\":\"Ser\u00e1 que voc\u00ea leva jeito para empreender? Preparamos um conte\u00fado que vai ajud\u00e1-lo a entender se o empreendedorismo \u00e9 a sua praia.\",\"breadcrumb\":{\"@id\":\"https:\\\/\\\/www.univates.br\\\/blog\\\/sera-que-voce-leva-jeito-para-empreender\\\/#breadcrumb\"},\"inLanguage\":\"pt-BR\",\"potentialAction\":[{\"@type\":\"ReadAction\",\"target\":[\"https:\\\/\\\/www.univates.br\\\/blog\\\/sera-que-voce-leva-jeito-para-empreender\\\/\"]}]},{\"@type\":\"ImageObject\",\"inLanguage\":\"pt-BR\",\"@id\":\"https:\\\/\\\/www.univates.br\\\/blog\\\/sera-que-voce-leva-jeito-para-empreender\\\/#primaryimage\",\"url\":\"https:\\\/\\\/www.univates.br\\\/blog\\\/\\\/wp-content\\\/uploads\\\/2024\\\/01\\\/Imagens-posts-blog-65.jpg\",\"contentUrl\":\"https:\\\/\\\/www.univates.br\\\/blog\\\/\\\/wp-content\\\/uploads\\\/2024\\\/01\\\/Imagens-posts-blog-65.jpg\"},{\"@type\":\"BreadcrumbList\",\"@id\":\"https:\\\/\\\/www.univates.br\\\/blog\\\/sera-que-voce-leva-jeito-para-empreender\\\/#breadcrumb\",\"itemListElement\":[{\"@type\":\"ListItem\",\"position\":1,\"name\":\"Home\",\"item\":\"https:\\\/\\\/www.univates.br\\\/blog\\\/\"},{\"@type\":\"ListItem\",\"position\":2,\"name\":\"Ser\u00e1 que voc\u00ea leva jeito para empreender? Descubra aqui!\"}]},{\"@type\":\"WebSite\",\"@id\":\"https:\\\/\\\/www.univates.br\\\/blog\\\/#website\",\"url\":\"https:\\\/\\\/www.univates.br\\\/blog\\\/\",\"name\":\"Univates Blog\",\"description\":\"\",\"potentialAction\":[{\"@type\":\"SearchAction\",\"target\":{\"@type\":\"EntryPoint\",\"urlTemplate\":\"https:\\\/\\\/www.univates.br\\\/blog\\\/?s={search_term_string}\"},\"query-input\":{\"@type\":\"PropertyValueSpecification\",\"valueRequired\":true,\"valueName\":\"search_term_string\"}}],\"inLanguage\":\"pt-BR\"},{\"@type\":\"Person\",\"@id\":\"https:\\\/\\\/www.univates.br\\\/blog\\\/#\\\/schema\\\/person\\\/15c63917440cc5e70160c247b309af2f\",\"name\":\"Marketing Univates\",\"image\":{\"@type\":\"ImageObject\",\"inLanguage\":\"pt-BR\",\"@id\":\"https:\\\/\\\/secure.gravatar.com\\\/avatar\\\/511f9e77a6a3d0cddd9074f69a722364bc7f787e73d4a0da1f727ba62704eda4?s=96&d=mm&r=g\",\"url\":\"https:\\\/\\\/secure.gravatar.com\\\/avatar\\\/511f9e77a6a3d0cddd9074f69a722364bc7f787e73d4a0da1f727ba62704eda4?s=96&d=mm&r=g\",\"contentUrl\":\"https:\\\/\\\/secure.gravatar.com\\\/avatar\\\/511f9e77a6a3d0cddd9074f69a722364bc7f787e73d4a0da1f727ba62704eda4?s=96&d=mm&r=g\",\"caption\":\"Marketing Univates\"},\"sameAs\":[\"http:\\\/\\\/univates.br\"],\"url\":\"https:\\\/\\\/www.univates.br\\\/blog\\\/author\\\/marketing\\\/\"}]}<\/script>\n<!-- \/ Yoast SEO plugin. -->","yoast_head_json":{"title":"Ser\u00e1 que voc\u00ea leva jeito para empreender? Descubra aqui! - Univates Blog","description":"Ser\u00e1 que voc\u00ea leva jeito para empreender? Preparamos um conte\u00fado que vai ajud\u00e1-lo a entender se o empreendedorismo \u00e9 a sua praia.","robots":{"index":"index","follow":"follow","max-snippet":"max-snippet:-1","max-image-preview":"max-image-preview:large","max-video-preview":"max-video-preview:-1"},"canonical":"https:\/\/www.univates.br\/blog\/sera-que-voce-leva-jeito-para-empreender\/","og_locale":"pt_BR","og_type":"article","og_title":"Ser\u00e1 que voc\u00ea leva jeito para empreender? Descubra aqui! - Univates Blog","og_description":"Ser\u00e1 que voc\u00ea leva jeito para empreender? Preparamos um conte\u00fado que vai ajud\u00e1-lo a entender se o empreendedorismo \u00e9 a sua praia.","og_url":"https:\/\/www.univates.br\/blog\/sera-que-voce-leva-jeito-para-empreender\/","og_site_name":"Univates Blog","article_published_time":"2024-01-23T11:44:32+00:00","og_image":[{"url":"https:\/\/www.univates.br\/blog\/\/wp-content\/uploads\/2024\/01\/Imagens-posts-blog-65.jpg","type":"","width":"","height":""}],"author":"Marketing Univates","twitter_card":"summary_large_image","twitter_misc":{"Escrito por":"Marketing Univates","Est. tempo de leitura":"5 minutos"},"schema":{"@context":"https:\/\/schema.org","@graph":[{"@type":"Article","@id":"https:\/\/www.univates.br\/blog\/sera-que-voce-leva-jeito-para-empreender\/#article","isPartOf":{"@id":"https:\/\/www.univates.br\/blog\/sera-que-voce-leva-jeito-para-empreender\/"},"author":{"name":"Marketing Univates","@id":"https:\/\/www.univates.br\/blog\/#\/schema\/person\/15c63917440cc5e70160c247b309af2f"},"headline":"Ser\u00e1 que voc\u00ea leva jeito para empreender? Descubra aqui!","datePublished":"2024-01-23T11:44:32+00:00","mainEntityOfPage":{"@id":"https:\/\/www.univates.br\/blog\/sera-que-voce-leva-jeito-para-empreender\/"},"wordCount":837,"commentCount":0,"image":{"@id":"https:\/\/www.univates.br\/blog\/sera-que-voce-leva-jeito-para-empreender\/#primaryimage"},"thumbnailUrl":"https:\/\/www.univates.br\/blog\/\/wp-content\/uploads\/2024\/01\/Imagens-posts-blog-65.jpg","articleSection":["Univates"],"inLanguage":"pt-BR","potentialAction":[{"@type":"CommentAction","name":"Comment","target":["https:\/\/www.univates.br\/blog\/sera-que-voce-leva-jeito-para-empreender\/#respond"]}]},{"@type":"WebPage","@id":"https:\/\/www.univates.br\/blog\/sera-que-voce-leva-jeito-para-empreender\/","url":"https:\/\/www.univates.br\/blog\/sera-que-voce-leva-jeito-para-empreender\/","name":"Ser\u00e1 que voc\u00ea leva jeito para empreender? Descubra aqui! - Univates Blog","isPartOf":{"@id":"https:\/\/www.univates.br\/blog\/#website"},"primaryImageOfPage":{"@id":"https:\/\/www.univates.br\/blog\/sera-que-voce-leva-jeito-para-empreender\/#primaryimage"},"image":{"@id":"https:\/\/www.univates.br\/blog\/sera-que-voce-leva-jeito-para-empreender\/#primaryimage"},"thumbnailUrl":"https:\/\/www.univates.br\/blog\/\/wp-content\/uploads\/2024\/01\/Imagens-posts-blog-65.jpg","datePublished":"2024-01-23T11:44:32+00:00","author":{"@id":"https:\/\/www.univates.br\/blog\/#\/schema\/person\/15c63917440cc5e70160c247b309af2f"},"description":"Ser\u00e1 que voc\u00ea leva jeito para empreender? Preparamos um conte\u00fado que vai ajud\u00e1-lo a entender se o empreendedorismo \u00e9 a sua praia.","breadcrumb":{"@id":"https:\/\/www.univates.br\/blog\/sera-que-voce-leva-jeito-para-empreender\/#breadcrumb"},"inLanguage":"pt-BR","potentialAction":[{"@type":"ReadAction","target":["https:\/\/www.univates.br\/blog\/sera-que-voce-leva-jeito-para-empreender\/"]}]},{"@type":"ImageObject","inLanguage":"pt-BR","@id":"https:\/\/www.univates.br\/blog\/sera-que-voce-leva-jeito-para-empreender\/#primaryimage","url":"https:\/\/www.univates.br\/blog\/\/wp-content\/uploads\/2024\/01\/Imagens-posts-blog-65.jpg","contentUrl":"https:\/\/www.univates.br\/blog\/\/wp-content\/uploads\/2024\/01\/Imagens-posts-blog-65.jpg"},{"@type":"BreadcrumbList","@id":"https:\/\/www.univates.br\/blog\/sera-que-voce-leva-jeito-para-empreender\/#breadcrumb","itemListElement":[{"@type":"ListItem","position":1,"name":"Home","item":"https:\/\/www.univates.br\/blog\/"},{"@type":"ListItem","position":2,"name":"Ser\u00e1 que voc\u00ea leva jeito para empreender? Descubra aqui!"}]},{"@type":"WebSite","@id":"https:\/\/www.univates.br\/blog\/#website","url":"https:\/\/www.univates.br\/blog\/","name":"Univates Blog","description":"","potentialAction":[{"@type":"SearchAction","target":{"@type":"EntryPoint","urlTemplate":"https:\/\/www.univates.br\/blog\/?s={search_term_string}"},"query-input":{"@type":"PropertyValueSpecification","valueRequired":true,"valueName":"search_term_string"}}],"inLanguage":"pt-BR"},{"@type":"Person","@id":"https:\/\/www.univates.br\/blog\/#\/schema\/person\/15c63917440cc5e70160c247b309af2f","name":"Marketing Univates","image":{"@type":"ImageObject","inLanguage":"pt-BR","@id":"https:\/\/secure.gravatar.com\/avatar\/511f9e77a6a3d0cddd9074f69a722364bc7f787e73d4a0da1f727ba62704eda4?s=96&d=mm&r=g","url":"https:\/\/secure.gravatar.com\/avatar\/511f9e77a6a3d0cddd9074f69a722364bc7f787e73d4a0da1f727ba62704eda4?s=96&d=mm&r=g","contentUrl":"https:\/\/secure.gravatar.com\/avatar\/511f9e77a6a3d0cddd9074f69a722364bc7f787e73d4a0da1f727ba62704eda4?s=96&d=mm&r=g","caption":"Marketing Univates"},"sameAs":["http:\/\/univates.br"],"url":"https:\/\/www.univates.br\/blog\/author\/marketing\/"}]}},"_links":{"self":[{"href":"https:\/\/www.univates.br\/blog\/wp-json\/wp\/v2\/posts\/5299","targetHints":{"allow":["GET"]}}],"collection":[{"href":"https:\/\/www.univates.br\/blog\/wp-json\/wp\/v2\/posts"}],"about":[{"href":"https:\/\/www.univates.br\/blog\/wp-json\/wp\/v2\/types\/post"}],"author":[{"embeddable":true,"href":"https:\/\/www.univates.br\/blog\/wp-json\/wp\/v2\/users\/2"}],"replies":[{"embeddable":true,"href":"https:\/\/www.univates.br\/blog\/wp-json\/wp\/v2\/comments?post=5299"}],"version-history":[{"count":2,"href":"https:\/\/www.univates.br\/blog\/wp-json\/wp\/v2\/posts\/5299\/revisions"}],"predecessor-version":[{"id":5306,"href":"https:\/\/www.univates.br\/blog\/wp-json\/wp\/v2\/posts\/5299\/revisions\/5306"}],"wp:attachment":[{"href":"https:\/\/www.univates.br\/blog\/wp-json\/wp\/v2\/media?parent=5299"}],"wp:term":[{"taxonomy":"category","embeddable":true,"href":"https:\/\/www.univates.br\/blog\/wp-json\/wp\/v2\/categories?post=5299"}],"curies":[{"name":"wp","href":"https:\/\/api.w.org\/{rel}","templated":true}]}}