{"id":5527,"date":"2024-05-08T16:12:24","date_gmt":"2024-05-08T19:12:24","guid":{"rendered":"https:\/\/www.univates.br\/blog\/\/?p=5527"},"modified":"2024-05-08T16:12:24","modified_gmt":"2024-05-08T19:12:24","slug":"como-e-o-mercado-de-trabalho-para-quem-se-forma-em-direito","status":"publish","type":"post","link":"https:\/\/www.univates.br\/blog\/como-e-o-mercado-de-trabalho-para-quem-se-forma-em-direito\/","title":{"rendered":"Como \u00e9 o mercado de trabalho para quem se forma em Direito?"},"content":{"rendered":"\n<p class=\"has-text-align-center\"><strong>Como \u00e9 o mercado de trabalho para quem se forma em Direito?\u00a0<\/strong><br>Descubra quais atividades esse profissional pode exercer ap\u00f3s a conclus\u00e3o do curso<\/p>\n\n\n\n<p>Como \u00e9 o mercado de trabalho para quem se forma em Direito? Essa \u00e9 uma pergunta feita tanto por estudantes em in\u00edcio de curso quanto por acad\u00eamicos que est\u00e3o a poucos semestres de conquistar o t\u00e3o sonhado diploma. Para responder ao questionamento da forma mais abrangente poss\u00edvel, preparamos um <em>post<\/em> que apresenta as principais op\u00e7\u00f5es de carreira para graduados. Leia-o para descobrir por qual ramo do Direito seu cora\u00e7\u00e3o bate mais forte! \u2696\ufe0f\u2764\ufe0f<\/p>\n\n\n\n<figure class=\"wp-block-image size-full\"><img loading=\"lazy\" decoding=\"async\" width=\"5184\" height=\"3456\" src=\"https:\/\/www.univates.br\/blog\/\/wp-content\/uploads\/2024\/05\/Imagens-posts-blog-22.jpg\" alt=\"\" class=\"wp-image-5528\"\/><\/figure>\n\n\n\n<h2 class=\"wp-block-heading\"><strong>OP\u00c7\u00c3O 1: ADVOCACIA<\/strong><\/h2>\n\n\n\n<p>Voc\u00ea sabia que a advocacia \u00e9 uma das carreiras mais buscadas por quem se forma em Direito? Pois \u00e9! Ap\u00f3s a conclus\u00e3o do curso, os profissionais podem atuar como advogados, defendendo os interesses de seus clientes em diferentes \u00e1reas do Direito. Al\u00e9m disso, a advocacia pode ser exercida tanto de forma aut\u00f4noma, com a abertura de um escrit\u00f3rio pr\u00f3prio, quanto como advogado contratado por empresas, escrit\u00f3rios de advocacia ou \u00f3rg\u00e3os p\u00fablicos.&nbsp;<\/p>\n\n\n\n<div class=\"wp-block-media-text is-stacked-on-mobile\"><figure class=\"wp-block-media-text__media\"><img loading=\"lazy\" decoding=\"async\" width=\"5184\" height=\"3456\" src=\"https:\/\/www.univates.br\/blog\/\/wp-content\/uploads\/2024\/05\/Imagens-posts-blog-23.jpg\" alt=\"\" class=\"wp-image-5529 size-full\"\/><\/figure><div class=\"wp-block-media-text__content\">\n<p>Dentro da advocacia, h\u00e1 a possibilidade de especializa\u00e7\u00e3o em \u00e1reas espec\u00edficas, como Direito Civil, Direito Penal, Direito do Trabalho, Direito Tribut\u00e1rio, entre outras.<\/p>\n<\/div><\/div>\n\n\n\n<p>Essa diversidade de \u00e1reas permite que o profissional escolha aquela que mais se alinha com seus interesses e habilidades, ampliando suas oportunidades no mercado de trabalho.\u00a0<\/p>\n\n\n\n<p><a href=\"https:\/\/www.univates.br\/blog\/\/prova-da-oab\/\">Prova da OAB: o que \u00e9 e como se preparar para ela?<\/a><\/p>\n\n\n\n<h2 class=\"wp-block-heading\"><strong>OP\u00c7\u00c3O 2: CARREIRA JUR\u00cdDICA NO SETOR P\u00daBLICO<\/strong><\/h2>\n\n\n\n<p>A carreira jur\u00eddica no setor p\u00fablico possibilita uma trajet\u00f3ria profissional distinta, marcada por desafios e oportunidades estimulantes. Ao contr\u00e1rio da advocacia privada, que se concentra nos interesses individuais dos clientes, o trabalho no setor p\u00fablico geralmente envolve a defesa dos interesses coletivos e o cumprimento das leis em nome do bem-estar da sociedade como um todo.\u00a0<\/p>\n\n\n\n<div class=\"wp-block-media-text is-stacked-on-mobile\"><figure class=\"wp-block-media-text__media\"><img loading=\"lazy\" decoding=\"async\" width=\"5184\" height=\"3456\" src=\"https:\/\/www.univates.br\/blog\/\/wp-content\/uploads\/2024\/05\/Imagens-posts-blog-24.jpg\" alt=\"\" class=\"wp-image-5530 size-full\"\/><\/figure><div class=\"wp-block-media-text__content\">\n<p>A atua\u00e7\u00e3o no setor p\u00fablico pode ocorrer em diferentes inst\u00e2ncias governamentais, como \u00f3rg\u00e3os do Executivo, Legislativo e Judici\u00e1rio. Dessa forma, exercendo fun\u00e7\u00f5es como procuradores, assessores jur\u00eddicos, promotores, defensores p\u00fablicos, <a href=\"https:\/\/www.univates.br\/blog\/\/entenda-como-funciona-o-tribunal-do-juri\/\">ju\u00edzes<\/a>, delegados, entre outras, os profissionais desempenham pap\u00e9is importantes na elabora\u00e7\u00e3o, interpreta\u00e7\u00e3o e aplica\u00e7\u00e3o de leis. <\/p>\n<\/div><\/div>\n\n\n\n<p>Para aqueles que desejam contribuir para o fortalecimento do Estado de Direito e para a promo\u00e7\u00e3o da justi\u00e7a social, construir uma carreira no setor p\u00fablico \u00e9 uma excelente op\u00e7\u00e3o.<\/p>\n\n\n\n<h2 class=\"wp-block-heading\"><strong>OP\u00c7\u00c3O 3: CONSULTORIA JUR\u00cdDICA<\/strong><\/h2>\n\n\n\n<p>Outra possibilidade para os diplomados em Direito \u00e9 a \u00e1rea de consultoria jur\u00eddica. Nesse ramo, os profissionais oferecem orienta\u00e7\u00e3o legal especializada a empresas, institui\u00e7\u00f5es e indiv\u00edduos que estejam enfrentando quest\u00f5es jur\u00eddicas complexas. Essa consultoria pode abranger desde a elabora\u00e7\u00e3o de contratos e pareceres jur\u00eddicos at\u00e9 a representa\u00e7\u00e3o dos clientes dentro e fora do tribunal.&nbsp;&nbsp;<\/p>\n\n\n\n<div class=\"wp-block-media-text is-stacked-on-mobile\"><figure class=\"wp-block-media-text__media\"><img loading=\"lazy\" decoding=\"async\" width=\"5184\" height=\"3456\" src=\"https:\/\/www.univates.br\/blog\/\/wp-content\/uploads\/2024\/05\/Imagens-posts-blog-25.jpg\" alt=\"\" class=\"wp-image-5531 size-full\"\/><\/figure><div class=\"wp-block-media-text__content\">\n<p>Atuando na \u00e1rea de consultoria jur\u00eddica, \u00e9 poss\u00edvel interagir com diferentes setores da economia e da sociedade. Isso \u00e9 muito interessante, visto que possibilita um entendimento mais profundo das din\u00e2micas sociais e empresariais. <\/p>\n<\/div><\/div>\n\n\n\n<p>Voc\u00ea consegue se imaginar fazendo parte de uma equipe multidisciplinar, colaborando com profissionais de diversas \u00e1reas para encontrar solu\u00e7\u00f5es jur\u00eddicas inovadoras e eficazes? Ent\u00e3o estude bastante para se tornar um consultor jur\u00eddico e se destacar no mercado de trabalho.\u00a0<\/p>\n\n\n\n<h2 class=\"wp-block-heading\"><strong>OP\u00c7\u00c3O 4: CARREIRA ACAD\u00caMICA E PESQUISA JUR\u00cdDICA<\/strong><\/h2>\n\n\n\n<p>A carreira acad\u00eamica e a pesquisa jur\u00eddica oferecem grandes oportunidades para os graduados em Direito explorarem o mundo do conhecimento. Profissionais que optam por atuar nessa \u00e1rea podem seguir uma trajet\u00f3ria acad\u00eamica, trabalhando como professores em universidades, orientando e realizando pesquisas e at\u00e9 mesmo participando de <a href=\"https:\/\/www.univates.br\/blog\/\/o-que-e-projeto-de-extensao\/\">projetos de extens\u00e3o<\/a>.<\/p>\n\n\n\n<div class=\"wp-block-media-text is-stacked-on-mobile\"><figure class=\"wp-block-media-text__media\"><img loading=\"lazy\" decoding=\"async\" width=\"5184\" height=\"3456\" src=\"https:\/\/www.univates.br\/blog\/\/wp-content\/uploads\/2024\/05\/Imagens-posts-blog-26.jpg\" alt=\"\" class=\"wp-image-5532 size-full\"\/><\/figure><div class=\"wp-block-media-text__content\">\n<p>A carreira acad\u00eamica e a pesquisa jur\u00eddica promovem um ambiente estimulante para o aprofundamento do conhecimento em \u00e1reas espec\u00edficas do Direito, possibilitando a investiga\u00e7\u00e3o de quest\u00f5es complexas e a busca por solu\u00e7\u00f5es inovadoras. <\/p>\n<\/div><\/div>\n\n\n\n<p>Al\u00e9m disso, esse trabalho permite influenciar diretamente o ensino e a pr\u00e1tica do Direito, formando novas gera\u00e7\u00f5es de juristas e contribuindo para o aprimoramento do sistema jur\u00eddico como um todo.<\/p>\n\n\n\n<h2 class=\"wp-block-heading\"><strong>Destaque-se no mercado de trabalho fazendo uma gradua\u00e7\u00e3o de qualidade<\/strong><\/h2>\n\n\n\n<p>Se voc\u00ea chegou at\u00e9 aqui, deve ter percebido que o mercado de trabalho para graduados em Direito \u00e9 muito vasto. \u00c9 claro que, para se inserir em qualquer uma de suas \u00e1reas, \u00e9 preciso buscar uma forma\u00e7\u00e3o de ponta, que forne\u00e7a os conhecimentos te\u00f3ricos e as experi\u00eancias pr\u00e1ticas necess\u00e1rias para enfrentar os desafios do mundo jur\u00eddico.&nbsp;<\/p>\n\n\n\n<p>O <a href=\"https:\/\/www.univates.br\/graduacao\/direito\">curso de Direito<\/a> da Univates pode preparar voc\u00ea para tudo o que vem por a\u00ed. Fazendo nossa gradua\u00e7\u00e3o (que, ali\u00e1s, foi reconhecida pela Ordem dos Advogados do Brasil \u2012 OAB com o selo OAB Recomenda), voc\u00ea aprender\u00e1 como desenvolver novas atitudes profissionais e se transformar em um verdadeiro agente de transforma\u00e7\u00e3o social. Demais, n\u00e3o \u00e9?\u00a0<\/p>\n\n\n\n<p><a href=\"https:\/\/www.univates.br\/blog\/\/projeto-proporciona-aos-alunos-de-direito-vivencia-juridica-empresarial\/\">Projeto proporciona aos alunos de Direito viv\u00eancia jur\u00eddico-empresarial<\/a><\/p>\n\n\n\n<h2 class=\"wp-block-heading\">Fim<\/h2>\n\n\n\n<p>Como vimos, o que n\u00e3o faltam s\u00e3o op\u00e7\u00f5es de carreira para graduados em Direito. Obviamente, para conseguir se dar bem no mercado de trabalho e fazer a diferen\u00e7a na vida dos seus clientes, \u00e9 necess\u00e1rio estudar muito e estar sempre atualizado sobre as mudan\u00e7as que ocorrem na \u00e1rea jur\u00eddica. Aproveite seu tempo na universidade para expandir seus horizontes, buscar oportunidades de aprendizado e crescimento cont\u00ednuo e se preparar para o futuro com o qual voc\u00ea sempre sonhou! \ud83d\ude80\u2728<\/p>\n","protected":false},"excerpt":{"rendered":"<p>Como \u00e9 o mercado de trabalho para quem se forma em Direito?\u00a0Descubra quais atividades esse profissional pode exercer ap\u00f3s a conclus\u00e3o do curso Como \u00e9 o mercado de trabalho para quem se forma em Direito? Essa \u00e9 uma pergunta feita\u2026<\/p>\n","protected":false},"author":2,"featured_media":0,"comment_status":"open","ping_status":"open","sticky":false,"template":"","format":"standard","meta":{"_acf_changed":false,"footnotes":""},"categories":[33],"class_list":["post-5527","post","type-post","status-publish","format-standard","hentry","category-carreira","autor-lais-pontin-matos","curso-direito","area-humanas"],"acf":[],"yoast_head":"<!-- This site is optimized with the Yoast SEO plugin v27.3 - https:\/\/yoast.com\/product\/yoast-seo-wordpress\/ -->\n<title>Como \u00e9 o mercado de trabalho para quem se forma em Direito? - Univates Blog<\/title>\n<meta name=\"description\" content=\"Como \u00e9 o mercado de trabalho para quem se forma em Direito? Descubra quais atividades esse profissional pode exercer ap\u00f3s a conclus\u00e3o do curso.\" \/>\n<meta name=\"robots\" content=\"index, follow, max-snippet:-1, max-image-preview:large, max-video-preview:-1\" \/>\n<link rel=\"canonical\" href=\"https:\/\/www.univates.br\/blog\/como-e-o-mercado-de-trabalho-para-quem-se-forma-em-direito\/\" \/>\n<meta property=\"og:locale\" content=\"pt_BR\" \/>\n<meta property=\"og:type\" content=\"article\" \/>\n<meta property=\"og:title\" content=\"Como \u00e9 o mercado de trabalho para quem se forma em Direito? - Univates Blog\" \/>\n<meta property=\"og:description\" content=\"Como \u00e9 o mercado de trabalho para quem se forma em Direito? Descubra quais atividades esse profissional pode exercer ap\u00f3s a conclus\u00e3o do curso.\" \/>\n<meta property=\"og:url\" content=\"https:\/\/www.univates.br\/blog\/como-e-o-mercado-de-trabalho-para-quem-se-forma-em-direito\/\" \/>\n<meta property=\"og:site_name\" content=\"Univates Blog\" \/>\n<meta property=\"article:published_time\" content=\"2024-05-08T19:12:24+00:00\" \/>\n<meta property=\"og:image\" content=\"https:\/\/www.univates.br\/blog\/\/wp-content\/uploads\/2024\/05\/Imagens-posts-blog-22.jpg\" \/>\n<meta name=\"author\" content=\"Marketing Univates\" \/>\n<meta name=\"twitter:card\" content=\"summary_large_image\" \/>\n<meta name=\"twitter:label1\" content=\"Escrito por\" \/>\n\t<meta name=\"twitter:data1\" content=\"Marketing Univates\" \/>\n\t<meta name=\"twitter:label2\" content=\"Est. tempo de leitura\" \/>\n\t<meta name=\"twitter:data2\" content=\"6 minutos\" \/>\n<script type=\"application\/ld+json\" class=\"yoast-schema-graph\">{\"@context\":\"https:\\\/\\\/schema.org\",\"@graph\":[{\"@type\":\"Article\",\"@id\":\"https:\\\/\\\/www.univates.br\\\/blog\\\/como-e-o-mercado-de-trabalho-para-quem-se-forma-em-direito\\\/#article\",\"isPartOf\":{\"@id\":\"https:\\\/\\\/www.univates.br\\\/blog\\\/como-e-o-mercado-de-trabalho-para-quem-se-forma-em-direito\\\/\"},\"author\":{\"name\":\"Marketing Univates\",\"@id\":\"https:\\\/\\\/www.univates.br\\\/blog\\\/#\\\/schema\\\/person\\\/15c63917440cc5e70160c247b309af2f\"},\"headline\":\"Como \u00e9 o mercado de trabalho para quem se forma em Direito?\",\"datePublished\":\"2024-05-08T19:12:24+00:00\",\"mainEntityOfPage\":{\"@id\":\"https:\\\/\\\/www.univates.br\\\/blog\\\/como-e-o-mercado-de-trabalho-para-quem-se-forma-em-direito\\\/\"},\"wordCount\":925,\"commentCount\":0,\"image\":{\"@id\":\"https:\\\/\\\/www.univates.br\\\/blog\\\/como-e-o-mercado-de-trabalho-para-quem-se-forma-em-direito\\\/#primaryimage\"},\"thumbnailUrl\":\"https:\\\/\\\/www.univates.br\\\/blog\\\/\\\/wp-content\\\/uploads\\\/2024\\\/05\\\/Imagens-posts-blog-22.jpg\",\"articleSection\":[\"Carreira\"],\"inLanguage\":\"pt-BR\",\"potentialAction\":[{\"@type\":\"CommentAction\",\"name\":\"Comment\",\"target\":[\"https:\\\/\\\/www.univates.br\\\/blog\\\/como-e-o-mercado-de-trabalho-para-quem-se-forma-em-direito\\\/#respond\"]}]},{\"@type\":\"WebPage\",\"@id\":\"https:\\\/\\\/www.univates.br\\\/blog\\\/como-e-o-mercado-de-trabalho-para-quem-se-forma-em-direito\\\/\",\"url\":\"https:\\\/\\\/www.univates.br\\\/blog\\\/como-e-o-mercado-de-trabalho-para-quem-se-forma-em-direito\\\/\",\"name\":\"Como \u00e9 o mercado de trabalho para quem se forma em Direito? - Univates Blog\",\"isPartOf\":{\"@id\":\"https:\\\/\\\/www.univates.br\\\/blog\\\/#website\"},\"primaryImageOfPage\":{\"@id\":\"https:\\\/\\\/www.univates.br\\\/blog\\\/como-e-o-mercado-de-trabalho-para-quem-se-forma-em-direito\\\/#primaryimage\"},\"image\":{\"@id\":\"https:\\\/\\\/www.univates.br\\\/blog\\\/como-e-o-mercado-de-trabalho-para-quem-se-forma-em-direito\\\/#primaryimage\"},\"thumbnailUrl\":\"https:\\\/\\\/www.univates.br\\\/blog\\\/\\\/wp-content\\\/uploads\\\/2024\\\/05\\\/Imagens-posts-blog-22.jpg\",\"datePublished\":\"2024-05-08T19:12:24+00:00\",\"author\":{\"@id\":\"https:\\\/\\\/www.univates.br\\\/blog\\\/#\\\/schema\\\/person\\\/15c63917440cc5e70160c247b309af2f\"},\"description\":\"Como \u00e9 o mercado de trabalho para quem se forma em Direito? Descubra quais atividades esse profissional pode exercer ap\u00f3s a conclus\u00e3o do curso.\",\"breadcrumb\":{\"@id\":\"https:\\\/\\\/www.univates.br\\\/blog\\\/como-e-o-mercado-de-trabalho-para-quem-se-forma-em-direito\\\/#breadcrumb\"},\"inLanguage\":\"pt-BR\",\"potentialAction\":[{\"@type\":\"ReadAction\",\"target\":[\"https:\\\/\\\/www.univates.br\\\/blog\\\/como-e-o-mercado-de-trabalho-para-quem-se-forma-em-direito\\\/\"]}]},{\"@type\":\"ImageObject\",\"inLanguage\":\"pt-BR\",\"@id\":\"https:\\\/\\\/www.univates.br\\\/blog\\\/como-e-o-mercado-de-trabalho-para-quem-se-forma-em-direito\\\/#primaryimage\",\"url\":\"https:\\\/\\\/www.univates.br\\\/blog\\\/\\\/wp-content\\\/uploads\\\/2024\\\/05\\\/Imagens-posts-blog-22.jpg\",\"contentUrl\":\"https:\\\/\\\/www.univates.br\\\/blog\\\/\\\/wp-content\\\/uploads\\\/2024\\\/05\\\/Imagens-posts-blog-22.jpg\"},{\"@type\":\"BreadcrumbList\",\"@id\":\"https:\\\/\\\/www.univates.br\\\/blog\\\/como-e-o-mercado-de-trabalho-para-quem-se-forma-em-direito\\\/#breadcrumb\",\"itemListElement\":[{\"@type\":\"ListItem\",\"position\":1,\"name\":\"Home\",\"item\":\"https:\\\/\\\/www.univates.br\\\/blog\\\/\"},{\"@type\":\"ListItem\",\"position\":2,\"name\":\"Como \u00e9 o mercado de trabalho para quem se forma em Direito?\"}]},{\"@type\":\"WebSite\",\"@id\":\"https:\\\/\\\/www.univates.br\\\/blog\\\/#website\",\"url\":\"https:\\\/\\\/www.univates.br\\\/blog\\\/\",\"name\":\"Univates Blog\",\"description\":\"\",\"potentialAction\":[{\"@type\":\"SearchAction\",\"target\":{\"@type\":\"EntryPoint\",\"urlTemplate\":\"https:\\\/\\\/www.univates.br\\\/blog\\\/?s={search_term_string}\"},\"query-input\":{\"@type\":\"PropertyValueSpecification\",\"valueRequired\":true,\"valueName\":\"search_term_string\"}}],\"inLanguage\":\"pt-BR\"},{\"@type\":\"Person\",\"@id\":\"https:\\\/\\\/www.univates.br\\\/blog\\\/#\\\/schema\\\/person\\\/15c63917440cc5e70160c247b309af2f\",\"name\":\"Marketing Univates\",\"image\":{\"@type\":\"ImageObject\",\"inLanguage\":\"pt-BR\",\"@id\":\"https:\\\/\\\/secure.gravatar.com\\\/avatar\\\/511f9e77a6a3d0cddd9074f69a722364bc7f787e73d4a0da1f727ba62704eda4?s=96&d=mm&r=g\",\"url\":\"https:\\\/\\\/secure.gravatar.com\\\/avatar\\\/511f9e77a6a3d0cddd9074f69a722364bc7f787e73d4a0da1f727ba62704eda4?s=96&d=mm&r=g\",\"contentUrl\":\"https:\\\/\\\/secure.gravatar.com\\\/avatar\\\/511f9e77a6a3d0cddd9074f69a722364bc7f787e73d4a0da1f727ba62704eda4?s=96&d=mm&r=g\",\"caption\":\"Marketing Univates\"},\"sameAs\":[\"http:\\\/\\\/univates.br\"],\"url\":\"https:\\\/\\\/www.univates.br\\\/blog\\\/author\\\/marketing\\\/\"}]}<\/script>\n<!-- \/ Yoast SEO plugin. -->","yoast_head_json":{"title":"Como \u00e9 o mercado de trabalho para quem se forma em Direito? - Univates Blog","description":"Como \u00e9 o mercado de trabalho para quem se forma em Direito? Descubra quais atividades esse profissional pode exercer ap\u00f3s a conclus\u00e3o do curso.","robots":{"index":"index","follow":"follow","max-snippet":"max-snippet:-1","max-image-preview":"max-image-preview:large","max-video-preview":"max-video-preview:-1"},"canonical":"https:\/\/www.univates.br\/blog\/como-e-o-mercado-de-trabalho-para-quem-se-forma-em-direito\/","og_locale":"pt_BR","og_type":"article","og_title":"Como \u00e9 o mercado de trabalho para quem se forma em Direito? - Univates Blog","og_description":"Como \u00e9 o mercado de trabalho para quem se forma em Direito? Descubra quais atividades esse profissional pode exercer ap\u00f3s a conclus\u00e3o do curso.","og_url":"https:\/\/www.univates.br\/blog\/como-e-o-mercado-de-trabalho-para-quem-se-forma-em-direito\/","og_site_name":"Univates Blog","article_published_time":"2024-05-08T19:12:24+00:00","og_image":[{"url":"https:\/\/www.univates.br\/blog\/\/wp-content\/uploads\/2024\/05\/Imagens-posts-blog-22.jpg","type":"","width":"","height":""}],"author":"Marketing Univates","twitter_card":"summary_large_image","twitter_misc":{"Escrito por":"Marketing Univates","Est. tempo de leitura":"6 minutos"},"schema":{"@context":"https:\/\/schema.org","@graph":[{"@type":"Article","@id":"https:\/\/www.univates.br\/blog\/como-e-o-mercado-de-trabalho-para-quem-se-forma-em-direito\/#article","isPartOf":{"@id":"https:\/\/www.univates.br\/blog\/como-e-o-mercado-de-trabalho-para-quem-se-forma-em-direito\/"},"author":{"name":"Marketing Univates","@id":"https:\/\/www.univates.br\/blog\/#\/schema\/person\/15c63917440cc5e70160c247b309af2f"},"headline":"Como \u00e9 o mercado de trabalho para quem se forma em Direito?","datePublished":"2024-05-08T19:12:24+00:00","mainEntityOfPage":{"@id":"https:\/\/www.univates.br\/blog\/como-e-o-mercado-de-trabalho-para-quem-se-forma-em-direito\/"},"wordCount":925,"commentCount":0,"image":{"@id":"https:\/\/www.univates.br\/blog\/como-e-o-mercado-de-trabalho-para-quem-se-forma-em-direito\/#primaryimage"},"thumbnailUrl":"https:\/\/www.univates.br\/blog\/\/wp-content\/uploads\/2024\/05\/Imagens-posts-blog-22.jpg","articleSection":["Carreira"],"inLanguage":"pt-BR","potentialAction":[{"@type":"CommentAction","name":"Comment","target":["https:\/\/www.univates.br\/blog\/como-e-o-mercado-de-trabalho-para-quem-se-forma-em-direito\/#respond"]}]},{"@type":"WebPage","@id":"https:\/\/www.univates.br\/blog\/como-e-o-mercado-de-trabalho-para-quem-se-forma-em-direito\/","url":"https:\/\/www.univates.br\/blog\/como-e-o-mercado-de-trabalho-para-quem-se-forma-em-direito\/","name":"Como \u00e9 o mercado de trabalho para quem se forma em Direito? - Univates Blog","isPartOf":{"@id":"https:\/\/www.univates.br\/blog\/#website"},"primaryImageOfPage":{"@id":"https:\/\/www.univates.br\/blog\/como-e-o-mercado-de-trabalho-para-quem-se-forma-em-direito\/#primaryimage"},"image":{"@id":"https:\/\/www.univates.br\/blog\/como-e-o-mercado-de-trabalho-para-quem-se-forma-em-direito\/#primaryimage"},"thumbnailUrl":"https:\/\/www.univates.br\/blog\/\/wp-content\/uploads\/2024\/05\/Imagens-posts-blog-22.jpg","datePublished":"2024-05-08T19:12:24+00:00","author":{"@id":"https:\/\/www.univates.br\/blog\/#\/schema\/person\/15c63917440cc5e70160c247b309af2f"},"description":"Como \u00e9 o mercado de trabalho para quem se forma em Direito? Descubra quais atividades esse profissional pode exercer ap\u00f3s a conclus\u00e3o do curso.","breadcrumb":{"@id":"https:\/\/www.univates.br\/blog\/como-e-o-mercado-de-trabalho-para-quem-se-forma-em-direito\/#breadcrumb"},"inLanguage":"pt-BR","potentialAction":[{"@type":"ReadAction","target":["https:\/\/www.univates.br\/blog\/como-e-o-mercado-de-trabalho-para-quem-se-forma-em-direito\/"]}]},{"@type":"ImageObject","inLanguage":"pt-BR","@id":"https:\/\/www.univates.br\/blog\/como-e-o-mercado-de-trabalho-para-quem-se-forma-em-direito\/#primaryimage","url":"https:\/\/www.univates.br\/blog\/\/wp-content\/uploads\/2024\/05\/Imagens-posts-blog-22.jpg","contentUrl":"https:\/\/www.univates.br\/blog\/\/wp-content\/uploads\/2024\/05\/Imagens-posts-blog-22.jpg"},{"@type":"BreadcrumbList","@id":"https:\/\/www.univates.br\/blog\/como-e-o-mercado-de-trabalho-para-quem-se-forma-em-direito\/#breadcrumb","itemListElement":[{"@type":"ListItem","position":1,"name":"Home","item":"https:\/\/www.univates.br\/blog\/"},{"@type":"ListItem","position":2,"name":"Como \u00e9 o mercado de trabalho para quem se forma em Direito?"}]},{"@type":"WebSite","@id":"https:\/\/www.univates.br\/blog\/#website","url":"https:\/\/www.univates.br\/blog\/","name":"Univates Blog","description":"","potentialAction":[{"@type":"SearchAction","target":{"@type":"EntryPoint","urlTemplate":"https:\/\/www.univates.br\/blog\/?s={search_term_string}"},"query-input":{"@type":"PropertyValueSpecification","valueRequired":true,"valueName":"search_term_string"}}],"inLanguage":"pt-BR"},{"@type":"Person","@id":"https:\/\/www.univates.br\/blog\/#\/schema\/person\/15c63917440cc5e70160c247b309af2f","name":"Marketing Univates","image":{"@type":"ImageObject","inLanguage":"pt-BR","@id":"https:\/\/secure.gravatar.com\/avatar\/511f9e77a6a3d0cddd9074f69a722364bc7f787e73d4a0da1f727ba62704eda4?s=96&d=mm&r=g","url":"https:\/\/secure.gravatar.com\/avatar\/511f9e77a6a3d0cddd9074f69a722364bc7f787e73d4a0da1f727ba62704eda4?s=96&d=mm&r=g","contentUrl":"https:\/\/secure.gravatar.com\/avatar\/511f9e77a6a3d0cddd9074f69a722364bc7f787e73d4a0da1f727ba62704eda4?s=96&d=mm&r=g","caption":"Marketing Univates"},"sameAs":["http:\/\/univates.br"],"url":"https:\/\/www.univates.br\/blog\/author\/marketing\/"}]}},"_links":{"self":[{"href":"https:\/\/www.univates.br\/blog\/wp-json\/wp\/v2\/posts\/5527","targetHints":{"allow":["GET"]}}],"collection":[{"href":"https:\/\/www.univates.br\/blog\/wp-json\/wp\/v2\/posts"}],"about":[{"href":"https:\/\/www.univates.br\/blog\/wp-json\/wp\/v2\/types\/post"}],"author":[{"embeddable":true,"href":"https:\/\/www.univates.br\/blog\/wp-json\/wp\/v2\/users\/2"}],"replies":[{"embeddable":true,"href":"https:\/\/www.univates.br\/blog\/wp-json\/wp\/v2\/comments?post=5527"}],"version-history":[{"count":1,"href":"https:\/\/www.univates.br\/blog\/wp-json\/wp\/v2\/posts\/5527\/revisions"}],"predecessor-version":[{"id":5533,"href":"https:\/\/www.univates.br\/blog\/wp-json\/wp\/v2\/posts\/5527\/revisions\/5533"}],"wp:attachment":[{"href":"https:\/\/www.univates.br\/blog\/wp-json\/wp\/v2\/media?parent=5527"}],"wp:term":[{"taxonomy":"category","embeddable":true,"href":"https:\/\/www.univates.br\/blog\/wp-json\/wp\/v2\/categories?post=5527"}],"curies":[{"name":"wp","href":"https:\/\/api.w.org\/{rel}","templated":true}]}}