{"id":5614,"date":"2024-07-04T13:59:42","date_gmt":"2024-07-04T16:59:42","guid":{"rendered":"https:\/\/www.univates.br\/blog\/\/?p=5614"},"modified":"2024-07-04T13:59:44","modified_gmt":"2024-07-04T16:59:44","slug":"estudos-e-saude-mental-como-equilibrar","status":"publish","type":"post","link":"https:\/\/www.univates.br\/blog\/estudos-e-saude-mental-como-equilibrar\/","title":{"rendered":"Estudos e sa\u00fade mental: como equilibr\u00e1-los para melhorar a aprendizagem?\u00a0"},"content":{"rendered":"\n<p class=\"has-text-align-center\"><strong>Estudos e sa\u00fade mental: como equilibr\u00e1-los para melhorar a aprendizagem?\u00a0<\/strong><br>Aprenda a cuidar do seu bem-estar enquanto alcan\u00e7a seus objetivos acad\u00eamicos\u00a0<\/p>\n\n\n\n<p>Estudos e sa\u00fade mental: como&nbsp; equilibr\u00e1-los para melhorar a aprendizagem? Em meio \u00e0 correria da vida acad\u00eamica, muitas vezes negligenciamos nossa sa\u00fade mental, o que pode afetar negativamente nosso <a href=\"https:\/\/www.univates.br\/blog\/\/como-aumentar-a-produtividade-nos-estudos\/\">desempenho<\/a> e bem-estar. Conciliar estudos intensos com a manuten\u00e7\u00e3o de uma mente saud\u00e1vel \u00e9 um desafio real, mas perfeitamente poss\u00edvel de ser superado, sabia?&nbsp;<\/p>\n\n\n\n<p>Neste <em>post<\/em>, vamos compartilhar algumas dicas e estrat\u00e9gias que podem ajudar voc\u00ea a encontrar o equil\u00edbrio vital entre suas responsabilidades acad\u00eamicas e seu bem-estar mental. Continue de olho em nosso conte\u00fado para descobrir como pr\u00e1ticas simples podem transformar sua rotina de estudos e promover uma aprendizagem muito mais eficaz. \ud83d\udc40\ud83e\udde0\ud83d\udca1<\/p>\n\n\n\n<h2 class=\"wp-block-heading\"><strong>Organize seu tempo com efici\u00eancia<\/strong><\/h2>\n\n\n\n<p>N\u00e3o deixe para amanh\u00e3 aquilo que voc\u00ea pode fazer hoje! Planejar suas atividades com anteced\u00eancia \u00e9 fundamental para evitar ac\u00famulo de tarefas e estresse desnecess\u00e1rio. Ao antecipar suas responsabilidades, voc\u00ea cria uma margem de seguran\u00e7a para lidar com imprevistos e consegue gerenciar melhor seu tempo.&nbsp;<\/p>\n\n\n\n<div class=\"wp-block-media-text is-stacked-on-mobile\"><figure class=\"wp-block-media-text__media\"><img loading=\"lazy\" decoding=\"async\" width=\"1920\" height=\"1280\" src=\"https:\/\/www.univates.br\/blog\/\/wp-content\/uploads\/2024\/07\/Imagens-posts-blog-34-1920x1280.jpg\" alt=\"\" class=\"wp-image-5615 size-full\" srcset=\"https:\/\/www.univates.br\/blog\/wp-content\/uploads\/2024\/07\/Imagens-posts-blog-34-1920x1280.jpg 1920w, https:\/\/www.univates.br\/blog\/wp-content\/uploads\/2024\/07\/Imagens-posts-blog-34-1200x800.jpg 1200w, https:\/\/www.univates.br\/blog\/wp-content\/uploads\/2024\/07\/Imagens-posts-blog-34-600x400.jpg 600w, https:\/\/www.univates.br\/blog\/wp-content\/uploads\/2024\/07\/Imagens-posts-blog-34-150x100.jpg 150w\" sizes=\"auto, (max-width: 1920px) 100vw, 1920px\" \/><\/figure><div class=\"wp-block-media-text__content\">\n<p>Al\u00e9m disso, ao dividir grandes tarefas em etapas menores, voc\u00ea torna os objetivos mais alcan\u00e7\u00e1veis e menos assustadores. Assim, ao manter uma vis\u00e3o clara das suas prioridades e prazos, voc\u00ea se sente mais no controle da situa\u00e7\u00e3o e menos propenso a se sentir sobrecarregado.&nbsp;<\/p>\n<\/div><\/div>\n\n\n\n<p><a href=\"https:\/\/www.univates.br\/blog\/\/como-organizar-seu-dia-para-aumentar-sua-produtividade-nos-estudos\/\">Como organizar seu dia para aumentar sua produtividade nos estudos?\u00a0<\/a><br><a href=\"https:\/\/www.univates.br\/blog\/\/dicas-para-montar-um-cronograma-de-estudos\/\">4 dicas para montar um cronograma de estudos\u00a0<\/a><br><a href=\"https:\/\/www.univates.br\/blog\/\/como-se-preparar-para-as-provas\/\">Como se preparar para a semana de provas?\u00a0<\/a><br><a href=\"https:\/\/www.univates.br\/blog\/\/cinco-dicas-para-organizar-seus-estudos-em-casa\/\">Cinco dicas para organizar seus estudos em casa<\/a><\/p>\n\n\n\n<h2 class=\"wp-block-heading\"><strong>Pratique <em>mindfulness<\/em> diariamente<\/strong><\/h2>\n\n\n\n<p>Outra estrat\u00e9gia eficaz para equilibrar estudos e sa\u00fade mental \u00e9 <a href=\"https:\/\/www.univates.br\/blog\/\/mindfulness-o-que-e-e-como-aplicar\/\">praticar <em>mindfulness<\/em> diariamente<\/a>. Essa pr\u00e1tica envolve estar presente no momento, prestando aten\u00e7\u00e3o plena \u00e0s suas atividades e sensa\u00e7\u00f5es. Comece reservando alguns minutos do seu dia para meditar ou simplesmente se concentrar na sua respira\u00e7\u00e3o. Aos poucos, voc\u00ea perceber\u00e1 uma melhora na sua capacidade de concentra\u00e7\u00e3o e redu\u00e7\u00e3o do estresse.&nbsp;<\/p>\n\n\n\n<div class=\"wp-block-media-text is-stacked-on-mobile\"><figure class=\"wp-block-media-text__media\"><img loading=\"lazy\" decoding=\"async\" width=\"1920\" height=\"1280\" src=\"https:\/\/www.univates.br\/blog\/\/wp-content\/uploads\/2024\/07\/Imagens-posts-blog-35-1920x1280.jpg\" alt=\"\" class=\"wp-image-5616 size-full\" srcset=\"https:\/\/www.univates.br\/blog\/wp-content\/uploads\/2024\/07\/Imagens-posts-blog-35-1920x1280.jpg 1920w, https:\/\/www.univates.br\/blog\/wp-content\/uploads\/2024\/07\/Imagens-posts-blog-35-1200x800.jpg 1200w, https:\/\/www.univates.br\/blog\/wp-content\/uploads\/2024\/07\/Imagens-posts-blog-35-600x400.jpg 600w, https:\/\/www.univates.br\/blog\/wp-content\/uploads\/2024\/07\/Imagens-posts-blog-35-150x100.jpg 150w\" sizes=\"auto, (max-width: 1920px) 100vw, 1920px\" \/><\/figure><div class=\"wp-block-media-text__content\">\n<p>O <em>mindfulness<\/em> pode ser integrado a pequenas a\u00e7\u00f5es cotidianas. Por exemplo: ao se alimentar, foque na textura e no sabor dos alimentos, apreciando cada mordida. Da mesma forma, durante seus estudos, evite distra\u00e7\u00f5es e mantenha sua aten\u00e7\u00e3o totalmente voltada para os conte\u00fados.\u00a0<\/p>\n<\/div><\/div>\n\n\n\n<h2 class=\"wp-block-heading\"><strong>Mantenha uma rotina de sono saud\u00e1vel<\/strong><\/h2>\n\n\n\n<p>Manter uma rotina de sono saud\u00e1vel tamb\u00e9m pode contribuir para melhorar sua aprendizagem e sa\u00fade mental. Uma boa noite de sono \u00e9 fundamental para o bom funcionamento do c\u00e9rebro e para a <a href=\"https:\/\/www.univates.br\/blog\/\/dicas-para-melhorar-a-memoria\/\">consolida\u00e7\u00e3o da mem\u00f3ria<\/a>. Portanto, estabele\u00e7a um hor\u00e1rio regular para dormir e acordar, mesmo nos fins de semana. Essa const\u00e2ncia ajuda a regular seu rel\u00f3gio biol\u00f3gico e a melhorar a qualidade do sono.\u00a0<\/p>\n\n\n\n<div class=\"wp-block-media-text is-stacked-on-mobile\"><figure class=\"wp-block-media-text__media\"><img loading=\"lazy\" decoding=\"async\" width=\"1920\" height=\"1280\" src=\"https:\/\/www.univates.br\/blog\/\/wp-content\/uploads\/2024\/07\/Imagens-posts-blog-36-1920x1280.jpg\" alt=\"\" class=\"wp-image-5617 size-full\" srcset=\"https:\/\/www.univates.br\/blog\/wp-content\/uploads\/2024\/07\/Imagens-posts-blog-36-1920x1280.jpg 1920w, https:\/\/www.univates.br\/blog\/wp-content\/uploads\/2024\/07\/Imagens-posts-blog-36-1200x800.jpg 1200w, https:\/\/www.univates.br\/blog\/wp-content\/uploads\/2024\/07\/Imagens-posts-blog-36-600x400.jpg 600w, https:\/\/www.univates.br\/blog\/wp-content\/uploads\/2024\/07\/Imagens-posts-blog-36-150x100.jpg 150w\" sizes=\"auto, (max-width: 1920px) 100vw, 1920px\" \/><\/figure><div class=\"wp-block-media-text__content\">\n<p>Al\u00e9m disso, evite o uso de dispositivos eletr\u00f4nicos antes de dormir, pois a luz azul emitida por essas telas pode interferir na produ\u00e7\u00e3o de melatonina, o horm\u00f4nio do sono. Em vez disso, crie um ambiente relaxante, diminuindo as luzes e realizando atividades tranquilas, como <a href=\"https:\/\/www.univates.br\/blog\/\/dicas-para-ler-mais\/\">leitura<\/a> ou medita\u00e7\u00e3o.<\/p>\n<\/div><\/div>\n\n\n\n<h2 class=\"wp-block-heading\"><strong>Fa\u00e7a terapia<\/strong><\/h2>\n\n\n\n<p>Buscar ajuda profissional \u00e9 outra medida importante para manter a sa\u00fade mental em dia. A terapia oferece um espa\u00e7o seguro para expressar suas preocupa\u00e7\u00f5es, trabalhar em quest\u00f5es emocionais e desenvolver estrat\u00e9gias de enfrentamento. Um <a href=\"https:\/\/www.univates.br\/blog\/\/o-que-faz-um-psicoterapeuta-e-o-que-estudar-para-se-tornar-um\/\">psicoterapeuta<\/a> pode ajudar voc\u00ea a identificar padr\u00f5es e comportamentos que contribuam para o estresse e a ansiedade.&nbsp;<\/p>\n\n\n\n<div class=\"wp-block-media-text is-stacked-on-mobile\"><figure class=\"wp-block-media-text__media\"><img loading=\"lazy\" decoding=\"async\" width=\"1920\" height=\"1280\" src=\"https:\/\/www.univates.br\/blog\/\/wp-content\/uploads\/2024\/07\/Imagens-posts-blog-37-1920x1280.jpg\" alt=\"\" class=\"wp-image-5618 size-full\" srcset=\"https:\/\/www.univates.br\/blog\/wp-content\/uploads\/2024\/07\/Imagens-posts-blog-37-1920x1280.jpg 1920w, https:\/\/www.univates.br\/blog\/wp-content\/uploads\/2024\/07\/Imagens-posts-blog-37-1200x800.jpg 1200w, https:\/\/www.univates.br\/blog\/wp-content\/uploads\/2024\/07\/Imagens-posts-blog-37-600x400.jpg 600w, https:\/\/www.univates.br\/blog\/wp-content\/uploads\/2024\/07\/Imagens-posts-blog-37-150x100.jpg 150w\" sizes=\"auto, (max-width: 1920px) 100vw, 1920px\" \/><\/figure><div class=\"wp-block-media-text__content\">\n<p>Portanto, n\u00e3o hesite em procurar apoio se sentir que est\u00e1 lutando para lidar com suas responsabilidades acad\u00eamicas e emocionais. Lembre-se de que cuidar da sua sa\u00fade mental \u00e9 um investimento essencial para o seu bem-estar geral e o sucesso acad\u00eamico.\u00a0<\/p>\n<\/div><\/div>\n\n\n\n<h2 class=\"wp-block-heading\">Fim<\/h2>\n\n\n\n<p>Equilibrar estudos e sa\u00fade mental pode parecer um desafio, mas, com as estrat\u00e9gias certas, \u00e9 poss\u00edvel alcan\u00e7ar esse objetivo. Organizar seu tempo, praticar <em>mindfulness<\/em>, manter uma rotina de sono saud\u00e1vel e buscar terapia s\u00e3o medidas importantes para promover um bem-estar integral e sustent\u00e1vel ao longo da sua jornada acad\u00eamica. Priorize sua sa\u00fade mental e colha os benef\u00edcios de uma aprendizagem eficaz e duradoura! \ud83c\udf43\ud83d\ude4f\ud83c\udf92<\/p>\n","protected":false},"excerpt":{"rendered":"<p>Estudos e sa\u00fade mental: como equilibr\u00e1-los para melhorar a aprendizagem?\u00a0Aprenda a cuidar do seu bem-estar enquanto alcan\u00e7a seus objetivos acad\u00eamicos\u00a0 Estudos e sa\u00fade mental: como&nbsp; equilibr\u00e1-los para melhorar a aprendizagem? Em meio \u00e0 correria da vida acad\u00eamica, muitas vezes negligenciamos\u2026<\/p>\n","protected":false},"author":2,"featured_media":0,"comment_status":"open","ping_status":"open","sticky":false,"template":"","format":"standard","meta":{"_acf_changed":false,"footnotes":""},"categories":[23,67],"class_list":["post-5614","post","type-post","status-publish","format-standard","hentry","category-estudos","category-explore","autor-lais-pontin-matos"],"acf":[],"yoast_head":"<!-- This site is optimized with the Yoast SEO plugin v27.3 - https:\/\/yoast.com\/product\/yoast-seo-wordpress\/ -->\n<title>Estudos e sa\u00fade mental: como equilibr\u00e1-los para melhorar a aprendizagem?\u00a0 - Univates Blog<\/title>\n<meta name=\"description\" content=\"Estudos e sa\u00fade mental: como equilibr\u00e1-los para melhorar a aprendizagem? Aprenda a cuidar do seu bem-estar para alcan\u00e7ar seus objetivos.\" \/>\n<meta name=\"robots\" content=\"index, follow, max-snippet:-1, max-image-preview:large, max-video-preview:-1\" \/>\n<link rel=\"canonical\" href=\"https:\/\/www.univates.br\/blog\/estudos-e-saude-mental-como-equilibrar\/\" \/>\n<meta property=\"og:locale\" content=\"pt_BR\" \/>\n<meta property=\"og:type\" content=\"article\" \/>\n<meta property=\"og:title\" content=\"Estudos e sa\u00fade mental: como equilibr\u00e1-los para melhorar a aprendizagem?\u00a0 - Univates Blog\" \/>\n<meta property=\"og:description\" content=\"Estudos e sa\u00fade mental: como equilibr\u00e1-los para melhorar a aprendizagem? Aprenda a cuidar do seu bem-estar para alcan\u00e7ar seus objetivos.\" \/>\n<meta property=\"og:url\" content=\"https:\/\/www.univates.br\/blog\/estudos-e-saude-mental-como-equilibrar\/\" \/>\n<meta property=\"og:site_name\" content=\"Univates Blog\" \/>\n<meta property=\"article:published_time\" content=\"2024-07-04T16:59:42+00:00\" \/>\n<meta property=\"article:modified_time\" content=\"2024-07-04T16:59:44+00:00\" \/>\n<meta property=\"og:image\" content=\"https:\/\/www.univates.br\/blog\/\/wp-content\/uploads\/2024\/07\/Imagens-posts-blog-34-1920x1280.jpg\" \/>\n<meta name=\"author\" content=\"Marketing Univates\" \/>\n<meta name=\"twitter:card\" content=\"summary_large_image\" \/>\n<meta name=\"twitter:label1\" content=\"Escrito por\" \/>\n\t<meta name=\"twitter:data1\" content=\"Marketing Univates\" \/>\n\t<meta name=\"twitter:label2\" content=\"Est. tempo de leitura\" \/>\n\t<meta name=\"twitter:data2\" content=\"5 minutos\" \/>\n<script type=\"application\/ld+json\" class=\"yoast-schema-graph\">{\"@context\":\"https:\\\/\\\/schema.org\",\"@graph\":[{\"@type\":\"Article\",\"@id\":\"https:\\\/\\\/www.univates.br\\\/blog\\\/estudos-e-saude-mental-como-equilibrar\\\/#article\",\"isPartOf\":{\"@id\":\"https:\\\/\\\/www.univates.br\\\/blog\\\/estudos-e-saude-mental-como-equilibrar\\\/\"},\"author\":{\"name\":\"Marketing Univates\",\"@id\":\"https:\\\/\\\/www.univates.br\\\/blog\\\/#\\\/schema\\\/person\\\/15c63917440cc5e70160c247b309af2f\"},\"headline\":\"Estudos e sa\u00fade mental: como equilibr\u00e1-los para melhorar a aprendizagem?\u00a0\",\"datePublished\":\"2024-07-04T16:59:42+00:00\",\"dateModified\":\"2024-07-04T16:59:44+00:00\",\"mainEntityOfPage\":{\"@id\":\"https:\\\/\\\/www.univates.br\\\/blog\\\/estudos-e-saude-mental-como-equilibrar\\\/\"},\"wordCount\":714,\"commentCount\":0,\"image\":{\"@id\":\"https:\\\/\\\/www.univates.br\\\/blog\\\/estudos-e-saude-mental-como-equilibrar\\\/#primaryimage\"},\"thumbnailUrl\":\"https:\\\/\\\/www.univates.br\\\/blog\\\/\\\/wp-content\\\/uploads\\\/2024\\\/07\\\/Imagens-posts-blog-34-1920x1280.jpg\",\"articleSection\":[\"Estudos\",\"Explore\"],\"inLanguage\":\"pt-BR\",\"potentialAction\":[{\"@type\":\"CommentAction\",\"name\":\"Comment\",\"target\":[\"https:\\\/\\\/www.univates.br\\\/blog\\\/estudos-e-saude-mental-como-equilibrar\\\/#respond\"]}]},{\"@type\":\"WebPage\",\"@id\":\"https:\\\/\\\/www.univates.br\\\/blog\\\/estudos-e-saude-mental-como-equilibrar\\\/\",\"url\":\"https:\\\/\\\/www.univates.br\\\/blog\\\/estudos-e-saude-mental-como-equilibrar\\\/\",\"name\":\"Estudos e sa\u00fade mental: como equilibr\u00e1-los para melhorar a aprendizagem?\u00a0 - Univates Blog\",\"isPartOf\":{\"@id\":\"https:\\\/\\\/www.univates.br\\\/blog\\\/#website\"},\"primaryImageOfPage\":{\"@id\":\"https:\\\/\\\/www.univates.br\\\/blog\\\/estudos-e-saude-mental-como-equilibrar\\\/#primaryimage\"},\"image\":{\"@id\":\"https:\\\/\\\/www.univates.br\\\/blog\\\/estudos-e-saude-mental-como-equilibrar\\\/#primaryimage\"},\"thumbnailUrl\":\"https:\\\/\\\/www.univates.br\\\/blog\\\/\\\/wp-content\\\/uploads\\\/2024\\\/07\\\/Imagens-posts-blog-34-1920x1280.jpg\",\"datePublished\":\"2024-07-04T16:59:42+00:00\",\"dateModified\":\"2024-07-04T16:59:44+00:00\",\"author\":{\"@id\":\"https:\\\/\\\/www.univates.br\\\/blog\\\/#\\\/schema\\\/person\\\/15c63917440cc5e70160c247b309af2f\"},\"description\":\"Estudos e sa\u00fade mental: como equilibr\u00e1-los para melhorar a aprendizagem? Aprenda a cuidar do seu bem-estar para alcan\u00e7ar seus objetivos.\",\"breadcrumb\":{\"@id\":\"https:\\\/\\\/www.univates.br\\\/blog\\\/estudos-e-saude-mental-como-equilibrar\\\/#breadcrumb\"},\"inLanguage\":\"pt-BR\",\"potentialAction\":[{\"@type\":\"ReadAction\",\"target\":[\"https:\\\/\\\/www.univates.br\\\/blog\\\/estudos-e-saude-mental-como-equilibrar\\\/\"]}]},{\"@type\":\"ImageObject\",\"inLanguage\":\"pt-BR\",\"@id\":\"https:\\\/\\\/www.univates.br\\\/blog\\\/estudos-e-saude-mental-como-equilibrar\\\/#primaryimage\",\"url\":\"https:\\\/\\\/www.univates.br\\\/blog\\\/\\\/wp-content\\\/uploads\\\/2024\\\/07\\\/Imagens-posts-blog-34-1920x1280.jpg\",\"contentUrl\":\"https:\\\/\\\/www.univates.br\\\/blog\\\/\\\/wp-content\\\/uploads\\\/2024\\\/07\\\/Imagens-posts-blog-34-1920x1280.jpg\"},{\"@type\":\"BreadcrumbList\",\"@id\":\"https:\\\/\\\/www.univates.br\\\/blog\\\/estudos-e-saude-mental-como-equilibrar\\\/#breadcrumb\",\"itemListElement\":[{\"@type\":\"ListItem\",\"position\":1,\"name\":\"Home\",\"item\":\"https:\\\/\\\/www.univates.br\\\/blog\\\/\"},{\"@type\":\"ListItem\",\"position\":2,\"name\":\"Estudos e sa\u00fade mental: como equilibr\u00e1-los para melhorar a aprendizagem?\u00a0\"}]},{\"@type\":\"WebSite\",\"@id\":\"https:\\\/\\\/www.univates.br\\\/blog\\\/#website\",\"url\":\"https:\\\/\\\/www.univates.br\\\/blog\\\/\",\"name\":\"Univates Blog\",\"description\":\"\",\"potentialAction\":[{\"@type\":\"SearchAction\",\"target\":{\"@type\":\"EntryPoint\",\"urlTemplate\":\"https:\\\/\\\/www.univates.br\\\/blog\\\/?s={search_term_string}\"},\"query-input\":{\"@type\":\"PropertyValueSpecification\",\"valueRequired\":true,\"valueName\":\"search_term_string\"}}],\"inLanguage\":\"pt-BR\"},{\"@type\":\"Person\",\"@id\":\"https:\\\/\\\/www.univates.br\\\/blog\\\/#\\\/schema\\\/person\\\/15c63917440cc5e70160c247b309af2f\",\"name\":\"Marketing Univates\",\"image\":{\"@type\":\"ImageObject\",\"inLanguage\":\"pt-BR\",\"@id\":\"https:\\\/\\\/secure.gravatar.com\\\/avatar\\\/511f9e77a6a3d0cddd9074f69a722364bc7f787e73d4a0da1f727ba62704eda4?s=96&d=mm&r=g\",\"url\":\"https:\\\/\\\/secure.gravatar.com\\\/avatar\\\/511f9e77a6a3d0cddd9074f69a722364bc7f787e73d4a0da1f727ba62704eda4?s=96&d=mm&r=g\",\"contentUrl\":\"https:\\\/\\\/secure.gravatar.com\\\/avatar\\\/511f9e77a6a3d0cddd9074f69a722364bc7f787e73d4a0da1f727ba62704eda4?s=96&d=mm&r=g\",\"caption\":\"Marketing Univates\"},\"sameAs\":[\"http:\\\/\\\/univates.br\"],\"url\":\"https:\\\/\\\/www.univates.br\\\/blog\\\/author\\\/marketing\\\/\"}]}<\/script>\n<!-- \/ Yoast SEO plugin. -->","yoast_head_json":{"title":"Estudos e sa\u00fade mental: como equilibr\u00e1-los para melhorar a aprendizagem?\u00a0 - Univates Blog","description":"Estudos e sa\u00fade mental: como equilibr\u00e1-los para melhorar a aprendizagem? Aprenda a cuidar do seu bem-estar para alcan\u00e7ar seus objetivos.","robots":{"index":"index","follow":"follow","max-snippet":"max-snippet:-1","max-image-preview":"max-image-preview:large","max-video-preview":"max-video-preview:-1"},"canonical":"https:\/\/www.univates.br\/blog\/estudos-e-saude-mental-como-equilibrar\/","og_locale":"pt_BR","og_type":"article","og_title":"Estudos e sa\u00fade mental: como equilibr\u00e1-los para melhorar a aprendizagem?\u00a0 - Univates Blog","og_description":"Estudos e sa\u00fade mental: como equilibr\u00e1-los para melhorar a aprendizagem? Aprenda a cuidar do seu bem-estar para alcan\u00e7ar seus objetivos.","og_url":"https:\/\/www.univates.br\/blog\/estudos-e-saude-mental-como-equilibrar\/","og_site_name":"Univates Blog","article_published_time":"2024-07-04T16:59:42+00:00","article_modified_time":"2024-07-04T16:59:44+00:00","og_image":[{"url":"https:\/\/www.univates.br\/blog\/\/wp-content\/uploads\/2024\/07\/Imagens-posts-blog-34-1920x1280.jpg","type":"","width":"","height":""}],"author":"Marketing Univates","twitter_card":"summary_large_image","twitter_misc":{"Escrito por":"Marketing Univates","Est. tempo de leitura":"5 minutos"},"schema":{"@context":"https:\/\/schema.org","@graph":[{"@type":"Article","@id":"https:\/\/www.univates.br\/blog\/estudos-e-saude-mental-como-equilibrar\/#article","isPartOf":{"@id":"https:\/\/www.univates.br\/blog\/estudos-e-saude-mental-como-equilibrar\/"},"author":{"name":"Marketing Univates","@id":"https:\/\/www.univates.br\/blog\/#\/schema\/person\/15c63917440cc5e70160c247b309af2f"},"headline":"Estudos e sa\u00fade mental: como equilibr\u00e1-los para melhorar a aprendizagem?\u00a0","datePublished":"2024-07-04T16:59:42+00:00","dateModified":"2024-07-04T16:59:44+00:00","mainEntityOfPage":{"@id":"https:\/\/www.univates.br\/blog\/estudos-e-saude-mental-como-equilibrar\/"},"wordCount":714,"commentCount":0,"image":{"@id":"https:\/\/www.univates.br\/blog\/estudos-e-saude-mental-como-equilibrar\/#primaryimage"},"thumbnailUrl":"https:\/\/www.univates.br\/blog\/\/wp-content\/uploads\/2024\/07\/Imagens-posts-blog-34-1920x1280.jpg","articleSection":["Estudos","Explore"],"inLanguage":"pt-BR","potentialAction":[{"@type":"CommentAction","name":"Comment","target":["https:\/\/www.univates.br\/blog\/estudos-e-saude-mental-como-equilibrar\/#respond"]}]},{"@type":"WebPage","@id":"https:\/\/www.univates.br\/blog\/estudos-e-saude-mental-como-equilibrar\/","url":"https:\/\/www.univates.br\/blog\/estudos-e-saude-mental-como-equilibrar\/","name":"Estudos e sa\u00fade mental: como equilibr\u00e1-los para melhorar a aprendizagem?\u00a0 - Univates Blog","isPartOf":{"@id":"https:\/\/www.univates.br\/blog\/#website"},"primaryImageOfPage":{"@id":"https:\/\/www.univates.br\/blog\/estudos-e-saude-mental-como-equilibrar\/#primaryimage"},"image":{"@id":"https:\/\/www.univates.br\/blog\/estudos-e-saude-mental-como-equilibrar\/#primaryimage"},"thumbnailUrl":"https:\/\/www.univates.br\/blog\/\/wp-content\/uploads\/2024\/07\/Imagens-posts-blog-34-1920x1280.jpg","datePublished":"2024-07-04T16:59:42+00:00","dateModified":"2024-07-04T16:59:44+00:00","author":{"@id":"https:\/\/www.univates.br\/blog\/#\/schema\/person\/15c63917440cc5e70160c247b309af2f"},"description":"Estudos e sa\u00fade mental: como equilibr\u00e1-los para melhorar a aprendizagem? Aprenda a cuidar do seu bem-estar para alcan\u00e7ar seus objetivos.","breadcrumb":{"@id":"https:\/\/www.univates.br\/blog\/estudos-e-saude-mental-como-equilibrar\/#breadcrumb"},"inLanguage":"pt-BR","potentialAction":[{"@type":"ReadAction","target":["https:\/\/www.univates.br\/blog\/estudos-e-saude-mental-como-equilibrar\/"]}]},{"@type":"ImageObject","inLanguage":"pt-BR","@id":"https:\/\/www.univates.br\/blog\/estudos-e-saude-mental-como-equilibrar\/#primaryimage","url":"https:\/\/www.univates.br\/blog\/\/wp-content\/uploads\/2024\/07\/Imagens-posts-blog-34-1920x1280.jpg","contentUrl":"https:\/\/www.univates.br\/blog\/\/wp-content\/uploads\/2024\/07\/Imagens-posts-blog-34-1920x1280.jpg"},{"@type":"BreadcrumbList","@id":"https:\/\/www.univates.br\/blog\/estudos-e-saude-mental-como-equilibrar\/#breadcrumb","itemListElement":[{"@type":"ListItem","position":1,"name":"Home","item":"https:\/\/www.univates.br\/blog\/"},{"@type":"ListItem","position":2,"name":"Estudos e sa\u00fade mental: como equilibr\u00e1-los para melhorar a aprendizagem?\u00a0"}]},{"@type":"WebSite","@id":"https:\/\/www.univates.br\/blog\/#website","url":"https:\/\/www.univates.br\/blog\/","name":"Univates Blog","description":"","potentialAction":[{"@type":"SearchAction","target":{"@type":"EntryPoint","urlTemplate":"https:\/\/www.univates.br\/blog\/?s={search_term_string}"},"query-input":{"@type":"PropertyValueSpecification","valueRequired":true,"valueName":"search_term_string"}}],"inLanguage":"pt-BR"},{"@type":"Person","@id":"https:\/\/www.univates.br\/blog\/#\/schema\/person\/15c63917440cc5e70160c247b309af2f","name":"Marketing Univates","image":{"@type":"ImageObject","inLanguage":"pt-BR","@id":"https:\/\/secure.gravatar.com\/avatar\/511f9e77a6a3d0cddd9074f69a722364bc7f787e73d4a0da1f727ba62704eda4?s=96&d=mm&r=g","url":"https:\/\/secure.gravatar.com\/avatar\/511f9e77a6a3d0cddd9074f69a722364bc7f787e73d4a0da1f727ba62704eda4?s=96&d=mm&r=g","contentUrl":"https:\/\/secure.gravatar.com\/avatar\/511f9e77a6a3d0cddd9074f69a722364bc7f787e73d4a0da1f727ba62704eda4?s=96&d=mm&r=g","caption":"Marketing Univates"},"sameAs":["http:\/\/univates.br"],"url":"https:\/\/www.univates.br\/blog\/author\/marketing\/"}]}},"_links":{"self":[{"href":"https:\/\/www.univates.br\/blog\/wp-json\/wp\/v2\/posts\/5614","targetHints":{"allow":["GET"]}}],"collection":[{"href":"https:\/\/www.univates.br\/blog\/wp-json\/wp\/v2\/posts"}],"about":[{"href":"https:\/\/www.univates.br\/blog\/wp-json\/wp\/v2\/types\/post"}],"author":[{"embeddable":true,"href":"https:\/\/www.univates.br\/blog\/wp-json\/wp\/v2\/users\/2"}],"replies":[{"embeddable":true,"href":"https:\/\/www.univates.br\/blog\/wp-json\/wp\/v2\/comments?post=5614"}],"version-history":[{"count":1,"href":"https:\/\/www.univates.br\/blog\/wp-json\/wp\/v2\/posts\/5614\/revisions"}],"predecessor-version":[{"id":5619,"href":"https:\/\/www.univates.br\/blog\/wp-json\/wp\/v2\/posts\/5614\/revisions\/5619"}],"wp:attachment":[{"href":"https:\/\/www.univates.br\/blog\/wp-json\/wp\/v2\/media?parent=5614"}],"wp:term":[{"taxonomy":"category","embeddable":true,"href":"https:\/\/www.univates.br\/blog\/wp-json\/wp\/v2\/categories?post=5614"}],"curies":[{"name":"wp","href":"https:\/\/api.w.org\/{rel}","templated":true}]}}