{"id":574,"date":"2022-05-05T15:03:55","date_gmt":"2022-05-05T18:03:55","guid":{"rendered":"https:\/\/desenvolvimento.bravo.st\/univatesblog\/?p=574"},"modified":"2023-12-20T21:39:46","modified_gmt":"2023-12-21T00:39:46","slug":"onde-posso-trabalhar-depois-de-formado-no-tecnico-em-design-de-interiores","status":"publish","type":"post","link":"https:\/\/www.univates.br\/blog\/onde-posso-trabalhar-depois-de-formado-no-tecnico-em-design-de-interiores\/","title":{"rendered":"Onde posso trabalhar depois de formado no T\u00e9cnico em Design de Interiores?"},"content":{"rendered":"\n<div class=\"wp-block-media-text alignwide is-stacked-on-mobile\"><figure class=\"wp-block-media-text__media\"><img loading=\"lazy\" decoding=\"async\" width=\"291\" height=\"193\" src=\"https:\/\/desenvolvimento.bravo.st\/univatesblog\/wp-content\/uploads\/2022\/05\/pexels-pixabay-276267_1603992450.1606.jpg\" alt=\"\" class=\"wp-image-575 size-full\" srcset=\"https:\/\/www.univates.br\/blog\/wp-content\/uploads\/2022\/05\/pexels-pixabay-276267_1603992450.1606.jpg 291w, https:\/\/www.univates.br\/blog\/wp-content\/uploads\/2022\/05\/pexels-pixabay-276267_1603992450.1606-150x99.jpg 150w\" sizes=\"auto, (max-width: 291px) 100vw, 291px\" \/><\/figure><div class=\"wp-block-media-text__content\">\n<p>Precisando de ajuda para descobrir onde voc\u00ea poder\u00e1&nbsp;<strong>trabalhar<\/strong>&nbsp;depois de formado no&nbsp;<strong><a href=\"https:\/\/www.univates.br\/tecnicos\/design-de-interiores\">T\u00e9cnico em Design de Interiores<\/a><\/strong>? Se sim, n\u00e3o deixe de ler este&nbsp;<em>post<\/em>, que re\u00fane, al\u00e9m das principais atribui\u00e7\u00f5es dos diplomados, informa\u00e7\u00f5es a respeito de como anda o&nbsp;<strong>mercado de trabalho<\/strong>&nbsp;da \u00e1rea. Fique ligado:&nbsp;<\/p>\n\n\n\n<p><em>(Foto: Divulga\u00e7\u00e3o\/Pexels)<\/em><\/p>\n<\/div><\/div>\n\n\n\n<p>Ao se formar no&nbsp;<strong>T\u00e9cnico em&nbsp;<em>Design<\/em>&nbsp;de Interiores<\/strong>, voc\u00ea estar\u00e1 habilitado para criar, desenvolver e executar projetos de&nbsp;<strong><em>design<\/em><\/strong>&nbsp;residenciais, comerciais e institucionais, podendo auxiliar tamb\u00e9m em reformas e decora\u00e7\u00f5es. Nessa fun\u00e7\u00e3o, sua principal miss\u00e3o profissional ser\u00e1 a de considerar aspectos t\u00e9cnicos, funcionais, econ\u00f4micos e est\u00e9ticos na hora de construir ou remodelar ambientes internos como salas de estar, cozinhas e quartos. \u00c9 muito importante que, al\u00e9m de bonitos, os espa\u00e7os sejam pr\u00e1ticos a fim de facilitar a vida e garantir o conforto das pessoas que ir\u00e3o ocup\u00e1-los.&nbsp;<\/p>\n\n\n\n<p><strong>T\u00e9cnicos em&nbsp;<em>design<\/em>&nbsp;de interiores<\/strong>&nbsp;podem&nbsp;<strong>trabalhar<\/strong>&nbsp;em locais como empresas de decora\u00e7\u00e3o, lojas de m\u00f3veis, imobili\u00e1rias, escrit\u00f3rios de arquitetura e construtoras. Se desejarem, esses profissionais tamb\u00e9m podem atuar de forma aut\u00f4noma, abrindo o pr\u00f3prio neg\u00f3cio.&nbsp;<\/p>\n\n\n\n<h2 class=\"wp-block-heading\">B\u00d4NUS: conhe\u00e7a o T\u00e9cnico em Design de Interiores<\/h2>\n\n\n\n<p>Clique no&nbsp;<em>link<\/em>&nbsp;abaixo para entender como funciona o&nbsp;<strong>T\u00e9cnico em&nbsp;<em>Design<\/em>&nbsp;de Interiores<\/strong>:&nbsp;<\/p>\n\n\n\n<p><a href=\"https:\/\/www.univates.br\/blog\/\/post\/como-funciona-o-curso-tecnico-em-design-de-interiores\">Como funciona o curso T\u00e9cnico em Design de Interiores?<\/a><\/p>\n\n\n\n<figure class=\"wp-block-image size-full\"><img loading=\"lazy\" decoding=\"async\" width=\"729\" height=\"486\" src=\"https:\/\/desenvolvimento.bravo.st\/univatesblog\/wp-content\/uploads\/2022\/05\/pexels-lisa-fotios-1090638_1603992960.1468.jpg\" alt=\"\" class=\"wp-image-576\" srcset=\"https:\/\/www.univates.br\/blog\/wp-content\/uploads\/2022\/05\/pexels-lisa-fotios-1090638_1603992960.1468.jpg 729w, https:\/\/www.univates.br\/blog\/wp-content\/uploads\/2022\/05\/pexels-lisa-fotios-1090638_1603992960.1468-600x400.jpg 600w, https:\/\/www.univates.br\/blog\/wp-content\/uploads\/2022\/05\/pexels-lisa-fotios-1090638_1603992960.1468-150x100.jpg 150w\" sizes=\"auto, (max-width: 729px) 100vw, 729px\" \/><figcaption>Foto: Divulga\u00e7\u00e3o\/Pexels<\/figcaption><\/figure>\n\n\n\n<p><a href=\"https:\/\/www.univates.br\/blog\/\/post\/quer-empreender-cursando-um-tecnico-voce-pode\">Quer empreender? Cursando um t\u00e9cnico voc\u00ea pode!\u00a0<\/a><\/p>\n\n\n\n<p><a href=\"https:\/\/www.univates.br\/blog\/\/post\/intercambio-academico-durante-o-curso-tecnico\">Interc\u00e2mbio acad\u00eamico durante o Curso T\u00e9cnico?\u00a0<\/a><\/p>\n\n\n\n<p><a href=\"https:\/\/www.univates.br\/blog\/\/post\/confira-os-motivos-para-fazer-um-curso-tecnico-na-nossa-universidade\">Confira os motivos para fazer um curso t\u00e9cnico na nossa Universidade\u00a0<\/a><\/p>\n\n\n\n<p><a href=\"https:\/\/www.univates.br\/blog\/\/post\/22200-cerca-de-25-dos-estudantes-de-cursos-tecnicos-iniciam-formacao-antes-de-concluir-o-ensino-medio\">Cerca de 25% dos estudantes de cursos t\u00e9cnicos iniciam forma\u00e7\u00e3o antes de concluir o Ensino M\u00e9dio<\/a><\/p>\n","protected":false},"excerpt":{"rendered":"<p>Precisando de ajuda para descobrir onde voc\u00ea poder\u00e1&nbsp;trabalhar&nbsp;depois de formado no&nbsp;T\u00e9cnico em Design de Interiores? Se sim, n\u00e3o deixe de ler este&nbsp;post, que re\u00fane, al\u00e9m das principais atribui\u00e7\u00f5es dos diplomados, informa\u00e7\u00f5es a respeito de como anda o&nbsp;mercado de trabalho&nbsp;da \u00e1rea.\u2026<\/p>\n","protected":false},"author":2,"featured_media":0,"comment_status":"open","ping_status":"open","sticky":false,"template":"","format":"standard","meta":{"_acf_changed":false,"footnotes":""},"categories":[33,15],"class_list":["post-574","post","type-post","status-publish","format-standard","hentry","category-carreira","category-cursos-tecnicos","autor-lais-pontin-matos","curso-tecnico-em-design-de-interiores","area-cursos-tecnicos"],"acf":[],"yoast_head":"<!-- This site is optimized with the Yoast SEO plugin v27.3 - https:\/\/yoast.com\/product\/yoast-seo-wordpress\/ -->\n<title>Onde posso trabalhar depois de formado no T\u00e9cnico em Design de Interiores? - Univates Blog<\/title>\n<meta name=\"robots\" content=\"index, follow, max-snippet:-1, max-image-preview:large, max-video-preview:-1\" \/>\n<link rel=\"canonical\" href=\"https:\/\/www.univates.br\/blog\/onde-posso-trabalhar-depois-de-formado-no-tecnico-em-design-de-interiores\/\" \/>\n<meta property=\"og:locale\" content=\"pt_BR\" \/>\n<meta property=\"og:type\" content=\"article\" \/>\n<meta property=\"og:title\" content=\"Onde posso trabalhar depois de formado no T\u00e9cnico em Design de Interiores? - Univates Blog\" \/>\n<meta property=\"og:description\" content=\"Precisando de ajuda para descobrir onde voc\u00ea poder\u00e1&nbsp;trabalhar&nbsp;depois de formado no&nbsp;T\u00e9cnico em Design de Interiores? Se sim, n\u00e3o deixe de ler este&nbsp;post, que re\u00fane, al\u00e9m das principais atribui\u00e7\u00f5es dos diplomados, informa\u00e7\u00f5es a respeito de como anda o&nbsp;mercado de trabalho&nbsp;da \u00e1rea.\u2026\" \/>\n<meta property=\"og:url\" content=\"https:\/\/www.univates.br\/blog\/onde-posso-trabalhar-depois-de-formado-no-tecnico-em-design-de-interiores\/\" \/>\n<meta property=\"og:site_name\" content=\"Univates Blog\" \/>\n<meta property=\"article:published_time\" content=\"2022-05-05T18:03:55+00:00\" \/>\n<meta property=\"article:modified_time\" content=\"2023-12-21T00:39:46+00:00\" \/>\n<meta property=\"og:image\" content=\"https:\/\/desenvolvimento.bravo.st\/univatesblog\/wp-content\/uploads\/2022\/05\/pexels-pixabay-276267_1603992450.1606.jpg\" \/>\n<meta name=\"author\" content=\"Marketing Univates\" \/>\n<meta name=\"twitter:card\" content=\"summary_large_image\" \/>\n<meta name=\"twitter:label1\" content=\"Escrito por\" \/>\n\t<meta name=\"twitter:data1\" content=\"Marketing Univates\" \/>\n\t<meta name=\"twitter:label2\" content=\"Est. tempo de leitura\" \/>\n\t<meta name=\"twitter:data2\" content=\"2 minutos\" \/>\n<script type=\"application\/ld+json\" class=\"yoast-schema-graph\">{\"@context\":\"https:\\\/\\\/schema.org\",\"@graph\":[{\"@type\":\"Article\",\"@id\":\"https:\\\/\\\/www.univates.br\\\/blog\\\/onde-posso-trabalhar-depois-de-formado-no-tecnico-em-design-de-interiores\\\/#article\",\"isPartOf\":{\"@id\":\"https:\\\/\\\/www.univates.br\\\/blog\\\/onde-posso-trabalhar-depois-de-formado-no-tecnico-em-design-de-interiores\\\/\"},\"author\":{\"name\":\"Marketing Univates\",\"@id\":\"https:\\\/\\\/www.univates.br\\\/blog\\\/#\\\/schema\\\/person\\\/15c63917440cc5e70160c247b309af2f\"},\"headline\":\"Onde posso trabalhar depois de formado no T\u00e9cnico em Design de Interiores?\",\"datePublished\":\"2022-05-05T18:03:55+00:00\",\"dateModified\":\"2023-12-21T00:39:46+00:00\",\"mainEntityOfPage\":{\"@id\":\"https:\\\/\\\/www.univates.br\\\/blog\\\/onde-posso-trabalhar-depois-de-formado-no-tecnico-em-design-de-interiores\\\/\"},\"wordCount\":328,\"commentCount\":0,\"image\":{\"@id\":\"https:\\\/\\\/www.univates.br\\\/blog\\\/onde-posso-trabalhar-depois-de-formado-no-tecnico-em-design-de-interiores\\\/#primaryimage\"},\"thumbnailUrl\":\"https:\\\/\\\/desenvolvimento.bravo.st\\\/univatesblog\\\/wp-content\\\/uploads\\\/2022\\\/05\\\/pexels-pixabay-276267_1603992450.1606.jpg\",\"articleSection\":[\"Carreira\",\"Cursos T\u00e9cnicos\"],\"inLanguage\":\"pt-BR\",\"potentialAction\":[{\"@type\":\"CommentAction\",\"name\":\"Comment\",\"target\":[\"https:\\\/\\\/www.univates.br\\\/blog\\\/onde-posso-trabalhar-depois-de-formado-no-tecnico-em-design-de-interiores\\\/#respond\"]}]},{\"@type\":\"WebPage\",\"@id\":\"https:\\\/\\\/www.univates.br\\\/blog\\\/onde-posso-trabalhar-depois-de-formado-no-tecnico-em-design-de-interiores\\\/\",\"url\":\"https:\\\/\\\/www.univates.br\\\/blog\\\/onde-posso-trabalhar-depois-de-formado-no-tecnico-em-design-de-interiores\\\/\",\"name\":\"Onde posso trabalhar depois de formado no T\u00e9cnico em Design de Interiores? - Univates Blog\",\"isPartOf\":{\"@id\":\"https:\\\/\\\/www.univates.br\\\/blog\\\/#website\"},\"primaryImageOfPage\":{\"@id\":\"https:\\\/\\\/www.univates.br\\\/blog\\\/onde-posso-trabalhar-depois-de-formado-no-tecnico-em-design-de-interiores\\\/#primaryimage\"},\"image\":{\"@id\":\"https:\\\/\\\/www.univates.br\\\/blog\\\/onde-posso-trabalhar-depois-de-formado-no-tecnico-em-design-de-interiores\\\/#primaryimage\"},\"thumbnailUrl\":\"https:\\\/\\\/desenvolvimento.bravo.st\\\/univatesblog\\\/wp-content\\\/uploads\\\/2022\\\/05\\\/pexels-pixabay-276267_1603992450.1606.jpg\",\"datePublished\":\"2022-05-05T18:03:55+00:00\",\"dateModified\":\"2023-12-21T00:39:46+00:00\",\"author\":{\"@id\":\"https:\\\/\\\/www.univates.br\\\/blog\\\/#\\\/schema\\\/person\\\/15c63917440cc5e70160c247b309af2f\"},\"breadcrumb\":{\"@id\":\"https:\\\/\\\/www.univates.br\\\/blog\\\/onde-posso-trabalhar-depois-de-formado-no-tecnico-em-design-de-interiores\\\/#breadcrumb\"},\"inLanguage\":\"pt-BR\",\"potentialAction\":[{\"@type\":\"ReadAction\",\"target\":[\"https:\\\/\\\/www.univates.br\\\/blog\\\/onde-posso-trabalhar-depois-de-formado-no-tecnico-em-design-de-interiores\\\/\"]}]},{\"@type\":\"ImageObject\",\"inLanguage\":\"pt-BR\",\"@id\":\"https:\\\/\\\/www.univates.br\\\/blog\\\/onde-posso-trabalhar-depois-de-formado-no-tecnico-em-design-de-interiores\\\/#primaryimage\",\"url\":\"https:\\\/\\\/desenvolvimento.bravo.st\\\/univatesblog\\\/wp-content\\\/uploads\\\/2022\\\/05\\\/pexels-pixabay-276267_1603992450.1606.jpg\",\"contentUrl\":\"https:\\\/\\\/desenvolvimento.bravo.st\\\/univatesblog\\\/wp-content\\\/uploads\\\/2022\\\/05\\\/pexels-pixabay-276267_1603992450.1606.jpg\"},{\"@type\":\"BreadcrumbList\",\"@id\":\"https:\\\/\\\/www.univates.br\\\/blog\\\/onde-posso-trabalhar-depois-de-formado-no-tecnico-em-design-de-interiores\\\/#breadcrumb\",\"itemListElement\":[{\"@type\":\"ListItem\",\"position\":1,\"name\":\"Home\",\"item\":\"https:\\\/\\\/www.univates.br\\\/blog\\\/\"},{\"@type\":\"ListItem\",\"position\":2,\"name\":\"Onde posso trabalhar depois de formado no T\u00e9cnico em Design de Interiores?\"}]},{\"@type\":\"WebSite\",\"@id\":\"https:\\\/\\\/www.univates.br\\\/blog\\\/#website\",\"url\":\"https:\\\/\\\/www.univates.br\\\/blog\\\/\",\"name\":\"Univates Blog\",\"description\":\"\",\"potentialAction\":[{\"@type\":\"SearchAction\",\"target\":{\"@type\":\"EntryPoint\",\"urlTemplate\":\"https:\\\/\\\/www.univates.br\\\/blog\\\/?s={search_term_string}\"},\"query-input\":{\"@type\":\"PropertyValueSpecification\",\"valueRequired\":true,\"valueName\":\"search_term_string\"}}],\"inLanguage\":\"pt-BR\"},{\"@type\":\"Person\",\"@id\":\"https:\\\/\\\/www.univates.br\\\/blog\\\/#\\\/schema\\\/person\\\/15c63917440cc5e70160c247b309af2f\",\"name\":\"Marketing Univates\",\"image\":{\"@type\":\"ImageObject\",\"inLanguage\":\"pt-BR\",\"@id\":\"https:\\\/\\\/secure.gravatar.com\\\/avatar\\\/511f9e77a6a3d0cddd9074f69a722364bc7f787e73d4a0da1f727ba62704eda4?s=96&d=mm&r=g\",\"url\":\"https:\\\/\\\/secure.gravatar.com\\\/avatar\\\/511f9e77a6a3d0cddd9074f69a722364bc7f787e73d4a0da1f727ba62704eda4?s=96&d=mm&r=g\",\"contentUrl\":\"https:\\\/\\\/secure.gravatar.com\\\/avatar\\\/511f9e77a6a3d0cddd9074f69a722364bc7f787e73d4a0da1f727ba62704eda4?s=96&d=mm&r=g\",\"caption\":\"Marketing Univates\"},\"sameAs\":[\"http:\\\/\\\/univates.br\"],\"url\":\"https:\\\/\\\/www.univates.br\\\/blog\\\/author\\\/marketing\\\/\"}]}<\/script>\n<!-- \/ Yoast SEO plugin. -->","yoast_head_json":{"title":"Onde posso trabalhar depois de formado no T\u00e9cnico em Design de Interiores? - Univates Blog","robots":{"index":"index","follow":"follow","max-snippet":"max-snippet:-1","max-image-preview":"max-image-preview:large","max-video-preview":"max-video-preview:-1"},"canonical":"https:\/\/www.univates.br\/blog\/onde-posso-trabalhar-depois-de-formado-no-tecnico-em-design-de-interiores\/","og_locale":"pt_BR","og_type":"article","og_title":"Onde posso trabalhar depois de formado no T\u00e9cnico em Design de Interiores? - Univates Blog","og_description":"Precisando de ajuda para descobrir onde voc\u00ea poder\u00e1&nbsp;trabalhar&nbsp;depois de formado no&nbsp;T\u00e9cnico em Design de Interiores? Se sim, n\u00e3o deixe de ler este&nbsp;post, que re\u00fane, al\u00e9m das principais atribui\u00e7\u00f5es dos diplomados, informa\u00e7\u00f5es a respeito de como anda o&nbsp;mercado de trabalho&nbsp;da \u00e1rea.\u2026","og_url":"https:\/\/www.univates.br\/blog\/onde-posso-trabalhar-depois-de-formado-no-tecnico-em-design-de-interiores\/","og_site_name":"Univates Blog","article_published_time":"2022-05-05T18:03:55+00:00","article_modified_time":"2023-12-21T00:39:46+00:00","og_image":[{"url":"https:\/\/desenvolvimento.bravo.st\/univatesblog\/wp-content\/uploads\/2022\/05\/pexels-pixabay-276267_1603992450.1606.jpg","type":"","width":"","height":""}],"author":"Marketing Univates","twitter_card":"summary_large_image","twitter_misc":{"Escrito por":"Marketing Univates","Est. tempo de leitura":"2 minutos"},"schema":{"@context":"https:\/\/schema.org","@graph":[{"@type":"Article","@id":"https:\/\/www.univates.br\/blog\/onde-posso-trabalhar-depois-de-formado-no-tecnico-em-design-de-interiores\/#article","isPartOf":{"@id":"https:\/\/www.univates.br\/blog\/onde-posso-trabalhar-depois-de-formado-no-tecnico-em-design-de-interiores\/"},"author":{"name":"Marketing Univates","@id":"https:\/\/www.univates.br\/blog\/#\/schema\/person\/15c63917440cc5e70160c247b309af2f"},"headline":"Onde posso trabalhar depois de formado no T\u00e9cnico em Design de Interiores?","datePublished":"2022-05-05T18:03:55+00:00","dateModified":"2023-12-21T00:39:46+00:00","mainEntityOfPage":{"@id":"https:\/\/www.univates.br\/blog\/onde-posso-trabalhar-depois-de-formado-no-tecnico-em-design-de-interiores\/"},"wordCount":328,"commentCount":0,"image":{"@id":"https:\/\/www.univates.br\/blog\/onde-posso-trabalhar-depois-de-formado-no-tecnico-em-design-de-interiores\/#primaryimage"},"thumbnailUrl":"https:\/\/desenvolvimento.bravo.st\/univatesblog\/wp-content\/uploads\/2022\/05\/pexels-pixabay-276267_1603992450.1606.jpg","articleSection":["Carreira","Cursos T\u00e9cnicos"],"inLanguage":"pt-BR","potentialAction":[{"@type":"CommentAction","name":"Comment","target":["https:\/\/www.univates.br\/blog\/onde-posso-trabalhar-depois-de-formado-no-tecnico-em-design-de-interiores\/#respond"]}]},{"@type":"WebPage","@id":"https:\/\/www.univates.br\/blog\/onde-posso-trabalhar-depois-de-formado-no-tecnico-em-design-de-interiores\/","url":"https:\/\/www.univates.br\/blog\/onde-posso-trabalhar-depois-de-formado-no-tecnico-em-design-de-interiores\/","name":"Onde posso trabalhar depois de formado no T\u00e9cnico em Design de Interiores? - Univates Blog","isPartOf":{"@id":"https:\/\/www.univates.br\/blog\/#website"},"primaryImageOfPage":{"@id":"https:\/\/www.univates.br\/blog\/onde-posso-trabalhar-depois-de-formado-no-tecnico-em-design-de-interiores\/#primaryimage"},"image":{"@id":"https:\/\/www.univates.br\/blog\/onde-posso-trabalhar-depois-de-formado-no-tecnico-em-design-de-interiores\/#primaryimage"},"thumbnailUrl":"https:\/\/desenvolvimento.bravo.st\/univatesblog\/wp-content\/uploads\/2022\/05\/pexels-pixabay-276267_1603992450.1606.jpg","datePublished":"2022-05-05T18:03:55+00:00","dateModified":"2023-12-21T00:39:46+00:00","author":{"@id":"https:\/\/www.univates.br\/blog\/#\/schema\/person\/15c63917440cc5e70160c247b309af2f"},"breadcrumb":{"@id":"https:\/\/www.univates.br\/blog\/onde-posso-trabalhar-depois-de-formado-no-tecnico-em-design-de-interiores\/#breadcrumb"},"inLanguage":"pt-BR","potentialAction":[{"@type":"ReadAction","target":["https:\/\/www.univates.br\/blog\/onde-posso-trabalhar-depois-de-formado-no-tecnico-em-design-de-interiores\/"]}]},{"@type":"ImageObject","inLanguage":"pt-BR","@id":"https:\/\/www.univates.br\/blog\/onde-posso-trabalhar-depois-de-formado-no-tecnico-em-design-de-interiores\/#primaryimage","url":"https:\/\/desenvolvimento.bravo.st\/univatesblog\/wp-content\/uploads\/2022\/05\/pexels-pixabay-276267_1603992450.1606.jpg","contentUrl":"https:\/\/desenvolvimento.bravo.st\/univatesblog\/wp-content\/uploads\/2022\/05\/pexels-pixabay-276267_1603992450.1606.jpg"},{"@type":"BreadcrumbList","@id":"https:\/\/www.univates.br\/blog\/onde-posso-trabalhar-depois-de-formado-no-tecnico-em-design-de-interiores\/#breadcrumb","itemListElement":[{"@type":"ListItem","position":1,"name":"Home","item":"https:\/\/www.univates.br\/blog\/"},{"@type":"ListItem","position":2,"name":"Onde posso trabalhar depois de formado no T\u00e9cnico em Design de Interiores?"}]},{"@type":"WebSite","@id":"https:\/\/www.univates.br\/blog\/#website","url":"https:\/\/www.univates.br\/blog\/","name":"Univates Blog","description":"","potentialAction":[{"@type":"SearchAction","target":{"@type":"EntryPoint","urlTemplate":"https:\/\/www.univates.br\/blog\/?s={search_term_string}"},"query-input":{"@type":"PropertyValueSpecification","valueRequired":true,"valueName":"search_term_string"}}],"inLanguage":"pt-BR"},{"@type":"Person","@id":"https:\/\/www.univates.br\/blog\/#\/schema\/person\/15c63917440cc5e70160c247b309af2f","name":"Marketing Univates","image":{"@type":"ImageObject","inLanguage":"pt-BR","@id":"https:\/\/secure.gravatar.com\/avatar\/511f9e77a6a3d0cddd9074f69a722364bc7f787e73d4a0da1f727ba62704eda4?s=96&d=mm&r=g","url":"https:\/\/secure.gravatar.com\/avatar\/511f9e77a6a3d0cddd9074f69a722364bc7f787e73d4a0da1f727ba62704eda4?s=96&d=mm&r=g","contentUrl":"https:\/\/secure.gravatar.com\/avatar\/511f9e77a6a3d0cddd9074f69a722364bc7f787e73d4a0da1f727ba62704eda4?s=96&d=mm&r=g","caption":"Marketing Univates"},"sameAs":["http:\/\/univates.br"],"url":"https:\/\/www.univates.br\/blog\/author\/marketing\/"}]}},"_links":{"self":[{"href":"https:\/\/www.univates.br\/blog\/wp-json\/wp\/v2\/posts\/574","targetHints":{"allow":["GET"]}}],"collection":[{"href":"https:\/\/www.univates.br\/blog\/wp-json\/wp\/v2\/posts"}],"about":[{"href":"https:\/\/www.univates.br\/blog\/wp-json\/wp\/v2\/types\/post"}],"author":[{"embeddable":true,"href":"https:\/\/www.univates.br\/blog\/wp-json\/wp\/v2\/users\/2"}],"replies":[{"embeddable":true,"href":"https:\/\/www.univates.br\/blog\/wp-json\/wp\/v2\/comments?post=574"}],"version-history":[{"count":12,"href":"https:\/\/www.univates.br\/blog\/wp-json\/wp\/v2\/posts\/574\/revisions"}],"predecessor-version":[{"id":5161,"href":"https:\/\/www.univates.br\/blog\/wp-json\/wp\/v2\/posts\/574\/revisions\/5161"}],"wp:attachment":[{"href":"https:\/\/www.univates.br\/blog\/wp-json\/wp\/v2\/media?parent=574"}],"wp:term":[{"taxonomy":"category","embeddable":true,"href":"https:\/\/www.univates.br\/blog\/wp-json\/wp\/v2\/categories?post=574"}],"curies":[{"name":"wp","href":"https:\/\/api.w.org\/{rel}","templated":true}]}}