{"id":579,"date":"2022-05-05T15:06:48","date_gmt":"2022-05-05T18:06:48","guid":{"rendered":"https:\/\/desenvolvimento.bravo.st\/univatesblog\/?p=579"},"modified":"2023-12-20T14:54:21","modified_gmt":"2023-12-20T17:54:21","slug":"onde-posso-trabalhar-depois-de-formado-no-curso-de-relacoes-internacionais","status":"publish","type":"post","link":"https:\/\/www.univates.br\/blog\/onde-posso-trabalhar-depois-de-formado-no-curso-de-relacoes-internacionais\/","title":{"rendered":"Onde posso trabalhar depois de formado no curso de Rela\u00e7\u00f5es Internacionais?"},"content":{"rendered":"\n<div class=\"wp-block-media-text alignwide is-stacked-on-mobile\"><figure class=\"wp-block-media-text__media\"><img loading=\"lazy\" decoding=\"async\" width=\"291\" height=\"194\" src=\"https:\/\/desenvolvimento.bravo.st\/univatesblog\/wp-content\/uploads\/2022\/05\/20180619181122_relacoesinternacionais_13_1603991460.8575.jpg\" alt=\"\" class=\"wp-image-580 size-full\" srcset=\"https:\/\/www.univates.br\/blog\/wp-content\/uploads\/2022\/05\/20180619181122_relacoesinternacionais_13_1603991460.8575.jpg 291w, https:\/\/www.univates.br\/blog\/wp-content\/uploads\/2022\/05\/20180619181122_relacoesinternacionais_13_1603991460.8575-150x100.jpg 150w\" sizes=\"auto, (max-width: 291px) 100vw, 291px\" \/><\/figure><div class=\"wp-block-media-text__content\">\n<p>Precisando de ajuda para descobrir onde voc\u00ea poder\u00e1&nbsp;<strong>trabalhar<\/strong>&nbsp;depois de formado no curso de&nbsp;<strong><a href=\"https:\/\/www.univates.br\/graduacao\/relacoes-internacionais\">Rela\u00e7\u00f5es Internacionais<\/a><\/strong>? Se sim, n\u00e3o deixe de conferir este&nbsp;<em>post<\/em>, que re\u00fane, al\u00e9m das principais atribui\u00e7\u00f5es dos diplomados, informa\u00e7\u00f5es sobre como anda o&nbsp;<strong>mercado de trabalho<\/strong>&nbsp;da \u00e1rea. Fique ligado:<\/p>\n\n\n\n<p><em>(Foto: Ana Am\u00e9lia Ritt)<\/em><\/p>\n<\/div><\/div>\n\n\n\n<p>Ao se formar no curso de&nbsp;<strong>Rela\u00e7\u00f5es Internacionais<\/strong>, voc\u00ea estar\u00e1 habilitado para atuar no \u00e2mbito internacional, exercendo atividades de an\u00e1lise, assessoria, gest\u00e3o e negocia\u00e7\u00e3o. Voc\u00ea poder\u00e1 analisar fen\u00f4menos econ\u00f4micos, sociais, comerciais e securit\u00e1rios, contribuindo para os processos de internacionaliza\u00e7\u00e3o de empresas, governos e outros tipos de organiza\u00e7\u00f5es. Al\u00e9m disso, voc\u00ea estar\u00e1 apto a compreender uma variada gama de quest\u00f5es internacionais contempor\u00e2neas relacionadas, por exemplo, \u00e0 prote\u00e7\u00e3o dos direitos humanos, \u00e0 preserva\u00e7\u00e3o do meio ambiente, ao papel das organiza\u00e7\u00f5es internacionais, aos processos de integra\u00e7\u00e3o regional, ao fazer da guerra e \u00e0 promo\u00e7\u00e3o da paz.<\/p>\n\n\n\n<p>Como&nbsp;<strong>profissional de rela\u00e7\u00f5es internacionais<\/strong>, voc\u00ea poder\u00e1&nbsp;<strong>trabalhar<\/strong>&nbsp;como, por exemplo, diplomata, consultor ou professor, podendo atuar em empresas privadas, \u00f3rg\u00e3os p\u00fablicos, organiza\u00e7\u00f5es n\u00e3o-governamentais (ONGs), faculdades e universidades.&nbsp;<\/p>\n\n\n\n<p><a href=\"https:\/\/www.univates.br\/blog\/\/post\/estou-formadoa-e-agora-conheca-historias-de-sucesso-que-podem-te-inspirar\">Estou formado(a), e agora? Conhe\u00e7a hist\u00f3rias de sucesso que podem te inspirar!<\/a><\/p>\n\n\n\n<h2 class=\"wp-block-heading\">B\u00d4NUS: conhe\u00e7a o curso de Rela\u00e7\u00f5es Internacionais<\/h2>\n\n\n\n<p>D\u00ea&nbsp;<em>play<\/em>&nbsp;no v\u00eddeo abaixo para entender como funciona o curso de&nbsp;<strong>Rela\u00e7\u00f5es Internacionais<\/strong>:&nbsp;<\/p>\n\n\n\n<figure class=\"wp-block-embed is-type-video is-provider-youtube wp-block-embed-youtube wp-embed-aspect-16-9 wp-has-aspect-ratio\"><div class=\"wp-block-embed__wrapper\">\n<iframe loading=\"lazy\" title=\"Rela\u00e7\u00f5es Internacionais Univates\" width=\"500\" height=\"281\" src=\"https:\/\/www.youtube.com\/embed\/3AytlifRm6E?start=1&#038;feature=oembed\" frameborder=\"0\" allow=\"accelerometer; autoplay; clipboard-write; encrypted-media; gyroscope; picture-in-picture; web-share\" referrerpolicy=\"strict-origin-when-cross-origin\" allowfullscreen><\/iframe>\n<\/div><\/figure>\n\n\n\n<p><a href=\"https:\/\/www.univates.br\/blog\/\/post\/conheca-familias-que-sonham-concluir-o-ensino-superior-na-mesma-universidade\">Conhe\u00e7a fam\u00edlias que sonham concluir o ensino superior na mesma Universidade\u00a0<\/a><\/p>\n\n\n\n<p><a href=\"https:\/\/www.univates.br\/blog\/\/post\/vivencia-no-exterior-e-uma-das-oportunidades-para-os-alunos-da-area-de-gestao-da-nossa-universidade\">Viv\u00eancia no exterior \u00e9 uma das oportunidades para os alunos da \u00e1rea de gest\u00e3o da nossa Universidade<\/a><\/p>\n\n\n\n<p><a href=\"https:\/\/www.univates.br\/blog\/\/post\/dicas-de-filmes-e-series-para-quem-curte-as-areas-de-gestao-empreendedorismo-e-financas\">Dicas de filmes e s\u00e9ries para quem curte as \u00e1reas de gest\u00e3o, empreendedorismo e finan\u00e7as<\/a><\/p>\n","protected":false},"excerpt":{"rendered":"<p>Precisando de ajuda para descobrir onde voc\u00ea poder\u00e1&nbsp;trabalhar&nbsp;depois de formado no curso de&nbsp;Rela\u00e7\u00f5es Internacionais? Se sim, n\u00e3o deixe de conferir este&nbsp;post, que re\u00fane, al\u00e9m das principais atribui\u00e7\u00f5es dos diplomados, informa\u00e7\u00f5es sobre como anda o&nbsp;mercado de trabalho&nbsp;da \u00e1rea. Fique ligado: (Foto:\u2026<\/p>\n","protected":false},"author":2,"featured_media":0,"comment_status":"open","ping_status":"open","sticky":false,"template":"","format":"standard","meta":{"_acf_changed":false,"footnotes":""},"categories":[33],"class_list":["post-579","post","type-post","status-publish","format-standard","hentry","category-carreira","autor-lais-pontin-matos","curso-relacoes-internacionais","area-gestao"],"acf":[],"yoast_head":"<!-- This site is optimized with the Yoast SEO plugin v27.3 - https:\/\/yoast.com\/product\/yoast-seo-wordpress\/ -->\n<title>Onde posso trabalhar depois de formado no curso de Rela\u00e7\u00f5es Internacionais? - Univates Blog<\/title>\n<meta name=\"robots\" content=\"index, follow, max-snippet:-1, max-image-preview:large, max-video-preview:-1\" \/>\n<link rel=\"canonical\" href=\"https:\/\/www.univates.br\/blog\/onde-posso-trabalhar-depois-de-formado-no-curso-de-relacoes-internacionais\/\" \/>\n<meta property=\"og:locale\" content=\"pt_BR\" \/>\n<meta property=\"og:type\" content=\"article\" \/>\n<meta property=\"og:title\" content=\"Onde posso trabalhar depois de formado no curso de Rela\u00e7\u00f5es Internacionais? - Univates Blog\" \/>\n<meta property=\"og:description\" content=\"Precisando de ajuda para descobrir onde voc\u00ea poder\u00e1&nbsp;trabalhar&nbsp;depois de formado no curso de&nbsp;Rela\u00e7\u00f5es Internacionais? Se sim, n\u00e3o deixe de conferir este&nbsp;post, que re\u00fane, al\u00e9m das principais atribui\u00e7\u00f5es dos diplomados, informa\u00e7\u00f5es sobre como anda o&nbsp;mercado de trabalho&nbsp;da \u00e1rea. Fique ligado: (Foto:\u2026\" \/>\n<meta property=\"og:url\" content=\"https:\/\/www.univates.br\/blog\/onde-posso-trabalhar-depois-de-formado-no-curso-de-relacoes-internacionais\/\" \/>\n<meta property=\"og:site_name\" content=\"Univates Blog\" \/>\n<meta property=\"article:published_time\" content=\"2022-05-05T18:06:48+00:00\" \/>\n<meta property=\"article:modified_time\" content=\"2023-12-20T17:54:21+00:00\" \/>\n<meta property=\"og:image\" content=\"https:\/\/desenvolvimento.bravo.st\/univatesblog\/wp-content\/uploads\/2022\/05\/20180619181122_relacoesinternacionais_13_1603991460.8575.jpg\" \/>\n<meta name=\"author\" content=\"Marketing Univates\" \/>\n<meta name=\"twitter:card\" content=\"summary_large_image\" \/>\n<meta name=\"twitter:label1\" content=\"Escrito por\" \/>\n\t<meta name=\"twitter:data1\" content=\"Marketing Univates\" \/>\n\t<meta name=\"twitter:label2\" content=\"Est. tempo de leitura\" \/>\n\t<meta name=\"twitter:data2\" content=\"2 minutos\" \/>\n<script type=\"application\/ld+json\" class=\"yoast-schema-graph\">{\"@context\":\"https:\\\/\\\/schema.org\",\"@graph\":[{\"@type\":\"Article\",\"@id\":\"https:\\\/\\\/www.univates.br\\\/blog\\\/onde-posso-trabalhar-depois-de-formado-no-curso-de-relacoes-internacionais\\\/#article\",\"isPartOf\":{\"@id\":\"https:\\\/\\\/www.univates.br\\\/blog\\\/onde-posso-trabalhar-depois-de-formado-no-curso-de-relacoes-internacionais\\\/\"},\"author\":{\"name\":\"Marketing Univates\",\"@id\":\"https:\\\/\\\/www.univates.br\\\/blog\\\/#\\\/schema\\\/person\\\/15c63917440cc5e70160c247b309af2f\"},\"headline\":\"Onde posso trabalhar depois de formado no curso de Rela\u00e7\u00f5es Internacionais?\",\"datePublished\":\"2022-05-05T18:06:48+00:00\",\"dateModified\":\"2023-12-20T17:54:21+00:00\",\"mainEntityOfPage\":{\"@id\":\"https:\\\/\\\/www.univates.br\\\/blog\\\/onde-posso-trabalhar-depois-de-formado-no-curso-de-relacoes-internacionais\\\/\"},\"wordCount\":324,\"commentCount\":0,\"image\":{\"@id\":\"https:\\\/\\\/www.univates.br\\\/blog\\\/onde-posso-trabalhar-depois-de-formado-no-curso-de-relacoes-internacionais\\\/#primaryimage\"},\"thumbnailUrl\":\"https:\\\/\\\/desenvolvimento.bravo.st\\\/univatesblog\\\/wp-content\\\/uploads\\\/2022\\\/05\\\/20180619181122_relacoesinternacionais_13_1603991460.8575.jpg\",\"articleSection\":[\"Carreira\"],\"inLanguage\":\"pt-BR\",\"potentialAction\":[{\"@type\":\"CommentAction\",\"name\":\"Comment\",\"target\":[\"https:\\\/\\\/www.univates.br\\\/blog\\\/onde-posso-trabalhar-depois-de-formado-no-curso-de-relacoes-internacionais\\\/#respond\"]}]},{\"@type\":\"WebPage\",\"@id\":\"https:\\\/\\\/www.univates.br\\\/blog\\\/onde-posso-trabalhar-depois-de-formado-no-curso-de-relacoes-internacionais\\\/\",\"url\":\"https:\\\/\\\/www.univates.br\\\/blog\\\/onde-posso-trabalhar-depois-de-formado-no-curso-de-relacoes-internacionais\\\/\",\"name\":\"Onde posso trabalhar depois de formado no curso de Rela\u00e7\u00f5es Internacionais? - Univates Blog\",\"isPartOf\":{\"@id\":\"https:\\\/\\\/www.univates.br\\\/blog\\\/#website\"},\"primaryImageOfPage\":{\"@id\":\"https:\\\/\\\/www.univates.br\\\/blog\\\/onde-posso-trabalhar-depois-de-formado-no-curso-de-relacoes-internacionais\\\/#primaryimage\"},\"image\":{\"@id\":\"https:\\\/\\\/www.univates.br\\\/blog\\\/onde-posso-trabalhar-depois-de-formado-no-curso-de-relacoes-internacionais\\\/#primaryimage\"},\"thumbnailUrl\":\"https:\\\/\\\/desenvolvimento.bravo.st\\\/univatesblog\\\/wp-content\\\/uploads\\\/2022\\\/05\\\/20180619181122_relacoesinternacionais_13_1603991460.8575.jpg\",\"datePublished\":\"2022-05-05T18:06:48+00:00\",\"dateModified\":\"2023-12-20T17:54:21+00:00\",\"author\":{\"@id\":\"https:\\\/\\\/www.univates.br\\\/blog\\\/#\\\/schema\\\/person\\\/15c63917440cc5e70160c247b309af2f\"},\"breadcrumb\":{\"@id\":\"https:\\\/\\\/www.univates.br\\\/blog\\\/onde-posso-trabalhar-depois-de-formado-no-curso-de-relacoes-internacionais\\\/#breadcrumb\"},\"inLanguage\":\"pt-BR\",\"potentialAction\":[{\"@type\":\"ReadAction\",\"target\":[\"https:\\\/\\\/www.univates.br\\\/blog\\\/onde-posso-trabalhar-depois-de-formado-no-curso-de-relacoes-internacionais\\\/\"]}]},{\"@type\":\"ImageObject\",\"inLanguage\":\"pt-BR\",\"@id\":\"https:\\\/\\\/www.univates.br\\\/blog\\\/onde-posso-trabalhar-depois-de-formado-no-curso-de-relacoes-internacionais\\\/#primaryimage\",\"url\":\"https:\\\/\\\/desenvolvimento.bravo.st\\\/univatesblog\\\/wp-content\\\/uploads\\\/2022\\\/05\\\/20180619181122_relacoesinternacionais_13_1603991460.8575.jpg\",\"contentUrl\":\"https:\\\/\\\/desenvolvimento.bravo.st\\\/univatesblog\\\/wp-content\\\/uploads\\\/2022\\\/05\\\/20180619181122_relacoesinternacionais_13_1603991460.8575.jpg\"},{\"@type\":\"BreadcrumbList\",\"@id\":\"https:\\\/\\\/www.univates.br\\\/blog\\\/onde-posso-trabalhar-depois-de-formado-no-curso-de-relacoes-internacionais\\\/#breadcrumb\",\"itemListElement\":[{\"@type\":\"ListItem\",\"position\":1,\"name\":\"Home\",\"item\":\"https:\\\/\\\/www.univates.br\\\/blog\\\/\"},{\"@type\":\"ListItem\",\"position\":2,\"name\":\"Onde posso trabalhar depois de formado no curso de Rela\u00e7\u00f5es Internacionais?\"}]},{\"@type\":\"WebSite\",\"@id\":\"https:\\\/\\\/www.univates.br\\\/blog\\\/#website\",\"url\":\"https:\\\/\\\/www.univates.br\\\/blog\\\/\",\"name\":\"Univates Blog\",\"description\":\"\",\"potentialAction\":[{\"@type\":\"SearchAction\",\"target\":{\"@type\":\"EntryPoint\",\"urlTemplate\":\"https:\\\/\\\/www.univates.br\\\/blog\\\/?s={search_term_string}\"},\"query-input\":{\"@type\":\"PropertyValueSpecification\",\"valueRequired\":true,\"valueName\":\"search_term_string\"}}],\"inLanguage\":\"pt-BR\"},{\"@type\":\"Person\",\"@id\":\"https:\\\/\\\/www.univates.br\\\/blog\\\/#\\\/schema\\\/person\\\/15c63917440cc5e70160c247b309af2f\",\"name\":\"Marketing Univates\",\"image\":{\"@type\":\"ImageObject\",\"inLanguage\":\"pt-BR\",\"@id\":\"https:\\\/\\\/secure.gravatar.com\\\/avatar\\\/511f9e77a6a3d0cddd9074f69a722364bc7f787e73d4a0da1f727ba62704eda4?s=96&d=mm&r=g\",\"url\":\"https:\\\/\\\/secure.gravatar.com\\\/avatar\\\/511f9e77a6a3d0cddd9074f69a722364bc7f787e73d4a0da1f727ba62704eda4?s=96&d=mm&r=g\",\"contentUrl\":\"https:\\\/\\\/secure.gravatar.com\\\/avatar\\\/511f9e77a6a3d0cddd9074f69a722364bc7f787e73d4a0da1f727ba62704eda4?s=96&d=mm&r=g\",\"caption\":\"Marketing Univates\"},\"sameAs\":[\"http:\\\/\\\/univates.br\"],\"url\":\"https:\\\/\\\/www.univates.br\\\/blog\\\/author\\\/marketing\\\/\"}]}<\/script>\n<!-- \/ Yoast SEO plugin. -->","yoast_head_json":{"title":"Onde posso trabalhar depois de formado no curso de Rela\u00e7\u00f5es Internacionais? - Univates Blog","robots":{"index":"index","follow":"follow","max-snippet":"max-snippet:-1","max-image-preview":"max-image-preview:large","max-video-preview":"max-video-preview:-1"},"canonical":"https:\/\/www.univates.br\/blog\/onde-posso-trabalhar-depois-de-formado-no-curso-de-relacoes-internacionais\/","og_locale":"pt_BR","og_type":"article","og_title":"Onde posso trabalhar depois de formado no curso de Rela\u00e7\u00f5es Internacionais? - Univates Blog","og_description":"Precisando de ajuda para descobrir onde voc\u00ea poder\u00e1&nbsp;trabalhar&nbsp;depois de formado no curso de&nbsp;Rela\u00e7\u00f5es Internacionais? Se sim, n\u00e3o deixe de conferir este&nbsp;post, que re\u00fane, al\u00e9m das principais atribui\u00e7\u00f5es dos diplomados, informa\u00e7\u00f5es sobre como anda o&nbsp;mercado de trabalho&nbsp;da \u00e1rea. Fique ligado: (Foto:\u2026","og_url":"https:\/\/www.univates.br\/blog\/onde-posso-trabalhar-depois-de-formado-no-curso-de-relacoes-internacionais\/","og_site_name":"Univates Blog","article_published_time":"2022-05-05T18:06:48+00:00","article_modified_time":"2023-12-20T17:54:21+00:00","og_image":[{"url":"https:\/\/desenvolvimento.bravo.st\/univatesblog\/wp-content\/uploads\/2022\/05\/20180619181122_relacoesinternacionais_13_1603991460.8575.jpg","type":"","width":"","height":""}],"author":"Marketing Univates","twitter_card":"summary_large_image","twitter_misc":{"Escrito por":"Marketing Univates","Est. tempo de leitura":"2 minutos"},"schema":{"@context":"https:\/\/schema.org","@graph":[{"@type":"Article","@id":"https:\/\/www.univates.br\/blog\/onde-posso-trabalhar-depois-de-formado-no-curso-de-relacoes-internacionais\/#article","isPartOf":{"@id":"https:\/\/www.univates.br\/blog\/onde-posso-trabalhar-depois-de-formado-no-curso-de-relacoes-internacionais\/"},"author":{"name":"Marketing Univates","@id":"https:\/\/www.univates.br\/blog\/#\/schema\/person\/15c63917440cc5e70160c247b309af2f"},"headline":"Onde posso trabalhar depois de formado no curso de Rela\u00e7\u00f5es Internacionais?","datePublished":"2022-05-05T18:06:48+00:00","dateModified":"2023-12-20T17:54:21+00:00","mainEntityOfPage":{"@id":"https:\/\/www.univates.br\/blog\/onde-posso-trabalhar-depois-de-formado-no-curso-de-relacoes-internacionais\/"},"wordCount":324,"commentCount":0,"image":{"@id":"https:\/\/www.univates.br\/blog\/onde-posso-trabalhar-depois-de-formado-no-curso-de-relacoes-internacionais\/#primaryimage"},"thumbnailUrl":"https:\/\/desenvolvimento.bravo.st\/univatesblog\/wp-content\/uploads\/2022\/05\/20180619181122_relacoesinternacionais_13_1603991460.8575.jpg","articleSection":["Carreira"],"inLanguage":"pt-BR","potentialAction":[{"@type":"CommentAction","name":"Comment","target":["https:\/\/www.univates.br\/blog\/onde-posso-trabalhar-depois-de-formado-no-curso-de-relacoes-internacionais\/#respond"]}]},{"@type":"WebPage","@id":"https:\/\/www.univates.br\/blog\/onde-posso-trabalhar-depois-de-formado-no-curso-de-relacoes-internacionais\/","url":"https:\/\/www.univates.br\/blog\/onde-posso-trabalhar-depois-de-formado-no-curso-de-relacoes-internacionais\/","name":"Onde posso trabalhar depois de formado no curso de Rela\u00e7\u00f5es Internacionais? - Univates Blog","isPartOf":{"@id":"https:\/\/www.univates.br\/blog\/#website"},"primaryImageOfPage":{"@id":"https:\/\/www.univates.br\/blog\/onde-posso-trabalhar-depois-de-formado-no-curso-de-relacoes-internacionais\/#primaryimage"},"image":{"@id":"https:\/\/www.univates.br\/blog\/onde-posso-trabalhar-depois-de-formado-no-curso-de-relacoes-internacionais\/#primaryimage"},"thumbnailUrl":"https:\/\/desenvolvimento.bravo.st\/univatesblog\/wp-content\/uploads\/2022\/05\/20180619181122_relacoesinternacionais_13_1603991460.8575.jpg","datePublished":"2022-05-05T18:06:48+00:00","dateModified":"2023-12-20T17:54:21+00:00","author":{"@id":"https:\/\/www.univates.br\/blog\/#\/schema\/person\/15c63917440cc5e70160c247b309af2f"},"breadcrumb":{"@id":"https:\/\/www.univates.br\/blog\/onde-posso-trabalhar-depois-de-formado-no-curso-de-relacoes-internacionais\/#breadcrumb"},"inLanguage":"pt-BR","potentialAction":[{"@type":"ReadAction","target":["https:\/\/www.univates.br\/blog\/onde-posso-trabalhar-depois-de-formado-no-curso-de-relacoes-internacionais\/"]}]},{"@type":"ImageObject","inLanguage":"pt-BR","@id":"https:\/\/www.univates.br\/blog\/onde-posso-trabalhar-depois-de-formado-no-curso-de-relacoes-internacionais\/#primaryimage","url":"https:\/\/desenvolvimento.bravo.st\/univatesblog\/wp-content\/uploads\/2022\/05\/20180619181122_relacoesinternacionais_13_1603991460.8575.jpg","contentUrl":"https:\/\/desenvolvimento.bravo.st\/univatesblog\/wp-content\/uploads\/2022\/05\/20180619181122_relacoesinternacionais_13_1603991460.8575.jpg"},{"@type":"BreadcrumbList","@id":"https:\/\/www.univates.br\/blog\/onde-posso-trabalhar-depois-de-formado-no-curso-de-relacoes-internacionais\/#breadcrumb","itemListElement":[{"@type":"ListItem","position":1,"name":"Home","item":"https:\/\/www.univates.br\/blog\/"},{"@type":"ListItem","position":2,"name":"Onde posso trabalhar depois de formado no curso de Rela\u00e7\u00f5es Internacionais?"}]},{"@type":"WebSite","@id":"https:\/\/www.univates.br\/blog\/#website","url":"https:\/\/www.univates.br\/blog\/","name":"Univates Blog","description":"","potentialAction":[{"@type":"SearchAction","target":{"@type":"EntryPoint","urlTemplate":"https:\/\/www.univates.br\/blog\/?s={search_term_string}"},"query-input":{"@type":"PropertyValueSpecification","valueRequired":true,"valueName":"search_term_string"}}],"inLanguage":"pt-BR"},{"@type":"Person","@id":"https:\/\/www.univates.br\/blog\/#\/schema\/person\/15c63917440cc5e70160c247b309af2f","name":"Marketing Univates","image":{"@type":"ImageObject","inLanguage":"pt-BR","@id":"https:\/\/secure.gravatar.com\/avatar\/511f9e77a6a3d0cddd9074f69a722364bc7f787e73d4a0da1f727ba62704eda4?s=96&d=mm&r=g","url":"https:\/\/secure.gravatar.com\/avatar\/511f9e77a6a3d0cddd9074f69a722364bc7f787e73d4a0da1f727ba62704eda4?s=96&d=mm&r=g","contentUrl":"https:\/\/secure.gravatar.com\/avatar\/511f9e77a6a3d0cddd9074f69a722364bc7f787e73d4a0da1f727ba62704eda4?s=96&d=mm&r=g","caption":"Marketing Univates"},"sameAs":["http:\/\/univates.br"],"url":"https:\/\/www.univates.br\/blog\/author\/marketing\/"}]}},"_links":{"self":[{"href":"https:\/\/www.univates.br\/blog\/wp-json\/wp\/v2\/posts\/579","targetHints":{"allow":["GET"]}}],"collection":[{"href":"https:\/\/www.univates.br\/blog\/wp-json\/wp\/v2\/posts"}],"about":[{"href":"https:\/\/www.univates.br\/blog\/wp-json\/wp\/v2\/types\/post"}],"author":[{"embeddable":true,"href":"https:\/\/www.univates.br\/blog\/wp-json\/wp\/v2\/users\/2"}],"replies":[{"embeddable":true,"href":"https:\/\/www.univates.br\/blog\/wp-json\/wp\/v2\/comments?post=579"}],"version-history":[{"count":8,"href":"https:\/\/www.univates.br\/blog\/wp-json\/wp\/v2\/posts\/579\/revisions"}],"predecessor-version":[{"id":4858,"href":"https:\/\/www.univates.br\/blog\/wp-json\/wp\/v2\/posts\/579\/revisions\/4858"}],"wp:attachment":[{"href":"https:\/\/www.univates.br\/blog\/wp-json\/wp\/v2\/media?parent=579"}],"wp:term":[{"taxonomy":"category","embeddable":true,"href":"https:\/\/www.univates.br\/blog\/wp-json\/wp\/v2\/categories?post=579"}],"curies":[{"name":"wp","href":"https:\/\/api.w.org\/{rel}","templated":true}]}}