{"id":5931,"date":"2024-11-11T15:28:23","date_gmt":"2024-11-11T18:28:23","guid":{"rendered":"https:\/\/www.univates.br\/blog\/?p=5931"},"modified":"2026-03-24T10:41:08","modified_gmt":"2026-03-24T13:41:08","slug":"empresa-junior-como-ela-prepara-para-o-mercado-de-trabalho","status":"publish","type":"post","link":"https:\/\/www.univates.br\/blog\/empresa-junior-como-ela-prepara-para-o-mercado-de-trabalho\/","title":{"rendered":"Empresa j\u00fanior: como ela pode preparar voc\u00ea para o mercado de trabalho?"},"content":{"rendered":"\n<p class=\"has-text-align-center\"><strong>Empresa j\u00fanior: como ela pode preparar voc\u00ea para o mercado de trabalho?<\/strong><br>Conhe\u00e7a as vantagens de participar de um projeto que alia teoria e pr\u00e1tica<\/p>\n\n\n\n<p>Empresa j\u00fanior: como ela pode preparar voc\u00ea para o mercado de trabalho? J\u00e1 pensou em colocar a m\u00e3o na massa durante a faculdade e ainda ganhar experi\u00eancia que vai turbinar seu curr\u00edculo? As empresas juniores oferecem exatamente isto: a chance de aplicar o que os estudantes aprendem em sala de aula, participando de projetos reais, assim, desenvolvendo habilidades como <a href=\"https:\/\/www.univates.br\/blog\/lideranca-aprenda-a-se-tornar-um-bom-lider\/\">lideran\u00e7a<\/a> e comunica\u00e7\u00e3o eficaz e descobrindo na pr\u00e1tica como funciona o mundo dos neg\u00f3cios.&nbsp;<\/p>\n\n\n\n<p>Neste <em>post<\/em>, vamos entender melhor o que \u00e9 uma empresa j\u00fanior e conhecer as vantagens de participar desse tipo de projeto. Se voc\u00ea est\u00e1 em busca de <a href=\"https:\/\/www.univates.br\/blog\/como-ser-promovido-dicas-para-progredir-na-carreira\/\">crescimento profissional<\/a> e quer saber como essa experi\u00eancia pode ser o seu diferencial, continue atento ao nosso conte\u00fado! \ud83d\udcc8\ud83d\udccb<\/p>\n\n\n\n<figure class=\"wp-block-image size-large\"><img loading=\"lazy\" decoding=\"async\" width=\"1920\" height=\"1280\" src=\"https:\/\/www.univates.br\/blog\/wp-content\/uploads\/2024\/11\/Imagens-posts-blog-1-1920x1280.jpg\" alt=\"\" class=\"wp-image-5933\" srcset=\"https:\/\/www.univates.br\/blog\/wp-content\/uploads\/2024\/11\/Imagens-posts-blog-1-1920x1280.jpg 1920w, https:\/\/www.univates.br\/blog\/wp-content\/uploads\/2024\/11\/Imagens-posts-blog-1-1200x800.jpg 1200w, https:\/\/www.univates.br\/blog\/wp-content\/uploads\/2024\/11\/Imagens-posts-blog-1-600x400.jpg 600w, https:\/\/www.univates.br\/blog\/wp-content\/uploads\/2024\/11\/Imagens-posts-blog-1-150x100.jpg 150w\" sizes=\"auto, (max-width: 1920px) 100vw, 1920px\" \/><\/figure>\n\n\n\n<h2 class=\"wp-block-heading\">O que \u00e9 uma empresa j\u00fanior?<\/h2>\n\n\n\n<p>Uma empresa j\u00fanior \u00e9 uma organiza\u00e7\u00e3o sem fins lucrativos gerida por estudantes universit\u00e1rios, que busca oferecer servi\u00e7os e solu\u00e7\u00f5es para o mercado, sempre sob a supervis\u00e3o de professores e profissionais experientes. Dessa forma, os alunos t\u00eam a oportunidade de trabalhar em um ambiente simulado, que reflete a din\u00e2mica de uma empresa real. Assim, al\u00e9m de permitir a aplica\u00e7\u00e3o do conhecimento adquirido em sala de aula, tamb\u00e9m promove um aprendizado pr\u00e1tico que \u00e9 essencial para o desenvolvimento profissional.&nbsp;<\/p>\n\n\n\n<p>Mas por que o termo \u201cj\u00fanior\u201d? A nomenclatura se refere ao fato de que essas empresas s\u00e3o compostas por estudantes que ainda est\u00e3o em forma\u00e7\u00e3o acad\u00eamica. Assim, a ideia \u00e9 que os alunos possam experimentar a pr\u00e1tica profissional antes mesmo de conclu\u00edrem o curso, desenvolvendo compet\u00eancias que os ajudar\u00e3o a se destacar no mercado de trabalho.<\/p>\n\n\n\n<h2 class=\"wp-block-heading\">Vantagens de participar de uma empresa j\u00fanior<\/h2>\n\n\n\n<ul class=\"wp-block-list\">\n<li><strong>Experi\u00eancia pr\u00e1tica:<\/strong> como comentamos ainda no in\u00edcio deste post, ao participar de uma empresa j\u00fanior, voc\u00ea ter\u00e1 a oportunidade de trabalhar em projetos reais, enfrentando desafios que demandam solu\u00e7\u00f5es criativas e eficazes. Al\u00e9m disso, essa viv\u00eancia pr\u00e1tica \u00e9 fundamental para consolidar o conhecimento te\u00f3rico adquirido em sala de aula, pois permite que voc\u00ea observe como os conceitos aprendidos s\u00e3o aplicados em situa\u00e7\u00f5es cotidianas do mercado de trabalho.<\/li>\n<\/ul>\n\n\n\n<ul class=\"wp-block-list\">\n<li><strong>Desenvolvimento de habilidades (<em>soft skills<\/em>): <\/strong>em uma empresa j\u00fanior, voc\u00ea ir\u00e1 <a href=\"https:\/\/www.univates.br\/blog\/soft-skills-o-que-sao\/\">desenvolver ou aprimorar compet\u00eancias<\/a> como lideran\u00e7a, trabalho em equipe e comunica\u00e7\u00e3o eficaz. Essas s\u00e3o habilidades altamente valorizadas no mercado de trabalho, uma vez que as empresas buscam profissionais que n\u00e3o apenas possuam conhecimento t\u00e9cnico, mas tamb\u00e9m saibam interagir bem com os outros, liderar iniciativas e resolver problemas de forma criativa.&nbsp;<\/li>\n<\/ul>\n\n\n\n<ul class=\"wp-block-list\">\n<li><strong><em>Networking<\/em>: <\/strong>participar de uma empresa j\u00fanior tamb\u00e9m proporciona uma excelente oportunidade de <a href=\"https:\/\/www.univates.br\/blog\/o-que-e-networking-e-para-que-ele-serve\/\">expandir sua rede de contatos<\/a>. Voc\u00ea ter\u00e1 a chance de conhecer outros estudantes, professores e profissionais da sua \u00e1rea de atua\u00e7\u00e3o, o que pode abrir portas para futuras oportunidades de emprego ou parcerias. Al\u00e9m disso, essas conex\u00f5es podem ser muito \u00fateis no desenvolvimento da sua carreira, pois o contato com profissionais experientes pode trazer <em>insights<\/em> valiosos sobre o mercado de trabalho.&nbsp;<\/li>\n<\/ul>\n\n\n\n<ul class=\"wp-block-list\">\n<li><strong>Curr\u00edculo turbinado: <\/strong>voc\u00ea sabe por que uma experi\u00eancia em uma empresa j\u00fanior pode fazer toda a <a href=\"https:\/\/www.univates.br\/blog\/o-que-colocar-no-curriculo\/\">diferen\u00e7a no seu curr\u00edculo<\/a>? \u00c9 que, tendo essa viv\u00eancia no seu hist\u00f3rico profissional, voc\u00ea mostra aos recrutadores que \u00e9 proativo, gosta de aprender e n\u00e3o se assusta diante de desafios. Dessa forma, a disposi\u00e7\u00e3o para enfrentar situa\u00e7\u00f5es complexas e resolver problemas demonstra sua resili\u00eancia e capacidade de adapta\u00e7\u00e3o, qualidades essenciais em um mercado de trabalho em constante mudan\u00e7a.&nbsp;<\/li>\n<\/ul>\n\n\n\n<h2 class=\"wp-block-heading\">Conhe\u00e7a a Crescer, a empresa j\u00fanior da Univates<\/h2>\n\n\n\n<div class=\"wp-block-media-text is-stacked-on-mobile\"><figure class=\"wp-block-media-text__media\"><img loading=\"lazy\" decoding=\"async\" width=\"1920\" height=\"1280\" src=\"https:\/\/www.univates.br\/blog\/wp-content\/uploads\/2024\/11\/Imagens-posts-blog-1-2-1920x1280.jpg\" alt=\"\" class=\"wp-image-5935 size-full\" srcset=\"https:\/\/www.univates.br\/blog\/wp-content\/uploads\/2024\/11\/Imagens-posts-blog-1-2-1920x1280.jpg 1920w, https:\/\/www.univates.br\/blog\/wp-content\/uploads\/2024\/11\/Imagens-posts-blog-1-2-1200x800.jpg 1200w, https:\/\/www.univates.br\/blog\/wp-content\/uploads\/2024\/11\/Imagens-posts-blog-1-2-600x400.jpg 600w, https:\/\/www.univates.br\/blog\/wp-content\/uploads\/2024\/11\/Imagens-posts-blog-1-2-150x100.jpg 150w\" sizes=\"auto, (max-width: 1920px) 100vw, 1920px\" \/><\/figure><div class=\"wp-block-media-text__content\">\n<p>A Crescer \u00e9 um projeto da \u00e1rea de Ci\u00eancias Humanas e Sociais Aplicadas da Univates, liderado pelos estudantes de Gest\u00e3o. Fundada em 2019 pelos pr\u00f3prios acad\u00eamicos, a empresa foi criada para que eles pudessem colocar em pr\u00e1tica os conhecimentos adquiridos no decorrer da gradua\u00e7\u00e3o. <\/p>\n<\/div><\/div>\n\n\n\n<p>A iniciativa deu supercerto: atualmente, o projeto atua prestando suporte \u00e0 modelagem dos neg\u00f3cios e realizando servi\u00e7os de assessoria e consultoria em gest\u00e3o financeira, marketing estrat\u00e9gico e gest\u00e3o de opera\u00e7\u00f5es. O foco \u00e9 sempre buscar a melhoria dos processos nas organiza\u00e7\u00f5es, contribuindo para que elas atinjam \u00f3timos resultados.<\/p>\n\n\n\n<p>Para descobrir mais sobre a Crescer, basta seguir a empresa nas redes sociais:<\/p>\n\n\n\n<p>Instagram: <a href=\"https:\/\/www.instagram.com\/empresajuniorunivates\/\">@empresajuniorunivates<\/a>&nbsp;<br>Facebook: <a href=\"https:\/\/www.facebook.com\/p\/Crescer-Empresa-Jr-Univates-100082967307265\/\">Crescer Empresa Jr. Univates&nbsp;<\/a><br>LinkedIn: <a href=\"https:\/\/br.linkedin.com\/company\/crescer-empresa-j%C3%BAnior-univates\">Crescer Empresa J\u00fanior Univates<\/a><br><em>E-mail<\/em>: <a href=\"mailto:empresajr@univates.br\">empresajr@univates.br<\/a><\/p>\n\n\n\n<h2 class=\"wp-block-heading\">Fim<\/h2>\n\n\n\n<p>Lembre-se: cada passo dado na sua trajet\u00f3ria profissional conta. Participar de uma empresa j\u00fanior \u00e9 a oportunidade de que voc\u00ea precisa para impulsionar o desenvolvimento da sua carreira, e, assim, adquirir experi\u00eancia pr\u00e1tica e abrir portas para novas possibilidades. Aproveite esta chance para moldar seu futuro e se destacar no competitivo mercado de trabalho! \ud83d\udcbc\ud83d\udc4f<\/p>\n\n\n\n<p>Confira tamb\u00e9m: <a href=\"https:\/\/www.univates.br\/graduacao\/administracao-de-empresas\" target=\"_blank\" rel=\"noreferrer noopener\">Curso de Administra\u00e7\u00e3o<\/a><\/p>\n","protected":false},"excerpt":{"rendered":"<p>Empresa j\u00fanior: como ela pode preparar voc\u00ea para o mercado de trabalho?Conhe\u00e7a as vantagens de participar de um projeto que alia teoria e pr\u00e1tica Empresa j\u00fanior: como ela pode preparar voc\u00ea para o mercado de trabalho? J\u00e1 pensou em colocar\u2026<\/p>\n","protected":false},"author":2,"featured_media":0,"comment_status":"open","ping_status":"open","sticky":false,"template":"","format":"standard","meta":{"_acf_changed":false,"footnotes":""},"categories":[7],"class_list":["post-5931","post","type-post","status-publish","format-standard","hentry","category-univates","autor-lais-pontin-matos","curso-administracao","curso-ciencias-contabeis","curso-comercio-exterior","curso-gestao-comercial","curso-gestao-de-cooperativas","curso-gestao-de-recursos-humanos","curso-gestao-financeira","curso-logistica","curso-processos-gerenciais","curso-relacoes-internacionais","area-gestao"],"acf":[],"yoast_head":"<!-- This site is optimized with the Yoast SEO plugin v27.3 - https:\/\/yoast.com\/product\/yoast-seo-wordpress\/ -->\n<title>Empresa j\u00fanior: como ela pode preparar voc\u00ea para o mercado de trabalho? - Univates Blog<\/title>\n<meta name=\"description\" content=\"Empresa j\u00fanior: como ela pode preparar voc\u00ea para o mercado de trabalho? Conhe\u00e7a as vantagens de participar desse projeto % .\" \/>\n<meta name=\"robots\" content=\"index, follow, max-snippet:-1, max-image-preview:large, max-video-preview:-1\" \/>\n<link rel=\"canonical\" href=\"https:\/\/www.univates.br\/blog\/empresa-junior-como-ela-prepara-para-o-mercado-de-trabalho\/\" \/>\n<meta property=\"og:locale\" content=\"pt_BR\" \/>\n<meta property=\"og:type\" content=\"article\" \/>\n<meta property=\"og:title\" content=\"Empresa j\u00fanior: como ela pode preparar voc\u00ea para o mercado de trabalho? - Univates Blog\" \/>\n<meta property=\"og:description\" content=\"Empresa j\u00fanior: como ela pode preparar voc\u00ea para o mercado de trabalho? Conhe\u00e7a as vantagens de participar desse projeto % .\" \/>\n<meta property=\"og:url\" content=\"https:\/\/www.univates.br\/blog\/empresa-junior-como-ela-prepara-para-o-mercado-de-trabalho\/\" \/>\n<meta property=\"og:site_name\" content=\"Univates Blog\" \/>\n<meta property=\"article:published_time\" content=\"2024-11-11T18:28:23+00:00\" \/>\n<meta property=\"article:modified_time\" content=\"2026-03-24T13:41:08+00:00\" \/>\n<meta property=\"og:image\" content=\"https:\/\/www.univates.br\/blog\/wp-content\/uploads\/2024\/11\/Imagens-posts-blog-1.jpg\" \/>\n\t<meta property=\"og:image:width\" content=\"5184\" \/>\n\t<meta property=\"og:image:height\" content=\"3456\" \/>\n\t<meta property=\"og:image:type\" content=\"image\/jpeg\" \/>\n<meta name=\"author\" content=\"Marketing Univates\" \/>\n<meta name=\"twitter:card\" content=\"summary_large_image\" \/>\n<meta name=\"twitter:label1\" content=\"Escrito por\" \/>\n\t<meta name=\"twitter:data1\" content=\"Marketing Univates\" \/>\n\t<meta name=\"twitter:label2\" content=\"Est. tempo de leitura\" \/>\n\t<meta name=\"twitter:data2\" content=\"5 minutos\" \/>\n<script type=\"application\/ld+json\" class=\"yoast-schema-graph\">{\"@context\":\"https:\\\/\\\/schema.org\",\"@graph\":[{\"@type\":\"Article\",\"@id\":\"https:\\\/\\\/www.univates.br\\\/blog\\\/empresa-junior-como-ela-prepara-para-o-mercado-de-trabalho\\\/#article\",\"isPartOf\":{\"@id\":\"https:\\\/\\\/www.univates.br\\\/blog\\\/empresa-junior-como-ela-prepara-para-o-mercado-de-trabalho\\\/\"},\"author\":{\"name\":\"Marketing Univates\",\"@id\":\"https:\\\/\\\/www.univates.br\\\/blog\\\/#\\\/schema\\\/person\\\/15c63917440cc5e70160c247b309af2f\"},\"headline\":\"Empresa j\u00fanior: como ela pode preparar voc\u00ea para o mercado de trabalho?\",\"datePublished\":\"2024-11-11T18:28:23+00:00\",\"dateModified\":\"2026-03-24T13:41:08+00:00\",\"mainEntityOfPage\":{\"@id\":\"https:\\\/\\\/www.univates.br\\\/blog\\\/empresa-junior-como-ela-prepara-para-o-mercado-de-trabalho\\\/\"},\"wordCount\":856,\"commentCount\":0,\"image\":{\"@id\":\"https:\\\/\\\/www.univates.br\\\/blog\\\/empresa-junior-como-ela-prepara-para-o-mercado-de-trabalho\\\/#primaryimage\"},\"thumbnailUrl\":\"https:\\\/\\\/www.univates.br\\\/blog\\\/wp-content\\\/uploads\\\/2024\\\/11\\\/Imagens-posts-blog-1-1920x1280.jpg\",\"articleSection\":[\"Univates\"],\"inLanguage\":\"pt-BR\",\"potentialAction\":[{\"@type\":\"CommentAction\",\"name\":\"Comment\",\"target\":[\"https:\\\/\\\/www.univates.br\\\/blog\\\/empresa-junior-como-ela-prepara-para-o-mercado-de-trabalho\\\/#respond\"]}]},{\"@type\":\"WebPage\",\"@id\":\"https:\\\/\\\/www.univates.br\\\/blog\\\/empresa-junior-como-ela-prepara-para-o-mercado-de-trabalho\\\/\",\"url\":\"https:\\\/\\\/www.univates.br\\\/blog\\\/empresa-junior-como-ela-prepara-para-o-mercado-de-trabalho\\\/\",\"name\":\"Empresa j\u00fanior: como ela pode preparar voc\u00ea para o mercado de trabalho? - Univates Blog\",\"isPartOf\":{\"@id\":\"https:\\\/\\\/www.univates.br\\\/blog\\\/#website\"},\"primaryImageOfPage\":{\"@id\":\"https:\\\/\\\/www.univates.br\\\/blog\\\/empresa-junior-como-ela-prepara-para-o-mercado-de-trabalho\\\/#primaryimage\"},\"image\":{\"@id\":\"https:\\\/\\\/www.univates.br\\\/blog\\\/empresa-junior-como-ela-prepara-para-o-mercado-de-trabalho\\\/#primaryimage\"},\"thumbnailUrl\":\"https:\\\/\\\/www.univates.br\\\/blog\\\/wp-content\\\/uploads\\\/2024\\\/11\\\/Imagens-posts-blog-1-1920x1280.jpg\",\"datePublished\":\"2024-11-11T18:28:23+00:00\",\"dateModified\":\"2026-03-24T13:41:08+00:00\",\"author\":{\"@id\":\"https:\\\/\\\/www.univates.br\\\/blog\\\/#\\\/schema\\\/person\\\/15c63917440cc5e70160c247b309af2f\"},\"description\":\"Empresa j\u00fanior: como ela pode preparar voc\u00ea para o mercado de trabalho? Conhe\u00e7a as vantagens de participar desse projeto % .\",\"breadcrumb\":{\"@id\":\"https:\\\/\\\/www.univates.br\\\/blog\\\/empresa-junior-como-ela-prepara-para-o-mercado-de-trabalho\\\/#breadcrumb\"},\"inLanguage\":\"pt-BR\",\"potentialAction\":[{\"@type\":\"ReadAction\",\"target\":[\"https:\\\/\\\/www.univates.br\\\/blog\\\/empresa-junior-como-ela-prepara-para-o-mercado-de-trabalho\\\/\"]}]},{\"@type\":\"ImageObject\",\"inLanguage\":\"pt-BR\",\"@id\":\"https:\\\/\\\/www.univates.br\\\/blog\\\/empresa-junior-como-ela-prepara-para-o-mercado-de-trabalho\\\/#primaryimage\",\"url\":\"https:\\\/\\\/www.univates.br\\\/blog\\\/wp-content\\\/uploads\\\/2024\\\/11\\\/Imagens-posts-blog-1.jpg\",\"contentUrl\":\"https:\\\/\\\/www.univates.br\\\/blog\\\/wp-content\\\/uploads\\\/2024\\\/11\\\/Imagens-posts-blog-1.jpg\",\"width\":5184,\"height\":3456},{\"@type\":\"BreadcrumbList\",\"@id\":\"https:\\\/\\\/www.univates.br\\\/blog\\\/empresa-junior-como-ela-prepara-para-o-mercado-de-trabalho\\\/#breadcrumb\",\"itemListElement\":[{\"@type\":\"ListItem\",\"position\":1,\"name\":\"Home\",\"item\":\"https:\\\/\\\/www.univates.br\\\/blog\\\/\"},{\"@type\":\"ListItem\",\"position\":2,\"name\":\"Empresa j\u00fanior: como ela pode preparar voc\u00ea para o mercado de trabalho?\"}]},{\"@type\":\"WebSite\",\"@id\":\"https:\\\/\\\/www.univates.br\\\/blog\\\/#website\",\"url\":\"https:\\\/\\\/www.univates.br\\\/blog\\\/\",\"name\":\"Univates Blog\",\"description\":\"\",\"potentialAction\":[{\"@type\":\"SearchAction\",\"target\":{\"@type\":\"EntryPoint\",\"urlTemplate\":\"https:\\\/\\\/www.univates.br\\\/blog\\\/?s={search_term_string}\"},\"query-input\":{\"@type\":\"PropertyValueSpecification\",\"valueRequired\":true,\"valueName\":\"search_term_string\"}}],\"inLanguage\":\"pt-BR\"},{\"@type\":\"Person\",\"@id\":\"https:\\\/\\\/www.univates.br\\\/blog\\\/#\\\/schema\\\/person\\\/15c63917440cc5e70160c247b309af2f\",\"name\":\"Marketing Univates\",\"image\":{\"@type\":\"ImageObject\",\"inLanguage\":\"pt-BR\",\"@id\":\"https:\\\/\\\/secure.gravatar.com\\\/avatar\\\/511f9e77a6a3d0cddd9074f69a722364bc7f787e73d4a0da1f727ba62704eda4?s=96&d=mm&r=g\",\"url\":\"https:\\\/\\\/secure.gravatar.com\\\/avatar\\\/511f9e77a6a3d0cddd9074f69a722364bc7f787e73d4a0da1f727ba62704eda4?s=96&d=mm&r=g\",\"contentUrl\":\"https:\\\/\\\/secure.gravatar.com\\\/avatar\\\/511f9e77a6a3d0cddd9074f69a722364bc7f787e73d4a0da1f727ba62704eda4?s=96&d=mm&r=g\",\"caption\":\"Marketing Univates\"},\"sameAs\":[\"http:\\\/\\\/univates.br\"],\"url\":\"https:\\\/\\\/www.univates.br\\\/blog\\\/author\\\/marketing\\\/\"}]}<\/script>\n<!-- \/ Yoast SEO plugin. -->","yoast_head_json":{"title":"Empresa j\u00fanior: como ela pode preparar voc\u00ea para o mercado de trabalho? - Univates Blog","description":"Empresa j\u00fanior: como ela pode preparar voc\u00ea para o mercado de trabalho? Conhe\u00e7a as vantagens de participar desse projeto % .","robots":{"index":"index","follow":"follow","max-snippet":"max-snippet:-1","max-image-preview":"max-image-preview:large","max-video-preview":"max-video-preview:-1"},"canonical":"https:\/\/www.univates.br\/blog\/empresa-junior-como-ela-prepara-para-o-mercado-de-trabalho\/","og_locale":"pt_BR","og_type":"article","og_title":"Empresa j\u00fanior: como ela pode preparar voc\u00ea para o mercado de trabalho? - Univates Blog","og_description":"Empresa j\u00fanior: como ela pode preparar voc\u00ea para o mercado de trabalho? Conhe\u00e7a as vantagens de participar desse projeto % .","og_url":"https:\/\/www.univates.br\/blog\/empresa-junior-como-ela-prepara-para-o-mercado-de-trabalho\/","og_site_name":"Univates Blog","article_published_time":"2024-11-11T18:28:23+00:00","article_modified_time":"2026-03-24T13:41:08+00:00","og_image":[{"width":5184,"height":3456,"url":"https:\/\/www.univates.br\/blog\/wp-content\/uploads\/2024\/11\/Imagens-posts-blog-1.jpg","type":"image\/jpeg"}],"author":"Marketing Univates","twitter_card":"summary_large_image","twitter_misc":{"Escrito por":"Marketing Univates","Est. tempo de leitura":"5 minutos"},"schema":{"@context":"https:\/\/schema.org","@graph":[{"@type":"Article","@id":"https:\/\/www.univates.br\/blog\/empresa-junior-como-ela-prepara-para-o-mercado-de-trabalho\/#article","isPartOf":{"@id":"https:\/\/www.univates.br\/blog\/empresa-junior-como-ela-prepara-para-o-mercado-de-trabalho\/"},"author":{"name":"Marketing Univates","@id":"https:\/\/www.univates.br\/blog\/#\/schema\/person\/15c63917440cc5e70160c247b309af2f"},"headline":"Empresa j\u00fanior: como ela pode preparar voc\u00ea para o mercado de trabalho?","datePublished":"2024-11-11T18:28:23+00:00","dateModified":"2026-03-24T13:41:08+00:00","mainEntityOfPage":{"@id":"https:\/\/www.univates.br\/blog\/empresa-junior-como-ela-prepara-para-o-mercado-de-trabalho\/"},"wordCount":856,"commentCount":0,"image":{"@id":"https:\/\/www.univates.br\/blog\/empresa-junior-como-ela-prepara-para-o-mercado-de-trabalho\/#primaryimage"},"thumbnailUrl":"https:\/\/www.univates.br\/blog\/wp-content\/uploads\/2024\/11\/Imagens-posts-blog-1-1920x1280.jpg","articleSection":["Univates"],"inLanguage":"pt-BR","potentialAction":[{"@type":"CommentAction","name":"Comment","target":["https:\/\/www.univates.br\/blog\/empresa-junior-como-ela-prepara-para-o-mercado-de-trabalho\/#respond"]}]},{"@type":"WebPage","@id":"https:\/\/www.univates.br\/blog\/empresa-junior-como-ela-prepara-para-o-mercado-de-trabalho\/","url":"https:\/\/www.univates.br\/blog\/empresa-junior-como-ela-prepara-para-o-mercado-de-trabalho\/","name":"Empresa j\u00fanior: como ela pode preparar voc\u00ea para o mercado de trabalho? - Univates Blog","isPartOf":{"@id":"https:\/\/www.univates.br\/blog\/#website"},"primaryImageOfPage":{"@id":"https:\/\/www.univates.br\/blog\/empresa-junior-como-ela-prepara-para-o-mercado-de-trabalho\/#primaryimage"},"image":{"@id":"https:\/\/www.univates.br\/blog\/empresa-junior-como-ela-prepara-para-o-mercado-de-trabalho\/#primaryimage"},"thumbnailUrl":"https:\/\/www.univates.br\/blog\/wp-content\/uploads\/2024\/11\/Imagens-posts-blog-1-1920x1280.jpg","datePublished":"2024-11-11T18:28:23+00:00","dateModified":"2026-03-24T13:41:08+00:00","author":{"@id":"https:\/\/www.univates.br\/blog\/#\/schema\/person\/15c63917440cc5e70160c247b309af2f"},"description":"Empresa j\u00fanior: como ela pode preparar voc\u00ea para o mercado de trabalho? Conhe\u00e7a as vantagens de participar desse projeto % .","breadcrumb":{"@id":"https:\/\/www.univates.br\/blog\/empresa-junior-como-ela-prepara-para-o-mercado-de-trabalho\/#breadcrumb"},"inLanguage":"pt-BR","potentialAction":[{"@type":"ReadAction","target":["https:\/\/www.univates.br\/blog\/empresa-junior-como-ela-prepara-para-o-mercado-de-trabalho\/"]}]},{"@type":"ImageObject","inLanguage":"pt-BR","@id":"https:\/\/www.univates.br\/blog\/empresa-junior-como-ela-prepara-para-o-mercado-de-trabalho\/#primaryimage","url":"https:\/\/www.univates.br\/blog\/wp-content\/uploads\/2024\/11\/Imagens-posts-blog-1.jpg","contentUrl":"https:\/\/www.univates.br\/blog\/wp-content\/uploads\/2024\/11\/Imagens-posts-blog-1.jpg","width":5184,"height":3456},{"@type":"BreadcrumbList","@id":"https:\/\/www.univates.br\/blog\/empresa-junior-como-ela-prepara-para-o-mercado-de-trabalho\/#breadcrumb","itemListElement":[{"@type":"ListItem","position":1,"name":"Home","item":"https:\/\/www.univates.br\/blog\/"},{"@type":"ListItem","position":2,"name":"Empresa j\u00fanior: como ela pode preparar voc\u00ea para o mercado de trabalho?"}]},{"@type":"WebSite","@id":"https:\/\/www.univates.br\/blog\/#website","url":"https:\/\/www.univates.br\/blog\/","name":"Univates Blog","description":"","potentialAction":[{"@type":"SearchAction","target":{"@type":"EntryPoint","urlTemplate":"https:\/\/www.univates.br\/blog\/?s={search_term_string}"},"query-input":{"@type":"PropertyValueSpecification","valueRequired":true,"valueName":"search_term_string"}}],"inLanguage":"pt-BR"},{"@type":"Person","@id":"https:\/\/www.univates.br\/blog\/#\/schema\/person\/15c63917440cc5e70160c247b309af2f","name":"Marketing Univates","image":{"@type":"ImageObject","inLanguage":"pt-BR","@id":"https:\/\/secure.gravatar.com\/avatar\/511f9e77a6a3d0cddd9074f69a722364bc7f787e73d4a0da1f727ba62704eda4?s=96&d=mm&r=g","url":"https:\/\/secure.gravatar.com\/avatar\/511f9e77a6a3d0cddd9074f69a722364bc7f787e73d4a0da1f727ba62704eda4?s=96&d=mm&r=g","contentUrl":"https:\/\/secure.gravatar.com\/avatar\/511f9e77a6a3d0cddd9074f69a722364bc7f787e73d4a0da1f727ba62704eda4?s=96&d=mm&r=g","caption":"Marketing Univates"},"sameAs":["http:\/\/univates.br"],"url":"https:\/\/www.univates.br\/blog\/author\/marketing\/"}]}},"_links":{"self":[{"href":"https:\/\/www.univates.br\/blog\/wp-json\/wp\/v2\/posts\/5931","targetHints":{"allow":["GET"]}}],"collection":[{"href":"https:\/\/www.univates.br\/blog\/wp-json\/wp\/v2\/posts"}],"about":[{"href":"https:\/\/www.univates.br\/blog\/wp-json\/wp\/v2\/types\/post"}],"author":[{"embeddable":true,"href":"https:\/\/www.univates.br\/blog\/wp-json\/wp\/v2\/users\/2"}],"replies":[{"embeddable":true,"href":"https:\/\/www.univates.br\/blog\/wp-json\/wp\/v2\/comments?post=5931"}],"version-history":[{"count":2,"href":"https:\/\/www.univates.br\/blog\/wp-json\/wp\/v2\/posts\/5931\/revisions"}],"predecessor-version":[{"id":7401,"href":"https:\/\/www.univates.br\/blog\/wp-json\/wp\/v2\/posts\/5931\/revisions\/7401"}],"wp:attachment":[{"href":"https:\/\/www.univates.br\/blog\/wp-json\/wp\/v2\/media?parent=5931"}],"wp:term":[{"taxonomy":"category","embeddable":true,"href":"https:\/\/www.univates.br\/blog\/wp-json\/wp\/v2\/categories?post=5931"}],"curies":[{"name":"wp","href":"https:\/\/api.w.org\/{rel}","templated":true}]}}