{"id":6017,"date":"2025-01-13T15:43:19","date_gmt":"2025-01-13T18:43:19","guid":{"rendered":"https:\/\/www.univates.br\/blog\/?p=6017"},"modified":"2025-11-25T10:40:14","modified_gmt":"2025-11-25T13:40:14","slug":"terapia-ocupacional-univates","status":"publish","type":"post","link":"https:\/\/www.univates.br\/blog\/terapia-ocupacional-univates\/","title":{"rendered":"Conhe\u00e7a o curso de Terapia Ocupacional da Univates"},"content":{"rendered":"\n<p>Conhe\u00e7a o curso de Terapia Ocupacional da Univates. A nova gradua\u00e7\u00e3o oferecida pela Uni prepara os profissionais para promover a qualidade de vida e a autonomia das pessoas, atuando em diversas \u00e1reas, como sa\u00fade, educa\u00e7\u00e3o e reabilita\u00e7\u00e3o. Quer descobrir como essa forma\u00e7\u00e3o pode transformar vidas e contribuir para uma sociedade mais inclusiva? Ent\u00e3o n\u00e3o deixe de conferir este <em>post<\/em>, no qual explicamos tudo sobre os diferenciais que voc\u00ea s\u00f3 vai encontrar no curso da nossa Universidade. Siga o fio para ficar por dentro de todos os detalhes! \ud83d\udc40\ud83e\uddf5<\/p>\n\n\n<div class=\"wp-block-image\">\n<figure class=\"aligncenter size-full\"><img loading=\"lazy\" decoding=\"async\" width=\"5184\" height=\"3456\" src=\"https:\/\/www.univates.br\/blog\/wp-content\/uploads\/2025\/01\/Imagens-posts-blog-77.jpg\" alt=\"Conhe\u00e7a o curso de Terapia Ocupacional da Univates.\" class=\"wp-image-6018\"\/><figcaption class=\"wp-element-caption\">Foto: Divulga\u00e7\u00e3o<\/figcaption><\/figure>\n<\/div>\n\n\n<h2 class=\"wp-block-heading\"><strong>A miss\u00e3o do terapeuta ocupacional&nbsp;<\/strong><\/h2>\n\n\n\n<p>Antes de come\u00e7armos a falar especificamente sobre o curso de Terapia Ocupacional da Univates, vamos entender melhor qual \u00e9 a miss\u00e3o de quem escolhe essa carreira. De maneira geral, pode-se dizer que o terapeuta ocupacional ajuda as pessoas a superarem limita\u00e7\u00f5es f\u00edsicas, mentais, emocionais e cognitivas, promovendo a inclus\u00e3o e a autonomia.<\/p>\n\n\n\n<div class=\"wp-block-media-text is-stacked-on-mobile\"><figure class=\"wp-block-media-text__media\"><img loading=\"lazy\" decoding=\"async\" width=\"5184\" height=\"3456\" src=\"https:\/\/www.univates.br\/blog\/wp-content\/uploads\/2025\/01\/Imagens-posts-blog-81.jpg\" alt=\"\" class=\"wp-image-6019 size-full\"\/><\/figure><div class=\"wp-block-media-text__content\">\n<p>Os profissionais atuam no desenvolvimento de habilidades e estrat\u00e9gias que permitem a realiza\u00e7\u00e3o das atividades do dia a dia, melhorando a qualidade de vida dos pacientes. Al\u00e9m disso, os terapeutas ocupacionais tamb\u00e9m contribuem para a promo\u00e7\u00e3o da sa\u00fade, j\u00e1 que auxiliam na preven\u00e7\u00e3o de doen\u00e7as e na reabilita\u00e7\u00e3o de condi\u00e7\u00f5es que afetam a capacidade funcional das pessoas.<\/p>\n<\/div><\/div>\n\n\n\n<p>Trabalhando em locais como hospitais, cl\u00ednicas, escolas, centros de reabilita\u00e7\u00e3o, asilos e at\u00e9 mesmo no ambiente domiciliar, os terapeutas ocupacionais atuam em diversos contextos, oferecendo cuidados personalizados e estrat\u00e9gias espec\u00edficas para cada caso. Eles podem atender pacientes que apresentam defici\u00eancias f\u00edsicas, transtornos do desenvolvimento, les\u00f5es cerebrais traum\u00e1ticas, entre outras condi\u00e7\u00f5es que afetam a capacidade de realizar tarefas cotidianas.<\/p>\n\n\n\n<h2 class=\"wp-block-heading\"><strong>O curso de Terapia Ocupacional da Univates&nbsp;<\/strong><\/h2>\n\n\n\n<p>E a\u00ed, voc\u00ea se imagina sendo um terapeuta ocupacional no futuro? Se a resposta for sim, saiba que escolher uma gradua\u00e7\u00e3o de excel\u00eancia far\u00e1 total diferen\u00e7a na sua forma\u00e7\u00e3o e na sua carreira.<\/p>\n\n\n\n<p>O <a href=\"https:\/\/www.univates.br\/graduacao\/terapia-ocupacional\">curso de Terapia Ocupacional<\/a> da Univates ensina aos estudantes uma variedade de m\u00e9todos e t\u00e9cnicas baseados em evid\u00eancias cient\u00edficas, com o objetivo de promover a qualidade de vida e a autonomia de seus futuros pacientes. Organizada em complexidade crescente e de acordo com os ciclos da vida, a gradua\u00e7\u00e3o cria in\u00fameras oportunidades para que os alunos aprofundem conhecimentos te\u00f3ricos e realizem experimenta\u00e7\u00f5es profissionais. Legal, n\u00e3o \u00e9?<\/p>\n\n\n\n<figure class=\"wp-block-embed is-type-video is-provider-youtube wp-block-embed-youtube wp-embed-aspect-16-9 wp-has-aspect-ratio\"><div class=\"wp-block-embed__wrapper\">\n<iframe loading=\"lazy\" title=\"Terapia Ocupacional Univates\" width=\"500\" height=\"281\" src=\"https:\/\/www.youtube.com\/embed\/kIgn9YKde_w?feature=oembed\" frameborder=\"0\" allow=\"accelerometer; autoplay; clipboard-write; encrypted-media; gyroscope; picture-in-picture; web-share\" referrerpolicy=\"strict-origin-when-cross-origin\" allowfullscreen><\/iframe>\n<\/div><\/figure>\n\n\n\n<h2 class=\"wp-block-heading\"><strong>Os professores e as disciplinas do curso&nbsp;<\/strong><\/h2>\n\n\n\n<div class=\"wp-block-media-text is-stacked-on-mobile\"><figure class=\"wp-block-media-text__media\"><img loading=\"lazy\" decoding=\"async\" width=\"5184\" height=\"3456\" src=\"https:\/\/www.univates.br\/blog\/wp-content\/uploads\/2025\/01\/Imagens-posts-blog-82.jpg\" alt=\"\" class=\"wp-image-6021 size-full\"\/><\/figure><div class=\"wp-block-media-text__content\">\n<p>Voc\u00ea vai adorar aprender com os professores do curso de Terapia Ocupacional da Uni! Isso porque os docentes t\u00eam vasta experi\u00eancia profissional e acad\u00eamica, combinando conhecimento t\u00e9cnico com uma abordagem pr\u00e1tica e inovadora. <\/p>\n<\/div><\/div>\n\n\n\n<p>Nossos professores incentivam o desenvolvimento da curiosidade e da pesquisa, propiciando um ambiente de aprendizagem din\u00e2mico e colaborativo. Assim, os estudantes t\u00eam a chance de adquirir habilidades que os capacitam tanto para a realiza\u00e7\u00e3o de provas e trabalhos quanto para os desafios reais do mercado de trabalho.<\/p>\n\n\n\n<p>N\u00e3o tem jeito: para aprender de verdade, \u00e9 preciso colocar a m\u00e3o na massa! Por isso, as disciplinas do curso de Terapia Ocupacional s\u00e3o estruturadas para oferecer uma forma\u00e7\u00e3o s\u00f3lida e pr\u00e1tica aos estudantes. Al\u00e9m das aulas te\u00f3ricas, que aprofundam os conceitos fundamentais da \u00e1rea, a gradua\u00e7\u00e3o inclui atividades que estimulam a viv\u00eancia no cotidiano da profiss\u00e3o.<\/p>\n\n\n\n<p><strong>[<em>SPOILER<\/em>]<\/strong> Conhe\u00e7a algumas disciplinas que comp\u00f5em a grade curricular do curso de Terapia Ocupacional da Univates:<\/p>\n\n\n\n<ul class=\"wp-block-list\">\n<li>Terapia Ocupacional, Ci\u00eancia e Profiss\u00e3o (1\u00ba semestre);&nbsp;<\/li>\n\n\n\n<li>Cinesiologia e Biomec\u00e2nica (2\u00ba semestre);&nbsp;<\/li>\n\n\n\n<li>Processos Psicol\u00f3gicos B\u00e1sicos (2\u00ba semestre);&nbsp;<\/li>\n\n\n\n<li>Recursos Terap\u00eauticos &#8211; Atividades de Vida Di\u00e1ria (3\u00ba semestre);&nbsp;<\/li>\n\n\n\n<li>Terapia Ocupacional e Pessoas com Defici\u00eancia (3\u00ba semestre);&nbsp;<\/li>\n\n\n\n<li>Metodologia da Pesquisa (4\u00ba semestre);&nbsp;<\/li>\n\n\n\n<li>Est\u00e1gio Supervisionado em Terapia Ocupacional &#8211; Atua\u00e7\u00e3o Interprofissional (5\u00ba semestre);&nbsp;<\/li>\n\n\n\n<li>Terapia Ocupacional na Inf\u00e2ncia (5\u00ba semestre);&nbsp;<\/li>\n\n\n\n<li>Trabalho de Conclus\u00e3o de Curso I &#8211; TCC I (6\u00ba semestre);&nbsp;<\/li>\n\n\n\n<li>Est\u00e1gio Supervisionado em Aten\u00e7\u00e3o Hospitalar (7\u00ba semestre);&nbsp;<\/li>\n\n\n\n<li>Fundamentos da Integra\u00e7\u00e3o Sensorial (7\u00ba semestre);&nbsp;<\/li>\n\n\n\n<li>Trabalho de Conclus\u00e3o de Curso II &#8211; TCC II (7\u00ba semestre);<\/li>\n\n\n\n<li>Est\u00e1gio Supervisionado em Terapia Ocupacional &#8211; \u00c1rea de Livre Interesse.<\/li>\n<\/ul>\n\n\n\n<h2 class=\"wp-block-heading\">#VemPraUni<\/h2>\n\n\n\n<p>Leia os conte\u00fados abaixo para descobrir por que estudar na Univates pode ser uma excelente escolha para sua forma\u00e7\u00e3o e seu futuro profissional!<\/p>\n\n\n\n<p><a href=\"https:\/\/www.univates.br\/blog\/estudar-na-univates-uma-das-melhores-universidades-do-brasil\/\">Estudar na Univates: conhe\u00e7a a experi\u00eancia de uma das melhores universidades do Brasil<\/a><\/p>\n\n\n\n<p><a href=\"https:\/\/www.univates.br\/blog\/por-que-estudar-na-univates-pode-ser-uma-opcao-para-voce\/\">Por que estudar na Univates pode ser uma op\u00e7\u00e3o para voc\u00ea?<\/a><\/p>\n\n\n\n<p><a href=\"https:\/\/www.univates.br\/blog\/ja-conhece-os-beneficios-de-ser-aluno-da-nossa-universidade\/\">J\u00e1 conhece os benef\u00edcios de ser aluno da nossa Universidade?<\/a><\/p>\n\n\n<div class=\"wp-block-image\">\n<figure class=\"aligncenter size-full\"><img loading=\"lazy\" decoding=\"async\" width=\"5184\" height=\"3456\" src=\"https:\/\/www.univates.br\/blog\/wp-content\/uploads\/2025\/01\/Imagens-posts-blog-83.jpg\" alt=\"\" class=\"wp-image-6026\"\/><figcaption class=\"wp-element-caption\">Foto: Divulga\u00e7\u00e3o Univates\/Lucas George Wendt<\/figcaption><\/figure>\n<\/div>\n\n\n<h2 class=\"wp-block-heading\">Fim \ud83d\udc99<\/h2>\n\n\n\n<p>Se voc\u00ea busca uma carreira que realmente faz a diferen\u00e7a na vida das pessoas, a Terapia Ocupacional \u00e9 a escolha certa. O curso da Univates ir\u00e1 prepar\u00e1-lo para atuar de forma eficaz na promo\u00e7\u00e3o da autonomia e da qualidade de vida, com uma forma\u00e7\u00e3o que combina teoria e pr\u00e1tica. Venha estudar conosco para desenvolver as habilidades necess\u00e1rias para transformar realidades, enfrentar desafios e se destacar no mercado de trabalho! \ud83e\ude7a\ud83e\udde9\ud83d\udc99<\/p>\n\n\n\n<p>Veja tamb\u00e9m: <a href=\"https:\/\/www.univates.br\/graduacao\/terapia-ocupacional\" target=\"_blank\" rel=\"noreferrer noopener\">Forma\u00e7\u00e3o Terapeuta Ocupacional<\/a><\/p>\n","protected":false},"excerpt":{"rendered":"<p>Conhe\u00e7a o curso de Terapia Ocupacional da Univates. A nova gradua\u00e7\u00e3o oferecida pela Uni prepara os profissionais para promover a qualidade de vida e a autonomia das pessoas, atuando em diversas \u00e1reas, como sa\u00fade, educa\u00e7\u00e3o e reabilita\u00e7\u00e3o. Quer descobrir como\u2026<\/p>\n","protected":false},"author":2,"featured_media":0,"comment_status":"open","ping_status":"open","sticky":false,"template":"","format":"standard","meta":{"_acf_changed":false,"footnotes":""},"categories":[7],"class_list":["post-6017","post","type-post","status-publish","format-standard","hentry","category-univates","autor-lais-pontin-matos","area-saude"],"acf":[],"yoast_head":"<!-- This site is optimized with the Yoast SEO plugin v27.3 - https:\/\/yoast.com\/product\/yoast-seo-wordpress\/ -->\n<title>Conhe\u00e7a o curso de Terapia Ocupacional da Univates - Univates Blog<\/title>\n<meta name=\"description\" content=\"Conhe\u00e7a o curso de Terapia Ocupacional da Univates. Saiba mais sobre a nova gradua\u00e7\u00e3o oferecida pela nossa Universidade.\" \/>\n<meta name=\"robots\" content=\"index, follow, max-snippet:-1, max-image-preview:large, max-video-preview:-1\" \/>\n<link rel=\"canonical\" href=\"https:\/\/www.univates.br\/blog\/terapia-ocupacional-univates\/\" \/>\n<meta property=\"og:locale\" content=\"pt_BR\" \/>\n<meta property=\"og:type\" content=\"article\" \/>\n<meta property=\"og:title\" content=\"Conhe\u00e7a o curso de Terapia Ocupacional da Univates - Univates Blog\" \/>\n<meta property=\"og:description\" content=\"Conhe\u00e7a o curso de Terapia Ocupacional da Univates. Saiba mais sobre a nova gradua\u00e7\u00e3o oferecida pela nossa Universidade.\" \/>\n<meta property=\"og:url\" content=\"https:\/\/www.univates.br\/blog\/terapia-ocupacional-univates\/\" \/>\n<meta property=\"og:site_name\" content=\"Univates Blog\" \/>\n<meta property=\"article:published_time\" content=\"2025-01-13T18:43:19+00:00\" \/>\n<meta property=\"article:modified_time\" content=\"2025-11-25T13:40:14+00:00\" \/>\n<meta property=\"og:image\" content=\"https:\/\/www.univates.br\/blog\/wp-content\/uploads\/2025\/01\/Imagens-posts-blog-77.jpg\" \/>\n\t<meta property=\"og:image:width\" content=\"5184\" \/>\n\t<meta property=\"og:image:height\" content=\"3456\" \/>\n\t<meta property=\"og:image:type\" content=\"image\/jpeg\" \/>\n<meta name=\"author\" content=\"Marketing Univates\" \/>\n<meta name=\"twitter:card\" content=\"summary_large_image\" \/>\n<meta name=\"twitter:label1\" content=\"Escrito por\" \/>\n\t<meta name=\"twitter:data1\" content=\"Marketing Univates\" \/>\n\t<meta name=\"twitter:label2\" content=\"Est. tempo de leitura\" \/>\n\t<meta name=\"twitter:data2\" content=\"6 minutos\" \/>\n<script type=\"application\/ld+json\" class=\"yoast-schema-graph\">{\"@context\":\"https:\\\/\\\/schema.org\",\"@graph\":[{\"@type\":\"Article\",\"@id\":\"https:\\\/\\\/www.univates.br\\\/blog\\\/terapia-ocupacional-univates\\\/#article\",\"isPartOf\":{\"@id\":\"https:\\\/\\\/www.univates.br\\\/blog\\\/terapia-ocupacional-univates\\\/\"},\"author\":{\"name\":\"Marketing Univates\",\"@id\":\"https:\\\/\\\/www.univates.br\\\/blog\\\/#\\\/schema\\\/person\\\/15c63917440cc5e70160c247b309af2f\"},\"headline\":\"Conhe\u00e7a o curso de Terapia Ocupacional da Univates\",\"datePublished\":\"2025-01-13T18:43:19+00:00\",\"dateModified\":\"2025-11-25T13:40:14+00:00\",\"mainEntityOfPage\":{\"@id\":\"https:\\\/\\\/www.univates.br\\\/blog\\\/terapia-ocupacional-univates\\\/\"},\"wordCount\":883,\"commentCount\":0,\"image\":{\"@id\":\"https:\\\/\\\/www.univates.br\\\/blog\\\/terapia-ocupacional-univates\\\/#primaryimage\"},\"thumbnailUrl\":\"https:\\\/\\\/www.univates.br\\\/blog\\\/wp-content\\\/uploads\\\/2025\\\/01\\\/Imagens-posts-blog-77.jpg\",\"articleSection\":[\"Univates\"],\"inLanguage\":\"pt-BR\",\"potentialAction\":[{\"@type\":\"CommentAction\",\"name\":\"Comment\",\"target\":[\"https:\\\/\\\/www.univates.br\\\/blog\\\/terapia-ocupacional-univates\\\/#respond\"]}]},{\"@type\":\"WebPage\",\"@id\":\"https:\\\/\\\/www.univates.br\\\/blog\\\/terapia-ocupacional-univates\\\/\",\"url\":\"https:\\\/\\\/www.univates.br\\\/blog\\\/terapia-ocupacional-univates\\\/\",\"name\":\"Conhe\u00e7a o curso de Terapia Ocupacional da Univates - Univates Blog\",\"isPartOf\":{\"@id\":\"https:\\\/\\\/www.univates.br\\\/blog\\\/#website\"},\"primaryImageOfPage\":{\"@id\":\"https:\\\/\\\/www.univates.br\\\/blog\\\/terapia-ocupacional-univates\\\/#primaryimage\"},\"image\":{\"@id\":\"https:\\\/\\\/www.univates.br\\\/blog\\\/terapia-ocupacional-univates\\\/#primaryimage\"},\"thumbnailUrl\":\"https:\\\/\\\/www.univates.br\\\/blog\\\/wp-content\\\/uploads\\\/2025\\\/01\\\/Imagens-posts-blog-77.jpg\",\"datePublished\":\"2025-01-13T18:43:19+00:00\",\"dateModified\":\"2025-11-25T13:40:14+00:00\",\"author\":{\"@id\":\"https:\\\/\\\/www.univates.br\\\/blog\\\/#\\\/schema\\\/person\\\/15c63917440cc5e70160c247b309af2f\"},\"description\":\"Conhe\u00e7a o curso de Terapia Ocupacional da Univates. Saiba mais sobre a nova gradua\u00e7\u00e3o oferecida pela nossa Universidade.\",\"breadcrumb\":{\"@id\":\"https:\\\/\\\/www.univates.br\\\/blog\\\/terapia-ocupacional-univates\\\/#breadcrumb\"},\"inLanguage\":\"pt-BR\",\"potentialAction\":[{\"@type\":\"ReadAction\",\"target\":[\"https:\\\/\\\/www.univates.br\\\/blog\\\/terapia-ocupacional-univates\\\/\"]}]},{\"@type\":\"ImageObject\",\"inLanguage\":\"pt-BR\",\"@id\":\"https:\\\/\\\/www.univates.br\\\/blog\\\/terapia-ocupacional-univates\\\/#primaryimage\",\"url\":\"https:\\\/\\\/www.univates.br\\\/blog\\\/wp-content\\\/uploads\\\/2025\\\/01\\\/Imagens-posts-blog-77.jpg\",\"contentUrl\":\"https:\\\/\\\/www.univates.br\\\/blog\\\/wp-content\\\/uploads\\\/2025\\\/01\\\/Imagens-posts-blog-77.jpg\",\"width\":5184,\"height\":3456,\"caption\":\"Foto: Divulga\u00e7\u00e3o\\\/Pexels.\"},{\"@type\":\"BreadcrumbList\",\"@id\":\"https:\\\/\\\/www.univates.br\\\/blog\\\/terapia-ocupacional-univates\\\/#breadcrumb\",\"itemListElement\":[{\"@type\":\"ListItem\",\"position\":1,\"name\":\"Home\",\"item\":\"https:\\\/\\\/www.univates.br\\\/blog\\\/\"},{\"@type\":\"ListItem\",\"position\":2,\"name\":\"Conhe\u00e7a o curso de Terapia Ocupacional da Univates\"}]},{\"@type\":\"WebSite\",\"@id\":\"https:\\\/\\\/www.univates.br\\\/blog\\\/#website\",\"url\":\"https:\\\/\\\/www.univates.br\\\/blog\\\/\",\"name\":\"Univates Blog\",\"description\":\"\",\"potentialAction\":[{\"@type\":\"SearchAction\",\"target\":{\"@type\":\"EntryPoint\",\"urlTemplate\":\"https:\\\/\\\/www.univates.br\\\/blog\\\/?s={search_term_string}\"},\"query-input\":{\"@type\":\"PropertyValueSpecification\",\"valueRequired\":true,\"valueName\":\"search_term_string\"}}],\"inLanguage\":\"pt-BR\"},{\"@type\":\"Person\",\"@id\":\"https:\\\/\\\/www.univates.br\\\/blog\\\/#\\\/schema\\\/person\\\/15c63917440cc5e70160c247b309af2f\",\"name\":\"Marketing Univates\",\"image\":{\"@type\":\"ImageObject\",\"inLanguage\":\"pt-BR\",\"@id\":\"https:\\\/\\\/secure.gravatar.com\\\/avatar\\\/511f9e77a6a3d0cddd9074f69a722364bc7f787e73d4a0da1f727ba62704eda4?s=96&d=mm&r=g\",\"url\":\"https:\\\/\\\/secure.gravatar.com\\\/avatar\\\/511f9e77a6a3d0cddd9074f69a722364bc7f787e73d4a0da1f727ba62704eda4?s=96&d=mm&r=g\",\"contentUrl\":\"https:\\\/\\\/secure.gravatar.com\\\/avatar\\\/511f9e77a6a3d0cddd9074f69a722364bc7f787e73d4a0da1f727ba62704eda4?s=96&d=mm&r=g\",\"caption\":\"Marketing Univates\"},\"sameAs\":[\"http:\\\/\\\/univates.br\"],\"url\":\"https:\\\/\\\/www.univates.br\\\/blog\\\/author\\\/marketing\\\/\"}]}<\/script>\n<!-- \/ Yoast SEO plugin. -->","yoast_head_json":{"title":"Conhe\u00e7a o curso de Terapia Ocupacional da Univates - Univates Blog","description":"Conhe\u00e7a o curso de Terapia Ocupacional da Univates. Saiba mais sobre a nova gradua\u00e7\u00e3o oferecida pela nossa Universidade.","robots":{"index":"index","follow":"follow","max-snippet":"max-snippet:-1","max-image-preview":"max-image-preview:large","max-video-preview":"max-video-preview:-1"},"canonical":"https:\/\/www.univates.br\/blog\/terapia-ocupacional-univates\/","og_locale":"pt_BR","og_type":"article","og_title":"Conhe\u00e7a o curso de Terapia Ocupacional da Univates - Univates Blog","og_description":"Conhe\u00e7a o curso de Terapia Ocupacional da Univates. Saiba mais sobre a nova gradua\u00e7\u00e3o oferecida pela nossa Universidade.","og_url":"https:\/\/www.univates.br\/blog\/terapia-ocupacional-univates\/","og_site_name":"Univates Blog","article_published_time":"2025-01-13T18:43:19+00:00","article_modified_time":"2025-11-25T13:40:14+00:00","og_image":[{"width":5184,"height":3456,"url":"https:\/\/www.univates.br\/blog\/wp-content\/uploads\/2025\/01\/Imagens-posts-blog-77.jpg","type":"image\/jpeg"}],"author":"Marketing Univates","twitter_card":"summary_large_image","twitter_misc":{"Escrito por":"Marketing Univates","Est. tempo de leitura":"6 minutos"},"schema":{"@context":"https:\/\/schema.org","@graph":[{"@type":"Article","@id":"https:\/\/www.univates.br\/blog\/terapia-ocupacional-univates\/#article","isPartOf":{"@id":"https:\/\/www.univates.br\/blog\/terapia-ocupacional-univates\/"},"author":{"name":"Marketing Univates","@id":"https:\/\/www.univates.br\/blog\/#\/schema\/person\/15c63917440cc5e70160c247b309af2f"},"headline":"Conhe\u00e7a o curso de Terapia Ocupacional da Univates","datePublished":"2025-01-13T18:43:19+00:00","dateModified":"2025-11-25T13:40:14+00:00","mainEntityOfPage":{"@id":"https:\/\/www.univates.br\/blog\/terapia-ocupacional-univates\/"},"wordCount":883,"commentCount":0,"image":{"@id":"https:\/\/www.univates.br\/blog\/terapia-ocupacional-univates\/#primaryimage"},"thumbnailUrl":"https:\/\/www.univates.br\/blog\/wp-content\/uploads\/2025\/01\/Imagens-posts-blog-77.jpg","articleSection":["Univates"],"inLanguage":"pt-BR","potentialAction":[{"@type":"CommentAction","name":"Comment","target":["https:\/\/www.univates.br\/blog\/terapia-ocupacional-univates\/#respond"]}]},{"@type":"WebPage","@id":"https:\/\/www.univates.br\/blog\/terapia-ocupacional-univates\/","url":"https:\/\/www.univates.br\/blog\/terapia-ocupacional-univates\/","name":"Conhe\u00e7a o curso de Terapia Ocupacional da Univates - Univates Blog","isPartOf":{"@id":"https:\/\/www.univates.br\/blog\/#website"},"primaryImageOfPage":{"@id":"https:\/\/www.univates.br\/blog\/terapia-ocupacional-univates\/#primaryimage"},"image":{"@id":"https:\/\/www.univates.br\/blog\/terapia-ocupacional-univates\/#primaryimage"},"thumbnailUrl":"https:\/\/www.univates.br\/blog\/wp-content\/uploads\/2025\/01\/Imagens-posts-blog-77.jpg","datePublished":"2025-01-13T18:43:19+00:00","dateModified":"2025-11-25T13:40:14+00:00","author":{"@id":"https:\/\/www.univates.br\/blog\/#\/schema\/person\/15c63917440cc5e70160c247b309af2f"},"description":"Conhe\u00e7a o curso de Terapia Ocupacional da Univates. Saiba mais sobre a nova gradua\u00e7\u00e3o oferecida pela nossa Universidade.","breadcrumb":{"@id":"https:\/\/www.univates.br\/blog\/terapia-ocupacional-univates\/#breadcrumb"},"inLanguage":"pt-BR","potentialAction":[{"@type":"ReadAction","target":["https:\/\/www.univates.br\/blog\/terapia-ocupacional-univates\/"]}]},{"@type":"ImageObject","inLanguage":"pt-BR","@id":"https:\/\/www.univates.br\/blog\/terapia-ocupacional-univates\/#primaryimage","url":"https:\/\/www.univates.br\/blog\/wp-content\/uploads\/2025\/01\/Imagens-posts-blog-77.jpg","contentUrl":"https:\/\/www.univates.br\/blog\/wp-content\/uploads\/2025\/01\/Imagens-posts-blog-77.jpg","width":5184,"height":3456,"caption":"Foto: Divulga\u00e7\u00e3o\/Pexels."},{"@type":"BreadcrumbList","@id":"https:\/\/www.univates.br\/blog\/terapia-ocupacional-univates\/#breadcrumb","itemListElement":[{"@type":"ListItem","position":1,"name":"Home","item":"https:\/\/www.univates.br\/blog\/"},{"@type":"ListItem","position":2,"name":"Conhe\u00e7a o curso de Terapia Ocupacional da Univates"}]},{"@type":"WebSite","@id":"https:\/\/www.univates.br\/blog\/#website","url":"https:\/\/www.univates.br\/blog\/","name":"Univates Blog","description":"","potentialAction":[{"@type":"SearchAction","target":{"@type":"EntryPoint","urlTemplate":"https:\/\/www.univates.br\/blog\/?s={search_term_string}"},"query-input":{"@type":"PropertyValueSpecification","valueRequired":true,"valueName":"search_term_string"}}],"inLanguage":"pt-BR"},{"@type":"Person","@id":"https:\/\/www.univates.br\/blog\/#\/schema\/person\/15c63917440cc5e70160c247b309af2f","name":"Marketing Univates","image":{"@type":"ImageObject","inLanguage":"pt-BR","@id":"https:\/\/secure.gravatar.com\/avatar\/511f9e77a6a3d0cddd9074f69a722364bc7f787e73d4a0da1f727ba62704eda4?s=96&d=mm&r=g","url":"https:\/\/secure.gravatar.com\/avatar\/511f9e77a6a3d0cddd9074f69a722364bc7f787e73d4a0da1f727ba62704eda4?s=96&d=mm&r=g","contentUrl":"https:\/\/secure.gravatar.com\/avatar\/511f9e77a6a3d0cddd9074f69a722364bc7f787e73d4a0da1f727ba62704eda4?s=96&d=mm&r=g","caption":"Marketing Univates"},"sameAs":["http:\/\/univates.br"],"url":"https:\/\/www.univates.br\/blog\/author\/marketing\/"}]}},"_links":{"self":[{"href":"https:\/\/www.univates.br\/blog\/wp-json\/wp\/v2\/posts\/6017","targetHints":{"allow":["GET"]}}],"collection":[{"href":"https:\/\/www.univates.br\/blog\/wp-json\/wp\/v2\/posts"}],"about":[{"href":"https:\/\/www.univates.br\/blog\/wp-json\/wp\/v2\/types\/post"}],"author":[{"embeddable":true,"href":"https:\/\/www.univates.br\/blog\/wp-json\/wp\/v2\/users\/2"}],"replies":[{"embeddable":true,"href":"https:\/\/www.univates.br\/blog\/wp-json\/wp\/v2\/comments?post=6017"}],"version-history":[{"count":7,"href":"https:\/\/www.univates.br\/blog\/wp-json\/wp\/v2\/posts\/6017\/revisions"}],"predecessor-version":[{"id":7199,"href":"https:\/\/www.univates.br\/blog\/wp-json\/wp\/v2\/posts\/6017\/revisions\/7199"}],"wp:attachment":[{"href":"https:\/\/www.univates.br\/blog\/wp-json\/wp\/v2\/media?parent=6017"}],"wp:term":[{"taxonomy":"category","embeddable":true,"href":"https:\/\/www.univates.br\/blog\/wp-json\/wp\/v2\/categories?post=6017"}],"curies":[{"name":"wp","href":"https:\/\/api.w.org\/{rel}","templated":true}]}}