{"id":6086,"date":"2025-02-06T16:01:13","date_gmt":"2025-02-06T19:01:13","guid":{"rendered":"https:\/\/www.univates.br\/blog\/?p=6086"},"modified":"2025-02-06T16:01:13","modified_gmt":"2025-02-06T19:01:13","slug":"acessibilidade-e-inclusao","status":"publish","type":"post","link":"https:\/\/www.univates.br\/blog\/acessibilidade-e-inclusao\/","title":{"rendered":"Saiba mais sobre acessibilidade e inclus\u00e3o na universidade"},"content":{"rendered":"\n<p>Saiba mais sobre acessibilidade e inclus\u00e3o na universidade. Garantir que todos os estudantes tenham as mesmas oportunidades \u00e9 fundamental para promover um ensino justo e acolhedor. Mas como ser\u00e1 que isso acontece na pr\u00e1tica?<\/p>\n\n\n\n<p>Para ajudar voc\u00ea a descobrir, preparamos um <em>post<\/em> com informa\u00e7\u00f5es sobre iniciativas que s\u00e3o desenvolvidas por institui\u00e7\u00f5es que buscam tornar o ambiente acad\u00eamico mais acess\u00edvel e inclusivo. Leia nosso conte\u00fado para conhecer a\u00e7\u00f5es que realmente fazem a diferen\u00e7a na vida dos universit\u00e1rios! \ud83c\udf92\ud83d\ude0d<\/p>\n\n\n\n<p><a href=\"https:\/\/www.univates.br\/blog\/como-mudar-o-mundo-com-10-pequenas-atitudes\/\">Como mudar o mundo com 10 pequenas atitudes<\/a><\/p>\n\n\n<div class=\"wp-block-image\">\n<figure class=\"aligncenter size-full\"><img loading=\"lazy\" decoding=\"async\" width=\"5184\" height=\"3456\" src=\"https:\/\/www.univates.br\/blog\/wp-content\/uploads\/2025\/02\/Imagens-posts-blog-93.jpg\" alt=\"Saiba mais sobre acessibilidade e inclus\u00e3o na universidade.\" class=\"wp-image-6087\"\/><figcaption class=\"wp-element-caption\">Foto: Divulga\u00e7\u00e3o\/Pexels<\/figcaption><\/figure>\n<\/div>\n\n\n<h2 class=\"wp-block-heading\"><strong>Os significados dos termos acessibilidade e inclus\u00e3o<\/strong><\/h2>\n\n\n\n<div class=\"wp-block-media-text is-stacked-on-mobile\"><figure class=\"wp-block-media-text__media\"><img loading=\"lazy\" decoding=\"async\" width=\"5184\" height=\"3456\" src=\"https:\/\/www.univates.br\/blog\/wp-content\/uploads\/2025\/02\/Imagens-posts-blog-94.jpg\" alt=\"\" class=\"wp-image-6088 size-full\"\/><\/figure><div class=\"wp-block-media-text__content\">\n<p><\/p>\n\n\n\n<p>Antes de entender como as universidades promovem a acessibilidade e a inclus\u00e3o, \u00e9 importante saber o que esses termos significam. <strong>Acessibilidade<\/strong> refere-se \u00e0 elimina\u00e7\u00e3o de barreiras f\u00edsicas, comunicacionais e digitais, garantindo que todas as pessoas possam usufruir dos espa\u00e7os e servi\u00e7os de maneira aut\u00f4noma (ou seja, sem a necessidade de assist\u00eancia externa).<\/p>\n<\/div><\/div>\n\n\n\n<p>J\u00e1 a <strong>inclus\u00e3o<\/strong> vai al\u00e9m, pois envolve a cria\u00e7\u00e3o de um ambiente verdadeiramente acolhedor, onde todos se sintam pertencentes e tenham igualdade de oportunidades.<\/p>\n\n\n\n<p>Enquanto a acessibilidade est\u00e1 relacionada \u00e0s condi\u00e7\u00f5es que permitem a participa\u00e7\u00e3o plena dos indiv\u00edduos com defici\u00eancia ou necessidades espec\u00edficas, a inclus\u00e3o abrange tamb\u00e9m aspectos sociais e culturais. Dessa forma, uma universidade acess\u00edvel n\u00e3o \u00e9 necessariamente inclusiva, mas <strong><em>uma universidade verdadeiramente inclusiva precisa ser acess\u00edvel<\/em><\/strong>.<\/p>\n\n\n\n<h2 class=\"wp-block-heading\"><strong>Como as universidades promovem a acessibilidade e a inclus\u00e3o?\u00a0<\/strong><\/h2>\n\n\n\n<div class=\"wp-block-media-text is-stacked-on-mobile\"><figure class=\"wp-block-media-text__media\"><img loading=\"lazy\" decoding=\"async\" width=\"5184\" height=\"3456\" src=\"https:\/\/www.univates.br\/blog\/wp-content\/uploads\/2025\/02\/Imagens-posts-blog-96.jpg\" alt=\"\" class=\"wp-image-6092 size-full\"\/><\/figure><div class=\"wp-block-media-text__content\">\n<p>Para promover a acessibilidade e a inclus\u00e3o, as universidades desenvolvem diversas a\u00e7\u00f5es pr\u00e1ticas, cada uma focada em eliminar obst\u00e1culos e garantir a igualdade de oportunidades. Uma das iniciativas mais comuns \u00e9 a adapta\u00e7\u00e3o f\u00edsica dos espa\u00e7os.<\/p>\n<\/div><\/div>\n\n\n\n<p>Isso inclui a instala\u00e7\u00e3o de rampas de acesso, elevadores adaptados, banheiros acess\u00edveis e sinaliza\u00e7\u00e3o adequada para pessoas com defici\u00eancia visual. Al\u00e9m disso, muitos pr\u00e9dios s\u00e3o projetados para garantir o f\u00e1cil acesso a indiv\u00edduos com mobilidade reduzida.<\/p>\n\n\n\n<p>No que diz respeito \u00e0 comunica\u00e7\u00e3o, muitas universidades implementam recursos como int\u00e9rpretes de Libras (L\u00edngua Brasileira de Sinais), legendagem em eventos, <a href=\"https:\/\/www.univates.br\/blog\/designer-educacional\/\">materiais did\u00e1ticos<\/a> em formatos acess\u00edveis (como \u00e1udio ou braille) e <em>softwares<\/em> de leitura de tela. Essas medidas s\u00e3o fundamentais, visto que permitem que estudantes cegos, surdos ou com defici\u00eancias cognitivas participem plenamente das atividades acad\u00eamicas, desde aulas at\u00e9 eventos extracurriculares, sem que suas necessidades espec\u00edficas se tornem um obst\u00e1culo.<\/p>\n\n\n\n<p>Algumas universidades tamb\u00e9m oferecem servi\u00e7os de apoio pedag\u00f3gico e psicol\u00f3gico, como tutorias especializadas, aulas de refor\u00e7o e acompanhamento individualizado. Essas a\u00e7\u00f5es s\u00e3o importantes para estudantes com necessidades espec\u00edficas de aprendizagem ou que enfrentam desafios emocionais, uma vez que favorecem o desenvolvimento de estrat\u00e9gias personalizadas para lidar com as dificuldades.<\/p>\n\n\n\n<p><a href=\"https:\/\/www.univates.br\/blog\/como-superar-desafios-no-ensino-superior\/\">Como superar dificuldades de aprendizagem no ensino superior?<\/a><\/p>\n\n\n\n<p><a href=\"https:\/\/www.univates.br\/blog\/estudos-e-saude-mental-como-equilibrar\/\">Estudos e sa\u00fade mental: como equilibr\u00e1-los para melhorar a aprendizagem?<\/a><\/p>\n\n\n<div class=\"wp-block-image\">\n<figure class=\"aligncenter size-full\"><img loading=\"lazy\" decoding=\"async\" width=\"5184\" height=\"3456\" src=\"https:\/\/www.univates.br\/blog\/wp-content\/uploads\/2025\/02\/Imagens-posts-blog-95-1.jpg\" alt=\"\" class=\"wp-image-6095\"\/><figcaption class=\"wp-element-caption\">Foto: Divulga\u00e7\u00e3o\/Pexels<\/figcaption><\/figure>\n<\/div>\n\n\n<h2 class=\"wp-block-heading\"><strong>Conhe\u00e7a o N\u00facleo de Acessibilidade da Univates\u00a0<\/strong><\/h2>\n\n\n\n<p>Assim como toda a universidade que preza pelo bem-estar de seus alunos, a Univates tamb\u00e9m investe em iniciativas voltadas para a acessibilidade e a inclus\u00e3o, garantindo que todos os estudantes tenham condi\u00e7\u00f5es de participar ativamente da vida acad\u00eamica.<\/p>\n\n\n\n<p>Por meio do seu N\u00facleo de Acessibilidade, a Institui\u00e7\u00e3o centraliza e orienta a\u00e7\u00f5es de inclus\u00e3o voltadas ao acesso, \u00e0 perman\u00eancia e \u00e0 participa\u00e7\u00e3o de pessoas com defici\u00eancia nas atividades acad\u00eamicas. Al\u00e9m disso, o N\u00facleo atua desenvolvendo planos para eliminar barreiras e promover a acessibilidade arquitet\u00f4nica, atitudinal, pedag\u00f3gica, digital e nas comunica\u00e7\u00f5es.<\/p>\n\n\n\n<p>Clique <a href=\"https:\/\/www.univates.br\/institucional\/acessibilidade\/nucleo-de-acessibilidade\">aqui<\/a> para saber mais sobre as a\u00e7\u00f5es e os projetos do N\u00facleo de Acessibilidade e entender como essas iniciativas contribuem para garantir a igualdade de oportunidades na Uni. \ud83d\udc99<\/p>\n\n\n\n<p><a href=\"https:\/\/www.univates.br\/blog\/aluno-de-design-cria-proposta-de-sinalizacao-para-deficientes-visuais\/\">Aluno de <em>Design<\/em> cria proposta de sinaliza\u00e7\u00e3o para deficientes visuais<\/a><\/p>\n\n\n\n<p><a href=\"https:\/\/www.univates.br\/blog\/bolsa-de-estudo-ajudarinho\/\">Como conseguir uma bolsa de estudo do Programa Ajudarinho?<\/a><\/p>\n\n\n\n<h2 class=\"wp-block-heading\">Fim \ud83d\udc99<\/h2>\n\n\n\n<p>A inclus\u00e3o e a acessibilidade s\u00e3o pilares essenciais para uma educa\u00e7\u00e3o de qualidade, e cada passo dado para eliminar barreiras contribui para a constru\u00e7\u00e3o de uma sociedade mais justa e igualit\u00e1ria. A universidade deve ser um espa\u00e7o de acolhimento, onde todos t\u00eam a oportunidade de crescer, aprender e se desenvolver. Lembre-se de que, quando trabalhamos juntos para promover a inclus\u00e3o, estamos, na verdade, moldando um futuro melhor para todos! \ud83e\udd17\ud83d\udc4f<\/p>\n","protected":false},"excerpt":{"rendered":"<p>Saiba mais sobre acessibilidade e inclus\u00e3o na universidade. Garantir que todos os estudantes tenham as mesmas oportunidades \u00e9 fundamental para promover um ensino justo e acolhedor. Mas como ser\u00e1 que isso acontece na pr\u00e1tica? Para ajudar voc\u00ea a descobrir, preparamos\u2026<\/p>\n","protected":false},"author":2,"featured_media":0,"comment_status":"open","ping_status":"open","sticky":false,"template":"","format":"standard","meta":{"_acf_changed":false,"footnotes":""},"categories":[23],"class_list":["post-6086","post","type-post","status-publish","format-standard","hentry","category-estudos","autor-lais-pontin-matos"],"acf":[],"yoast_head":"<!-- This site is optimized with the Yoast SEO plugin v27.3 - https:\/\/yoast.com\/product\/yoast-seo-wordpress\/ -->\n<title>Saiba mais sobre acessibilidade e inclus\u00e3o na universidade - Univates Blog<\/title>\n<meta name=\"description\" content=\"Saiba mais sobre acessibilidade e inclus\u00e3o na universidade. Conhe\u00e7a a\u00e7\u00f5es realizadas para promover a igualdade de oportunidades na academia.\" \/>\n<meta name=\"robots\" content=\"index, follow, max-snippet:-1, max-image-preview:large, max-video-preview:-1\" \/>\n<link rel=\"canonical\" href=\"https:\/\/www.univates.br\/blog\/acessibilidade-e-inclusao\/\" \/>\n<meta property=\"og:locale\" content=\"pt_BR\" \/>\n<meta property=\"og:type\" content=\"article\" \/>\n<meta property=\"og:title\" content=\"Saiba mais sobre acessibilidade e inclus\u00e3o na universidade - Univates Blog\" \/>\n<meta property=\"og:description\" content=\"Saiba mais sobre acessibilidade e inclus\u00e3o na universidade. Conhe\u00e7a a\u00e7\u00f5es realizadas para promover a igualdade de oportunidades na academia.\" \/>\n<meta property=\"og:url\" content=\"https:\/\/www.univates.br\/blog\/acessibilidade-e-inclusao\/\" \/>\n<meta property=\"og:site_name\" content=\"Univates Blog\" \/>\n<meta property=\"article:published_time\" content=\"2025-02-06T19:01:13+00:00\" \/>\n<meta property=\"og:image\" content=\"https:\/\/www.univates.br\/blog\/wp-content\/uploads\/2025\/02\/Imagens-posts-blog-93.jpg\" \/>\n<meta name=\"author\" content=\"Marketing Univates\" \/>\n<meta name=\"twitter:card\" content=\"summary_large_image\" \/>\n<meta name=\"twitter:label1\" content=\"Escrito por\" \/>\n\t<meta name=\"twitter:data1\" content=\"Marketing Univates\" \/>\n\t<meta name=\"twitter:label2\" content=\"Est. tempo de leitura\" \/>\n\t<meta name=\"twitter:data2\" content=\"5 minutos\" \/>\n<script type=\"application\/ld+json\" class=\"yoast-schema-graph\">{\"@context\":\"https:\\\/\\\/schema.org\",\"@graph\":[{\"@type\":\"Article\",\"@id\":\"https:\\\/\\\/www.univates.br\\\/blog\\\/acessibilidade-e-inclusao\\\/#article\",\"isPartOf\":{\"@id\":\"https:\\\/\\\/www.univates.br\\\/blog\\\/acessibilidade-e-inclusao\\\/\"},\"author\":{\"name\":\"Marketing Univates\",\"@id\":\"https:\\\/\\\/www.univates.br\\\/blog\\\/#\\\/schema\\\/person\\\/15c63917440cc5e70160c247b309af2f\"},\"headline\":\"Saiba mais sobre acessibilidade e inclus\u00e3o na universidade\",\"datePublished\":\"2025-02-06T19:01:13+00:00\",\"mainEntityOfPage\":{\"@id\":\"https:\\\/\\\/www.univates.br\\\/blog\\\/acessibilidade-e-inclusao\\\/\"},\"wordCount\":751,\"commentCount\":0,\"image\":{\"@id\":\"https:\\\/\\\/www.univates.br\\\/blog\\\/acessibilidade-e-inclusao\\\/#primaryimage\"},\"thumbnailUrl\":\"https:\\\/\\\/www.univates.br\\\/blog\\\/wp-content\\\/uploads\\\/2025\\\/02\\\/Imagens-posts-blog-93.jpg\",\"articleSection\":[\"Estudos\"],\"inLanguage\":\"pt-BR\",\"potentialAction\":[{\"@type\":\"CommentAction\",\"name\":\"Comment\",\"target\":[\"https:\\\/\\\/www.univates.br\\\/blog\\\/acessibilidade-e-inclusao\\\/#respond\"]}]},{\"@type\":\"WebPage\",\"@id\":\"https:\\\/\\\/www.univates.br\\\/blog\\\/acessibilidade-e-inclusao\\\/\",\"url\":\"https:\\\/\\\/www.univates.br\\\/blog\\\/acessibilidade-e-inclusao\\\/\",\"name\":\"Saiba mais sobre acessibilidade e inclus\u00e3o na universidade - Univates Blog\",\"isPartOf\":{\"@id\":\"https:\\\/\\\/www.univates.br\\\/blog\\\/#website\"},\"primaryImageOfPage\":{\"@id\":\"https:\\\/\\\/www.univates.br\\\/blog\\\/acessibilidade-e-inclusao\\\/#primaryimage\"},\"image\":{\"@id\":\"https:\\\/\\\/www.univates.br\\\/blog\\\/acessibilidade-e-inclusao\\\/#primaryimage\"},\"thumbnailUrl\":\"https:\\\/\\\/www.univates.br\\\/blog\\\/wp-content\\\/uploads\\\/2025\\\/02\\\/Imagens-posts-blog-93.jpg\",\"datePublished\":\"2025-02-06T19:01:13+00:00\",\"author\":{\"@id\":\"https:\\\/\\\/www.univates.br\\\/blog\\\/#\\\/schema\\\/person\\\/15c63917440cc5e70160c247b309af2f\"},\"description\":\"Saiba mais sobre acessibilidade e inclus\u00e3o na universidade. Conhe\u00e7a a\u00e7\u00f5es realizadas para promover a igualdade de oportunidades na academia.\",\"breadcrumb\":{\"@id\":\"https:\\\/\\\/www.univates.br\\\/blog\\\/acessibilidade-e-inclusao\\\/#breadcrumb\"},\"inLanguage\":\"pt-BR\",\"potentialAction\":[{\"@type\":\"ReadAction\",\"target\":[\"https:\\\/\\\/www.univates.br\\\/blog\\\/acessibilidade-e-inclusao\\\/\"]}]},{\"@type\":\"ImageObject\",\"inLanguage\":\"pt-BR\",\"@id\":\"https:\\\/\\\/www.univates.br\\\/blog\\\/acessibilidade-e-inclusao\\\/#primaryimage\",\"url\":\"https:\\\/\\\/www.univates.br\\\/blog\\\/wp-content\\\/uploads\\\/2025\\\/02\\\/Imagens-posts-blog-93.jpg\",\"contentUrl\":\"https:\\\/\\\/www.univates.br\\\/blog\\\/wp-content\\\/uploads\\\/2025\\\/02\\\/Imagens-posts-blog-93.jpg\",\"width\":5184,\"height\":3456,\"caption\":\"Foto: Divulga\u00e7\u00e3o\\\/Pexels.\"},{\"@type\":\"BreadcrumbList\",\"@id\":\"https:\\\/\\\/www.univates.br\\\/blog\\\/acessibilidade-e-inclusao\\\/#breadcrumb\",\"itemListElement\":[{\"@type\":\"ListItem\",\"position\":1,\"name\":\"Home\",\"item\":\"https:\\\/\\\/www.univates.br\\\/blog\\\/\"},{\"@type\":\"ListItem\",\"position\":2,\"name\":\"Saiba mais sobre acessibilidade e inclus\u00e3o na universidade\"}]},{\"@type\":\"WebSite\",\"@id\":\"https:\\\/\\\/www.univates.br\\\/blog\\\/#website\",\"url\":\"https:\\\/\\\/www.univates.br\\\/blog\\\/\",\"name\":\"Univates Blog\",\"description\":\"\",\"potentialAction\":[{\"@type\":\"SearchAction\",\"target\":{\"@type\":\"EntryPoint\",\"urlTemplate\":\"https:\\\/\\\/www.univates.br\\\/blog\\\/?s={search_term_string}\"},\"query-input\":{\"@type\":\"PropertyValueSpecification\",\"valueRequired\":true,\"valueName\":\"search_term_string\"}}],\"inLanguage\":\"pt-BR\"},{\"@type\":\"Person\",\"@id\":\"https:\\\/\\\/www.univates.br\\\/blog\\\/#\\\/schema\\\/person\\\/15c63917440cc5e70160c247b309af2f\",\"name\":\"Marketing Univates\",\"image\":{\"@type\":\"ImageObject\",\"inLanguage\":\"pt-BR\",\"@id\":\"https:\\\/\\\/secure.gravatar.com\\\/avatar\\\/511f9e77a6a3d0cddd9074f69a722364bc7f787e73d4a0da1f727ba62704eda4?s=96&d=mm&r=g\",\"url\":\"https:\\\/\\\/secure.gravatar.com\\\/avatar\\\/511f9e77a6a3d0cddd9074f69a722364bc7f787e73d4a0da1f727ba62704eda4?s=96&d=mm&r=g\",\"contentUrl\":\"https:\\\/\\\/secure.gravatar.com\\\/avatar\\\/511f9e77a6a3d0cddd9074f69a722364bc7f787e73d4a0da1f727ba62704eda4?s=96&d=mm&r=g\",\"caption\":\"Marketing Univates\"},\"sameAs\":[\"http:\\\/\\\/univates.br\"],\"url\":\"https:\\\/\\\/www.univates.br\\\/blog\\\/author\\\/marketing\\\/\"}]}<\/script>\n<!-- \/ Yoast SEO plugin. -->","yoast_head_json":{"title":"Saiba mais sobre acessibilidade e inclus\u00e3o na universidade - Univates Blog","description":"Saiba mais sobre acessibilidade e inclus\u00e3o na universidade. Conhe\u00e7a a\u00e7\u00f5es realizadas para promover a igualdade de oportunidades na academia.","robots":{"index":"index","follow":"follow","max-snippet":"max-snippet:-1","max-image-preview":"max-image-preview:large","max-video-preview":"max-video-preview:-1"},"canonical":"https:\/\/www.univates.br\/blog\/acessibilidade-e-inclusao\/","og_locale":"pt_BR","og_type":"article","og_title":"Saiba mais sobre acessibilidade e inclus\u00e3o na universidade - Univates Blog","og_description":"Saiba mais sobre acessibilidade e inclus\u00e3o na universidade. Conhe\u00e7a a\u00e7\u00f5es realizadas para promover a igualdade de oportunidades na academia.","og_url":"https:\/\/www.univates.br\/blog\/acessibilidade-e-inclusao\/","og_site_name":"Univates Blog","article_published_time":"2025-02-06T19:01:13+00:00","og_image":[{"url":"https:\/\/www.univates.br\/blog\/wp-content\/uploads\/2025\/02\/Imagens-posts-blog-93.jpg","type":"","width":"","height":""}],"author":"Marketing Univates","twitter_card":"summary_large_image","twitter_misc":{"Escrito por":"Marketing Univates","Est. tempo de leitura":"5 minutos"},"schema":{"@context":"https:\/\/schema.org","@graph":[{"@type":"Article","@id":"https:\/\/www.univates.br\/blog\/acessibilidade-e-inclusao\/#article","isPartOf":{"@id":"https:\/\/www.univates.br\/blog\/acessibilidade-e-inclusao\/"},"author":{"name":"Marketing Univates","@id":"https:\/\/www.univates.br\/blog\/#\/schema\/person\/15c63917440cc5e70160c247b309af2f"},"headline":"Saiba mais sobre acessibilidade e inclus\u00e3o na universidade","datePublished":"2025-02-06T19:01:13+00:00","mainEntityOfPage":{"@id":"https:\/\/www.univates.br\/blog\/acessibilidade-e-inclusao\/"},"wordCount":751,"commentCount":0,"image":{"@id":"https:\/\/www.univates.br\/blog\/acessibilidade-e-inclusao\/#primaryimage"},"thumbnailUrl":"https:\/\/www.univates.br\/blog\/wp-content\/uploads\/2025\/02\/Imagens-posts-blog-93.jpg","articleSection":["Estudos"],"inLanguage":"pt-BR","potentialAction":[{"@type":"CommentAction","name":"Comment","target":["https:\/\/www.univates.br\/blog\/acessibilidade-e-inclusao\/#respond"]}]},{"@type":"WebPage","@id":"https:\/\/www.univates.br\/blog\/acessibilidade-e-inclusao\/","url":"https:\/\/www.univates.br\/blog\/acessibilidade-e-inclusao\/","name":"Saiba mais sobre acessibilidade e inclus\u00e3o na universidade - Univates Blog","isPartOf":{"@id":"https:\/\/www.univates.br\/blog\/#website"},"primaryImageOfPage":{"@id":"https:\/\/www.univates.br\/blog\/acessibilidade-e-inclusao\/#primaryimage"},"image":{"@id":"https:\/\/www.univates.br\/blog\/acessibilidade-e-inclusao\/#primaryimage"},"thumbnailUrl":"https:\/\/www.univates.br\/blog\/wp-content\/uploads\/2025\/02\/Imagens-posts-blog-93.jpg","datePublished":"2025-02-06T19:01:13+00:00","author":{"@id":"https:\/\/www.univates.br\/blog\/#\/schema\/person\/15c63917440cc5e70160c247b309af2f"},"description":"Saiba mais sobre acessibilidade e inclus\u00e3o na universidade. Conhe\u00e7a a\u00e7\u00f5es realizadas para promover a igualdade de oportunidades na academia.","breadcrumb":{"@id":"https:\/\/www.univates.br\/blog\/acessibilidade-e-inclusao\/#breadcrumb"},"inLanguage":"pt-BR","potentialAction":[{"@type":"ReadAction","target":["https:\/\/www.univates.br\/blog\/acessibilidade-e-inclusao\/"]}]},{"@type":"ImageObject","inLanguage":"pt-BR","@id":"https:\/\/www.univates.br\/blog\/acessibilidade-e-inclusao\/#primaryimage","url":"https:\/\/www.univates.br\/blog\/wp-content\/uploads\/2025\/02\/Imagens-posts-blog-93.jpg","contentUrl":"https:\/\/www.univates.br\/blog\/wp-content\/uploads\/2025\/02\/Imagens-posts-blog-93.jpg","width":5184,"height":3456,"caption":"Foto: Divulga\u00e7\u00e3o\/Pexels."},{"@type":"BreadcrumbList","@id":"https:\/\/www.univates.br\/blog\/acessibilidade-e-inclusao\/#breadcrumb","itemListElement":[{"@type":"ListItem","position":1,"name":"Home","item":"https:\/\/www.univates.br\/blog\/"},{"@type":"ListItem","position":2,"name":"Saiba mais sobre acessibilidade e inclus\u00e3o na universidade"}]},{"@type":"WebSite","@id":"https:\/\/www.univates.br\/blog\/#website","url":"https:\/\/www.univates.br\/blog\/","name":"Univates Blog","description":"","potentialAction":[{"@type":"SearchAction","target":{"@type":"EntryPoint","urlTemplate":"https:\/\/www.univates.br\/blog\/?s={search_term_string}"},"query-input":{"@type":"PropertyValueSpecification","valueRequired":true,"valueName":"search_term_string"}}],"inLanguage":"pt-BR"},{"@type":"Person","@id":"https:\/\/www.univates.br\/blog\/#\/schema\/person\/15c63917440cc5e70160c247b309af2f","name":"Marketing Univates","image":{"@type":"ImageObject","inLanguage":"pt-BR","@id":"https:\/\/secure.gravatar.com\/avatar\/511f9e77a6a3d0cddd9074f69a722364bc7f787e73d4a0da1f727ba62704eda4?s=96&d=mm&r=g","url":"https:\/\/secure.gravatar.com\/avatar\/511f9e77a6a3d0cddd9074f69a722364bc7f787e73d4a0da1f727ba62704eda4?s=96&d=mm&r=g","contentUrl":"https:\/\/secure.gravatar.com\/avatar\/511f9e77a6a3d0cddd9074f69a722364bc7f787e73d4a0da1f727ba62704eda4?s=96&d=mm&r=g","caption":"Marketing Univates"},"sameAs":["http:\/\/univates.br"],"url":"https:\/\/www.univates.br\/blog\/author\/marketing\/"}]}},"_links":{"self":[{"href":"https:\/\/www.univates.br\/blog\/wp-json\/wp\/v2\/posts\/6086","targetHints":{"allow":["GET"]}}],"collection":[{"href":"https:\/\/www.univates.br\/blog\/wp-json\/wp\/v2\/posts"}],"about":[{"href":"https:\/\/www.univates.br\/blog\/wp-json\/wp\/v2\/types\/post"}],"author":[{"embeddable":true,"href":"https:\/\/www.univates.br\/blog\/wp-json\/wp\/v2\/users\/2"}],"replies":[{"embeddable":true,"href":"https:\/\/www.univates.br\/blog\/wp-json\/wp\/v2\/comments?post=6086"}],"version-history":[{"count":5,"href":"https:\/\/www.univates.br\/blog\/wp-json\/wp\/v2\/posts\/6086\/revisions"}],"predecessor-version":[{"id":6096,"href":"https:\/\/www.univates.br\/blog\/wp-json\/wp\/v2\/posts\/6086\/revisions\/6096"}],"wp:attachment":[{"href":"https:\/\/www.univates.br\/blog\/wp-json\/wp\/v2\/media?parent=6086"}],"wp:term":[{"taxonomy":"category","embeddable":true,"href":"https:\/\/www.univates.br\/blog\/wp-json\/wp\/v2\/categories?post=6086"}],"curies":[{"name":"wp","href":"https:\/\/api.w.org\/{rel}","templated":true}]}}